{"id":175774,"date":"2020-11-30T05:48:24","date_gmt":"2020-11-30T04:48:24","guid":{"rendered":"https:\/\/www.radiopiu.net\/wordpress\/?p=175774"},"modified":"2020-11-30T08:11:56","modified_gmt":"2020-11-30T07:11:56","slug":"scivola-dal-sentiero-ruzzola-per-200-metri-e-perde-la-vita","status":"publish","type":"post","link":"https:\/\/www.radiopiu.net\/wordpress\/scivola-dal-sentiero-ruzzola-per-200-metri-e-perde-la-vita\/","title":{"rendered":"MUORE IN MONTAGNA DOPO UN RUZZOLONE DI 200 METRI"},"content":{"rendered":"<p><strong><a href=\"https:\/\/www.radiopiu.net\/wordpress\/scivola-dal-sentiero-ruzzola-per-200-metri-e-perde-la-vita\/545f4665-9a52-4d18-a74d-314f3cb21dc5\/\" rel=\"attachment wp-att-175802\"><img loading=\"lazy\" decoding=\"async\" class=\" wp-image-175802 alignleft\" src=\"https:\/\/www.radiopiu.net\/wordpress\/wp-content\/uploads\/2020\/11\/545f4665-9a52-4d18-a74d-314f3cb21dc5-135x300.jpg\" alt=\"\" width=\"96\" height=\"213\" srcset=\"https:\/\/www.radiopiu.net\/wordpress\/wp-content\/uploads\/2020\/11\/545f4665-9a52-4d18-a74d-314f3cb21dc5-135x300.jpg 135w, https:\/\/www.radiopiu.net\/wordpress\/wp-content\/uploads\/2020\/11\/545f4665-9a52-4d18-a74d-314f3cb21dc5-461x1024.jpg 461w, https:\/\/www.radiopiu.net\/wordpress\/wp-content\/uploads\/2020\/11\/545f4665-9a52-4d18-a74d-314f3cb21dc5-691x1536.jpg 691w, https:\/\/www.radiopiu.net\/wordpress\/wp-content\/uploads\/2020\/11\/545f4665-9a52-4d18-a74d-314f3cb21dc5.jpg 720w\" sizes=\"auto, (max-width: 96px) 100vw, 96px\" \/><\/a>PIEVE DI CADORE <\/strong>Incidente mortale ieri pomeriggio a Forcella Antarcisa. Un uomo di 55 anni di Calalzo di Cadore\u00a0 GIUSEPPE DE NARDI ha perso l&#8217;equilibrio scivolando lungo un ripido pendio erboso e ghiacciato. Con lui il compagno che l&#8217;ha visto sparire verso il basso e che non s&#8217;\u00e8 dato pace continuando a chiamarlo e anche scendendo per una quarantina di metri, poi ha dovuto fermarsi contro in albero e dare l&#8217;allarme.<\/p>\n<blockquote><p>L&#8217;eliambulanza si \u00e8 avvicinata e ha imbarcato un soccorritore di Pieve di Cadore, che stava risalendo in fuoristrada con una squadra. Con lui l&#8217;equipaggio ha iniziato a sorvolare il pendio, finch\u00e9, 200 metri circa sotto il sentiero\u00a0 \u00e8 stato individuato il corpo. Sbarcati con un verricello tecnico di elisoccorso, soccorritore e medico, non \u00e8 stato possibile che constatare il decesso dell&#8217;escursionista. La salma \u00e8 stata quindi recuperata e trasportata a Nebbi\u00f9. Il soccorritore rimasto a terra \u00e8 risalito fino dall&#8217;amico, raggiunto dal resto della squadra calatasi con una corda. Dopo essere stato assicurato, l&#8217;uomo \u00e8 stato riportato sul sentiero e da l\u00ec accompagnato a valle.<\/p><\/blockquote>\n","protected":false},"excerpt":{"rendered":"<p>PIEVE DI CADORE Incidente mortale ieri pomeriggio a Forcella Antarcisa. Un uomo di 55 anni di Calalzo di Cadore\u00a0 GIUSEPPE DE NARDI ha perso l&#8217;equilibrio scivolando lungo un ripido pendio erboso e ghiacciato. Con lui il compagno che l&#8217;ha visto sparire verso il basso e che non s&#8217;\u00e8 dato pace continuando a chiamarlo e anche&hellip;<\/p>\n","protected":false},"author":4,"featured_media":175802,"comment_status":"closed","ping_status":"closed","sticky":false,"template":"","format":"standard","meta":{"_monsterinsights_skip_tracking":false,"_monsterinsights_sitenote_active":false,"_monsterinsights_sitenote_note":"","_monsterinsights_sitenote_category":0,"footnotes":""},"categories":[51,49],"tags":[],"class_list":["post-175774","post","type-post","status-publish","format-standard","has-post-thumbnail","hentry","category-evidenza-top","category-news-18","category-51","category-49","description-off"],"img_url":"https:\/\/www.radiopiu.net\/wordpress\/wp-content\/uploads\/2020\/11\/545f4665-9a52-4d18-a74d-314f3cb21dc5.jpg","_links":{"self":[{"href":"https:\/\/www.radiopiu.net\/wordpress\/wp-json\/wp\/v2\/posts\/175774","targetHints":{"allow":["GET"]}}],"collection":[{"href":"https:\/\/www.radiopiu.net\/wordpress\/wp-json\/wp\/v2\/posts"}],"about":[{"href":"https:\/\/www.radiopiu.net\/wordpress\/wp-json\/wp\/v2\/types\/post"}],"author":[{"embeddable":true,"href":"https:\/\/www.radiopiu.net\/wordpress\/wp-json\/wp\/v2\/users\/4"}],"replies":[{"embeddable":true,"href":"https:\/\/www.radiopiu.net\/wordpress\/wp-json\/wp\/v2\/comments?post=175774"}],"version-history":[{"count":0,"href":"https:\/\/www.radiopiu.net\/wordpress\/wp-json\/wp\/v2\/posts\/175774\/revisions"}],"wp:featuredmedia":[{"embeddable":true,"href":"https:\/\/www.radiopiu.net\/wordpress\/wp-json\/wp\/v2\/media\/175802"}],"wp:attachment":[{"href":"https:\/\/www.radiopiu.net\/wordpress\/wp-json\/wp\/v2\/media?parent=175774"}],"wp:term":[{"taxonomy":"category","embeddable":true,"href":"https:\/\/www.radiopiu.net\/wordpress\/wp-json\/wp\/v2\/categories?post=175774"},{"taxonomy":"post_tag","embeddable":true,"href":"https:\/\/www.radiopiu.net\/wordpress\/wp-json\/wp\/v2\/tags?post=175774"}],"curies":[{"name":"wp","href":"https:\/\/api.w.org\/{rel}","templated":true}]}}