{"id":175866,"date":"2020-11-30T11:04:19","date_gmt":"2020-11-30T10:04:19","guid":{"rendered":"https:\/\/www.radiopiu.net\/wordpress\/?p=175866"},"modified":"2020-11-30T11:04:19","modified_gmt":"2020-11-30T10:04:19","slug":"alle-17-consiglio-comunale-anche-di-interrogazioni","status":"publish","type":"post","link":"https:\/\/www.radiopiu.net\/wordpress\/alle-17-consiglio-comunale-anche-di-interrogazioni\/","title":{"rendered":"ALLE 17 CONSIGLIO COMUNALE ANCHE DI INTERROGAZIONI"},"content":{"rendered":"<p><strong>LIVINALLONGO<\/strong> Il sindaco di Livinallongo Leandro Grones ha convocato il consiglio comunale per oggi alle 17. Tra i punti in discussione la decima variazione al bilancio, il nuovo regolamento del Museo Etnografico Ladino Fodom, alienazione terreni comunali in localit\u00e0 Livin\u00e8. Nel corso del consiglio comunale tre interrogazioni del gruppo Fodom Nosta Tiera, 1 centro protezione civile di Arabba, 2 approfondimento centro benessere di Arabba, 3 circa i motivi della condotta seguita durante il consiglio comunale.<\/p>\n<p><strong>INTERPELLANZA AL SINDACO CIRCA I MOTIVI DELLA CONDOTTA SEGUITA<\/strong><br \/>\n<strong>DURANTE IL CONSIGLIO COMUNALE.\u00a0\u00a0 25 novembre 2020<\/strong><\/p>\n<p>L&#8217;interpellanza prende le mosse da un recente consiglio comunale dove, raccontano i consiglieri di minorana Daniela Templari, Silvia De Dorigo Delmonego e Claudio Sorarui <em>&#8220;il\u00a0 Sindaco ha taciuto il neo Assessore al Turismo Francesco Martini e la Consigliera Silvia De Dorigo Delmonego, impedendo alla stessa di esprimere un pensiero e porre delle domande al neo assessore al turismo, riguardo un punto all\u2019ordine del giorno, che aveva altres\u00ec a che fare con l\u2019interrogazione presentata dalla minoranza nei mesi antecedenti&#8221;.<\/em>\u00a0 \u00a0Quindi la domanda: &#8220;<em>di giustificare la condotta del\u00a0 Sindaco, lesiva dei diritti fondamentali dei cittadini italiani previsti dalla costituzione, ed altres\u00ec discriminatori nei confronti del genere femminile; \u00a0che venga rispettato il ruolo della minoranza, cos\u00ec come da sempre avvenuto nella nostra comunit\u00e0 e<\/em><br \/>\n<em>che i Consigli Comunali vengano registrati integralmente al fine di prevenire eventuali futuri<\/em><br \/>\n<em>atti discriminatori, \u00a0che i Consigli Comunali vengano trasmessi in diretta e pubblicati online, al fine di garantire la partecipazione dei cittadini in periodo di emergenza Covid-19. Nel caso si continui a perseverare sulla stessa linea, saremo costretti, tutte le volte che verr\u00e0<\/em><br \/>\n<em>impedito di esprimere alla minoranza il proprio pensiero, di abbandonare l\u2019aula, e gli<\/em><br \/>\n<em>specifici casi verranno portati a conoscenza nelle sedi opportune, e ciascuno sar\u00e0 chiamato a<\/em><br \/>\n<em>rispondere delle proprie responsabilit\u00e0&#8221;.\u00a0<\/em><\/p>\n<p>&nbsp;<\/p>\n<p><strong>INTERROGAZIONE AL SINDACO E ALL\u00b4ASSESSORE AL <\/strong><strong>TURISMO &#8211; Approfondimenti Centro Benessere ad Arabba. 25 novembre 2020<\/strong><\/p>\n<p><em>&#8220;Riteniamo opportuno che il Sindaco renda noto alla popolazione\u00a0 lo studio di sostenibilit\u00e0, al fine di garantire la trasparenza e la chiarezza di tale investimento. Infatti sugli organi di stampa il Sindaco dichiarava la sostenibilit\u00e0 economica e finanziaria del Centro Benessere ad Arabba&#8221;<\/em>. Partendo da questo presupposto i consigliere di minoranza chiedono\u00a0 su quali basi il Sindaco abbia fornito tali notizie alla stampa definendo il Centro Benessere sostenibile dal punto di vista economico finanziario, fintanto che l\u00b4analisi professionale non \u00e8 ancora ultimata e disponibile, nonch\u00e9 di comunicare al Consiglio Comunale chi siano i soggetti terzi interessati alla gestione dello stesso.<\/p>\n<p>&nbsp;<\/p>\n<p><strong>INTERROGAZIONE\u00a0 Centro di Protezione Civile ad Arabba.\u00a0 25 novembre 2020<\/strong><\/p>\n<p>In riferimento al progetto di costruzione di un Centro per la Protezione Civile ad Arabba la minoranza chiede di conoscere la presentazione del progetto e dei relativi finanziamenti. Inoltre la critica: <em>&#8220;Vorremmo\u00a0 far notare che non riteniamo lungimirante, n\u00e9 tantomeno strategica, la scelta della localizzazione di tale struttura. Dato il suo scopo, nonch\u00e9 la sua natura intrinseca, reputiamo che l`ubicazione adatta a tale struttura sia da prevedere decentrata rispetto ai centri abitati, tuttalpi\u00f9 se caratterizzati dalla presenza di flussi turistici ed altres\u00ec pi\u00f9 centrale rispetto all`intero territorio da coprire, al fine di minimizzare i tempi di attesa. Chiediamo infine spiegazioni in merito alla necessit\u00e0 di sostituire i portoni della sede dei Vigili del Fuoco<\/em><br \/>\n<em>esistente, in considerazione del fatto che \u00e8 in previsione la costruzione di una nuova sede&#8221;.<\/em><\/p>\n<p>&nbsp;<\/p>\n","protected":false},"excerpt":{"rendered":"<p>LIVINALLONGO Il sindaco di Livinallongo Leandro Grones ha convocato il consiglio comunale per oggi alle 17. Tra i punti in discussione la decima variazione al bilancio, il nuovo regolamento del Museo Etnografico Ladino Fodom, alienazione terreni comunali in localit\u00e0 Livin\u00e8. Nel corso del consiglio comunale tre interrogazioni del gruppo Fodom Nosta Tiera, 1 centro protezione&hellip;<\/p>\n","protected":false},"author":4,"featured_media":0,"comment_status":"closed","ping_status":"closed","sticky":false,"template":"","format":"standard","meta":{"_monsterinsights_skip_tracking":false,"_monsterinsights_sitenote_active":false,"_monsterinsights_sitenote_note":"","_monsterinsights_sitenote_category":0,"footnotes":""},"categories":[49],"tags":[],"class_list":["post-175866","post","type-post","status-publish","format-standard","hentry","category-news-18","category-49","description-off"],"img_url":false,"_links":{"self":[{"href":"https:\/\/www.radiopiu.net\/wordpress\/wp-json\/wp\/v2\/posts\/175866","targetHints":{"allow":["GET"]}}],"collection":[{"href":"https:\/\/www.radiopiu.net\/wordpress\/wp-json\/wp\/v2\/posts"}],"about":[{"href":"https:\/\/www.radiopiu.net\/wordpress\/wp-json\/wp\/v2\/types\/post"}],"author":[{"embeddable":true,"href":"https:\/\/www.radiopiu.net\/wordpress\/wp-json\/wp\/v2\/users\/4"}],"replies":[{"embeddable":true,"href":"https:\/\/www.radiopiu.net\/wordpress\/wp-json\/wp\/v2\/comments?post=175866"}],"version-history":[{"count":0,"href":"https:\/\/www.radiopiu.net\/wordpress\/wp-json\/wp\/v2\/posts\/175866\/revisions"}],"wp:attachment":[{"href":"https:\/\/www.radiopiu.net\/wordpress\/wp-json\/wp\/v2\/media?parent=175866"}],"wp:term":[{"taxonomy":"category","embeddable":true,"href":"https:\/\/www.radiopiu.net\/wordpress\/wp-json\/wp\/v2\/categories?post=175866"},{"taxonomy":"post_tag","embeddable":true,"href":"https:\/\/www.radiopiu.net\/wordpress\/wp-json\/wp\/v2\/tags?post=175866"}],"curies":[{"name":"wp","href":"https:\/\/api.w.org\/{rel}","templated":true}]}}