{"id":175931,"date":"2020-11-30T13:53:42","date_gmt":"2020-11-30T12:53:42","guid":{"rendered":"https:\/\/www.radiopiu.net\/wordpress\/?p=175931"},"modified":"2020-11-30T13:55:29","modified_gmt":"2020-11-30T12:55:29","slug":"proposta-delle-regioni-alpine-per-le-festivita-impianti-aperti-a-ospiti-di-alberghi-e-seconde-case","status":"publish","type":"post","link":"https:\/\/www.radiopiu.net\/wordpress\/proposta-delle-regioni-alpine-per-le-festivita-impianti-aperti-a-ospiti-di-alberghi-e-seconde-case\/","title":{"rendered":"PROPOSTA DELLE REGIONI ALPINE: PER LE FESTIVIT\u00c0 IMPIANTI APERTI A OSPITI DI ALBERGHI E SECONDE CASE"},"content":{"rendered":"<p class=\"western\" align=\"JUSTIFY\"><strong><a href=\"https:\/\/www.radiopiu.net\/wordpress\/novembre-2019-neve-e-pioggia-record-degli-ultimi-25-anni\/arabba-record-nov2019\/\" rel=\"attachment wp-att-108676\"><img loading=\"lazy\" decoding=\"async\" class=\" wp-image-108676 alignleft\" src=\"https:\/\/www.radiopiu.net\/wordpress\/wp-content\/uploads\/2019\/12\/ARABBA-RECORD-NOV2019-300x195.png\" alt=\"\" width=\"248\" height=\"161\" srcset=\"https:\/\/www.radiopiu.net\/wordpress\/wp-content\/uploads\/2019\/12\/ARABBA-RECORD-NOV2019-300x195.png 300w, https:\/\/www.radiopiu.net\/wordpress\/wp-content\/uploads\/2019\/12\/ARABBA-RECORD-NOV2019-768x500.png 768w, https:\/\/www.radiopiu.net\/wordpress\/wp-content\/uploads\/2019\/12\/ARABBA-RECORD-NOV2019.png 845w\" sizes=\"auto, (max-width: 248px) 100vw, 248px\" \/><\/a>VENEZIA<\/strong>\u00a0<span style=\"font-size: medium;\">Le Regioni Alpinihanno presentato al Governo una proposta di mediazione per evitare un completo tracollo del settore turistico invernale, che prevede, in sintesi, la possibilit\u00e0 di aprire gli impianti di risalita in occasione delle prossime festivit\u00e0 natalizie per gli ospiti degli alberghi e delle seconde case. &#8220;<\/span><i style=\"font-size: medium;\">Delle vacanze di Natale diverse, con la possibilit\u00e0 di sciare solo per chi pernotta almeno una notte nelle diverse destinazioni o per chi possiede o affitta una seconda casa nelle zone sciistiche&#8221; <\/i>Una scelta contro il pendolarismo che pu\u00f2\u00a0 essere un problema in certe giornate.<i style=\"font-size: medium;\">, <\/i><span style=\"font-size: medium;\"><i>\u00abLa soluzione che proponiamo al Governo Conte permette di avviare la stagione invernale con gradualit\u00e0, in questo modo si potranno applicare i protocolli di sicurezza che abbiamo approvato luned\u00ec scorso e metterli alla prova\u00bb <\/i>&#8211; proseguono gli Assessori delle Regioni alpine<i> &#8220;Si tratta di una soluzione ragionevole, da adattare alle esigenze di ciascun territorio. Il Governo ci ascolti, consenta l\u2019apertura degli impianti di risalita con questo criterio e permetta la mobilit\u00e0 regionale&#8221;. <\/i><\/span><span style=\"font-size: medium;\">La proposta degli Assessori delle Regioni alpine di aprire gli impianti per chi soggiorna nelle localit\u00e0 turistiche arriva dopo la constatazione della differenza di vedute tra gli Stati delle Alpi, con la Svizzera fuori dall\u2019Unione Europea gi\u00e0 aperta e l\u2019Austria in procinto di aprire gli impianti.<i> \u00abLa nostra proposta\u00bb \u2013 rimarcano le Regioni \u2013 \u00abnon \u00e8 legata agli aspetti ludici dello sci e dello svago della \u201csettimana bianca\u201d ma, al contrario, deriva da un\u2019attenzione particolare al mondo del lavoro e all\u2019occupazione che l\u2019industria dello sci genera sui nostri territori montani&#8221;.\u00a0\u00a0<\/i><\/span><\/p>\n","protected":false},"excerpt":{"rendered":"<p>VENEZIA\u00a0Le Regioni Alpinihanno presentato al Governo una proposta di mediazione per evitare un completo tracollo del settore turistico invernale, che prevede, in sintesi, la possibilit\u00e0 di aprire gli impianti di risalita in occasione delle prossime festivit\u00e0 natalizie per gli ospiti degli alberghi e delle seconde case. &#8220;Delle vacanze di Natale diverse, con la possibilit\u00e0 di&hellip;<\/p>\n","protected":false},"author":4,"featured_media":70891,"comment_status":"closed","ping_status":"closed","sticky":false,"template":"","format":"standard","meta":{"_monsterinsights_skip_tracking":false,"_monsterinsights_sitenote_active":false,"_monsterinsights_sitenote_note":"","_monsterinsights_sitenote_category":0,"footnotes":""},"categories":[1,49],"tags":[],"class_list":["post-175931","post","type-post","status-publish","format-standard","has-post-thumbnail","hentry","category-senza-categoria","category-news-18","category-1","category-49","description-off"],"img_url":"https:\/\/www.radiopiu.net\/wordpress\/wp-content\/uploads\/2018\/12\/arabba-by-night\u00a9Arabba_Fodom_Turismo0T8A6520.jpg","_links":{"self":[{"href":"https:\/\/www.radiopiu.net\/wordpress\/wp-json\/wp\/v2\/posts\/175931","targetHints":{"allow":["GET"]}}],"collection":[{"href":"https:\/\/www.radiopiu.net\/wordpress\/wp-json\/wp\/v2\/posts"}],"about":[{"href":"https:\/\/www.radiopiu.net\/wordpress\/wp-json\/wp\/v2\/types\/post"}],"author":[{"embeddable":true,"href":"https:\/\/www.radiopiu.net\/wordpress\/wp-json\/wp\/v2\/users\/4"}],"replies":[{"embeddable":true,"href":"https:\/\/www.radiopiu.net\/wordpress\/wp-json\/wp\/v2\/comments?post=175931"}],"version-history":[{"count":0,"href":"https:\/\/www.radiopiu.net\/wordpress\/wp-json\/wp\/v2\/posts\/175931\/revisions"}],"wp:featuredmedia":[{"embeddable":true,"href":"https:\/\/www.radiopiu.net\/wordpress\/wp-json\/wp\/v2\/media\/70891"}],"wp:attachment":[{"href":"https:\/\/www.radiopiu.net\/wordpress\/wp-json\/wp\/v2\/media?parent=175931"}],"wp:term":[{"taxonomy":"category","embeddable":true,"href":"https:\/\/www.radiopiu.net\/wordpress\/wp-json\/wp\/v2\/categories?post=175931"},{"taxonomy":"post_tag","embeddable":true,"href":"https:\/\/www.radiopiu.net\/wordpress\/wp-json\/wp\/v2\/tags?post=175931"}],"curies":[{"name":"wp","href":"https:\/\/api.w.org\/{rel}","templated":true}]}}