{"id":175979,"date":"2020-12-01T05:53:24","date_gmt":"2020-12-01T04:53:24","guid":{"rendered":"https:\/\/www.radiopiu.net\/wordpress\/?p=175979"},"modified":"2020-12-01T06:04:35","modified_gmt":"2020-12-01T05:04:35","slug":"covid-in-provincia-5-decessi-nelle-ultime-ore-193-positivi-in-piu-e-203-ricoevrati-negli-ospedali-cambio-medico-a-borgo-valbelluna","status":"publish","type":"post","link":"https:\/\/www.radiopiu.net\/wordpress\/covid-in-provincia-5-decessi-nelle-ultime-ore-193-positivi-in-piu-e-203-ricoevrati-negli-ospedali-cambio-medico-a-borgo-valbelluna\/","title":{"rendered":"COVID IN PROVINCIA: 5 DECESSI NELLE ULTIME ORE, 193 POSITIVI IN PIU&#8217; E 203 RICOVERATI NEGLI OSPEDALI. CAMBIO MEDICO A BORGO VALBELLUNA E PONTE NELLE ALPI"},"content":{"rendered":"<p><strong><a href=\"https:\/\/www.radiopiu.net\/wordpress\/giornale-radiopiu-10-marzo-2020-direttore-mirko-mezzacasa\/covid-ulss\/\" rel=\"attachment wp-att-121260\"><img loading=\"lazy\" decoding=\"async\" class=\"size-medium wp-image-121260 alignleft\" src=\"https:\/\/www.radiopiu.net\/wordpress\/wp-content\/uploads\/2020\/03\/covid-ulss-300x225.jpg\" alt=\"\" width=\"300\" height=\"225\" srcset=\"https:\/\/www.radiopiu.net\/wordpress\/wp-content\/uploads\/2020\/03\/covid-ulss-300x225.jpg 300w, https:\/\/www.radiopiu.net\/wordpress\/wp-content\/uploads\/2020\/03\/covid-ulss-768x576.jpg 768w, https:\/\/www.radiopiu.net\/wordpress\/wp-content\/uploads\/2020\/03\/covid-ulss.jpg 800w\" sizes=\"auto, (max-width: 300px) 100vw, 300px\" \/><\/a>BELLUNO<\/strong>\u00a05 i decessi nelle ultime ore negli ospedali bellunesi: 2 persone covid positive all\u2019ospedale di Feltre (un uomo di 72 anni ricoverato in rianimazione, e una donna di 89 anni ricoverata in Pneumologia Covid),\u00a0un uomo covid positivo di 89 anni in Pronto Soccorso a Belluno,\u00a0una donna di 96 anni e un uomo di 52 ricoverati nell\u2019ospedale di comunit\u00e0 di Feltre. 193 i nuovi positivi in Ulss 1 Dolomiti (dato aggiornato alle 8). Questa la situazione nei nosocomi della provincia: Ospedale San Martino di Belluno 70 ricoverati in area non critica e 8 in terapia intensiva, Santa Maria del Prato di Feltre 56 in area non critica e 5 in terapia intensiva, ad Agordo 7 in area non critica. Negli ospedali di comunit\u00e0 8 persone positive \u00a0ricoverate ad Agordo, 6 ad Alano, 11 ad Auronzo, 18 a Belluno e 14 a Feltre.<\/p>\n<p>&nbsp;<\/p>\n<blockquote>\n<h3>CAMBIO MEDICO A BORGO VALBELLUNA<\/h3>\n<\/blockquote>\n<p><strong>BORGO VALBELLUNA\u00a0<\/strong> Il Medico di Medicina Generale Giorgio Capraro cesser\u00e0 la sua attivit\u00e0\u00a0 il 31 dicembre. Per poter continuare ad usufruire dell\u2019assistenza medica in forma diretta e gratuita a carico del Servizio Sanitario Nazionale, gli assistiti dovranno effettuare la scelta tra uno dei medici di assistenza primaria: \u00a0Andrea Dall\u2019O\u2019 (Villa di Villa &#8211; Mel), Giuseppe Redetti (Lentiai), Alberto Rossi (Lentiai) e Elena Guerra (Trichiana).La scelta del medico potr\u00e0 essere effettuata inviando una mail \u201cnon pec\u201d all\u2019indirizzo cambiomedico@aulss1.veneto.it<\/p>\n<blockquote>\n<h3>E CAMBIO MEDICO ANCHE A PONTE NELLE ALPI<\/h3>\n<\/blockquote>\n<p><strong>PONTE NELLA ALPI <\/strong>Dal 30 dicembre 2020 cesser\u00e0 l\u2019attivit\u00e0 di Medico la dr.ssa Michela Mazzorana. Attualmente, nel comune di Ponte nelle alpi, hanno disponibilit\u00e0 i medici: De Marchi Margherita (ambulatorio a Ponte nelle Alpi), De Pasqual Fulvio (Paiane), Mares Valentina (Paiane) e Scapol Lisa (Ponte nelle Alpi). La scelta del medico potr\u00e0 essere effettuata inviando una mail \u201cnon pec\u201d all\u2019indirizzo cambiomedico@aulss1.veneto.it<\/p>\n<blockquote>\n<h3>TUMORI EREDITARI CONVEGNO ON LINE<\/h3>\n<\/blockquote>\n<p><strong>BELLUNO<\/strong> Si terr\u00e0 il 3 e 4 dicembre il XVII Congresso dell&#8217;Associazione Italiana per lo Studio della Familiarit\u00e0 ed Ereditariet\u00e0 dei Tumori Gastrointestinali (AIFEG). L&#8217;edizione di quest&#8217;anno, per le note vicende pandemiche legate all&#8217;infezione da Covid19, sar\u00e0 la prima edizione digitale che avr\u00e0 nell&#8217;Ospedale Santa Maria del Prato di Feltre con la sua Unit\u00e0 di Biologia Molecolare Oncologica la sede virtuale e la regia del congresso. Presidente del congresso \u00e8 Duilio Della Libera, Direttore del Dipartimento Diagnostico di laboratorio e di patolologia e dell&#8217;U.O. Complessa di Anatomia Patologia dell&#8217;AULSS1 Dolomiti.\u00a0 Nell&#8217;occasione verr\u00e0 ricordato il Dott Michele De Boni e il suo importante ruolo e contributo allo studio, diagnosi e cura delle neoplasie gastro-enteriche.<\/p>\n<p>&nbsp;<\/p>\n<div>\n<blockquote>\n<h3 class=\"western\" align=\"left\">ESENZIONI 7R3 PROROGATE AL 31 MARZO 2021<\/h3>\n<\/blockquote>\n<p class=\"western\" align=\"left\"><strong>BELLUNO\u00a0<\/strong>Si informa che la validit\u00e0 delle esenzioni\u00a0<b>7R3 per disoccupazione\u00a0<\/b>in scadenza al 31\/10\/2020 \u00e8 stata ulteriormente prorogata dalla Regione del Veneto al 31\/3\/2021.<\/p>\n<\/div>\n","protected":false},"excerpt":{"rendered":"<p>BELLUNO\u00a05 i decessi nelle ultime ore negli ospedali bellunesi: 2 persone covid positive all\u2019ospedale di Feltre (un uomo di 72 anni ricoverato in rianimazione, e una donna di 89 anni ricoverata in Pneumologia Covid),\u00a0un uomo covid positivo di 89 anni in Pronto Soccorso a Belluno,\u00a0una donna di 96 anni e un uomo di 52 ricoverati&hellip;<\/p>\n","protected":false},"author":4,"featured_media":121260,"comment_status":"closed","ping_status":"closed","sticky":false,"template":"","format":"standard","meta":{"_monsterinsights_skip_tracking":false,"_monsterinsights_sitenote_active":false,"_monsterinsights_sitenote_note":"","_monsterinsights_sitenote_category":0,"footnotes":""},"categories":[51,49],"tags":[],"class_list":["post-175979","post","type-post","status-publish","format-standard","has-post-thumbnail","hentry","category-evidenza-top","category-news-18","category-51","category-49","description-off"],"img_url":"https:\/\/www.radiopiu.net\/wordpress\/wp-content\/uploads\/2020\/03\/covid-ulss.jpg","_links":{"self":[{"href":"https:\/\/www.radiopiu.net\/wordpress\/wp-json\/wp\/v2\/posts\/175979","targetHints":{"allow":["GET"]}}],"collection":[{"href":"https:\/\/www.radiopiu.net\/wordpress\/wp-json\/wp\/v2\/posts"}],"about":[{"href":"https:\/\/www.radiopiu.net\/wordpress\/wp-json\/wp\/v2\/types\/post"}],"author":[{"embeddable":true,"href":"https:\/\/www.radiopiu.net\/wordpress\/wp-json\/wp\/v2\/users\/4"}],"replies":[{"embeddable":true,"href":"https:\/\/www.radiopiu.net\/wordpress\/wp-json\/wp\/v2\/comments?post=175979"}],"version-history":[{"count":0,"href":"https:\/\/www.radiopiu.net\/wordpress\/wp-json\/wp\/v2\/posts\/175979\/revisions"}],"wp:featuredmedia":[{"embeddable":true,"href":"https:\/\/www.radiopiu.net\/wordpress\/wp-json\/wp\/v2\/media\/121260"}],"wp:attachment":[{"href":"https:\/\/www.radiopiu.net\/wordpress\/wp-json\/wp\/v2\/media?parent=175979"}],"wp:term":[{"taxonomy":"category","embeddable":true,"href":"https:\/\/www.radiopiu.net\/wordpress\/wp-json\/wp\/v2\/categories?post=175979"},{"taxonomy":"post_tag","embeddable":true,"href":"https:\/\/www.radiopiu.net\/wordpress\/wp-json\/wp\/v2\/tags?post=175979"}],"curies":[{"name":"wp","href":"https:\/\/api.w.org\/{rel}","templated":true}]}}