{"id":175998,"date":"2020-11-30T16:24:28","date_gmt":"2020-11-30T15:24:28","guid":{"rendered":"https:\/\/www.radiopiu.net\/wordpress\/?p=175998"},"modified":"2020-11-30T16:24:29","modified_gmt":"2020-11-30T15:24:29","slug":"raccolta-differenziata-il-veneto-in-testa-in-italia-e-tra-i-primi-in-europa","status":"publish","type":"post","link":"https:\/\/www.radiopiu.net\/wordpress\/raccolta-differenziata-il-veneto-in-testa-in-italia-e-tra-i-primi-in-europa\/","title":{"rendered":"RACCOLTA DIFFERENZIATA. IL VENETO IN TESTA IN ITALIA E TRA I PRIMI IN EUROPA"},"content":{"rendered":"<p><strong><a href=\"https:\/\/www.radiopiu.net\/wordpress\/raccolta-differenziata-il-veneto-in-testa-in-italia-e-tra-i-primi-in-europa\/1550-2020-assessore-bottacin-ecoforum\/\" rel=\"attachment wp-att-175999\"><img loading=\"lazy\" decoding=\"async\" class=\"size-medium wp-image-175999 alignleft\" src=\"https:\/\/www.radiopiu.net\/wordpress\/wp-content\/uploads\/2020\/11\/1550-2020-ASSESSORE-BOTTACIN-ECOFORUM-300x188.jpeg\" alt=\"\" width=\"300\" height=\"188\" srcset=\"https:\/\/www.radiopiu.net\/wordpress\/wp-content\/uploads\/2020\/11\/1550-2020-ASSESSORE-BOTTACIN-ECOFORUM-300x188.jpeg 300w, https:\/\/www.radiopiu.net\/wordpress\/wp-content\/uploads\/2020\/11\/1550-2020-ASSESSORE-BOTTACIN-ECOFORUM-1024x640.jpeg 1024w, https:\/\/www.radiopiu.net\/wordpress\/wp-content\/uploads\/2020\/11\/1550-2020-ASSESSORE-BOTTACIN-ECOFORUM-768x480.jpeg 768w, https:\/\/www.radiopiu.net\/wordpress\/wp-content\/uploads\/2020\/11\/1550-2020-ASSESSORE-BOTTACIN-ECOFORUM.jpeg 1080w\" sizes=\"auto, (max-width: 300px) 100vw, 300px\" \/><\/a>VENEZIA<\/strong>\u00a0\u201c<em>Con il 74,7% di raccolta differenziata, il Veneto si conferma al primo posto in Italia, ma anche una delle realt\u00e0 pi\u00f9 virtuose a livello europeo. In questo ambito, la nostra regione \u00e8 un vero modello<\/em>\u201d. Cos\u00ec nel suo intervento alla V edizione dell&#8217;Ecoforum Veneto, organizzato da Lega Ambiente, l\u2019assessore regionale all\u2019Ambiente Gianpaolo Bottacin ha espresso la sua soddisfazione per i significativi dati che il Veneto continua a raggiungere nella gestione dei rifiuti. \u201c<em>Siamo un fulgido esempio per molti, come ha spesso confermato anche il ministro dell\u2019Ambiente Costa \u2013 sottolinea l\u2019Assessore &#8211; e questo nuovo dato, che nella fotografia della situazione al 31 dicembre 2019 sfiora il 75%, conferma che l\u2019obiettivo del 76% \u00e8 estremamente vicino. Infatti i vari elementi ci dicono che lo stiamo gi\u00e0 raggiungendo, con un anno di anticipo, visto che ci eravamo prefissati di arrivarci entro la chiusura dell\u2019anno corrente<\/em>\u201d. \u201c<em>Adesso ci aspetta una ulteriore sfida \u2013 prosegue &#8211; quella del nuovo piano rifiuti, che prevede un incremento ancora maggiore della raccolta differenziata e anche una spinta importantissima sul recupero e il riutilizzo dei materiali, sviluppando la cosiddetta economia circolare che prevede quel modello di produzione e consumo che implica il riciclo dei materiali e prodotti esistenti il pi\u00f9 a lungo possibile. Una grande attenzione, quindi, ai rifiuti speciali. Un argomento riguardo al quale, come Veneto, riteniamo fondamentale che, come per il rifiuto solido urbano, tutte le Regioni diventino sempre pi\u00f9 autosufficienti. Un obbiettivo indispensabile per responsabilizzare anche quelle realt\u00e0 regionali che ancora non hanno impianti, come invece da tempo abbiamo noi, e far s\u00ec che provvedano a costruirli<\/em>\u201d. \u201c<em>In questo contesto \u2013 spiega l\u2019Assessore \u2013 ho molto apprezzato le parole di Lega Ambiente in cui non solo ci viene garantita la massima collaborazione verso questa prospettiva, ma anche alcune proposte in vista del nuovo pian<\/em>o\u201d. \u201c<em>Non voglio infine dimenticare un\u2019altra nostra grande battaglia \u2013 conclude Bottacin \u2013, quella contro gli ecoreati, su cui da sempre ci spendiamo con varie iniziative. Penso ad esempio alla lotta agli incendi che riguardano i rifiuti, che ci ha visto citati come modello virtuoso dal comandante nazionale dei Vigili del Fuoco nell\u2019apposita commissione bicamerale istituita in Parlamento<\/em>\u201d.<\/p>\n","protected":false},"excerpt":{"rendered":"<p>VENEZIA\u00a0\u201cCon il 74,7% di raccolta differenziata, il Veneto si conferma al primo posto in Italia, ma anche una delle realt\u00e0 pi\u00f9 virtuose a livello europeo. In questo ambito, la nostra regione \u00e8 un vero modello\u201d. Cos\u00ec nel suo intervento alla V edizione dell&#8217;Ecoforum Veneto, organizzato da Lega Ambiente, l\u2019assessore regionale all\u2019Ambiente Gianpaolo Bottacin ha espresso&hellip;<\/p>\n","protected":false},"author":4,"featured_media":175999,"comment_status":"closed","ping_status":"closed","sticky":false,"template":"","format":"standard","meta":{"_monsterinsights_skip_tracking":false,"_monsterinsights_sitenote_active":false,"_monsterinsights_sitenote_note":"","_monsterinsights_sitenote_category":0,"footnotes":""},"categories":[49],"tags":[],"class_list":["post-175998","post","type-post","status-publish","format-standard","has-post-thumbnail","hentry","category-news-18","category-49","description-off"],"img_url":"https:\/\/www.radiopiu.net\/wordpress\/wp-content\/uploads\/2020\/11\/1550-2020-ASSESSORE-BOTTACIN-ECOFORUM.jpeg","_links":{"self":[{"href":"https:\/\/www.radiopiu.net\/wordpress\/wp-json\/wp\/v2\/posts\/175998","targetHints":{"allow":["GET"]}}],"collection":[{"href":"https:\/\/www.radiopiu.net\/wordpress\/wp-json\/wp\/v2\/posts"}],"about":[{"href":"https:\/\/www.radiopiu.net\/wordpress\/wp-json\/wp\/v2\/types\/post"}],"author":[{"embeddable":true,"href":"https:\/\/www.radiopiu.net\/wordpress\/wp-json\/wp\/v2\/users\/4"}],"replies":[{"embeddable":true,"href":"https:\/\/www.radiopiu.net\/wordpress\/wp-json\/wp\/v2\/comments?post=175998"}],"version-history":[{"count":0,"href":"https:\/\/www.radiopiu.net\/wordpress\/wp-json\/wp\/v2\/posts\/175998\/revisions"}],"wp:featuredmedia":[{"embeddable":true,"href":"https:\/\/www.radiopiu.net\/wordpress\/wp-json\/wp\/v2\/media\/175999"}],"wp:attachment":[{"href":"https:\/\/www.radiopiu.net\/wordpress\/wp-json\/wp\/v2\/media?parent=175998"}],"wp:term":[{"taxonomy":"category","embeddable":true,"href":"https:\/\/www.radiopiu.net\/wordpress\/wp-json\/wp\/v2\/categories?post=175998"},{"taxonomy":"post_tag","embeddable":true,"href":"https:\/\/www.radiopiu.net\/wordpress\/wp-json\/wp\/v2\/tags?post=175998"}],"curies":[{"name":"wp","href":"https:\/\/api.w.org\/{rel}","templated":true}]}}