{"id":176073,"date":"2020-12-02T06:00:59","date_gmt":"2020-12-02T05:00:59","guid":{"rendered":"https:\/\/www.radiopiu.net\/wordpress\/?p=176073"},"modified":"2020-12-02T10:34:09","modified_gmt":"2020-12-02T09:34:09","slug":"giornale-radiopiu-02-dicembre-2020-direttore-mirko-mezzacasa","status":"publish","type":"post","link":"https:\/\/www.radiopiu.net\/wordpress\/giornale-radiopiu-02-dicembre-2020-direttore-mirko-mezzacasa\/","title":{"rendered":"GIORNALE RADIOPIU 02 DICEMBRE 2020 DIRETTORE MIRKO MEZZACASA"},"content":{"rendered":"<h3>PER<strong> RICEVERE QUESTO NOTIZIARIO DIRETTAMENTE SUL TUO CELLULARE ISCRIVITI AL CANALE TELEGRAM <\/strong><strong>\u201cRADIO PIU\u00a0 INFORMAZIONE&#8221;<\/strong><\/h3>\n<p>&nbsp;<\/p>\n<p><em>ATTENZIONE: LA NUOVA APP PER IOS-IPHONE<\/em><\/p>\n<div>\n<div><a href=\"https:\/\/apps.apple.com\/it\/app\/radio-pi%C3%B9-emittente-agordina\/id1515939845\">https:\/\/apps.apple.com\/it\/app\/radio-pi%C3%B9-emittente-agordina\/id1515939845<\/a><\/div>\n<\/div>\n<div><\/div>\n<div>\n<div dir=\"auto\"><em>ATTENZIONE: LA NUOVA APP RADIO\u00a0 PER ANDROID<\/em><\/div>\n<\/div>\n<p><a href=\"https:\/\/play.google.com\/store\/apps\/details?id=net.radiopiu.iniko\" target=\"_blank\" rel=\"noopener noreferrer\">https:\/\/play.google.com\/store\/apps\/details?id=net.radiopiu.iniko\u00a0\u00a0<\/a><\/p>\n<p>&nbsp;<\/p>\n<p>&nbsp;<\/p>\n<hr \/>\n<p>&nbsp;<\/p>\n<h3>L&#8217;AUTOCERTIFICAZIONE<\/h3>\n<p>&nbsp;<\/p>\n<p><a href=\"https:\/\/www.radiopiu.net\/wordpress\/wp-content\/uploads\/2020\/11\/modello_autodichiarazione_editabile_ottobre_2020.pdf\">PER SCARICARE L&#8217;AUTOCERTIFICAZIONE CLICCA QUI<\/a><\/p>\n<p>&nbsp;<\/p>\n<blockquote class=\"wp-embedded-content\" data-secret=\"ZwStbdC8gn\"><p><a href=\"https:\/\/www.radiopiu.net\/wordpress\/pref-02dic\/\">DALLA PREFETTURA DI BELLUNO IL MONITORAGGIO DEI CONTROLLI<\/a><\/p><\/blockquote>\n<p><iframe loading=\"lazy\" class=\"wp-embedded-content\" sandbox=\"allow-scripts\" security=\"restricted\" style=\"position: absolute; clip: rect(1px, 1px, 1px, 1px);\" title=\"&#8220;DALLA PREFETTURA DI BELLUNO IL MONITORAGGIO DEI CONTROLLI&#8221; &#8212; Radio Pi\u00f9\" src=\"https:\/\/www.radiopiu.net\/wordpress\/pref-02dic\/embed\/#?secret=ZwStbdC8gn\" data-secret=\"ZwStbdC8gn\" width=\"600\" height=\"338\" frameborder=\"0\" marginwidth=\"0\" marginheight=\"0\" scrolling=\"no\"><\/iframe><\/p>\n<p>&nbsp;<\/p>\n<hr \/>\n<p>&nbsp;<\/p>\n<blockquote>\n<h3>IL NATALE A PEDAVENA, FOTO DI YASMINE VELLUTINI<\/h3>\n<\/blockquote>\n\n\t\t\t<style type='text\/css'>\n\t\t\t\t#gallery-1 {\n\t\t\t\t\tmargin: auto;\n\t\t\t\t}\n\t\t\t\t#gallery-1 .gallery-item {\n\t\t\t\t\tfloat: left;\n\t\t\t\t\tmargin-top: 10px;\n\t\t\t\t\ttext-align: center;\n\t\t\t\t\twidth: 50%;\n\t\t\t\t}\n\t\t\t\t#gallery-1 img {\n\t\t\t\t\tborder: 2px solid #cfcfcf;\n\t\t\t\t}\n\t\t\t\t#gallery-1 .gallery-caption {\n\t\t\t\t\tmargin-left: 0;\n\t\t\t\t}\n\t\t\t\t\/* see gallery_shortcode() in wp-includes\/media.php *\/\n\t\t\t<\/style>\n\t\t<div id='gallery-1' class='dt-gallery-container gallery galleryid-176073 gallery-columns-2 gallery-size-medium'><dl class='gallery-item'>\n\t\t\t\t<dt class='gallery-icon portrait'>\n\t\t\t\t\t<a class=\"rollover rollover-zoom dt-pswp-item\" title=\"128145110_2917055421911808_2220693617792776598_o\" data-dt-img-description=\"\" data-large_image_width=\"1440\" data-large_image_height=\"1800\"href='https:\/\/www.radiopiu.net\/wordpress\/wp-content\/uploads\/2020\/12\/128145110_2917055421911808_2220693617792776598_o.jpg'><img loading=\"lazy\" decoding=\"async\" width=\"240\" height=\"300\" src=\"https:\/\/www.radiopiu.net\/wordpress\/wp-content\/uploads\/2020\/12\/128145110_2917055421911808_2220693617792776598_o-240x300.jpg\" class=\"attachment-medium size-medium\" alt=\"\" srcset=\"https:\/\/www.radiopiu.net\/wordpress\/wp-content\/uploads\/2020\/12\/128145110_2917055421911808_2220693617792776598_o-240x300.jpg 240w, https:\/\/www.radiopiu.net\/wordpress\/wp-content\/uploads\/2020\/12\/128145110_2917055421911808_2220693617792776598_o-819x1024.jpg 819w, https:\/\/www.radiopiu.net\/wordpress\/wp-content\/uploads\/2020\/12\/128145110_2917055421911808_2220693617792776598_o-768x960.jpg 768w, https:\/\/www.radiopiu.net\/wordpress\/wp-content\/uploads\/2020\/12\/128145110_2917055421911808_2220693617792776598_o-1229x1536.jpg 1229w, https:\/\/www.radiopiu.net\/wordpress\/wp-content\/uploads\/2020\/12\/128145110_2917055421911808_2220693617792776598_o.jpg 1440w\" sizes=\"auto, (max-width: 240px) 100vw, 240px\" \/><\/a>\n\t\t\t\t<\/dt><\/dl><dl class='gallery-item'>\n\t\t\t\t<dt class='gallery-icon landscape'>\n\t\t\t\t\t<a class=\"rollover rollover-zoom dt-pswp-item\" title=\"128902666_10219848715027765_9039221432804889404_o\" data-dt-img-description=\"\" data-large_image_width=\"1240\" data-large_image_height=\"620\"href='https:\/\/www.radiopiu.net\/wordpress\/wp-content\/uploads\/2020\/12\/128902666_10219848715027765_9039221432804889404_o.jpg'><img loading=\"lazy\" decoding=\"async\" width=\"300\" height=\"150\" src=\"https:\/\/www.radiopiu.net\/wordpress\/wp-content\/uploads\/2020\/12\/128902666_10219848715027765_9039221432804889404_o-300x150.jpg\" class=\"attachment-medium size-medium\" alt=\"\" srcset=\"https:\/\/www.radiopiu.net\/wordpress\/wp-content\/uploads\/2020\/12\/128902666_10219848715027765_9039221432804889404_o-300x150.jpg 300w, https:\/\/www.radiopiu.net\/wordpress\/wp-content\/uploads\/2020\/12\/128902666_10219848715027765_9039221432804889404_o-1024x512.jpg 1024w, https:\/\/www.radiopiu.net\/wordpress\/wp-content\/uploads\/2020\/12\/128902666_10219848715027765_9039221432804889404_o-768x384.jpg 768w, https:\/\/www.radiopiu.net\/wordpress\/wp-content\/uploads\/2020\/12\/128902666_10219848715027765_9039221432804889404_o.jpg 1240w\" sizes=\"auto, (max-width: 300px) 100vw, 300px\" \/><\/a>\n\t\t\t\t<\/dt><\/dl><br style=\"clear: both\" \/>\n\t\t\t<\/div>\n\n<p>&nbsp;<\/p>\n<p>&nbsp;<\/p>\n<hr \/>\n<blockquote>\n<h3>CROCE ROSSA ITALIANA, Filmato preparato dai\u00a0 giovani sull&#8217;uso responsabile di mascherine e guanti.<\/h3>\n<\/blockquote>\n<p><iframe loading=\"lazy\" title=\"ALCUNE COSE E\u2019 MEGLIO NON LASCIARSELE ALLE SPALLE\" width=\"1200\" height=\"675\" src=\"https:\/\/www.youtube.com\/embed\/hcQaBlAD-_M?feature=oembed\" frameborder=\"0\" allow=\"accelerometer; autoplay; clipboard-write; encrypted-media; gyroscope; picture-in-picture\" allowfullscreen><\/iframe><\/p>\n<p>&nbsp;<\/p>\n<p>&nbsp;<\/p>\n<hr \/>\n<p>&nbsp;<\/p>\n<blockquote>\n<h3>SILVOPASTORALE FARENZENA &#8211; DON CHIUSA FINO AL 15 DICEMBRE<\/h3>\n<\/blockquote>\n<p><strong>AGORDO<\/strong> \u00a0chiusura della strada silvo-pastorale Farenzena &#8211; Don, fino \u00a0al 15 dicembre 2020 e comunque fino a fine lavori, con riapertura del tratto interessato nelle giornate di sabato e domenica ed eventuali festivi infrasettimanali, per consentire l\u2019esecuzione dei lavori di esbosco.<\/p>\n<p>&nbsp;<\/p>\n<hr \/>\n<p>&nbsp;<\/p>\n<blockquote>\n<h3>DA OGGI USCA A DOMICILIO ANCHE NEL DISTRETTO DI BELLUNO CON 11 MEDICI IMPEGNATI SETTE GIORNI SU SETTE DALLE 8 ALLE 20<\/h3>\n<\/blockquote>\n<p>Ieri in Veneto il record dei decessi, 107 in un solo giorno e le vittime dal 21 febbraio sono ormai 4000. Natale blindato? Solo ipotesi, diverse a seconda della penna dei giornalisti. In concreto le decisioni si conosceranno nelle prossime ore dopo tutto quello che \u00e8 stato detto e scritto in questi giorni sulla scorta di fuga di notizie e voci di corridoio. C&#8217;\u00e8 chi ha parlato di\u00a0 Natale blindato con gli hotel chiusi, chi ha affermato si vada verso la chiusura di bar e ristoranti anche nelle giornate del 25-26 e 31 dicembre, chi \u00e8 convinto che ci sar\u00e0 il\u00a0 divieto di spostamento tra le regioni qualunque sia la tonalit\u00e0 di colorazione dal giallo al rosso. E poi\u00a0 obbligo di quarantena per chi rientra da viaggi all&#8217;estero,\u00a0 coprifuoco alle 22 e la messa di Natale anticipata alle 20 o alle 21,\u00a0 nel contempo si ipotizza anche l&#8217;apertura delle scuole per il 14 dicembre, nove giorni prima (7 in classe) delle vacanze di Natale. Ma sono tutte ipotesi e vanno prese come tali in attesa delle conferme del Governo e Cts che in queste ore hanno intrecciato il dialogo con i Presidenti delle Regioni. Tra le notizie positive la conferma che arriveranno 20 milioni di ristoro anche per il Veneto giallo.\u00a0 In Provincia la Ulss1 ha annunciato di aver attivato L&#8217;Usca per i pazienti a domicilio anche nel distretto di Belluno come gi\u00e0 succede per Feltre. Ieri altri 2 decessi con prevalenza di casi positivi nella zona del feltrino. A Limana sono cinque le classi della primaria in isolamento e scuola chiusa per 10 giorni. La Provincia ha stanziato 100 mila euro per ristorare una ventina di aziende bellunesi del trasporto pubblico locale su proposta di Confartigianato Belluno, ne beneficeranno le attivit\u00e0 di scuolabus, Ncc e bus operator.<\/p>\n<blockquote>\n<h3>COVID IN PROVINCIA: 2 DECESSI, 141 NUOVI POSITIVI E 201 SOGGETTI RICOVERATI NEGLI OSPEDALI BELLUNESI. A PIEVE DI CADORE ATTIVATA UN&#8217;AREA PER PAZIENTI COVID NEGATIVI<\/h3>\n<\/blockquote>\n<p><strong><a href=\"https:\/\/www.radiopiu.net\/wordpress\/giornale-radiopiu-10-marzo-2020-direttore-mirko-mezzacasa\/covid-ulss\/\" rel=\"attachment wp-att-121260\"><img loading=\"lazy\" decoding=\"async\" class=\" wp-image-121260 alignleft\" src=\"https:\/\/www.radiopiu.net\/wordpress\/wp-content\/uploads\/2020\/03\/covid-ulss-300x225.jpg\" alt=\"\" width=\"216\" height=\"162\" srcset=\"https:\/\/www.radiopiu.net\/wordpress\/wp-content\/uploads\/2020\/03\/covid-ulss-300x225.jpg 300w, https:\/\/www.radiopiu.net\/wordpress\/wp-content\/uploads\/2020\/03\/covid-ulss-768x576.jpg 768w, https:\/\/www.radiopiu.net\/wordpress\/wp-content\/uploads\/2020\/03\/covid-ulss.jpg 800w\" sizes=\"auto, (max-width: 216px) 100vw, 216px\" \/><\/a>BELLUNO \u00a0<\/strong>Nelle ultime 24 ore sono decedute 2 persone covid positive: un uomo di 93 anni ricoverato all\u2019ospedale di comunit\u00e0 di Belluno e un uomo di 73 anni ricoverato in Pneumologia Covid a Belluno. 141 i nuovi positivi in Ulss 1 Dolomiti (dato aggiornato alle 8). Negli ospedali bellunesi i ricoveri sono: 65 in area non critica e 7 in terapia intensiva al San Martino di Belluno, 56 in area non critica e 6 in terapia intensiva presso il Santa Maria Del Prato di Feltre e 10 in area non critica ad Agordo. La situazione negli ospedali di comunit\u00e0: Agordo 8 persone ricoverate, Alano 6, Auronzo 11, Belluno 19 e Feltre 13. Attivata un\u2019area di Ospedale di Comunit\u00e0 per pazienti covid negativi presso l&#8217;ospedale di Pieve di Cadore.<\/p>\n<p>&nbsp;<\/p>\n<p>&nbsp;<\/p>\n<hr \/>\n<p>&nbsp;<\/p>\n<blockquote>\n<h3>INFORTUNIO SUL LAVORO IN VALLE DI GARES<\/h3>\n<\/blockquote>\n<p><strong>CANALE D&#8217;AGORDO<\/strong> Soccorsi a sirene spiegate nel pomeriggio di ieri verso la Valle di Gares. La chiamata in seguito ad un infortunio sul lavoro, un operaio di 42 anni di Gosaldo, D.B. si \u00e8 procurato lo schiacciamento della mano sinistra, mentre stava togliendo i rami dal tronco la pianta si \u00e8 mossa finendo sull&#8217;arto dell&#8217;uomo. Sul posto oltre al 118 i Carabinieri di Falcade e i funzionari dello Spisal. L&#8217;uomo \u00e8 alle dipendenze dell&#8217;impresa boschiva Federico Dalla Santa di San Martino di Castrozza, i soccorsi sono stati chiamati da un collega di lavoro. D.B. \u00e8 stato elitrasportato all&#8217;ospedale San Martino di Belluno e gi\u00e0 ieri sera i sanitari parlavano di dimissioni, quindi fortunatamente niente di grave.<\/p>\n\n\t\t\t<style type='text\/css'>\n\t\t\t\t#gallery-2 {\n\t\t\t\t\tmargin: auto;\n\t\t\t\t}\n\t\t\t\t#gallery-2 .gallery-item {\n\t\t\t\t\tfloat: left;\n\t\t\t\t\tmargin-top: 10px;\n\t\t\t\t\ttext-align: center;\n\t\t\t\t\twidth: 33%;\n\t\t\t\t}\n\t\t\t\t#gallery-2 img {\n\t\t\t\t\tborder: 2px solid #cfcfcf;\n\t\t\t\t}\n\t\t\t\t#gallery-2 .gallery-caption {\n\t\t\t\t\tmargin-left: 0;\n\t\t\t\t}\n\t\t\t\t\/* see gallery_shortcode() in wp-includes\/media.php *\/\n\t\t\t<\/style>\n\t\t<div id='gallery-2' class='dt-gallery-container gallery galleryid-176073 gallery-columns-3 gallery-size-thumbnail'><dl class='gallery-item'>\n\t\t\t\t<dt class='gallery-icon landscape'>\n\t\t\t\t\t<a class=\"rollover rollover-zoom dt-pswp-item\" title=\"6c242173-c86e-4971-abca-63d5f387d0ac\" data-dt-img-description=\"\" data-large_image_width=\"320\" data-large_image_height=\"240\"href='https:\/\/www.radiopiu.net\/wordpress\/wp-content\/uploads\/2020\/12\/6c242173-c86e-4971-abca-63d5f387d0ac.jpg'><img loading=\"lazy\" decoding=\"async\" width=\"150\" height=\"150\" src=\"https:\/\/www.radiopiu.net\/wordpress\/wp-content\/uploads\/2020\/12\/6c242173-c86e-4971-abca-63d5f387d0ac-150x150.jpg\" class=\"attachment-thumbnail size-thumbnail\" alt=\"\" \/><\/a>\n\t\t\t\t<\/dt><\/dl><dl class='gallery-item'>\n\t\t\t\t<dt class='gallery-icon landscape'>\n\t\t\t\t\t<a class=\"rollover rollover-zoom dt-pswp-item\" title=\"ef857248-1c85-42e4-85b2-eae9ff3efbe5\" data-dt-img-description=\"\" data-large_image_width=\"320\" data-large_image_height=\"240\"href='https:\/\/www.radiopiu.net\/wordpress\/wp-content\/uploads\/2020\/12\/ef857248-1c85-42e4-85b2-eae9ff3efbe5.jpg'><img loading=\"lazy\" decoding=\"async\" width=\"150\" height=\"150\" src=\"https:\/\/www.radiopiu.net\/wordpress\/wp-content\/uploads\/2020\/12\/ef857248-1c85-42e4-85b2-eae9ff3efbe5-150x150.jpg\" class=\"attachment-thumbnail size-thumbnail\" alt=\"\" \/><\/a>\n\t\t\t\t<\/dt><\/dl><dl class='gallery-item'>\n\t\t\t\t<dt class='gallery-icon landscape'>\n\t\t\t\t\t<a class=\"rollover rollover-zoom dt-pswp-item\" title=\"f62d7947-6269-45dc-b5b2-c3633f013d80\" data-dt-img-description=\"\" data-large_image_width=\"320\" data-large_image_height=\"240\"href='https:\/\/www.radiopiu.net\/wordpress\/wp-content\/uploads\/2020\/12\/f62d7947-6269-45dc-b5b2-c3633f013d80.jpg'><img loading=\"lazy\" decoding=\"async\" width=\"150\" height=\"150\" src=\"https:\/\/www.radiopiu.net\/wordpress\/wp-content\/uploads\/2020\/12\/f62d7947-6269-45dc-b5b2-c3633f013d80-150x150.jpg\" class=\"attachment-thumbnail size-thumbnail\" alt=\"\" \/><\/a>\n\t\t\t\t<\/dt><\/dl><br style=\"clear: both\" \/>\n\t\t\t<\/div>\n\n<p>&nbsp;<\/p>\n<hr \/>\n<p>&nbsp;<\/p>\n<blockquote>\n<h3><a href=\"https:\/\/www.radiopiu.net\/wordpress\/giornale-radiopiu-02-dicembre-2020-direttore-mirko-mezzacasa\/download-1024\/\" rel=\"attachment wp-att-176257\"><img loading=\"lazy\" decoding=\"async\" class=\"wp-image-176257 alignleft\" src=\"https:\/\/www.radiopiu.net\/wordpress\/wp-content\/uploads\/2020\/12\/download-3.jpg\" alt=\"\" width=\"93\" height=\"124\" \/><\/a>UNA BUONA NOTIZIA: GREGOR MIGLIORA<\/h3>\n<\/blockquote>\n<p><strong>CORTINA\u00a0<\/strong> \u00a0Gregor Gombac,\u00a0 24 anni di Cortina non \u00e8 pi\u00f9 ricoverato al Ca&#8217; Foncello di Treviso ma\u00a0 nel reparto di Terapia intensiva del San Martino. Il ragazzo era precipitato a Cima Ra Zesta,\u00a0 lo scorso 21 novembre, \u00e8 ancora in coma farmacologico, ma gi\u00e0 nelle prossime ore \u00e8 previsto il suo graduale risveglio<\/p>\n<p>&nbsp;<\/p>\n<hr \/>\n<p>&nbsp;<\/p>\n<blockquote>\n<h3>ANZIANO INVESTITO IN CENTRO A BELLUNO<\/h3>\n<\/blockquote>\n<p><strong><a href=\"https:\/\/www.radiopiu.net\/wordpress\/giornale-radiopiu-02-dicembre-2020-direttore-mirko-mezzacasa\/49a89f3f-5542-41c0-b8dd-e4f5e64a4ba9\/\" rel=\"attachment wp-att-176250\"><img loading=\"lazy\" decoding=\"async\" class=\"wp-image-176250 alignleft\" src=\"https:\/\/www.radiopiu.net\/wordpress\/wp-content\/uploads\/2020\/12\/49a89f3f-5542-41c0-b8dd-e4f5e64a4ba9-300x199.jpg\" alt=\"\" width=\"127\" height=\"84\" srcset=\"https:\/\/www.radiopiu.net\/wordpress\/wp-content\/uploads\/2020\/12\/49a89f3f-5542-41c0-b8dd-e4f5e64a4ba9-300x199.jpg 300w, https:\/\/www.radiopiu.net\/wordpress\/wp-content\/uploads\/2020\/12\/49a89f3f-5542-41c0-b8dd-e4f5e64a4ba9-1024x680.jpg 1024w, https:\/\/www.radiopiu.net\/wordpress\/wp-content\/uploads\/2020\/12\/49a89f3f-5542-41c0-b8dd-e4f5e64a4ba9-768x510.jpg 768w, https:\/\/www.radiopiu.net\/wordpress\/wp-content\/uploads\/2020\/12\/49a89f3f-5542-41c0-b8dd-e4f5e64a4ba9-1536x1020.jpg 1536w, https:\/\/www.radiopiu.net\/wordpress\/wp-content\/uploads\/2020\/12\/49a89f3f-5542-41c0-b8dd-e4f5e64a4ba9.jpg 1600w\" sizes=\"auto, (max-width: 127px) 100vw, 127px\" \/><\/a>BELLUNO\u00a0<\/strong> Un anziano \u00e8 stato investito in via Gregorio XVI. L&#8217;85enne bellunese \u00e8 stato travolto da un&#8217;auto mentre stava attraversando la strada, all&#8217;altezza della caserma dei vigili del fuoco. G.F. \u00e8 stato soccorso dai pompieri e dai sanitari del 118, ha trascorso la notte in pronto soccorso sotto osservazione. Rilievi della Polizia locale.<\/p>\n<p>&nbsp;<\/p>\n<hr \/>\n<blockquote>\n<h3><\/h3>\n<h3>IL RITORNO DEL LUPO IN TERRITORIO FODOM<\/h3>\n<\/blockquote>\n<p><strong><a href=\"https:\/\/www.radiopiu.net\/wordpress\/il-ritorno-del-lupo-in-territorio-fodom\/128998896_3981570705229206_1271927461421825220_n\/\" rel=\"attachment wp-att-176259\"><img loading=\"lazy\" decoding=\"async\" class=\" wp-image-176259 alignleft\" src=\"https:\/\/www.radiopiu.net\/wordpress\/wp-content\/uploads\/2020\/12\/128998896_3981570705229206_1271927461421825220_n-169x300.jpg\" alt=\"\" width=\"90\" height=\"160\" srcset=\"https:\/\/www.radiopiu.net\/wordpress\/wp-content\/uploads\/2020\/12\/128998896_3981570705229206_1271927461421825220_n-169x300.jpg 169w, https:\/\/www.radiopiu.net\/wordpress\/wp-content\/uploads\/2020\/12\/128998896_3981570705229206_1271927461421825220_n.jpg 526w\" sizes=\"auto, (max-width: 90px) 100vw, 90px\" \/><\/a>LIVINALLONGO<\/strong> Dopo tanti mesi di silenzio riecco il lupo in territorio Fodom, sopra Malga Castello. A darne notizia con tanto di macabra fotografia il sindaco di Livinallongo Leandro Grones dalla sua personale pagina facebook. E&#8217; la foto del\u00a0 ritrovamento della carcassa di un cervo. Sulla stessa pagina viene poi pubblicato un bel video, il lupo ripreso da un passante sulla strada per Passo Campolongo<\/p>\n<p><em>IL VIDEO Leandro Grones: &#8220;<span class=\"d2edcug0 hpfvmrgz qv66sw1b c1et5uql rrkovp55 a8c37x1j keod5gw0 nxhoafnm aigsh9s9 d3f4x2em fe6kdd0r mau55g9w c8b282yb iv3no6db jq4qci2q a3bd9o3v knj5qynh oo9gr5id hzawbc8m\" dir=\"auto\">che non rispettano il Codice della Strada e nemmeno i DPCM!! Al Passo Campolongo, confine tra le province di Belluno e Bolzano. Complimenti all\u2019autore del video&#8221;<\/span><\/em><\/p>\n<p>https:\/\/www.facebook.com\/leandro.grones\/videos\/3982422301810713<\/p>\n<p>&nbsp;<\/p>\n<blockquote>\n<h3><\/h3>\n<h3><\/h3>\n<\/blockquote>\n<hr \/>\n<h3><\/h3>\n<blockquote>\n<h3><\/h3>\n<h3>METEO. STATO DI ATTENZIONE PER FORTE VENTO E NEVE<\/h3>\n<\/blockquote>\n<p><strong><a href=\"https:\/\/www.radiopiu.net\/wordpress\/meteo-stato-di-attenzione-per-forte-vento-e-neve\/neve-vento\/\" rel=\"attachment wp-att-176182\"><img loading=\"lazy\" decoding=\"async\" class=\"size-medium wp-image-176182 alignleft\" src=\"https:\/\/www.radiopiu.net\/wordpress\/wp-content\/uploads\/2020\/12\/NEVE-VENTO-300x300.jpg\" alt=\"\" width=\"300\" height=\"300\" srcset=\"https:\/\/www.radiopiu.net\/wordpress\/wp-content\/uploads\/2020\/12\/NEVE-VENTO-300x300.jpg 300w, https:\/\/www.radiopiu.net\/wordpress\/wp-content\/uploads\/2020\/12\/NEVE-VENTO-1024x1024.jpg 1024w, https:\/\/www.radiopiu.net\/wordpress\/wp-content\/uploads\/2020\/12\/NEVE-VENTO-150x150.jpg 150w, https:\/\/www.radiopiu.net\/wordpress\/wp-content\/uploads\/2020\/12\/NEVE-VENTO-768x768.jpg 768w, https:\/\/www.radiopiu.net\/wordpress\/wp-content\/uploads\/2020\/12\/NEVE-VENTO-1536x1536.jpg 1536w, https:\/\/www.radiopiu.net\/wordpress\/wp-content\/uploads\/2020\/12\/NEVE-VENTO.jpg 2048w\" sizes=\"auto, (max-width: 300px) 100vw, 300px\" \/><\/a>VENEZIA<\/strong>\u00a0In riferimento alla situazione meteorologica attesa sul territorio regionale, al fine di garantire un monitoraggio costante della situazione e la massima prontezza operativa del Sistema Regionale di Protezione Civile, come da avviso del Centro Funzionale Decentrato della Regione del Veneto, \u00e8 previsto fino alla serata di oggi, un\u00a0 rinforzo dei venti da nord est, che saranno tesi in pianura, tesi\/forti sulle dorsali prealpine e sulla costa (in particolare quella centro-meridionale) e pianura limitrofa (in particolare sud orientale). Pertanto, \u00e8 stato dichiarata la fase operativa di \u201cattenzione per vento forte\u201d (da riconfigurare, a livello locale, in fase operativa di pre-allarme o allarme a seconda dell\u2019intensit\u00e0 del vento) sulla zona prealpina, di pianura e costiera, fino alla mezzanotte di oggi. Inoltre, \u00e8 stato dichiarato lo stato \u201cstato di attenzione per neve\u201d (da riconfigurare, a livello locale, in fase operativa di pre-allarme o allarme a seconda dell\u2019intensit\u00e0 dei fenomeni) fino alla mezzanotte di oggi, le zone collinari e il Bellunese meridionale. Sono, infatti, previste nevicate fino a quote collinari, con possibili accumuli di alcuni centimetri nei fondovalle prealpini (localmente anche 5-10 cm) e sui Colli Euganei e Berici; in pianura possibile a tratti un po\u2019 di neve o pioggia mista a neve: non si escludono temporanei modesti accumuli sulle zone interne; nel pomeriggio limite della neve in lieve rialzo con fenomeni di minore entit\u00e0.<\/p>\n<p>&nbsp;<\/p>\n<p>&nbsp;<\/p>\n<hr \/>\n<p>&nbsp;<\/p>\n<blockquote>\n<h2>NUOVO PERCORSO FITNESS CON VIDEO SORVEGLIANZA<\/h2>\n<\/blockquote>\n<p><strong><img loading=\"lazy\" decoding=\"async\" class=\"alignleft\" src=\"https:\/\/www.radiopiu.net\/wordpress\/wp-content\/uploads\/2020\/11\/download-25.jpg\" width=\"189\" height=\"115\" \/>AGORDO<\/strong> Fino ad oggi \u00e8 zona degradata spesso balzata alle cronache per &#8220;campeggi&#8221; selvaggi, episodi di vandalismo e ritrovi tra fumo e bottiglie di alcoolici. Ora il Comune ha deciso di creare un percorso fitness con tanto di telecamere di sicurezza. Il progetto \u00e8 stato presentato dall&#8217;assessore Cristina Bien<\/p>\n<audio class=\"wp-audio-shortcode\" id=\"audio-176073-1\" preload=\"none\" style=\"width: 100%;\" controls=\"controls\"><source type=\"audio\/mpeg\" src=\"https:\/\/www.radiopiu.net\/wordpress\/wp-content\/uploads\/2020\/11\/CRISTINA-BIEN.mp3?_=1\" \/><a href=\"https:\/\/www.radiopiu.net\/wordpress\/wp-content\/uploads\/2020\/11\/CRISTINA-BIEN.mp3\">https:\/\/www.radiopiu.net\/wordpress\/wp-content\/uploads\/2020\/11\/CRISTINA-BIEN.mp3<\/a><\/audio>\n<p>&nbsp;<\/p>\n\n\t\t\t<style type='text\/css'>\n\t\t\t\t#gallery-3 {\n\t\t\t\t\tmargin: auto;\n\t\t\t\t}\n\t\t\t\t#gallery-3 .gallery-item {\n\t\t\t\t\tfloat: left;\n\t\t\t\t\tmargin-top: 10px;\n\t\t\t\t\ttext-align: center;\n\t\t\t\t\twidth: 33%;\n\t\t\t\t}\n\t\t\t\t#gallery-3 img {\n\t\t\t\t\tborder: 2px solid #cfcfcf;\n\t\t\t\t}\n\t\t\t\t#gallery-3 .gallery-caption {\n\t\t\t\t\tmargin-left: 0;\n\t\t\t\t}\n\t\t\t\t\/* see gallery_shortcode() in wp-includes\/media.php *\/\n\t\t\t<\/style>\n\t\t<div id='gallery-3' class='dt-gallery-container gallery galleryid-176073 gallery-columns-3 gallery-size-thumbnail'><dl class='gallery-item'>\n\t\t\t\t<dt class='gallery-icon landscape'>\n\t\t\t\t\t<a class=\"rollover rollover-zoom dt-pswp-item\" title=\"d693af24-247b-4dc8-9674-fee932d9b95e\" data-dt-img-description=\"\" data-large_image_width=\"1024\" data-large_image_height=\"998\"href='https:\/\/www.radiopiu.net\/wordpress\/wp-content\/uploads\/2020\/12\/d693af24-247b-4dc8-9674-fee932d9b95e.jpg'><img loading=\"lazy\" decoding=\"async\" width=\"150\" height=\"150\" src=\"https:\/\/www.radiopiu.net\/wordpress\/wp-content\/uploads\/2020\/12\/d693af24-247b-4dc8-9674-fee932d9b95e-150x150.jpg\" class=\"attachment-thumbnail size-thumbnail\" alt=\"\" \/><\/a>\n\t\t\t\t<\/dt><\/dl><dl class='gallery-item'>\n\t\t\t\t<dt class='gallery-icon landscape'>\n\t\t\t\t\t<a class=\"rollover rollover-zoom dt-pswp-item\" title=\"232ab244-8178-4bf9-9bfa-336aebd45bb9\" data-dt-img-description=\"\" data-large_image_width=\"1335\" data-large_image_height=\"798\"href='https:\/\/www.radiopiu.net\/wordpress\/wp-content\/uploads\/2020\/12\/232ab244-8178-4bf9-9bfa-336aebd45bb9.jpg'><img loading=\"lazy\" decoding=\"async\" width=\"150\" height=\"150\" src=\"https:\/\/www.radiopiu.net\/wordpress\/wp-content\/uploads\/2020\/12\/232ab244-8178-4bf9-9bfa-336aebd45bb9-150x150.jpg\" class=\"attachment-thumbnail size-thumbnail\" alt=\"\" \/><\/a>\n\t\t\t\t<\/dt><\/dl><dl class='gallery-item'>\n\t\t\t\t<dt class='gallery-icon landscape'>\n\t\t\t\t\t<a class=\"rollover rollover-zoom dt-pswp-item\" title=\"6eb5fee1-e54f-42e4-a8a8-f9ae3a67f85b\" data-dt-img-description=\"\" data-large_image_width=\"1024\" data-large_image_height=\"1018\"href='https:\/\/www.radiopiu.net\/wordpress\/wp-content\/uploads\/2020\/12\/6eb5fee1-e54f-42e4-a8a8-f9ae3a67f85b.jpg'><img loading=\"lazy\" decoding=\"async\" width=\"150\" height=\"150\" src=\"https:\/\/www.radiopiu.net\/wordpress\/wp-content\/uploads\/2020\/12\/6eb5fee1-e54f-42e4-a8a8-f9ae3a67f85b-150x150.jpg\" class=\"attachment-thumbnail size-thumbnail\" alt=\"\" srcset=\"https:\/\/www.radiopiu.net\/wordpress\/wp-content\/uploads\/2020\/12\/6eb5fee1-e54f-42e4-a8a8-f9ae3a67f85b-150x150.jpg 150w, https:\/\/www.radiopiu.net\/wordpress\/wp-content\/uploads\/2020\/12\/6eb5fee1-e54f-42e4-a8a8-f9ae3a67f85b-300x298.jpg 300w, https:\/\/www.radiopiu.net\/wordpress\/wp-content\/uploads\/2020\/12\/6eb5fee1-e54f-42e4-a8a8-f9ae3a67f85b-768x764.jpg 768w, https:\/\/www.radiopiu.net\/wordpress\/wp-content\/uploads\/2020\/12\/6eb5fee1-e54f-42e4-a8a8-f9ae3a67f85b.jpg 1024w\" sizes=\"auto, (max-width: 150px) 100vw, 150px\" \/><\/a>\n\t\t\t\t<\/dt><\/dl><br style=\"clear: both\" \/>\n\t\t\t<\/div>\n\n<p>&nbsp;<\/p>\n<p>&nbsp;<\/p>\n<hr \/>\n<p>&nbsp;<\/p>\n<blockquote>\n<h3>70 MILA EURO STANZIATI DALLA MAGGIORANZA PER L&#8217;ACQUISTO DI UN APPARTAMENTO FRONTE MUNICIPIO FANNO DISCUTERE NEL CONSIGLIO COMUNALE DI ROCCA PIETORE<\/h3>\n<\/blockquote>\n<p><strong><a href=\"https:\/\/www.radiopiu.net\/wordpress\/diana-iraci-chiede-le-pubblicazioni-delle-sue-interrogazioni-allamministrazione-di-rocca-pietore\/rocca-pietore-2\/\" rel=\"attachment wp-att-127376\"><img loading=\"lazy\" decoding=\"async\" class=\"size-medium wp-image-127376 alignleft\" src=\"https:\/\/www.radiopiu.net\/wordpress\/wp-content\/uploads\/2020\/04\/ROCCA-PIETORE-300x173.png\" alt=\"\" width=\"300\" height=\"173\" srcset=\"https:\/\/www.radiopiu.net\/wordpress\/wp-content\/uploads\/2020\/04\/ROCCA-PIETORE-300x173.png 300w, https:\/\/www.radiopiu.net\/wordpress\/wp-content\/uploads\/2020\/04\/ROCCA-PIETORE.png 712w\" sizes=\"auto, (max-width: 300px) 100vw, 300px\" \/><\/a>ROCCA PIETORE<\/strong><\/p>\n<p>di Gianni Santomaso<\/p>\n<audio class=\"wp-audio-shortcode\" id=\"audio-176073-2\" preload=\"none\" style=\"width: 100%;\" controls=\"controls\"><source type=\"audio\/mpeg\" src=\"https:\/\/www.radiopiu.net\/wordpress\/wp-content\/uploads\/2020\/12\/GIANNI-CONSIGLIO-ROCCA.mp3?_=2\" \/><a href=\"https:\/\/www.radiopiu.net\/wordpress\/wp-content\/uploads\/2020\/12\/GIANNI-CONSIGLIO-ROCCA.mp3\">https:\/\/www.radiopiu.net\/wordpress\/wp-content\/uploads\/2020\/12\/GIANNI-CONSIGLIO-ROCCA.mp3<\/a><\/audio>\n<p>&nbsp;<\/p>\n<hr \/>\n<p>&nbsp;<\/p>\n<blockquote>\n<h3>LUXOTTICA: SABATO DI STRAORDINARIO INCENTIVATO, MA NON PER IL REPARTO SALDATURA<\/h3>\n<\/blockquote>\n<p><strong><a href=\"https:\/\/www.radiopiu.net\/wordpress\/luxottica-agordo-il-calendario-ferie-di-natale\/maglia-luxottica\/\" rel=\"attachment wp-att-103580\"><img loading=\"lazy\" decoding=\"async\" class=\" wp-image-103580 alignleft\" src=\"https:\/\/www.radiopiu.net\/wordpress\/wp-content\/uploads\/2019\/10\/MAGLIA-LUXOTTICA-300x300.jpeg\" alt=\"\" width=\"92\" height=\"92\" srcset=\"https:\/\/www.radiopiu.net\/wordpress\/wp-content\/uploads\/2019\/10\/MAGLIA-LUXOTTICA-300x300.jpeg 300w, https:\/\/www.radiopiu.net\/wordpress\/wp-content\/uploads\/2019\/10\/MAGLIA-LUXOTTICA-150x150.jpeg 150w, https:\/\/www.radiopiu.net\/wordpress\/wp-content\/uploads\/2019\/10\/MAGLIA-LUXOTTICA-768x768.jpeg 768w, https:\/\/www.radiopiu.net\/wordpress\/wp-content\/uploads\/2019\/10\/MAGLIA-LUXOTTICA.jpeg 1024w\" sizes=\"auto, (max-width: 92px) 100vw, 92px\" \/><\/a>AGORDO <\/strong>Sono passati pochi giorni da quando la dirigenza Luxottica e le RSU hanno trovato l&#8217;accordo per due sabati di straordinario incentivato per il mese di dicembre. Tutte le maestranze dello stabilimento di Agordo, tranne la filiera della plastica, sono chiamate per un sabato lavorativo di 6 ore. Cambio di programmi per il reparto saldatura che sabato prossimo non sar\u00e0 chiamato al lavoro dalle 6:45 alle 12:45.<\/p>\n<p>&nbsp;<\/p>\n<p>&nbsp;<\/p>\n<p>&nbsp;<\/p>\n<hr \/>\n<p>&nbsp;<\/p>\n<blockquote>\n<h3>I DIPENDENTI LUXOTTICA IN ATTESA DEL PACCO NATALIZIO<\/h3>\n<\/blockquote>\n<p><strong><a href=\"https:\/\/www.radiopiu.net\/wordpress\/da-oggi-aperte-le-iscrizioni-al-summer-camp-luxottica\/luxottica-notte\/\" rel=\"attachment wp-att-117391\"><img loading=\"lazy\" decoding=\"async\" class=\"size-medium wp-image-117391 alignleft\" src=\"https:\/\/www.radiopiu.net\/wordpress\/wp-content\/uploads\/2020\/02\/LUXOTTICA-NOTTE-300x225.jpg\" alt=\"\" width=\"300\" height=\"225\" srcset=\"https:\/\/www.radiopiu.net\/wordpress\/wp-content\/uploads\/2020\/02\/LUXOTTICA-NOTTE-300x225.jpg 300w, https:\/\/www.radiopiu.net\/wordpress\/wp-content\/uploads\/2020\/02\/LUXOTTICA-NOTTE-1024x768.jpg 1024w, https:\/\/www.radiopiu.net\/wordpress\/wp-content\/uploads\/2020\/02\/LUXOTTICA-NOTTE-768x576.jpg 768w, https:\/\/www.radiopiu.net\/wordpress\/wp-content\/uploads\/2020\/02\/LUXOTTICA-NOTTE-1536x1152.jpg 1536w, https:\/\/www.radiopiu.net\/wordpress\/wp-content\/uploads\/2020\/02\/LUXOTTICA-NOTTE-2048x1536.jpg 2048w\" sizes=\"auto, (max-width: 300px) 100vw, 300px\" \/><\/a>AGORDO<\/strong><\/p>\n<p>di Gianni Santomaso<\/p>\n<audio class=\"wp-audio-shortcode\" id=\"audio-176073-3\" preload=\"none\" style=\"width: 100%;\" controls=\"controls\"><source type=\"audio\/mpeg\" src=\"https:\/\/www.radiopiu.net\/wordpress\/wp-content\/uploads\/2020\/12\/GIANNI-LUXOTTICA-PACCO-NATALE.mp3?_=3\" \/><a href=\"https:\/\/www.radiopiu.net\/wordpress\/wp-content\/uploads\/2020\/12\/GIANNI-LUXOTTICA-PACCO-NATALE.mp3\">https:\/\/www.radiopiu.net\/wordpress\/wp-content\/uploads\/2020\/12\/GIANNI-LUXOTTICA-PACCO-NATALE.mp3<\/a><\/audio>\n<p>&nbsp;<\/p>\n<hr \/>\n<p>&nbsp;<\/p>\n<blockquote>\n<h2>LE INTERROGAZIONI DELLA MINORANZA FODOM: DUBBI CHE RESTANO<\/h2>\n<\/blockquote>\n<p><a href=\"https:\/\/www.radiopiu.net\/wordpress\/il-ritorno-del-lupo-in-territorio-fodom\/pp-44\/\" rel=\"attachment wp-att-176265\"><img loading=\"lazy\" decoding=\"async\" class=\"wp-image-176265 alignleft\" src=\"https:\/\/www.radiopiu.net\/wordpress\/wp-content\/uploads\/2020\/12\/pp-300x300.jpg\" alt=\"\" width=\"139\" height=\"139\" srcset=\"https:\/\/www.radiopiu.net\/wordpress\/wp-content\/uploads\/2020\/12\/pp-300x300.jpg 300w, https:\/\/www.radiopiu.net\/wordpress\/wp-content\/uploads\/2020\/12\/pp-150x150.jpg 150w, https:\/\/www.radiopiu.net\/wordpress\/wp-content\/uploads\/2020\/12\/pp.jpg 549w\" sizes=\"auto, (max-width: 139px) 100vw, 139px\" \/><\/a><strong>LIVINALLONGO<\/strong> Nel consiglio comunale dell&#8217;altra sera la minoranza ha presentato al sindaco ma anche all&#8217;assessore al turismo tre interrogazioni: sulla condotta seguita durante i consigli comunali, sul progetto del centro benessere di Arabba con relativo spostamento dei soldi dei fondi di confine e sul centro di protezione civile di Arabba. Le risposte non hanno soddisfatto i firmatari dei documenti: Daniela Templari, Silvia De Dorigo Del Monego e Claudio Sorarui.<\/p>\n<p><strong>AI MICROFONI DI RADIO PIU SILVIA DE DORIGO DEL MONEGO<\/strong><\/p>\n<audio class=\"wp-audio-shortcode\" id=\"audio-176073-4\" preload=\"none\" style=\"width: 100%;\" controls=\"controls\"><source type=\"audio\/mpeg\" src=\"https:\/\/www.radiopiu.net\/wordpress\/wp-content\/uploads\/2020\/12\/SILVIA-DEL-MONEGO.mp3?_=4\" \/><a href=\"https:\/\/www.radiopiu.net\/wordpress\/wp-content\/uploads\/2020\/12\/SILVIA-DEL-MONEGO.mp3\">https:\/\/www.radiopiu.net\/wordpress\/wp-content\/uploads\/2020\/12\/SILVIA-DEL-MONEGO.mp3<\/a><\/audio>\n<p>&nbsp;<\/p>\n<p><strong>INTERPELLANZA AL SINDACO CIRCA I MOTIVI DELLA CONDOTTA SEGUITA<\/strong><br \/>\n<strong>DURANTE IL CONSIGLIO COMUNALE.\u00a0\u00a0 25 novembre 2020<\/strong><\/p>\n<p>L&#8217;interpellanza prende le mosse da un recente consiglio comunale dove, raccontano i consiglieri di minorana Daniela Templari, Silvia De Dorigo Delmonego e Claudio Sorarui <em>&#8220;il\u00a0 Sindaco ha taciuto il neo Assessore al Turismo Francesco Martini e la Consigliera Silvia De Dorigo Delmonego, impedendo alla stessa di esprimere un pensiero e porre delle domande al neo assessore al turismo, riguardo un punto all\u2019ordine del giorno, che aveva altres\u00ec a che fare con l\u2019interrogazione presentata dalla minoranza nei mesi antecedenti&#8221;.<\/em>\u00a0 \u00a0Quindi la domanda: &#8220;<em>di giustificare la condotta del\u00a0 Sindaco, lesiva dei diritti fondamentali dei cittadini italiani previsti dalla costituzione, ed altres\u00ec discriminatori nei confronti del genere femminile; \u00a0che venga rispettato il ruolo della minoranza, cos\u00ec come da sempre avvenuto nella nostra comunit\u00e0 e <\/em><em>che i Consigli Comunali vengano registrati integralmente al fine di prevenire eventuali futuri<\/em><br \/>\n<em>atti discriminatori, \u00a0che i Consigli Comunali vengano trasmessi in diretta e pubblicati online, al fine di garantire la partecipazione dei cittadini in periodo di emergenza Covid-19. Nel caso si continui a perseverare sulla stessa linea, saremo costretti, tutte le volte che verr\u00e0 <\/em><em>impedito di esprimere alla minoranza il proprio pensiero, di abbandonare l\u2019aula, e gli <\/em><em>specifici casi verranno portati a conoscenza nelle sedi opportune, e ciascuno sar\u00e0 chiamato a <\/em><em>rispondere delle proprie responsabilit\u00e0&#8221;.\u00a0<\/em><\/p>\n<p>&nbsp;<\/p>\n<p><strong>INTERROGAZIONE AL SINDACO E ALL\u00b4ASSESSORE AL <\/strong><strong>TURISMO &#8211; Approfondimenti Centro Benessere ad Arabba. 25 novembre 2020<\/strong><\/p>\n<p><em>&#8220;Riteniamo opportuno che il Sindaco renda noto alla popolazione\u00a0 lo studio di sostenibilit\u00e0, al fine di garantire la trasparenza e la chiarezza di tale investimento. Infatti sugli organi di stampa il Sindaco dichiarava la sostenibilit\u00e0 economica e finanziaria del Centro Benessere ad Arabba&#8221;<\/em>. Partendo da questo presupposto i consigliere di minoranza chiedono\u00a0 su quali basi il Sindaco abbia fornito tali notizie alla stampa definendo il Centro Benessere sostenibile dal punto di vista economico finanziario, fintanto che l\u00b4analisi professionale non \u00e8 ancora ultimata e disponibile, nonch\u00e9 di comunicare al Consiglio Comunale chi siano i soggetti terzi interessati alla gestione dello stesso.<\/p>\n<p>&nbsp;<\/p>\n<p><strong>INTERROGAZIONE\u00a0 Centro di Protezione Civile ad Arabba.\u00a0 25 novembre 2020<\/strong><\/p>\n<p>In riferimento al progetto di costruzione di un Centro per la Protezione Civile ad Arabba la minoranza chiede di conoscere la presentazione del progetto e dei relativi finanziamenti. Inoltre la critica: <em>&#8220;Vorremmo\u00a0 far notare che non riteniamo lungimirante, n\u00e9 tantomeno strategica, la scelta della localizzazione di tale struttura. Dato il suo scopo, nonch\u00e9 la sua natura intrinseca, reputiamo che l`ubicazione adatta a tale struttura sia da prevedere decentrata rispetto ai centri abitati, tuttalpi\u00f9 se caratterizzati dalla presenza di flussi turistici ed altres\u00ec pi\u00f9 centrale rispetto all`intero territorio da coprire, al fine di minimizzare i tempi di attesa. Chiediamo infine spiegazioni in merito alla necessit\u00e0 di sostituire i portoni della sede dei Vigili del Fuoco <\/em><em>esistente, in considerazione del fatto che \u00e8 in previsione la costruzione di una nuova sede&#8221;.<\/em><\/p>\n<p>&nbsp;<\/p>\n<p>&nbsp;<\/p>\n<hr \/>\n<blockquote class=\"wp-embedded-content\" data-secret=\"qKM6KX4U8i\"><p><a href=\"https:\/\/www.radiopiu.net\/wordpress\/agg-dic-01\/\">CORONAVIRUS: AGGIORNAMENTO NAZIONALE 01 DICEMBRE<\/a><\/p><\/blockquote>\n<p><iframe loading=\"lazy\" class=\"wp-embedded-content\" sandbox=\"allow-scripts\" security=\"restricted\" style=\"position: absolute; clip: rect(1px, 1px, 1px, 1px);\" title=\"&#8220;CORONAVIRUS: AGGIORNAMENTO NAZIONALE 01 DICEMBRE&#8221; &#8212; Radio Pi\u00f9\" src=\"https:\/\/www.radiopiu.net\/wordpress\/agg-dic-01\/embed\/#?secret=qKM6KX4U8i\" data-secret=\"qKM6KX4U8i\" width=\"600\" height=\"338\" frameborder=\"0\" marginwidth=\"0\" marginheight=\"0\" scrolling=\"no\"><\/iframe><\/p>\n<p>&nbsp;<\/p>\n<hr \/>\n<p>&nbsp;<\/p>\n<blockquote class=\"wp-embedded-content\" data-secret=\"y0hbIcvfuh\"><p><a href=\"https:\/\/www.radiopiu.net\/wordpress\/nelle-ultime-24-ore-2476-nuovi-positivi-in-veneto-forte-incremento-di-negativizzati-2327-68-decessi-e-ricoveri-sempre-in-aumento-a-belluno-132-nuove-positivita\/\">NELLE ULTIME 24 ORE 2476 NUOVI POSITIVI IN VENETO. FORTE INCREMENTO DI NEGATIVIZZATI (2327), 68 DECESSI E RICOVERI SEMPRE IN AUMENTO. A BELLUNO 132 NUOVE POSITIVITA&#8217;<\/a><\/p><\/blockquote>\n<p><iframe loading=\"lazy\" class=\"wp-embedded-content\" sandbox=\"allow-scripts\" security=\"restricted\" style=\"position: absolute; clip: rect(1px, 1px, 1px, 1px);\" title=\"&#8220;NELLE ULTIME 24 ORE 2476 NUOVI POSITIVI IN VENETO. FORTE INCREMENTO DI NEGATIVIZZATI (2327), 68 DECESSI E RICOVERI SEMPRE IN AUMENTO. A BELLUNO 132 NUOVE POSITIVITA&#8217;&#8221; &#8212; Radio Pi\u00f9\" src=\"https:\/\/www.radiopiu.net\/wordpress\/nelle-ultime-24-ore-2476-nuovi-positivi-in-veneto-forte-incremento-di-negativizzati-2327-68-decessi-e-ricoveri-sempre-in-aumento-a-belluno-132-nuove-positivita\/embed\/#?secret=y0hbIcvfuh\" data-secret=\"y0hbIcvfuh\" width=\"600\" height=\"338\" frameborder=\"0\" marginwidth=\"0\" marginheight=\"0\" scrolling=\"no\"><\/iframe><\/p>\n<p>&nbsp;<\/p>\n<hr \/>\n<p>&nbsp;<\/p>\n<blockquote>\n<h3>I GRAFICI DI TIZIANO DE COL<\/h3>\n<\/blockquote>\n\n\t\t\t<style type='text\/css'>\n\t\t\t\t#gallery-4 {\n\t\t\t\t\tmargin: auto;\n\t\t\t\t}\n\t\t\t\t#gallery-4 .gallery-item {\n\t\t\t\t\tfloat: left;\n\t\t\t\t\tmargin-top: 10px;\n\t\t\t\t\ttext-align: center;\n\t\t\t\t\twidth: 33%;\n\t\t\t\t}\n\t\t\t\t#gallery-4 img {\n\t\t\t\t\tborder: 2px solid #cfcfcf;\n\t\t\t\t}\n\t\t\t\t#gallery-4 .gallery-caption {\n\t\t\t\t\tmargin-left: 0;\n\t\t\t\t}\n\t\t\t\t\/* see gallery_shortcode() in wp-includes\/media.php *\/\n\t\t\t<\/style>\n\t\t<div id='gallery-4' class='dt-gallery-container gallery galleryid-176073 gallery-columns-3 gallery-size-medium'><dl class='gallery-item'>\n\t\t\t\t<dt class='gallery-icon landscape'>\n\t\t\t\t\t<a class=\"rollover rollover-zoom dt-pswp-item\" title=\"47b1dac2-7608-4e73-a09c-f2df253fe5a5\" data-dt-img-description=\"\" data-large_image_width=\"602\" data-large_image_height=\"354\"href='https:\/\/www.radiopiu.net\/wordpress\/wp-content\/uploads\/2020\/12\/47b1dac2-7608-4e73-a09c-f2df253fe5a5.jpg'><img loading=\"lazy\" decoding=\"async\" width=\"300\" height=\"176\" src=\"https:\/\/www.radiopiu.net\/wordpress\/wp-content\/uploads\/2020\/12\/47b1dac2-7608-4e73-a09c-f2df253fe5a5-300x176.jpg\" class=\"attachment-medium size-medium\" alt=\"\" srcset=\"https:\/\/www.radiopiu.net\/wordpress\/wp-content\/uploads\/2020\/12\/47b1dac2-7608-4e73-a09c-f2df253fe5a5-300x176.jpg 300w, https:\/\/www.radiopiu.net\/wordpress\/wp-content\/uploads\/2020\/12\/47b1dac2-7608-4e73-a09c-f2df253fe5a5.jpg 602w\" sizes=\"auto, (max-width: 300px) 100vw, 300px\" \/><\/a>\n\t\t\t\t<\/dt><\/dl><dl class='gallery-item'>\n\t\t\t\t<dt class='gallery-icon landscape'>\n\t\t\t\t\t<a class=\"rollover rollover-zoom dt-pswp-item\" title=\"4659564e-5599-45d1-980e-a397dc2f946e\" data-dt-img-description=\"\" data-large_image_width=\"662\" data-large_image_height=\"430\"href='https:\/\/www.radiopiu.net\/wordpress\/wp-content\/uploads\/2020\/12\/4659564e-5599-45d1-980e-a397dc2f946e.jpg'><img loading=\"lazy\" decoding=\"async\" width=\"300\" height=\"195\" src=\"https:\/\/www.radiopiu.net\/wordpress\/wp-content\/uploads\/2020\/12\/4659564e-5599-45d1-980e-a397dc2f946e-300x195.jpg\" class=\"attachment-medium size-medium\" alt=\"\" srcset=\"https:\/\/www.radiopiu.net\/wordpress\/wp-content\/uploads\/2020\/12\/4659564e-5599-45d1-980e-a397dc2f946e-300x195.jpg 300w, https:\/\/www.radiopiu.net\/wordpress\/wp-content\/uploads\/2020\/12\/4659564e-5599-45d1-980e-a397dc2f946e.jpg 662w\" sizes=\"auto, (max-width: 300px) 100vw, 300px\" \/><\/a>\n\t\t\t\t<\/dt><\/dl><dl class='gallery-item'>\n\t\t\t\t<dt class='gallery-icon landscape'>\n\t\t\t\t\t<a class=\"rollover rollover-zoom dt-pswp-item\" title=\"82c1649d-5f2d-4740-92b4-db7d12f7c2d0\" data-dt-img-description=\"\" data-large_image_width=\"586\" data-large_image_height=\"357\"href='https:\/\/www.radiopiu.net\/wordpress\/wp-content\/uploads\/2020\/12\/82c1649d-5f2d-4740-92b4-db7d12f7c2d0.jpg'><img loading=\"lazy\" decoding=\"async\" width=\"300\" height=\"183\" src=\"https:\/\/www.radiopiu.net\/wordpress\/wp-content\/uploads\/2020\/12\/82c1649d-5f2d-4740-92b4-db7d12f7c2d0-300x183.jpg\" class=\"attachment-medium size-medium\" alt=\"\" srcset=\"https:\/\/www.radiopiu.net\/wordpress\/wp-content\/uploads\/2020\/12\/82c1649d-5f2d-4740-92b4-db7d12f7c2d0-300x183.jpg 300w, https:\/\/www.radiopiu.net\/wordpress\/wp-content\/uploads\/2020\/12\/82c1649d-5f2d-4740-92b4-db7d12f7c2d0.jpg 586w\" sizes=\"auto, (max-width: 300px) 100vw, 300px\" \/><\/a>\n\t\t\t\t<\/dt><\/dl><br style=\"clear: both\" \/>\n\t\t\t<\/div>\n\n<p>&nbsp;<\/p>\n<hr \/>\n<p>&nbsp;<\/p>\n<blockquote>\n<h3>A VILLA DI VILLA IL DRIVE IN CON LA PROTEZIONE CIVILE PER LA POPOLAZIONE SCOLASTICA IN CASO DI NECESSITA&#8217;<\/h3>\n<\/blockquote>\n<p><strong><a href=\"https:\/\/www.radiopiu.net\/wordpress\/giornale-radiopiu-02-dicembre-2020-direttore-mirko-mezzacasa\/download-1022\/\" rel=\"attachment wp-att-176251\"><img loading=\"lazy\" decoding=\"async\" class=\"wp-image-176251 alignleft\" src=\"https:\/\/www.radiopiu.net\/wordpress\/wp-content\/uploads\/2020\/12\/download-1.jpg\" alt=\"\" width=\"150\" height=\"84\" \/><\/a>BORGO VALBELLUNA<\/strong><\/p>\n<p><strong>di DAMIANO TORMEN<\/strong><\/p>\n<audio class=\"wp-audio-shortcode\" id=\"audio-176073-5\" preload=\"none\" style=\"width: 100%;\" controls=\"controls\"><source type=\"audio\/mpeg\" src=\"https:\/\/www.radiopiu.net\/wordpress\/wp-content\/uploads\/2020\/12\/DAMIANO-DRIVE-IN.mp3?_=5\" \/><a href=\"https:\/\/www.radiopiu.net\/wordpress\/wp-content\/uploads\/2020\/12\/DAMIANO-DRIVE-IN.mp3\">https:\/\/www.radiopiu.net\/wordpress\/wp-content\/uploads\/2020\/12\/DAMIANO-DRIVE-IN.mp3<\/a><\/audio>\n<p>&nbsp;<\/p>\n<p>&nbsp;<\/p>\n<hr \/>\n<p>&nbsp;<\/p>\n<p>&nbsp;<\/p>\n<blockquote>\n<h3>RIECCO I NUOVI SPESA PER LE FAMIGLIE IN DIFFICOLTA&#8217;, COME A PRIMAVERA, DOMANDE ENTRO IL 21 DICEMBRE<\/h3>\n<\/blockquote>\n<p><strong><a href=\"https:\/\/www.radiopiu.net\/wordpress\/giornale-radiopiu-02-dicembre-2020-direttore-mirko-mezzacasa\/download-1023\/\" rel=\"attachment wp-att-176254\"><img loading=\"lazy\" decoding=\"async\" class=\"wp-image-176254 alignleft\" src=\"https:\/\/www.radiopiu.net\/wordpress\/wp-content\/uploads\/2020\/12\/download-2.jpg\" alt=\"\" width=\"150\" height=\"112\" \/><\/a>SAN GREGORIO NELLE ALPI<\/strong><\/p>\n<p><strong>DI DAMIANO TORMEN<\/strong><\/p>\n<audio class=\"wp-audio-shortcode\" id=\"audio-176073-6\" preload=\"none\" style=\"width: 100%;\" controls=\"controls\"><source type=\"audio\/mpeg\" src=\"https:\/\/www.radiopiu.net\/wordpress\/wp-content\/uploads\/2020\/12\/DAMIANO-COVID-SAN-GREGORIO.mp3?_=6\" \/><a href=\"https:\/\/www.radiopiu.net\/wordpress\/wp-content\/uploads\/2020\/12\/DAMIANO-COVID-SAN-GREGORIO.mp3\">https:\/\/www.radiopiu.net\/wordpress\/wp-content\/uploads\/2020\/12\/DAMIANO-COVID-SAN-GREGORIO.mp3<\/a><\/audio>\n<p>&nbsp;<\/p>\n<p>&nbsp;<\/p>\n<hr \/>\n<blockquote>\n<h3>RECORD DI DECESSI: 107; 50MILA TAMPONI IN 24 ORE 2500 POSITIVI TERAPIE INTENSIVE SEMPRE PIU&#8217; VICINE AI NUMERI DI MARZO.<\/h3>\n<\/blockquote>\n<blockquote>\n<h2>LEGGI LA CONFERENZA STAMPA DI LUCA ZAIA<\/h2>\n<\/blockquote>\n<p><em>Auguri a Rina di Marghera per i sui 105 anni e auguri a Sammy Basso per i suoi 25 anni. Commissariare la Regione con i Prefetti? Non esiste! \u00a0Il nuovo Dpcm deve avere il voto delle Regioni, ma ce lo potrebbero inviare anche qualche mezz&#8217;ora prima di pubblicarlo sul bollettino ufficiale. \u00a0Avessimo il test fai da te efficace potremmo gestir meglio anche gli incontri natalizi.<\/em><\/p>\n<p>Siamo sempre nella parte alta della curva, speriamo non riparta verso l&#8217;alto. Abbiamo un terzo dei positivi rispetto a marzo (dato su tamponi fatti) e abbiamo pi\u00f9 ricoverati di marzo: il virus \u00e8 meno presente di marzo ma il contagio \u00e8 maggiore a causa di un distanziamento minore rispetto al lockdown primaverile,\u00a0 gli assembramenti sono il vero veicolo del virus. . <strong>HO POSTO UN ASPETTO SOCIOLOGICO\u00a0<\/strong> Che il sentiment tra la prima fase di marzo e oggi \u00e8 cambiato, a marzo avevamo paura dell&#8217;ignoto, di morire, e tutti erano pronti al rispetto delle regole, oggi purtroppo per alcuni il covid \u00e8 un problema di chi \u00e8 in ospedale. I colleghi presidenti hanno colto l&#8217;istanza dell&#8217;importanza delle campagne di informazione serie e sincere per ristabilire i collegamenti con i cittadini. Pensare di gestire il covid da qui ad aprile a suon di DPCM e ordinanze regionali anche no, ci vuole un nuovo patto sociale. <strong>VIDEO CONFERENZA STATO-REGIONE<\/strong> Bisogna normare l&#8217;assembramento, non la singola attivit\u00e0,\u00a0 il tema dei ristori deve essere una certezza. <strong>IMPIANTI DI SCI<\/strong> No ai pendolari dello sci chiedono gli assessori della montagna dando la possibilit\u00e0 di sciare solo a chi prenota negli alberghi o possiede una seconda casa (i ricchi ndr.)\u00a0 ma secondo Zaia \u00e8 una posizione che non passer\u00e0<\/p>\n<blockquote>\n<h2>DOMANDE<\/h2>\n<\/blockquote>\n<p><strong>IL VENETO HA DIFESO LA ZONA GIALLA, ORA E&#8217; PENALIZZATO SENZA RISTORI <\/strong>Il Presidente del Consiglio chiedendo ai Presidente delle Regioni ordinanze restrittive aveva promesso comunque misure di ristoro, quasi come un incentivo. \u00a0Il Governo ha confermato un fondo di 250milioni di euro per le restrizioni regionali, di tutte le regioni, noi dovremmo avere 19 milioni circa, se questo intento va avanti. Di restrizioni noi ne abbiamo fatta una d&#8217;intesa con il Ministro della Salute e siamo in zona gialla perch\u00e9 lo dicono i parametri nazionali. Per i ristori ho sollecitato anche oggi, noi in pi\u00f9 abbiamo chiuso le attivit\u00e0 commerciali la domenica, abbiamo imposto un cliente ogni 20 metri quadrati chiudendo altresi&#8217; le medie e grandi strutture di vendita per due sabati. Tutte le altre sono restrizioni nazionali. I bar alle sei di sera non li abbiamo certo chiusi noi. <strong>ZONA GIALLA<\/strong> L&#8217;esame ogni venerdi fino ad ora l&#8217;abbiamo passato. La zona gialla\u00a0 prevede gi\u00e0 delle restrizioni come il divieto di assembramento come nelle zone rosse o arancioni, tutte e\u00a0 tre le zone chiudono i bar e ristoranti alle sei di sera con il coprifuoco alle 22. Quindi la narrazione sembra che la zona gialla abbia regole di lassismo ma non \u00e8 cos\u00ec. Unica cosa che non abbiamo nella zona gialla \u00e8\u00a0 la chiusura dei confini comunali.Noi non siamo vittime della zona gialla ma del non rispetto dell&#8217;assembramento. <strong>I NOSTRI OSPEDALI AL COLLASSO?<\/strong> Ho usato un termine improprio non abbiamo le barelle in corridoio, mi scuso per il termine. Sentiamo una grande pressione questa \u00e8 la realt\u00e0 con 330 persone in terapia intensiva e altre 250 non covid. Di solito il Veneto gestiva 200 terapia intensive. <strong>PATTO SOCIALE CON CAMPAGNE REGIONALI?<\/strong> Abbiamo fatto molto sui social, ci stiamo ragionando, se ci fosse una campagna nazionale mutuata a livello regionale avremo un messaggio unico. Si decida per gli spot informativi. <strong>FASCIA BIANCA NATALIZIA O GIALLA SCOLORITA, LA REGIONE FARA&#8217; ORDINANZE?<\/strong> Se si tratter\u00e0 di affrontare questo tema con i presupposti del piano di sanit\u00e0 pubblica lo faremo ma non abbiamo notizie di fasce bianche. Credo che il minimo sar\u00e0 la fascia gialla come piattaforma punto di partenza. Le chiusure domenicali dei negozi \u00e8 stata una scelta della Regione vedremo cosa succeder\u00e0.<strong> FONDO DI 250 MILIONI CHE COLLOCAZIONE AVRA&#8217;?<\/strong> Immagino nelle legge di bilancio. <strong>IPOTESI CHIUSURA DEGLI HOTEL DI MONTAGNA PER 20 GIORNI<\/strong> Oggi non se n&#8217;\u00e8 parlato in questo caso saranno fondamentali i ristori garantendo gli stipendi agli stagionali e per gli imprenditori il ristoro per la mancanza di fatturato con modello alla tedesca cio\u00e8 percentuale sul fatturato. <strong>A QUANDO IL TESTO DEL DPCM?<\/strong> Noi lo vedremo qualche mezz&#8217;ora prima perch\u00e9 serve la valutazione delle Regioni. E&#8217; positivo se arriva almeno una giornata prima per lavorare e confrontarci. <strong>E&#8217; STATO DISCUSSA L&#8217;IDEA DI INDIVIDUARE I PREFETTI PER RISOLVERE I PROBLEMI DEL TRASPORTO SCOLASTICO E SCUOLA<\/strong> Non se n&#8217;\u00e8 parlato. Da noi non serve il Prefetto, gli altri facciano quello che vogliono, non si metta in dubbio il lavoro della Regione o dell&#8217;assessore\u00a0 ai trasporti De Berti con tutto il rispetto per i Prefetti che hanno ben altro da fare alla faccia dell&#8217;autonomia, sono 10 anni che governiamo questa Regione e la gente sa come.<\/p>\n<p><strong>SE DANNO LA POSSIBILITA&#8217; DI APRIRE GLI IMPIANTI SOLO SCIATORI DELLA REGIONE?<\/strong> Anche questo non \u00e8 stato chiarito rispetto ai confini regionali e poi c&#8217;\u00e8 il tema del ricongiungimento familiare, bisogna stare attenti anche a mettere limiti e ai problemi lavorativi. <strong>CONFRONTO REGIONI E GOVERNO, COSTRUTTIVO E SERRATO<\/strong> Il confronto \u00e8 aperto, mi auguro che il DPCM sia costruito a pi\u00f9 mani tra Governo e Regioni. Questo DPCM segner\u00e0 la storia del covid. Che sia di lunga gittata e con precise prospettive altrimenti diventa un&#8217;epigrafe. Penso che i presupposti per il confronto ci siano, anche i tempi che non \u00e8 pi\u00f9 quello dell&#8217;ultimo miglio, abbiamo due giorni davanti e se ci mandano una bozza di testo (non solo ai giornali) possiamo iniziare a lavorare <strong>INDISCREZIONI DI STAMPA<\/strong> Sono tali, indiscrezioni. IL <strong>GOVERNO E&#8217; CONVINTO CHE CON LA PUBBLICITA&#8217; A SPOT RIAVVICINI LA GENTE? <\/strong>Non ci vedo altra soluzione, \u00e8 un tema di informazione. <strong>PERO&#8217; LA GENTE E&#8217; SATURA<\/strong> E&#8217; la pi\u00f9 grande pandemia della storia. Se da fastidio anche parlare della salute dei veneti allora significa che non si vuol sentire parlare di problemi. <strong>UN PREMIER CHE VORREBBE CONVINCERE GLI STATI VICINI A CHIUDERE GLI IMPIANTI, CON QUALE FORZA?<\/strong> Non lo so dire. Ma non abbiamo il potere &#8220;d&#8217;acquisto&#8221; internazionale. <strong>L&#8217;EUROPA PARLA DI VIETARE LE MESSE DI NATALE IN PRESENZA<\/strong> Non so nulla premesso che ci sono altri problemi da risolvere, c&#8217;\u00e8 sempre il problema del tetto e delle fondamenta. Se la chiesa crea assembramento va chiusa. A marzo leggevo su una rivista straniera che puntava il dito contro le processioni, ma era lo Sri Lanka con 10mila persone che non sono le nostre processioni.<\/p>\n<p>&nbsp;<\/p>\n<p><a href=\"https:\/\/www.facebook.com\/zaiaufficiale\/videos\/394321755101903\">https:\/\/www.facebook.com\/zaiaufficiale\/videos\/394321755101903<\/a><\/p>\n<p>&nbsp;<\/p>\n<p>&nbsp;<\/p>\n<p>&nbsp;<\/p>\n<hr \/>\n<blockquote>\n<h2><\/h2>\n<h2>SPECIALE AREE INTERNE PER USCIRE DALLE ZONE &#8220;SVANTAGGIO&#8221; E CONTRO LO SPOPOLAMENTO<\/h2>\n<h2>dal consiglio dell&#8217;Unione Montana Agordina<\/h2>\n<\/blockquote>\n<p><strong><a href=\"https:\/\/www.radiopiu.net\/wordpress\/giornale-radiopiu-05-dicembre-2018-direttore-mirko-mezzacasa\/whatsapp-image-2018-12-05-at-04-50-34\/\" rel=\"attachment wp-att-68346\"><img loading=\"lazy\" decoding=\"async\" class=\"wp-image-68346 alignleft\" src=\"https:\/\/www.radiopiu.net\/wordpress\/wp-content\/uploads\/2018\/12\/WhatsApp-Image-2018-12-05-at-04.50.34-300x225.jpeg\" alt=\"\" width=\"192\" height=\"144\" srcset=\"https:\/\/www.radiopiu.net\/wordpress\/wp-content\/uploads\/2018\/12\/WhatsApp-Image-2018-12-05-at-04.50.34-300x225.jpeg 300w, https:\/\/www.radiopiu.net\/wordpress\/wp-content\/uploads\/2018\/12\/WhatsApp-Image-2018-12-05-at-04.50.34-768x576.jpeg 768w, https:\/\/www.radiopiu.net\/wordpress\/wp-content\/uploads\/2018\/12\/WhatsApp-Image-2018-12-05-at-04.50.34-1024x768.jpeg 1024w, https:\/\/www.radiopiu.net\/wordpress\/wp-content\/uploads\/2018\/12\/WhatsApp-Image-2018-12-05-at-04.50.34.jpeg 1599w\" sizes=\"auto, (max-width: 192px) 100vw, 192px\" \/><\/a>AGORDO<\/strong> Oltre 8 milioni di euro per le aree interne, i progetti iniziano a vedere la luce come anticipato dal Presidente dell&#8217;Unione Montana, Michele Costa nel corso del consiglio comunale dell&#8217;Unione Montana Agordina.<\/p>\n<p>&nbsp;<\/p>\n<p><strong>MICHELE COSTA<\/strong><\/p>\n<audio class=\"wp-audio-shortcode\" id=\"audio-176073-7\" preload=\"none\" style=\"width: 100%;\" controls=\"controls\"><source type=\"audio\/mpeg\" src=\"https:\/\/www.radiopiu.net\/wordpress\/wp-content\/uploads\/2020\/10\/MICHELE-AREE.mp3?_=7\" \/><a href=\"https:\/\/www.radiopiu.net\/wordpress\/wp-content\/uploads\/2020\/10\/MICHELE-AREE.mp3\">https:\/\/www.radiopiu.net\/wordpress\/wp-content\/uploads\/2020\/10\/MICHELE-AREE.mp3<\/a><\/audio>\n<p>&nbsp;<\/p>\n<p><strong>DI GIANNI SANTOMASO, PUNTATA 1<\/strong><\/p>\n<audio class=\"wp-audio-shortcode\" id=\"audio-176073-8\" preload=\"none\" style=\"width: 100%;\" controls=\"controls\"><source type=\"audio\/mpeg\" src=\"https:\/\/www.radiopiu.net\/wordpress\/wp-content\/uploads\/2020\/11\/gianni-speciale-aree.mp3?_=8\" \/><a href=\"https:\/\/www.radiopiu.net\/wordpress\/wp-content\/uploads\/2020\/11\/gianni-speciale-aree.mp3\">https:\/\/www.radiopiu.net\/wordpress\/wp-content\/uploads\/2020\/11\/gianni-speciale-aree.mp3<\/a><\/audio>\n<p>&nbsp;<\/p>\n<p><strong>DI GIANNI SANTOMASO, PUNTATA 2<\/strong><\/p>\n<audio class=\"wp-audio-shortcode\" id=\"audio-176073-9\" preload=\"none\" style=\"width: 100%;\" controls=\"controls\"><source type=\"audio\/mpeg\" src=\"https:\/\/www.radiopiu.net\/wordpress\/wp-content\/uploads\/2020\/11\/GIANNI-AREE2.mp3?_=9\" \/><a href=\"https:\/\/www.radiopiu.net\/wordpress\/wp-content\/uploads\/2020\/11\/GIANNI-AREE2.mp3\">https:\/\/www.radiopiu.net\/wordpress\/wp-content\/uploads\/2020\/11\/GIANNI-AREE2.mp3<\/a><\/audio>\n<p>&nbsp;<\/p>\n<p>&nbsp;<\/p>\n<hr \/>\n<p>&nbsp;<\/p>\n<blockquote>\n<h3>ATTIVATA L&#8217;USCA A BELLUNO CON 11 MEDICI OPERATIVI PER 12 ORE AL GIORNO, TUTTI I GIORNI. PARLA ADRIANO RASI CALDOGNO<\/h3>\n<\/blockquote>\n<p><strong>BELLUNO <\/strong>Aggiornamento sulla situazione covid in provincia dalla Ulss1 Dolomiti, parla il direttore generale<\/p>\n<blockquote>\n<h2>LEGGI L&#8217;INTERVENTO DI ADRIANO RASI CALDOGNO<\/h2>\n<\/blockquote>\n<p><strong><img loading=\"lazy\" decoding=\"async\" class=\"alignleft\" src=\"https:\/\/www.radiopiu.net\/wordpress\/wp-content\/uploads\/2020\/05\/RASI-CALDOGNO.jpeg\" width=\"237\" height=\"139\" \/>LA NOTIZIA DEL GIORNO<\/strong> Attivata L&#8217;Usca a Belluno con 11 medici operativi sette giorni su sette dalle 8 alle 20. I compiti dell&#8217;unit\u00e0 speciale: la gestione domiciliare dei pazienti covid positivi che non necessitano di un ricovero ospedaliero ma che \u00e8 opportuno siano seguito con specifiche terapie, la grande maggioranza dei soggetti non presenta sintomi, o molto lievi. Queste unit\u00e0 speciali lavorano assieme ai medici di medicina generale, pediatri, pronto soccorso, 118 e specialisti che seguono i malati ricoverati con covid19. Le Usca sono attivata non dall&#8217;utenza ma dai medici di base oppure dal 118 o dalle strutture ospedaliere. Per ogni intervento saranno effettuate schede di monitoraggio.\u00a0 Nel distretto di Feltre \u00e8 gi\u00e0 attiva da alcuni mesi con 5 professionisti e il supporto infermieristico. Da novembre c&#8217;\u00e8 stato un crescendo importante dei casi presi in carico, circa 50 pazienti presi in carico quotidianamente e sorveglianza attiva di oltre 1000 soggetti. Ci sono stati interventi in loco dell&#8217;equipe in 5 residenze per anziani, Meano, Cesio, Feltre, Lentiai e Quero: tassello importante nella strategia per gestire al meglio i pazienti covid trattenendoli il pi\u00f9 possibile a domicilio con adeguata assistenza medica. Potenzieremo ulteriormente le Usca e stiamo cercando medici disponibili per questa attivit\u00e0. <strong>MEDICINA TERRITORIALE<\/strong> Importante azione dei medici di medicina generale, primo interlocutore in caso di necessit\u00e0 per sospetti sintomi di covid. E&#8217; possibile inoltre gradualmente ottenere dal medico di medicina generale il tampone rapido. Distribuiti i tamponi a 43 medici su 132 che hanno iniziato questa azione di screening sui proprio pazienti. Gradualmente si uniranno altri medici.<strong> SITUAZIONE EPIDEMIOLOGICA<\/strong> Alle 8 di questa mattina 141 nuovi positivi in 24 ore, con una flessione rispetto alla scorsa settimana. Sono dati in funzione ai tamponi fatti e refertat. Tutto il Dipartimento di Prevenzione \u00e8 fortemente impegnato per contenere e governare la curva dei contagi. Significativo al proposito il numero di covid point, numero imponente di tamponi rapidi e molecolari. Come gi\u00e0 accennato ormai abbiamo una molte di attivit\u00e0 di 10 volte i tamponi che si facevano a marzo. Ecco perch\u00e9 il ritardo nella consegna dei risultati dei test, non siamo per nulla contenti di questi ritardi ma bisogna comprendere la mole di lavoro diagnostico. <strong>TAMPONI AD AURONZO<\/strong> Domenica l&#8217;operazione mirata con 350 persone nella fascia d&#8217;et\u00e0 41-75 anni per verificare lo stato dell&#8217;arte rispetto alla diffusione del virus in una popolazione tra le pi\u00f9 colpite le scorse settimane con focolai di rilievo. Il dato interessante e confortante che nel campione la positivit\u00e0 \u00e8 pari all&#8217;8 per mille, di gran lunga inferiore delle settimane precedenti. Si pu\u00f2 ragionevolmente affermare che il focolaio di Auronzo \u00e8 in via di ridimensionamento, ma l&#8217;attenzione va tenuta alta. <strong>IN OSPEDALE<\/strong> A ieri sera 14 persone in terapia intensiva 133 area non critica 57 negli ospedali di comunit\u00e0. Una decina di persone provengono da fuori Ulss soprattutto dal Primiero che hanno come riferimento la Ulss Dolomiti.<\/p>\n<p>&nbsp;<\/p>\n<p><a href=\"https:\/\/www.facebook.com\/RasiCaldognoUlssDolomiti\/videos\/676721413016038\">https:\/\/www.facebook.com\/RasiCaldognoUlssDolomiti\/videos\/676721413016038<\/a><\/p>\n<p>&nbsp;<\/p>\n<hr \/>\n<p>&nbsp;<\/p>\n<blockquote>\n<h3>SANIT\u00c0, BOND (FI): \u00abPIANIFICARE SUBITO IL RECUPERO DELLE LISTE D\u2019ATTESA NON COVID. EVITIAMO DI PRESTARE IL FIANCO ALLA PRIVATIZZAZIONE DEI SERVIZI\u00bb<\/h3>\n<\/blockquote>\n<p><strong><a href=\"https:\/\/www.radiopiu.net\/wordpress\/giornale-radiopiu-16-luglio-2020-direttore-mirko-mezzacasa\/bond-roma-2\/\" rel=\"attachment wp-att-149602\"><img loading=\"lazy\" decoding=\"async\" class=\"size-medium wp-image-149602 alignleft\" src=\"https:\/\/www.radiopiu.net\/wordpress\/wp-content\/uploads\/2020\/07\/BOND-ROMA-300x300.jpg\" alt=\"\" width=\"300\" height=\"300\" srcset=\"https:\/\/www.radiopiu.net\/wordpress\/wp-content\/uploads\/2020\/07\/BOND-ROMA-300x300.jpg 300w, https:\/\/www.radiopiu.net\/wordpress\/wp-content\/uploads\/2020\/07\/BOND-ROMA-150x150.jpg 150w, https:\/\/www.radiopiu.net\/wordpress\/wp-content\/uploads\/2020\/07\/BOND-ROMA.jpg 640w\" sizes=\"auto, (max-width: 300px) 100vw, 300px\" \/><\/a>ROMA <\/strong>\u00ab<em>Siamo di fronte al rischio concreto di privatizzazione di una parte della sanit\u00e0. Non si trasformi l\u2019emergenza Covid nell\u2019occasione per dare all\u2019esterno un servizio che oggi i cittadini ricevono dalle Regione e domani potrebbero dover pagare di tasca loro<\/em>\u00bb. A lanciare l\u2019allarme \u00e8 il deputato di Forza Italia Dario Bond, che raccoglie la segnalazione arrivata da Fials (Federazione italiana autonomie locali e sanit\u00e0).\u00a0\u00ab<em>Annuncio che oggi pomeriggio incontrer\u00f2 il ministro Speranza<\/em>\u00bb conclude Dario Bond. \u00ab<em>Oltre a questo specifico tema, gli sottoporr\u00f2 la questione degli impianti di risalita e della stagione invernale, argomento pressante per tante localit\u00e0 di montagna<\/em>\u00bb.<\/p>\n<p><strong>AI MICROFONI DI RADIO PIU&#8217; DARIO BOND<\/strong><\/p>\n<audio class=\"wp-audio-shortcode\" id=\"audio-176073-10\" preload=\"none\" style=\"width: 100%;\" controls=\"controls\"><source type=\"audio\/mpeg\" src=\"https:\/\/www.radiopiu.net\/wordpress\/wp-content\/uploads\/2020\/12\/BOND-SANITA.mp3?_=10\" \/><a href=\"https:\/\/www.radiopiu.net\/wordpress\/wp-content\/uploads\/2020\/12\/BOND-SANITA.mp3\">https:\/\/www.radiopiu.net\/wordpress\/wp-content\/uploads\/2020\/12\/BOND-SANITA.mp3<\/a><\/audio>\n<p>&nbsp;<\/p>\n<hr \/>\n<p>&nbsp;<\/p>\n<p>&nbsp;<\/p>\n<blockquote>\n<h2>LE INIZIATIVE DELLE BIBLIOTECHE E IL SERVIZIO AUDIOLIBRI<\/h2>\n<\/blockquote>\n<p>AUDIO<\/p>\n<audio class=\"wp-audio-shortcode\" id=\"audio-176073-11\" preload=\"none\" style=\"width: 100%;\" controls=\"controls\"><source type=\"audio\/mpeg\" src=\"https:\/\/www.radiopiu.net\/wordpress\/wp-content\/uploads\/2020\/12\/luisa.mp3?_=11\" \/><a href=\"https:\/\/www.radiopiu.net\/wordpress\/wp-content\/uploads\/2020\/12\/luisa.mp3\">https:\/\/www.radiopiu.net\/wordpress\/wp-content\/uploads\/2020\/12\/luisa.mp3<\/a><\/audio>\n<p lang=\"it-IT\" align=\"JUSTIFY\"><strong>di LUISA MANFROI<\/strong><\/p>\n<p lang=\"it-IT\" align=\"JUSTIFY\"><span style=\"color: #000000;\"><span style=\"font-family: Liberation Serif, Times New Roman, serif;\"><span style=\"font-size: medium;\"><span style=\"font-family: Arial, sans-serif;\"><strong><img loading=\"lazy\" decoding=\"async\" class=\"alignleft\" src=\"https:\/\/www.radiopiu.net\/wordpress\/wp-content\/uploads\/2016\/05\/12564441-vecchi-libri-penna-inchiostro-e-calamaio-isolato-su-bianco.jpg\" width=\"244\" height=\"157\" \/>AGORDINO-<\/strong> Tra le iniziative delle biblioteche una riguarda in particolare gli audiolibri, i <\/span><span style=\"font-family: Arial, sans-serif;\">libri da ascoltare a casa. Un servizio gratuito e attivo ormai da qualche anno e diretto a persone che amano la lettura ma che fanno fatica a leggere in modo autonomo, come ad esempio gli anziani, ma non solo. Un progetto nato qualche anno fa e curato dal CILP, Centro Internazionale del Libro Parlato di Feltre. <\/span><span style=\"font-family: Arial, sans-serif;\">\u00ab<\/span><span style=\"font-family: Arial, sans-serif;\">I libri sono registrati da donatori di voce anche agordini ed \u00e8 gestito dalle Biblioteche di Agordo, Alleghe, Canale d\u2019Agordo, Cencenighe e Falcade, su mandato delle rispettive amministrazioni comunali<\/span><span style=\"font-family: Arial, sans-serif;\">\u00bb<\/span><span style=\"font-family: Arial, sans-serif;\"> dice la referente Marilisa Luchetta. <\/span><span style=\"font-family: Arial, sans-serif;\">\u00ab<\/span><span style=\"font-family: Arial, sans-serif;\">In questi giorni viviamo tutti pi\u00f9 isolati nelle nostre case per ridurre il pi\u00f9 possibile i contatti. Perci\u00f2 \u00e8 importante offrire stimoli e passatempi, alternative piacevoli e interessanti al bersagliamento continuo e ossessivo di notizie allarmanti<\/span><span style=\"font-family: Arial, sans-serif;\">\u00bb<\/span><span style=\"font-family: Arial, sans-serif;\">. L\u2019ascolto di un audiolibro pu\u00f2 essere una <\/span><span style=\"font-family: Arial, sans-serif;\"><span lang=\"it-IT\">gradevole<\/span><\/span><span style=\"font-family: Arial, sans-serif;\"> compagnia. Come fare per aderire al servizio ? Basta recarsi presso una delle biblioteche di riferimento che provvederanno a fornire in prestito, alla persona che ne fa richiesta, il lettore Mp4, il formato multimediale utilizzato per contenere video e audio digitali, dai comandi semplificati e dotato di auricolari. Nulla di difficile o di complicato. Il bibliotecario provveder\u00e0 a spiegare il funzionamento del dispositivo e a caricare l\u2019audiolibro, aiutando il lettore nella scelta fra le centinaia di titoli a disposizione. Una volta che l\u2019utente <\/span><span style=\"font-family: Arial, sans-serif;\"><span lang=\"it-IT\">avr\u00e0<\/span><\/span><span style=\"font-family: Arial, sans-serif;\"> finito di ascoltare il libro, dopo qualche giorno o settimana, potr\u00e0 di nuovo <\/span><span style=\"font-family: Arial, sans-serif;\"><span lang=\"it-IT\">andare<\/span><\/span><span style=\"font-family: Arial, sans-serif;\"> in biblioteca per <\/span><span style=\"font-family: Arial, sans-serif;\"><span lang=\"it-IT\">caricarne <\/span><\/span><span style=\"font-family: Arial, sans-serif;\">un altro. Per la pandemia, le biblioteche sono aperte per il servizio di prestito con le dovute cautele che prevedono il distanziamento, l\u2019 obbligo della mascherina, il divieto di assembramento e la quarantena per tutti i libri, una volta rientrati. Alcune biblioteche come quella Vallada (funzionante dal 6 novembre solo in modalit\u00e0 online) o come quella Canale d\u2019Agordo, hanno previsto <\/span><span style=\"font-family: Arial, sans-serif;\"><span lang=\"it-IT\">la<\/span><\/span><span style=\"font-family: Arial, sans-serif;\"> consegna dei libri a domicilio. Per quella di Canale si accede al portale Bibel Biblioteche Bellunesi e l\u2019utente sceglie il titolo del libro. Una volta mandata la mail alla biblioteca, il <\/span><span style=\"font-family: Arial, sans-serif;\"><span lang=\"it-IT\">volume<\/span><\/span><span style=\"font-family: Arial, sans-serif;\"> sar\u00e0 consegnato a casa del lettore che lo ha richiesto. Per le altre strutture pubbliche come Canale <\/span><span style=\"font-family: Arial, sans-serif;\"><span lang=\"it-IT\">associate<\/span><\/span><span style=\"font-family: Arial, sans-serif;\"> al circuito del prestito intersistemico, come quella di Agordo, Falcade, Cencenighe, Alleghe e Rivamonte, si pu\u00f2 <\/span><span style=\"font-family: Arial, sans-serif;\"><span lang=\"it-IT\">effettuare la scelta<\/span><\/span><span style=\"font-family: Arial, sans-serif;\"> dal catalogo online del portale Bibel e passare in biblioteca a richiederlo e a ritirarlo. <\/span><span style=\"font-family: Arial, sans-serif;\"><span lang=\"it-IT\">Tra gli altri <\/span><\/span><span style=\"font-family: Arial, sans-serif;\">servizi si deve ricordare <\/span><span style=\"font-family: Arial, sans-serif;\"><span lang=\"it-IT\">il<\/span><\/span><span style=\"font-family: Arial, sans-serif;\"> prestito digitale <\/span><span style=\"font-family: Arial, sans-serif;\"><span lang=\"it-IT\">messo a disposizione<\/span><\/span><span style=\"font-family: Arial, sans-serif;\"> dalla rete Biblioteche Bellunesi tramite la piattaforma Mlol, che consente in modo gratuito a tutti gli utenti delle biblioteche in questione, di poter scaricare sul proprio dispositivo (tablet, pc o altro) i libri elettronici, gli ebook, <\/span><span style=\"font-family: Arial, sans-serif;\"><span lang=\"it-IT\">consultare <\/span><\/span><span style=\"font-family: Arial, sans-serif;\">l\u2019edicola digitale con oltre 7 mila quotidiani e periodici da tutto il mondo e film. \u00c8 evidente che i servizi delle biblioteche con l\u2019indispensabile presenza dei loro volontari, <\/span><span style=\"font-family: Arial, sans-serif;\"><span lang=\"it-IT\">sono<\/span><\/span><span style=\"font-family: Arial, sans-serif;\"> certamente un diversivo alla tv e ad internet, un supporto in questa stagione prossima all\u2019inv<\/span><span style=\"font-family: Arial, sans-serif;\">erno e nel momento di pandemia che stiamo attraversando.\u00a0<\/span><\/span><\/span><\/span><\/p>\n<hr \/>\n<h2><span style=\"color: #ff0000;\">IERI ALLA RADIO<\/span><\/h2>\n<p>&nbsp;<\/p>\n<blockquote>\n<h2>LE BELLE INIZIATIVE DEGLI OPERATORI TURISTICI E COMUNE PER LE VACANZE DI NATALE. <em>&#8220;LE ALTERNATIVE CI SONO. C&#8217;E&#8217; VOGLIA DI RIPARTIRE E I TURISTI HANNO VOGLIA DI MONTAGNA&#8221;<\/em><\/h2>\n<\/blockquote>\n<p><strong> <img loading=\"lazy\" decoding=\"async\" class=\"alignleft\" src=\"https:\/\/www.radiopiu.net\/wordpress\/wp-content\/uploads\/2019\/01\/pista-pietro-scola-falcade.jpg\" width=\"177\" height=\"118\" \/>FALCADE<\/strong> Ospite di Radio Pi\u00f9 Antonella Schena Presidente del Consorzio Promo Falcade. Le incognite per le vacanze di Natale, impianti di risalita, alberghi.<\/p>\n<p><strong>di Claudio Fontanive<\/strong><\/p>\n<p>&nbsp;<\/p>\n<audio class=\"wp-audio-shortcode\" id=\"audio-176073-12\" preload=\"none\" style=\"width: 100%;\" controls=\"controls\"><source type=\"audio\/mpeg\" src=\"https:\/\/www.radiopiu.net\/wordpress\/wp-content\/uploads\/2020\/10\/antonella-schena.mp3?_=12\" \/><a href=\"https:\/\/www.radiopiu.net\/wordpress\/wp-content\/uploads\/2020\/10\/antonella-schena.mp3\">https:\/\/www.radiopiu.net\/wordpress\/wp-content\/uploads\/2020\/10\/antonella-schena.mp3<\/a><\/audio>\n<p>&nbsp;<\/p>\n<p>&nbsp;<\/p>\n<p>&nbsp;<\/p>\n<hr \/>\n<p>&nbsp;<\/p>\n<blockquote>\n<h3>PROCESSO PFAS, UDIENZA PRELIMINARE<\/h3>\n<\/blockquote>\n<p><strong><a href=\"https:\/\/www.radiopiu.net\/wordpress\/in-cammino-sulla-strada-per-lorto-ripresa-dei-lavori-nei-piccoli-cantieri-edili-sindaci-volendo-riaprono-i-cimiteri-lassessore-gianpaolo-bottacin-spiega-lordinanza-delle-12-30\/bottacin-33\/\" rel=\"attachment wp-att-132784\"><img loading=\"lazy\" decoding=\"async\" class=\"size-medium wp-image-132784 alignleft\" src=\"https:\/\/www.radiopiu.net\/wordpress\/wp-content\/uploads\/2020\/04\/bottacin-1-300x200.jpg\" alt=\"\" width=\"300\" height=\"200\" srcset=\"https:\/\/www.radiopiu.net\/wordpress\/wp-content\/uploads\/2020\/04\/bottacin-1-300x200.jpg 300w, https:\/\/www.radiopiu.net\/wordpress\/wp-content\/uploads\/2020\/04\/bottacin-1.jpg 640w\" sizes=\"auto, (max-width: 300px) 100vw, 300px\" \/><\/a>VENEZIA\u00a0<\/strong>\u00a0\u201c<em>In relazione alla battaglia all\u2019inquinamento da Pfas, desidero innanzitutto ringraziare gli inquirenti e la Procura di Vicenza per il grande lavoro che da tempo stanno svolgendo in una vicenda molto complessa com\u2019\u00e8 questa. Procura e inquirenti a cui abbiamo sempre garantito la massima collaborazione<\/em>\u201d. Sono parole dell\u2019assessore veneto all\u2019Ambiente, Gianpaolo Bottacin, nel commentare le richieste della Procura, emerse dall\u2019udienza preliminare di ieri per uno dei tronconi dell\u2019inchiesta. \u201c<em>A volte si leggono parole che sanno di speculazione politica sulla vicenda \u2013 prosegue l\u2019Assessore -. Per questo trovo doveroso ricordare a tutti che la prima denuncia \u00e8 partita dalla Regione del Veneto, tramite il suo braccio operativo costituito da Arpav, ancora nel 2013 quando nessuno fino a quel momento aveva parlato di questa grave vicenda<\/em>\u201d. \u201c<em>Da allora, poi, abbiamo sempre garantito la massima attenzione al problema \u2013 conclude Bottacin &#8211; imponendo da subito il filtraggio dell&#8217;acqua potabile e fissando i limiti sui Pfas. Per queste azioni, ci siamo esposti a ben quarantatr\u00e9 ricorsi con richieste di risarcimento danni di 98 milioni di euro, in quanto secondo i ricorrenti ci saremmo sostituiti alla competenza dello Stato, che ad oggi per la verit\u00e0 non ha ancora fissato i limiti nonostante le ripetute promesse<\/em>\u201d.<\/p>\n<p>&nbsp;<\/p>\n<p>&nbsp;<\/p>\n<hr \/>\n<p>&nbsp;<\/p>\n<blockquote>\n<h3>POSTICIPATO AVVIO DEI SALDI AL 30 GENNAIO CON POSSIBILITA\u2019 DI VENDITE STRAORDINARIE PRIMA.<\/h3>\n<\/blockquote>\n<p><strong>VENEZIA<\/strong> La giunta regionale ha deliberato di posticipare l\u2019avvio dei saldi al 30 gennaio 2021, consentendo al tempo stesso, in via straordinaria e in deroga alla normativa regionale, lo svolgimento delle vendite promozionali nei trenta giorni antecedenti alle vendite di fine stagione. Come per il periodo estivo la Regione ha accolto la richiesta della maggior parte delle associazioni di categoria di posticipare i saldi. <em>&#8220;Si tratta di sostenere concreto la ripresa del commercio al dettaglio che in tempi di pandemia sta vedendo prevalere il commercio online. Con l\u2019avvio dei saldi un mese dopo rispetto alla consueta data di inizio gennaio, offriamo contemporaneamente la possibilit\u00e0 di effettuare vendite promozionali a partire da inizio gennaio\u201d <\/em>\u00e8 il commento dell&#8217;assessore allo sviluppo economico Roberto Marcato.<\/p>\n<p>&nbsp;<\/p>\n<hr \/>\n<p>&nbsp;<\/p>\n<blockquote>\n<h3>DOGLIONI (CONFCOMMERCIO): \u00abIN ATTESA DEL DPCM\u00a0L&#8217;INCERTEZZA \u00c8 LA PEGGIOR NEMICA DELLE IMPRESE\u00bb<\/h3>\n<\/blockquote>\n<p><strong><a href=\"https:\/\/www.radiopiu.net\/wordpress\/giornale-radiopiu-06-febbraio-2019-direttore-mirko-mezzacasa-2\/confcommercio\/\" rel=\"attachment wp-att-75615\"><img loading=\"lazy\" decoding=\"async\" class=\"size-medium wp-image-75615 alignleft\" src=\"https:\/\/www.radiopiu.net\/wordpress\/wp-content\/uploads\/2019\/02\/CONFCOMMERCIO-300x300.jpg\" alt=\"\" width=\"300\" height=\"300\" srcset=\"https:\/\/www.radiopiu.net\/wordpress\/wp-content\/uploads\/2019\/02\/CONFCOMMERCIO-300x300.jpg 300w, https:\/\/www.radiopiu.net\/wordpress\/wp-content\/uploads\/2019\/02\/CONFCOMMERCIO-150x150.jpg 150w, https:\/\/www.radiopiu.net\/wordpress\/wp-content\/uploads\/2019\/02\/CONFCOMMERCIO.jpg 400w\" sizes=\"auto, (max-width: 300px) 100vw, 300px\" \/><\/a>BELLUNO<\/strong>\u00a0Ormai prossimi all&#8217;uscita del DPCM che dovrebbe regolare la nostra vita sociale ed economica per le settimane a venire Confcommercio Belluno evidenzia come la cosa pi\u00f9 destabilizzante per le imprese sia l&#8217;assoluta incertezza e la conseguente impossibilit\u00e0 di programmare. \u201c<em>Nelle parole dei nostri associati \u2013 afferma il Presidente di Confcommercio Belluno Paolo Doglioni &#8211; riscontriamo un gran senso di impotenza di fronte all&#8217;assoluta incertezza che rende impossibile qualsiasi tipo di programmazione; alberghi che oggi non sanno ancora se potranno aprire i battenti, a quali condizioni e con quale potenziale clientela; ristoranti che, oltre alle gi\u00e0 attuali limitazioni, temono i danni derivanti dalla paventata chiusura obbligatoria di Natale. Il continuo susseguirsi di ipotesi regolamentari ogni giorno diverse e di notizie spesso contraddittorie sta mettendo a dura prova centinaia di imprenditori che non hanno alcuna certezza del domani\u201d<\/em>.\u00a0\u201c<em>Tutti noi \u2013 continua Doglioni \u2013 confidiamo che la situazione sanitaria sia tale da consentire ad esempio l&#8217;apertura nelle stazioni turistiche di strutture ricettive, locali pubblici, attivit\u00e0 commerciali ed impianti; un malaugurato blocco delle attivit\u00e0 comporter\u00e0 danni economici pesantissimi. L&#8217;appello che rivolgo al Governo \u00e8 che, in accordo con le Regioni, valuti soluzioni tali da contemperare la tutela della salute con le esigenze di un&#8217;economia gi\u00e0 provata da mesi di emergenza.\u00a0\u00a0 Credo che le soluzioni si possano trovare. \u00c8 fondamentale che, in ogni caso, ora le imprese abbiano delle certezze<\/em>\u201d.\u00a0<em>\u201cDa parte nostra e dei nostri Associati \u2013 conclude il Presidente Doglioni &#8211; c&#8217;\u00e8 la piena consapevolezza della gravit\u00e0 della situazione sanitaria ma anche un elevato livello di responsabilit\u00e0 nel rispettare e nel far rispettare i protocolli gestionali gi\u00e0 attivi e sui quali l&#8217;impegno formativo e divulgativo dell&#8217;Associazione \u00e8 quotidiano. Nessun imprenditore ha interesse ad aprire e condurre la propria attivit\u00e0 sottovalutando i rischi sanitari mettendo a repentaglio la propria salute nonch\u00e9 quella di collaboratori e clienti. Nel caso in cui settori come ad esempio la ricettivit\u00e0 e la ristorazione fossero costrette a chiudere proprio nel periodo Natalizio, momento cruciale per la sopravvivenza di migliaia di imprese, i ristori dovranno essere certi, immediati, adeguati ed incisivi; parametrati alle perdite di fatturato. Molte aziende altrimenti non avranno un futuro. Al pari sar\u00e0 necessaria una politica di effettiva e strutturale\u00a0 defiscalizzazione per il 2021<\/em>\u201d.<\/p>\n<p>&nbsp;<\/p>\n<p>&nbsp;<\/p>\n<hr \/>\n<p>&nbsp;<\/p>\n<blockquote>\n<h3>CONFAPI VENETO SUL DEFR: \u00abBENE, MA SERVONO MISURE CONCRETE E URGENTI PER SOSTENERE L\u2019ACCESSO AL CREDITO\u00bb<\/h3>\n<\/blockquote>\n<p><strong><a href=\"https:\/\/www.radiopiu.net\/wordpress\/giornale-radiopiu-02-dicembre-2020-direttore-mirko-mezzacasa\/ravetto-3\/\" rel=\"attachment wp-att-176157\"><img loading=\"lazy\" decoding=\"async\" class=\" wp-image-176157 alignleft\" src=\"https:\/\/www.radiopiu.net\/wordpress\/wp-content\/uploads\/2020\/12\/Ravetto-300x205.jpg\" alt=\"\" width=\"191\" height=\"130\" srcset=\"https:\/\/www.radiopiu.net\/wordpress\/wp-content\/uploads\/2020\/12\/Ravetto-300x205.jpg 300w, https:\/\/www.radiopiu.net\/wordpress\/wp-content\/uploads\/2020\/12\/Ravetto-1024x701.jpg 1024w, https:\/\/www.radiopiu.net\/wordpress\/wp-content\/uploads\/2020\/12\/Ravetto-768x525.jpg 768w, https:\/\/www.radiopiu.net\/wordpress\/wp-content\/uploads\/2020\/12\/Ravetto-1536x1051.jpg 1536w, https:\/\/www.radiopiu.net\/wordpress\/wp-content\/uploads\/2020\/12\/Ravetto.jpg 1640w\" sizes=\"auto, (max-width: 191px) 100vw, 191px\" \/><\/a>VENEZIA\u00a0<\/strong> Il presidente di Confapi Veneto Manfredi Ravetto (foto) \u00e8 intervenuto all\u2019audizione della Prima Commissione Consiliare della Regione Veneto incentrata sull\u2019aggiornamento del Documento di Economia e Finanza Regionale (DEFR). Ravetto ha sottolineato la necessit\u00e0 di <em>\u00abadottare misure concrete e urgenti in materia di agevolazioni per l\u2019accesso al credito delle Piccole medie imprese, destinando adeguate risorse che consentano loro di svolgere e rilanciare la propria attivit\u00e0 e i propri investimenti\u00bb<\/em>. \u00a0Ravetto ha voluto porre in evidenza come sia positivo lo stanziamento di fondi destinati alla riqualificazione energetica delle imprese e, tuttavia, come <em>\u00abnello stanziare i fondi occorra fare attenzione alle priorit\u00e0, perch\u00e9 il rischio \u00e8 quello che si finisca col finanziare la riqualificazione energetica di aziende che poi non riusciranno pi\u00f9 a rimanere in piedi, proprio perch\u00e9 impossibilitate ad accedere al credito<\/em>.<em> Non dimentichiamo mai che il tessuto della nostra economia \u00e8 composto in maggioranza da piccole e medie imprese, quelle che si trovano a pagare il prezzo pi\u00f9 alto alla pandemia\u00bb.<\/em><\/p>\n<h3><\/h3>\n<blockquote><p>&nbsp;<\/p>\n<p>&nbsp;<\/p><\/blockquote>\n<hr \/>\n<h3><\/h3>\n<blockquote>\n<h3>CONTRIBUTO STRAORDINARIO ALLE AZIENDE DI TRASPORTO: LA PROVINCIA ASSEGNA 100MILA EURO<\/h3>\n<\/blockquote>\n<p><strong><a href=\"https:\/\/www.radiopiu.net\/wordpress\/giornale-radiopiu-28-marzo-2018-direttore-mirko-mezzacasa\/modern-blue-bus\/\" rel=\"attachment wp-att-45488\"><img loading=\"lazy\" decoding=\"async\" class=\"size-medium wp-image-45488 alignleft\" src=\"https:\/\/www.radiopiu.net\/wordpress\/wp-content\/uploads\/2018\/03\/Autobus-300x200.jpg\" alt=\"\" width=\"300\" height=\"200\" srcset=\"https:\/\/www.radiopiu.net\/wordpress\/wp-content\/uploads\/2018\/03\/Autobus-300x200.jpg 300w, https:\/\/www.radiopiu.net\/wordpress\/wp-content\/uploads\/2018\/03\/Autobus.jpg 424w\" sizes=\"auto, (max-width: 300px) 100vw, 300px\" \/><\/a>BELLUNO\u00a0<\/strong>La Provincia di Belluno ha stanziato nell\u2019ultima manovra di bilancio 100mila euro per il settore del trasporto privato. Un contributo straordinario per bus operator e Ncc che a seguito dell\u2019emergenza sanitaria hanno subito forti contrazioni del fatturato e in alcuni casi il blocco completo dell\u2019attivit\u00e0. Le risorse saranno distribuite a seguito di un bando di rapida emanazione. E per stabilire i criteri di assegnazione, questa mattina il presidente Roberto Padrin e il consigliere delegato Dario Scopel hanno incontrato Confartigianato Belluno e le imprese associate afferenti al settore trasporti.\u00a0\u00ab<em>Abbiamo condiviso gli scenari attuali e stabilito insieme le modalit\u00e0 di intervento da parte della Provincia &#8211; spiega il presidente Roberto Padrin -. L\u2019obiettivo \u00e8 dare un minimo di respiro a imprese che stanno pagando oltremisura le conseguenze della pandemia. Al momento siamo riusciti a inserire nelle pieghe della \u201cmanovra Covid\u201d un primo stanziamento da 100mila euro. Se dovessero esserci ulteriori risorse da parte dello Stato, interverremo nuovamente, con l\u2019idea di preservare il tessuto produttivo delle piccole realt\u00e0 presenti sul territorio provinciale. Dovessero chiudere a causa della crisi, ci ritroveremmo impoveriti anche dal punto di vista sociale e dei servizi, non solo economicamente<\/em>\u00bb.\u00a0Due saranno i codici Ateco beneficiari del bando provinciale. Vale a dire il 49.39.09 (attivit\u00e0 di trasporti terrestri di passeggeri nca) e il 49.32.20 (trasporto mediante noleggio di autovetture da rimessa con conducente), per una ventina di aziende presenti in provincia. Tre le categorie su cui sar\u00e0 assegnato il punteggio per il riparto del contributo: autoveicoli fino a 9 posti, scuolabus e pullman.\u00a0\u00ab<em>Ringraziamo la Provincia per queste risorse, fondamentali in un momento di difficolt\u00e0 come quello che stanno attraversando le imprese di trasporto &#8211; commenta Claudia Scarzanella, presidente di Confartigianato Belluno -. La sopravvivenza e il rilancio delle attivit\u00e0 passano inevitabilmente da questo genere di sostegni, anche in vista della continuazione dello sviluppo turistico del Bellunese, che ci auguriamo tutti dopo l\u2019archiviazione del Covid<\/em>\u00bb.\u00a0Proprio per guardare oltre il contingente e agganciare la ripresa, la Provincia ha aggiunto un\u2019ulteriore tassello e si \u00e8 proposta per fare da coordinamento a un progetto di collaborazione tra i privati e Dolomitibus, lanciato da Confartigianato Belluno. \u00abAbbiamo definito le strategie per il post-Covid &#8211; sottolinea il presidente Padrin &#8211; in un gioco di squadra pubblico-privato che dovr\u00e0 essere definito al dettaglio, ma potr\u00e0 portare grandi benefici al territorio\u00bb.\u00a0Nella definizione generale, che dovr\u00e0 essere studiata al dettaglio, \u00e8 in previsione un supporto delle aziende private ai servizi Dolomitibus, in modo da garantire collegamenti anche nelle zone pi\u00f9 periferiche della provincia (oggi \u201ca domanda ridotta\u201d). In questo senso, Confartigianato si propone di collaborare per raggiungere con piccoli mezzi, magari a chiamata, aree in cui il servizio pubblico oggi non pu\u00f2 arrivare.\u00a0\u00ab<em>Un\u2019idea valida e interessante, che Dolomitibus sposa e che dovr\u00e0 essere definita in un futuro tavolo tecnico &#8211; afferma Natalia Ranza, amministratore delegato dell\u2019azienda di trasporto pubblico -. Al momento siamo concentrati sulla predisposizione del servizio da gennaio in avanti, alla luce del possibile rientro progressivo alla didattica in presenza. Auspicio che dalla prossima primavera si possa lavorare meno a singhiozzo, anche definendo la proposta di Confartigianato<\/em>\u00bb.\u00a0\u00ab<em>Siamo molto soddisfatti di poter avviare questo gioco di squadra, frutto di un lavoro dal basso con le categorie e di un dialogo costante con la Provincia &#8211; conclude Claudia Scarzanella -. Nella lotta allo spopolamento che da anni perseguiamo, questo potr\u00e0 essere un tassello importante<\/em>\u00bb<\/p>\n<p>&nbsp;<\/p>\n<p>&nbsp;<\/p>\n<hr \/>\n<p>&nbsp;<\/p>\n<blockquote>\n<h3>CONTRIBUTO AL COMUNE DI PONTE NELLE ALPI PER RICOSTRUIRE IL PALAMARES: DALLA PROVINCIA ARRIVANO 50MILA EURO<\/h3>\n<\/blockquote>\n<p><strong><a href=\"https:\/\/www.radiopiu.net\/wordpress\/contributo-al-comune-di-ponte-nelle-alpi-per-ricostruire-il-palamares-dalla-provincia-arrivano-50mila-euro\/pala-mares-ponte\/\" rel=\"attachment wp-att-176165\"><img loading=\"lazy\" decoding=\"async\" class=\"size-medium wp-image-176165 alignleft\" src=\"https:\/\/www.radiopiu.net\/wordpress\/wp-content\/uploads\/2020\/12\/PALA-MARES-PONTE-300x225.jpg\" alt=\"\" width=\"300\" height=\"225\" srcset=\"https:\/\/www.radiopiu.net\/wordpress\/wp-content\/uploads\/2020\/12\/PALA-MARES-PONTE-300x225.jpg 300w, https:\/\/www.radiopiu.net\/wordpress\/wp-content\/uploads\/2020\/12\/PALA-MARES-PONTE-1024x768.jpg 1024w, https:\/\/www.radiopiu.net\/wordpress\/wp-content\/uploads\/2020\/12\/PALA-MARES-PONTE-768x576.jpg 768w, https:\/\/www.radiopiu.net\/wordpress\/wp-content\/uploads\/2020\/12\/PALA-MARES-PONTE-1536x1152.jpg 1536w, https:\/\/www.radiopiu.net\/wordpress\/wp-content\/uploads\/2020\/12\/PALA-MARES-PONTE.jpg 1600w\" sizes=\"auto, (max-width: 300px) 100vw, 300px\" \/><\/a>PONTE NELLE ALPI\u00a0<\/strong>Nella manovra \u201cCovid\u201d varata nell\u2019ultimo consiglio provinciale, 50mila euro dell\u2019avanzo di amministrazione sono stati destinati al Comune di Ponte nelle Alpi. Un contributo straordinario per la ricostruzione del Palamares, distrutto dal maltempo della scorsa estate. Il 29 agosto infatti le fortissime raffiche di vento hanno divelto i teloni della tensostruttura comunale.\u00a0\u00ab<em>Si tratta di un contributo per il Comune di Ponte nelle Alpi, ma anche di un investimento per la Provincia &#8211; spiega il consigliere delegato alla difesa del suolo Massimo Bortoluzzi -. Infatti il Palamares \u00e8 utilizzato come struttura di Protezione Civile in caso di calamit\u00e0. Viste le fragilit\u00e0 ricorrenti del nostro territorio e gli eventi calamitosi di fine agosto, che hanno portato alla distruzione della tensostruttura, direi che \u00e8 doveroso ricostruirla quanto prima. In questa direzione va l\u2019iniziativa della Provincia, che si somma al cofinanziamento per la realizzazione del Centro coordinamento sicurezza, nella nuova caserma dei vigili del fuoco di via Col da Ren<\/em>\u00bb.\u00a0\u00ab<em>Ringrazio la Provincia per il rapido interessamento &#8211; commenta il sindaco di Ponte nelle Alpi e consigliere provinciale Paolo Vendramini -. Il Palamares non \u00e8 solo un luogo per lo sport, ma rappresenta uno dei punti di ammassamento della popolazione in caso di emergenze e calamit\u00e0. La sinergia tra Comuni e Provincia, in un\u2019ottica di filiera corta, si conferma il modo migliore per intervenire puntualmente ed efficacemente sul territorio<\/em>\u00bb.<\/p>\n<p>&nbsp;<\/p>\n<p>&nbsp;<\/p>\n<hr \/>\n<p>&nbsp;<\/p>\n<blockquote>\n<h3>FALLIMENTO SAP: SOTTOSCRITTA LA CONVENZIONE PER GLI INTERVENTI DI RIPRISTINO AMBIENTALE DELL&#8217;EX IMPIANTO DI RECUPERO RIFIUTI DI FONZASO<\/h3>\n<\/blockquote>\n<p><strong><a href=\"https:\/\/www.radiopiu.net\/wordpress\/giornale-radio-piu-08-12-direttore-mirk-o-mezzacasa\/rifiuti-discarica\/\" rel=\"attachment wp-att-13735\"><img loading=\"lazy\" decoding=\"async\" class=\"size-medium wp-image-13735 alignleft\" src=\"https:\/\/www.radiopiu.net\/wordpress\/wp-content\/uploads\/2015\/12\/rifiuti-discarica-300x200.jpg\" alt=\"\" width=\"300\" height=\"200\" \/><\/a>FONZASO\u00a0<\/strong>Firmato l\u2019accordo per il ripristino ambientale dell\u2019ex Sap. Provincia di Belluno, il fallimento Sap (rappresentato dall\u2019avvocato Luciano Licini) e Comune di Fonzaso hanno sottoscritto la convenzione per la rimozione dei rifiuti dall\u2019area che ospitava gli impianti per il recupero di rifiuti dell\u2019azienda, dichiarata in fallimento dal tribunale di Belluno nel mese di marzo. \u00ab<em>Questa \u00e8 la soluzione di un problema che rischiava di andare per le lunghe &#8211; spiega il consigliere provinciale delegato all\u2019ambiente, Simone Deola -. La condivisione di intenti \u00e8 sempre il mezzo migliore per portare avanti politiche importanti per il territorio<\/em>\u00bb. <strong>Breve cronologia\u00a0<\/strong>La vicenda Sap va avanti dalla primavera del 2018, quando la Provincia aveva invitato formalmente la ditta ad adempiere alla sanificazione di alcune irregolarit\u00e0 nella gestione degli impianti autorizzati per il recupero di rifiuti pericolosi e non pericolosi. Preso atto del perdurare delle inadempienze (verificate da Arpav nel corso del 2018), nonch\u00e9 della mancata ottemperanza alle ordinanze del sindaco di Fonzaso, la Provincia aveva emanato il provvedimento di divieto di prosecuzione dell&#8217;attivit\u00e0 di recupero. Il tribunale di Belluno poi ha decretato il sequestro preventivo di tutti i rifiuti stoccati nella pertinenza dello stabilimento e nei container collocati nel lato sud della statale 50. E a marzo 2020 ha dichiarato il fallimento di Sap snc, nominando quale curatore fallimentare l&#8217;avvocato Luciano Licini di Feltre. <strong>La convenzione\u00a0<\/strong>Vista l\u2019urgenza di procedere per far fronte celermente alla situazione ambientale e igienico sanitaria creatasi, l\u2019avvocato Licini e la Provincia hanno studiato assieme la soluzione percorribile per consentire la messa in sicurezza del sito, l\u2019asportazione dei rifiuti e il ripristino ambientale dei luoghi. Da qui la convenzione che consentir\u00e0 di utilizzare a tale scopo le fideiussioni, prestate a suo tempo da Sap a garanzia della corretta gestione degli impianti ed esaminate dalla Provincia, insieme ai ricavi delle vendite relative al fallimento. Nell\u2019ottica di un coordinamento tra enti finalizzato al conseguimento degli obiettivi della convenzione, \u00e8 stato coinvolto anche il Comune di Fonzaso quale sottoscrittore della convenzione e soggetto attivo a cui la norma attribuisce poteri sostitutivi di intervento. Il Comune contribuir\u00e0 con il supporto tecnico e decisionale nelle valutazioni sul programma di asportazione rifiuti e di ripristino dello stato dei luoghi e dell&#8217;impianto ed eseguir\u00e0 controlli periodici sull\u2019avanzamento dei lavori. \u00ab<em>L\u2019operazione assume un\u2019importante valore ambientale ed esprime la volont\u00e0 politica di un coordinamento fra gli enti preposti &#8211; commenta il consigliere Deola -. Ci sono state non poche difficolt\u00e0 di ordine burocratico e di reperimento delle somme necessarie all&#8217;asportazione dei rifiuti, ma ora riusciremo a ridurre il pi\u00f9 possibile le tempistiche di esecuzione. Infatti, la nostra priorit\u00e0 \u00e8 salvaguardare il territorio e scongiurare i rischi per la popolazione e l&#8217;ambiente, derivanti dal pericolo di incendio dell\u2019ammasso di rifiuti<\/em>\u00bb. Intanto, si sono da poco concluse le operazioni di campionamento ed analisi dei rifiuti finalizzate alla loro caratterizzazione. \u00ab<em>Questo ci consentir\u00e0 di avviare, entro la fine dell&#8217;anno, le successive procedure per l&#8217;individuazione della ditta chiamata a eseguire l&#8217;asportazione e l&#8217;avvio a smaltimento dei rifiuti &#8211; continua il consigliere Deola -. La stagione invernale, date le basse temperature, \u00e8 solitamente propizia a questo tipo di operazioni. Anche la Regione Veneto, tempestivamente informata sulla rilevanza e delicatezza ambientale del problema, sta valutando la possibilit\u00e0 di erogare dei finanziamenti. Il contributo sarebbe di fondamentale importanza<\/em>\u00bb.<\/p>\n<p>&nbsp;<\/p>\n<p>&nbsp;<\/p>\n<hr \/>\n<p>&nbsp;<\/p>\n<blockquote>\n<h3>BELLUNO GUARDA ALLA MACROREGIONE ALPINA CON A-RING.<\/h3>\n<\/blockquote>\n<p><strong>BELLUNO<\/strong>\u00a0 \u00a0Una traiettoria di innovazione \u00e8 quella che unisce Belluno al resto dell\u2019Arco Alpino con il progetto A-Ring che vede Confindustria Belluno Dolomiti rappresentare il Bellunese all\u2019interno di una partnership internazionale di primo livello, dalla Francia alla Slovenia. Si \u00e8 svolto il primo workshop nazionale, durante il quale sono stati presentati i risultati del sondaggio promosso anche tra le aziende bellunesi: innovazione, formazione, digitalizzazione e <a href=\"https:\/\/www.radiopiu.net\/wordpress\/giornale-radiopiu-19-settembre-2019-direttore-mirko-mezzacasa-2\/lorraine_berton\/\" rel=\"attachment wp-att-99105\"><img loading=\"lazy\" decoding=\"async\" class=\" wp-image-99105 alignleft\" src=\"https:\/\/www.radiopiu.net\/wordpress\/wp-content\/uploads\/2019\/09\/Lorraine_Berton-300x300.jpg\" alt=\"\" width=\"182\" height=\"182\" srcset=\"https:\/\/www.radiopiu.net\/wordpress\/wp-content\/uploads\/2019\/09\/Lorraine_Berton-300x300.jpg 300w, https:\/\/www.radiopiu.net\/wordpress\/wp-content\/uploads\/2019\/09\/Lorraine_Berton-150x150.jpg 150w, https:\/\/www.radiopiu.net\/wordpress\/wp-content\/uploads\/2019\/09\/Lorraine_Berton.jpg 767w\" sizes=\"auto, (max-width: 182px) 100vw, 182px\" \/><\/a>sostenibilit\u00e0 sono tra le priorit\u00e0 confermate dall\u2019indagine. L\u2019iniziativa si colloca nell\u2019ambito dello Spazio Alpino 2014-2020 con lo scopo di individuare le priorit\u00e0 di Ricerca e Innovazione per l\u2019Arco alpino europeo, creando un network fra aziende, universit\u00e0 e Istituzioni locali. L\u2019Associazione bellunese porter\u00e0 la voce delle imprese di tutta la montagna italiana.<\/p>\n<blockquote><p><em>\u201cIn questi anni non siamo mai stati fermi, creando contatti e dimostrando che Belluno \u2013dice la presidente Lorraine Berton\u00a0 (foto)-\u00a0 ha un patrimonio di innovazione e competenze che non \u00e8 secondo a nessuno. La dimensione alpina ed europea ci deve vedere protagonisti anche in vista di Mondiali e Olimpiadi\u201d.<\/em><\/p><\/blockquote>\n<h3><\/h3>\n<hr \/>\n<h3><\/h3>\n<blockquote>\n<h3>VIA LIBERA ALL\u2019ASSESTAMENTO DI BILANCIO: IL COMUNE DI PONTE NELLE ALPI INVESTE NELLE OPERE PUBBLICHE<\/h3>\n<\/blockquote>\n<p><strong><a href=\"https:\/\/www.radiopiu.net\/wordpress\/giornale-radiopiu-02-dicembre-2020-direttore-mirko-mezzacasa\/andrea_pontello\/\" rel=\"attachment wp-att-176178\"><img loading=\"lazy\" decoding=\"async\" class=\"size-medium wp-image-176178 alignleft\" src=\"https:\/\/www.radiopiu.net\/wordpress\/wp-content\/uploads\/2020\/12\/Andrea_Pontello-225x300.jpg\" alt=\"\" width=\"225\" height=\"300\" srcset=\"https:\/\/www.radiopiu.net\/wordpress\/wp-content\/uploads\/2020\/12\/Andrea_Pontello-225x300.jpg 225w, https:\/\/www.radiopiu.net\/wordpress\/wp-content\/uploads\/2020\/12\/Andrea_Pontello.jpg 600w\" sizes=\"auto, (max-width: 225px) 100vw, 225px\" \/><\/a>PONTE NELLE ALPI\u00a0<\/strong><span style=\"color: #000000; font-family: Helvetica;\">Semaforo verde alle variazioni al bilancio, dopo l&#8217;ultima seduta del consiglio comunale di Ponte nelle Alpi.\u00a0<\/span><span style=\"color: #000000; font-family: Helvetica;\">Nella prima variazione, un occhio di riguardo \u00e8 stato riservato al PalaMares, grazie a un contributo della Provincia. Palazzo Piloni eroga 50mila euro anche per la piazzetta di Cugnan, mentre si \u00e8 rivelato fondamentale l&#8217;appoggio del Comune Soverzene (pari a 20mila euro) per la messa a norma dei serramenti nella scuola secondaria di primo grado di Canevoi. Lo stesso istituto sar\u00e0 interessato pure dalla sistemazione dell&#8217;area spogliatoi (15mila euro), mentre il Comune di Ponte \u00e8 pronto a intervenire con 14mila euro sull\u2019asfaltatura dei piazzali delle scuole: a cominciare proprio da Canevoi. Infine, grazie a una tranche di 23mila euro, verr\u00e0 completata la finitura per l&#8217;appartamento di Col: il fabbricato di propriet\u00e0 \u00e8 destinato a diventare la foresteria della Polizia, in base a una convenzione con la Prefettura.\u00a0<\/span><span style=\"color: #000000; font-family: Helvetica;\">\u00ab<em>Tengo poi a sottolineare &#8211; afferma l\u2019assessore competente in materia, Andrea Pontello &#8211; l\u2019aiuto dei cittadini, attraverso il 5 x mille. E pari a 5.633 euro: di questi tempi, si tratta di risorse preziosissime<\/em>\u00bb.\u00a0<\/span><span style=\"color: #000000; font-family: Helvetica;\">Spazio quindi alla seconda variazione, da cui emergono 85mila euro relativi alle entrate per maggiori oneri di urbanizzazione: cifra che finanzier\u00e0 (per 65mila euro) le infrastrutture stradali, con particolare riferimento al piano di asfaltatura e agli interventi nelle frazioni. Non manca, inoltre, un contributo di 12mila rivolto alle associazioni sportive (pi\u00f9 corposo rispetto al passato, alla luce delle difficolt\u00e0 causate dal Coronavirus), mentre 4.500 euro alimenteranno la sfera culturale.\u00a0<\/span><span style=\"color: #000000; font-family: Helvetica;\">\u00ab<em>L\u2019assestamento &#8211; prosegue Pontello &#8211; ci permette poi di svincolare dall\u2019apposito \u201cFondo crediti\u201d la cifra di 350mila euro e di farla confluire nell&#8217;avanzo di amministrazione. A proposito dell\u2019avanzo, 150mila euro sono destinati al versamento in conto capitale a favore di Ponte Servizi: \u00e8 l&#8217;ultimo passaggio dell&#8217;operazione di riassetto di una societ\u00e0 ora rafforzata<\/em>\u00bb.\u00a0<\/span><span style=\"color: #000000; font-family: Helvetica;\">Il presente \u00e8 solido, ma la pandemia impone una certa cautela: \u00ab<em>Il punto di domanda riguarda soprattutto la voce delle entrate &#8211; conclude l\u2019assessore comunale al Bilancio -. Per questo abbiamo intrapreso una via prudenziale, scegliendo di accantonare delle somme. In ogni caso, pur a fronte di un quadro di inevitabile incertezza, siamo riusciti a chiudere il bilancio con una certa tranquillit\u00e0. Anche grazie ai ristori da parte dello Stato<\/em>\u00bb.\u00a0<\/span><span style=\"color: #000000; font-family: Helvetica;\">Sulla stessa lunghezza di pensiero, il sindaco di Ponte nelle Alpi, Paolo Vendramini: \u00ab<em>Esprimo soddisfazione perch\u00e9 sono state stanziate ulteriori e importanti risorse per venire incontro alle richieste del territorio. Dal sociale alla scuola, passando per i servizi e le manutenzioni alle opere. Un ringraziamento agli uffici, all\u2019assessore Pontello e a tutta l&#8217;amministrazione per l&#8217;ottimo lavoro che sta portando avanti<\/em>\u00bb.\u00a0<\/span><\/p>\n<p>&nbsp;<\/p>\n<p>&nbsp;<\/p>\n<hr \/>\n<p>&nbsp;<\/p>\n<blockquote>\n<h3>160 MILA EURO IN BUONI SPESA PER LE FAMIGLIE<\/h3>\n<\/blockquote>\n<p><strong>ALPAGO\u00a0 <\/strong>160 mila euro per misure legate all\u2019emergenza Covid-19 a sostegno, principalmente, di famiglie e cittadini. E\u2019 questa la partita pi\u00f9 rilevante dell\u2019assestamento di bilancio approvato nell\u2019ultima seduta del Consiglio Comunale di Alpago. 50 mila euro saranno destinati ad aiutare le famiglie in difficolt\u00e0 sotto forma di buoni alimentari, a sostegno del reddito; alle viste c\u2019\u00e8 anche l\u2019ipotesi di un contributo per i nuclei che hanno sostenuto spese per l\u2019acquisto di dispositivi tecnologici per la didattica a distanza. Altri 60 mila euro andranno alle case di riposo (40 mila a quella di Puos e 20 mila a beneficio di quella di Santa Croce) a parziale ristoro dei maggiori oneri sostenuti per affrontare l\u2019emergenza sanitaria. La parte restante della variazione di bilancio sar\u00e0 destinata a coprire le minori entrate della addizionale comunale IRPEF (20 mila), mentre altri 15 mila euro serviranno ad alleggerire la TARI, con una riduzione pari a tre mensilit\u00e0, a favore delle imprese che sono state particolarmente colpite dalla prima ondata; a tale riguardo il bando \u00e8 gi\u00e0 pubblicato sulla home page del sito del Comune con scadenza al prossimo 7 dicembre. Per quanto riguarda il comparto delle opere pubbliche sono state poi destinate risorse per circa 125 mila euro localizzate, in particolare, nella frazione di Spert: 80 mila euro per la demolizione della casa in piazza; 24 mila per la sistemazione esterna della scuola e altri 21 mila per la progettazione definitiva dell\u2019ampliamento del cimitero della stessa frazione di Spert.<\/p>\n<blockquote><p><em>&#8220;Si sta per chiudere un anno particolarmente complicato per le nostre comunit\u00e0 e per questo ci \u00e8 parso doveroso intervenire ancora, per quanto possibile, con misure di sostegno ai nuclei familiari maggiormente colpiti dalla crisi sanitaria ed economica\u201d, commenta l\u2019assessore al bilancio del Comune di Alpago Alberto Peterle. \u201cLe risorse non sono risolutive, ma rappresentano un aiuto importante; nei prossimi giorni, conclude Peterle, sar\u00e0 pubblicato il bando con i dettagli per le erogazioni; invitiamo tutti i cittadini che avranno i requisiti per poter accedere ai benefici a fare richiesta senza indugio e nei tempi previsti\u201d.<\/em><\/p><\/blockquote>\n<p>&nbsp;<\/p>\n<hr \/>\n<p>&nbsp;<\/p>\n<blockquote>\n<h3>GIORNATA MONDIALE CONTRO AIDS. ANCHE NEL VENETO IN CALO LE NUOVI DIAGNOSI.<\/h3>\n<\/blockquote>\n<p><strong><a href=\"https:\/\/www.radiopiu.net\/wordpress\/giornale-radio-piu-edizione-del-01-12-2017-direttore-mirko-mezzacasa\/aids\/\" rel=\"attachment wp-att-39338\"><img loading=\"lazy\" decoding=\"async\" class=\"size-medium wp-image-39338 alignleft\" src=\"https:\/\/www.radiopiu.net\/wordpress\/wp-content\/uploads\/2017\/12\/aids-300x214.jpg\" alt=\"\" width=\"300\" height=\"214\" \/><\/a>VENEZIA\u00a0<\/strong> Anche nel Veneto sono stati fatti progressi significativi dagli anni \u201890, ma rimane ancora un problema globale di salute pubblica. Questo il quadro regionale del contrasto all\u2019HIV che di consueto viene illustrato per la Giornata nazionale contro l\u2019AIDS celebrata ieri. Nel Veneto un\u2019importante strumento di prevenzione e di contrasto all\u2019HIV e alle malattie sessualmente trasmissibili \u00e8 la \u2018Peer Education\u2019, programma finalizzato a promuovere corretti stili di vita. Dal 2004 ad oggi nelle nove Aziende ULSS venete i peer formati sono stati circa 7.000, con 5.800 interventi da loro effettuati nelle scuole coinvolgendo pi\u00f9 di 82.000 studenti degli istituti superiori di secondo grado. Dagli ultimi dati del 2018, nel Veneto risulta una percentuale maggiore di quella nazionale di quindicenni (74,3% anzich\u00e8 69%) che dichiarano di utilizzare come metodo contraccettivo il preservativo. Tra i maschi l\u201980,5% (contro il 70,9% nazionale), affermano di utilizzarlo come protezione contro le malattie sessualmente trasmissibili. A livello regionale l\u2019incidenza nel Veneto \u00e8 in linea con quella nazionale, mostrando una riduzione delle nuove diagnosi HIV, tendenziale dal 2012. Il dato del 2019 parla di circa 5,5 ogni 100.000 residenti e interessa tutte le modalit\u00e0 di trasmissione. Sempre l\u2019anno <a href=\"https:\/\/www.radiopiu.net\/wordpress\/giornale-radiopiu-01-12-direttore-mirko-mezzacasa\/news_56185_aids\/\" rel=\"attachment wp-att-13541\"><img loading=\"lazy\" decoding=\"async\" class=\"size-medium wp-image-13541 alignright\" src=\"https:\/\/www.radiopiu.net\/wordpress\/wp-content\/uploads\/2015\/12\/news_56185_AIDS-300x200.jpg\" alt=\"\" width=\"300\" height=\"200\" \/><\/a>scorso, l\u2019incidenza pi\u00f9 elevata di nuove diagnosi si riscontra nella fascia di et\u00e0 tra i 25 e i 29 anni. Diversamente dagli anni precedenti, in cui la modalit\u00e0 di trasmissione pi\u00f9 frequente era attribuita a rapporti eterosessuali, nel 2019 la quota di nuove diagnosi HIV riferibili a maschi che fanno sesso con maschi \u00e8, per la prima volta, pari a quella riguardante rapporti etero. Dal 2016, poi, si osserva una diminuzione del numero di nuove diagnosi HIV in stranieri. Dal 2017, invece, aumenta la quota di persone a cui viene diagnosticata tardivamente l\u2019infezione da HIV: nel 2019 i due terzi dei maschi eterosessuali e oltre la met\u00e0 delle femmine con nuova diagnosi. Nel 2019, un terzo delle persone con nuova diagnosi HIV ha scoperto di essere positivo a causa della presenza di sintomi o patologie correlate. Il numero di decessi in persone con AIDS negli ultimi anni \u00e8 rimasto stabile.<\/p>\n<p>&nbsp;<\/p>\n<p>&nbsp;<\/p>\n<hr \/>\n<p>&nbsp;<\/p>\n<blockquote>\n<h3>SUPERBONUS, UNCEM: BENE PROPOSTE PER ESTENSIONE AL 2025. RIDURRE CARICHI BUROCRATICI PER COMMITTENTI E PROFESSIONISTI<\/h3>\n<\/blockquote>\n<p><strong><a href=\"https:\/\/www.radiopiu.net\/wordpress\/giornale-radiopiu-28-aprile-2020-direttore-mirko-mezzacasa\/uncem-2\/\" rel=\"attachment wp-att-133399\"><img loading=\"lazy\" decoding=\"async\" class=\"wp-image-133399 alignleft\" src=\"https:\/\/www.radiopiu.net\/wordpress\/wp-content\/uploads\/2020\/04\/UNCEM-300x300.jpg\" alt=\"\" width=\"148\" height=\"148\" srcset=\"https:\/\/www.radiopiu.net\/wordpress\/wp-content\/uploads\/2020\/04\/UNCEM-300x300.jpg 300w, https:\/\/www.radiopiu.net\/wordpress\/wp-content\/uploads\/2020\/04\/UNCEM-150x150.jpg 150w, https:\/\/www.radiopiu.net\/wordpress\/wp-content\/uploads\/2020\/04\/UNCEM.jpg 500w\" sizes=\"auto, (max-width: 148px) 100vw, 148px\" \/><\/a>ROMA<\/strong> L&#8217;Uncem commenta positivamente\u00a0 gli emendamenti alla legge di bilancio 2021 relativi al Superbonus 110%, apprezzando la richiesta fatta anche dalle associazioni di categoria del sistema delle imprese per l&#8217;estensione al 2025.<em> &#8220;\u00c8 molto importante e strategico- dice il presidente Marco Bussone &#8211; ridurre il carico burocratico per committenti e professionisti. Si deve evitare che ci si infili in un percorso a ostacoli troppo duro e articolato, nonch\u00e9 il Superbonus sia riservato, per come \u00e8 modellato, solo a condomini e complessi residenziali. Questo fronte \u00e8 indubbiamente importante, ma offriamo al legislatore, all&#8217;Agenzia delle Entrate, a chi sta ripensando la misura, un supporto per agire in modo specifico su borghi alpini e appenninici, anche per contrastare il rischio sismico e incentivare la rivitalizzazione del patrimonio ai fini di un efficace reinsediamento di persone e imprese nelle aree montane del Paese&#8221;.<\/em><\/p>\n<p>&nbsp;<\/p>\n<p>&nbsp;<\/p>\n<hr \/>\n<div class=\"im_message_wrap clearfix\">\n<div class=\"im_content_message_wrap im_message_out\">\n<p><span style=\"color: #ff0000;\">\u00a0<\/span><\/p>\n<blockquote>\n<h3><span style=\"color: #000000;\"><span style=\"caret-color: #000000;\">\u201cASPETTANDO NATALE AL MUSEO\u201d: SERAVELLA PROPONE LA NUOVA INIZIATIVA PER TUTTO IL MESE DI DICEMBRE, CON UN CONTEST COLLEGATO<\/span><\/span><\/h3>\n<\/blockquote>\n<p><span style=\"color: #ff0000;\"><span style=\"color: #000000;\"><strong>BELLUNO<\/strong><\/span>\u00a0<\/span>Le porte fisiche del Museo etnografico di Seravella sono chiuse. Quelle virtuali sono pi\u00f9 che mai aperte, per l\u2019ultima iniziativa del \u201ccontenitore culturale\u201d della Provincia. Per tutto dicembre infatti la pagina Facebook del museo ospiter\u00e0 il progetto \u201cAspettando Natale\u201d e si trasformer\u00e0 in una sorta di calendario dell\u2019Avvento: un post al giorno in cui saranno raccontate curiosit\u00e0, ricette, poesie, indovinelli, canti, illustrazioni, fotografie, ricordi su tutto quello che il mese delle festivit\u00e0 ha costituito nel passato agricolo e rurale del territorio dolomitico. \u201cAspettando Natale al Museo\u201d \u00e8 anche un contest interattivo. Con la richiesta ai follower di raccontare e condividere ricordi e materiali legati ai temi proposti di giorno in giorno. Sar\u00e0 possibile \u201csocializzare\u201d i contenuti direttamente nei commenti del post, allegando una foto storica, un canto tradizionale, la fotografia del presepe, una ricetta di famiglia, un ricordo, e molto altro. I tre racconti e testimonianze pi\u00f9 curiosi, emozionanti e sorprendenti vinceranno quattro ingressi gratuiti al museo e una guida cartacea in omaggio.\u00a0<span lang=\"it\">\u00ab<em>Un\u2019iniziativa che intende valorizzare la cultura del nostro museo, in una condivisione allargata della storia del nostro territorio \u2013 commenta il consigliere provinciale delegato alla cultura, Simone Deola -. In un momento difficile come quello dell\u2019emergenza sanitaria, anche queste occasioni diventano preziose. Oltretutto con questo progetto vogliamo valorizzare il patrimonio contenuto nel museo di Seravella, che rappresenta il dna delle popolazioni bellunesi, un valore che non possiamo n\u00e9 dimenticare n\u00e9 disperdere<\/em>\u00bb.\u00a0<\/span><span lang=\"it\">Nei giorni che seguiranno il Natale, durante le vacanze, i tre vincitori del contest saranno contattati dalla struttura di Seravella per ri-postare i loro racconti-testimonianze sulla pagina Facebook del museo e per concordare tempi e modi di ritiro e utilizzo dei \u201cbuoni-premio\u201d.<\/span><\/p>\n<p>&nbsp;<\/p>\n<p>&nbsp;<\/p>\n<hr \/>\n<p><span style=\"color: #ff0000;\">\u00a0<\/span><\/p>\n<blockquote>\n<h3>BELLUNO KIDS E IL CALENDARIO DELL&#8217;AVVENTO VIRTUALE<\/h3>\n<\/blockquote>\n<p><strong><a href=\"https:\/\/www.radiopiu.net\/wordpress\/giornale-radiopiu-02-dicembre-2020-direttore-mirko-mezzacasa\/belluno-kids\/\" rel=\"attachment wp-att-176186\"><img loading=\"lazy\" decoding=\"async\" class=\"size-medium wp-image-176186 alignleft\" src=\"https:\/\/www.radiopiu.net\/wordpress\/wp-content\/uploads\/2020\/12\/BELLUNO-KIDS-300x300.jpg\" alt=\"\" width=\"300\" height=\"300\" srcset=\"https:\/\/www.radiopiu.net\/wordpress\/wp-content\/uploads\/2020\/12\/BELLUNO-KIDS-300x300.jpg 300w, https:\/\/www.radiopiu.net\/wordpress\/wp-content\/uploads\/2020\/12\/BELLUNO-KIDS-1024x1024.jpg 1024w, https:\/\/www.radiopiu.net\/wordpress\/wp-content\/uploads\/2020\/12\/BELLUNO-KIDS-150x150.jpg 150w, https:\/\/www.radiopiu.net\/wordpress\/wp-content\/uploads\/2020\/12\/BELLUNO-KIDS-768x768.jpg 768w, https:\/\/www.radiopiu.net\/wordpress\/wp-content\/uploads\/2020\/12\/BELLUNO-KIDS.jpg 1217w\" sizes=\"auto, (max-width: 300px) 100vw, 300px\" \/><\/a>BELLUNO<\/strong>\u00a0Un calendario dell&#8217;avvento virtuale. Questa la proposta di Belluno Kids per il periodo pi\u00f9 magico dell&#8217;anno. Davanti all&#8217;impossibilit\u00e0 di realizzare qualsiasi tipo di manifestazione che potesse portare le famiglie a teatro o a frequentare un laboratorio, l&#8217;organizzazione ha pensato di portare direttamente nelle case delle famiglie tante proposte diversificate. Ormai la fruizione on line di contenuti \u00e8 uno dei canali che molte attivit\u00e0 culturali utilizzano per mantenere attivo il contatto con il proprio pubblico di riferimento e, come gi\u00e0 fatto in parte in occasione del Belluno Kids Festival di agosto scorso, anche per questo Natale si \u00e8 optato per il digitale. Saranno quindi ventiquattro caselle &#8220;virtuali&#8221; quella di aprire ogni giorno dal sito internet dedicato a questo progetto nelle quali, ogni giorno, verr\u00e0 caricato un contenuto differente. Ci saranno alcune illustrazione di \u201cI Segni dell&#8217;Infanzia 2020\u201d, la mostra internazionale di illustrazione andata nelle vetrine dei negozi del centro storico a fine agosto, questa volta per\u00f2 accompagnate da piccole storie scritte dagli stessi artisti.\u00a0Altre e varie proposte si alterneranno poi fino alla vigilia di Natale: piccole letture da ascoltare assieme, laboratori artistici per realizzare addobbi di Natale, ricette per cucinare dolci in famiglia, canzoni da cantare e addirittura un piccolo balletto da imparare con mamma e pap\u00e0. Verr\u00e0 inoltre lanciato un contest in contemporanea con le prime attivit\u00e0 pratiche: realizzare dei piccoli video mentre si partecipa attivamente alle proposte per inviarli poi a Belluno Kids. Sar\u00e0 poi la Befana, il 6 gennaio 2021, a portare a tutti un video regalo a conclusione di questo progetto per il Natale 2020. \u00a0<span style=\"font-family: 'trebuchet ms', sans-serif;\">\u201cS<em>iamo felici di sostenere anche quest&#8217;anno le iniziative di Belluno Kids. &#8211; commenta l&#8217;assessore alle manifestazioni del Comune di Belluno Yuki d&#8217;Emilia \u2013 In questo periodo particolarmente difficile, \u00e8 importante lanciare messaggi di speranza, soprattutto ai pi\u00f9 piccoli. \u00c8 importante promuovere iniziative collettive, anche se solamente online visti i limiti imposti, per non perdere quel senso di comunit\u00e0 a cui l&#8217;isolamento sociale forzato pu\u00f2 portare<\/em>\u201d.\u00a0<\/span>Il calendario \u00e8 visitabile dalle pagine Facebook e Instragram di Belluno Kids.<\/p>\n<p>&nbsp;<\/p>\n<p>&nbsp;<\/p>\n<hr \/>\n<p>&nbsp;<\/p>\n<blockquote>\n<h3>LA SCUOLA ELEMENTARE BELLUNESE E PIERINA BORANGA (L\u2019ISPETTRICE)<\/h3>\n<\/blockquote>\n<p><strong>di\u00a0Renato\u00a0<\/strong><b>Bona\u00a0<\/b><\/p>\n<p>Nel febbraio 1991, l\u2019Istituto storico bellunese della Resistenza (allora non era ancora \u201ce dell\u2019et\u00e0 contemporanea\u201d \u2013 ndr.) diede alle stampe in collaborazione con il Distretto scolastico 3 di Belluno ed il contributo della Cassa di Risparmio di Verona, Vicenza, Belluno ed Ancona, oltre che con il patrocinio di Regione Veneto, Provincia e Comune di Belluno, per i tipi della Grafiche Trabella di Lentiai, il numero 3 del quaderno \u201cI protagonisti\u201d, intitolato \u201cLa scuola elementare bellunese e Pierina Boranga\u201d, curato da Ferruccio Vendramini (Belluno 1933-2018; \u00e8 stato autore di svariati testi, libri e saggi, di storia moderna e contemporanea che si occupavano di Belluno; curatore della raccolta di statuti delle Regole in epoca veneziana, ha curato approfonditi studi su Longarone ed la catastrofe del Vajont del 9 ottobre (fra gli intervistati anche chi stende queste note, all\u2019epoca redattore del quotidiano Il Gazzettino dopo esserlo stato de Il Resto del Carlino); ha diretto per quattro lustri l\u2019Istituto storico ed a lui si deve la fondazione del periodico Protagonisti; \u00e8 stato, fra l\u2019altro, direttore della rivista Venetica e socio emerito della Deputazione di storia patria per le Venezie). La pubblicazione &#8211; decisa dopo un convegno di studio del 17-18 maggio 1990 che ha consentito di evidenziare i tratti salienti della Boranga (insegnante e scrittrice oltre che ricercatrice ed appassionata di botanica; \u00e8 stata la promotrice della costruzione della scuola elementare Aristide Gabelli, realizzata durante il ventennio fascista; era nata a Belluno il 24 novembre 1891 ed \u00e8 mancata nella citt\u00e0 natale il 17 giugno 1983) donna di scuola , con i suoi contributi pedagogici e metodologici-didattici, e amministratrice pubblica &#8211; arricchita da \u201cstoriche\u201d immagini (messe a disposizione dall\u2019archivio di Eugenio Boranga, da quello dell\u2019Isbr e da Daniela Mangiola) \u00e8 articolata, dopo presentazione e saluti, nei seguenti capitoli: \u201cUna vita nella scuola, biografia di Pierina Boranga\u201d, di Zeni Comiotto; \u201cPierina Boranga e la pedagogia durante il fascismo\u201d, di Francesco De Vivo, \u201cPierina Boranga dirigente fascista\u201d, di Ferruccio Vendramini; \u201cLa scuola elementare bellunese durante il fascismo\u201d, di Adriana Lotto; \u201cAppunti storici sull\u2019Istituto magistrale di Belluno (1923-1926)\u201d; \u201cPierina Boranga nel secondo dopoguerra tra scuola e politica\u201d, di Dino Bridda; \u201cPierina Boranga e il mondo delle piante. Appunti sul contenuto delle sue opere\u201d, di Cesare Lasen; \u201cUna lunga amicizia\u201d, di Romana D\u2019Ambros; \u201cL\u2019asilo \u2018Cairoli\u2019 e P. Boranga\u201d, di Ermano De Col; \u201cMemoria di una stretta collaborazione scolastica\u201d, di Ido De Lorenzo; \u201cLa scuola elementare bellunese tra gli anni \u201950 e \u201890\u201d, di Mario Morales; \u201cLa signorina ispettrice Boranga ed io\u201d, di Giovanni D\u2019Alberto. L\u2019allora presidente del Distretto scolastico 3, Riccardo Dell\u2019Eva, nella presentazione molto opportunamente evidenziava che \u201cPierina Boranga ha significato molto per Belluno e per la scuola: per molti anni, infatti, con responsabilit\u00e0 diverse (Direttrice didattica ed Ispettrice, da un lato, consigliere ed assessore comunale col referato della pubblica istruzione, dall\u2019altro, ha esercitato un ruolo notevole ed apprezzato in ambito non solo locale\u201d e tuttavia \u2013 aggiungeva \u2013 ai riconoscimenti e tributi di stima per lungo tempo non si \u00e8 accompagnato un momento di riflessione e di studio ed un serio approfondimento storico. Concludeva evidenziando che gli atti del convegno \u201cvengono pubblicati per poter essere messi a disposizione non solo di studiosi e cittadini interessati, ma anche degli operatori della scuola e soprattutto di quella primaria: riteniamo che anche questo sia un servizio utile ed opportuno per rispondere ad esigenze reali di conoscenza storica e di riflessione su di essa, di una scuola che voglia cambiare, adeguandosi alla domanda formativa sempre pi\u00f9 ricca ed articolata della societ\u00e0 odierna, senza per\u00f2 dimenticare i contributi positivi del passato criticamente assunti\u201d. Al convegno, il saluto dell\u2019Amministrazione comunale di Belluno era stato portato dall\u2019assessore alla cultura, Paolo Agostini il quale fra l\u2019altro aveva affermato che: \u201cL\u2019opera di Pierina Boranga nella scuola elementare e nella comunit\u00e0 merita un attento ricordo ed un adeguato approfondimento, naturalmente con quella pi\u00f9 ampia prospettiva che il passare degli anni consente\u201d. Aveva poi ricordato come \u201cla costruzione della scuola Gabelli nel 1934 \u00e8 da considerare come un esempio di una intelligente collaborazione tra amministrazione comunale e autorit\u00e0 scolastica, frutto da una parte di una visione innovatrice della scuola e, dall\u2019altra, di sensibilit\u00e0 e rispetto per le proposte degli operatori scolastici\u201d.<\/p>\n\n\t\t\t<style type='text\/css'>\n\t\t\t\t#gallery-5 {\n\t\t\t\t\tmargin: auto;\n\t\t\t\t}\n\t\t\t\t#gallery-5 .gallery-item {\n\t\t\t\t\tfloat: left;\n\t\t\t\t\tmargin-top: 10px;\n\t\t\t\t\ttext-align: center;\n\t\t\t\t\twidth: 20%;\n\t\t\t\t}\n\t\t\t\t#gallery-5 img {\n\t\t\t\t\tborder: 2px solid #cfcfcf;\n\t\t\t\t}\n\t\t\t\t#gallery-5 .gallery-caption {\n\t\t\t\t\tmargin-left: 0;\n\t\t\t\t}\n\t\t\t\t\/* see gallery_shortcode() in wp-includes\/media.php *\/\n\t\t\t<\/style>\n\t\t<div id='gallery-5' class='dt-gallery-container gallery galleryid-176073 gallery-columns-5 gallery-size-thumbnail'><dl class='gallery-item'>\n\t\t\t\t<dt class='gallery-icon portrait'>\n\t\t\t\t\t<a class=\"rollover rollover-zoom dt-pswp-item\" title=\"129114108_833959367428846_2042129608863572432_n\" data-dt-img-description=\"\" data-large_image_width=\"1171\" data-large_image_height=\"2048\"href='https:\/\/www.radiopiu.net\/wordpress\/wp-content\/uploads\/2020\/12\/129114108_833959367428846_2042129608863572432_n.jpg'><img loading=\"lazy\" decoding=\"async\" width=\"150\" height=\"150\" src=\"https:\/\/www.radiopiu.net\/wordpress\/wp-content\/uploads\/2020\/12\/129114108_833959367428846_2042129608863572432_n-150x150.jpg\" class=\"attachment-thumbnail size-thumbnail\" alt=\"\" \/><\/a>\n\t\t\t\t<\/dt><\/dl><dl class='gallery-item'>\n\t\t\t\t<dt class='gallery-icon landscape'>\n\t\t\t\t\t<a class=\"rollover rollover-zoom dt-pswp-item\" title=\"129098842_202707098012118_3026466071178274473_n\" data-dt-img-description=\"\" data-large_image_width=\"262\" data-large_image_height=\"192\"href='https:\/\/www.radiopiu.net\/wordpress\/wp-content\/uploads\/2020\/12\/129098842_202707098012118_3026466071178274473_n.jpg'><img loading=\"lazy\" decoding=\"async\" width=\"150\" height=\"150\" src=\"https:\/\/www.radiopiu.net\/wordpress\/wp-content\/uploads\/2020\/12\/129098842_202707098012118_3026466071178274473_n-150x150.jpg\" class=\"attachment-thumbnail size-thumbnail\" alt=\"\" \/><\/a>\n\t\t\t\t<\/dt><\/dl><dl class='gallery-item'>\n\t\t\t\t<dt class='gallery-icon landscape'>\n\t\t\t\t\t<a class=\"rollover rollover-zoom dt-pswp-item\" title=\"129292944_140440450851427_5079697198854200922_n\" data-dt-img-description=\"\" data-large_image_width=\"2048\" data-large_image_height=\"1036\"href='https:\/\/www.radiopiu.net\/wordpress\/wp-content\/uploads\/2020\/12\/129292944_140440450851427_5079697198854200922_n.jpg'><img loading=\"lazy\" decoding=\"async\" width=\"150\" height=\"150\" src=\"https:\/\/www.radiopiu.net\/wordpress\/wp-content\/uploads\/2020\/12\/129292944_140440450851427_5079697198854200922_n-150x150.jpg\" class=\"attachment-thumbnail size-thumbnail\" alt=\"\" \/><\/a>\n\t\t\t\t<\/dt><\/dl><dl class='gallery-item'>\n\t\t\t\t<dt class='gallery-icon landscape'>\n\t\t\t\t\t<a class=\"rollover rollover-zoom dt-pswp-item\" title=\"129073577_122166796243581_5799377540104289861_n\" data-dt-img-description=\"\" data-large_image_width=\"2048\" data-large_image_height=\"1310\"href='https:\/\/www.radiopiu.net\/wordpress\/wp-content\/uploads\/2020\/12\/129073577_122166796243581_5799377540104289861_n.jpg'><img loading=\"lazy\" decoding=\"async\" width=\"150\" height=\"150\" src=\"https:\/\/www.radiopiu.net\/wordpress\/wp-content\/uploads\/2020\/12\/129073577_122166796243581_5799377540104289861_n-150x150.jpg\" class=\"attachment-thumbnail size-thumbnail\" alt=\"\" \/><\/a>\n\t\t\t\t<\/dt><\/dl><dl class='gallery-item'>\n\t\t\t\t<dt class='gallery-icon landscape'>\n\t\t\t\t\t<a class=\"rollover rollover-zoom dt-pswp-item\" title=\"129278532_846574866103453_4445672689207629343_n\" data-dt-img-description=\"\" data-large_image_width=\"2048\" data-large_image_height=\"1469\"href='https:\/\/www.radiopiu.net\/wordpress\/wp-content\/uploads\/2020\/12\/129278532_846574866103453_4445672689207629343_n.jpg'><img loading=\"lazy\" decoding=\"async\" width=\"150\" height=\"150\" src=\"https:\/\/www.radiopiu.net\/wordpress\/wp-content\/uploads\/2020\/12\/129278532_846574866103453_4445672689207629343_n-150x150.jpg\" class=\"attachment-thumbnail size-thumbnail\" alt=\"\" \/><\/a>\n\t\t\t\t<\/dt><\/dl><br style=\"clear: both\" \/><dl class='gallery-item'>\n\t\t\t\t<dt class='gallery-icon landscape'>\n\t\t\t\t\t<a class=\"rollover rollover-zoom dt-pswp-item\" title=\"128882380_1046799295839177_7931087188342445247_n\" data-dt-img-description=\"\" data-large_image_width=\"2048\" data-large_image_height=\"904\"href='https:\/\/www.radiopiu.net\/wordpress\/wp-content\/uploads\/2020\/12\/128882380_1046799295839177_7931087188342445247_n.jpg'><img loading=\"lazy\" decoding=\"async\" width=\"150\" height=\"150\" src=\"https:\/\/www.radiopiu.net\/wordpress\/wp-content\/uploads\/2020\/12\/128882380_1046799295839177_7931087188342445247_n-150x150.jpg\" class=\"attachment-thumbnail size-thumbnail\" alt=\"\" \/><\/a>\n\t\t\t\t<\/dt><\/dl><dl class='gallery-item'>\n\t\t\t\t<dt class='gallery-icon landscape'>\n\t\t\t\t\t<a class=\"rollover rollover-zoom dt-pswp-item\" title=\"129140949_737706726870662_2182962355525950622_n\" data-dt-img-description=\"\" data-large_image_width=\"2048\" data-large_image_height=\"1211\"href='https:\/\/www.radiopiu.net\/wordpress\/wp-content\/uploads\/2020\/12\/129140949_737706726870662_2182962355525950622_n.jpg'><img loading=\"lazy\" decoding=\"async\" width=\"150\" height=\"150\" src=\"https:\/\/www.radiopiu.net\/wordpress\/wp-content\/uploads\/2020\/12\/129140949_737706726870662_2182962355525950622_n-150x150.jpg\" class=\"attachment-thumbnail size-thumbnail\" alt=\"\" \/><\/a>\n\t\t\t\t<\/dt><\/dl><dl class='gallery-item'>\n\t\t\t\t<dt class='gallery-icon landscape'>\n\t\t\t\t\t<a class=\"rollover rollover-zoom dt-pswp-item\" title=\"129180937_1763030560528593_8831856490225736746_n\" data-dt-img-description=\"\" data-large_image_width=\"2048\" data-large_image_height=\"1276\"href='https:\/\/www.radiopiu.net\/wordpress\/wp-content\/uploads\/2020\/12\/129180937_1763030560528593_8831856490225736746_n.jpg'><img loading=\"lazy\" decoding=\"async\" width=\"150\" height=\"150\" src=\"https:\/\/www.radiopiu.net\/wordpress\/wp-content\/uploads\/2020\/12\/129180937_1763030560528593_8831856490225736746_n-150x150.jpg\" class=\"attachment-thumbnail size-thumbnail\" alt=\"\" \/><\/a>\n\t\t\t\t<\/dt><\/dl><dl class='gallery-item'>\n\t\t\t\t<dt class='gallery-icon portrait'>\n\t\t\t\t\t<a class=\"rollover rollover-zoom dt-pswp-item\" title=\"129256555_683024942578263_947422563240464721_n\" data-dt-img-description=\"\" data-large_image_width=\"1973\" data-large_image_height=\"2048\"href='https:\/\/www.radiopiu.net\/wordpress\/wp-content\/uploads\/2020\/12\/129256555_683024942578263_947422563240464721_n.jpg'><img loading=\"lazy\" decoding=\"async\" width=\"150\" height=\"150\" src=\"https:\/\/www.radiopiu.net\/wordpress\/wp-content\/uploads\/2020\/12\/129256555_683024942578263_947422563240464721_n-150x150.jpg\" class=\"attachment-thumbnail size-thumbnail\" alt=\"\" \/><\/a>\n\t\t\t\t<\/dt><\/dl><dl class='gallery-item'>\n\t\t\t\t<dt class='gallery-icon portrait'>\n\t\t\t\t\t<a class=\"rollover rollover-zoom dt-pswp-item\" title=\"129137961_764353977762711_4930721140671460117_n\" data-dt-img-description=\"\" data-large_image_width=\"1175\" data-large_image_height=\"2048\"href='https:\/\/www.radiopiu.net\/wordpress\/wp-content\/uploads\/2020\/12\/129137961_764353977762711_4930721140671460117_n.jpg'><img loading=\"lazy\" decoding=\"async\" width=\"150\" height=\"150\" src=\"https:\/\/www.radiopiu.net\/wordpress\/wp-content\/uploads\/2020\/12\/129137961_764353977762711_4930721140671460117_n-150x150.jpg\" class=\"attachment-thumbnail size-thumbnail\" alt=\"\" \/><\/a>\n\t\t\t\t<\/dt><\/dl><br style=\"clear: both\" \/><dl class='gallery-item'>\n\t\t\t\t<dt class='gallery-icon landscape'>\n\t\t\t\t\t<a class=\"rollover rollover-zoom dt-pswp-item\" title=\"129265900_3488068364644983_5765855316920607547_n\" data-dt-img-description=\"\" data-large_image_width=\"2048\" data-large_image_height=\"1522\"href='https:\/\/www.radiopiu.net\/wordpress\/wp-content\/uploads\/2020\/12\/129265900_3488068364644983_5765855316920607547_n.jpg'><img loading=\"lazy\" decoding=\"async\" width=\"150\" height=\"150\" src=\"https:\/\/www.radiopiu.net\/wordpress\/wp-content\/uploads\/2020\/12\/129265900_3488068364644983_5765855316920607547_n-150x150.jpg\" class=\"attachment-thumbnail size-thumbnail\" alt=\"\" \/><\/a>\n\t\t\t\t<\/dt><\/dl><dl class='gallery-item'>\n\t\t\t\t<dt class='gallery-icon portrait'>\n\t\t\t\t\t<a class=\"rollover rollover-zoom dt-pswp-item\" title=\"128762066_396655251450578_8383666534677027616_n\" data-dt-img-description=\"\" data-large_image_width=\"200\" data-large_image_height=\"252\"href='https:\/\/www.radiopiu.net\/wordpress\/wp-content\/uploads\/2020\/12\/128762066_396655251450578_8383666534677027616_n.jpg'><img loading=\"lazy\" decoding=\"async\" width=\"150\" height=\"150\" src=\"https:\/\/www.radiopiu.net\/wordpress\/wp-content\/uploads\/2020\/12\/128762066_396655251450578_8383666534677027616_n-150x150.jpg\" class=\"attachment-thumbnail size-thumbnail\" alt=\"\" \/><\/a>\n\t\t\t\t<\/dt><\/dl><dl class='gallery-item'>\n\t\t\t\t<dt class='gallery-icon landscape'>\n\t\t\t\t\t<a class=\"rollover rollover-zoom dt-pswp-item\" title=\"128902666_662089674484256_2187741106349146647_n\" data-dt-img-description=\"\" data-large_image_width=\"1417\" data-large_image_height=\"962\"href='https:\/\/www.radiopiu.net\/wordpress\/wp-content\/uploads\/2020\/12\/128902666_662089674484256_2187741106349146647_n.jpg'><img loading=\"lazy\" decoding=\"async\" width=\"150\" height=\"150\" src=\"https:\/\/www.radiopiu.net\/wordpress\/wp-content\/uploads\/2020\/12\/128902666_662089674484256_2187741106349146647_n-150x150.jpg\" class=\"attachment-thumbnail size-thumbnail\" alt=\"\" \/><\/a>\n\t\t\t\t<\/dt><\/dl><dl class='gallery-item'>\n\t\t\t\t<dt class='gallery-icon landscape'>\n\t\t\t\t\t<a class=\"rollover rollover-zoom dt-pswp-item\" title=\"128886058_217797533089284_8483391087774630348_n\" data-dt-img-description=\"\" data-large_image_width=\"1553\" data-large_image_height=\"1326\"href='https:\/\/www.radiopiu.net\/wordpress\/wp-content\/uploads\/2020\/12\/128886058_217797533089284_8483391087774630348_n.jpg'><img loading=\"lazy\" decoding=\"async\" width=\"150\" height=\"150\" src=\"https:\/\/www.radiopiu.net\/wordpress\/wp-content\/uploads\/2020\/12\/128886058_217797533089284_8483391087774630348_n-150x150.jpg\" class=\"attachment-thumbnail size-thumbnail\" alt=\"\" \/><\/a>\n\t\t\t\t<\/dt><\/dl><dl class='gallery-item'>\n\t\t\t\t<dt class='gallery-icon landscape'>\n\t\t\t\t\t<a class=\"rollover rollover-zoom dt-pswp-item\" title=\"129248824_688443428483199_6028930371804189644_n\" data-dt-img-description=\"\" data-large_image_width=\"1684\" data-large_image_height=\"905\"href='https:\/\/www.radiopiu.net\/wordpress\/wp-content\/uploads\/2020\/12\/129248824_688443428483199_6028930371804189644_n.jpg'><img loading=\"lazy\" decoding=\"async\" width=\"150\" height=\"150\" src=\"https:\/\/www.radiopiu.net\/wordpress\/wp-content\/uploads\/2020\/12\/129248824_688443428483199_6028930371804189644_n-150x150.jpg\" class=\"attachment-thumbnail size-thumbnail\" alt=\"\" \/><\/a>\n\t\t\t\t<\/dt><\/dl><br style=\"clear: both\" \/>\n\t\t\t<\/div>\n\n<p>NELLE FOTO (riproduzioni dal quaderno di \u201cProtagonisti\u201d dell\u2019Isbr): Pierina Boranga, giovane maestra a Milano; il curatore del Quaderno di \u201cProtagonisti\u201d, lo storico Ferruccio Vendramini; la direttrice Boranga in visita con insegnanti a Villa Maser; una classe numerosa nel Bellunese, all\u2019inizio del fascismo quando pochi alunni hanno la divisa; scolaresca delle elementari di Carmegn; giugno 1932 saggio ginnico della terza e quarta di Visome; 3 ottobre 1935: a Sospirolo ragazzi di scuola con gli adulti; Anni Trenta: scolaresche nella via Caffi davanti alle officine dl\u2019Istituto industriale, dirette alle Gabelli; Boranga nel giardino della casa di via Sottocastello a Belluno; anno 1955: nello studio di ricercatrice e scrittrice; 1982 novantenne con i frutti del suo orto-giardino; con gli alunni della quinta di Tisoi; cerimonia fascista alle Gabelli;una veduta della scuola dove oggi sono in corso importanti lavori di ristrutturazione; Anni Venti: refezione scolastica a Gosaldo.<\/p>\n<p>&nbsp;<\/p>\n<p>&nbsp;<\/p>\n<hr \/>\n<p>&nbsp;<\/p>\n<h2><span style=\"color: #ff0000;\">IERI ALLA RADIO\u00a0 IN VIVO VERSO 2020-21<\/span><\/h2>\n<p><strong><span style=\"color: #0000ff;\">IN ONDA DAL LUNEDI AL VENERDI ALLE 7.10, 10.10, 18.50 I PROTAGONISTI DI QUESTA SETTIMANA: <\/span><\/strong><span style=\"color: #000000;\">Deborah \u017derovnik<strong><span class=\"d2edcug0 hpfvmrgz qv66sw1b c1et5uql rrkovp55 a8c37x1j keod5gw0 nxhoafnm aigsh9s9 d3f4x2em fe6kdd0r mau55g9w c8b282yb iv3no6db jq4qci2q a3bd9o3v knj5qynh oo9gr5id hzawbc8m\" dir=\"auto\">, <\/span><\/strong>Renato Mosena<strong><span class=\"d2edcug0 hpfvmrgz qv66sw1b c1et5uql rrkovp55 a8c37x1j keod5gw0 nxhoafnm aigsh9s9 d3f4x2em fe6kdd0r mau55g9w c8b282yb iv3no6db jq4qci2q a3bd9o3v knj5qynh oo9gr5id hzawbc8m\" dir=\"auto\">,\u00a0<\/span><\/strong>Bruno Dell Agnola<strong><span class=\"d2edcug0 hpfvmrgz qv66sw1b c1et5uql rrkovp55 a8c37x1j keod5gw0 nxhoafnm aigsh9s9 d3f4x2em fe6kdd0r mau55g9w c8b282yb iv3no6db jq4qci2q a3bd9o3v knj5qynh oo9gr5id hzawbc8m\" dir=\"auto\">, <\/span><\/strong>Loredana Borghetto\u00a0<strong><span class=\"d2edcug0 hpfvmrgz qv66sw1b c1et5uql rrkovp55 a8c37x1j keod5gw0 nxhoafnm aigsh9s9 d3f4x2em fe6kdd0r mau55g9w c8b282yb iv3no6db jq4qci2q a3bd9o3v knj5qynh oo9gr5id hzawbc8m\" dir=\"auto\"> e dalla propria voce, <\/span><\/strong>Federico Soppelsa<\/span><\/p>\n<blockquote class=\"wp-embedded-content\" data-secret=\"7lmoHmV0rz\"><p><a href=\"https:\/\/www.radiopiu.net\/wordpress\/veliero-tra-le-nebbie-di-renato-mosena\/\">VELIERO TRA LE NEBBIE di RENATO MOSENA<\/a><\/p><\/blockquote>\n<p><iframe loading=\"lazy\" class=\"wp-embedded-content\" sandbox=\"allow-scripts\" security=\"restricted\" style=\"position: absolute; clip: rect(1px, 1px, 1px, 1px);\" title=\"&#8220;VELIERO TRA LE NEBBIE di RENATO MOSENA&#8221; &#8212; Radio Pi\u00f9\" src=\"https:\/\/www.radiopiu.net\/wordpress\/veliero-tra-le-nebbie-di-renato-mosena\/embed\/#?secret=7lmoHmV0rz\" data-secret=\"7lmoHmV0rz\" width=\"600\" height=\"338\" frameborder=\"0\" marginwidth=\"0\" marginheight=\"0\" scrolling=\"no\"><\/iframe><\/p>\n<\/div>\n<\/div>\n<h1><strong><span style=\"font-family: Verdana, sans-serif;\"><span style=\"font-size: medium;\">LA RACCOLTA COMPLETA, TUTTE LE COLLEZIONI<\/span><\/span><\/strong><\/h1>\n<blockquote class=\"wp-embedded-content\" data-secret=\"eg3CcHWQeL\"><p><a href=\"https:\/\/www.radiopiu.net\/wordpress\/in-vivo-verso\/\">In Vivo Verso<\/a><\/p><\/blockquote>\n<p><iframe loading=\"lazy\" class=\"wp-embedded-content\" sandbox=\"allow-scripts\" security=\"restricted\" style=\"position: absolute; clip: rect(1px, 1px, 1px, 1px);\" title=\"&#8220;In Vivo Verso&#8221; &#8212; Radio Pi\u00f9\" src=\"https:\/\/www.radiopiu.net\/wordpress\/in-vivo-verso\/embed\/#?secret=eg3CcHWQeL\" data-secret=\"eg3CcHWQeL\" width=\"600\" height=\"338\" frameborder=\"0\" marginwidth=\"0\" marginheight=\"0\" scrolling=\"no\"><\/iframe><\/p>\n<hr \/>\n<p>&nbsp;<\/p>\n<h2>007 IN CONDOTTA CON LA PROF. MARIA ROSA SALMAZO IL LUNEDI ALLE 10,30 E ALLE 19.00 LA DOMENICA ALLE 8 DEL MATTINO. NONA STAGIONE<\/h2>\n<h2>LA RACCOLTA COMPLETA<\/h2>\n<blockquote class=\"wp-embedded-content\" data-secret=\"QQ4J32fRGU\"><p><a href=\"https:\/\/www.radiopiu.net\/wordpress\/007incondotta-9\/\">007 in condotta<\/a><\/p><\/blockquote>\n<p><iframe loading=\"lazy\" class=\"wp-embedded-content\" sandbox=\"allow-scripts\" security=\"restricted\" style=\"position: absolute; clip: rect(1px, 1px, 1px, 1px);\" title=\"&#8220;007 in condotta&#8221; &#8212; Radio Pi\u00f9\" src=\"https:\/\/www.radiopiu.net\/wordpress\/007incondotta-9\/embed\/#?secret=QQ4J32fRGU\" data-secret=\"QQ4J32fRGU\" width=\"600\" height=\"338\" frameborder=\"0\" marginwidth=\"0\" marginheight=\"0\" scrolling=\"no\"><\/iframe><\/p>\n<p>&nbsp;<\/p>\n<hr \/>\n<p>&nbsp;<\/p>\n<blockquote>\n<h2>SALUTE E SOCIETA&#8217; IL LUNEDI ALLE 13.10 E ALLE 20.10, LA DOMENICA ALLE 10.30 A CURA DEL DOTTOR MARCO CARACCIOLO. QUINTA STAGIONE<\/h2>\n<\/blockquote>\n<h3>LA RACCOLTA COMPLETA<\/h3>\n<blockquote class=\"wp-embedded-content\" data-secret=\"9CpTL2zpC0\"><p><a href=\"https:\/\/www.radiopiu.net\/wordpress\/saluteesocieta\/\">Salute e Societ\u00e0<\/a><\/p><\/blockquote>\n<p><iframe loading=\"lazy\" class=\"wp-embedded-content\" sandbox=\"allow-scripts\" security=\"restricted\" style=\"position: absolute; clip: rect(1px, 1px, 1px, 1px);\" title=\"&#8220;Salute e Societ\u00e0&#8221; &#8212; Radio Pi\u00f9\" src=\"https:\/\/www.radiopiu.net\/wordpress\/saluteesocieta\/embed\/#?secret=9CpTL2zpC0\" data-secret=\"9CpTL2zpC0\" width=\"600\" height=\"338\" frameborder=\"0\" marginwidth=\"0\" marginheight=\"0\" scrolling=\"no\"><\/iframe><\/p>\n<hr \/>\n<blockquote>\n<h2><\/h2>\n<h2>FANTASTICHE DOLOMITI, NUOVA STAGIONE. APPUNTAMENTO QUINDICINALE IL GIOVEDI ALLE 10.30 E 1900<\/h2>\n<\/blockquote>\n<h1>LA RACCOLTA COMPLETA<\/h1>\n<blockquote class=\"wp-embedded-content\" data-secret=\"GF2yaxDrsK\"><p><a href=\"https:\/\/www.radiopiu.net\/wordpress\/https-wp-me-p63lo7-gyg\/\">FANTASTICHE DOLOMITI: IL QUINDICINALE APPUNTAMENTO ALLA RADIO<\/a><\/p><\/blockquote>\n<p><iframe loading=\"lazy\" class=\"wp-embedded-content\" sandbox=\"allow-scripts\" security=\"restricted\" style=\"position: absolute; clip: rect(1px, 1px, 1px, 1px);\" title=\"&#8220;FANTASTICHE DOLOMITI: IL QUINDICINALE APPUNTAMENTO ALLA RADIO&#8221; &#8212; Radio Pi\u00f9\" src=\"https:\/\/www.radiopiu.net\/wordpress\/https-wp-me-p63lo7-gyg\/embed\/#?secret=GF2yaxDrsK\" data-secret=\"GF2yaxDrsK\" width=\"600\" height=\"338\" frameborder=\"0\" marginwidth=\"0\" marginheight=\"0\" scrolling=\"no\"><\/iframe><\/p>\n<div class=\"mw-parser-output\">\n<p>&nbsp;<\/p>\n<\/div>\n<p>&nbsp;<\/p>\n<hr \/>\n<p>&nbsp;<\/p>\n<p>&nbsp;<\/p>\n<h2><span style=\"color: #808000;\">DUE MINUTI UN LIBRO\u00a0 TUTTI I GIORNI ALLA RADIO ALLE 9.30 E ALLE 18. QUINTA STAGIONE\u00a0 \u00a0<\/span><\/h2>\n<blockquote class=\"wp-embedded-content\" data-secret=\"MImGEnQgK9\"><p><a href=\"https:\/\/www.radiopiu.net\/wordpress\/lovid-19\/\">LOVID-19<\/a><\/p><\/blockquote>\n<p><iframe loading=\"lazy\" class=\"wp-embedded-content\" sandbox=\"allow-scripts\" security=\"restricted\" style=\"position: absolute; clip: rect(1px, 1px, 1px, 1px);\" title=\"&#8220;LOVID-19&#8221; &#8212; Radio Pi\u00f9\" src=\"https:\/\/www.radiopiu.net\/wordpress\/lovid-19\/embed\/#?secret=MImGEnQgK9\" data-secret=\"MImGEnQgK9\" width=\"600\" height=\"338\" frameborder=\"0\" marginwidth=\"0\" marginheight=\"0\" scrolling=\"no\"><\/iframe><\/p>\n<h2>LA RACCOLTA COMPLETA<\/h2>\n<blockquote class=\"wp-embedded-content\" data-secret=\"Ye37FLJoEe\"><p><a href=\"https:\/\/www.radiopiu.net\/wordpress\/due-minuti-un-libro\/\">Due minuti un libro<\/a><\/p><\/blockquote>\n<p><iframe loading=\"lazy\" class=\"wp-embedded-content\" sandbox=\"allow-scripts\" security=\"restricted\" style=\"position: absolute; clip: rect(1px, 1px, 1px, 1px);\" title=\"&#8220;Due minuti un libro&#8221; &#8212; Radio Pi\u00f9\" src=\"https:\/\/www.radiopiu.net\/wordpress\/due-minuti-un-libro\/embed\/#?secret=Ye37FLJoEe\" data-secret=\"Ye37FLJoEe\" width=\"600\" height=\"338\" frameborder=\"0\" marginwidth=\"0\" marginheight=\"0\" scrolling=\"no\"><\/iframe><\/p>\n<p>&nbsp;<\/p>\n<hr \/>\n<p>&nbsp;<\/p>\n<blockquote>\n<h2>CASSA SOLIDARIET\u00c0 LUXOTTICA &#8211; PUNTATA DEL 20 NOVEMBRE 2020<\/h2>\n<h2>RACCOLTA COMPLETA<\/h2>\n<\/blockquote>\n<blockquote class=\"wp-embedded-content\" data-secret=\"vCJPF7qg3z\"><p><a href=\"https:\/\/www.radiopiu.net\/wordpress\/cassa-solidarieta-luxottica-puntata-del-16-ottobre-2020\/\">CASSA SOLIDARIET\u00c0 LUXOTTICA &#8211; PUNTATA DEL 20 NOVEMBRE 2020<\/a><\/p><\/blockquote>\n<p><iframe loading=\"lazy\" class=\"wp-embedded-content\" sandbox=\"allow-scripts\" security=\"restricted\" style=\"position: absolute; clip: rect(1px, 1px, 1px, 1px);\" title=\"&#8220;CASSA SOLIDARIET\u00c0 LUXOTTICA &#8211; PUNTATA DEL 20 NOVEMBRE 2020&#8221; &#8212; Radio Pi\u00f9\" src=\"https:\/\/www.radiopiu.net\/wordpress\/cassa-solidarieta-luxottica-puntata-del-16-ottobre-2020\/embed\/#?secret=vCJPF7qg3z\" data-secret=\"vCJPF7qg3z\" width=\"600\" height=\"338\" frameborder=\"0\" marginwidth=\"0\" marginheight=\"0\" scrolling=\"no\"><\/iframe><\/p>\n<p>&nbsp;<\/p>\n<p>&nbsp;<\/p>\n<hr \/>\n<p>&nbsp;<\/p>\n<p>&nbsp;<\/p>\n<blockquote>\n<h2><a href=\"https:\/\/www.radiopiu.net\/wordpress\/speciale-solidarieta-veneto\/solidarieta-veneto-3\/\" rel=\"attachment wp-att-134366\"><img loading=\"lazy\" decoding=\"async\" class=\"wp-image-134366 alignleft\" src=\"https:\/\/www.radiopiu.net\/wordpress\/wp-content\/uploads\/2020\/05\/solidariet\u00e0-veneto-300x210.jpg\" alt=\"\" width=\"179\" height=\"125\" srcset=\"https:\/\/www.radiopiu.net\/wordpress\/wp-content\/uploads\/2020\/05\/solidariet\u00e0-veneto-300x210.jpg 300w, https:\/\/www.radiopiu.net\/wordpress\/wp-content\/uploads\/2020\/05\/solidariet\u00e0-veneto-1024x717.jpg 1024w, https:\/\/www.radiopiu.net\/wordpress\/wp-content\/uploads\/2020\/05\/solidariet\u00e0-veneto-768x538.jpg 768w, https:\/\/www.radiopiu.net\/wordpress\/wp-content\/uploads\/2020\/05\/solidariet\u00e0-veneto.jpg 1373w\" sizes=\"auto, (max-width: 179px) 100vw, 179px\" \/><\/a>SOLIDARIETA&#8217; VENETO FONDO PENSIONE, IN ONDA IL PRIMO VENERDI DEL MESE ALLE 10.30 E ALLE 19.00 QUINTA STAGIONE<\/h2>\n<h2>RACCOLTA COMPLETA<\/h2>\n<\/blockquote>\n<blockquote class=\"wp-embedded-content\" data-secret=\"7Fh9CcMPXl\"><p><a href=\"https:\/\/www.radiopiu.net\/wordpress\/solidarieta-veneto\/\">Solidariet\u00e0 Veneto<\/a><\/p><\/blockquote>\n<p><iframe loading=\"lazy\" class=\"wp-embedded-content\" sandbox=\"allow-scripts\" security=\"restricted\" style=\"position: absolute; clip: rect(1px, 1px, 1px, 1px);\" title=\"&#8220;Solidariet\u00e0 Veneto&#8221; &#8212; Radio Pi\u00f9\" src=\"https:\/\/www.radiopiu.net\/wordpress\/solidarieta-veneto\/embed\/#?secret=7Fh9CcMPXl\" data-secret=\"7Fh9CcMPXl\" width=\"600\" height=\"338\" frameborder=\"0\" marginwidth=\"0\" marginheight=\"0\" scrolling=\"no\"><\/iframe><\/p>\n<p>&nbsp;<\/p>\n<p>&nbsp;<\/p>\n<div>\n<p>&nbsp;<\/p>\n<hr \/>\n<p>&nbsp;<\/p>\n<div>\n<h2><span style=\"color: #33cccc;\">I RACCONTI DI PAOLO SOPPELSA il lunedi alle 9.30 e 18.30<\/span><\/h2>\n<h2><span style=\"color: #33cccc;\"><strong>RACCOLTA COMPLETA<\/strong><\/span><\/h2>\n<blockquote class=\"wp-embedded-content\" data-secret=\"OfKwitGuDd\"><p><a href=\"https:\/\/www.radiopiu.net\/wordpress\/i-racconti-di-paolo-soppelsa\/\">I racconti di Paolo Soppelsa<\/a><\/p><\/blockquote>\n<p><iframe loading=\"lazy\" class=\"wp-embedded-content\" sandbox=\"allow-scripts\" security=\"restricted\" style=\"position: absolute; clip: rect(1px, 1px, 1px, 1px);\" title=\"&#8220;I racconti di Paolo Soppelsa&#8221; &#8212; Radio Pi\u00f9\" src=\"https:\/\/www.radiopiu.net\/wordpress\/i-racconti-di-paolo-soppelsa\/embed\/#?secret=OfKwitGuDd\" data-secret=\"OfKwitGuDd\" width=\"600\" height=\"338\" frameborder=\"0\" marginwidth=\"0\" marginheight=\"0\" scrolling=\"no\"><\/iframe><\/p>\n<\/div>\n<p>&nbsp;<\/p>\n<hr \/>\n<p>&nbsp;<\/p>\n<div>\n<p>&nbsp;<\/p>\n<h2><strong><a href=\"https:\/\/www.radiopiu.net\/wordpress\/giornale-radiopiu-02-dicembre-2020-direttore-mirko-mezzacasa\/128444768_1534332183421510_4024815943692445144_o\/\" rel=\"attachment wp-att-176110\"><img loading=\"lazy\" decoding=\"async\" class=\"wp-image-176110 alignleft\" src=\"https:\/\/www.radiopiu.net\/wordpress\/wp-content\/uploads\/2020\/12\/128444768_1534332183421510_4024815943692445144_o-218x300.jpg\" alt=\"\" width=\"139\" height=\"191\" srcset=\"https:\/\/www.radiopiu.net\/wordpress\/wp-content\/uploads\/2020\/12\/128444768_1534332183421510_4024815943692445144_o-218x300.jpg 218w, https:\/\/www.radiopiu.net\/wordpress\/wp-content\/uploads\/2020\/12\/128444768_1534332183421510_4024815943692445144_o.jpg 522w\" sizes=\"auto, (max-width: 139px) 100vw, 139px\" \/><\/a>LE\u00a0 PUNTATE di Luisa Alchini di Leggermente Bellunesi, la domenica alle 11, il martedi alle 10.30 e alle 19.00<br \/>\n<\/strong><\/h2>\n<p><span style=\"color: #ff0000;\">LA PUNTATA DI IERI:<\/span>\u00a0 Progetto Interreg Italia-Osterreich, con la collaborazione dell&#8217;Istituto Follador De Rossi di Agordo nel libro &#8220;La via della Dolomia&#8221;<\/p>\n<\/div>\n<p>&nbsp;<\/p>\n<p>&nbsp;<\/p>\n<audio class=\"wp-audio-shortcode\" id=\"audio-176073-13\" preload=\"none\" style=\"width: 100%;\" controls=\"controls\"><source type=\"audio\/mpeg\" src=\"https:\/\/www.radiopiu.net\/wordpress\/wp-content\/uploads\/2020\/12\/9leggermentelaviadellaroccia.mp3?_=13\" \/><a href=\"https:\/\/www.radiopiu.net\/wordpress\/wp-content\/uploads\/2020\/12\/9leggermentelaviadellaroccia.mp3\">https:\/\/www.radiopiu.net\/wordpress\/wp-content\/uploads\/2020\/12\/9leggermentelaviadellaroccia.mp3<\/a><\/audio>\n<p>&nbsp;<\/p>\n<p>&nbsp;<\/p>\n<h1><span style=\"color: #000000;\">RACCOLTA COMPLETA<\/span><\/h1>\n<blockquote class=\"wp-embedded-content\" data-secret=\"gEbnroqOlu\"><p><a href=\"https:\/\/www.radiopiu.net\/wordpress\/leggermente-20\/\">LEGGERmente&#8230;Bellunesi<\/a><\/p><\/blockquote>\n<p><iframe loading=\"lazy\" class=\"wp-embedded-content\" sandbox=\"allow-scripts\" security=\"restricted\" style=\"position: absolute; clip: rect(1px, 1px, 1px, 1px);\" title=\"&#8220;LEGGERmente&#8230;Bellunesi&#8221; &#8212; Radio Pi\u00f9\" src=\"https:\/\/www.radiopiu.net\/wordpress\/leggermente-20\/embed\/#?secret=gEbnroqOlu\" data-secret=\"gEbnroqOlu\" width=\"600\" height=\"338\" frameborder=\"0\" marginwidth=\"0\" marginheight=\"0\" scrolling=\"no\"><\/iframe><\/p>\n<hr \/>\n<p>&nbsp;<\/p>\n<blockquote>\n<h3>L&#8217;ALMANACCO LADINO CON L&#8217;ISTITUT CESA DE JAN QUINDICINALE APPUNTAMENTO. LA DOMENICA ALLE 9 IL LUNEDI ALLE 8.35 IL MARTEDI ALLE 12.35 IL MERCOLEDI ALLE 18.35. SECONDA STAGIONE.<\/h3>\n<\/blockquote>\n<p><strong>RACCOLTA COMPLETA\u00a0<\/strong><\/p>\n<blockquote class=\"wp-embedded-content\" data-secret=\"g9uevTvnag\"><p><a href=\"https:\/\/www.radiopiu.net\/wordpress\/almanacco-ladino\/\">Almanacco Ladino<\/a><\/p><\/blockquote>\n<p><iframe loading=\"lazy\" class=\"wp-embedded-content\" sandbox=\"allow-scripts\" security=\"restricted\" style=\"position: absolute; clip: rect(1px, 1px, 1px, 1px);\" title=\"&#8220;Almanacco Ladino&#8221; &#8212; Radio Pi\u00f9\" src=\"https:\/\/www.radiopiu.net\/wordpress\/almanacco-ladino\/embed\/#?secret=g9uevTvnag\" data-secret=\"g9uevTvnag\" width=\"600\" height=\"338\" frameborder=\"0\" marginwidth=\"0\" marginheight=\"0\" scrolling=\"no\"><\/iframe><\/p>\n<p>&nbsp;<\/p>\n<\/div>\n<hr \/>\n<div>\n<h2><span style=\"color: #000080;\"><a class=\"dt-pswp-item\" href=\"https:\/\/www.radiopiu.net\/wordpress\/wp-content\/uploads\/2020\/10\/pp.jpg\" data-dt-img-description=\"\" data-large_image_width=\"640\" data-large_image_height=\"640\"><img loading=\"lazy\" decoding=\"async\" class=\"wp-image-163678 alignleft\" src=\"https:\/\/www.radiopiu.net\/wordpress\/wp-content\/uploads\/2020\/10\/pp-300x300.jpg\" alt=\"\" width=\"106\" height=\"106\" srcset=\"https:\/\/www.radiopiu.net\/wordpress\/wp-content\/uploads\/2020\/10\/pp-300x300.jpg 300w, https:\/\/www.radiopiu.net\/wordpress\/wp-content\/uploads\/2020\/10\/pp-150x150.jpg 150w, https:\/\/www.radiopiu.net\/wordpress\/wp-content\/uploads\/2020\/10\/pp-125x125.jpg 125w, https:\/\/www.radiopiu.net\/wordpress\/wp-content\/uploads\/2020\/10\/pp-200x200.jpg 200w, https:\/\/www.radiopiu.net\/wordpress\/wp-content\/uploads\/2020\/10\/pp-80x80.jpg 80w, https:\/\/www.radiopiu.net\/wordpress\/wp-content\/uploads\/2020\/10\/pp-480x480.jpg 480w, https:\/\/www.radiopiu.net\/wordpress\/wp-content\/uploads\/2020\/10\/pp.jpg 640w\" sizes=\"auto, (max-width: 106px) 100vw, 106px\" \/><\/a> <\/span><\/h2>\n<h2><span style=\"color: #000080;\">DON CESARE, IL PENSIERO DEL GIORNO. ALLA RADIO ALLE 7 DEL MATTINO E ALLE 19.30 DELLA SERA.\u00a0\u00a0<\/span><\/h2>\n<\/div>\n<p>&nbsp;<\/p>\n<p>&nbsp;<\/p>\n<audio class=\"wp-audio-shortcode\" id=\"audio-176073-14\" preload=\"none\" style=\"width: 100%;\" controls=\"controls\"><source type=\"audio\/mpeg\" src=\"https:\/\/www.radiopiu.net\/wordpress\/wp-content\/uploads\/2020\/12\/CESARE.mp3?_=14\" \/><a href=\"https:\/\/www.radiopiu.net\/wordpress\/wp-content\/uploads\/2020\/12\/CESARE.mp3\">https:\/\/www.radiopiu.net\/wordpress\/wp-content\/uploads\/2020\/12\/CESARE.mp3<\/a><\/audio>\n<p>&nbsp;<\/p>\n<hr \/>\n<p>&nbsp;<\/p>\n<div>\n<p class=\"photoswipe-wrapper\"><a class=\"dt-pswp-item pspw-wrap-ready\" href=\"https:\/\/i0.wp.com\/www.radiopiu.net\/wordpress\/wp-content\/uploads\/2018\/09\/viabilita.jpeg?ssl=1\" data-dt-img-description=\"\" data-large_image_width=\"800\" data-large_image_height=\"100\"><img loading=\"lazy\" decoding=\"async\" class=\"aligncenter wp-image-61954 size-full\" src=\"https:\/\/i0.wp.com\/www.radiopiu.net\/wordpress\/wp-content\/uploads\/2018\/09\/viabilita.jpeg?resize=800%2C100&amp;ssl=1\" sizes=\"auto, (max-width: 800px) 100vw, 800px\" srcset=\"https:\/\/i0.wp.com\/www.radiopiu.net\/wordpress\/wp-content\/uploads\/2018\/09\/viabilita.jpeg?w=800&amp;ssl=1 800w, https:\/\/i0.wp.com\/www.radiopiu.net\/wordpress\/wp-content\/uploads\/2018\/09\/viabilita.jpeg?resize=300%2C38&amp;ssl=1 300w, https:\/\/i0.wp.com\/www.radiopiu.net\/wordpress\/wp-content\/uploads\/2018\/09\/viabilita.jpeg?resize=768%2C96&amp;ssl=1 768w\" alt=\"\" width=\"800\" height=\"100\" \/><\/a><\/p>\n<\/div>\n<p>&nbsp;<\/p>\n<p><strong>FELTRE<\/strong> Senso unico alternato regolato da movieri per lavori stradali nel tratto di viale Monte Grappa compreso fra incrocio con via Folli ( accesso supermercato Lidl ) e fine cantiere Altanon ( altezza negozio Kiwi Sport ) fino al 23 dicembre<\/p>\n<p><strong>PROVINCIALE 49 MISURINA CONFINE PROVINCIA DI BOLZANO<\/strong>:\u00a0 fino al 22 dicembre (festivi e prefestivi compresi) senso unico alternato con movieri o semafori<\/p>\n<p><strong>STRADA REGIONALE 48 DELLE DOLOMITI<\/strong> fino al 03 dicembre, dalle 8 alle 18, senso unico alternato regolato da impianto semaforico in localit\u00e0 Salesei di Sopra in comune di Livinallongo per esecuzione tombinatura<\/p>\n<p><strong>PROVINCIALE 3 VALLE IMPERINA<\/strong>:\u00a0 fino al 12 dicembre senso unico alternato (tutti i giorni nessuno escluso) in locailt\u00e0 Gona per messa in sicurezza della strada.<\/p>\n<p><strong>PROVINCIALE 48 DELLE DOLOMITI<\/strong> fino al 6 dicembre (tutti i giorni nessuno escluso) senso unico alternato in localit\u00e0 Livin\u00e8 a Livinallongo del Col di Lana<\/p>\n<p><strong>REGIONALE 203 AGORDINA COLLAZ-LIVINALLONGO<\/strong>\u00a0 fino al 4 dicembre (sabato e festivi esclusi) senso unico alternato per singoli tratti di 150 metri<\/p>\n<p><strong>SP\u00a0423 LAGO DI SANTA CROCE_POIATTE_ALPAGO <\/strong>Fino al 12 dicembre (esclusi festivi e prefestivi) senso unico alternato con movieri o semaforo per esecuzione paramassi a monte della strada<\/p>\n<p><strong>SP 3 DELLA VAL IMPERINA<\/strong> fino a revoca, senso unico alternato regolato a vista in localit\u00e0 Gona di Conedera di Rivamonte per cedimento della carreggiata stradale<\/p>\n<p><strong>REGIONALE 203 AGORDINA<\/strong>\u00a0 Fino\u00a0 al 18 dicembre (esclusi festivi e prefestivi) senso unico alternato tra Peron e Candaten con movieri dalle 7.30 alle 9 e dalle 16.30 alle 18. Con semaforo negli altri orari<\/p>\n<div>\n<p>&nbsp;<\/p>\n<hr \/>\n<p>&nbsp;<\/p>\n<p class=\"photoswipe-wrapper\"><a class=\"dt-pswp-item pspw-wrap-ready\" href=\"https:\/\/i0.wp.com\/www.radiopiu.net\/wordpress\/wp-content\/uploads\/2018\/09\/WhatsApp-Image-2018-09-20-at-16.04.06.jpeg?ssl=1\" data-dt-img-description=\"\" data-large_image_width=\"800\" data-large_image_height=\"100\"><img loading=\"lazy\" decoding=\"async\" class=\"aligncenter wp-image-61378 size-full jetpack-lazy-image jetpack-lazy-image--handled\" src=\"https:\/\/i0.wp.com\/www.radiopiu.net\/wordpress\/wp-content\/uploads\/2018\/09\/WhatsApp-Image-2018-09-20-at-16.04.06.jpeg?resize=800%2C100&amp;ssl=1\" sizes=\"auto, (max-width: 800px) 100vw, 800px\" srcset=\"https:\/\/i0.wp.com\/www.radiopiu.net\/wordpress\/wp-content\/uploads\/2018\/09\/WhatsApp-Image-2018-09-20-at-16.04.06.jpeg?w=800&amp;ssl=1 800w, https:\/\/i0.wp.com\/www.radiopiu.net\/wordpress\/wp-content\/uploads\/2018\/09\/WhatsApp-Image-2018-09-20-at-16.04.06.jpeg?resize=300%2C38&amp;ssl=1 300w, https:\/\/i0.wp.com\/www.radiopiu.net\/wordpress\/wp-content\/uploads\/2018\/09\/WhatsApp-Image-2018-09-20-at-16.04.06.jpeg?resize=768%2C96&amp;ssl=1 768w\" alt=\"\" width=\"800\" height=\"100\" data-lazy-loaded=\"1\" \/><\/a><\/p>\n<p>&nbsp;<\/p>\n<p><b>Mercoledi 2<\/b> <b>Tempo atteso: <\/b>Cielo molto nuvoloso\/coperto tutto il giorno con graduale peggioramento fino a perturbato su tutta la montagna veneta, con probabile temporanea pausa sulla Prealpi, ma non sulle Dolomiti, prima che la perturbabilit\u00e0 riprenda ovunque alla sera. Atmosfera invernale.<br \/>\n<b>Precipitazioni: <\/b>Nel corso della mattinata prime precipitazioni in estensione a tutta la montagna veneta (80-90%), nevose fino nei fondovalle prealpini. Nel pomeriggio probabile pausa senza fenomeni, salvo nevischio sparso in quota, prima che le precipitazioni riprendano alla sera (80\/90%), assieme a un lieve rialzo del limite delle nevicate fino sui 400\/600 m sulle Prealpi ma non sulle Dolomiti. Gli accumuli di neve saranno di 5\/10 cm a bassa quota (Valbelluna) e potranno essere raggiunti i 15\/20 cm, gi\u00e0 sui 1000\/1200 m, anche 20\/25 oltre i 1800 m per neve soffice.<br \/>\n<b>Temperature: <\/b>In ulteriore lieve diminuzione con atmosfera invernale a tutte le quote. Sono previste punte di 2\/3\u00b0C nei fondovalle prealpini e di -1\/1\u00b0C a 1000\/1200 m. Su Prealpi a 1500 m min -4\u00b0C max -2\u00b0C, a 2000 m min -6\u00b0C max -4\u00b0C. Su Dolomiti a 2000 m min -6\u00b0C max -4\u00b0C, a 3000 m min -13\u00b0C max -10\u00b0C.<br \/>\n<b>Venti: <\/b>Nelle valli generalmente deboli di direzione variabile, con rinforzi nei settori aperti a est nord-est, in quota tesi\/forti da nord-est sulle dorsali prealpine e tesi da sud-est alle quote pi\u00f9 alte, a 20-40 km\/h a 2000 m, a 25-35 km\/h a 3000 m.<\/p>\n<hr \/>\n<p><b>Giovedi 3<\/b> <b>Tempo atteso: <\/b>Nottetempo e per buon parte del mattino residuo maltempo con fenomeni pi\u00f9 duraturi sulle Dolomiti e man mano pi\u00f9 radi altrove. Al pomeriggio variabilit\u00e0 con cielo sempre coperto ovunque. Atmosfera un po&#8217; meno fredda sia di notte che di giorno, ancora invernale in quota.<br \/>\n<b>Precipitazioni: <\/b>Probabilit\u00e0 ancora alta nella notte (80\/90%), poi sempre pi\u00f9 bassa fino a (20\/30%) al pomeriggio\/sera per residuo nevischio in quota. Il limite neve sar\u00e0 ancora sporadicamente fino nei fondovalle, ma tender\u00e0 ad assestarsi sui 600\/800 m a fine episodio. Sono previsti altri 2\/5 mm, localmente fino a 5\/10 mm sulle Dolomiti con altrettanti cm di neve dai 1000 m in su.<br \/>\n<b>Temperature: <\/b>In generale lieve ripresa a tutte le quote, sia le minime che le massime. Sono previste punte di 3\/5\u00b0C nei fondovalle prealpini e di 1\/2\u00b0C a 1000\/1200 m. Su Prealpi a 1500 m min -3\u00b0C max -1\u00b0C, a 2000 m min -5\u00b0C max -3\u00b0C. Su Dolomiti a 2000 m min -5\u00b0C max -3\u00b0C, a 3000 m min -11\u00b0C max -9\u00b0C.<br \/>\n<b>Venti: <\/b>Nelle valli generalmente deboli di direzione variabile; in quota moderati\/tesi da nord-est a 1500 m e moderati da sud-est alle quote pi\u00f9 alte, a 20-30 km\/h a 2000 m, a 25-30 km\/h a 3000 m.<\/p>\n<hr \/>\n<p><b>Venerdi 4<\/b>Nuovo peggioramento del tempo con cielo coperto e prime deboli precipitazioni, gi\u00e0 a fine nottata sulle Prealpi occidentali. Il maltempo in intensificazione si estender\u00e0 rapidamente a tutta la montagna veneta. Il limite neve sar\u00e0 inizialmente sui 400\/500 m a ridosso della pedemontana, altrove fino nei fondovalle, prima di risalire fino sui 1000\/1100 m sulle Prealpi, mentre rimarr\u00e0 pi\u00f9 basso sulle Dolomiti. Temperature in rialzo, eccetto calo delle minime nelle valli. Venti moderati\/tesi di scirocco in quota, deboli\/moderati di direzione variabili nelle valli.<\/p>\n<hr \/>\n<p><b>Sabato 5<\/b>Maltempo con cielo coperto e precipitazioni diffuse, anche abbondanti. Il limite della neve si alzer\u00e0 ulteriormente sulle Prealpi fino sui 1600\/1800 m, mentre sar\u00e0 molto pi\u00f9 variabile sulle Dolomiti, risalendo oltre i 1400\/1600 m, ma potrebbe ancora nevicare sui 1000\/1200 m nelle valli pi\u00f9 chiuse. Temperature in generale rialzo. Venti sciroccali tesi tesi\/forti in quota moderati dai quadranti meridionali nelle valli. Previsore R.L.Th.<\/p>\n<p>&nbsp;<\/p>\n<hr \/>\n<p>&nbsp;<\/p>\n<h3><a href=\"https:\/\/www.radiopiu.net\/wordpress\/giornale-radiopiu-15-settembre-2018-direttore-mirko-mezzacasa\/sport-7\/\" rel=\"attachment wp-att-60761\"><img loading=\"lazy\" decoding=\"async\" class=\"aligncenter wp-image-60761 size-full\" src=\"https:\/\/www.radiopiu.net\/wordpress\/wp-content\/uploads\/2018\/09\/sport.jpg\" alt=\"\" width=\"800\" height=\"100\" srcset=\"https:\/\/www.radiopiu.net\/wordpress\/wp-content\/uploads\/2018\/09\/sport.jpg 800w, https:\/\/www.radiopiu.net\/wordpress\/wp-content\/uploads\/2018\/09\/sport-300x38.jpg 300w, https:\/\/www.radiopiu.net\/wordpress\/wp-content\/uploads\/2018\/09\/sport-768x96.jpg 768w\" sizes=\"auto, (max-width: 800px) 100vw, 800px\" \/><\/a><\/h3>\n<\/div>\n<p>&nbsp;<\/p>\n<blockquote>\n<h2>SARTORI PREPARA MUSCOLI E MENTE, VIA LA LAVORO DI PREVENZIONE<\/h2>\n<\/blockquote>\n<p><strong><a href=\"https:\/\/www.radiopiu.net\/wordpress\/giornale-radiopiu-02-dicembre-2020-direttore-mirko-mezzacasa\/sergio_sartori_1\/\" rel=\"attachment wp-att-176119\"><img loading=\"lazy\" decoding=\"async\" class=\" wp-image-176119 alignleft\" src=\"https:\/\/www.radiopiu.net\/wordpress\/wp-content\/uploads\/2020\/12\/Sergio_Sartori_1-266x300.jpg\" alt=\"\" width=\"146\" height=\"165\" srcset=\"https:\/\/www.radiopiu.net\/wordpress\/wp-content\/uploads\/2020\/12\/Sergio_Sartori_1-266x300.jpg 266w, https:\/\/www.radiopiu.net\/wordpress\/wp-content\/uploads\/2020\/12\/Sergio_Sartori_1-768x866.jpg 768w, https:\/\/www.radiopiu.net\/wordpress\/wp-content\/uploads\/2020\/12\/Sergio_Sartori_1.jpg 904w\" sizes=\"auto, (max-width: 146px) 100vw, 146px\" \/><\/a>BELLUNO <\/strong>La Pallavolo Belluno intende farsi trovare pronta: con la formazione maschile e con quella femminile. Due squadre, un solo preparatore atletico, protagonista in questo periodo di un lavoro certosino: Sergio Sartori. <em>\u00abUn lavoro &#8211; spiega proprio Sartori &#8211; di stampo preventivo-posturale\u00bb. Il mese di novembre \u00e8 stato scandito da due sedute a settimana: \u00abLa prima muscolare e l&#8217;altra pi\u00f9 mirata su ogni singolo atleta, con lo scopo di incidere anche sul gesto tecnico\u00bb.\u00a0 <\/em>Ma \u00e8 evidente che gli allenamenti risentono di un vuoto: <em>\u00abNon ci sono partite da disputare e, quindi, da preparare. In altri termini, mancano le componenti cognitivo-comportamentali e quelle motivazionali che solo una sfida ufficiale, con i punti in palio, \u00e8 in grado di garantire\u00bb.\u00a0 <\/em>Un preparatore atletico deve concentrarsi sul fisico dei pallavolisti? E pure sulla loro mente:<em> \u00abLe ragazze sono pi\u00f9 metodiche, mentre i ragazzi, senza l&#8217;impegno della partita, soffrono maggiormente. In ogni caso, entrambi i gruppi non hanno mai perso la voglia di raggiungere la palestra per allenarsi\u00bb.\u00a0 <\/em>I campionati di B maschile e B2 femminile riprenderanno il 23 gennaio e nello spazio di pochi mesi, si giocheranno un&#8217;intera stagione.<\/p>\n<p>&nbsp;<\/p>\n","protected":false},"excerpt":{"rendered":"<p>PER RICEVERE QUESTO NOTIZIARIO DIRETTAMENTE SUL TUO CELLULARE ISCRIVITI AL CANALE TELEGRAM \u201cRADIO PIU\u00a0 INFORMAZIONE&#8221; &nbsp; ATTENZIONE: LA NUOVA APP PER IOS-IPHONE https:\/\/apps.apple.com\/it\/app\/radio-pi%C3%B9-emittente-agordina\/id1515939845 ATTENZIONE: LA NUOVA APP RADIO\u00a0 PER ANDROID https:\/\/play.google.com\/store\/apps\/details?id=net.radiopiu.iniko\u00a0\u00a0 &nbsp; &nbsp; &nbsp; L&#8217;AUTOCERTIFICAZIONE &nbsp; PER SCARICARE L&#8217;AUTOCERTIFICAZIONE CLICCA QUI &nbsp; DALLA PREFETTURA DI BELLUNO IL MONITORAGGIO DEI CONTROLLI &nbsp; &nbsp; IL NATALE A&hellip;<\/p>\n","protected":false},"author":4,"featured_media":176250,"comment_status":"closed","ping_status":"closed","sticky":false,"template":"","format":"standard","meta":{"_monsterinsights_skip_tracking":false,"_monsterinsights_sitenote_active":false,"_monsterinsights_sitenote_note":"","_monsterinsights_sitenote_category":0,"footnotes":""},"categories":[1,51,86,49],"tags":[],"class_list":["post-176073","post","type-post","status-publish","format-standard","has-post-thumbnail","hentry","category-senza-categoria","category-evidenza-top","category-gr","category-news-18","category-1","category-51","category-86","category-49","description-off"],"img_url":"https:\/\/www.radiopiu.net\/wordpress\/wp-content\/uploads\/2020\/12\/49a89f3f-5542-41c0-b8dd-e4f5e64a4ba9.jpg","_links":{"self":[{"href":"https:\/\/www.radiopiu.net\/wordpress\/wp-json\/wp\/v2\/posts\/176073","targetHints":{"allow":["GET"]}}],"collection":[{"href":"https:\/\/www.radiopiu.net\/wordpress\/wp-json\/wp\/v2\/posts"}],"about":[{"href":"https:\/\/www.radiopiu.net\/wordpress\/wp-json\/wp\/v2\/types\/post"}],"author":[{"embeddable":true,"href":"https:\/\/www.radiopiu.net\/wordpress\/wp-json\/wp\/v2\/users\/4"}],"replies":[{"embeddable":true,"href":"https:\/\/www.radiopiu.net\/wordpress\/wp-json\/wp\/v2\/comments?post=176073"}],"version-history":[{"count":0,"href":"https:\/\/www.radiopiu.net\/wordpress\/wp-json\/wp\/v2\/posts\/176073\/revisions"}],"wp:featuredmedia":[{"embeddable":true,"href":"https:\/\/www.radiopiu.net\/wordpress\/wp-json\/wp\/v2\/media\/176250"}],"wp:attachment":[{"href":"https:\/\/www.radiopiu.net\/wordpress\/wp-json\/wp\/v2\/media?parent=176073"}],"wp:term":[{"taxonomy":"category","embeddable":true,"href":"https:\/\/www.radiopiu.net\/wordpress\/wp-json\/wp\/v2\/categories?post=176073"},{"taxonomy":"post_tag","embeddable":true,"href":"https:\/\/www.radiopiu.net\/wordpress\/wp-json\/wp\/v2\/tags?post=176073"}],"curies":[{"name":"wp","href":"https:\/\/api.w.org\/{rel}","templated":true}]}}