{"id":176118,"date":"2020-12-01T11:06:38","date_gmt":"2020-12-01T10:06:38","guid":{"rendered":"https:\/\/www.radiopiu.net\/wordpress\/?p=176118"},"modified":"2020-12-01T11:31:21","modified_gmt":"2020-12-01T10:31:21","slug":"diretta-adriano-rasi-caldogno-direttore-ulss1-punto-covid","status":"publish","type":"post","link":"https:\/\/www.radiopiu.net\/wordpress\/diretta-adriano-rasi-caldogno-direttore-ulss1-punto-covid\/","title":{"rendered":"ATTIVATA L&#8217;USCA A BELLUNO CON 11 MEDICI OPERATIVI PER 12 ORE AL GIORNO, TUTTI I GIORNI. PARLA ADRIANO RASI CALDOGNO"},"content":{"rendered":"<p><strong>BELLUNO <\/strong>Aggiornamento sulla situazione covid in provincia dalla Ulss1 Dolomiti, parla il direttore generale<\/p>\n<blockquote>\n<h2>LEGGI L&#8217;INTERVENTO DI ADRIANO RASI CALDOGNO<\/h2>\n<\/blockquote>\n<p><strong><img loading=\"lazy\" decoding=\"async\" class=\"alignleft\" src=\"https:\/\/www.radiopiu.net\/wordpress\/wp-content\/uploads\/2020\/05\/RASI-CALDOGNO.jpeg\" width=\"258\" height=\"151\" \/>LA NOTIZIA DEL GIORNO<\/strong> Attivata L&#8217;Usca a Belluno con 11 medici operativi sette giorni su sette dalle 8 alle 20. I compiti dell&#8217;unit\u00e0 speciale: la gestione domiciliare dei pazienti covid positivi che non necessitano di un ricovero ospedaliero ma che \u00e8 opportuno siano seguito con specifiche terapie, la grande maggioranza dei soggetti non presenta sintomi, o molto lievi. Queste unit\u00e0 speciali lavorano assieme ai medici di medicina generale, pediatri, pronto soccorso, 118 e specialisti che seguono i malati ricoverati con covid19. Le Usca sono attivata non dall&#8217;utenza ma dai medici di base oppure dal 188 o dalle strutture ospedaliere. Per ogni intervento saranno effettuate schede di monitoraggio.\u00a0 Nel distretto di Feltre \u00e8 gi\u00e0 attiva da alcuni mesi con 5 professionisti e il supporto infermieristico. Da novembre c&#8217;\u00e8 stato un crescendo importante dei casi presi in carico, circa 50 pazienti presi in carico quotidianamente e sorveglianza attiva di oltre 1000 soggetti. Ci sono stati interventi in loco dell&#8217;equipe in 5 residenze per anziani, Meano, Cesio, Feltre, Lentiai e Quero: tassello importante nella strategia per gestire al meglio i pazienti covid trattenendoli il pi\u00f9 possibile a domicilio con adeguata assistenza medica. Potenzieremo ulteriormente le Usca e stiamo cercando medici disponibili per questa attivit\u00e0. <strong>MEDICINA TERRITORIALE<\/strong> Importante azione dei medici di medicina generale, primo interlocutore in caso di necessit\u00e0 per sospetti sintomi di covid. E&#8217; possibile inoltre gradualmente ottenere dal medico di medicina generale il tampone rapido. Distribuiti i tamponi a 43 medici su 132 che hanno iniziato questa azione di screening sui proprio pazienti. Gradualmente si uniranno altri medici.<strong> SITUAZIONE EPIDEMIOLOGICA<\/strong> Alle 8 di questa mattina 141 nuovi positivi in 24 ore, con una flessione rispetto alla scorsa settimana. Sono dati in funzione ai tamponi fatti e refertat. Tutto il Dipartimento di Prevenzione \u00e8 fortemente impegnato per contenere e governare la curva dei contagi. Significativo al proposito il numero di covid point, numero imponente di tamponi rapidi e molecolari. Come gi\u00e0 accennato ormai abbiamo una molte di attivit\u00e0 di 10 volte i tamponi che si facevano a marzo. Ecco perch\u00e9 il ritardo nella consegna dei risultati dei test, non siamo per nulla contenti di questi ritardi ma bisogna comprendere la mole di lavoro diagnostico. <strong>TAMPONI AD AURONZO<\/strong> Domenica l&#8217;operazione mirata con 350 persone nella fascia d&#8217;et\u00e0 41-75 anni per verificare lo stato dell&#8217;arte rispetto alla diffusione del virus in una popolazione tra le pi\u00f9 colpite le scorse settimane con focolai di rilievo. Il dato interessante e confortante che nel campione la positivit\u00e0 \u00e8 pari all&#8217;8 per mille, di gran lunga inferiore delle settimane precedenti. Si pu\u00f2 ragionevolmente affermare che il focolaio di Auronzo \u00e8 in via di ridimensionamento, ma l&#8217;attenzione va tenuta alta. <strong>IN OSPEDALE<\/strong> A ieri sera 14 persone in terapia intensiva 133 area non critica 57 negli ospedali di comunit\u00e0. Una decina di persone provengono da fuori Ulss soprattutto dal Primiero che hanno come riferimento la Ulss Dolomiti.<\/p>\n<p>&nbsp;<\/p>\n<p><a href=\"https:\/\/www.facebook.com\/RasiCaldognoUlssDolomiti\/videos\/676721413016038\">https:\/\/www.facebook.com\/RasiCaldognoUlssDolomiti\/videos\/676721413016038<\/a><\/p>\n<p>&nbsp;<\/p>\n","protected":false},"excerpt":{"rendered":"<p>BELLUNO Aggiornamento sulla situazione covid in provincia dalla Ulss1 Dolomiti, parla il direttore generale LEGGI L&#8217;INTERVENTO DI ADRIANO RASI CALDOGNO LA NOTIZIA DEL GIORNO Attivata L&#8217;Usca a Belluno con 11 medici operativi sette giorni su sette dalle 8 alle 20. I compiti dell&#8217;unit\u00e0 speciale: la gestione domiciliare dei pazienti covid positivi che non necessitano di&hellip;<\/p>\n","protected":false},"author":4,"featured_media":134982,"comment_status":"closed","ping_status":"closed","sticky":false,"template":"","format":"standard","meta":{"_monsterinsights_skip_tracking":false,"_monsterinsights_sitenote_active":false,"_monsterinsights_sitenote_note":"","_monsterinsights_sitenote_category":0,"footnotes":""},"categories":[51,49],"tags":[],"class_list":["post-176118","post","type-post","status-publish","format-standard","has-post-thumbnail","hentry","category-evidenza-top","category-news-18","category-51","category-49","description-off"],"img_url":"https:\/\/www.radiopiu.net\/wordpress\/wp-content\/uploads\/2020\/05\/RASI-CALDOGNO.jpeg","_links":{"self":[{"href":"https:\/\/www.radiopiu.net\/wordpress\/wp-json\/wp\/v2\/posts\/176118","targetHints":{"allow":["GET"]}}],"collection":[{"href":"https:\/\/www.radiopiu.net\/wordpress\/wp-json\/wp\/v2\/posts"}],"about":[{"href":"https:\/\/www.radiopiu.net\/wordpress\/wp-json\/wp\/v2\/types\/post"}],"author":[{"embeddable":true,"href":"https:\/\/www.radiopiu.net\/wordpress\/wp-json\/wp\/v2\/users\/4"}],"replies":[{"embeddable":true,"href":"https:\/\/www.radiopiu.net\/wordpress\/wp-json\/wp\/v2\/comments?post=176118"}],"version-history":[{"count":0,"href":"https:\/\/www.radiopiu.net\/wordpress\/wp-json\/wp\/v2\/posts\/176118\/revisions"}],"wp:featuredmedia":[{"embeddable":true,"href":"https:\/\/www.radiopiu.net\/wordpress\/wp-json\/wp\/v2\/media\/134982"}],"wp:attachment":[{"href":"https:\/\/www.radiopiu.net\/wordpress\/wp-json\/wp\/v2\/media?parent=176118"}],"wp:term":[{"taxonomy":"category","embeddable":true,"href":"https:\/\/www.radiopiu.net\/wordpress\/wp-json\/wp\/v2\/categories?post=176118"},{"taxonomy":"post_tag","embeddable":true,"href":"https:\/\/www.radiopiu.net\/wordpress\/wp-json\/wp\/v2\/tags?post=176118"}],"curies":[{"name":"wp","href":"https:\/\/api.w.org\/{rel}","templated":true}]}}