{"id":176132,"date":"2020-12-01T12:11:49","date_gmt":"2020-12-01T11:11:49","guid":{"rendered":"https:\/\/www.radiopiu.net\/wordpress\/?p=176132"},"modified":"2020-12-01T12:11:49","modified_gmt":"2020-12-01T11:11:49","slug":"giornata-mondiale-contro-aids-anche-nel-veneto-in-calo-le-nuovi-diagnosi","status":"publish","type":"post","link":"https:\/\/www.radiopiu.net\/wordpress\/giornata-mondiale-contro-aids-anche-nel-veneto-in-calo-le-nuovi-diagnosi\/","title":{"rendered":"GIORNATA MONDIALE CONTRO AIDS. ANCHE NEL VENETO IN CALO LE NUOVI DIAGNOSI."},"content":{"rendered":"<blockquote>\n<h3><\/h3>\n<\/blockquote>\n<p><strong><a href=\"https:\/\/www.radiopiu.net\/wordpress\/giornale-radio-piu-edizione-del-01-12-2017-direttore-mirko-mezzacasa\/aids\/\" rel=\"attachment wp-att-39338\"><img loading=\"lazy\" decoding=\"async\" class=\"size-medium wp-image-39338 alignleft\" src=\"https:\/\/www.radiopiu.net\/wordpress\/wp-content\/uploads\/2017\/12\/aids-300x214.jpg\" alt=\"\" width=\"300\" height=\"214\" \/><\/a>VENEZIA\u00a0<\/strong> Anche nel Veneto sono stati fatti progressi significativi dagli anni \u201890, ma rimane ancora un problema globale di salute pubblica. Questo il quadro regionale del contrasto all\u2019HIV che di consueto viene illustrato per la Giornata nazionale contro l\u2019AIDS celebrata oggi. Nel Veneto un\u2019importante strumento di prevenzione e di contrasto all\u2019HIV e alle malattie sessualmente trasmissibili \u00e8 la \u2018Peer Education\u2019, programma finalizzato a promuovere corretti stili di vita. Dal 2004 ad oggi nelle nove Aziende ULSS venete i peer formati sono stati circa 7.000, con 5.800 interventi da loro effettuati nelle scuole coinvolgendo pi\u00f9 di 82.000 studenti degli istituti superiori di secondo grado. Dagli ultimi dati del 2018, nel Veneto risulta una percentuale maggiore di quella nazionale di quindicenni (74,3% anzich\u00e8 69%) che dichiarano di utilizzare come metodo contraccettivo il preservativo. Tra i maschi l\u201980,5% (contro il 70,9% nazionale), affermano di utilizzarlo come protezione contro le malattie sessualmente trasmissibili. A livello regionale l\u2019incidenza nel Veneto \u00e8 in linea con quella nazionale, mostrando una riduzione delle nuove diagnosi HIV, tendenziale dal 2012. Il dato del 2019 parla <a href=\"https:\/\/www.radiopiu.net\/wordpress\/giornale-radiopiu-01-12-direttore-mirko-mezzacasa\/news_56185_aids\/\" rel=\"attachment wp-att-13541\"><img loading=\"lazy\" decoding=\"async\" class=\"size-medium wp-image-13541 alignright\" src=\"https:\/\/www.radiopiu.net\/wordpress\/wp-content\/uploads\/2015\/12\/news_56185_AIDS-300x200.jpg\" alt=\"\" width=\"300\" height=\"200\" \/><\/a>di circa 5,5 ogni 100.000 residenti e interessa tutte le modalit\u00e0 di trasmissione. Sempre l\u2019anno scorso, l\u2019incidenza pi\u00f9 elevata di nuove diagnosi si riscontra nella fascia di et\u00e0 tra i 25 e i 29 anni. Diversamente dagli anni precedenti, in cui la modalit\u00e0 di trasmissione pi\u00f9 frequente era attribuita a rapporti eterosessuali, nel 2019 la quota di nuove diagnosi HIV riferibili a maschi che fanno sesso con maschi \u00e8, per la prima volta, pari a quella riguardante rapporti etero. Dal 2016, poi, si osserva una diminuzione del numero di nuove diagnosi HIV in stranieri. Dal 2017, invece, aumenta la quota di persone a cui viene diagnosticata tardivamente l\u2019infezione da HIV: nel 2019 i due terzi dei maschi eterosessuali e oltre la met\u00e0 delle femmine con nuova diagnosi. Nel 2019, un terzo delle persone con nuova diagnosi HIV ha scoperto di essere positivo a causa della presenza di sintomi o patologie correlate. Il numero di decessi in persone con AIDS negli ultimi anni \u00e8 rimasto stabile.<\/p>\n","protected":false},"excerpt":{"rendered":"<p>VENEZIA\u00a0 Anche nel Veneto sono stati fatti progressi significativi dagli anni \u201890, ma rimane ancora un problema globale di salute pubblica. Questo il quadro regionale del contrasto all\u2019HIV che di consueto viene illustrato per la Giornata nazionale contro l\u2019AIDS celebrata oggi. Nel Veneto un\u2019importante strumento di prevenzione e di contrasto all\u2019HIV e alle malattie sessualmente&hellip;<\/p>\n","protected":false},"author":4,"featured_media":0,"comment_status":"closed","ping_status":"closed","sticky":false,"template":"","format":"standard","meta":{"_monsterinsights_skip_tracking":false,"_monsterinsights_sitenote_active":false,"_monsterinsights_sitenote_note":"","_monsterinsights_sitenote_category":0,"footnotes":""},"categories":[49],"tags":[],"class_list":["post-176132","post","type-post","status-publish","format-standard","hentry","category-news-18","category-49","description-off"],"img_url":false,"_links":{"self":[{"href":"https:\/\/www.radiopiu.net\/wordpress\/wp-json\/wp\/v2\/posts\/176132","targetHints":{"allow":["GET"]}}],"collection":[{"href":"https:\/\/www.radiopiu.net\/wordpress\/wp-json\/wp\/v2\/posts"}],"about":[{"href":"https:\/\/www.radiopiu.net\/wordpress\/wp-json\/wp\/v2\/types\/post"}],"author":[{"embeddable":true,"href":"https:\/\/www.radiopiu.net\/wordpress\/wp-json\/wp\/v2\/users\/4"}],"replies":[{"embeddable":true,"href":"https:\/\/www.radiopiu.net\/wordpress\/wp-json\/wp\/v2\/comments?post=176132"}],"version-history":[{"count":0,"href":"https:\/\/www.radiopiu.net\/wordpress\/wp-json\/wp\/v2\/posts\/176132\/revisions"}],"wp:attachment":[{"href":"https:\/\/www.radiopiu.net\/wordpress\/wp-json\/wp\/v2\/media?parent=176132"}],"wp:term":[{"taxonomy":"category","embeddable":true,"href":"https:\/\/www.radiopiu.net\/wordpress\/wp-json\/wp\/v2\/categories?post=176132"},{"taxonomy":"post_tag","embeddable":true,"href":"https:\/\/www.radiopiu.net\/wordpress\/wp-json\/wp\/v2\/tags?post=176132"}],"curies":[{"name":"wp","href":"https:\/\/api.w.org\/{rel}","templated":true}]}}