{"id":176245,"date":"2020-12-03T06:00:17","date_gmt":"2020-12-03T05:00:17","guid":{"rendered":"https:\/\/www.radiopiu.net\/wordpress\/?p=176245"},"modified":"2020-12-03T09:24:44","modified_gmt":"2020-12-03T08:24:44","slug":"giornale-radiopiu-03-dicembre-2020-direttore-mirko-mezzacasa","status":"publish","type":"post","link":"https:\/\/www.radiopiu.net\/wordpress\/giornale-radiopiu-03-dicembre-2020-direttore-mirko-mezzacasa\/","title":{"rendered":"GIORNALE RADIOPIU 03 DICEMBRE 2020 DIRETTORE MIRKO MEZZACASA"},"content":{"rendered":"<h3>PER<strong> RICEVERE QUESTO NOTIZIARIO DIRETTAMENTE SUL TUO CELLULARE ISCRIVITI AL CANALE TELEGRAM <\/strong><strong>\u201cRADIO PIU\u00a0 INFORMAZIONE&#8221;<\/strong><\/h3>\n<p>&nbsp;<\/p>\n<p><em>ATTENZIONE: LA NUOVA APP PER IOS-IPHONE<\/em><\/p>\n<div>\n<div><a href=\"https:\/\/apps.apple.com\/it\/app\/radio-pi%C3%B9-emittente-agordina\/id1515939845\">https:\/\/apps.apple.com\/it\/app\/radio-pi%C3%B9-emittente-agordina\/id1515939845<\/a><\/div>\n<\/div>\n<div><\/div>\n<div>\n<div dir=\"auto\"><em>ATTENZIONE: LA NUOVA APP RADIO\u00a0 PER ANDROID<\/em><\/div>\n<\/div>\n<p><a href=\"https:\/\/play.google.com\/store\/apps\/details?id=net.radiopiu.iniko\" target=\"_blank\" rel=\"noopener noreferrer\">https:\/\/play.google.com\/store\/apps\/details?id=net.radiopiu.iniko\u00a0\u00a0<\/a><\/p>\n<p>&nbsp;<\/p>\n<p>&nbsp;<\/p>\n<hr \/>\n<p>&nbsp;<\/p>\n<h3>L&#8217;AUTOCERTIFICAZIONE<\/h3>\n<p>&nbsp;<\/p>\n<p><a href=\"https:\/\/www.radiopiu.net\/wordpress\/wp-content\/uploads\/2020\/11\/modello_autodichiarazione_editabile_ottobre_2020.pdf\">PER SCARICARE L&#8217;AUTOCERTIFICAZIONE CLICCA QUI<\/a><\/p>\n<p>&nbsp;<\/p>\n<blockquote class=\"wp-embedded-content\" data-secret=\"CrKpHPkWZq\"><p><a href=\"https:\/\/www.radiopiu.net\/wordpress\/pref-02dic\/\">DALLA PREFETTURA DI BELLUNO IL MONITORAGGIO DEI CONTROLLI<\/a><\/p><\/blockquote>\n<p><iframe loading=\"lazy\" class=\"wp-embedded-content\" sandbox=\"allow-scripts\" security=\"restricted\" style=\"position: absolute; clip: rect(1px, 1px, 1px, 1px);\" title=\"&#8220;DALLA PREFETTURA DI BELLUNO IL MONITORAGGIO DEI CONTROLLI&#8221; &#8212; Radio Pi\u00f9\" src=\"https:\/\/www.radiopiu.net\/wordpress\/pref-02dic\/embed\/#?secret=CrKpHPkWZq\" data-secret=\"CrKpHPkWZq\" width=\"600\" height=\"338\" frameborder=\"0\" marginwidth=\"0\" marginheight=\"0\" scrolling=\"no\"><\/iframe><\/p>\n<p>&nbsp;<\/p>\n<p>&nbsp;<\/p>\n<hr \/>\n<p>&nbsp;<\/p>\n<blockquote>\n<h3>SILVOPASTORALE FARENZENA &#8211; DON CHIUSA FINO AL 15 DICEMBRE<\/h3>\n<\/blockquote>\n<p><strong>AGORDO<\/strong> \u00a0chiusura della strada silvo-pastorale Farenzena &#8211; Don, fino \u00a0al 15 dicembre 2020 e comunque fino a fine lavori, con riapertura del tratto interessato nelle giornate di sabato e domenica ed eventuali festivi infrasettimanali, per consentire l\u2019esecuzione dei lavori di esbosco.<\/p>\n<p>&nbsp;<\/p>\n<hr \/>\n<p>&nbsp;<\/p>\n<blockquote>\n<h2>VACCINO IN ITALIA? FORSE PER LA PROSSIMA ESTATE. OGGI IL DPCM CHE BLINDA IL NATALE E CAMBIA LE ABITUDINI<\/h2>\n<\/blockquote>\n<p>La Gran Bretagna, quella uscita dall&#8217;Europa cos\u00ec come gli Stati Uniti d&#8217;America hanno dato il via all&#8217;operazione vaccino. Gli altri paesi stanno a guardare e sommano i ritardi, in Italia forse la vaccinazione diffusa sar\u00e0 concreta solo in estate. Oggi il DPCM chiarir\u00e0 come sar\u00e0 il prossimo Natale, probabilmente blindato con l&#8217;unica regola negli spostamenti per raggiungere il genitore anziano anche in altra regione. Tra le ipotesi quindi chiudere i confini anche quelli comunali, messa di Natale alle 20, ristoranti aperti il 25 e il 26 e niente deroghe per capodanno con il coprifuoco dalle 22 della sera alle 5 del mattino.<br \/>\nIn Veneto ieri sono stati superati i 150 mila casi, in ospedale (occupazione del 40%)\u00a0 un ricoverato su 3 ha il covid, in terapia intensiva (occupate al 30%) ci finiscono 10 malati ogni 3000. L&#8217;incide RT \u00e8 a 1,23 e domani si sapr\u00e0 se la Regione rimane in zona gialla o passa alla colorazione superiore (arancione). In Provincia: a Longarone scuole chiuse s&#8217;\u00e8 innalzato il contagio, lo stop negli asili e alle medie almeno fino al 12 dicembre. Nella Rsa per disabili di Cusighe il 99% degli ospiti ha in virus che non ha risparmiato nemmeno gli operatori. Preoccupazione per i famigliari degli ospiti della struttura. Calano invece i contagi nella casa di riposo di Limana.<\/p>\n<blockquote>\n<h3>5 DECESSI NELLE ULTIME 24 ORE IN ULSS 1 DOLOMITI. 119 I NUOVI POSITIVI IN PROVINCIA E 188 PAZIENTI RICOVERATI NEGLI OSPEDALI BELLUNESI<\/h3>\n<\/blockquote>\n<p><strong><a href=\"https:\/\/www.radiopiu.net\/wordpress\/giornale-radiopiu-10-marzo-2020-direttore-mirko-mezzacasa\/covid-ulss\/\" rel=\"attachment wp-att-121260\"><img loading=\"lazy\" decoding=\"async\" class=\" wp-image-121260 alignleft\" src=\"https:\/\/www.radiopiu.net\/wordpress\/wp-content\/uploads\/2020\/03\/covid-ulss-300x225.jpg\" alt=\"\" width=\"220\" height=\"165\" srcset=\"https:\/\/www.radiopiu.net\/wordpress\/wp-content\/uploads\/2020\/03\/covid-ulss-300x225.jpg 300w, https:\/\/www.radiopiu.net\/wordpress\/wp-content\/uploads\/2020\/03\/covid-ulss-768x576.jpg 768w, https:\/\/www.radiopiu.net\/wordpress\/wp-content\/uploads\/2020\/03\/covid-ulss.jpg 800w\" sizes=\"auto, (max-width: 220px) 100vw, 220px\" \/><\/a>BELLUNO<\/strong> Ancora 5 persone decedute a causa del Covid-19 in provincia:\u00a0una donna di 72 anni ricoverat in rianimazione a Belluno, un uomo di 83 anni e una donna di 85 anni ricoverati in Medicina ad Agordo, un uomo di 80 anni ricoverato in Rianimazione a Feltre, una donna di 92 anni ricoverata in Pneumologia a Feltre. I nuovi positivi in Ulss 1 Dolomiti sono 119 (dato aggiornato alle 8). Questo il punto sugli ospedali bellunesi: al San Martino di Belluno 63 ricoveri in area non critica e 7 in terapia intensiva, al Santa Maria del Prato di Feltre 57 in area non critica e 5 in terapia intensiva, ad Agordo 10 in area non critica. 56 pazienti negli ospedali di comunit\u00e0: 8 ad Agordo, 6 ad Alano, 10 ad Auronzo, 18 a Belluno e 14 a Feltre.<\/p>\n<p>&nbsp;<\/p>\n<p>&nbsp;<\/p>\n<hr \/>\n<p>&nbsp;<\/p>\n<blockquote>\n<h3>MALTEMPO SUL VENETO, REGIONE CONVOCA UNITA\u2019 DI CRISI<\/h3>\n<\/blockquote>\n<p><strong><a href=\"https:\/\/www.radiopiu.net\/wordpress\/meteo-stato-di-attenzione-per-forte-vento-e-neve\/neve-vento\/\" rel=\"attachment wp-att-176182\"><img loading=\"lazy\" decoding=\"async\" class=\" wp-image-176182 alignleft\" src=\"https:\/\/www.radiopiu.net\/wordpress\/wp-content\/uploads\/2020\/12\/NEVE-VENTO-300x300.jpg\" alt=\"\" width=\"212\" height=\"212\" srcset=\"https:\/\/www.radiopiu.net\/wordpress\/wp-content\/uploads\/2020\/12\/NEVE-VENTO-300x300.jpg 300w, https:\/\/www.radiopiu.net\/wordpress\/wp-content\/uploads\/2020\/12\/NEVE-VENTO-1024x1024.jpg 1024w, https:\/\/www.radiopiu.net\/wordpress\/wp-content\/uploads\/2020\/12\/NEVE-VENTO-150x150.jpg 150w, https:\/\/www.radiopiu.net\/wordpress\/wp-content\/uploads\/2020\/12\/NEVE-VENTO-768x768.jpg 768w, https:\/\/www.radiopiu.net\/wordpress\/wp-content\/uploads\/2020\/12\/NEVE-VENTO-1536x1536.jpg 1536w, https:\/\/www.radiopiu.net\/wordpress\/wp-content\/uploads\/2020\/12\/NEVE-VENTO.jpg 2048w\" sizes=\"auto, (max-width: 212px) 100vw, 212px\" \/><\/a>VENEZIA\u00a0<\/strong>Visto il protrarsi e il possibile intensificarsi dell\u2019ondata di maltempo che si sta abbattendo sul territorio, la Regione Veneto, con la Protezione Civile regionale, ha convocato l\u2019Unit\u00e0 di Crisi. La riunione si svolger\u00e0 oggi, alle 16.00, nella sede della Protezione Civile Regionale, in Via Paolucci 34 a Marghera. Alla riunione operativa parteciperanno anche i Vigili del Fuoco, il Suem 118, Arpav, Veneto Strade e Anas. \u00ab<em>Le previsioni \u2013 dice l\u2019Assessore regionale alla Protezione Civile Gianpaolo Bottacin \u2013 indicano condizioni critiche fino al fine della settimana, con nevicate in quota e conseguente rischio valanghe. Nel resto del territorio, in particolare nell\u2019area pedemontana, sono attese forti piogge, con rischi per la tenuta idrogeologica. Al tavolo dell\u2019Unit\u00e0 di crisi faremo una valutazione della situazione, per programmare le azioni da mettere in campo<\/em>\u201d.<\/p>\n<p>&nbsp;<\/p>\n<p>&nbsp;<\/p>\n<p>&nbsp;<\/p>\n<hr \/>\n<p>&nbsp;<\/p>\n<blockquote>\n<h3>IL PUNTO DELLA PREFETTURA DI BELLUNO SULLA VIABILITA&#8217; IN PROVINCIA NELLE ULTIME ORE<\/h3>\n<\/blockquote>\n<p><strong><a href=\"https:\/\/www.radiopiu.net\/wordpress\/task-force-contro-gli-incivili-della-strada\/belluno_palazzo_rettori_prefettura\/\" rel=\"attachment wp-att-6463\"><img loading=\"lazy\" decoding=\"async\" class=\"size-medium wp-image-6463 alignleft\" src=\"https:\/\/www.radiopiu.net\/wordpress\/wp-content\/uploads\/2015\/06\/Belluno_palazzo_rettori_prefettura-300x225.jpg\" alt=\"\" width=\"300\" height=\"225\" \/><\/a>BELLUNO\u00a0<\/strong>Si \u00e8 riunito ieri, in videoconferenza, il Comitato Operativo Viabilit\u00e0. Non si registrano particolari criticit\u00e0. Il piano neve provinciale \u00e8 stato attivato con la predisposizione del sistema di controlli ivi previsto. L\u2019ANAS ha organizzato un servizio dedicato per sgombero neve e viabilit\u00e0 presso il nodo di Longarone, sede di numerosi cantieri che determinano modifiche alla circolazione. Anche la rete stradale in gestione a Veneto Strade risulta percorribile ai mezzi muniti degli obbligatori presidi antineve. Proseguir\u00e0 il monitoraggio a cura delle Forze di Polizia, in previsione di una possibile ripresa delle precipitazioni nevose che dovrebbero comunque esaurirsi nella prima parte di oggi. Il COV si riunir\u00e0 nuovamente oggi, al fine di fornire al Prefetto ogni necessario elemento di valutazione \u2013 anche in ordine all\u2019eventuale esigenza di disporre provvedimenti di limitazione al transito dei mezzi pesanti \u2013\u00a0\u00a0 in vista del previsto peggioramento delle condizioni meteorologiche, atteso per domani.<\/p>\n<p>&nbsp;<\/p>\n<hr \/>\n<p>&nbsp;<\/p>\n<blockquote>\n<h2>INCENDIO NEL SILOS DI CIPPATO DELLA CEB, VIGILI DEL FUOCO AL LAVORO DA IERI MATTINA<\/h2>\n<\/blockquote>\n<p><strong>LONGARONE<\/strong> Impegnativo intervento a Codissago per i vigili del fuoco sul posto gi\u00e0 alle nove di ieri mattina \u00a0all\u2019interno di un sito industriale per l\u2019incendio sviluppatosi in un silos contenente contente oltre 600 metri cubi di cippato utilizzato per la produzione di energia elettrica. Le squadre dei vigili del fuoco arrivati da Belluno e con le squadre dei volontari del capoluogo, di Calalzo, di valle e dell\u2019Alpago\u00a0 hanno iniziato il raffreddamento del contenitore. Dopo un\u2018attenta valutazione l\u2019apertura di un varco attraverso il taglio della lamiera, iniziando le delicate manovre di svuotamento con una macchina operatrice. Le operazioni dei vigili del fuoco di rimozione del cippato e di bonifica del materiale alla Compagnia Energetica Bellunese di Longarone sono proseguite per tutta la notte.<\/p>\n\n\t\t\t<style type='text\/css'>\n\t\t\t\t#gallery-1 {\n\t\t\t\t\tmargin: auto;\n\t\t\t\t}\n\t\t\t\t#gallery-1 .gallery-item {\n\t\t\t\t\tfloat: left;\n\t\t\t\t\tmargin-top: 10px;\n\t\t\t\t\ttext-align: center;\n\t\t\t\t\twidth: 33%;\n\t\t\t\t}\n\t\t\t\t#gallery-1 img {\n\t\t\t\t\tborder: 2px solid #cfcfcf;\n\t\t\t\t}\n\t\t\t\t#gallery-1 .gallery-caption {\n\t\t\t\t\tmargin-left: 0;\n\t\t\t\t}\n\t\t\t\t\/* see gallery_shortcode() in wp-includes\/media.php *\/\n\t\t\t<\/style>\n\t\t<div id='gallery-1' class='dt-gallery-container gallery galleryid-176245 gallery-columns-3 gallery-size-thumbnail'><dl class='gallery-item'>\n\t\t\t\t<dt class='gallery-icon landscape'>\n\t\t\t\t\t<a class=\"rollover rollover-zoom dt-pswp-item\" title=\"4be8d438-3f70-4d39-8d83-8e312794dcc4\" data-dt-img-description=\"\" data-large_image_width=\"1280\" data-large_image_height=\"868\"href='https:\/\/www.radiopiu.net\/wordpress\/wp-content\/uploads\/2020\/12\/4be8d438-3f70-4d39-8d83-8e312794dcc4.jpg'><img loading=\"lazy\" decoding=\"async\" width=\"150\" height=\"150\" src=\"https:\/\/www.radiopiu.net\/wordpress\/wp-content\/uploads\/2020\/12\/4be8d438-3f70-4d39-8d83-8e312794dcc4-150x150.jpg\" class=\"attachment-thumbnail size-thumbnail\" alt=\"\" \/><\/a>\n\t\t\t\t<\/dt><\/dl><dl class='gallery-item'>\n\t\t\t\t<dt class='gallery-icon landscape'>\n\t\t\t\t\t<a class=\"rollover rollover-zoom dt-pswp-item\" title=\"0df83751-790e-4e7c-92e0-0c0b252c69ea\" data-dt-img-description=\"\" data-large_image_width=\"1280\" data-large_image_height=\"960\"href='https:\/\/www.radiopiu.net\/wordpress\/wp-content\/uploads\/2020\/12\/0df83751-790e-4e7c-92e0-0c0b252c69ea.jpg'><img loading=\"lazy\" decoding=\"async\" width=\"150\" height=\"150\" src=\"https:\/\/www.radiopiu.net\/wordpress\/wp-content\/uploads\/2020\/12\/0df83751-790e-4e7c-92e0-0c0b252c69ea-150x150.jpg\" class=\"attachment-thumbnail size-thumbnail\" alt=\"\" \/><\/a>\n\t\t\t\t<\/dt><\/dl><dl class='gallery-item'>\n\t\t\t\t<dt class='gallery-icon portrait'>\n\t\t\t\t\t<a class=\"rollover rollover-zoom dt-pswp-item\" title=\"c16b96f1-e822-447a-a91d-474144089ad8\" data-dt-img-description=\"\" data-large_image_width=\"961\" data-large_image_height=\"1188\"href='https:\/\/www.radiopiu.net\/wordpress\/wp-content\/uploads\/2020\/12\/c16b96f1-e822-447a-a91d-474144089ad8.jpg'><img loading=\"lazy\" decoding=\"async\" width=\"150\" height=\"150\" src=\"https:\/\/www.radiopiu.net\/wordpress\/wp-content\/uploads\/2020\/12\/c16b96f1-e822-447a-a91d-474144089ad8-150x150.jpg\" class=\"attachment-thumbnail size-thumbnail\" alt=\"\" \/><\/a>\n\t\t\t\t<\/dt><\/dl><br style=\"clear: both\" \/><dl class='gallery-item'>\n\t\t\t\t<dt class='gallery-icon landscape'>\n\t\t\t\t\t<a class=\"rollover rollover-zoom dt-pswp-item\" title=\"3d6ce8f8-a619-4aab-96be-387cfd2c4559\" data-dt-img-description=\"\" data-large_image_width=\"1280\" data-large_image_height=\"865\"href='https:\/\/www.radiopiu.net\/wordpress\/wp-content\/uploads\/2020\/12\/3d6ce8f8-a619-4aab-96be-387cfd2c4559.jpg'><img loading=\"lazy\" decoding=\"async\" width=\"150\" height=\"150\" src=\"https:\/\/www.radiopiu.net\/wordpress\/wp-content\/uploads\/2020\/12\/3d6ce8f8-a619-4aab-96be-387cfd2c4559-150x150.jpg\" class=\"attachment-thumbnail size-thumbnail\" alt=\"\" \/><\/a>\n\t\t\t\t<\/dt><\/dl><dl class='gallery-item'>\n\t\t\t\t<dt class='gallery-icon landscape'>\n\t\t\t\t\t<a class=\"rollover rollover-zoom dt-pswp-item\" title=\"d21795c9-fb6d-4074-bb20-b39d4a0fa6f6\" data-dt-img-description=\"\" data-large_image_width=\"1280\" data-large_image_height=\"864\"href='https:\/\/www.radiopiu.net\/wordpress\/wp-content\/uploads\/2020\/12\/d21795c9-fb6d-4074-bb20-b39d4a0fa6f6.jpg'><img loading=\"lazy\" decoding=\"async\" width=\"150\" height=\"150\" src=\"https:\/\/www.radiopiu.net\/wordpress\/wp-content\/uploads\/2020\/12\/d21795c9-fb6d-4074-bb20-b39d4a0fa6f6-150x150.jpg\" class=\"attachment-thumbnail size-thumbnail\" alt=\"\" \/><\/a>\n\t\t\t\t<\/dt><\/dl><dl class='gallery-item'>\n\t\t\t\t<dt class='gallery-icon landscape'>\n\t\t\t\t\t<a class=\"rollover rollover-zoom dt-pswp-item\" title=\"6b0ea38b-db74-468a-8542-965b6fb3b9f7\" data-dt-img-description=\"\" data-large_image_width=\"1280\" data-large_image_height=\"960\"href='https:\/\/www.radiopiu.net\/wordpress\/wp-content\/uploads\/2020\/12\/6b0ea38b-db74-468a-8542-965b6fb3b9f7.jpg'><img loading=\"lazy\" decoding=\"async\" width=\"150\" height=\"150\" src=\"https:\/\/www.radiopiu.net\/wordpress\/wp-content\/uploads\/2020\/12\/6b0ea38b-db74-468a-8542-965b6fb3b9f7-150x150.jpg\" class=\"attachment-thumbnail size-thumbnail\" alt=\"\" \/><\/a>\n\t\t\t\t<\/dt><\/dl><br style=\"clear: both\" \/>\n\t\t\t<\/div>\n\n<p>&nbsp;<\/p>\n<p>&nbsp;<\/p>\n<p>&nbsp;<\/p>\n<hr \/>\n<p>&nbsp;<\/p>\n<div class=\"page-title-head hgroup\">\n<blockquote>\n<h3 class=\"entry-title\">LO SPERICOLATO AUTOMOBILISTA INCASTRATO DAI CARABINIERI E DALLE TELECAMERE<\/h3>\n<\/blockquote>\n<\/div>\n<p class=\"page-title-breadcrumbs\"><strong><img loading=\"lazy\" decoding=\"async\" class=\"alignleft\" src=\"https:\/\/www.radiopiu.net\/wordpress\/wp-content\/uploads\/2020\/12\/57d79b4d-b166-4036-b7ce-0ad77e4d0ab4.jpg\" width=\"245\" height=\"184\" \/>FELTRE<\/strong> Ha causato una serie di incidenti stradali poi dandosi alla fuga ed ora la Giustizia presenta il conto: 15.750 euro di multa e la sospensione della patente di guida per 2 anni e 6 mesi. I fatti risalgono a due anni fa, l\u2019uomo N.B. 31 anni di cittadinanza polacca, di fatto senza fissa dimora, viaggiava a bordo di un\u2019Audi A6 strisciando un\u2019auto parcheggiata lungo via Mezzaterra per poi causare un incidente con lievi feriti nella zona di Pedavena. Sull\u2019auto c\u2019era un amico che per\u00f2 non \u00e8 mai stato denunciato. Diversamente il polacco ha dovuto rispondere della guida spericolata e soprattutto si essersi allontanato senza prestare soccorso. L\u2019auto i carabinieri l\u2019avevano ritrovata in Via Soppelsa, chiusa a chiave. Con l\u2019ausilio delle riprese della video sorveglianza i Carabinieri hanno identificato autista ed amico.<\/p>\n<p>&nbsp;<\/p>\n<hr \/>\n<p>&nbsp;<\/p>\n<blockquote>\n<h2>ECCO COME TI GIUSTIFICO I PROSSIMI AUMENTI SULLE BOLLETTE DELL&#8217;ACQUA<\/h2>\n<\/blockquote>\n<p>L&#8217;impopolare scelta dei sindaci di aumentare le spese alle famiglie ed aziende, in un delicato momento per la societ\u00e0.<\/p>\n<p>&nbsp;<\/p>\n<p><strong><a href=\"https:\/\/www.radiopiu.net\/wordpress\/giornale-radio-piu-direttore-mirko-mezzacasa-gr-930-1230-1430-1630-1830-e-mezzanotte\/bimgsp\/\" rel=\"attachment wp-att-6703\"><img loading=\"lazy\" decoding=\"async\" class=\"wp-image-6703 alignleft\" src=\"https:\/\/www.radiopiu.net\/wordpress\/wp-content\/uploads\/2015\/06\/bimgsp-300x168.jpg\" alt=\"\" width=\"180\" height=\"101\" \/><\/a>BELLUNO<\/strong><\/p>\n<p><strong>di MORENO GIOLI<\/strong><\/p>\n<audio class=\"wp-audio-shortcode\" id=\"audio-176245-1\" preload=\"none\" style=\"width: 100%;\" controls=\"controls\"><source type=\"audio\/mpeg\" src=\"https:\/\/www.radiopiu.net\/wordpress\/wp-content\/uploads\/2020\/12\/moreno-gsp.mp3?_=1\" \/><a href=\"https:\/\/www.radiopiu.net\/wordpress\/wp-content\/uploads\/2020\/12\/moreno-gsp.mp3\">https:\/\/www.radiopiu.net\/wordpress\/wp-content\/uploads\/2020\/12\/moreno-gsp.mp3<\/a><\/audio>\n<p>&nbsp;<\/p>\n<p>&nbsp;<\/p>\n<hr \/>\n<p>&nbsp;<\/p>\n<blockquote><p><strong>L&#8217;AUMENTO DELLE TARIFFE DELL&#8217;ACQUA, IL PUNTO CON FRANCO GIDONI &#8211; LEGA NORD BELLUNO &#8211;<\/strong><\/p><\/blockquote>\n<p><strong>DALLA RASSEGNA STAMPA FRANCO GIDONI<\/strong><\/p>\n<audio class=\"wp-audio-shortcode\" id=\"audio-176245-2\" preload=\"none\" style=\"width: 100%;\" controls=\"controls\"><source type=\"audio\/mpeg\" src=\"https:\/\/www.radiopiu.net\/wordpress\/wp-content\/uploads\/2020\/12\/GIDONI.mp3?_=2\" \/><a href=\"https:\/\/www.radiopiu.net\/wordpress\/wp-content\/uploads\/2020\/12\/GIDONI.mp3\">https:\/\/www.radiopiu.net\/wordpress\/wp-content\/uploads\/2020\/12\/GIDONI.mp3<\/a><\/audio>\n<p>&nbsp;<\/p>\n<p><strong><a href=\"https:\/\/www.radiopiu.net\/wordpress\/giornale-radiopiu-05-ottobre-2019-direttore-mirko-mezzacasa\/1435664134094_gidoni_franco-2\/\" rel=\"attachment wp-att-101299\"><img loading=\"lazy\" decoding=\"async\" class=\"size-medium wp-image-101299 alignleft\" src=\"https:\/\/www.radiopiu.net\/wordpress\/wp-content\/uploads\/2019\/10\/1435664134094_Gidoni_Franco-218x300.jpg\" alt=\"\" width=\"218\" height=\"300\" srcset=\"https:\/\/www.radiopiu.net\/wordpress\/wp-content\/uploads\/2019\/10\/1435664134094_Gidoni_Franco-218x300.jpg 218w, https:\/\/www.radiopiu.net\/wordpress\/wp-content\/uploads\/2019\/10\/1435664134094_Gidoni_Franco.jpg 254w\" sizes=\"auto, (max-width: 218px) 100vw, 218px\" \/><\/a>BELLUNO<\/strong> Franco Gidoni referente provinciale della Lega per Salvini premier interviene sul tema del giorno <em>&#8220;E&#8217; doveroso ricordare che i Sindaci Lega sono da sempre attenti alla gestione delle societ\u00e0 in house che erogano servizi pubblici per i nostri comuni e se negli anni i nostri esponenti hanno talvolta fortemente criticato certe scelte non l\u2019hanno mai fatto per battaglie politiche pretestuose, ma basandosi su solide ragioni economiche. <\/em><em>Se questo \u00e8 il passato, non abbiamo per\u00f2 mai perso le nostre convinzioni perch\u00e9 erano e sono basate su solide ragioni. <\/em><em>Oggi ci troviamo di fronte ad una situazione perlomeno contradditoria. <\/em><em>A fronte di un aumento tariffario abbiamo una societ\u00e0 che fa almeno 4 milioni di utile all\u2019anno, utile che viene pressoch\u00e9 in modo consuetudinario accantonato a riserva speciale. <\/em><em>Riteniamo che questo non rappresenti i nostri principi. <\/em><em>Siamo ben consci del periodo di crisi sanitaria ed economica che stiamo vivendo per questo, ma non solo, noi saremo sempre dalla parte dei cittadini e ci batteremo affinch\u00e9 la societ\u00e0 Bim Gsp applichi da subito l\u2019utile di gestione 2020 alla tariffa del 2021 al fine di contenerne, se non addirittura azzerarne, l\u2019aumento previsto. <\/em><em>Parliamo di un aumento tariffario, condiviso nell&#8217;assemblea del 30 novembre, che per il 2021 si attesta, pi\u00f9 o meno, su Euro 800.000,00 a fronte per\u00f2 dell&#8217;avanzo, previsto, di euro 4.000.000,00 sul quale, tra l&#8217;altro, la societ\u00e0 paga quasi un 1.000.000,00 di euro di tasse. <\/em><em>Ci impegniamo sin d&#8217;ora affinch\u00e9, nell&#8217;interesse dei cittadini, tutto questo venga sottoposto all&#8217;attento esame dei Sindaci certi che potr\u00e0 trovare accoglimento nella stesura del prossimo bilancio previsionale di GSP&#8221;\u00a0\u00a0<\/em><\/p>\n<p>&nbsp;<\/p>\n<p>&nbsp;<\/p>\n<p>&nbsp;<\/p>\n<hr \/>\n<blockquote>\n<h3>IL COMUNE DI VALLADA COSTRETTO AD APPALTARE A DUE DITTE LO SGOMBERO NEVE<\/h3>\n<\/blockquote>\n<p><strong><a href=\"https:\/\/www.radiopiu.net\/wordpress\/giornale-radiopiu-18-maggio-2019-direttore-mirko-mezzacasa\/vallada-agordina\/\" rel=\"attachment wp-att-85787\"><img loading=\"lazy\" decoding=\"async\" class=\"size-medium wp-image-85787 alignleft\" src=\"https:\/\/www.radiopiu.net\/wordpress\/wp-content\/uploads\/2019\/05\/vallada-agordina-300x200.jpg\" alt=\"\" width=\"300\" height=\"200\" srcset=\"https:\/\/www.radiopiu.net\/wordpress\/wp-content\/uploads\/2019\/05\/vallada-agordina-300x200.jpg 300w, https:\/\/www.radiopiu.net\/wordpress\/wp-content\/uploads\/2019\/05\/vallada-agordina-768x512.jpg 768w, https:\/\/www.radiopiu.net\/wordpress\/wp-content\/uploads\/2019\/05\/vallada-agordina.jpg 850w\" sizes=\"auto, (max-width: 300px) 100vw, 300px\" \/><\/a>VALLADA<\/strong><\/p>\n<p>di Gianni Santomaso<\/p>\n<audio class=\"wp-audio-shortcode\" id=\"audio-176245-3\" preload=\"none\" style=\"width: 100%;\" controls=\"controls\"><source type=\"audio\/mpeg\" src=\"https:\/\/www.radiopiu.net\/wordpress\/wp-content\/uploads\/2020\/12\/GIANNI-SGOMBERO-NEVE-VALLADA.mp3?_=3\" \/><a href=\"https:\/\/www.radiopiu.net\/wordpress\/wp-content\/uploads\/2020\/12\/GIANNI-SGOMBERO-NEVE-VALLADA.mp3\">https:\/\/www.radiopiu.net\/wordpress\/wp-content\/uploads\/2020\/12\/GIANNI-SGOMBERO-NEVE-VALLADA.mp3<\/a><\/audio>\n<p>&nbsp;<\/p>\n<p>&nbsp;<\/p>\n<p>&nbsp;<\/p>\n<hr \/>\n<p>&nbsp;<\/p>\n<blockquote>\n<h3>LA REALIZZAZIONE DEI MAGAZZINI COMUNALI DI ROCCA PIETORE A CONGIUO<\/h3>\n<\/blockquote>\n<p><strong><a href=\"https:\/\/www.radiopiu.net\/wordpress\/giornale-radiopiu-19-luglio-2019-direttore-mirko-mezzacasa\/consiglio-rocca-5\/\" rel=\"attachment wp-att-92222\"><img loading=\"lazy\" decoding=\"async\" class=\"size-medium wp-image-92222 alignleft\" src=\"https:\/\/www.radiopiu.net\/wordpress\/wp-content\/uploads\/2019\/07\/consiglio-rocca-5-300x169.jpeg\" alt=\"\" width=\"300\" height=\"169\" srcset=\"https:\/\/www.radiopiu.net\/wordpress\/wp-content\/uploads\/2019\/07\/consiglio-rocca-5-300x169.jpeg 300w, https:\/\/www.radiopiu.net\/wordpress\/wp-content\/uploads\/2019\/07\/consiglio-rocca-5-768x432.jpeg 768w, https:\/\/www.radiopiu.net\/wordpress\/wp-content\/uploads\/2019\/07\/consiglio-rocca-5-1024x577.jpeg 1024w, https:\/\/www.radiopiu.net\/wordpress\/wp-content\/uploads\/2019\/07\/consiglio-rocca-5.jpeg 1600w\" sizes=\"auto, (max-width: 300px) 100vw, 300px\" \/><\/a>ROCCA PIETORE<\/strong><\/p>\n<p>di Gianni Santomaso<\/p>\n<audio class=\"wp-audio-shortcode\" id=\"audio-176245-4\" preload=\"none\" style=\"width: 100%;\" controls=\"controls\"><source type=\"audio\/mpeg\" src=\"https:\/\/www.radiopiu.net\/wordpress\/wp-content\/uploads\/2020\/12\/GIANNI-MAGAZZINI-COMUNALI-ROCCA.mp3?_=4\" \/><a href=\"https:\/\/www.radiopiu.net\/wordpress\/wp-content\/uploads\/2020\/12\/GIANNI-MAGAZZINI-COMUNALI-ROCCA.mp3\">https:\/\/www.radiopiu.net\/wordpress\/wp-content\/uploads\/2020\/12\/GIANNI-MAGAZZINI-COMUNALI-ROCCA.mp3<\/a><\/audio>\n<p>&nbsp;<\/p>\n<hr \/>\n<p>&nbsp;<\/p>\n<blockquote>\n<h3>ANDREA DE BERNARDIN DOPO IL CONSIGLIO COMUNALE<\/h3>\n<\/blockquote>\n<p><strong><a href=\"https:\/\/www.radiopiu.net\/wordpress\/giornale-radio-piu-29-10-direttore-mirko-mezzacasa\/andrea-de-bernardin-tuttacronaca\/\" rel=\"attachment wp-att-12402\"><img loading=\"lazy\" decoding=\"async\" class=\"size-medium wp-image-12402 alignleft\" src=\"https:\/\/www.radiopiu.net\/wordpress\/wp-content\/uploads\/2015\/10\/andrea-de-bernardin-tuttacronaca-300x177.jpg\" alt=\"\" width=\"300\" height=\"177\" \/><\/a>ROCCA PIETORE<\/strong> Il sindaco di Rocca Pietore Andrea De Bernardin tira le somme dopo il consiglio comunale.<\/p>\n<audio class=\"wp-audio-shortcode\" id=\"audio-176245-5\" preload=\"none\" style=\"width: 100%;\" controls=\"controls\"><source type=\"audio\/mpeg\" src=\"https:\/\/www.radiopiu.net\/wordpress\/wp-content\/uploads\/2020\/12\/DE-BERNARDIN-RISPONDE.mp3?_=5\" \/><a href=\"https:\/\/www.radiopiu.net\/wordpress\/wp-content\/uploads\/2020\/12\/DE-BERNARDIN-RISPONDE.mp3\">https:\/\/www.radiopiu.net\/wordpress\/wp-content\/uploads\/2020\/12\/DE-BERNARDIN-RISPONDE.mp3<\/a><\/audio>\n<p>&nbsp;<\/p>\n<hr \/>\n<p>&nbsp;<\/p>\n<blockquote>\n<h3>MANCANO 160 MILA EURO PER CONCRETIZZARE LA RICOSTRUZIONE DI MALGA FOCA<\/h3>\n<\/blockquote>\n<p><strong><a href=\"https:\/\/www.radiopiu.net\/wordpress\/mancano-160-mila-euro-per-concretizzare-la-ricostruzione-di-malga-foca\/malga-foca\/\" rel=\"attachment wp-att-176458\"><img loading=\"lazy\" decoding=\"async\" class=\"size-medium wp-image-176458 alignleft\" src=\"https:\/\/www.radiopiu.net\/wordpress\/wp-content\/uploads\/2020\/12\/MALGA-FOCA-300x146.jpeg\" alt=\"\" width=\"300\" height=\"146\" srcset=\"https:\/\/www.radiopiu.net\/wordpress\/wp-content\/uploads\/2020\/12\/MALGA-FOCA-300x146.jpeg 300w, https:\/\/www.radiopiu.net\/wordpress\/wp-content\/uploads\/2020\/12\/MALGA-FOCA-1024x497.jpeg 1024w, https:\/\/www.radiopiu.net\/wordpress\/wp-content\/uploads\/2020\/12\/MALGA-FOCA-768x373.jpeg 768w, https:\/\/www.radiopiu.net\/wordpress\/wp-content\/uploads\/2020\/12\/MALGA-FOCA.jpeg 1440w\" sizes=\"auto, (max-width: 300px) 100vw, 300px\" \/><\/a>LA VALLE<\/strong><\/p>\n<p>di Gianni Santomaso<\/p>\n<audio class=\"wp-audio-shortcode\" id=\"audio-176245-6\" preload=\"none\" style=\"width: 100%;\" controls=\"controls\"><source type=\"audio\/mpeg\" src=\"https:\/\/www.radiopiu.net\/wordpress\/wp-content\/uploads\/2020\/12\/GIANNI-MALGA-FOCA.mp3?_=6\" \/><a href=\"https:\/\/www.radiopiu.net\/wordpress\/wp-content\/uploads\/2020\/12\/GIANNI-MALGA-FOCA.mp3\">https:\/\/www.radiopiu.net\/wordpress\/wp-content\/uploads\/2020\/12\/GIANNI-MALGA-FOCA.mp3<\/a><\/audio>\n<p>&nbsp;<\/p>\n<hr \/>\n<p>&nbsp;<\/p>\n<blockquote>\n<h2>SANTA BARBARA CON I PERITI MINERARI<\/h2>\n<\/blockquote>\n<p>&nbsp;<\/p>\n<p><strong><a href=\"https:\/\/www.radiopiu.net\/wordpress\/giornale-radiopiu-02-dicembre-2020-direttore-mirko-mezzacasa\/268d6a1c-eb1b-4bad-9a1b-3a5ea9190792\/\" rel=\"attachment wp-att-176107\"><img loading=\"lazy\" decoding=\"async\" class=\"size-medium wp-image-176107 alignleft\" src=\"https:\/\/www.radiopiu.net\/wordpress\/wp-content\/uploads\/2020\/11\/268d6a1c-eb1b-4bad-9a1b-3a5ea9190792-132x300.jpg\" alt=\"\" width=\"132\" height=\"300\" srcset=\"https:\/\/www.radiopiu.net\/wordpress\/wp-content\/uploads\/2020\/11\/268d6a1c-eb1b-4bad-9a1b-3a5ea9190792-132x300.jpg 132w, https:\/\/www.radiopiu.net\/wordpress\/wp-content\/uploads\/2020\/11\/268d6a1c-eb1b-4bad-9a1b-3a5ea9190792-452x1024.jpg 452w, https:\/\/www.radiopiu.net\/wordpress\/wp-content\/uploads\/2020\/11\/268d6a1c-eb1b-4bad-9a1b-3a5ea9190792-768x1741.jpg 768w, https:\/\/www.radiopiu.net\/wordpress\/wp-content\/uploads\/2020\/11\/268d6a1c-eb1b-4bad-9a1b-3a5ea9190792-678x1536.jpg 678w, https:\/\/www.radiopiu.net\/wordpress\/wp-content\/uploads\/2020\/11\/268d6a1c-eb1b-4bad-9a1b-3a5ea9190792.jpg 886w\" sizes=\"auto, (max-width: 132px) 100vw, 132px\" \/><\/a>AGORDO<\/strong> Era inevitabile il cambio di programma\u00a0 per la tradizionale festa di Santa Barbara, il momento tanto atteso dai periti mineari, diplomandi e diplomati, delle nuove e &#8220;vecchie&#8221; generazioni. La pandemia covid19 ha obbligato i promotori dell&#8217;importante evento a posticipare a tempi migliori sia l&#8217;assemblea ordinaria dell&#8217;Associazione Periti Industriali Minerari di Agordo (in collaborazione con l&#8217;Istituto Minerario Umberto Follador-De Rossi) e quindi anche la successiva consegna delle borse di studio che avverr\u00e0 ovviamente non appena la pandemia covid19 sar\u00e0 un ricordo. Santa Barbara \u00e8 ricordata dal calendario il 4 dicembre, ad Agordo chiesa Arcidiaconale la messa &#8211; in ottemperanza alla norme anti covid &#8211; \u00e8 invece prevista per sabato alle 10.<\/p>\n<p>&nbsp;<\/p>\n<p>&nbsp;<\/p>\n<p>&nbsp;<\/p>\n<p>&nbsp;<\/p>\n<p>&nbsp;<\/p>\n<hr \/>\n<p>&nbsp;<\/p>\n<blockquote>\n<h3>MESSAGGIO PER GLI SCI ALPINISTI: PRESTARE ATTENZIONE AI DIVIETI!<\/h3>\n<\/blockquote>\n<p><strong><img loading=\"lazy\" decoding=\"async\" class=\"alignleft\" src=\"https:\/\/www.radiopiu.net\/wordpress\/wp-content\/uploads\/2019\/10\/padon1.jpg\" width=\"161\" height=\"107\" \/>LIVINALLONGO<\/strong> Funivie Arabba desidera informare la popolazione che in vista delle abbondanti nevicate previste per i prossimi giorni saranno attivati i cannoni per la protezione dalle valanghe sia nella zona di Porta Vescovo che sul versante Padon, da Malga Ciapela in su. Per questo motivo, chiediamo a scialpinisti e frequentatori della montagna di astenersi dalla frequentazione di queste zone fino a fine perturbazione in modo tale da evitare cos\u00ec spiacevoli incidenti.<\/p>\n<p>&nbsp;<\/p>\n<p>&nbsp;<\/p>\n<hr \/>\n<div class=\"im_message_wrap clearfix\">\n<div class=\"im_content_message_wrap im_message_out\">\n<blockquote>\n<h2>IN TEMPI DI COVID CI SONO MAMME FORTUNATE E MAMME SFORTUNATE<\/h2>\n<\/blockquote>\n<p><strong><a href=\"https:\/\/www.radiopiu.net\/wordpress\/in-tempi-di-covid-ci-sono-mamme-fortunate-e-mamme-sfortunate\/128761186_197444241856887_448293707683865009_n\/\" rel=\"attachment wp-att-176304\"><img loading=\"lazy\" decoding=\"async\" class=\" wp-image-176304 alignleft\" src=\"https:\/\/www.radiopiu.net\/wordpress\/wp-content\/uploads\/2020\/12\/128761186_197444241856887_448293707683865009_n-266x300.jpg\" alt=\"\" width=\"169\" height=\"191\" srcset=\"https:\/\/www.radiopiu.net\/wordpress\/wp-content\/uploads\/2020\/12\/128761186_197444241856887_448293707683865009_n-266x300.jpg 266w, https:\/\/www.radiopiu.net\/wordpress\/wp-content\/uploads\/2020\/12\/128761186_197444241856887_448293707683865009_n.jpg 280w\" sizes=\"auto, (max-width: 169px) 100vw, 169px\" \/><\/a>TAIBON<\/strong> Ci sono le mamme fortunate e quelle meno fortunate. Quelle che hanno partorito dopo il 19 agosto sono quelle baciate dalla fortuna, o dalla Regione. Le mamme che hanno festeggiato il lieto evento tra febbraio e il 19 agosto, in piena pandemia con tutti i disagi del caso\u00a0 sono invece quelle sfortunate, che non vedranno un&#8217;euro di contributo. La Regione Veneto, infatti, ha deciso di staccare l&#8217;assegno prenatale (sperimentazione 2020) per sostenere la natalit\u00e0 e i nuclei famigliari nel fronteggiare i costi legati alla gravidanza e per i primi mesi di vita del bambino. Alle mamme fortunate arriver\u00e0 un contributo di 1000 euro a neonato, raddoppiato a 2000 euro se nel nucleo famigliare \u00e8 presente un minore (fino a 6 anni) riconosciuto disabile grave ai sensi della legge 104 del 1992. I Requisiti dunque sono: che il bimbo sia nato dopo il 19 agosto, isee familiare inferiore a 40mila euro, residenza in Veneto o titoo di soggiorno valido ed efficace. Per ulteriori informazioni rivolgersi al Comune di residenza.<\/p>\n<blockquote><p><em>Sono gi\u00e0 numerose le mamme\u00a0 in protesta, che hanno partorito a primavera, in pieno tempo di covid non\u00a0 a ferragosto quando per molti mascherina e igienizzante era un ricordo da non portare in spiaggia<\/em><\/p><\/blockquote>\n<p><strong>Una mamma agordina ci scrive: &#8220;In merito a questo \u00e8 nato su facebook un gruppo Mamme Venete 2020 figli di serie B. Le mamme hanno scritto anche al Presidente Luca Zaia senza ottenere alcuna risposta.\u00a0<\/strong><\/p>\n<p>MAMME VENETE 2020 FIGLI DI SERIE B,<strong><span style=\"color: #0000ff;\"><a style=\"color: #0000ff;\" href=\"https:\/\/www.facebook.com\/groups\/1838615986292973\/discussion\/preview\"> PAGINA FACEBOOK<\/a><\/span><\/strong><\/p>\n<p>&nbsp;<\/p>\n<hr \/>\n<blockquote>\n<h2><\/h2>\n<h3>GLI ESPERTI PRENDONO LE MISURE DELLA LUNGA E STRETTA GOLA DEI SERRAI SIMBOLO DI VAIA<\/h3>\n<p>&nbsp;<\/p><\/blockquote>\n<p><strong>ROCCA PIETORE<\/strong> La neve non ferma il previsto sopralluogo nei Serrai di Sottoguda. Attenzione massima ai progetti da parte di Veneto Acque anche nella ricerca di continue migliorie. Si sono incontrati:\u00a0 il sindaco Andrea De Bernardin, con il responsabile ufficio tecnico,\u00a0 Vaccari\u00a0 e Trevisan di Veneto Acque,\u00a0 Munari e Gaiardo della direzione lavori con il\u00a0 capocantiere delle imprese.<\/p>\n<p><strong>IL SINDACO ANDREA DE BERNARDIN<\/strong><\/p>\n<audio class=\"wp-audio-shortcode\" id=\"audio-176245-7\" preload=\"none\" style=\"width: 100%;\" controls=\"controls\"><source type=\"audio\/mpeg\" src=\"https:\/\/www.radiopiu.net\/wordpress\/wp-content\/uploads\/2020\/12\/ANDREA.mp3?_=7\" \/><a href=\"https:\/\/www.radiopiu.net\/wordpress\/wp-content\/uploads\/2020\/12\/ANDREA.mp3\">https:\/\/www.radiopiu.net\/wordpress\/wp-content\/uploads\/2020\/12\/ANDREA.mp3<\/a><\/audio>\n<p>&nbsp;<\/p>\n\n\t\t\t<style type='text\/css'>\n\t\t\t\t#gallery-2 {\n\t\t\t\t\tmargin: auto;\n\t\t\t\t}\n\t\t\t\t#gallery-2 .gallery-item {\n\t\t\t\t\tfloat: left;\n\t\t\t\t\tmargin-top: 10px;\n\t\t\t\t\ttext-align: center;\n\t\t\t\t\twidth: 20%;\n\t\t\t\t}\n\t\t\t\t#gallery-2 img {\n\t\t\t\t\tborder: 2px solid #cfcfcf;\n\t\t\t\t}\n\t\t\t\t#gallery-2 .gallery-caption {\n\t\t\t\t\tmargin-left: 0;\n\t\t\t\t}\n\t\t\t\t\/* see gallery_shortcode() in wp-includes\/media.php *\/\n\t\t\t<\/style>\n\t\t<div id='gallery-2' class='dt-gallery-container gallery galleryid-176245 gallery-columns-5 gallery-size-thumbnail'><dl class='gallery-item'>\n\t\t\t\t<dt class='gallery-icon portrait'>\n\t\t\t\t\t<a class=\"rollover rollover-zoom dt-pswp-item\" title=\"eb392eff-3c00-4132-9bc2-d72b17651b53\" data-dt-img-description=\"\" data-large_image_width=\"1200\" data-large_image_height=\"1600\"href='https:\/\/www.radiopiu.net\/wordpress\/wp-content\/uploads\/2020\/12\/eb392eff-3c00-4132-9bc2-d72b17651b53.jpg'><img loading=\"lazy\" decoding=\"async\" width=\"150\" height=\"150\" src=\"https:\/\/www.radiopiu.net\/wordpress\/wp-content\/uploads\/2020\/12\/eb392eff-3c00-4132-9bc2-d72b17651b53-150x150.jpg\" class=\"attachment-thumbnail size-thumbnail\" alt=\"\" \/><\/a>\n\t\t\t\t<\/dt><\/dl><dl class='gallery-item'>\n\t\t\t\t<dt class='gallery-icon portrait'>\n\t\t\t\t\t<a class=\"rollover rollover-zoom dt-pswp-item\" title=\"ddca8ac3-01b5-4789-8bf6-0c492595df80\" data-dt-img-description=\"\" data-large_image_width=\"777\" data-large_image_height=\"1600\"href='https:\/\/www.radiopiu.net\/wordpress\/wp-content\/uploads\/2020\/12\/ddca8ac3-01b5-4789-8bf6-0c492595df80.jpg'><img loading=\"lazy\" decoding=\"async\" width=\"150\" height=\"150\" src=\"https:\/\/www.radiopiu.net\/wordpress\/wp-content\/uploads\/2020\/12\/ddca8ac3-01b5-4789-8bf6-0c492595df80-150x150.jpg\" class=\"attachment-thumbnail size-thumbnail\" alt=\"\" \/><\/a>\n\t\t\t\t<\/dt><\/dl><dl class='gallery-item'>\n\t\t\t\t<dt class='gallery-icon landscape'>\n\t\t\t\t\t<a class=\"rollover rollover-zoom dt-pswp-item\" title=\"e3e2bc72-5d80-4100-bbe5-18332fc4e0db\" data-dt-img-description=\"\" data-large_image_width=\"1600\" data-large_image_height=\"900\"href='https:\/\/www.radiopiu.net\/wordpress\/wp-content\/uploads\/2020\/12\/e3e2bc72-5d80-4100-bbe5-18332fc4e0db.jpg'><img loading=\"lazy\" decoding=\"async\" width=\"150\" height=\"150\" src=\"https:\/\/www.radiopiu.net\/wordpress\/wp-content\/uploads\/2020\/12\/e3e2bc72-5d80-4100-bbe5-18332fc4e0db-150x150.jpg\" class=\"attachment-thumbnail size-thumbnail\" alt=\"\" \/><\/a>\n\t\t\t\t<\/dt><\/dl><dl class='gallery-item'>\n\t\t\t\t<dt class='gallery-icon portrait'>\n\t\t\t\t\t<a class=\"rollover rollover-zoom dt-pswp-item\" title=\"a57b60ca-d5e8-4957-ae86-644d6945b5e0\" data-dt-img-description=\"\" data-large_image_width=\"768\" data-large_image_height=\"1024\"href='https:\/\/www.radiopiu.net\/wordpress\/wp-content\/uploads\/2020\/12\/a57b60ca-d5e8-4957-ae86-644d6945b5e0.jpg'><img loading=\"lazy\" decoding=\"async\" width=\"150\" height=\"150\" src=\"https:\/\/www.radiopiu.net\/wordpress\/wp-content\/uploads\/2020\/12\/a57b60ca-d5e8-4957-ae86-644d6945b5e0-150x150.jpg\" class=\"attachment-thumbnail size-thumbnail\" alt=\"\" \/><\/a>\n\t\t\t\t<\/dt><\/dl><dl class='gallery-item'>\n\t\t\t\t<dt class='gallery-icon portrait'>\n\t\t\t\t\t<a class=\"rollover rollover-zoom dt-pswp-item\" title=\"f7125891-6c3e-4a93-a3cc-a5da207a1eca\" data-dt-img-description=\"\" data-large_image_width=\"1200\" data-large_image_height=\"1600\"href='https:\/\/www.radiopiu.net\/wordpress\/wp-content\/uploads\/2020\/12\/f7125891-6c3e-4a93-a3cc-a5da207a1eca.jpg'><img loading=\"lazy\" decoding=\"async\" width=\"150\" height=\"150\" src=\"https:\/\/www.radiopiu.net\/wordpress\/wp-content\/uploads\/2020\/12\/f7125891-6c3e-4a93-a3cc-a5da207a1eca-150x150.jpg\" class=\"attachment-thumbnail size-thumbnail\" alt=\"\" \/><\/a>\n\t\t\t\t<\/dt><\/dl><br style=\"clear: both\" \/><dl class='gallery-item'>\n\t\t\t\t<dt class='gallery-icon portrait'>\n\t\t\t\t\t<a class=\"rollover rollover-zoom dt-pswp-item\" title=\"08e1b1eb-87ee-4c93-a14d-c3fe87865312\" data-dt-img-description=\"\" data-large_image_width=\"777\" data-large_image_height=\"1600\"href='https:\/\/www.radiopiu.net\/wordpress\/wp-content\/uploads\/2020\/12\/08e1b1eb-87ee-4c93-a14d-c3fe87865312.jpg'><img loading=\"lazy\" decoding=\"async\" width=\"150\" height=\"150\" src=\"https:\/\/www.radiopiu.net\/wordpress\/wp-content\/uploads\/2020\/12\/08e1b1eb-87ee-4c93-a14d-c3fe87865312-150x150.jpg\" class=\"attachment-thumbnail size-thumbnail\" alt=\"\" \/><\/a>\n\t\t\t\t<\/dt><\/dl><dl class='gallery-item'>\n\t\t\t\t<dt class='gallery-icon landscape'>\n\t\t\t\t\t<a class=\"rollover rollover-zoom dt-pswp-item\" title=\"a13af3ca-75d5-46b3-b4b4-9b1a42ebf36c\" data-dt-img-description=\"\" data-large_image_width=\"1024\" data-large_image_height=\"768\"href='https:\/\/www.radiopiu.net\/wordpress\/wp-content\/uploads\/2020\/12\/a13af3ca-75d5-46b3-b4b4-9b1a42ebf36c.jpg'><img loading=\"lazy\" decoding=\"async\" width=\"150\" height=\"150\" src=\"https:\/\/www.radiopiu.net\/wordpress\/wp-content\/uploads\/2020\/12\/a13af3ca-75d5-46b3-b4b4-9b1a42ebf36c-150x150.jpg\" class=\"attachment-thumbnail size-thumbnail\" alt=\"\" \/><\/a>\n\t\t\t\t<\/dt><\/dl><dl class='gallery-item'>\n\t\t\t\t<dt class='gallery-icon portrait'>\n\t\t\t\t\t<a class=\"rollover rollover-zoom dt-pswp-item\" title=\"514ac161-19a1-4a83-8adb-40618d95d6bb\" data-dt-img-description=\"\" data-large_image_width=\"1200\" data-large_image_height=\"1600\"href='https:\/\/www.radiopiu.net\/wordpress\/wp-content\/uploads\/2020\/12\/514ac161-19a1-4a83-8adb-40618d95d6bb.jpg'><img loading=\"lazy\" decoding=\"async\" width=\"150\" height=\"150\" src=\"https:\/\/www.radiopiu.net\/wordpress\/wp-content\/uploads\/2020\/12\/514ac161-19a1-4a83-8adb-40618d95d6bb-150x150.jpg\" class=\"attachment-thumbnail size-thumbnail\" alt=\"\" \/><\/a>\n\t\t\t\t<\/dt><\/dl><dl class='gallery-item'>\n\t\t\t\t<dt class='gallery-icon landscape'>\n\t\t\t\t\t<a class=\"rollover rollover-zoom dt-pswp-item\" title=\"2a016a5e-320d-4020-828f-807763203b2d\" data-dt-img-description=\"\" data-large_image_width=\"1024\" data-large_image_height=\"768\"href='https:\/\/www.radiopiu.net\/wordpress\/wp-content\/uploads\/2020\/12\/2a016a5e-320d-4020-828f-807763203b2d.jpg'><img loading=\"lazy\" decoding=\"async\" width=\"150\" height=\"150\" src=\"https:\/\/www.radiopiu.net\/wordpress\/wp-content\/uploads\/2020\/12\/2a016a5e-320d-4020-828f-807763203b2d-150x150.jpg\" class=\"attachment-thumbnail size-thumbnail\" alt=\"\" \/><\/a>\n\t\t\t\t<\/dt><\/dl><dl class='gallery-item'>\n\t\t\t\t<dt class='gallery-icon portrait'>\n\t\t\t\t\t<a class=\"rollover rollover-zoom dt-pswp-item\" title=\"a7847c89-2e38-43a8-a0c5-10ad5b79f357\" data-dt-img-description=\"\" data-large_image_width=\"1200\" data-large_image_height=\"1599\"href='https:\/\/www.radiopiu.net\/wordpress\/wp-content\/uploads\/2020\/12\/a7847c89-2e38-43a8-a0c5-10ad5b79f357.jpg'><img loading=\"lazy\" decoding=\"async\" width=\"150\" height=\"150\" src=\"https:\/\/www.radiopiu.net\/wordpress\/wp-content\/uploads\/2020\/12\/a7847c89-2e38-43a8-a0c5-10ad5b79f357-150x150.jpg\" class=\"attachment-thumbnail size-thumbnail\" alt=\"\" \/><\/a>\n\t\t\t\t<\/dt><\/dl><br style=\"clear: both\" \/>\n\t\t\t<\/div>\n\n<p>&nbsp;<\/p>\n<hr \/>\n<blockquote><p>&nbsp;<\/p><\/blockquote>\n<blockquote>\n<h2>3 DICEMBRE 1908: RICORDO DELLA FRANA DI PRA\u2019 E LAGUNAZ<\/h2>\n<\/blockquote>\n<p align=\"JUSTIFY\"><span style=\"font-size: medium;\"><b>a cura di Alessandro Savio<\/b><\/span><\/p>\n<p align=\"JUSTIFY\"><strong><span style=\"font-size: medium;\"><img loading=\"lazy\" decoding=\"async\" class=\"alignleft\" src=\"https:\/\/www.radiopiu.net\/wordpress\/wp-content\/uploads\/2020\/12\/3d19b0fd-0ddc-4e78-b78c-658a7cea3345.jpg\" width=\"263\" height=\"192\" \/>TAIBON <\/span><\/strong><span style=\"font-size: medium;\">In questo periodo in cui viene consigliato di stare in casa, mi dedico spesso a sistemare e leggere vecchi documenti che raccolgo e metto da parte. Fra questi ho trovato una fotografia e due fogli dattiloscritti a firma del Maestro di Treviso, Mario Diluviani, scrittore e studioso che ha trascorso gli anni della pensione a Taibon, grande conoscitore e frequentatore della Valle di San Lucano. A prima vista pensavo fossero inediti, poi invece leggendo questi fogli mi sono ricordato di una poesia gi\u00e0 pubblicata in occasione del centenario della frana di Pr\u00e0 e Lagunaz , tragico evento accaduto nella notte tra il 2 e il 3 dicembre del 1908 che provoc\u00f2 28 vittime nella frazione di \u201cPra\u201d in fondo alla Valle di San Lucano. <\/span><span style=\"font-size: medium;\">La poesia \u00e8 stata scritta dal Maestro di Treviso e indirizzata al sindaco di Taibon con una nota del 27 giugno 2008 che aveva questo tenore: Gentile Signora (allora Sindaco Loretta Ben) in questo breve componimento commemorativo, che \u00e8 dedicato alle vittime della frana, io immagino che proprio loro si servano della mia voce per narrare la tragedia vissuta. C\u2019\u00e8 un triplice riferimento: ai sonni, ai sogni, all&#8217;attesa.Tutto concentrato sotto lo strapiombo e\u00a0 tutto distrutto; le vittime ritroveranno sonno, sogni ed attesa quando si troveranno in una nuova realt\u00e0: quella dei Cieli , dove non esiste nessuna minaccia. Il distico finale esprime il nostro augurio : tra le due realt\u00e0, continuate a riposare! Cordialmente Mario Diluviani.<\/span><\/p>\n<blockquote>\n<h3 align=\"JUSTIFY\"><span style=\"font-size: medium;\">Nella ricorrenza dei 112 anni dall\u2019evento una poesia al ricordo delle vittime unitamente al ricordo del Maestro di Treviso scomparso nel 2018.<\/span><\/h3>\n<\/blockquote>\n<p align=\"JUSTIFY\"><b><a href=\"https:\/\/www.radiopiu.net\/wordpress\/giornale-radiopiu-03-dicembre-2020-direttore-mirko-mezzacasa\/download-1025\/\" rel=\"attachment wp-att-176490\"><img loading=\"lazy\" decoding=\"async\" class=\" wp-image-176490 alignleft\" src=\"https:\/\/www.radiopiu.net\/wordpress\/wp-content\/uploads\/2020\/12\/download-4.jpg\" alt=\"\" width=\"162\" height=\"121\" \/><\/a><\/b><\/p>\n<p align=\"JUSTIFY\"><b>ALLE VITTIME DELLA FRANA (-dic. 1908 \u2013 dic. 2008-)<\/b><\/p>\n<p align=\"JUSTIFY\"><strong>di Mario Diluviani\u00a0<\/strong><\/p>\n<\/div>\n<p align=\"JUSTIFY\">AUDIO DI BRUNELLA MORO<\/p>\n<audio class=\"wp-audio-shortcode\" id=\"audio-176245-8\" preload=\"none\" style=\"width: 100%;\" controls=\"controls\"><source type=\"audio\/mpeg\" src=\"https:\/\/www.radiopiu.net\/wordpress\/wp-content\/uploads\/2020\/12\/brunella-1.mp3?_=8\" \/><a href=\"https:\/\/www.radiopiu.net\/wordpress\/wp-content\/uploads\/2020\/12\/brunella-1.mp3\">https:\/\/www.radiopiu.net\/wordpress\/wp-content\/uploads\/2020\/12\/brunella-1.mp3<\/a><\/audio>\n<div class=\"im_content_message_wrap im_message_out\">\n<p>&nbsp;<\/p>\n<p>Dormivate il sonno dei giusti nella notte invernale.<br \/>\nPaghi eravate d\u2019un tetto d\u2019un ceppo di faggio al tepore<br \/>\ntra il muto biancore e il sibilo della bufera.<br \/>\nSognavate i sogni dei giusti , i modesti progetti<br \/>\ncon le magre risorse e i prodotti appena bastanti<br \/>\ndi una terra avara impastata col vostro sudore<br \/>\nEra atteso il Natale dei giusti : una prece tra il gelo dei muri<br \/>\ned il fioco bagliore dei ceri: era forse il Natale pi\u00f9 vero,<br \/>\npi\u00f9 vicino a quello narrato tra le pagine dell\u2019Evangelo.<br \/>\nIl sonno, i sogni, le attese: tutto quanto avevate raccolto<br \/>\ncon serena fiducia a ridosso dello strapiombo \u2026.<br \/>\nFu improvviso, nel cuor della notte, il distacco del masso,<br \/>\nlacerante fu l\u2019urlo dell\u2019aria percossa,<br \/>\nfu tremendo il frastuono che vi colse ignari e innocenti<br \/>\nallorch\u00e8 la roccia ed il prato e il monte e la valle<br \/>\nsobbalzarono insieme quasi al ritmo d\u2019immane tregenda \u2026<br \/>\nPoi lo squarcio d\u2019un nuovo sepolcro ripiomb\u00f2 su se stesso<br \/>\nseppellendovi tutti : e l\u2019immenso tombale silenzio<br \/>\nferm\u00f2 i sonni, i sogni, le attese che soltanto lass\u00f9 ritrovaste<br \/>\nsulle vette e sui prati d\u2019un vivere eterno,<br \/>\ndove in pace noi vi sappiamo nella quiete serena del Cielo.<br \/>\nGiunga oggi per voi questa prece: Riposate, fratelli, riposate !<\/p>\n<p>&nbsp;<\/p>\n<hr \/>\n<p>&nbsp;<\/p>\n<blockquote class=\"wp-embedded-content\" data-secret=\"oYQQ3SReqK\"><p><a href=\"https:\/\/www.radiopiu.net\/wordpress\/agg-dic-02\/\">CORONAVIRUS: AGGIORNAMENTO NAZIONALE 02 DICEMBRE<\/a><\/p><\/blockquote>\n<p><iframe loading=\"lazy\" class=\"wp-embedded-content\" sandbox=\"allow-scripts\" security=\"restricted\" style=\"position: absolute; clip: rect(1px, 1px, 1px, 1px);\" title=\"&#8220;CORONAVIRUS: AGGIORNAMENTO NAZIONALE 02 DICEMBRE&#8221; &#8212; Radio Pi\u00f9\" src=\"https:\/\/www.radiopiu.net\/wordpress\/agg-dic-02\/embed\/#?secret=oYQQ3SReqK\" data-secret=\"oYQQ3SReqK\" width=\"600\" height=\"338\" frameborder=\"0\" marginwidth=\"0\" marginheight=\"0\" scrolling=\"no\"><\/iframe><\/p>\n<p>&nbsp;<\/p>\n<hr \/>\n<p>&nbsp;<\/p>\n<blockquote class=\"wp-embedded-content\" data-secret=\"TPu3TbdRTO\"><p><a href=\"https:\/\/www.radiopiu.net\/wordpress\/3287-positivi-in-piu-nel-veneto-nelle-ultime-24-ore-91-decessi-da-ieri-sera-e-ricoveri-in-lieve-aumento-a-belluno-215-nuovi-positivi\/\">3287 POSITIVI IN PIU&#8217; NEL VENETO NELLE ULTIME 24 ORE. 91 DECESSI DA IERI SERA E RICOVERI IN LIEVE AUMENTO. A BELLUNO 215 NUOVI POSITIVI<\/a><\/p><\/blockquote>\n<p><iframe loading=\"lazy\" class=\"wp-embedded-content\" sandbox=\"allow-scripts\" security=\"restricted\" style=\"position: absolute; clip: rect(1px, 1px, 1px, 1px);\" title=\"&#8220;3287 POSITIVI IN PIU&#8217; NEL VENETO NELLE ULTIME 24 ORE. 91 DECESSI DA IERI SERA E RICOVERI IN LIEVE AUMENTO. A BELLUNO 215 NUOVI POSITIVI&#8221; &#8212; Radio Pi\u00f9\" src=\"https:\/\/www.radiopiu.net\/wordpress\/3287-positivi-in-piu-nel-veneto-nelle-ultime-24-ore-91-decessi-da-ieri-sera-e-ricoveri-in-lieve-aumento-a-belluno-215-nuovi-positivi\/embed\/#?secret=TPu3TbdRTO\" data-secret=\"TPu3TbdRTO\" width=\"600\" height=\"338\" frameborder=\"0\" marginwidth=\"0\" marginheight=\"0\" scrolling=\"no\"><\/iframe><\/p>\n<p>&nbsp;<\/p>\n<hr \/>\n<p>&nbsp;<\/p>\n<blockquote>\n<h3>I GRAFICI DI TIZIANO DE COL<\/h3>\n<\/blockquote>\n\n\t\t\t<style type='text\/css'>\n\t\t\t\t#gallery-3 {\n\t\t\t\t\tmargin: auto;\n\t\t\t\t}\n\t\t\t\t#gallery-3 .gallery-item {\n\t\t\t\t\tfloat: left;\n\t\t\t\t\tmargin-top: 10px;\n\t\t\t\t\ttext-align: center;\n\t\t\t\t\twidth: 33%;\n\t\t\t\t}\n\t\t\t\t#gallery-3 img {\n\t\t\t\t\tborder: 2px solid #cfcfcf;\n\t\t\t\t}\n\t\t\t\t#gallery-3 .gallery-caption {\n\t\t\t\t\tmargin-left: 0;\n\t\t\t\t}\n\t\t\t\t\/* see gallery_shortcode() in wp-includes\/media.php *\/\n\t\t\t<\/style>\n\t\t<div id='gallery-3' class='dt-gallery-container gallery galleryid-176245 gallery-columns-3 gallery-size-medium'><dl class='gallery-item'>\n\t\t\t\t<dt class='gallery-icon landscape'>\n\t\t\t\t\t<a class=\"rollover rollover-zoom dt-pswp-item\" title=\"2ff30be5-9741-44bb-a36f-ad9f9a1152f4\" data-dt-img-description=\"\" data-large_image_width=\"918\" data-large_image_height=\"551\"href='https:\/\/www.radiopiu.net\/wordpress\/wp-content\/uploads\/2020\/12\/2ff30be5-9741-44bb-a36f-ad9f9a1152f4.jpg'><img loading=\"lazy\" decoding=\"async\" width=\"300\" height=\"180\" src=\"https:\/\/www.radiopiu.net\/wordpress\/wp-content\/uploads\/2020\/12\/2ff30be5-9741-44bb-a36f-ad9f9a1152f4-300x180.jpg\" class=\"attachment-medium size-medium\" alt=\"\" srcset=\"https:\/\/www.radiopiu.net\/wordpress\/wp-content\/uploads\/2020\/12\/2ff30be5-9741-44bb-a36f-ad9f9a1152f4-300x180.jpg 300w, https:\/\/www.radiopiu.net\/wordpress\/wp-content\/uploads\/2020\/12\/2ff30be5-9741-44bb-a36f-ad9f9a1152f4-768x461.jpg 768w, https:\/\/www.radiopiu.net\/wordpress\/wp-content\/uploads\/2020\/12\/2ff30be5-9741-44bb-a36f-ad9f9a1152f4.jpg 918w\" sizes=\"auto, (max-width: 300px) 100vw, 300px\" \/><\/a>\n\t\t\t\t<\/dt><\/dl><dl class='gallery-item'>\n\t\t\t\t<dt class='gallery-icon landscape'>\n\t\t\t\t\t<a class=\"rollover rollover-zoom dt-pswp-item\" title=\"5614031e-5999-48d0-80c3-c488f7987fa8\" data-dt-img-description=\"\" data-large_image_width=\"726\" data-large_image_height=\"491\"href='https:\/\/www.radiopiu.net\/wordpress\/wp-content\/uploads\/2020\/12\/5614031e-5999-48d0-80c3-c488f7987fa8.jpg'><img loading=\"lazy\" decoding=\"async\" width=\"300\" height=\"203\" src=\"https:\/\/www.radiopiu.net\/wordpress\/wp-content\/uploads\/2020\/12\/5614031e-5999-48d0-80c3-c488f7987fa8-300x203.jpg\" class=\"attachment-medium size-medium\" alt=\"\" srcset=\"https:\/\/www.radiopiu.net\/wordpress\/wp-content\/uploads\/2020\/12\/5614031e-5999-48d0-80c3-c488f7987fa8-300x203.jpg 300w, https:\/\/www.radiopiu.net\/wordpress\/wp-content\/uploads\/2020\/12\/5614031e-5999-48d0-80c3-c488f7987fa8.jpg 726w\" sizes=\"auto, (max-width: 300px) 100vw, 300px\" \/><\/a>\n\t\t\t\t<\/dt><\/dl><dl class='gallery-item'>\n\t\t\t\t<dt class='gallery-icon landscape'>\n\t\t\t\t\t<a class=\"rollover rollover-zoom dt-pswp-item\" title=\"72ffbc73-4689-4dff-aae6-099c4ff038fd\" data-dt-img-description=\"\" data-large_image_width=\"652\" data-large_image_height=\"377\"href='https:\/\/www.radiopiu.net\/wordpress\/wp-content\/uploads\/2020\/12\/72ffbc73-4689-4dff-aae6-099c4ff038fd.jpg'><img loading=\"lazy\" decoding=\"async\" width=\"300\" height=\"173\" src=\"https:\/\/www.radiopiu.net\/wordpress\/wp-content\/uploads\/2020\/12\/72ffbc73-4689-4dff-aae6-099c4ff038fd-300x173.jpg\" class=\"attachment-medium size-medium\" alt=\"\" srcset=\"https:\/\/www.radiopiu.net\/wordpress\/wp-content\/uploads\/2020\/12\/72ffbc73-4689-4dff-aae6-099c4ff038fd-300x173.jpg 300w, https:\/\/www.radiopiu.net\/wordpress\/wp-content\/uploads\/2020\/12\/72ffbc73-4689-4dff-aae6-099c4ff038fd.jpg 652w\" sizes=\"auto, (max-width: 300px) 100vw, 300px\" \/><\/a>\n\t\t\t\t<\/dt><\/dl><br style=\"clear: both\" \/>\n\t\t\t<\/div>\n\n<p>&nbsp;<\/p>\n<hr \/>\n<p>&nbsp;<\/p>\n<blockquote>\n<h3>SUPERATI I 150 MILA POSITIVI, TERAPIE INTENSIVE OLTRE IL 30% DI OCCUPAZIONE, &#8220;se arriviamo a 1000 con i problemi di personale la corda di violino rischia la spaccatura&#8221;<\/h3>\n<\/blockquote>\n<p>&nbsp;<\/p>\n<blockquote>\n<h2>LEGGI LA CONFERENZA STAMPA DI LUCA ZAIA<\/h2>\n<\/blockquote>\n<p><em>\u00a0Il testo del nuovo Dpcm \u00e8 ancora materia oscura\u00a0 per i governatori, forse nel pomeriggio. Un terzo dei ricoverati in ospedale in Veneto oggi \u00e8 dato dai pazienti Covid. Il vaccino \u00e8 l&#8217;approdo sicuro, a questo punto non abbiamo altre soluzioni. \u00a0Che l&#8217;area gialla non diventi un alibi per non rispettare le regole ed evitare gli assembramenti, se arriviamo al lockdown perch\u00e9 non si rispettano le regole \u00e8 un fallimento totale, anche della comunit\u00e0.<\/em><\/p>\n<p>&nbsp;<\/p>\n<p><strong>SITUAZIONE <\/strong>Dal 21 febbraio superati i 150mila positivi, le terapie intensive sono occupate per un terzo, 340 sulle 1000 e pi\u00f9 che potrebbero essere attivate. Abbiamo un terzo di positivi su tampone rispetto a marzo, meno pressione dei positivi e meno mortalit\u00e0 per\u00f2 crescono i ricoveri in ospedale. La nostra curva e quella di qualche altra regione come il Friuli ha un ritardo nella curva perch\u00e9 l&#8217;infezione \u00e8 iniziata dopo in Veneto. Da noi abbiamo avuto da inizio la parte meno metropolitana del Veneto colpita, cio\u00e8 peggio nella parte alta come in Comelico dove c&#8217;\u00e8 stato il primo mini lockdown. Una curva in ritardo di 10-15 giorni che si comporter\u00e0 di conseguenza, gli assembramenti porteranno molta gente in ospedale. La terapia intensiva in media carica 10 persone al giorno. Un terzo dei pazienti negli ospedali sono pazienti covid. So che siamo diventati ossessivi con la parola assembramento ma abbiamo il timore che la sanit\u00e0 vada in crisi. <strong>DPCM<\/strong> Attendiamo le novit\u00e0, c&#8217;\u00e8 un dibattito in corso. Prima di tutto viene la salute, e poi c&#8217;\u00e8 la partita subito successiva dei ristori. Dal 3 dicembre decade l&#8217;ordinanza regionale ed entra in vigore il DPCM che sar\u00e0 reso noto entro la stessa data. <strong>NATALE E RISTORANTI<\/strong> Decideranno le inee guida del\u00a0 DPCM. <strong>RECOVERY PLAN<\/strong> il nostro piano \u00e8 per 24 miliardi e invoco il principio federalista.\u00a0 Ho il timore che questi fondi vengano dispersi e non impiegati per creare occupazione ed economia.\u00a0<strong> IMPIANTI DI RISALITA<\/strong><b> Ci sono pi\u00f9 ipotesi: <\/b>impianti aperti solo per residenti nella localit\u00e0, turisti e non. Chiudere gli impianti e lasciare aperte le strutture ricettive&#8230;<strong>SECONDE CASE<\/strong> c&#8217;\u00e8 chi dice no e chi \u00e8 pi\u00f9 aperto a pensare che l&#8217;infezione si possa gestire anche nella seconda casa. <strong>VACCINI<\/strong> E&#8217; ora che arrivino, qui la situazione senza la libert\u00e0 di prima \u00e8 sempre pi\u00f9 preoccupante. Sar\u00e0 un vaccino volontario ma il futuro \u00e8\u00a0 il &#8220;passaporto sanitario&#8221;, ci sono compagnie aeree che gi\u00e0 dicono che i non vaccinati non potranno prendere il volo. Per le forniture l&#8217;Europa non sta facendo una bella figura: la Gran Bretagna sta gi\u00e0 vaccinando e non \u00e8 pi\u00f9 in Europa, c&#8217;\u00e8 qualcosa non va. Forse entro fine agosto andr\u00e0 in porto l&#8217;intera campagna vaccini. La dottoressa Russo si sta relazionando a livello nazionale e con le Aziende anche per garantire la catena del freddo. <strong>RECORD DI NEGATIVI OGGI SULLE TABELLE PERCHE?<\/strong> Ci sono stati delle allineamenti, scarichiamo tanti negativizzati che prima erano fluttuanti, cio\u00e8 dati arretrati. <strong>TERAPIE INTENSIVE E PERSONALE, IL VENETO CON 1000 TERAPIE INTENSIVE CE L&#8217;HA IL PERSONALE? <\/strong>Allora intanto i 111 posti delle sale operatorie sono in pi\u00f9, ne bastavano 870 per legge e siamo andati a 1000. Il personale arrivati a 1000 siamo tirati come corde di violino al limite della spaccatura. Siamo pronti a presentare un piano per la <strong>FASE 5<\/strong>, per affrontare l&#8217;occupazione dei letti, cercando di capire quali reparti aggredire e speriamo resti un&#8217;organizzazione da scrivania perch\u00e9 assetto di guerra totale. <strong>VENERDI I NUOVI COLORI<\/strong> I parametri sono in linea con la zona gialla, sono buoni, ma dobbiamo ragionare sempre sull&#8217;orlo della zona rossa estrema. Gli oltre 3000 ricoverati &#8211; sei grandi ospedali del Veneto &#8211; inquietano.\u00a0 Abbiamo le terapia intensive un po&#8217; sopra il dato d&#8217;allarme. <strong>MOVIMENTO ESTIVO<\/strong> Dire che Il liberi tutti estivo &#8211; che \u00e8 sempre un male &#8211; ha dato il via alla seconda fase non \u00e8 corretto. L&#8217;estate non \u00e8 durata una settimana, questa \u00e8 la seconda fase che non c&#8217;entra con gli assembramenti del ferragosto. Come l&#8217;influenza, se ne va d&#8217;estate e torna d&#8217;inverno ma non perch\u00e9 \u00e8 stata fatta baldoria in spiaggia.<\/p>\n<p><a href=\"https:\/\/www.facebook.com\/zaiaufficiale\/videos\/872774260218949\">https:\/\/www.facebook.com\/zaiaufficiale\/videos\/872774260218949<\/a><\/p>\n<p>&nbsp;<\/p>\n<p>&nbsp;<\/p>\n<hr \/>\n<p>&nbsp;<\/p>\n<blockquote>\n<h3>EMERGENZA COVID-19: DA LUNED\u00cc PROSSIMO UNA POSTAZIONE PER I TAMPONI EFFETTUATI DAI MEDICI DI BASE PRESSO L&#8217;EX OSTELLO DI BASTIA<\/h3>\n<\/blockquote>\n<p><strong><a href=\"https:\/\/www.radiopiu.net\/wordpress\/tampone-drive-in-a-feltre-per-chi-rientra-da-spagna-croazia-grecia-o-malta\/tampone\/\" rel=\"attachment wp-att-155278\"><img loading=\"lazy\" decoding=\"async\" class=\"size-medium wp-image-155278 alignleft\" src=\"https:\/\/www.radiopiu.net\/wordpress\/wp-content\/uploads\/2020\/08\/TAMPONE-300x200.jpg\" alt=\"\" width=\"300\" height=\"200\" srcset=\"https:\/\/www.radiopiu.net\/wordpress\/wp-content\/uploads\/2020\/08\/TAMPONE-300x200.jpg 300w, https:\/\/www.radiopiu.net\/wordpress\/wp-content\/uploads\/2020\/08\/TAMPONE-1024x683.jpg 1024w, https:\/\/www.radiopiu.net\/wordpress\/wp-content\/uploads\/2020\/08\/TAMPONE-768x512.jpg 768w, https:\/\/www.radiopiu.net\/wordpress\/wp-content\/uploads\/2020\/08\/TAMPONE-1536x1024.jpg 1536w, https:\/\/www.radiopiu.net\/wordpress\/wp-content\/uploads\/2020\/08\/TAMPONE.jpg 1920w\" sizes=\"auto, (max-width: 300px) 100vw, 300px\" \/><\/a>ALPAGO<\/strong>\u00a0Partir\u00e0 nei prossimi giorni l&#8217;attivit\u00e0 di due nuovi punti dislocati nel territorio di Alpago per l&#8217;esecuzione dei tamponi, in relazione all&#8217;emergenza sanitaria da Covid-19 in atto.\u00a0Presso l\u2019ex Ostello di Bastia saranno allestiti dei locali per l&#8217;attivit\u00e0 dei medici di base del territorio nell&#8217;esecuzione dei tamponi \u201crapidi\u201d a beneficio dei loro assistiti. In base all\u2019accordo concluso ieri, l\u2019attivit\u00e0 partir\u00e0 luned\u00ec prossimo 9 dicembre, secondo orari e modalit\u00e0 che i pazienti concorderanno, su prenotazione, con il loro medico di base.\u00a0Nella zona industriale di Paludi, nell\u2019area retrostante il Centro Servizi, sar\u00e0 invece attrezzato nei prossimi giorni un punto per l&#8217;attivit\u00e0 da parte dell&#8217;ULSS 1 Dolomiti. In questo caso i tamponi saranno effettuati con la modalit\u00e0 \u201cdrive-in\u201d (ovvero direttamente all&#8217;interno della vettura), secondo un\u2019organizzazione e orari che saranno resi noti non appena terminati i necessari interventi di adeguamento concordati con l\u2019Azienda Sanitaria (presumibilmente nell\u2019arco di 2\/3 settimane). L\u2019area sar\u00e0 attrezzata per ospitare circa un centinaio di vetture ed \u00e8 stata individuata tenendo conto delle necessarie caratteristiche di isolamento rispetto ad altre attivit\u00e0 e della presenza di tutti i servizi necessari (allacciamenti a servizi igienici, energia elettrica, etc\u2026).<\/p>\n<p>&nbsp;<\/p>\n<p>&nbsp;<\/p>\n<hr \/>\n<p>&nbsp;<\/p>\n<blockquote>\n<h3>UN INFERMIERE SPECIALIZZATO ESEGUIRA&#8217; LA DIALISI A DOMICILIO<\/h3>\n<\/blockquote>\n<p><strong><a href=\"https:\/\/www.radiopiu.net\/wordpress\/un-infermiere-specializzato-eseguira-la-dialisi-a-domicilio\/dialisi-belluno\/\" rel=\"attachment wp-att-176389\"><img loading=\"lazy\" decoding=\"async\" class=\"size-medium wp-image-176389 alignleft\" src=\"https:\/\/www.radiopiu.net\/wordpress\/wp-content\/uploads\/2020\/12\/dialisi-Belluno-300x169.jpg\" alt=\"\" width=\"300\" height=\"169\" srcset=\"https:\/\/www.radiopiu.net\/wordpress\/wp-content\/uploads\/2020\/12\/dialisi-Belluno-300x169.jpg 300w, https:\/\/www.radiopiu.net\/wordpress\/wp-content\/uploads\/2020\/12\/dialisi-Belluno-1024x576.jpg 1024w, https:\/\/www.radiopiu.net\/wordpress\/wp-content\/uploads\/2020\/12\/dialisi-Belluno-768x432.jpg 768w, https:\/\/www.radiopiu.net\/wordpress\/wp-content\/uploads\/2020\/12\/dialisi-Belluno-1536x864.jpg 1536w, https:\/\/www.radiopiu.net\/wordpress\/wp-content\/uploads\/2020\/12\/dialisi-Belluno-2048x1152.jpg 2048w\" sizes=\"auto, (max-width: 300px) 100vw, 300px\" \/><\/a>BELLUNO<\/strong>\u00a0Parte con i primi trattamenti nella RSA di Longarone, a favore di pazienti dializzati ospiti del Centro Servizi, il progetto della emodialisi a domicilio con infermiere specializzato costruito dalle nefrologie dell\u2019Ulss Dolomiti, dirette da Andrea Bandera. L\u2019emodialisi normalmente viene eseguita nei centri dialisi che per la provincia di Belluno sono presso gli ospedali di Belluno, Feltre, Pieve di Cadore e Agordo mentre fino ad ora, l\u2019altra metodica, la cosiddetta dialisi peritoneale viene eseguita al domicilio della persona con malattia renale cronica. Attualmente i pazienti che eseguono emodialisi in ospedale sono 40 a Feltre, 50 a Belluno, 15 a Pieve di Cadore e 10 ad Agordo; in dialisi peritoneale, nell\u2019intero territorio provinciale, ci sono 20 pazienti nel distretto di Feltre e 25 nel distretto di Belluno.<\/p>\n<p>&nbsp;<\/p>\n<p>&nbsp;<\/p>\n<hr \/>\n<p>&nbsp;<\/p>\n<blockquote>\n<h3>BUONE NOVITA&#8217; SUL FRONTE VACCINO<\/h3>\n<\/blockquote>\n<p><strong><a href=\"https:\/\/www.radiopiu.net\/wordpress\/vaccini-per-gli-anziani-artrite-psoriasica-prodotti-di-tabacco-a-basso-rischio\/dettaglio-del-vaccino-in-laboratorio_78895-1491\/\" rel=\"attachment wp-att-116862\"><img loading=\"lazy\" decoding=\"async\" class=\"size-medium wp-image-116862 alignleft\" src=\"https:\/\/www.radiopiu.net\/wordpress\/wp-content\/uploads\/2020\/02\/dettaglio-del-vaccino-in-laboratorio_78895-1491-300x200.jpg\" alt=\"\" width=\"300\" height=\"200\" srcset=\"https:\/\/www.radiopiu.net\/wordpress\/wp-content\/uploads\/2020\/02\/dettaglio-del-vaccino-in-laboratorio_78895-1491-300x200.jpg 300w, https:\/\/www.radiopiu.net\/wordpress\/wp-content\/uploads\/2020\/02\/dettaglio-del-vaccino-in-laboratorio_78895-1491.jpg 626w\" sizes=\"auto, (max-width: 300px) 100vw, 300px\" \/><\/a>VENEZIA<\/strong> \u201c<em>Per vincere la battaglia contro il Covid il fattore tempo \u00e8 fondamentale e serve un impegno da parte di tutti: chiediamo perci\u00f2 alla Regione di avviare subito una capillare campagna di comunicazione per incentivare la popolazione a vaccinarsi. Il ministro Speranza ha annunciato che le prime dosi arriveranno gi\u00e0 a gennaio e saranno gratuite: non dobbiamo farci cogliere impreparati<\/em>\u201d. \u00c8 l\u2019appello che arriva dal capogruppo del Partito Democratico a Palazzo Ferro Fini\u00a0Giacomo Possamai\u00a0insieme ai colleghi\u00a0Anna Maria Bigon(vicepresidente della commissione Sanit\u00e0),\u00a0Vanessa Camani,\u00a0Jonatan Montanariello,\u00a0Andrea Zanoni\u00a0e\u00a0Francesca Zottis, commentando anche le buone notizie sul versante della sperimentazione da parte delle case farmaceutiche.<\/p>\n<p>&nbsp;<\/p>\n<p>&nbsp;<\/p>\n<hr \/>\n<p>&nbsp;<\/p>\n<blockquote>\n<h3>PD SULLA CARENZA DI MEDICI<\/h3>\n<\/blockquote>\n<p><strong><a href=\"https:\/\/www.radiopiu.net\/wordpress\/giornale-radiopiu-del-29-novembre-2018-direttore-mirko-mezzacasa\/pd\/\" rel=\"attachment wp-att-67744\"><img loading=\"lazy\" decoding=\"async\" class=\" wp-image-67744 alignleft\" src=\"https:\/\/www.radiopiu.net\/wordpress\/wp-content\/uploads\/2018\/11\/PD.png\" alt=\"\" width=\"185\" height=\"149\" \/><\/a>VENEZIA<\/strong>\u00a0\u201c<em>In Veneto mancano medici e la Regione non pu\u00f2 chiamarsi fuori da ogni responsabilit\u00e0 dicendo che dipende dal Governo. La nostra voce \u00e8 forte e chiara anche a Roma, ma \u00e8 qua a Venezia che chiediamo chiarezza, perch\u00e9 i problemi legati alla mancata programmazione sono evidenti<\/em>\u201d. \u00c8 quanto dichiarano\u00a0Francesca Zottis, consigliera del Partito Democratico e vicepresidente dell\u2019assemblea a Palazzo Ferro Fini, e i colleghi\u00a0Jonatan\u00a0Montanariello\u00a0e\u00a0Anna Maria Bigon\u00a0(vicepresidente commissione Sanit\u00e0) tornando sulla carenza di medici di medicina generale (Mmg), particolarmente pesante in alcune zone, tra cui il Veneto orientale.<\/p>\n<p>&nbsp;<\/p>\n<p>&nbsp;<\/p>\n<hr \/>\n<p>&nbsp;<\/p>\n<p><strong><span style=\"color: #ff0000;\">AUDIO<\/span><\/strong><br \/>\n<strong>DALLA RASSEGNA STAMPA DELLE OTTO\u00a0<\/strong><\/p>\n<audio class=\"wp-audio-shortcode\" id=\"audio-176245-9\" preload=\"none\" style=\"width: 100%;\" controls=\"controls\"><source type=\"audio\/mpeg\" src=\"https:\/\/www.radiopiu.net\/wordpress\/wp-content\/uploads\/2020\/12\/MAURO-DE-CARLI.mp3?_=9\" \/><a href=\"https:\/\/www.radiopiu.net\/wordpress\/wp-content\/uploads\/2020\/12\/MAURO-DE-CARLI.mp3\">https:\/\/www.radiopiu.net\/wordpress\/wp-content\/uploads\/2020\/12\/MAURO-DE-CARLI.mp3<\/a><\/audio>\n<blockquote class=\"wp-embedded-content\" data-secret=\"GfkftluJv8\"><p><a href=\"https:\/\/www.radiopiu.net\/wordpress\/covid-19-ripercussioni-sul-contagio-e-sul-contenuto-economico-in-busta-paga-ne-parla-mauro-de-carlo-della-cgil\/\">COVID 19: RIPERCUSSIONI SUL CONTAGIO E SUL CONTENUTO ECONOMICO IN BUSTA PAGA. NE PARLA MAURO DE CARLO DELLA CGIL<\/a><\/p><\/blockquote>\n<p><iframe loading=\"lazy\" class=\"wp-embedded-content\" sandbox=\"allow-scripts\" security=\"restricted\" style=\"position: absolute; clip: rect(1px, 1px, 1px, 1px);\" title=\"&#8220;COVID 19: RIPERCUSSIONI SUL CONTAGIO E SUL CONTENUTO ECONOMICO IN BUSTA PAGA. NE PARLA MAURO DE CARLO DELLA CGIL&#8221; &#8212; Radio Pi\u00f9\" src=\"https:\/\/www.radiopiu.net\/wordpress\/covid-19-ripercussioni-sul-contagio-e-sul-contenuto-economico-in-busta-paga-ne-parla-mauro-de-carlo-della-cgil\/embed\/#?secret=GfkftluJv8\" data-secret=\"GfkftluJv8\" width=\"600\" height=\"338\" frameborder=\"0\" marginwidth=\"0\" marginheight=\"0\" scrolling=\"no\"><\/iframe><\/p>\n<p>&nbsp;<\/p>\n<hr \/>\n<p>&nbsp;<\/p>\n<blockquote>\n<h3>ASSEGNO PER IL LAVORO. ASSESSORE DONAZZAN, \u201cPOLITICHE DEL LAVORO EFFICACI QUANTO PIU\u2019 VELOCI E PROSSIME AL TERRITORIO. GOVERNO REPLICHI MISURE MESSE IN CAMPO DAL VENETO\u201d<\/h3>\n<\/blockquote>\n<p><strong><a href=\"https:\/\/www.radiopiu.net\/wordpress\/giornale-radiopiu-09-aprile-2020-direttore-mirko-mezzacasa\/donazzan\/\" rel=\"attachment wp-att-128499\"><img loading=\"lazy\" decoding=\"async\" class=\"size-medium wp-image-128499 alignleft\" src=\"https:\/\/www.radiopiu.net\/wordpress\/wp-content\/uploads\/2020\/04\/DONAZZAN-e1604585643454-300x300.jpg\" alt=\"\" width=\"300\" height=\"300\" srcset=\"https:\/\/www.radiopiu.net\/wordpress\/wp-content\/uploads\/2020\/04\/DONAZZAN-e1604585643454-300x300.jpg 300w, https:\/\/www.radiopiu.net\/wordpress\/wp-content\/uploads\/2020\/04\/DONAZZAN-e1604585643454-1024x1024.jpg 1024w, https:\/\/www.radiopiu.net\/wordpress\/wp-content\/uploads\/2020\/04\/DONAZZAN-e1604585643454-150x150.jpg 150w, https:\/\/www.radiopiu.net\/wordpress\/wp-content\/uploads\/2020\/04\/DONAZZAN-e1604585643454-768x768.jpg 768w, https:\/\/www.radiopiu.net\/wordpress\/wp-content\/uploads\/2020\/04\/DONAZZAN-e1604585643454-1536x1536.jpg 1536w, https:\/\/www.radiopiu.net\/wordpress\/wp-content\/uploads\/2020\/04\/DONAZZAN-e1604585643454.jpg 2048w\" sizes=\"auto, (max-width: 300px) 100vw, 300px\" \/><\/a>VENEZIA\u00a0<\/strong>Sono circa 50mila i disoccupati residenti in Veneto, che hanno potuto beneficiare dell&#8217;Assegno per il Lavoro: lo strumento finanziato dalla Regione del Veneto che consente di ricevere servizi gratuiti di assistenza alla ricollocazione in oltre 400 sedi accreditate in tutta la regione. L\u2019iniziativa, avviata a fine 2017 con l&#8217;obbiettivo di contrastare la disoccupazione di lunga durata, \u00e8 riservata a chi \u00e8 senza lavoro, ha un\u2019et\u00e0 superiore ai 30 anni ed \u00e8 alla ricerca di un nuovo lavoro o di un servizio di orientamento e counseling, formazione e supporto all\u2019inserimento\/reinserimento lavorativo. Per richiedere l\u2019Assegno per il Lavoro \u00e8 sufficiente essere residenti o domiciliati in Veneto, risultare disoccupati e aver compiuto 30 anni. Pu\u00f2 beneficiarne anche chi percepisce la Naspi o altri strumenti di sostegno al reddito. Il meccanismo di questa politica attiva su base regionale prevede la cooperazione tra servizi per l\u2019impiego pubblici e privati. Infatti, l&#8217;Assegno per il Lavoro pu\u00f2 essere richiesto in qualsiasi momento al Centro per l\u2019Impiego del proprio territorio o direttamente online tramite il servizio dedicato, sul portale ClicLavoro Veneto. Una volta ottenuto l\u2019assegno &#8220;virtuale&#8221;, rilasciato dal centro per l\u2019impiego generalmente entro 10 giorni dalla richiesta, il lavoratore ha 30 giorni di tempo per scegliere l\u2019ente accreditato per avviare il proprio percorso di riqualificazione e ricollocazione. Il valore dell\u2019assegno \u00e8 pari ad un massimo di 5.796 euro e viene riconosciuto all\u2019ente accreditato a risultato occupazionale acquisito o nel caso in cui il lavoratore abbia trovato un nuovo impiego. I contratti di lavoro stipulati dai beneficiari dell\u2019Assegno per il Lavoro sono complessivamente 29.210: il 72% di questi \u00e8 stato attivato presso gli enti accreditati, e i contratto a tempo indeterminato o di durata superiore ai 6 mesi sono pari al 37%. Grazie ad una procedura gestita prevalentemente online, il flusso delle richieste si \u00e8 mantenuto elevato anche nel 2020, con oltre 11mila Assegni per il Lavoro rilasciati nei primi nove mesi dell\u2019anno, nonostante il\u00a0lockdown\u00a0e le misure restrittive imposte per contenere il diffondersi del virus Covid-19. \u201c<em>Il governo centrale stenta ancora a capire che le politiche del lavoro sono efficaci quanto pi\u00f9 sono prossime ai territori e veloci nell\u2019intercettare i lavoratori disoccupati e le esigenze del singolo posto di lavoro disponibile &#8211; commenta Elena Donazzan, assessore regionale a lavoro, istruzione e formazione -\u201d. \u201cIl Reddito di Cittadinanza e l\u2019Assegno di Ricollocazione sono stati fallimenti preannunciati: a questi si aggiunger\u00e0 ora anche il Fondo Nuove Competenze &#8211;\u00a0 conclude\u00a0Donazzan -, mentre l\u2019esperienza veneta conferma il successo delle nostre azioni. Vorremmo che le risorse nazionali non fossero spese invano, magari prendendo d\u2019esempio il modello veneto e replicando le misure gi\u00e0 messe in campo dalla nostra Regione<\/em>\u201d.<\/p>\n<p>&nbsp;<\/p>\n<p>&nbsp;<\/p>\n<p>&nbsp;<\/p>\n<hr \/>\n<\/div>\n<p><em>\u00a0 \u00a0 \u00a0\u00a0<\/em><\/p>\n<blockquote>\n<h3>IL CONTRIBUTO DELLA PROVINCIA ANTI COVID19<\/h3>\n<\/blockquote>\n<p><strong>di Moreno Gioli<\/strong><\/p>\n<audio class=\"wp-audio-shortcode\" id=\"audio-176245-10\" preload=\"none\" style=\"width: 100%;\" controls=\"controls\"><source type=\"audio\/mpeg\" src=\"https:\/\/www.radiopiu.net\/wordpress\/wp-content\/uploads\/2020\/12\/GIOLI-COVID-PROVINCIA.mp3?_=10\" \/><a href=\"https:\/\/www.radiopiu.net\/wordpress\/wp-content\/uploads\/2020\/12\/GIOLI-COVID-PROVINCIA.mp3\">https:\/\/www.radiopiu.net\/wordpress\/wp-content\/uploads\/2020\/12\/GIOLI-COVID-PROVINCIA.mp3<\/a><\/audio>\n<p>&nbsp;<\/p>\n<p><strong>BELLUNO<\/strong>\u00a0 Obiettivo generale del programma provinciale \u00e8 il contrasto agli effetti sociali e economici della emergenza sanitaria Covid-19. Tale obiettivo, legato specificatamente alla mitigazione degli effetti pandemici. In particolare, nell\u2019ottica di una integrazione tra fonti di finanziamento, gli obiettivi sono stati individuati nei seguenti: &#8211; Istruzione di qualit\u00e0: assicurare anche nel contesto pandemico una istruzione primaria e secondaria di qualit\u00e0 che porti a rilevanti ed efficaci risultati di apprendimento, consentendo la didattica a distanza e adeguato distanziamento negli ambienti scolastici; &#8211; Accesso ai servizi sanitari e di cura efficaci: potenziamento dei sistemi di assistenza ospedaliera e della rete locale di presidio socio-assistenziale &#8211; Sviluppo e competitivit\u00e0: riqualificazione del sistema produttivo attraverso un sostegno alla sua resilienza e all\u2019innovazione. AMBITI DI INTERVENTO &#8211; Scuola &#8211; Sanit\u00e0 &#8211; Trasporti &#8211; Attivit\u00e0 produttive<\/p>\n<h3>IL PRESIDENTE DELLA PROVINCIA ROBERTO PADRIN<\/h3>\n<div style=\"width: 480px;\" class=\"wp-video\"><video class=\"wp-video-shortcode\" id=\"video-176245-1\" width=\"480\" height=\"848\" preload=\"metadata\" controls=\"controls\"><source type=\"video\/mp4\" src=\"https:\/\/www.radiopiu.net\/wordpress\/wp-content\/uploads\/2020\/12\/PADRIN.mp4?_=1\" \/><a href=\"https:\/\/www.radiopiu.net\/wordpress\/wp-content\/uploads\/2020\/12\/PADRIN.mp4\">https:\/\/www.radiopiu.net\/wordpress\/wp-content\/uploads\/2020\/12\/PADRIN.mp4<\/a><\/video><\/div>\n<p>&nbsp;<\/p>\n<p><span style=\"color: #ff0000;\"><strong>DAI NOTIZIARI DI IERI<\/strong><\/span><\/p>\n<blockquote>\n<h3>MISURE ANTI-COVID: LA PROVINCIA VARA UNA \u201cMANOVRA\u201d DA 2,5 MILIONI DI EURO<\/h3>\n<\/blockquote>\n<p><strong><a href=\"https:\/\/www.radiopiu.net\/wordpress\/i-debiti-della-pa-sono-scesi-a-53-miliardi-ma-il-governo-adesso-intervenga\/uomo-disteso-che-conta-soldi-con-il-calcolatore_23-2148230056\/\" rel=\"attachment wp-att-115054\"><img loading=\"lazy\" decoding=\"async\" class=\"size-medium wp-image-115054 alignleft\" src=\"https:\/\/www.radiopiu.net\/wordpress\/wp-content\/uploads\/2020\/01\/uomo-disteso-che-conta-soldi-con-il-calcolatore_23-2148230056-300x200.jpg\" alt=\"\" width=\"300\" height=\"200\" srcset=\"https:\/\/www.radiopiu.net\/wordpress\/wp-content\/uploads\/2020\/01\/uomo-disteso-che-conta-soldi-con-il-calcolatore_23-2148230056-300x200.jpg 300w, https:\/\/www.radiopiu.net\/wordpress\/wp-content\/uploads\/2020\/01\/uomo-disteso-che-conta-soldi-con-il-calcolatore_23-2148230056.jpg 626w\" sizes=\"auto, (max-width: 300px) 100vw, 300px\" \/><\/a>BELLUNO<\/strong> \u00c8 stata approvata dal consiglio provinciale la nona variazione al bilancio di previsione, contenente un\u2019importante manovra anti-Covid. L\u2019amministrazione provinciale infatti ha stanziato la prima parte delle risorse ministeriali, vale a dire il \u201cfondo Covid\u201d per far fronte alla possibile perdita di entrate connessa all\u2019emergenza sanitaria. \u00ab<em>Si tratta dei primi 2,5 milioni di euro sui 5 in arrivo dallo Stato &#8211; commenta il presidente della Provincia, Roberto Padrin -. Risorse destinate per la maggior parte a tamponare situazioni di criticit\u00e0 e che risulteranno fondamentali per tutta una serie di attivit\u00e0, per far fronte alla situazione di crisi creata dal Covid. Ovviamente non sono sufficienti a garantire la copertura di tutte le criticit\u00e0 venute a galla con la pandemia in corso. Per questo a fine anno, nella rendicontazione finale, pensiamo di destinare le ulteriori risorse del fondo assegnato dallo Stato&#8221;<\/em>. Nella distribuzione delle risorse, 500mila euro della prima tranche andranno come contributo straordinario a Dolomitibus, quale ristoro dei minori ricavi tariffari dovuti al lockdown. Altri 500mila euro finanzieranno un bando per contributi straordinari agli impianti di risalita. L\u2019altro capitolo della manovra Covid riguarda l\u2019Ulss, con la destinazione di 300mila euro per il potenziamento e il miglioramento dei servizi di vaccinazione.\u00a0Nella nona variazione di bilancio rientrano anche alcune altre mosse derivanti dall\u2019avanzo di amministrazione. Come l\u2019ulteriore finanziamento del piano di manutenzione straordinaria degli istituti scolastici per adeguamenti finalizzati all\u2019emergenza sanitaria (circa 100mila euro). Lo stanziamento delle risorse necessarie a completare la convenzione con Veneto Strade per la manutenzione della viabilit\u00e0 (911mila euro). Il finanziamento della realizzanda sala operativa del Ccs (centro coordinamento soccorsi) all\u2019interno della nuova caserma provinciale dei vigili del fuoco (400mila euro). E la predisposizione di 1,8 milioni di euro per il finanziamento di accordi di programma con gli enti locali per interventi di difesa del suolo.<\/p>\n<p>&nbsp;<\/p>\n<hr \/>\n<blockquote>\n<h3>AVVIATO IL PROGRAMMA RISORSE COVID<\/h3>\n<\/blockquote>\n<p><em>La Provincia di Belluno che ha inserito due capitoli per quasi 2 milioni di euro complessivi per sostenere direttamente le attivit\u00e0 produttive.<\/em><\/p>\n<p><strong>ROMA<\/strong> Interventi per il potenziamento della didattica a distanza, della telemedicina e il rafforzamento del trasporto pubblico locale. Si muove su queste tre linee il Programma Risorse Covid varato a luglio dal Comitato paritetico per la gestione del Fondo Comuni Confinanti e destinato agli enti locali di Lombardia e Veneto. In totale il Fondo ha messo a disposizione 16,5 milioni di euro per i cinque territori interessati. La risposta \u00e8 stata tempestiva, con un utilizzo complessivo di 11,76 milioni di euro per progetti che seguendo le tre linee indicate &#8211; scuola, sanit\u00e0 e mobilit\u00e0 &#8211; prevedono fornitura di attrezzature e strumenti informatici per la didattica digitale, realizzazione di ambulatori medici e potenziamento della telemedicina, acquisto di nuovi mezzi di trasporto. Tra i vari progetti proposti e approvati, figurano interventi di messa in sicurezza nelle case di riposo e nelle scuole, l\u2019acquisto di attrezzature per sanificare grandi ambienti e il rafforzamento delle reti di protezione civile.<\/p>\n<blockquote><p><strong>IL DEPUTATO ROGER DE MENECH, PRESIDENTE\u00a0 COMITATO PARITETICO FONDI COMUNI DI CONFINE<\/strong><\/p><\/blockquote>\n<div style=\"width: 848px;\" class=\"wp-video\"><video class=\"wp-video-shortcode\" id=\"video-176245-2\" width=\"848\" height=\"480\" preload=\"metadata\" controls=\"controls\"><source type=\"video\/mp4\" src=\"https:\/\/www.radiopiu.net\/wordpress\/wp-content\/uploads\/2020\/12\/roger.mp4?_=2\" \/><a href=\"https:\/\/www.radiopiu.net\/wordpress\/wp-content\/uploads\/2020\/12\/roger.mp4\">https:\/\/www.radiopiu.net\/wordpress\/wp-content\/uploads\/2020\/12\/roger.mp4<\/a><\/video><\/div>\n<p>&nbsp;<\/p>\n<hr \/>\n<p>&nbsp;<\/p>\n<blockquote>\n<h3>KARPOS VESTE GLI ATLETI DELLA SANITA&#8217;<\/h3>\n<\/blockquote>\n<p><strong><a href=\"https:\/\/www.radiopiu.net\/wordpress\/karpos-veste-gli-atleti-della-sanita\/karpos\/\" rel=\"attachment wp-att-176358\"><img loading=\"lazy\" decoding=\"async\" class=\"size-medium wp-image-176358 alignleft\" src=\"https:\/\/www.radiopiu.net\/wordpress\/wp-content\/uploads\/2020\/12\/Karpos-225x300.jpg\" alt=\"\" width=\"225\" height=\"300\" srcset=\"https:\/\/www.radiopiu.net\/wordpress\/wp-content\/uploads\/2020\/12\/Karpos-225x300.jpg 225w, https:\/\/www.radiopiu.net\/wordpress\/wp-content\/uploads\/2020\/12\/Karpos-768x1024.jpg 768w, https:\/\/www.radiopiu.net\/wordpress\/wp-content\/uploads\/2020\/12\/Karpos-1152x1536.jpg 1152w, https:\/\/www.radiopiu.net\/wordpress\/wp-content\/uploads\/2020\/12\/Karpos.jpg 1200w\" sizes=\"auto, (max-width: 225px) 100vw, 225px\" \/><\/a>FELTRE\u00a0<\/strong>Manifattura Valcismon spa ha donato le giacche Karpos al team tamponi del Dipartimento di Prevenzione dell\u2019Ulss Dolomiti. I capi sono stati \u201ctestati\u201d durante lo screening di Auronzo.\u00a0I team tamponi dell\u2019Ulss Dolomiti \u00e8 costituito da circa trenta operatori sanitari che operano nei Covid Point di Belluno operativo su tre turni h 24 (a Sagrogna e al San Martino), Feltre, Tai di Cadore, Agordo e Cortina oltre alle squadre create ad hoc per campagne di tamponi straordinarie nelle scuole o in zone con significativo sviluppo epidemico, per dare servizi il pi\u00f9 possibile vicini al cittadino. Nei momenti di maggiore carico lavorativo il team \u00e8 integrato da altro personale sanitario afferenti agli ospedali o ai servizi distrettuali.\u00a0L\u2019esecuzione dei tamponi in drive-in \u00e8 riconosciuta come la metodologia pi\u00f9 rapida (un tampone ogni 3 minuti circa) e sicura sia per i cittadini che per gli operatori perch\u00e9 l\u2019essere all\u2019esterno riduce il rischio di aerosol e l\u2019auto consente di gestire l\u2019attesa al caldo e in isolamento. Tuttavia, le rigide temperature che caratterizzano il nostro territorio, in particolare alla mattina e nelle ore serali, impongono uno sforzo aggiuntivo per gli operatori che devono indossare idonei indumenti per proteggersi dal freddo sotto alle tute di protezione individuale contro il rischio biologico, con la necessit\u00e0 di poter essere liberi di effettuare movimenti precisi.\u00a0La soluzione \u00e8 arrivata dalla generosit\u00e0 di Manifattura Valcismon che ha donato al Dipartimento di Prevenzione giacche Karpos a quelli che Alessio Cremose ha definito \u201catleti della sanit\u00e0\u201d.\u00a0I capi sono stati testati domenica, durante lo screening della popolazione tra i 41 e i 65 anni ad Auronzo. Nonostante le rigide temperature di Taiarezze, gli operatori sono stati confortati dal caldo abbraccio delle giacche Karpos, molto apprezzate per la leggerezza, la facilit\u00e0 di movimento e l\u2019estetica.\u00a0\u00ab<em>Oltre all\u2019esecuzione di tamponi, nei prossimi mesi invernali saremo impegnati nella campagna vaccinale contro il Covid sempre attraverso drive-in all\u2019aperto<\/em>\u00bb, spiega il Direttore del Dipartimento di Prevenzione Sandro Cinquetti, \u00ab<em>avere indumenti confortevoli e funzionali \u00e8 un salto di qualit\u00e0 importante per i nostri operatori, costantemente sotto pressione da inizio pandemia<\/em>\u00bb.\u00a0\u00ab<em>Ringrazio Sportful e la famiglia Cremonese per la generosit\u00e0 nel sostenere i nostri operatori che, oltre al miglioramento tecnico tangibile delle condizioni lavorative, si sono sentiti sostenuti in questa lunga maratona contro il Covid<\/em>\u00bb, conclude il Direttore Generale Adriano Rasi Caldogno. <a href=\"https:\/\/www.radiopiu.net\/wordpress\/karpos-veste-gli-atleti-della-sanita\/alessio-cremonese-2\/\" rel=\"attachment wp-att-176359\"><img loading=\"lazy\" decoding=\"async\" class=\" wp-image-176359 alignright\" src=\"https:\/\/www.radiopiu.net\/wordpress\/wp-content\/uploads\/2020\/12\/alessio-cremonese-300x204.jpg\" alt=\"\" width=\"338\" height=\"230\" srcset=\"https:\/\/www.radiopiu.net\/wordpress\/wp-content\/uploads\/2020\/12\/alessio-cremonese-300x204.jpg 300w, https:\/\/www.radiopiu.net\/wordpress\/wp-content\/uploads\/2020\/12\/alessio-cremonese-1024x697.jpg 1024w, https:\/\/www.radiopiu.net\/wordpress\/wp-content\/uploads\/2020\/12\/alessio-cremonese-768x523.jpg 768w, https:\/\/www.radiopiu.net\/wordpress\/wp-content\/uploads\/2020\/12\/alessio-cremonese-1536x1046.jpg 1536w, https:\/\/www.radiopiu.net\/wordpress\/wp-content\/uploads\/2020\/12\/alessio-cremonese-2048x1395.jpg 2048w\" sizes=\"auto, (max-width: 338px) 100vw, 338px\" \/><\/a>\u201c<em>La nostra azienda ha sempre creduto che lavorare con le persone, e per le persone sia un privilegio, conferma Alessio Cremonese Amministratore Delegato di Manifattura Valcismon proprietaria del marchio Karpos, e quando Piero Slongo ci ha portato a conoscenza della necessit\u00e0 di trovare dei capi per proteggere il team Tamponi della Ulss 1, non abbiamo esitato un attimo. Abbiamo avuto sempre il privilegio di lavorare con gli atleti pi\u00f9 forti al mondo e di tutto il mondo, ma abbiamo sempre voluto dare un\u2019attenzione particolare anche al nostro territorio e alle persone che lo condividono con noi. Quindi, poter contribuire a dare un supporto a chi da tempo si sta battendo contro il Covid e adesso deve anche affrontare le insidie dell\u2019inverno \u00e8 un piccolo segnale di presenza che come azienda e famiglia ci sentivamo di riconfermare<\/em>\u201d.<\/p>\n<p>&nbsp;<\/p>\n<p>&nbsp;<\/p>\n<hr \/>\n<p>&nbsp;<\/p>\n<blockquote>\n<h3>TRA 14 GIORNI VA PAGATA LA PATRIMONIALE IMMOBILIARE, CON QUALI SOLDI?<\/h3>\n<\/blockquote>\n<p><strong><a href=\"https:\/\/www.radiopiu.net\/wordpress\/giugno-scadenza-acconto-imu-i-comuni-decideranno-eventuali-proroghe\/imu\/\" rel=\"attachment wp-att-141398\"><img loading=\"lazy\" decoding=\"async\" class=\"wp-image-141398 alignleft\" src=\"https:\/\/www.radiopiu.net\/wordpress\/wp-content\/uploads\/2020\/05\/imu-300x226.jpg\" alt=\"\" width=\"173\" height=\"130\" srcset=\"https:\/\/www.radiopiu.net\/wordpress\/wp-content\/uploads\/2020\/05\/imu-300x226.jpg 300w, https:\/\/www.radiopiu.net\/wordpress\/wp-content\/uploads\/2020\/05\/imu.jpg 400w\" sizes=\"auto, (max-width: 173px) 100vw, 173px\" \/><\/a>BELLUNO<\/strong> Fra 15 giorni, il 16 dicembre, va pagata la patrimoniale immobiliare (imu). Dovr\u00e0 pagarla anche chi ha l&#8217;immobile sfitto, chi lo ha inagibile, chi non riceve il canone da mesi, chi addirittura si \u00e8 visto requisire l&#8217;abitazione o il locale dallo Stato attraverso il blocco degli sfratti, Si tratta\u00a0 di un\u2019imposta che pesa per ben 22 miliardi di euro l\u2019anno. In queste ore si susseguono dichiarazioni di esponenti della maggioranza di ferma contrariet\u00e0 a qualsiasi ipotesi di patrimoniale.<em> &#8220;Coerenza vorrebbe &#8211; dice il presidente di Confedilizia Veneta Michele Vigne &#8211;\u00a0 che questa posizione fosse accompagnata da qualche riflessione sull\u2019Imu, magari sulla scorta della proposta dell\u2019opposizione di ridurla del 30 per cento. Invece, nulla, tutto tace. E il 16 dicembre la patrimoniale andr\u00e0 pagata, chiss\u00e0 con quali soldi.\u201d<\/em><\/p>\n<p>&nbsp;<\/p>\n<hr \/>\n<p>&nbsp;<\/p>\n<blockquote>\n<h3>BIM GSP, LAVORI AL DEPURATORE DI LENTIAI. UN INVESTIMENTO DA 500 MILA EURO<\/h3>\n<\/blockquote>\n<p><strong><a href=\"https:\/\/www.radiopiu.net\/wordpress\/bim-gsp-lavori-al-depuratore-di-lentiai-un-investimento-da-500-mila-euro\/foto_depuratore_villaghe_lentiai_1\/\" rel=\"attachment wp-att-176365\"><img loading=\"lazy\" decoding=\"async\" class=\"size-medium wp-image-176365 alignleft\" src=\"https:\/\/www.radiopiu.net\/wordpress\/wp-content\/uploads\/2020\/12\/foto_depuratore_Villaghe_Lentiai_1-300x169.jpg\" alt=\"\" width=\"300\" height=\"169\" srcset=\"https:\/\/www.radiopiu.net\/wordpress\/wp-content\/uploads\/2020\/12\/foto_depuratore_Villaghe_Lentiai_1-300x169.jpg 300w, https:\/\/www.radiopiu.net\/wordpress\/wp-content\/uploads\/2020\/12\/foto_depuratore_Villaghe_Lentiai_1-768x432.jpg 768w, https:\/\/www.radiopiu.net\/wordpress\/wp-content\/uploads\/2020\/12\/foto_depuratore_Villaghe_Lentiai_1.jpg 850w\" sizes=\"auto, (max-width: 300px) 100vw, 300px\" \/><\/a>BORGO VALBELLUNA\u00a0<\/strong>Nuova vita al depuratore di Villaghe di Lentiai, in comune di Borgo Valbelluna. Bim Gsp, con un investimento di 500 mila euro, ha avviato di recente i lavori di ammodernamento dell\u2019impianto che tratta i reflui provenienti dall\u2019abitato di Lentiai. Un intervento di manutenzione straordinaria, che razionalizza l\u2019intero sistema depurativo, che migliora la qualit\u00e0 dell\u2019acqua restituita in ambiente, che risolve annose criticit\u00e0 collegate ai rilevanti volumi in arrivo giornalmente dalla rete fognaria.\u00a0I lavori interessano pi\u00f9 comparti della struttura: la grigliatura verr\u00e0 sostituita integralmente e dotata di una nuova griglia pi\u00f9 performante, automatica, in acciaio, con cestello a pettine rotante; il comparto di ossidazione biologica, dove sono previste maggiori lavorazioni, verr\u00e0 aumentato nelle dimensioni e migliorata la funzionalit\u00e0 grazie all\u2019installazione di un nuovo sistema di ossidazione con diffusori a microbolle. Il funzionamento generale a cicli alternati, inoltre, consentir\u00e0 di massimizzare l\u2019abbattimento dell\u2019azoto totale allo scarico e minimizzare i consumi energetici. Anche per il comparto di sedimentazione finale sar\u00e0 sottoposto ad un importante intervento di manutenzione straordinaria con la sostituzione dell\u2019esistente carroponte raschiatore. Verranno, infine, sostituiti gli esistenti comparti di stabilizzazione aerobica e ispessimento fanghi grazie alla realizzazione di due nuovi ispessitori fanghi, costituiti da due\u00a0 vasche affiancate. Il nuovo comparto di trattamento fanghi sar\u00e0 inoltre dotato di piazzola attrezzata per alloggiare un mezzo di disidratazione mobile. Verranno, inoltre, sostituiti anche i quadri elettrici dell\u2019impianto, ormai obsoleti e poco efficienti, e completate le relative opere elettriche complementari.\u00a0\u201c<em>Ammodernare impianti obsoleti come questo \u2013 spiega il presidente di Bim Gsp Attilio Sommavilla \u2013 porta a importanti e concreti benefici per le nostre comunit\u00e0: aumentano la qualit\u00e0 dell\u2019acqua restituita all\u2019ambiente e ai nostri corsi d\u2019acqua, tutelando i nostri ecosistemi, riducono i costi energetici collegati al funzionamento di questi impianti particolarmente energivori, migliorano il patrimonio infrastrutturale, pubblico quindi di tutti i cittadini, a garanzia di una vera ricchezza per le generazioni che verranno. <a href=\"https:\/\/www.radiopiu.net\/wordpress\/bim-gsp-lavori-al-depuratore-di-lentiai-un-investimento-da-500-mila-euro\/foto_depuratore_villaghe_lentiai_2\/\" rel=\"attachment wp-att-176366\"><img loading=\"lazy\" decoding=\"async\" class=\" wp-image-176366 alignright\" src=\"https:\/\/www.radiopiu.net\/wordpress\/wp-content\/uploads\/2020\/12\/foto_depuratore_Villaghe_Lentiai_2-300x169.jpg\" alt=\"\" width=\"264\" height=\"149\" srcset=\"https:\/\/www.radiopiu.net\/wordpress\/wp-content\/uploads\/2020\/12\/foto_depuratore_Villaghe_Lentiai_2-300x169.jpg 300w, https:\/\/www.radiopiu.net\/wordpress\/wp-content\/uploads\/2020\/12\/foto_depuratore_Villaghe_Lentiai_2-768x432.jpg 768w, https:\/\/www.radiopiu.net\/wordpress\/wp-content\/uploads\/2020\/12\/foto_depuratore_Villaghe_Lentiai_2.jpg 850w\" sizes=\"auto, (max-width: 264px) 100vw, 264px\" \/><\/a>Non dimentichiamo \u2013 conclude Sommavilla \u2013 che come amministratori e come cittadini abbiamo la responsabilit\u00e0 di consegnare alle generazioni future un patrimonio idrico efficiente e in buono stato, ma anche un ambiente vivibile e sostenibile dal punto di vista ambientale, economico e sociale<\/em>\u201d.\u00a0L\u2019opera, cofinanziata dalla Regione Veneto per l\u2019importo di 200 mila euro, rientra nel Piano d\u2019Ambito di recente approvato dall\u2019assemblea dei comuni e che, fino al 2033, prevede interventi per 208 milioni di euro.<\/p>\n<p>&nbsp;<\/p>\n<p>&nbsp;<\/p>\n<hr \/>\n<p>&nbsp;<\/p>\n<h2><span style=\"color: #ff0000;\">L&#8217;OPINIONE<\/span><\/h2>\n<p><strong>ADDIZIONALE IRPEF, CIOE&#8217; TASSA DI SCOPO E SOLIDARIETA&#8217;<\/strong><\/p>\n<p><strong>di FRANCO PIACENTINI<\/strong><\/p>\n<blockquote><p><em><a href=\"https:\/\/www.radiopiu.net\/wordpress\/al-via-la-maratona-fiscale-di-settembre-270-scadenze-da-mercoledi-prossimo-sino-a-fine-mese\/tasse-sett\/\" rel=\"attachment wp-att-160231\"><img loading=\"lazy\" decoding=\"async\" class=\" wp-image-160231 alignleft\" src=\"https:\/\/www.radiopiu.net\/wordpress\/wp-content\/uploads\/2020\/09\/tasse-sett-300x200.jpg\" alt=\"\" width=\"215\" height=\"143\" srcset=\"https:\/\/www.radiopiu.net\/wordpress\/wp-content\/uploads\/2020\/09\/tasse-sett-300x200.jpg 300w, https:\/\/www.radiopiu.net\/wordpress\/wp-content\/uploads\/2020\/09\/tasse-sett.jpg 626w\" sizes=\"auto, (max-width: 215px) 100vw, 215px\" \/><\/a>&#8220;Nei giorni scorsi si \u00e8 registrata la stizzita presa di posizione del Governatore del Veneto, nei confronti dei Consiglieri Regionali del PD e del Segretario CGIL del Veneto che precedentemente, in riferimento ad una sua riflessione sulla cancellazione, avvenuta nel 2009, dell&#8217;imposta aggiuntiva sull&#8217;IRPEF, avevano invitato Luca Zaia a ripristinare l&#8217;addizionale IRPEF regionale su redditi superiori ai 65 mila \u20acuro annuali. Con &#8220;macch\u00e9 ripristino addizionale&#8221;, il Governatore del Veneto, ribadendo la sua ben nota contrariet\u00e0 alla tassa di scopo e di solidariet\u00e0 su redditi medio-alti, afferma che nelle tasche dei veneti, in dieci anni, sono stati lasciati dodici miliardi di \u20acuro. Non ci sarebbe nulla da eccepire, anzi i ringraziamenti si sprecherebbero, se le compartecipazioni economiche per l&#8217;assistenza ai disabili e ai non autosufficienti e per alcune prestazioni specialistiche sanitarie, non fossero, come purtroppo da sempre, pesantemente a carico dei diretti interessati e\/o delle famiglie. Va ricordato, anche a Luca Zaia, che una famiglia con congiunto anziano non autosufficiente, ospitato in una RSA, paga mediamente una retta dai 1.200 ai 1.800 \u20acuro mensili. Sul versante sanitario si pu\u00f2 stimare che annualmente il residente in Veneto, per curarsi, mediamente versa una compartecipazione dai 1.500 ai 3.000 \u20acuro. Quindi non si pu\u00f2 affermare che dal 2009 ad oggi nelle tasche dei veneti sono rimasti 12 miliardi di \u20acuro. Moltissime famiglie venete per effetto della compartecipazione ai costi sociosanitari, sono entrate da anni nel tunnel della povert\u00e0. Pertanto, una tassa di scopo sui redditi dei pi\u00f9 ricchi, finalizzata alla solidariet\u00e0, sarebbe un atto politico di grandissimo valore umano&#8221;.\u00a0\u00a0<\/em><\/p><\/blockquote>\n<div class=\"im_content_message_wrap im_message_out\">\n<p>&nbsp;<\/p>\n<p>&nbsp;<\/p>\n<hr \/>\n<blockquote>\n<h3>TRENITALIA VISTI DAI GIOVANI LEGHISTI BELLUNESI<\/h3>\n<\/blockquote>\n<p><strong>BELLUNO<\/strong> Con i prossimi giorni, in occasione dell\u2019introduzione dell\u2019orario invernale di Trenitalia e di tutto il sistema ferroviario regionale, non avverr\u00e0 il consueto aumento decimale dei biglietti ferroviari per l\u2019anno prossimo 2021<em>. &#8220;Questa \u00e8 una grande soddisfazione per la quale, come Lega Giovani \u2013 Belluno, ci sentiamo di ringraziare e ricordare il forte operato della Giunta Regionale. Il mantenimento invariato delle tariffe, resosi possibile dall\u2019applicazione delle penalit\u00e0 comminate alle societ\u00e0 che operano nel Veneto ha permesso infatti di accogliere il provvedimento proposta dalla giunta per attuare un piano di contenimento del costo del viaggio per i passeggeri, utilizzando i circa 2,5 milioni di euro delle penalit\u00e0 accumulate negli ultimi anni&#8221;. <\/em>Questa manovra permetter\u00e0 quindi la stabilit\u00e0 dei costi dei singoli biglietti e degli abbonamenti col nuovo anno. Anche in questi momenti dettati dalla pandemia, pur a fronte di un drastico calo dell\u2019utilizzo dei mezzi pubblici ai fini scolastici e lavorativi ci sono ancora molti studenti universitari e non di carattere giornalieri e pendolari che giovano di queste agevolazioni e proposte.<\/p>\n<p>&nbsp;<\/p>\n<p>&nbsp;<\/p>\n<hr \/>\n<h3><\/h3>\n<div>\n<blockquote>\n<h3 class=\"Comunicatotitolo\" align=\"left\">CONFCOMMERCIO BELLUNO LANCIA LA CAMPAGNA \u201cFAI UN REGALO ALLA TUA CITT\u00c0 &#8211; SOSTIENI CON I TUOI ACQUISTI I NEGOZI VICINO A TE\u201d<\/h3>\n<\/blockquote>\n<h3 class=\"Comunicatotitolo\" align=\"left\"><strong style=\"font-size: 14px;\">BELLUNO<\/strong>\u00a0<span style=\"font-size: 14px; font-weight: normal;\">Confcommercio, a tutti i livelli, \u00e8 attiva a livello mediatico con campagne di sensibilizzazione finalizzate ad evidenziare i valori legati agli acquisti sotto casa, negli esercizi di vicinato, nei negozi dei centri storici, nei mercati, ecc. a salvaguardia di un tessuto economico diffuso e delle nostre citt\u00e0 e paesi. Da un lato Confcommercio nazionale ha prodotto e diffuso un video dal titolo \u201cCOMPRO SOTTO CASA, MI SENTO A CASA\u201d, dall&#8217;altro Confcommercio Veneto, in parallelo, ha ideato lo slogan \u201cFAI UN REGALO ALLA TUA CITTA&#8217;\u201d la cui divulgazione sar\u00e0 gestita in varie declinazioni. Venerd\u00ec alle 11:30 la presentazione con una conferenza stampa online.\u00a0<\/span><\/h3>\n<p>&nbsp;<\/p>\n<p>&nbsp;<\/p>\n<hr \/>\n<p align=\"left\">\n<\/div>\n<blockquote>\n<h3>CALENDARIO CONDIVISO DEGLI EVENTI 2021. MANIFESTAZIONE DI INTERESSE APERTA FINO A LUNED\u00cc 21<\/h3>\n<\/blockquote>\n<p><strong><a href=\"https:\/\/www.radiopiu.net\/wordpress\/resto-a-casa-e-ci-sentiamo-in-tre-settimane-piu-di-1000-chiamate\/piazza-martiri-belluno\/\" rel=\"attachment wp-att-130647\"><img loading=\"lazy\" decoding=\"async\" class=\"size-medium wp-image-130647 alignleft\" src=\"https:\/\/www.radiopiu.net\/wordpress\/wp-content\/uploads\/2020\/04\/PIAZZA-MARTIRI-BELLUNO-300x212.jpg\" alt=\"\" width=\"300\" height=\"212\" srcset=\"https:\/\/www.radiopiu.net\/wordpress\/wp-content\/uploads\/2020\/04\/PIAZZA-MARTIRI-BELLUNO-300x212.jpg 300w, https:\/\/www.radiopiu.net\/wordpress\/wp-content\/uploads\/2020\/04\/PIAZZA-MARTIRI-BELLUNO.jpg 550w\" sizes=\"auto, (max-width: 300px) 100vw, 300px\" \/><\/a>BELLUNO\u00a0<\/strong>Enti e associazioni interessati ad organizzare un evento sul territorio del capoluogo nel corso del 2021 hanno tempo fino alle ore 12.00 di luned\u00ec 21 dicembre per comunicare il loro interesse al Comune di Belluno: come ormai avviene da qualche tempo, infatti, a Palazzo Rosso si lavora per stilare il calendario condiviso degli eventi dell&#8217;anno successivo.\u00a0Il calendario condiviso delle manifestazioni permette a tutti, amministrazione e organizzatori, di armonizzare l&#8217;offerta di eventi sul territorio, oltre a essere utile per la stessa buona riuscita dell&#8217;evento, perch\u00e9 permette di coordinare gli aspetti organizzativi ed evitare possibili interferenze, ad esempio con lavori o cantieri.\u00a0Per dichiarare il proprio interesse, \u00e8 sufficiente mandare una mail a <a href=\"mailto:manifestazioni@comune.belluno.it\">manifestazioni@comune.belluno.it<\/a> entro le 12.00 di luned\u00ec 21 dicembre. Nel testo dovr\u00e0 essere indicato il nome dell\u2019associazione o del soggetto proponente, i dati del presidente o di un referente, un recapito telefonico e di posta elettronica per future comunicazioni; dell\u2019evento proposto dovranno essere indicati la data, il titolo, il luogo di svolgimento, una descrizione di massima e l\u2019affluenza attesa.\u00a0Nel mese di gennaio, verr\u00e0 organizzato un incontro tra l&#8217;amministrazione e tutte le realt\u00e0 che hanno dichiarato il loro interesse per aprire un primo confronto sulle attivit\u00e0 del 2021.<\/p>\n<p>&nbsp;<\/p>\n<p>&nbsp;<\/p>\n<hr \/>\n<p>&nbsp;<\/p>\n<blockquote>\n<h3>UNA WEB RADIO DEI GIOVANI, EMOZIONI IN ONDA<\/h3>\n<\/blockquote>\n<p><strong><img loading=\"lazy\" decoding=\"async\" class=\"alignleft\" src=\"https:\/\/www.radiopiu.net\/wordpress\/wp-content\/uploads\/2020\/11\/a171bcf8-b143-40c7-b515-021070e26495.jpg\" width=\"192\" height=\"271\" \/>TAIBON<\/strong> Con orgoglio siamo pronti a &#8220;tenere a battesimo&#8221; la nuova web radio tutta giovane che ha iniziato a farsi ascoltare da Belluno, dal Csv. Venerdi 4 dicembre alle 18, infatti, \u00e8 previsto l&#8217;evento <strong>ANG INRADIO INSIEME,<\/strong> evento on line con l&#8217;emittente Radio Pi\u00f9 in veste di moderatore. Ospiti Radio parolagiovani Ros\u00e0 e Nicol\u00f2 Triacca di CsvNEt. Per noi sar\u00e0 un momento di grande emozione, un ritorno a quei primi anni Ottanta quando Radio Pi\u00f9 iniziava a farsi spazio a suon di gomito nell&#8217;etere bellunese che pullulava di segnali radiofonici, si arriv\u00f2 a contare anche 25 ponti radio accessi, tutti abusivi perch\u00e9 la legge Mammi ha messo ordine solo dall&#8217;agosto del 1990.<\/p>\n<blockquote><p>Erano gli anni dei grandi entusiasmi, del tutto \u00e8 una novit\u00e0, avevamo 18 anni e tanta voglia di far sentire e ascoltare le nostre idee. Crediamo che i giovani di oggi stiano vivendo queste stesse aspettative emozionali. Venerdi sar\u00e0 un piacere parlare con loro, sentire le loro storie e i loro obiettivi. L&#8217;evento sar\u00e0 condiviso anche sui canali social di RADIO PIU&#8217; ed \u00e8 prevista la messa in onda sulle frequenze Fm di parte della trasmissione. (mm)<\/p><\/blockquote>\n<p>&nbsp;<\/p>\n<hr \/>\n<p>&nbsp;<\/p>\n<blockquote>\n<h3>LA STAGIONE DEGLI SCI STRETTI A FALCADE, PISTA APERTA AGLI ATLETI ATTIVI, IN ATTESA DEL DPCM<\/h3>\n<\/blockquote>\n<h2>IERI ALLA RADIO<\/h2>\n<p><strong><img loading=\"lazy\" decoding=\"async\" class=\"alignleft\" src=\"https:\/\/www.radiopiu.net\/wordpress\/wp-content\/uploads\/2019\/01\/pista-pietro-scola-falcade.jpg\" width=\"176\" height=\"117\" \/>FALCADE<\/strong> Oggi si parla della pista Pietro Scola di Falcade. E&#8217; arrivata la neve, ma gi\u00e0 da giorni erano attivati gli impianti di innevamento. Ospite il presidente delle Sci Club Val Biois Matteo Cagnati<\/p>\n<p><strong>di CLAUDIO FONTANIVE\u00a0<\/strong><\/p>\n<audio class=\"wp-audio-shortcode\" id=\"audio-176245-11\" preload=\"none\" style=\"width: 100%;\" controls=\"controls\"><source type=\"audio\/mpeg\" src=\"https:\/\/www.radiopiu.net\/wordpress\/wp-content\/uploads\/2020\/10\/matteo-cagnati.mp3?_=11\" \/><a href=\"https:\/\/www.radiopiu.net\/wordpress\/wp-content\/uploads\/2020\/10\/matteo-cagnati.mp3\">https:\/\/www.radiopiu.net\/wordpress\/wp-content\/uploads\/2020\/10\/matteo-cagnati.mp3<\/a><\/audio>\n<p>&nbsp;<\/p>\n<p>&nbsp;<\/p>\n<p>&nbsp;<\/p>\n<hr \/>\n<p><span style=\"color: #ff0000;\">\u00a0<\/span><\/p>\n<blockquote>\n<h3><span style=\"color: #000000;\">FALCADE E LIVINALLONGO: IN ERA FASCISTA OPERE PUBBLICHE PER QUASI 725 MILA LIRE!<\/span><\/h3>\n<\/blockquote>\n<p><strong>di\u00a0Renato Bona\u00a0<\/strong><\/p>\n<p>Ci occupiamo oggi di una serie di opere che, sotto il regime fascista sono state realizzate dalle amministrazioni civiche di due comuni dell\u2019Agordino: Falcade e Livinallongo del Col di Lana. Ne da conto il prezioso, ormai introvabile volume \u201cBelluno. Attivit\u00e0 svolta e opere compiute sotto il regime fascista dalle amministrazioni e dagli enti della provincia\u201d che \u00e8 stato stampato in soli 300 esemplari (quella in mio possesso \u00e8 la copia numero 111 \u2013 ndr.) nell\u2019aprile 1934, esattamente il giorno 21 anno dodicesimo dell\u2019era fascista, Natale di Roma e Festa del lavoro, dallo stabilimento tipografico Panfilo Castaldi di Feltre. L\u2019iniziativa era stata della Regia Prefettura e della Federazione provinciale fascista di Belluno. Il prefetto capo Costanzo Gazzera, con l\u2019adesione del segretario federale on. Dino Gusatti Bonsembiante (nell\u2019occasione aveva \u201cconsacrato in felice sintesi il ricordo dei gloriosi Martiri fascisti bellunesi ed il meraviglioso sviluppo oggi raggiunti dal Partito nella provincia\u201d) aveva affidato l\u2019incarico di curatore al vice prefetto Carlo Riva. Sentitelo, il prefetto Gazzera, in proposito: \u201cLa felice iniziativa del mio valoroso collaboratore, il vice prefetto Carlo Riva, di raccogliere dalle Amministrazioni pubbliche ed ordinare il materiale dimostrativo del lavoro compiuto, si \u00e8 tradotta in un vivo documento di attivit\u00e0 bene spesa, che \u00e8 giusto riconoscimento di quanto \u00e8 stato fatto e confortante certezza per l\u2019opera futura\u201d. Ed esaltava quindi \u201cLa fede fascista &#8211; sentimento di dovere e di lavoro, aspirazione al superamento continuo per il bene sempre maggiore della nazione &#8211; arde qui purissima. In tutti la volont\u00e0 di essere degni dell\u2019onore e della fortuna di servire lo Stato secondo la volont\u00e0 ed il comandamento del Duce\u201d. Andiamo a vederli, questi interventi (spesa complessiva di 724 mila 993,81 lire): a Falcade sono stati 18 nel decennio per un impegno finanziario complessivo di 485 mila 432 lire; a Livinallongo del Col di Lana solo 4, che hanno gravato sul Comune per 239 mila 561,81 lire. Nel 1923 Falcade (2815 abitanti) ha speso 2 mila 461 lire per la sistemazione dell\u2019acquedotto di Falcade Alto con ricostruzione ex novo della vasca di presa e la sostituzione di 700 metri di tubatura e costruzione di una nuova fontana pubblica ai Sech. Nel 1924: 16 mila 500 per la sostituzione di tutta la tubatura principale per 1200 metri a Somor, a servizio di 190 utenti; 2 mila per la costruzione di una vasca di presa a Sappade; nel 1925: spesa di 32 mila 685 lire per l\u2019argine di 100 metri contro il torrente Biois a Manzonega; 51 mila 200 lire invece per il primo tronco dell\u2019argine di Col Morel sulla sinistra del Biois; 1.200 lire per l\u2019installazione nei singoli villaggi di 66 lampade per l\u2019impianto di illuminazione pubblica. Ancora: anno 1926: 58 mila 286 lire di spesa per la sistemazione delle malghe pascolive Focobon, I Lac e Bosch Brus\u00e0; anno 1927: 57 mila e 5 lire per il secondo tronco dell\u2019argine di Col Mor\u00e8l a difesa dell\u2019abitato di Pi\u00e8 Falcade; 65 mila lire per l\u2019acquedotto sempre a Pi\u00e8 Falcade; anno 1928: contenuta in 3 mila lire la spesa per concorrere alla rettifica della strada di Toccol presso Agordo; ben 72 mila 336 invece per la costruzione del nuovo acquedotto per l\u2019acqua potabile a Caviola, con 12 fontane pubbliche e l\u2019installazione di 8 idranti per eventuali incendi: anno 1929: 3 mila lire per il riatto del ponte di Gavaz; 6.500 per la costruzione di una vasca di presa a Sappade; 5 mila per la sistemazione dell\u2019acquedotto di Tabiadon de Val; 95 mila per il ripristino e completamento dell\u2019argine in pietra viva e cemento armato del torrente Biois a Col di Morel; anno 1930: 3 mila 804 lire per impianto di un vivaio forestale alle Fratte; infine anno 1932: spesa di 9 mila 455 e di 3 mila lire rispettivamente per la costruzione di cavallettoni a Costa del Solam e per un muro di sostegno costruito a Sappade. Ed eccoci a Livinallongo del Col di Lana (abitanti 2036): nel biennio 1927-28 spesa di 31 mila 840, 34 lire per la strada Andraz-Busa Caraboc-innesto con la provinciale Cernadoi-Rucav\u00e0-Caprile; nel quadriennio 1927-28-29 e 32: impegno finanziario di 71 mila 725,77 lire per la costruzione su tre piani nella via Roma del capoluogo del magazzino dei Pompieri di Pieve e Casa del Fascio (fabbricato che esisteva prima della guerra, ma era destinato allora a sede del magazzino pompieri volontari e delle scuole elementari); anni 1929 e 1931: spesa di ben 125 mila lire per la costruzione della caserma-rifugio \u201cGioppi\u201d (intitolata all\u2019eroico colonnello Gioppi) in Arabba dove si recano le truppe alpine specialmente per esercitazioni invernali. Infine nel 1931, anno nono dell\u2019era fascista: spesa di 10 mila 995,70 lire per la costruzione del muro di sostegno Sottochiesa attorno all\u2019edificio sacro e al Municipio, con sistemazione del piazzale.<\/p>\n\n\t\t\t<style type='text\/css'>\n\t\t\t\t#gallery-4 {\n\t\t\t\t\tmargin: auto;\n\t\t\t\t}\n\t\t\t\t#gallery-4 .gallery-item {\n\t\t\t\t\tfloat: left;\n\t\t\t\t\tmargin-top: 10px;\n\t\t\t\t\ttext-align: center;\n\t\t\t\t\twidth: 33%;\n\t\t\t\t}\n\t\t\t\t#gallery-4 img {\n\t\t\t\t\tborder: 2px solid #cfcfcf;\n\t\t\t\t}\n\t\t\t\t#gallery-4 .gallery-caption {\n\t\t\t\t\tmargin-left: 0;\n\t\t\t\t}\n\t\t\t\t\/* see gallery_shortcode() in wp-includes\/media.php *\/\n\t\t\t<\/style>\n\t\t<div id='gallery-4' class='dt-gallery-container gallery galleryid-176245 gallery-columns-3 gallery-size-medium'><dl class='gallery-item'>\n\t\t\t\t<dt class='gallery-icon landscape'>\n\t\t\t\t\t<a class=\"rollover rollover-zoom dt-pswp-item\" title=\"129173160_2840900166155352_6939861662723647531_n\" data-dt-img-description=\"\" data-large_image_width=\"1821\" data-large_image_height=\"1269\"href='https:\/\/www.radiopiu.net\/wordpress\/wp-content\/uploads\/2020\/12\/129173160_2840900166155352_6939861662723647531_n.jpg'><img loading=\"lazy\" decoding=\"async\" width=\"300\" height=\"209\" src=\"https:\/\/www.radiopiu.net\/wordpress\/wp-content\/uploads\/2020\/12\/129173160_2840900166155352_6939861662723647531_n-300x209.jpg\" class=\"attachment-medium size-medium\" alt=\"\" srcset=\"https:\/\/www.radiopiu.net\/wordpress\/wp-content\/uploads\/2020\/12\/129173160_2840900166155352_6939861662723647531_n-300x209.jpg 300w, https:\/\/www.radiopiu.net\/wordpress\/wp-content\/uploads\/2020\/12\/129173160_2840900166155352_6939861662723647531_n-1024x714.jpg 1024w, https:\/\/www.radiopiu.net\/wordpress\/wp-content\/uploads\/2020\/12\/129173160_2840900166155352_6939861662723647531_n-768x535.jpg 768w, https:\/\/www.radiopiu.net\/wordpress\/wp-content\/uploads\/2020\/12\/129173160_2840900166155352_6939861662723647531_n-1536x1070.jpg 1536w, https:\/\/www.radiopiu.net\/wordpress\/wp-content\/uploads\/2020\/12\/129173160_2840900166155352_6939861662723647531_n.jpg 1821w\" sizes=\"auto, (max-width: 300px) 100vw, 300px\" \/><\/a>\n\t\t\t\t<\/dt><\/dl><dl class='gallery-item'>\n\t\t\t\t<dt class='gallery-icon portrait'>\n\t\t\t\t\t<a class=\"rollover rollover-zoom dt-pswp-item\" title=\"129308762_212869763617308_8141446956676382623_n\" data-dt-img-description=\"\" data-large_image_width=\"1388\" data-large_image_height=\"2048\"href='https:\/\/www.radiopiu.net\/wordpress\/wp-content\/uploads\/2020\/12\/129308762_212869763617308_8141446956676382623_n.jpg'><img loading=\"lazy\" decoding=\"async\" width=\"203\" height=\"300\" src=\"https:\/\/www.radiopiu.net\/wordpress\/wp-content\/uploads\/2020\/12\/129308762_212869763617308_8141446956676382623_n-203x300.jpg\" class=\"attachment-medium size-medium\" alt=\"\" srcset=\"https:\/\/www.radiopiu.net\/wordpress\/wp-content\/uploads\/2020\/12\/129308762_212869763617308_8141446956676382623_n-203x300.jpg 203w, https:\/\/www.radiopiu.net\/wordpress\/wp-content\/uploads\/2020\/12\/129308762_212869763617308_8141446956676382623_n-694x1024.jpg 694w, https:\/\/www.radiopiu.net\/wordpress\/wp-content\/uploads\/2020\/12\/129308762_212869763617308_8141446956676382623_n-768x1133.jpg 768w, https:\/\/www.radiopiu.net\/wordpress\/wp-content\/uploads\/2020\/12\/129308762_212869763617308_8141446956676382623_n-1041x1536.jpg 1041w, https:\/\/www.radiopiu.net\/wordpress\/wp-content\/uploads\/2020\/12\/129308762_212869763617308_8141446956676382623_n.jpg 1388w\" sizes=\"auto, (max-width: 203px) 100vw, 203px\" \/><\/a>\n\t\t\t\t<\/dt><\/dl><dl class='gallery-item'>\n\t\t\t\t<dt class='gallery-icon landscape'>\n\t\t\t\t\t<a class=\"rollover rollover-zoom dt-pswp-item\" title=\"129424418_193991495656899_6687561531731114399_n\" data-dt-img-description=\"\" data-large_image_width=\"2048\" data-large_image_height=\"1282\"href='https:\/\/www.radiopiu.net\/wordpress\/wp-content\/uploads\/2020\/12\/129424418_193991495656899_6687561531731114399_n.jpg'><img loading=\"lazy\" decoding=\"async\" width=\"300\" height=\"188\" src=\"https:\/\/www.radiopiu.net\/wordpress\/wp-content\/uploads\/2020\/12\/129424418_193991495656899_6687561531731114399_n-300x188.jpg\" class=\"attachment-medium size-medium\" alt=\"\" srcset=\"https:\/\/www.radiopiu.net\/wordpress\/wp-content\/uploads\/2020\/12\/129424418_193991495656899_6687561531731114399_n-300x188.jpg 300w, https:\/\/www.radiopiu.net\/wordpress\/wp-content\/uploads\/2020\/12\/129424418_193991495656899_6687561531731114399_n-1024x641.jpg 1024w, https:\/\/www.radiopiu.net\/wordpress\/wp-content\/uploads\/2020\/12\/129424418_193991495656899_6687561531731114399_n-768x481.jpg 768w, https:\/\/www.radiopiu.net\/wordpress\/wp-content\/uploads\/2020\/12\/129424418_193991495656899_6687561531731114399_n-1536x962.jpg 1536w, https:\/\/www.radiopiu.net\/wordpress\/wp-content\/uploads\/2020\/12\/129424418_193991495656899_6687561531731114399_n.jpg 2048w\" sizes=\"auto, (max-width: 300px) 100vw, 300px\" \/><\/a>\n\t\t\t\t<\/dt><\/dl><br style=\"clear: both\" \/>\n\t\t\t<\/div>\n\n<p>&nbsp;<\/p>\n<p>NELLE FOTO (riproduzioni dal libro \u201cLa Provincia di Belluno in regime fascista\u201d): l\u2019argine di Col Morel a Falcade; la Casa del fascio inaugurata il 2 ottobre 1932, decimo dell\u2019era fascista a Livinallongo del Col di Lana; la freccia, sulla sinistra della panoramica, indica la Caserma Gioppi in Arabba.<\/p>\n<p>&nbsp;<\/p>\n<p>&nbsp;<\/p>\n<hr \/>\n<p><span style=\"color: #ff0000;\">\u00a0<\/span><\/p>\n<h2><span style=\"color: #ff0000;\">IERI ALLA RADIO\u00a0 IN VIVO VERSO 2020-21<\/span><\/h2>\n<p><strong><span style=\"color: #0000ff;\">IN ONDA DAL LUNEDI AL VENERDI ALLE 7.10, 10.10, 18.50 I PROTAGONISTI DI QUESTA SETTIMANA: <\/span><\/strong><span style=\"color: #000000;\">Deborah \u017derovnik<strong><span class=\"d2edcug0 hpfvmrgz qv66sw1b c1et5uql rrkovp55 a8c37x1j keod5gw0 nxhoafnm aigsh9s9 d3f4x2em fe6kdd0r mau55g9w c8b282yb iv3no6db jq4qci2q a3bd9o3v knj5qynh oo9gr5id hzawbc8m\" dir=\"auto\">, <\/span><\/strong>Renato Mosena<strong><span class=\"d2edcug0 hpfvmrgz qv66sw1b c1et5uql rrkovp55 a8c37x1j keod5gw0 nxhoafnm aigsh9s9 d3f4x2em fe6kdd0r mau55g9w c8b282yb iv3no6db jq4qci2q a3bd9o3v knj5qynh oo9gr5id hzawbc8m\" dir=\"auto\">,\u00a0<\/span><\/strong>Bruno Dell Agnola<strong><span class=\"d2edcug0 hpfvmrgz qv66sw1b c1et5uql rrkovp55 a8c37x1j keod5gw0 nxhoafnm aigsh9s9 d3f4x2em fe6kdd0r mau55g9w c8b282yb iv3no6db jq4qci2q a3bd9o3v knj5qynh oo9gr5id hzawbc8m\" dir=\"auto\">, <\/span><\/strong>Loredana Borghetto\u00a0<strong><span class=\"d2edcug0 hpfvmrgz qv66sw1b c1et5uql rrkovp55 a8c37x1j keod5gw0 nxhoafnm aigsh9s9 d3f4x2em fe6kdd0r mau55g9w c8b282yb iv3no6db jq4qci2q a3bd9o3v knj5qynh oo9gr5id hzawbc8m\" dir=\"auto\"> e dalla propria voce, <\/span><\/strong>Federico Soppelsa<\/span><\/p>\n<blockquote class=\"wp-embedded-content\" data-secret=\"bpbMPZLYd4\"><p><a href=\"https:\/\/www.radiopiu.net\/wordpress\/ho-scelto-una-stella-di-bruno-dellagnola\/\">HO SCELTO UNA STELLA di BRUNO DELL&#8217;AGNOLA<\/a><\/p><\/blockquote>\n<p><iframe loading=\"lazy\" class=\"wp-embedded-content\" sandbox=\"allow-scripts\" security=\"restricted\" style=\"position: absolute; clip: rect(1px, 1px, 1px, 1px);\" title=\"&#8220;HO SCELTO UNA STELLA di BRUNO DELL&#8217;AGNOLA&#8221; &#8212; Radio Pi\u00f9\" src=\"https:\/\/www.radiopiu.net\/wordpress\/ho-scelto-una-stella-di-bruno-dellagnola\/embed\/#?secret=bpbMPZLYd4\" data-secret=\"bpbMPZLYd4\" width=\"600\" height=\"338\" frameborder=\"0\" marginwidth=\"0\" marginheight=\"0\" scrolling=\"no\"><\/iframe><\/p>\n<\/div>\n<\/div>\n<h1><strong><span style=\"font-family: Verdana, sans-serif;\"><span style=\"font-size: medium;\">LA RACCOLTA COMPLETA, TUTTE LE COLLEZIONI<\/span><\/span><\/strong><\/h1>\n<blockquote class=\"wp-embedded-content\" data-secret=\"c4BsSriEpT\"><p><a href=\"https:\/\/www.radiopiu.net\/wordpress\/in-vivo-verso\/\">In Vivo Verso<\/a><\/p><\/blockquote>\n<p><iframe loading=\"lazy\" class=\"wp-embedded-content\" sandbox=\"allow-scripts\" security=\"restricted\" style=\"position: absolute; clip: rect(1px, 1px, 1px, 1px);\" title=\"&#8220;In Vivo Verso&#8221; &#8212; Radio Pi\u00f9\" src=\"https:\/\/www.radiopiu.net\/wordpress\/in-vivo-verso\/embed\/#?secret=c4BsSriEpT\" data-secret=\"c4BsSriEpT\" width=\"600\" height=\"338\" frameborder=\"0\" marginwidth=\"0\" marginheight=\"0\" scrolling=\"no\"><\/iframe><\/p>\n<hr \/>\n<p>&nbsp;<\/p>\n<h2>007 IN CONDOTTA CON LA PROF. MARIA ROSA SALMAZO IL LUNEDI ALLE 10,30 E ALLE 19.00 LA DOMENICA ALLE 8 DEL MATTINO. NONA STAGIONE<\/h2>\n<h2>LA RACCOLTA COMPLETA<\/h2>\n<blockquote class=\"wp-embedded-content\" data-secret=\"xoIcVuTV2F\"><p><a href=\"https:\/\/www.radiopiu.net\/wordpress\/007incondotta-9\/\">007 in condotta<\/a><\/p><\/blockquote>\n<p><iframe loading=\"lazy\" class=\"wp-embedded-content\" sandbox=\"allow-scripts\" security=\"restricted\" style=\"position: absolute; clip: rect(1px, 1px, 1px, 1px);\" title=\"&#8220;007 in condotta&#8221; &#8212; Radio Pi\u00f9\" src=\"https:\/\/www.radiopiu.net\/wordpress\/007incondotta-9\/embed\/#?secret=xoIcVuTV2F\" data-secret=\"xoIcVuTV2F\" width=\"600\" height=\"338\" frameborder=\"0\" marginwidth=\"0\" marginheight=\"0\" scrolling=\"no\"><\/iframe><\/p>\n<p>&nbsp;<\/p>\n<hr \/>\n<p>&nbsp;<\/p>\n<blockquote>\n<h2>SALUTE E SOCIETA&#8217; IL LUNEDI ALLE 13.10 E ALLE 20.10, LA DOMENICA ALLE 10.30 A CURA DEL DOTTOR MARCO CARACCIOLO. QUINTA STAGIONE<\/h2>\n<\/blockquote>\n<h3>LA RACCOLTA COMPLETA<\/h3>\n<blockquote class=\"wp-embedded-content\" data-secret=\"CFZMYKM7wh\"><p><a href=\"https:\/\/www.radiopiu.net\/wordpress\/saluteesocieta\/\">Salute e Societ\u00e0<\/a><\/p><\/blockquote>\n<p><iframe loading=\"lazy\" class=\"wp-embedded-content\" sandbox=\"allow-scripts\" security=\"restricted\" style=\"position: absolute; clip: rect(1px, 1px, 1px, 1px);\" title=\"&#8220;Salute e Societ\u00e0&#8221; &#8212; Radio Pi\u00f9\" src=\"https:\/\/www.radiopiu.net\/wordpress\/saluteesocieta\/embed\/#?secret=CFZMYKM7wh\" data-secret=\"CFZMYKM7wh\" width=\"600\" height=\"338\" frameborder=\"0\" marginwidth=\"0\" marginheight=\"0\" scrolling=\"no\"><\/iframe><\/p>\n<hr \/>\n<blockquote>\n<h2><\/h2>\n<h2>FANTASTICHE DOLOMITI, NUOVA STAGIONE. APPUNTAMENTO QUINDICINALE IL GIOVEDI ALLE 10.30 E 1900<\/h2>\n<\/blockquote>\n<h1>LA RACCOLTA COMPLETA<\/h1>\n<blockquote class=\"wp-embedded-content\" data-secret=\"Ff6SSONCLJ\"><p><a href=\"https:\/\/www.radiopiu.net\/wordpress\/https-wp-me-p63lo7-gyg\/\">FANTASTICHE DOLOMITI: IL QUINDICINALE APPUNTAMENTO ALLA RADIO<\/a><\/p><\/blockquote>\n<p><iframe loading=\"lazy\" class=\"wp-embedded-content\" sandbox=\"allow-scripts\" security=\"restricted\" style=\"position: absolute; clip: rect(1px, 1px, 1px, 1px);\" title=\"&#8220;FANTASTICHE DOLOMITI: IL QUINDICINALE APPUNTAMENTO ALLA RADIO&#8221; &#8212; Radio Pi\u00f9\" src=\"https:\/\/www.radiopiu.net\/wordpress\/https-wp-me-p63lo7-gyg\/embed\/#?secret=Ff6SSONCLJ\" data-secret=\"Ff6SSONCLJ\" width=\"600\" height=\"338\" frameborder=\"0\" marginwidth=\"0\" marginheight=\"0\" scrolling=\"no\"><\/iframe><\/p>\n<div class=\"mw-parser-output\">\n<p>&nbsp;<\/p>\n<\/div>\n<p>&nbsp;<\/p>\n<hr \/>\n<p>&nbsp;<\/p>\n<p>&nbsp;<\/p>\n<h2><span style=\"color: #808000;\">DUE MINUTI UN LIBRO\u00a0 TUTTI I GIORNI ALLA RADIO ALLE 9.30 E ALLE 18. QUINTA STAGIONE\u00a0 \u00a0<\/span><\/h2>\n<blockquote class=\"wp-embedded-content\" data-secret=\"vwu8ubwG8T\"><p><a href=\"https:\/\/www.radiopiu.net\/wordpress\/lultima-luna\/\">L&#8217;ULTIMA LUNA<\/a><\/p><\/blockquote>\n<p><iframe loading=\"lazy\" class=\"wp-embedded-content\" sandbox=\"allow-scripts\" security=\"restricted\" style=\"position: absolute; clip: rect(1px, 1px, 1px, 1px);\" title=\"&#8220;L&#8217;ULTIMA LUNA&#8221; &#8212; Radio Pi\u00f9\" src=\"https:\/\/www.radiopiu.net\/wordpress\/lultima-luna\/embed\/#?secret=vwu8ubwG8T\" data-secret=\"vwu8ubwG8T\" width=\"600\" height=\"338\" frameborder=\"0\" marginwidth=\"0\" marginheight=\"0\" scrolling=\"no\"><\/iframe><\/p>\n<h2>LA RACCOLTA COMPLETA<\/h2>\n<blockquote class=\"wp-embedded-content\" data-secret=\"ICZkQkxZrp\"><p><a href=\"https:\/\/www.radiopiu.net\/wordpress\/due-minuti-un-libro\/\">Due minuti un libro<\/a><\/p><\/blockquote>\n<p><iframe loading=\"lazy\" class=\"wp-embedded-content\" sandbox=\"allow-scripts\" security=\"restricted\" style=\"position: absolute; clip: rect(1px, 1px, 1px, 1px);\" title=\"&#8220;Due minuti un libro&#8221; &#8212; Radio Pi\u00f9\" src=\"https:\/\/www.radiopiu.net\/wordpress\/due-minuti-un-libro\/embed\/#?secret=ICZkQkxZrp\" data-secret=\"ICZkQkxZrp\" width=\"600\" height=\"338\" frameborder=\"0\" marginwidth=\"0\" marginheight=\"0\" scrolling=\"no\"><\/iframe><\/p>\n<p>&nbsp;<\/p>\n<hr \/>\n<p>&nbsp;<\/p>\n<blockquote>\n<h2>CASSA SOLIDARIET\u00c0 LUXOTTICA &#8211; PUNTATA DEL 20 NOVEMBRE 2020<\/h2>\n<h2>RACCOLTA COMPLETA<\/h2>\n<\/blockquote>\n<blockquote class=\"wp-embedded-content\" data-secret=\"VVg2l08f47\"><p><a href=\"https:\/\/www.radiopiu.net\/wordpress\/cassa-solidarieta-luxottica-puntata-del-16-ottobre-2020\/\">CASSA SOLIDARIET\u00c0 LUXOTTICA &#8211; PUNTATA DEL 20 NOVEMBRE 2020<\/a><\/p><\/blockquote>\n<p><iframe loading=\"lazy\" class=\"wp-embedded-content\" sandbox=\"allow-scripts\" security=\"restricted\" style=\"position: absolute; clip: rect(1px, 1px, 1px, 1px);\" title=\"&#8220;CASSA SOLIDARIET\u00c0 LUXOTTICA &#8211; PUNTATA DEL 20 NOVEMBRE 2020&#8221; &#8212; Radio Pi\u00f9\" src=\"https:\/\/www.radiopiu.net\/wordpress\/cassa-solidarieta-luxottica-puntata-del-16-ottobre-2020\/embed\/#?secret=VVg2l08f47\" data-secret=\"VVg2l08f47\" width=\"600\" height=\"338\" frameborder=\"0\" marginwidth=\"0\" marginheight=\"0\" scrolling=\"no\"><\/iframe><\/p>\n<p>&nbsp;<\/p>\n<p>&nbsp;<\/p>\n<hr \/>\n<p>&nbsp;<\/p>\n<p>&nbsp;<\/p>\n<blockquote>\n<h2><a href=\"https:\/\/www.radiopiu.net\/wordpress\/speciale-solidarieta-veneto\/solidarieta-veneto-3\/\" rel=\"attachment wp-att-134366\"><img loading=\"lazy\" decoding=\"async\" class=\"wp-image-134366 alignleft\" src=\"https:\/\/www.radiopiu.net\/wordpress\/wp-content\/uploads\/2020\/05\/solidariet\u00e0-veneto-300x210.jpg\" alt=\"\" width=\"179\" height=\"125\" srcset=\"https:\/\/www.radiopiu.net\/wordpress\/wp-content\/uploads\/2020\/05\/solidariet\u00e0-veneto-300x210.jpg 300w, https:\/\/www.radiopiu.net\/wordpress\/wp-content\/uploads\/2020\/05\/solidariet\u00e0-veneto-1024x717.jpg 1024w, https:\/\/www.radiopiu.net\/wordpress\/wp-content\/uploads\/2020\/05\/solidariet\u00e0-veneto-768x538.jpg 768w, https:\/\/www.radiopiu.net\/wordpress\/wp-content\/uploads\/2020\/05\/solidariet\u00e0-veneto.jpg 1373w\" sizes=\"auto, (max-width: 179px) 100vw, 179px\" \/><\/a>SOLIDARIETA&#8217; VENETO FONDO PENSIONE, IN ONDA IL PRIMO VENERDI DEL MESE ALLE 10.30 E ALLE 19.00 QUINTA STAGIONE<\/h2>\n<h2>RACCOLTA COMPLETA<\/h2>\n<\/blockquote>\n<blockquote class=\"wp-embedded-content\" data-secret=\"3F4EJCWmgV\"><p><a href=\"https:\/\/www.radiopiu.net\/wordpress\/solidarieta-veneto\/\">Solidariet\u00e0 Veneto<\/a><\/p><\/blockquote>\n<p><iframe loading=\"lazy\" class=\"wp-embedded-content\" sandbox=\"allow-scripts\" security=\"restricted\" style=\"position: absolute; clip: rect(1px, 1px, 1px, 1px);\" title=\"&#8220;Solidariet\u00e0 Veneto&#8221; &#8212; Radio Pi\u00f9\" src=\"https:\/\/www.radiopiu.net\/wordpress\/solidarieta-veneto\/embed\/#?secret=3F4EJCWmgV\" data-secret=\"3F4EJCWmgV\" width=\"600\" height=\"338\" frameborder=\"0\" marginwidth=\"0\" marginheight=\"0\" scrolling=\"no\"><\/iframe><\/p>\n<p>&nbsp;<\/p>\n<p>&nbsp;<\/p>\n<div>\n<p>&nbsp;<\/p>\n<hr \/>\n<p>&nbsp;<\/p>\n<div>\n<h2><span style=\"color: #33cccc;\">I RACCONTI DI PAOLO SOPPELSA il lunedi alle 9.30 e 18.30<\/span><\/h2>\n<h2><span style=\"color: #33cccc;\"><strong>RACCOLTA COMPLETA<\/strong><\/span><\/h2>\n<blockquote class=\"wp-embedded-content\" data-secret=\"3Tq8I2MEKx\"><p><a href=\"https:\/\/www.radiopiu.net\/wordpress\/i-racconti-di-paolo-soppelsa\/\">I racconti di Paolo Soppelsa<\/a><\/p><\/blockquote>\n<p><iframe loading=\"lazy\" class=\"wp-embedded-content\" sandbox=\"allow-scripts\" security=\"restricted\" style=\"position: absolute; clip: rect(1px, 1px, 1px, 1px);\" title=\"&#8220;I racconti di Paolo Soppelsa&#8221; &#8212; Radio Pi\u00f9\" src=\"https:\/\/www.radiopiu.net\/wordpress\/i-racconti-di-paolo-soppelsa\/embed\/#?secret=3Tq8I2MEKx\" data-secret=\"3Tq8I2MEKx\" width=\"600\" height=\"338\" frameborder=\"0\" marginwidth=\"0\" marginheight=\"0\" scrolling=\"no\"><\/iframe><\/p>\n<\/div>\n<p>&nbsp;<\/p>\n<hr \/>\n<p>&nbsp;<\/p>\n<div>\n<p>&nbsp;<\/p>\n<h2><strong><a href=\"https:\/\/www.radiopiu.net\/wordpress\/giornale-radiopiu-02-dicembre-2020-direttore-mirko-mezzacasa\/128444768_1534332183421510_4024815943692445144_o\/\" rel=\"attachment wp-att-176110\"><img loading=\"lazy\" decoding=\"async\" class=\"wp-image-176110 alignleft\" src=\"https:\/\/www.radiopiu.net\/wordpress\/wp-content\/uploads\/2020\/12\/128444768_1534332183421510_4024815943692445144_o-218x300.jpg\" alt=\"\" width=\"139\" height=\"191\" srcset=\"https:\/\/www.radiopiu.net\/wordpress\/wp-content\/uploads\/2020\/12\/128444768_1534332183421510_4024815943692445144_o-218x300.jpg 218w, https:\/\/www.radiopiu.net\/wordpress\/wp-content\/uploads\/2020\/12\/128444768_1534332183421510_4024815943692445144_o.jpg 522w\" sizes=\"auto, (max-width: 139px) 100vw, 139px\" \/><\/a>LE\u00a0 PUNTATE di Luisa Alchini di Leggermente Bellunesi, la domenica alle 11, il martedi alle 10.30 e alle 19.00<br \/>\n<\/strong><\/h2>\n<p><span style=\"color: #ff0000;\">LA PUNTATA DI MARTEDI:<\/span>\u00a0 Progetto Interreg Italia-Osterreich, con la collaborazione dell&#8217;Istituto Follador De Rossi di Agordo nel libro &#8220;La via della Dolomia&#8221;<\/p>\n<\/div>\n<p>&nbsp;<\/p>\n<p>&nbsp;<\/p>\n<audio class=\"wp-audio-shortcode\" id=\"audio-176245-12\" preload=\"none\" style=\"width: 100%;\" controls=\"controls\"><source type=\"audio\/mpeg\" src=\"https:\/\/www.radiopiu.net\/wordpress\/wp-content\/uploads\/2020\/12\/9leggermentelaviadellaroccia.mp3?_=12\" \/><a href=\"https:\/\/www.radiopiu.net\/wordpress\/wp-content\/uploads\/2020\/12\/9leggermentelaviadellaroccia.mp3\">https:\/\/www.radiopiu.net\/wordpress\/wp-content\/uploads\/2020\/12\/9leggermentelaviadellaroccia.mp3<\/a><\/audio>\n<p>&nbsp;<\/p>\n<p>&nbsp;<\/p>\n<h1><span style=\"color: #000000;\">RACCOLTA COMPLETA<\/span><\/h1>\n<blockquote class=\"wp-embedded-content\" data-secret=\"k35W9vi5Pq\"><p><a href=\"https:\/\/www.radiopiu.net\/wordpress\/leggermente-20\/\">LEGGERmente&#8230;Bellunesi<\/a><\/p><\/blockquote>\n<p><iframe loading=\"lazy\" class=\"wp-embedded-content\" sandbox=\"allow-scripts\" security=\"restricted\" style=\"position: absolute; clip: rect(1px, 1px, 1px, 1px);\" title=\"&#8220;LEGGERmente&#8230;Bellunesi&#8221; &#8212; Radio Pi\u00f9\" src=\"https:\/\/www.radiopiu.net\/wordpress\/leggermente-20\/embed\/#?secret=k35W9vi5Pq\" data-secret=\"k35W9vi5Pq\" width=\"600\" height=\"338\" frameborder=\"0\" marginwidth=\"0\" marginheight=\"0\" scrolling=\"no\"><\/iframe><\/p>\n<hr \/>\n<p>&nbsp;<\/p>\n<blockquote>\n<h3>L&#8217;ALMANACCO LADINO CON L&#8217;ISTITUT CESA DE JAN QUINDICINALE APPUNTAMENTO. LA DOMENICA ALLE 9 IL LUNEDI ALLE 8.35 IL MARTEDI ALLE 12.35 IL MERCOLEDI ALLE 18.35. SECONDA STAGIONE.<\/h3>\n<\/blockquote>\n<p><strong>RACCOLTA COMPLETA\u00a0<\/strong><\/p>\n<blockquote class=\"wp-embedded-content\" data-secret=\"fma2bG1jnr\"><p><a href=\"https:\/\/www.radiopiu.net\/wordpress\/almanacco-ladino\/\">Almanacco Ladino<\/a><\/p><\/blockquote>\n<p><iframe loading=\"lazy\" class=\"wp-embedded-content\" sandbox=\"allow-scripts\" security=\"restricted\" style=\"position: absolute; clip: rect(1px, 1px, 1px, 1px);\" title=\"&#8220;Almanacco Ladino&#8221; &#8212; Radio Pi\u00f9\" src=\"https:\/\/www.radiopiu.net\/wordpress\/almanacco-ladino\/embed\/#?secret=fma2bG1jnr\" data-secret=\"fma2bG1jnr\" width=\"600\" height=\"338\" frameborder=\"0\" marginwidth=\"0\" marginheight=\"0\" scrolling=\"no\"><\/iframe><\/p>\n<p>&nbsp;<\/p>\n<\/div>\n<hr \/>\n<div>\n<h2><span style=\"color: #000080;\"><a class=\"dt-pswp-item\" href=\"https:\/\/www.radiopiu.net\/wordpress\/wp-content\/uploads\/2020\/10\/pp.jpg\" data-dt-img-description=\"\" data-large_image_width=\"640\" data-large_image_height=\"640\"><img loading=\"lazy\" decoding=\"async\" class=\"wp-image-163678 alignleft\" src=\"https:\/\/www.radiopiu.net\/wordpress\/wp-content\/uploads\/2020\/10\/pp-300x300.jpg\" alt=\"\" width=\"106\" height=\"106\" srcset=\"https:\/\/www.radiopiu.net\/wordpress\/wp-content\/uploads\/2020\/10\/pp-300x300.jpg 300w, https:\/\/www.radiopiu.net\/wordpress\/wp-content\/uploads\/2020\/10\/pp-150x150.jpg 150w, https:\/\/www.radiopiu.net\/wordpress\/wp-content\/uploads\/2020\/10\/pp-125x125.jpg 125w, https:\/\/www.radiopiu.net\/wordpress\/wp-content\/uploads\/2020\/10\/pp-200x200.jpg 200w, https:\/\/www.radiopiu.net\/wordpress\/wp-content\/uploads\/2020\/10\/pp-80x80.jpg 80w, https:\/\/www.radiopiu.net\/wordpress\/wp-content\/uploads\/2020\/10\/pp-480x480.jpg 480w, https:\/\/www.radiopiu.net\/wordpress\/wp-content\/uploads\/2020\/10\/pp.jpg 640w\" sizes=\"auto, (max-width: 106px) 100vw, 106px\" \/><\/a> <\/span><\/h2>\n<h2><span style=\"color: #000080;\">DON CESARE, IL PENSIERO DEL GIORNO. ALLA RADIO ALLE 7 DEL MATTINO E ALLE 19.30 DELLA SERA.\u00a0\u00a0<\/span><\/h2>\n<\/div>\n<p>&nbsp;<\/p>\n<p>&nbsp;<\/p>\n<audio class=\"wp-audio-shortcode\" id=\"audio-176245-13\" preload=\"none\" style=\"width: 100%;\" controls=\"controls\"><source type=\"audio\/mpeg\" src=\"https:\/\/www.radiopiu.net\/wordpress\/wp-content\/uploads\/2020\/12\/cesare.mp3?_=13\" \/><a href=\"https:\/\/www.radiopiu.net\/wordpress\/wp-content\/uploads\/2020\/12\/cesare.mp3\">https:\/\/www.radiopiu.net\/wordpress\/wp-content\/uploads\/2020\/12\/cesare.mp3<\/a><\/audio>\n<p>&nbsp;<\/p>\n<p>&nbsp;<\/p>\n<hr \/>\n<p>&nbsp;<\/p>\n<div>\n<p class=\"photoswipe-wrapper\"><a class=\"dt-pswp-item pspw-wrap-ready\" href=\"https:\/\/i0.wp.com\/www.radiopiu.net\/wordpress\/wp-content\/uploads\/2018\/09\/viabilita.jpeg?ssl=1\" data-dt-img-description=\"\" data-large_image_width=\"800\" data-large_image_height=\"100\"><img loading=\"lazy\" decoding=\"async\" class=\"aligncenter wp-image-61954 size-full\" src=\"https:\/\/i0.wp.com\/www.radiopiu.net\/wordpress\/wp-content\/uploads\/2018\/09\/viabilita.jpeg?resize=800%2C100&amp;ssl=1\" sizes=\"auto, (max-width: 800px) 100vw, 800px\" srcset=\"https:\/\/i0.wp.com\/www.radiopiu.net\/wordpress\/wp-content\/uploads\/2018\/09\/viabilita.jpeg?w=800&amp;ssl=1 800w, https:\/\/i0.wp.com\/www.radiopiu.net\/wordpress\/wp-content\/uploads\/2018\/09\/viabilita.jpeg?resize=300%2C38&amp;ssl=1 300w, https:\/\/i0.wp.com\/www.radiopiu.net\/wordpress\/wp-content\/uploads\/2018\/09\/viabilita.jpeg?resize=768%2C96&amp;ssl=1 768w\" alt=\"\" width=\"800\" height=\"100\" \/><\/a><\/p>\n<\/div>\n<p>&nbsp;<\/p>\n<p><strong>FELTRE<\/strong> Senso unico alternato regolato da movieri per lavori stradali nel tratto di viale Monte Grappa compreso fra incrocio con via Folli ( accesso supermercato Lidl ) e fine cantiere Altanon ( altezza negozio Kiwi Sport ) fino al 23 dicembre<\/p>\n<p><strong>PROVINCIALE 49 MISURINA CONFINE PROVINCIA DI BOLZANO<\/strong>:\u00a0 fino al 22 dicembre (festivi e prefestivi compresi) senso unico alternato con movieri o semafori<\/p>\n<p><strong>STRADA REGIONALE 48 DELLE DOLOMITI<\/strong> fino al 03 dicembre, dalle 8 alle 18, senso unico alternato regolato da impianto semaforico in localit\u00e0 Salesei di Sopra in comune di Livinallongo per esecuzione tombinatura<\/p>\n<p><strong>PROVINCIALE 3 VALLE IMPERINA<\/strong>:\u00a0 fino al 12 dicembre senso unico alternato (tutti i giorni nessuno escluso) in locailt\u00e0 Gona per messa in sicurezza della strada.<\/p>\n<p><strong>PROVINCIALE 48 DELLE DOLOMITI<\/strong> fino al 6 dicembre (tutti i giorni nessuno escluso) senso unico alternato in localit\u00e0 Livin\u00e8 a Livinallongo del Col di Lana<\/p>\n<p><strong>REGIONALE 203 AGORDINA COLLAZ-LIVINALLONGO<\/strong>\u00a0 fino al 4 dicembre (sabato e festivi esclusi) senso unico alternato per singoli tratti di 150 metri<\/p>\n<p><strong>SP\u00a0423 LAGO DI SANTA CROCE_POIATTE_ALPAGO <\/strong>Fino al 12 dicembre (esclusi festivi e prefestivi) senso unico alternato con movieri o semaforo per esecuzione paramassi a monte della strada<\/p>\n<p><strong>SP 3 DELLA VAL IMPERINA<\/strong> fino a revoca, senso unico alternato regolato a vista in localit\u00e0 Gona di Conedera di Rivamonte per cedimento della carreggiata stradale<\/p>\n<p><strong>REGIONALE 203 AGORDINA<\/strong>\u00a0 Fino\u00a0 al 18 dicembre (esclusi festivi e prefestivi) senso unico alternato tra Peron e Candaten con movieri dalle 7.30 alle 9 e dalle 16.30 alle 18. Con semaforo negli altri orari<\/p>\n<div>\n<p>&nbsp;<\/p>\n<hr \/>\n<p>&nbsp;<\/p>\n<p class=\"photoswipe-wrapper\"><a class=\"dt-pswp-item pspw-wrap-ready\" href=\"https:\/\/i0.wp.com\/www.radiopiu.net\/wordpress\/wp-content\/uploads\/2018\/09\/WhatsApp-Image-2018-09-20-at-16.04.06.jpeg?ssl=1\" data-dt-img-description=\"\" data-large_image_width=\"800\" data-large_image_height=\"100\"><img loading=\"lazy\" decoding=\"async\" class=\"aligncenter wp-image-61378 size-full jetpack-lazy-image jetpack-lazy-image--handled\" src=\"https:\/\/i0.wp.com\/www.radiopiu.net\/wordpress\/wp-content\/uploads\/2018\/09\/WhatsApp-Image-2018-09-20-at-16.04.06.jpeg?resize=800%2C100&amp;ssl=1\" sizes=\"auto, (max-width: 800px) 100vw, 800px\" srcset=\"https:\/\/i0.wp.com\/www.radiopiu.net\/wordpress\/wp-content\/uploads\/2018\/09\/WhatsApp-Image-2018-09-20-at-16.04.06.jpeg?w=800&amp;ssl=1 800w, https:\/\/i0.wp.com\/www.radiopiu.net\/wordpress\/wp-content\/uploads\/2018\/09\/WhatsApp-Image-2018-09-20-at-16.04.06.jpeg?resize=300%2C38&amp;ssl=1 300w, https:\/\/i0.wp.com\/www.radiopiu.net\/wordpress\/wp-content\/uploads\/2018\/09\/WhatsApp-Image-2018-09-20-at-16.04.06.jpeg?resize=768%2C96&amp;ssl=1 768w\" alt=\"\" width=\"800\" height=\"100\" data-lazy-loaded=\"1\" \/><\/a><\/p>\n<p>&nbsp;<\/p>\n<p><center><b>Giovedi 3<\/b><\/center><b>Tempo atteso: <\/b>Nottetempo e per parte del mattino residuo maltempo con fenomeni pi\u00f9 duraturi sulle Dolomiti e man mano pi\u00f9 radi altrove. Dalle ore centrali in poi il cielo rimane molto nuvoloso o coperto, ma per lo pi\u00f9 senza fenomeni, salvo qualche fiocco in quota. Atmosfera ancora fredda e umida nei fondovalle, invernale in quota.<br \/>\n<b>Precipitazioni: <\/b>Probabilit\u00e0 ancora alta nella notte e al primo mattino(80\/90%), poi sempre pi\u00f9 bassa fino a (0\/10%) al pomeriggio\/sera per residuo nevischio in quota. Il limite neve sar\u00e0 ancora sporadicamente fino nei fondovalle nella notte, ma tender\u00e0 ad assestarsi sui 500\/700 m a fine episodio. Sono previsti altri 2\/4 mm, localmente fino a 5\/8 mm sulle Dolomiti con altrettanti cm di neve dai 1000 m in su.<br \/>\n<b>Temperature: <\/b>In generale lieve ripresa a tutte le quote, sia le minime che le massime. Sono previste punte di 2\/3\u00b0C nei fondovalle prealpini e di 0\/1\u00b0C a 1000\/1200 m. Su Prealpi a 1500 m min -3\u00b0C max -1\u00b0C, a 2000 m min -5\u00b0C max -3\u00b0C. Su Dolomiti a 2000 m min -6\u00b0C max -3\u00b0C, a 3000 m min -11\u00b0C max -9\u00b0C.<br \/>\n<b>Venti: <\/b>Nelle valli generalmente deboli di direzione variabile; in quota moderati\/tesi da nord-est a 1500 m e moderati da sud-est alle quote pi\u00f9 alte, a 20-30 km\/h a 2000 m, a 25-30 km\/h a 3000 m.<\/p>\n<hr \/>\n<p><center><b>Venerdi 4<\/b><\/center><b>Tempo atteso: <\/b>Nuovo peggioramento del tempo con cielo coperto e prime precipitazioni a fine nottata, in rapida estensione a tutta la montagna veneta. Nel pomeriggio intensificazione del maltempo fino a risultare forte alla sera. Clima invernale al primo mattino, poi l&#8217;avvezione scirrocale si far\u00e0 sentire.<br \/>\n<b>Precipitazioni: <\/b>Crescente probabilit\u00e0 nel corso della mattinata fino a molto alta (90\/100%). Fenomeni in estesione e in intensificazione al pomeriggio fino a diventare forti alla sera. Il limite neve sar\u00e0 inizialmente a fondovalle, prima di risalire fino sui 1100\/1300 m sulle Prealpi, mentre rimarr\u00e0 pi\u00f9 variabile e pi\u00f9 basso sulle Dolomiti (600\/1000 m).<br \/>\n<b>Temperature: <\/b>Minime stazionarie in quota e in lieve calo nelle valli; massime in generale rialzo, pi\u00f9 avvertito in quota. Nelle valli dolomitiche dove il freddo resister\u00e0 un po&#8217;. Sono previste punte di 3\/4\u00b0C nei fondovalle prealpini e di 0\/2\u00b0C a 1000\/1200 m. Su Prealpi a 1500 m min -3\u00b0C max 1\u00b0C, a 2000 m min -5\u00b0C max -2\u00b0C. Su Dolomiti a 2000 m min -6\u00b0C max -3\u00b0C, a 3000 m min -11\u00b0C max -7\u00b0C.<br \/>\n<b>Venti: <\/b>Deboli\/moderati di direzione variabili nelle valli, con rinforzi nei settori esposti al scirocco; in quota moderati\/tesi di scirocco, anche forti sulle cime pi\u00f9 alte, a 20\/30 km\/h a 2000 m e 55\/80 km\/h.<\/p>\n<hr \/>\n<p><center><b>Sabato 5<\/b><\/center>Spiccato maltempo con cielo coperto e precipitazioni diffuse, anche molto abbondanti. Il limite della neve si alzer\u00e0 ulteriormente sulle Prealpi fino sui 1500\/1800 m, mentre sar\u00e0 molto pi\u00f9 variabile sulle Dolomiti, risalendo sui 1300\/1400 m nei settori aperti, mentre nevicher\u00e0 ancora temporaneamente attorno ai 700\/900 m nelle valli pi\u00f9 chiuse. Temperature in rialzo. Venti sciroccali tesi in quota, tesi\/forti dai quadranti meridionali nelle valli.<\/p>\n<hr \/>\n<p><center><b>Domenica 6<\/b><\/center>Persistono le condizioni di forte maltempo con precipitazioni diffuse, persistenti ed abbondanti, nevose oltre i 900\/1300 m sulle Dolomiti e 1400\/1700 m sulle Prealpi. Dopo due giorni e mezzo di forte perturbabilit\u00e0, i cumuli di pioggia\/neve risulteranno particolarmente copiosi. Temperature in leggero calo, specie dal pomeriggio per ingresso d&#8217;aria un po&#8217; meno sciroccale. Venti moderati dai quadranti meridionali in quota. Previsore R.L.Th.<\/p>\n<p>&nbsp;<\/p>\n<hr \/>\n<p>&nbsp;<\/p>\n<h3><a href=\"https:\/\/www.radiopiu.net\/wordpress\/giornale-radiopiu-15-settembre-2018-direttore-mirko-mezzacasa\/sport-7\/\" rel=\"attachment wp-att-60761\"><img loading=\"lazy\" decoding=\"async\" class=\"aligncenter wp-image-60761 size-full\" src=\"https:\/\/www.radiopiu.net\/wordpress\/wp-content\/uploads\/2018\/09\/sport.jpg\" alt=\"\" width=\"800\" height=\"100\" srcset=\"https:\/\/www.radiopiu.net\/wordpress\/wp-content\/uploads\/2018\/09\/sport.jpg 800w, https:\/\/www.radiopiu.net\/wordpress\/wp-content\/uploads\/2018\/09\/sport-300x38.jpg 300w, https:\/\/www.radiopiu.net\/wordpress\/wp-content\/uploads\/2018\/09\/sport-768x96.jpg 768w\" sizes=\"auto, (max-width: 800px) 100vw, 800px\" \/><\/a><\/h3>\n<p>&nbsp;<\/p>\n<blockquote>\n<h3>ILARIO TANCON E&#8217; IL NUOVO PRESIDENTE DEL CSI BELLUNO<\/h3>\n<\/blockquote>\n<p><strong><a href=\"https:\/\/www.radiopiu.net\/wordpress\/giornale-radiopiu-03-dicembre-2020-direttore-mirko-mezzacasa\/download-1026\/\" rel=\"attachment wp-att-176495\"><img loading=\"lazy\" decoding=\"async\" class=\" wp-image-176495 alignleft\" src=\"https:\/\/www.radiopiu.net\/wordpress\/wp-content\/uploads\/2020\/12\/download-5.jpg\" alt=\"\" width=\"221\" height=\"124\" \/><\/a>BELLUNO <\/strong>Marted\u00ec sera\u00a0si \u00e8 svolta, in modalit\u00e0 online, l&#8217;assemblea elettiva del CSI Belluno per il quadriennio 2020-2024.\u00a0Alla presidenza \u00e8 stato eletto Ilario Tancon, candidato unitario. Come consiglieri sono stati eletti Paolo Giotto, Ketty Brusati, Mirco Costa, Nadia Agnoli, Nicoletta Castellini, Fernando Soccol, Dante Passuello e Patrizia Patente.\u00a0Come revisori dei conti sono stati eletti Michele Fusina e Ferdinando Fallucca (supplente).\u00a0Quanto prima il nuovo consiglio verr\u00e0 convocato per definire gli incarichi dei consiglieri e formare le commissioni dei vari ambiti.<\/p>\n<p><strong>IL PRESIDENTE DEL CSI DI BELLUNO ILARIO TANCON<\/strong><\/p>\n<audio class=\"wp-audio-shortcode\" id=\"audio-176245-14\" preload=\"none\" style=\"width: 100%;\" controls=\"controls\"><source type=\"audio\/mpeg\" src=\"https:\/\/www.radiopiu.net\/wordpress\/wp-content\/uploads\/2020\/12\/ILARIO-TANCON-CSI.mp3?_=14\" \/><a href=\"https:\/\/www.radiopiu.net\/wordpress\/wp-content\/uploads\/2020\/12\/ILARIO-TANCON-CSI.mp3\">https:\/\/www.radiopiu.net\/wordpress\/wp-content\/uploads\/2020\/12\/ILARIO-TANCON-CSI.mp3<\/a><\/audio>\n<p>&nbsp;<\/p>\n<\/div>\n","protected":false},"excerpt":{"rendered":"<p>PER RICEVERE QUESTO NOTIZIARIO DIRETTAMENTE SUL TUO CELLULARE ISCRIVITI AL CANALE TELEGRAM \u201cRADIO PIU\u00a0 INFORMAZIONE&#8221; &nbsp; ATTENZIONE: LA NUOVA APP PER IOS-IPHONE https:\/\/apps.apple.com\/it\/app\/radio-pi%C3%B9-emittente-agordina\/id1515939845 ATTENZIONE: LA NUOVA APP RADIO\u00a0 PER ANDROID https:\/\/play.google.com\/store\/apps\/details?id=net.radiopiu.iniko\u00a0\u00a0 &nbsp; &nbsp; &nbsp; L&#8217;AUTOCERTIFICAZIONE &nbsp; PER SCARICARE L&#8217;AUTOCERTIFICAZIONE CLICCA QUI &nbsp; DALLA PREFETTURA DI BELLUNO IL MONITORAGGIO DEI CONTROLLI &nbsp; &nbsp; &nbsp; SILVOPASTORALE FARENZENA&hellip;<\/p>\n","protected":false},"author":4,"featured_media":176470,"comment_status":"closed","ping_status":"closed","sticky":false,"template":"","format":"standard","meta":{"_monsterinsights_skip_tracking":false,"_monsterinsights_sitenote_active":false,"_monsterinsights_sitenote_note":"","_monsterinsights_sitenote_category":0,"footnotes":""},"categories":[1,51,86,49],"tags":[],"class_list":["post-176245","post","type-post","status-publish","format-standard","has-post-thumbnail","hentry","category-senza-categoria","category-evidenza-top","category-gr","category-news-18","category-1","category-51","category-86","category-49","description-off"],"img_url":"https:\/\/www.radiopiu.net\/wordpress\/wp-content\/uploads\/2020\/12\/6b0ea38b-db74-468a-8542-965b6fb3b9f7.jpg","_links":{"self":[{"href":"https:\/\/www.radiopiu.net\/wordpress\/wp-json\/wp\/v2\/posts\/176245","targetHints":{"allow":["GET"]}}],"collection":[{"href":"https:\/\/www.radiopiu.net\/wordpress\/wp-json\/wp\/v2\/posts"}],"about":[{"href":"https:\/\/www.radiopiu.net\/wordpress\/wp-json\/wp\/v2\/types\/post"}],"author":[{"embeddable":true,"href":"https:\/\/www.radiopiu.net\/wordpress\/wp-json\/wp\/v2\/users\/4"}],"replies":[{"embeddable":true,"href":"https:\/\/www.radiopiu.net\/wordpress\/wp-json\/wp\/v2\/comments?post=176245"}],"version-history":[{"count":0,"href":"https:\/\/www.radiopiu.net\/wordpress\/wp-json\/wp\/v2\/posts\/176245\/revisions"}],"wp:featuredmedia":[{"embeddable":true,"href":"https:\/\/www.radiopiu.net\/wordpress\/wp-json\/wp\/v2\/media\/176470"}],"wp:attachment":[{"href":"https:\/\/www.radiopiu.net\/wordpress\/wp-json\/wp\/v2\/media?parent=176245"}],"wp:term":[{"taxonomy":"category","embeddable":true,"href":"https:\/\/www.radiopiu.net\/wordpress\/wp-json\/wp\/v2\/categories?post=176245"},{"taxonomy":"post_tag","embeddable":true,"href":"https:\/\/www.radiopiu.net\/wordpress\/wp-json\/wp\/v2\/tags?post=176245"}],"curies":[{"name":"wp","href":"https:\/\/api.w.org\/{rel}","templated":true}]}}