{"id":176307,"date":"2020-12-02T23:59:53","date_gmt":"2020-12-02T22:59:53","guid":{"rendered":"https:\/\/www.radiopiu.net\/wordpress\/?p=176307"},"modified":"2020-12-03T06:46:05","modified_gmt":"2020-12-03T05:46:05","slug":"3-dicembre-1908-ricordo-della-frana-di-pra-e-lagunaz","status":"publish","type":"post","link":"https:\/\/www.radiopiu.net\/wordpress\/3-dicembre-1908-ricordo-della-frana-di-pra-e-lagunaz\/","title":{"rendered":"3 DICEMBRE 1908: RICORDO DELLA FRANA DI PRA\u2019 E LAGUNAZ"},"content":{"rendered":"<p align=\"JUSTIFY\"><span style=\"font-size: medium;\"><b>a cura di Alessandro Savio<\/b><\/span><\/p>\n<p align=\"JUSTIFY\"><strong><span style=\"font-size: medium;\">TAIBON <\/span><\/strong><span style=\"font-size: medium;\">In questo periodo in cui viene consigliato di stare in casa, mi dedico spesso a sistemare e leggere vecchi documenti che raccolgo e metto da parte. Fra questi ho trovato una fotografia e due fogli dattiloscritti a firma del Maestro di Treviso, Mario Diluviani, scrittore e studioso che ha trascorso gli anni della pensione a Taibon, grande conoscitore e frequentatore della Valle di San Lucano. A prima vista pensavo fossero inediti, poi invece leggendo questi fogli mi sono ricordato di una poesia gi\u00e0 pubblicata in occasione del centenario della frana di Pr\u00e0 e Lagunaz , tragico evento accaduto nella notte tra il 2 e il 3 dicembre del 1908 che provoc\u00f2 28 vittime nella frazione di \u201cPra\u201d in fondo alla Valle di San Lucano. <\/span><span style=\"font-size: medium;\">La poesia \u00e8 stata scritta dal Maestro di Treviso e indirizzata al sindaco di Taibon con una nota del 27 giugno 2008 che aveva questo tenore: Gentile Signora (allora Sindaco Loretta Ben) in questo breve componimento commemorativo, che \u00e8 dedicato alle vittime della frana, io immagino che proprio loro si servano della mia voce per narrare la tragedia vissuta. C\u2019\u00e8 un triplice riferimento: ai sonni, ai sogni, all&#8217;attesa.Tutto concentrato sotto lo strapiombo e\u00a0 tutto distrutto; le vittime ritroveranno sonno, sogni ed attesa quando si troveranno in una nuova realt\u00e0: quella dei Cieli , dove non esiste nessuna minaccia. Il distico finale esprime il nostro augurio : tra le due realt\u00e0, continuate a riposare! Cordialmente Mario Diluviani.<\/span><\/p>\n<p align=\"JUSTIFY\">\n<p align=\"JUSTIFY\"><img decoding=\"async\" src=\"https:\/\/www.radiopiu.net\/wordpress\/wp-content\/uploads\/2020\/12\/3d19b0fd-0ddc-4e78-b78c-658a7cea3345.jpg\" \/><\/p>\n<blockquote>\n<h3 align=\"JUSTIFY\"><span style=\"font-size: medium;\">Nella ricorrenza dei 112 anni dall\u2019evento una poesia al ricordo delle vittime unitamente al ricordo del Maestro di Treviso scomparso nel 2018.<\/span><\/h3>\n<\/blockquote>\n<div class=\"im_content_message_wrap im_message_out\">\n<p align=\"JUSTIFY\"><b><a href=\"https:\/\/www.radiopiu.net\/wordpress\/giornale-radiopiu-03-dicembre-2020-direttore-mirko-mezzacasa\/download-1025\/\" rel=\"attachment wp-att-176490\"><img loading=\"lazy\" decoding=\"async\" class=\" wp-image-176490 alignleft\" src=\"https:\/\/www.radiopiu.net\/wordpress\/wp-content\/uploads\/2020\/12\/download-4.jpg\" alt=\"\" width=\"162\" height=\"121\" \/><\/a><\/b><\/p>\n<p align=\"JUSTIFY\"><b>ALLE VITTIME DELLA FRANA (-dic. 1908 \u2013 dic. 2008-)<\/b><\/p>\n<p align=\"JUSTIFY\"><strong>di Mario Diluviani\u00a0<\/strong><\/p>\n<\/div>\n<p align=\"JUSTIFY\">AUDIO DI BRUNELLA MORO<\/p>\n<audio class=\"wp-audio-shortcode\" id=\"audio-176307-1\" preload=\"none\" style=\"width: 100%;\" controls=\"controls\"><source type=\"audio\/mpeg\" src=\"https:\/\/www.radiopiu.net\/wordpress\/wp-content\/uploads\/2020\/12\/brunella-1.mp3?_=1\" \/><a href=\"https:\/\/www.radiopiu.net\/wordpress\/wp-content\/uploads\/2020\/12\/brunella-1.mp3\">https:\/\/www.radiopiu.net\/wordpress\/wp-content\/uploads\/2020\/12\/brunella-1.mp3<\/a><\/audio>\n<div class=\"im_content_message_wrap im_message_out\">\n<p>&nbsp;<\/p>\n<\/div>\n<p align=\"JUSTIFY\">Dormivate il sonno dei giusti<\/p>\n<p align=\"JUSTIFY\">nella notte invernale.<\/p>\n<p align=\"JUSTIFY\">Paghi eravate d\u2019un tetto<\/p>\n<p align=\"JUSTIFY\">d\u2019un ceppo di faggio al tepore<\/p>\n<p align=\"JUSTIFY\">tra il muto biancore<\/p>\n<p align=\"JUSTIFY\">e il sibilo della bufera.<\/p>\n<p align=\"JUSTIFY\">Sognavate i sogni dei giusti ,<\/p>\n<p align=\"JUSTIFY\">i modesti progetti<\/p>\n<p align=\"JUSTIFY\">con le magre risorse<\/p>\n<p align=\"JUSTIFY\">e i prodotti appena bastanti<\/p>\n<p align=\"JUSTIFY\">di una terra avara<\/p>\n<p align=\"JUSTIFY\">impastata col vostro sudore<\/p>\n<p align=\"JUSTIFY\">Era atteso il Natale dei giusti :<\/p>\n<p align=\"JUSTIFY\">una prece tra il gelo dei muri<\/p>\n<p align=\"JUSTIFY\">ed il fioco bagliore dei ceri:<\/p>\n<p align=\"JUSTIFY\">era forse il Natale pi\u00f9 vero,<\/p>\n<p align=\"JUSTIFY\">pi\u00f9 vicino a quello narrato<\/p>\n<p align=\"JUSTIFY\">tra le pagine dell\u2019Evangelo.<\/p>\n<p align=\"JUSTIFY\">Il sonno, i sogni, le attese:<\/p>\n<p align=\"JUSTIFY\">tutto quanto avevate raccolto<\/p>\n<p align=\"JUSTIFY\">con serena fiducia<\/p>\n<p align=\"JUSTIFY\">a ridosso dello strapiombo \u2026.<\/p>\n<p align=\"JUSTIFY\">Fu improvviso, nel cuor della notte,<\/p>\n<p align=\"JUSTIFY\">il distacco del masso,<\/p>\n<p align=\"JUSTIFY\">lacerante fu l\u2019urlo<\/p>\n<p align=\"JUSTIFY\">dell\u2019aria percossa,<\/p>\n<p align=\"JUSTIFY\">fu tremendo il frastuono<\/p>\n<p align=\"JUSTIFY\">che vi colse ignari e innocenti<\/p>\n<p align=\"JUSTIFY\">allorch\u00e8 la roccia ed il prato<\/p>\n<p align=\"JUSTIFY\">e il monte e la valle<\/p>\n<p align=\"JUSTIFY\">sobbalzarono insieme<\/p>\n<p align=\"JUSTIFY\">quasi al ritmo d\u2019immane tregenda \u2026<\/p>\n<p align=\"JUSTIFY\">Poi lo squarcio d\u2019un nuovo sepolcro<\/p>\n<p align=\"JUSTIFY\">ripiomb\u00f2 se se stesso<\/p>\n<p align=\"JUSTIFY\">seppellendovi tutti :<\/p>\n<p align=\"JUSTIFY\">e l\u2019immenso tombale silenzio<\/p>\n<p align=\"JUSTIFY\">ferm\u00f2 i sonni, i sogni, le attese<\/p>\n<p align=\"JUSTIFY\">che soltanto lass\u00f9 ritrovaste<\/p>\n<p align=\"JUSTIFY\">sulle vette e sui prati<\/p>\n<p align=\"JUSTIFY\">d\u2019un vivere eterno,<\/p>\n<p align=\"JUSTIFY\">dove in pace noi vi sappiamo<\/p>\n<p align=\"JUSTIFY\">nella quiete serena del Cielo.<\/p>\n<p align=\"JUSTIFY\">Giunga oggi per voi questa prece:<\/p>\n<p align=\"JUSTIFY\"><span style=\"font-size: medium;\">Riposate, fratelli, riposate ! <\/span><\/p>\n<p align=\"JUSTIFY\"><span style=\"font-size: medium;\">Mario Diluviani<\/span><\/p>\n","protected":false},"excerpt":{"rendered":"<p>a cura di Alessandro Savio TAIBON In questo periodo in cui viene consigliato di stare in casa, mi dedico spesso a sistemare e leggere vecchi documenti che raccolgo e metto da parte. Fra questi ho trovato una fotografia e due fogli dattiloscritti a firma del Maestro di Treviso, Mario Diluviani, scrittore e studioso che ha&hellip;<\/p>\n","protected":false},"author":4,"featured_media":176308,"comment_status":"closed","ping_status":"closed","sticky":false,"template":"","format":"standard","meta":{"_monsterinsights_skip_tracking":false,"_monsterinsights_sitenote_active":false,"_monsterinsights_sitenote_note":"","_monsterinsights_sitenote_category":0,"footnotes":""},"categories":[51,104,49],"tags":[],"class_list":["post-176307","post","type-post","status-publish","format-standard","has-post-thumbnail","hentry","category-evidenza-top","category-evidenza_3","category-news-18","category-51","category-104","category-49","description-off"],"img_url":"https:\/\/www.radiopiu.net\/wordpress\/wp-content\/uploads\/2020\/12\/3d19b0fd-0ddc-4e78-b78c-658a7cea3345.jpg","_links":{"self":[{"href":"https:\/\/www.radiopiu.net\/wordpress\/wp-json\/wp\/v2\/posts\/176307","targetHints":{"allow":["GET"]}}],"collection":[{"href":"https:\/\/www.radiopiu.net\/wordpress\/wp-json\/wp\/v2\/posts"}],"about":[{"href":"https:\/\/www.radiopiu.net\/wordpress\/wp-json\/wp\/v2\/types\/post"}],"author":[{"embeddable":true,"href":"https:\/\/www.radiopiu.net\/wordpress\/wp-json\/wp\/v2\/users\/4"}],"replies":[{"embeddable":true,"href":"https:\/\/www.radiopiu.net\/wordpress\/wp-json\/wp\/v2\/comments?post=176307"}],"version-history":[{"count":0,"href":"https:\/\/www.radiopiu.net\/wordpress\/wp-json\/wp\/v2\/posts\/176307\/revisions"}],"wp:featuredmedia":[{"embeddable":true,"href":"https:\/\/www.radiopiu.net\/wordpress\/wp-json\/wp\/v2\/media\/176308"}],"wp:attachment":[{"href":"https:\/\/www.radiopiu.net\/wordpress\/wp-json\/wp\/v2\/media?parent=176307"}],"wp:term":[{"taxonomy":"category","embeddable":true,"href":"https:\/\/www.radiopiu.net\/wordpress\/wp-json\/wp\/v2\/categories?post=176307"},{"taxonomy":"post_tag","embeddable":true,"href":"https:\/\/www.radiopiu.net\/wordpress\/wp-json\/wp\/v2\/tags?post=176307"}],"curies":[{"name":"wp","href":"https:\/\/api.w.org\/{rel}","templated":true}]}}