{"id":176312,"date":"2020-12-02T12:15:00","date_gmt":"2020-12-02T11:15:00","guid":{"rendered":"https:\/\/www.radiopiu.net\/wordpress\/?p=176312"},"modified":"2020-12-02T13:30:56","modified_gmt":"2020-12-02T12:30:56","slug":"176312-2","status":"publish","type":"post","link":"https:\/\/www.radiopiu.net\/wordpress\/176312-2\/","title":{"rendered":"SUPERATI I 150 MILA POSITIVI, TERAPIE INTENSIVE OLTRE IL 30% DI OCCUPAZIONE, &#8220;se arriviamo a 1000 con i problemi di personale la corda di violino rischia la spaccatura&#8221;\u00a0"},"content":{"rendered":"<p><strong>VENEZIA<\/strong> Consueto punto stampa da Marghera, sede della Protezione Civile.<\/p>\n<p><strong>I NUMERI<\/strong> TAMPONI MOLECOLARI 2.819.945 (+14600) TAMPONI RAPIDI 1.026.735 (+3200) POSITIVI 150.909 ATTUALMENTE POSITIVI 68.792 (+2782) RICOVERATI COVID 3094 TERAPIE INTENSIVE 340 (+10)\u00a0 RICOVERI NON COVID 6974\u00a0 DECEDUTI\u00a0 3887 (+69) DIMESSI 7.392<\/p>\n<p>&nbsp;<\/p>\n<blockquote>\n<h2>LEGGI LA CONFERENZA STAMPA DI LUCA ZAIA<\/h2>\n<\/blockquote>\n<p><em>\u00a0Il testo del nuovo Dpcm \u00e8 ancora materia oscura\u00a0 per i governatori, forse nel pomeriggio. Un terzo dei ricoverati in ospedale in Veneto oggi \u00e8 dato dai pazienti Covid. Il vaccino \u00e8 l&#8217;approdo sicuro, a questo punto non abbiamo altre soluzioni. \u00a0Che l&#8217;area gialla non diventi un alibi per non rispettare le regole ed evitare gli assembramenti, se arriviamo al lockdown perch\u00e9 non si rispettano le regole \u00e8 un fallimento totale, anche della comunit\u00e0.<\/em><\/p>\n<p>&nbsp;<\/p>\n<p><strong>SITUAZIONE <\/strong>Dal 21 febbraio superati i 150mila positivi, le terapie intensive sono occupate per un terzo, 340 sulle 1000 e pi\u00f9 che potrebbero essere attivate. Abbiamo un terzo di positivi su tampone rispetto a marzo, meno pressione dei positivi e meno mortalit\u00e0 per\u00f2 crescono i ricoveri in ospedale. La nostra curva e quella di qualche altra regione come il Friuli ha un ritardo nella curva perch\u00e9 l&#8217;infezione \u00e8 iniziata dopo in Veneto. Da noi abbiamo avuto da inizio la parte meno metropolitana del Veneto colpita, cio\u00e8 peggio nella parte alta come in Comelico dove c&#8217;\u00e8 stato il primo mini lockdown. Una curva in ritardo di 10-15 giorni che si comporter\u00e0 di conseguenza, gli assembramenti porteranno molta gente in ospedale. La terapia intensiva in media carica 10 persone al giorno. Un terzo dei pazienti negli ospedali sono pazienti covid. So che siamo diventati ossessivi con la parola assembramento ma abbiamo il timore che la sanit\u00e0 vada in crisi. <strong>DPCM<\/strong> Attendiamo le novit\u00e0, c&#8217;\u00e8 un dibattito in corso. Prima di tutto viene la salute, e poi c&#8217;\u00e8 la partita subito successiva dei ristori. Dal 3 dicembre decade l&#8217;ordinanza regionale ed entra in vigore il DPCM che sar\u00e0 reso noto entro la stessa data. <strong>NATALE E RISTORANTI<\/strong> Decideranno le inee guida del\u00a0 DPCM. <strong>RECOVERY PLAN<\/strong> il nostro piano \u00e8 per 24 miliardi e invoco il principio federalista.\u00a0 Ho il timore che questi fondi vengano dispersi e non impiegati per creare occupazione ed economia.\u00a0<strong> IMPIANTI DI RISALITA<\/strong><b> Ci sono pi\u00f9 ipotesi: <\/b>impianti aperti solo per residenti nella localit\u00e0, turisti e non. Chiudere gli impianti e lasciare aperte le strutture ricettive&#8230;<strong>SECONDE CASE<\/strong> c&#8217;\u00e8 chi dice no e chi \u00e8 pi\u00f9 aperto a pensare che l&#8217;infezione si possa gestire anche nella seconda casa. <strong>VACCINI<\/strong> E&#8217; ora che arrivino, qui la situazione senza la libert\u00e0 di prima \u00e8 sempre pi\u00f9 preoccupante. Sar\u00e0 un vaccino volontario ma il futuro \u00e8\u00a0 il &#8220;passaporto sanitario&#8221;, ci sono compagnie aeree che gi\u00e0 dicono che i non vaccinati non potranno prendere il volo. Per le forniture l&#8217;Europa non sta facendo una bella figura: la Gran Bretagna sta gi\u00e0 vaccinando e non \u00e8 pi\u00f9 in Europa, c&#8217;\u00e8 qualcosa non va. Forse entro fine agosto andr\u00e0 in porto l&#8217;intera campagna vaccini. La dottoressa Russo si sta relazionando a livello nazionale e con le Aziende anche per garantire la catena del freddo. <strong>RECORD DI NEGATIVI OGGI SULLE TABELLE PERCHE?<\/strong> Ci sono stati delle allineamenti, scarichiamo tanti negativizzati che prima erano fluttuanti, cio\u00e8 dati arretrati. <strong>TERAPIE INTENSIVE E PERSONALE, IL VENETO CON 1000 TERAPIE INTENSIVE CE L&#8217;HA IL PERSONALE? <\/strong>Allora intanto i 111 posti delle sale operatorie sono in pi\u00f9, ne bastavano 870 per legge e siamo andati a 1000. Il personale arrivati a 1000 siamo tirati come corde di violino al limite della spaccatura. Siamo pronti a presentare un piano per la <strong>FASE 5<\/strong>, per affrontare l&#8217;occupazione dei letti, cercando di capire quali reparti aggredire e speriamo resti un&#8217;organizzazione da scrivania perch\u00e9 assetto di guerra totale. <strong>VENERDI I NUOVI COLORI<\/strong> I parametri sono in linea con la zona gialla, sono buoni, ma dobbiamo ragionare sempre sull&#8217;orlo della zona rossa estrema. Gli oltre 3000 ricoverati &#8211; sei grandi ospedali del Veneto &#8211; inquietano.\u00a0 Abbiamo le terapia intensive un po&#8217; sopra il dato d&#8217;allarme. <strong>MOVIMENTO ESTIVO<\/strong> Dire che Il liberi tutti estivo &#8211; che \u00e8 sempre un male &#8211; ha dato il via alla seconda fase non \u00e8 corretto. L&#8217;estate non \u00e8 durata una settimana, questa \u00e8 la seconda fase che non c&#8217;entra con gli assembramenti del ferragosto. Come l&#8217;influenza, se ne va d&#8217;estate e torna d&#8217;inverno ma non perch\u00e9 \u00e8 stata fatta baldoria in spiaggia.<\/p>\n<p><a href=\"https:\/\/www.facebook.com\/zaiaufficiale\/videos\/872774260218949\">https:\/\/www.facebook.com\/zaiaufficiale\/videos\/872774260218949<\/a><\/p>\n<p>&nbsp;<\/p>\n","protected":false},"excerpt":{"rendered":"<p>VENEZIA Consueto punto stampa da Marghera, sede della Protezione Civile. I NUMERI TAMPONI MOLECOLARI 2.819.945 (+14600) TAMPONI RAPIDI 1.026.735 (+3200) POSITIVI 150.909 ATTUALMENTE POSITIVI 68.792 (+2782) RICOVERATI COVID 3094 TERAPIE INTENSIVE 340 (+10)\u00a0 RICOVERI NON COVID 6974\u00a0 DECEDUTI\u00a0 3887 (+69) DIMESSI 7.392 &nbsp; LEGGI LA CONFERENZA STAMPA DI LUCA ZAIA \u00a0Il testo del nuovo Dpcm&hellip;<\/p>\n","protected":false},"author":4,"featured_media":176313,"comment_status":"closed","ping_status":"closed","sticky":false,"template":"","format":"standard","meta":{"_monsterinsights_skip_tracking":false,"_monsterinsights_sitenote_active":false,"_monsterinsights_sitenote_note":"","_monsterinsights_sitenote_category":0,"footnotes":""},"categories":[51,49],"tags":[],"class_list":["post-176312","post","type-post","status-publish","format-standard","has-post-thumbnail","hentry","category-evidenza-top","category-news-18","category-51","category-49","description-off"],"img_url":"https:\/\/www.radiopiu.net\/wordpress\/wp-content\/uploads\/2020\/12\/4e93e855-acf1-49be-b87b-388dc14eafa5.jpg","_links":{"self":[{"href":"https:\/\/www.radiopiu.net\/wordpress\/wp-json\/wp\/v2\/posts\/176312","targetHints":{"allow":["GET"]}}],"collection":[{"href":"https:\/\/www.radiopiu.net\/wordpress\/wp-json\/wp\/v2\/posts"}],"about":[{"href":"https:\/\/www.radiopiu.net\/wordpress\/wp-json\/wp\/v2\/types\/post"}],"author":[{"embeddable":true,"href":"https:\/\/www.radiopiu.net\/wordpress\/wp-json\/wp\/v2\/users\/4"}],"replies":[{"embeddable":true,"href":"https:\/\/www.radiopiu.net\/wordpress\/wp-json\/wp\/v2\/comments?post=176312"}],"version-history":[{"count":0,"href":"https:\/\/www.radiopiu.net\/wordpress\/wp-json\/wp\/v2\/posts\/176312\/revisions"}],"wp:featuredmedia":[{"embeddable":true,"href":"https:\/\/www.radiopiu.net\/wordpress\/wp-json\/wp\/v2\/media\/176313"}],"wp:attachment":[{"href":"https:\/\/www.radiopiu.net\/wordpress\/wp-json\/wp\/v2\/media?parent=176312"}],"wp:term":[{"taxonomy":"category","embeddable":true,"href":"https:\/\/www.radiopiu.net\/wordpress\/wp-json\/wp\/v2\/categories?post=176312"},{"taxonomy":"post_tag","embeddable":true,"href":"https:\/\/www.radiopiu.net\/wordpress\/wp-json\/wp\/v2\/tags?post=176312"}],"curies":[{"name":"wp","href":"https:\/\/api.w.org\/{rel}","templated":true}]}}