{"id":176370,"date":"2020-12-02T23:59:01","date_gmt":"2020-12-02T22:59:01","guid":{"rendered":"https:\/\/www.radiopiu.net\/wordpress\/?p=176370"},"modified":"2020-12-02T16:18:18","modified_gmt":"2020-12-02T15:18:18","slug":"falcade-e-livinallongo-in-era-fascista-opere-pubbliche-per-quasi-725-mila-lire","status":"publish","type":"post","link":"https:\/\/www.radiopiu.net\/wordpress\/falcade-e-livinallongo-in-era-fascista-opere-pubbliche-per-quasi-725-mila-lire\/","title":{"rendered":"FALCADE E LIVINALLONGO: IN ERA FASCISTA OPERE PUBBLICHE PER QUASI 725 MILA LIRE!"},"content":{"rendered":"<p><strong>di\u00a0Renato Bona\u00a0<\/strong><\/p>\n<p>Ci occupiamo oggi di una serie di opere che, sotto il regime fascista sono state realizzate dalle amministrazioni civiche di due comuni dell\u2019Agordino: Falcade e Livinallongo del Col di Lana. Ne da conto il prezioso, ormai introvabile volume \u201cBelluno. Attivit\u00e0 svolta e opere compiute sotto il regime fascista dalle amministrazioni e dagli enti della provincia\u201d che \u00e8 stato stampato in soli 300 esemplari (quella in mio possesso \u00e8 la copia numero 111 \u2013 ndr.) nell\u2019aprile 1934, esattamente il giorno 21 anno dodicesimo dell\u2019era fascista, Natale di Roma e Festa del lavoro, dallo stabilimento tipografico Panfilo Castaldi di Feltre. L\u2019iniziativa era stata della Regia Prefettura e della Federazione provinciale fascista di Belluno. Il prefetto capo Costanzo Gazzera, con l\u2019adesione del segretario federale on. Dino Gusatti Bonsembiante (nell\u2019occasione aveva \u201cconsacrato in felice sintesi il ricordo dei gloriosi Martiri fascisti bellunesi ed il meraviglioso sviluppo oggi raggiunti dal Partito nella provincia\u201d) aveva affidato l\u2019incarico di curatore al vice prefetto Carlo Riva. Sentitelo, il prefetto Gazzera, in proposito: \u201cLa felice iniziativa del mio valoroso collaboratore, il vice prefetto Carlo Riva, di raccogliere dalle Amministrazioni pubbliche ed ordinare il materiale dimostrativo del lavoro compiuto, si \u00e8 tradotta in un vivo documento di attivit\u00e0 bene spesa, che \u00e8 giusto riconoscimento di quanto \u00e8 stato fatto e confortante certezza per l\u2019opera futura\u201d. Ed esaltava quindi \u201cLa fede fascista &#8211; sentimento di dovere e di lavoro, aspirazione al superamento continuo per il bene sempre maggiore della nazione &#8211; arde qui purissima. In tutti la volont\u00e0 di essere degni dell\u2019onore e della fortuna di servire lo Stato secondo la volont\u00e0 ed il comandamento del Duce\u201d. Andiamo a vederli, questi interventi (spesa complessiva di 724 mila 993,81 lire): a Falcade sono stati 18 nel decennio per un impegno finanziario complessivo di 485 mila 432 lire; a Livinallongo del Col di Lana solo 4, che hanno gravato sul Comune per 239 mila 561,81 lire. Nel 1923 Falcade (2815 abitanti) ha speso 2 mila 461 lire per la sistemazione dell\u2019acquedotto di Falcade Alto con ricostruzione ex novo della vasca di presa e la sostituzione di 700 metri di tubatura e costruzione di una nuova fontana pubblica ai Sech. Nel 1924: 16 mila 500 per la sostituzione di tutta la tubatura principale per 1200 metri a Somor, a servizio di 190 utenti; 2 mila per la costruzione di una vasca di presa a Sappade; nel 1925: spesa di 32 mila 685 lire per l\u2019argine di 100 metri contro il torrente Biois a Manzonega; 51 mila 200 lire invece per il primo tronco dell\u2019argine di Col Morel sulla sinistra del Biois; 1.200 lire per l\u2019installazione nei singoli villaggi di 66 lampade per l\u2019impianto di illuminazione pubblica. Ancora: anno 1926: 58 mila 286 lire di spesa per la sistemazione delle malghe pascolive Focobon, I Lac e Bosch Brus\u00e0; anno 1927: 57 mila e 5 lire per il secondo tronco dell\u2019argine di Col Mor\u00e8l a difesa dell\u2019abitato di Pi\u00e8 Falcade; 65 mila lire per l\u2019acquedotto sempre a Pi\u00e8 Falcade; anno 1928: contenuta in 3 mila lire la spesa per concorrere alla rettifica della strada di Toccol presso Agordo; ben 72 mila 336 invece per la costruzione del nuovo acquedotto per l\u2019acqua potabile a Caviola, con 12 fontane pubbliche e l\u2019installazione di 8 idranti per eventuali incendi: anno 1929: 3 mila lire per il riatto del ponte di Gavaz; 6.500 per la costruzione di una vasca di presa a Sappade; 5 mila per la sistemazione dell\u2019acquedotto di Tabiadon de Val; 95 mila per il ripristino e completamento dell\u2019argine in pietra viva e cemento armato del torrente Biois a Col di Morel; anno 1930: 3 mila 804 lire per impianto di un vivaio forestale alle Fratte; infine anno 1932: spesa di 9 mila 455 e di 3 mila lire rispettivamente per la costruzione di cavallettoni a Costa del Solam e per un muro di sostegno costruito a Sappade. Ed eccoci a Livinallongo del Col di Lana (abitanti 2036): nel biennio 1927-28 spesa di 31 mila 840, 34 lire per la strada Andraz-Busa Caraboc-innesto con la provinciale Cernadoi-Rucav\u00e0-Caprile; nel quadriennio 1927-28-29 e 32: impegno finanziario di 71 mila 725,77 lire per la costruzione su tre piani nella via Roma del capoluogo del magazzino dei Pompieri di Pieve e Casa del Fascio (fabbricato che esisteva prima della guerra, ma era destinato allora a sede del magazzino pompieri volontari e delle scuole elementari); anni 1929 e 1931: spesa di ben 125 mila lire per la costruzione della caserma-rifugio \u201cGioppi\u201d (intitolata all\u2019eroico colonnello Gioppi) in Arabba dove si recano le truppe alpine specialmente per esercitazioni invernali. Infine nel 1931, anno nono dell\u2019era fascista: spesa di 10 mila 995,70 lire per la costruzione del muro di sostegno Sottochiesa attorno all\u2019edificio sacro e al Municipio, con sistemazione del piazzale.<\/p>\n\n\t\t\t<style type='text\/css'>\n\t\t\t\t#gallery-1 {\n\t\t\t\t\tmargin: auto;\n\t\t\t\t}\n\t\t\t\t#gallery-1 .gallery-item {\n\t\t\t\t\tfloat: left;\n\t\t\t\t\tmargin-top: 10px;\n\t\t\t\t\ttext-align: center;\n\t\t\t\t\twidth: 33%;\n\t\t\t\t}\n\t\t\t\t#gallery-1 img {\n\t\t\t\t\tborder: 2px solid #cfcfcf;\n\t\t\t\t}\n\t\t\t\t#gallery-1 .gallery-caption {\n\t\t\t\t\tmargin-left: 0;\n\t\t\t\t}\n\t\t\t\t\/* see gallery_shortcode() in wp-includes\/media.php *\/\n\t\t\t<\/style>\n\t\t<div id='gallery-1' class='dt-gallery-container gallery galleryid-176370 gallery-columns-3 gallery-size-medium'><dl class='gallery-item'>\n\t\t\t\t<dt class='gallery-icon landscape'>\n\t\t\t\t\t<a class=\"rollover rollover-zoom dt-pswp-item\" title=\"129173160_2840900166155352_6939861662723647531_n\" data-dt-img-description=\"\" data-large_image_width=\"1821\" data-large_image_height=\"1269\"href='https:\/\/www.radiopiu.net\/wordpress\/wp-content\/uploads\/2020\/12\/129173160_2840900166155352_6939861662723647531_n.jpg'><img loading=\"lazy\" decoding=\"async\" width=\"300\" height=\"209\" src=\"https:\/\/www.radiopiu.net\/wordpress\/wp-content\/uploads\/2020\/12\/129173160_2840900166155352_6939861662723647531_n-300x209.jpg\" class=\"attachment-medium size-medium\" alt=\"\" srcset=\"https:\/\/www.radiopiu.net\/wordpress\/wp-content\/uploads\/2020\/12\/129173160_2840900166155352_6939861662723647531_n-300x209.jpg 300w, https:\/\/www.radiopiu.net\/wordpress\/wp-content\/uploads\/2020\/12\/129173160_2840900166155352_6939861662723647531_n-1024x714.jpg 1024w, https:\/\/www.radiopiu.net\/wordpress\/wp-content\/uploads\/2020\/12\/129173160_2840900166155352_6939861662723647531_n-768x535.jpg 768w, https:\/\/www.radiopiu.net\/wordpress\/wp-content\/uploads\/2020\/12\/129173160_2840900166155352_6939861662723647531_n-1536x1070.jpg 1536w, https:\/\/www.radiopiu.net\/wordpress\/wp-content\/uploads\/2020\/12\/129173160_2840900166155352_6939861662723647531_n.jpg 1821w\" sizes=\"auto, (max-width: 300px) 100vw, 300px\" \/><\/a>\n\t\t\t\t<\/dt><\/dl><dl class='gallery-item'>\n\t\t\t\t<dt class='gallery-icon portrait'>\n\t\t\t\t\t<a class=\"rollover rollover-zoom dt-pswp-item\" title=\"129308762_212869763617308_8141446956676382623_n\" data-dt-img-description=\"\" data-large_image_width=\"1388\" data-large_image_height=\"2048\"href='https:\/\/www.radiopiu.net\/wordpress\/wp-content\/uploads\/2020\/12\/129308762_212869763617308_8141446956676382623_n.jpg'><img loading=\"lazy\" decoding=\"async\" width=\"203\" height=\"300\" src=\"https:\/\/www.radiopiu.net\/wordpress\/wp-content\/uploads\/2020\/12\/129308762_212869763617308_8141446956676382623_n-203x300.jpg\" class=\"attachment-medium size-medium\" alt=\"\" srcset=\"https:\/\/www.radiopiu.net\/wordpress\/wp-content\/uploads\/2020\/12\/129308762_212869763617308_8141446956676382623_n-203x300.jpg 203w, https:\/\/www.radiopiu.net\/wordpress\/wp-content\/uploads\/2020\/12\/129308762_212869763617308_8141446956676382623_n-694x1024.jpg 694w, https:\/\/www.radiopiu.net\/wordpress\/wp-content\/uploads\/2020\/12\/129308762_212869763617308_8141446956676382623_n-768x1133.jpg 768w, https:\/\/www.radiopiu.net\/wordpress\/wp-content\/uploads\/2020\/12\/129308762_212869763617308_8141446956676382623_n-1041x1536.jpg 1041w, https:\/\/www.radiopiu.net\/wordpress\/wp-content\/uploads\/2020\/12\/129308762_212869763617308_8141446956676382623_n.jpg 1388w\" sizes=\"auto, (max-width: 203px) 100vw, 203px\" \/><\/a>\n\t\t\t\t<\/dt><\/dl><dl class='gallery-item'>\n\t\t\t\t<dt class='gallery-icon landscape'>\n\t\t\t\t\t<a class=\"rollover rollover-zoom dt-pswp-item\" title=\"129424418_193991495656899_6687561531731114399_n\" data-dt-img-description=\"\" data-large_image_width=\"2048\" data-large_image_height=\"1282\"href='https:\/\/www.radiopiu.net\/wordpress\/wp-content\/uploads\/2020\/12\/129424418_193991495656899_6687561531731114399_n.jpg'><img loading=\"lazy\" decoding=\"async\" width=\"300\" height=\"188\" src=\"https:\/\/www.radiopiu.net\/wordpress\/wp-content\/uploads\/2020\/12\/129424418_193991495656899_6687561531731114399_n-300x188.jpg\" class=\"attachment-medium size-medium\" alt=\"\" srcset=\"https:\/\/www.radiopiu.net\/wordpress\/wp-content\/uploads\/2020\/12\/129424418_193991495656899_6687561531731114399_n-300x188.jpg 300w, https:\/\/www.radiopiu.net\/wordpress\/wp-content\/uploads\/2020\/12\/129424418_193991495656899_6687561531731114399_n-1024x641.jpg 1024w, https:\/\/www.radiopiu.net\/wordpress\/wp-content\/uploads\/2020\/12\/129424418_193991495656899_6687561531731114399_n-768x481.jpg 768w, https:\/\/www.radiopiu.net\/wordpress\/wp-content\/uploads\/2020\/12\/129424418_193991495656899_6687561531731114399_n-1536x962.jpg 1536w, https:\/\/www.radiopiu.net\/wordpress\/wp-content\/uploads\/2020\/12\/129424418_193991495656899_6687561531731114399_n.jpg 2048w\" sizes=\"auto, (max-width: 300px) 100vw, 300px\" \/><\/a>\n\t\t\t\t<\/dt><\/dl><br style=\"clear: both\" \/>\n\t\t\t<\/div>\n\n<p>&nbsp;<\/p>\n<p>NELLE FOTO (riproduzioni dal libro \u201cLa Provincia di Belluno in regime fascista\u201d): l\u2019argine di Col Morel a Falcade; la Casa del fascio inaugurata il 2 ottobre 1932, decimo dell\u2019era fascista a Livinallongo del Col di Lana; la freccia, sulla sinistra della panoramica, indica la Caserma Gioppi in Arabba.<\/p>\n","protected":false},"excerpt":{"rendered":"<p>di\u00a0Renato Bona\u00a0 Ci occupiamo oggi di una serie di opere che, sotto il regime fascista sono state realizzate dalle amministrazioni civiche di due comuni dell\u2019Agordino: Falcade e Livinallongo del Col di Lana. Ne da conto il prezioso, ormai introvabile volume \u201cBelluno. Attivit\u00e0 svolta e opere compiute sotto il regime fascista dalle amministrazioni e dagli enti&hellip;<\/p>\n","protected":false},"author":4,"featured_media":176374,"comment_status":"closed","ping_status":"closed","sticky":false,"template":"","format":"standard","meta":{"_monsterinsights_skip_tracking":false,"_monsterinsights_sitenote_active":false,"_monsterinsights_sitenote_note":"","_monsterinsights_sitenote_category":0,"footnotes":""},"categories":[49],"tags":[],"class_list":["post-176370","post","type-post","status-publish","format-standard","has-post-thumbnail","hentry","category-news-18","category-49","description-off"],"img_url":"https:\/\/www.radiopiu.net\/wordpress\/wp-content\/uploads\/2020\/12\/129173160_2840900166155352_6939861662723647531_n.jpg","_links":{"self":[{"href":"https:\/\/www.radiopiu.net\/wordpress\/wp-json\/wp\/v2\/posts\/176370","targetHints":{"allow":["GET"]}}],"collection":[{"href":"https:\/\/www.radiopiu.net\/wordpress\/wp-json\/wp\/v2\/posts"}],"about":[{"href":"https:\/\/www.radiopiu.net\/wordpress\/wp-json\/wp\/v2\/types\/post"}],"author":[{"embeddable":true,"href":"https:\/\/www.radiopiu.net\/wordpress\/wp-json\/wp\/v2\/users\/4"}],"replies":[{"embeddable":true,"href":"https:\/\/www.radiopiu.net\/wordpress\/wp-json\/wp\/v2\/comments?post=176370"}],"version-history":[{"count":0,"href":"https:\/\/www.radiopiu.net\/wordpress\/wp-json\/wp\/v2\/posts\/176370\/revisions"}],"wp:featuredmedia":[{"embeddable":true,"href":"https:\/\/www.radiopiu.net\/wordpress\/wp-json\/wp\/v2\/media\/176374"}],"wp:attachment":[{"href":"https:\/\/www.radiopiu.net\/wordpress\/wp-json\/wp\/v2\/media?parent=176370"}],"wp:term":[{"taxonomy":"category","embeddable":true,"href":"https:\/\/www.radiopiu.net\/wordpress\/wp-json\/wp\/v2\/categories?post=176370"},{"taxonomy":"post_tag","embeddable":true,"href":"https:\/\/www.radiopiu.net\/wordpress\/wp-json\/wp\/v2\/tags?post=176370"}],"curies":[{"name":"wp","href":"https:\/\/api.w.org\/{rel}","templated":true}]}}