{"id":176380,"date":"2020-12-02T16:55:39","date_gmt":"2020-12-02T15:55:39","guid":{"rendered":"https:\/\/www.radiopiu.net\/wordpress\/?p=176380"},"modified":"2020-12-02T16:55:39","modified_gmt":"2020-12-02T15:55:39","slug":"maltempo-sul-veneto-regione-convoca-unita-di-crisi","status":"publish","type":"post","link":"https:\/\/www.radiopiu.net\/wordpress\/maltempo-sul-veneto-regione-convoca-unita-di-crisi\/","title":{"rendered":"MALTEMPO SUL VENETO, REGIONE CONVOCA UNITA\u2019 DI CRISI"},"content":{"rendered":"<p><strong><a href=\"https:\/\/www.radiopiu.net\/wordpress\/meteo-stato-di-attenzione-per-forte-vento-e-neve\/neve-vento\/\" rel=\"attachment wp-att-176182\"><img loading=\"lazy\" decoding=\"async\" class=\" wp-image-176182 alignleft\" src=\"https:\/\/www.radiopiu.net\/wordpress\/wp-content\/uploads\/2020\/12\/NEVE-VENTO-300x300.jpg\" alt=\"\" width=\"212\" height=\"212\" srcset=\"https:\/\/www.radiopiu.net\/wordpress\/wp-content\/uploads\/2020\/12\/NEVE-VENTO-300x300.jpg 300w, https:\/\/www.radiopiu.net\/wordpress\/wp-content\/uploads\/2020\/12\/NEVE-VENTO-1024x1024.jpg 1024w, https:\/\/www.radiopiu.net\/wordpress\/wp-content\/uploads\/2020\/12\/NEVE-VENTO-150x150.jpg 150w, https:\/\/www.radiopiu.net\/wordpress\/wp-content\/uploads\/2020\/12\/NEVE-VENTO-768x768.jpg 768w, https:\/\/www.radiopiu.net\/wordpress\/wp-content\/uploads\/2020\/12\/NEVE-VENTO-1536x1536.jpg 1536w, https:\/\/www.radiopiu.net\/wordpress\/wp-content\/uploads\/2020\/12\/NEVE-VENTO.jpg 2048w\" sizes=\"auto, (max-width: 212px) 100vw, 212px\" \/><\/a>VENEZIA\u00a0<\/strong>Visto il protrarsi e il possibile intensificarsi dell\u2019ondata di maltempo che si sta abbattendo sul territorio, la Regione Veneto, con la Protezione Civile regionale, ha convocato l\u2019Unit\u00e0 di Crisi. La riunione si svolger\u00e0 domani, gioved\u00ec 3 dicembre, alle 16.00, nella sede della Protezione Civile Regionale, in Via Paolucci 34 a Marghera. Alla riunione operativa parteciperanno anche i Vigili del Fuoco, il Suem 118, Arpav, Veneto Strade e Anas. \u00ab<em>Le previsioni \u2013 dice l\u2019Assessore regionale alla Protezione Civile Gianpaolo Bottacin \u2013 indicano condizioni critiche fino al fine della settimana, con nevicate in quota e conseguente rischio valanghe. Nel resto del territorio, in particolare nell\u2019area pedemontana, sono attese forti piogge, con rischi per la tenuta idrogeologica. Al tavolo dell\u2019Unit\u00e0 di crisi faremo una valutazione della situazione, per programmare le azioni da mettere in campo<\/em>\u201d.<\/p>\n","protected":false},"excerpt":{"rendered":"<p>VENEZIA\u00a0Visto il protrarsi e il possibile intensificarsi dell\u2019ondata di maltempo che si sta abbattendo sul territorio, la Regione Veneto, con la Protezione Civile regionale, ha convocato l\u2019Unit\u00e0 di Crisi. La riunione si svolger\u00e0 domani, gioved\u00ec 3 dicembre, alle 16.00, nella sede della Protezione Civile Regionale, in Via Paolucci 34 a Marghera. Alla riunione operativa parteciperanno&hellip;<\/p>\n","protected":false},"author":4,"featured_media":176182,"comment_status":"closed","ping_status":"closed","sticky":false,"template":"","format":"standard","meta":{"_monsterinsights_skip_tracking":false,"_monsterinsights_sitenote_active":false,"_monsterinsights_sitenote_note":"","_monsterinsights_sitenote_category":0,"footnotes":""},"categories":[49],"tags":[],"class_list":["post-176380","post","type-post","status-publish","format-standard","has-post-thumbnail","hentry","category-news-18","category-49","description-off"],"img_url":"https:\/\/www.radiopiu.net\/wordpress\/wp-content\/uploads\/2020\/12\/NEVE-VENTO.jpg","_links":{"self":[{"href":"https:\/\/www.radiopiu.net\/wordpress\/wp-json\/wp\/v2\/posts\/176380","targetHints":{"allow":["GET"]}}],"collection":[{"href":"https:\/\/www.radiopiu.net\/wordpress\/wp-json\/wp\/v2\/posts"}],"about":[{"href":"https:\/\/www.radiopiu.net\/wordpress\/wp-json\/wp\/v2\/types\/post"}],"author":[{"embeddable":true,"href":"https:\/\/www.radiopiu.net\/wordpress\/wp-json\/wp\/v2\/users\/4"}],"replies":[{"embeddable":true,"href":"https:\/\/www.radiopiu.net\/wordpress\/wp-json\/wp\/v2\/comments?post=176380"}],"version-history":[{"count":0,"href":"https:\/\/www.radiopiu.net\/wordpress\/wp-json\/wp\/v2\/posts\/176380\/revisions"}],"wp:featuredmedia":[{"embeddable":true,"href":"https:\/\/www.radiopiu.net\/wordpress\/wp-json\/wp\/v2\/media\/176182"}],"wp:attachment":[{"href":"https:\/\/www.radiopiu.net\/wordpress\/wp-json\/wp\/v2\/media?parent=176380"}],"wp:term":[{"taxonomy":"category","embeddable":true,"href":"https:\/\/www.radiopiu.net\/wordpress\/wp-json\/wp\/v2\/categories?post=176380"},{"taxonomy":"post_tag","embeddable":true,"href":"https:\/\/www.radiopiu.net\/wordpress\/wp-json\/wp\/v2\/tags?post=176380"}],"curies":[{"name":"wp","href":"https:\/\/api.w.org\/{rel}","templated":true}]}}