{"id":176537,"date":"2020-12-03T11:54:29","date_gmt":"2020-12-03T10:54:29","guid":{"rendered":"https:\/\/www.radiopiu.net\/wordpress\/?p=176537"},"modified":"2020-12-03T11:54:29","modified_gmt":"2020-12-03T10:54:29","slug":"la-nuova-condotta-del-gas-naturale-per-cadore-e-cortina","status":"publish","type":"post","link":"https:\/\/www.radiopiu.net\/wordpress\/la-nuova-condotta-del-gas-naturale-per-cadore-e-cortina\/","title":{"rendered":"LA NUOVA CONDOTTA DEL GAS NATURALE PER CADORE E CORTINA"},"content":{"rendered":"<p>&nbsp;<\/p>\n<blockquote>\n<h2><\/h2>\n<\/blockquote>\n<p><strong>BELLUNO<\/strong> Bim Belluno Infrastrutture ha posato una nuova porzione di condotta (190 metri di tubazione in acciaio del diametro di 300 mm)\u00a0 in sostituzione dell\u2019esistente nel tratto di S.S. 51 d\u2019Alemagna, tra l\u2019abitato di Castellavazzo e l\u2019imbocco della galleria di Termine di Cadore. L\u2019intervento ha richiesto un investimento di\u00a0 120 mila euro, rientra in un progetto pi\u00f9 ampio di miglioramento della viabilit\u00e0 lungo la statale d\u2019Alemagna a cui ANAS sta lavorando in vista dei mondiali di sci 2021 e delle Olimpiadi 2026. Necessario, quindi, lo spostamento per evitare interferenze in corso di esecuzione dei lavori sulla viabilit\u00e0. La dorsale garantisce l\u2019approvvigionamento di circa 12 mila utenze. <em>\u201cNonostante l\u2019emergenza sanitaria per Covid-19 e le condizioni climatiche non ottimali per questa tipologia di attivit\u00e0 e per i macchinari impiegati -spiega Bruno Zanolla, Amministratore unico della societ\u00e0 &#8211;\u00a0 \u00a0abbiamo compattato i tempi di esecuzione e mantenuto stretta sinergia con Anas. Durante l\u2019intero svolgimento dei lavori e anche nella fase pi\u00f9 delicata di raccordo \u00e8 stata garantita continuit\u00e0 della fornitura alle 12 mila utenze servite&#8221;.\u00a0<\/em><\/p>\n\n\t\t\t<style type='text\/css'>\n\t\t\t\t#gallery-1 {\n\t\t\t\t\tmargin: auto;\n\t\t\t\t}\n\t\t\t\t#gallery-1 .gallery-item {\n\t\t\t\t\tfloat: left;\n\t\t\t\t\tmargin-top: 10px;\n\t\t\t\t\ttext-align: center;\n\t\t\t\t\twidth: 33%;\n\t\t\t\t}\n\t\t\t\t#gallery-1 img {\n\t\t\t\t\tborder: 2px solid #cfcfcf;\n\t\t\t\t}\n\t\t\t\t#gallery-1 .gallery-caption {\n\t\t\t\t\tmargin-left: 0;\n\t\t\t\t}\n\t\t\t\t\/* see gallery_shortcode() in wp-includes\/media.php *\/\n\t\t\t<\/style>\n\t\t<div id='gallery-1' class='dt-gallery-container gallery galleryid-176537 gallery-columns-3 gallery-size-thumbnail'><dl class='gallery-item'>\n\t\t\t\t<dt class='gallery-icon portrait'>\n\t\t\t\t\t<a class=\"rollover rollover-zoom dt-pswp-item\" title=\"raccondo della nuova condotta_2\" data-dt-img-description=\"\" data-large_image_width=\"756\" data-large_image_height=\"1008\"href='https:\/\/www.radiopiu.net\/wordpress\/wp-content\/uploads\/2020\/12\/raccondo-della-nuova-condotta_2.jpg'><img loading=\"lazy\" decoding=\"async\" width=\"150\" height=\"150\" src=\"https:\/\/www.radiopiu.net\/wordpress\/wp-content\/uploads\/2020\/12\/raccondo-della-nuova-condotta_2-150x150.jpg\" class=\"attachment-thumbnail size-thumbnail\" alt=\"\" \/><\/a>\n\t\t\t\t<\/dt><\/dl><dl class='gallery-item'>\n\t\t\t\t<dt class='gallery-icon portrait'>\n\t\t\t\t\t<a class=\"rollover rollover-zoom dt-pswp-item\" title=\"raccondo della nuova condotta_1\" data-dt-img-description=\"\" data-large_image_width=\"756\" data-large_image_height=\"1008\"href='https:\/\/www.radiopiu.net\/wordpress\/wp-content\/uploads\/2020\/12\/raccondo-della-nuova-condotta_1.jpg'><img loading=\"lazy\" decoding=\"async\" width=\"150\" height=\"150\" src=\"https:\/\/www.radiopiu.net\/wordpress\/wp-content\/uploads\/2020\/12\/raccondo-della-nuova-condotta_1-150x150.jpg\" class=\"attachment-thumbnail size-thumbnail\" alt=\"\" \/><\/a>\n\t\t\t\t<\/dt><\/dl><dl class='gallery-item'>\n\t\t\t\t<dt class='gallery-icon portrait'>\n\t\t\t\t\t<a class=\"rollover rollover-zoom dt-pswp-item\" title=\"raccondo della nuova condotta_3\" data-dt-img-description=\"\" data-large_image_width=\"756\" data-large_image_height=\"1008\"href='https:\/\/www.radiopiu.net\/wordpress\/wp-content\/uploads\/2020\/12\/raccondo-della-nuova-condotta_3.jpg'><img loading=\"lazy\" decoding=\"async\" width=\"150\" height=\"150\" src=\"https:\/\/www.radiopiu.net\/wordpress\/wp-content\/uploads\/2020\/12\/raccondo-della-nuova-condotta_3-150x150.jpg\" class=\"attachment-thumbnail size-thumbnail\" alt=\"\" \/><\/a>\n\t\t\t\t<\/dt><\/dl><br style=\"clear: both\" \/>\n\t\t\t<\/div>\n\n","protected":false},"excerpt":{"rendered":"<p>&nbsp; BELLUNO Bim Belluno Infrastrutture ha posato una nuova porzione di condotta (190 metri di tubazione in acciaio del diametro di 300 mm)\u00a0 in sostituzione dell\u2019esistente nel tratto di S.S. 51 d\u2019Alemagna, tra l\u2019abitato di Castellavazzo e l\u2019imbocco della galleria di Termine di Cadore. L\u2019intervento ha richiesto un investimento di\u00a0 120 mila euro, rientra in&hellip;<\/p>\n","protected":false},"author":4,"featured_media":176539,"comment_status":"closed","ping_status":"closed","sticky":false,"template":"","format":"standard","meta":{"_monsterinsights_skip_tracking":false,"_monsterinsights_sitenote_active":false,"_monsterinsights_sitenote_note":"","_monsterinsights_sitenote_category":0,"footnotes":""},"categories":[49],"tags":[],"class_list":["post-176537","post","type-post","status-publish","format-standard","has-post-thumbnail","hentry","category-news-18","category-49","description-off"],"img_url":"https:\/\/www.radiopiu.net\/wordpress\/wp-content\/uploads\/2020\/12\/raccondo-della-nuova-condotta_1.jpg","_links":{"self":[{"href":"https:\/\/www.radiopiu.net\/wordpress\/wp-json\/wp\/v2\/posts\/176537","targetHints":{"allow":["GET"]}}],"collection":[{"href":"https:\/\/www.radiopiu.net\/wordpress\/wp-json\/wp\/v2\/posts"}],"about":[{"href":"https:\/\/www.radiopiu.net\/wordpress\/wp-json\/wp\/v2\/types\/post"}],"author":[{"embeddable":true,"href":"https:\/\/www.radiopiu.net\/wordpress\/wp-json\/wp\/v2\/users\/4"}],"replies":[{"embeddable":true,"href":"https:\/\/www.radiopiu.net\/wordpress\/wp-json\/wp\/v2\/comments?post=176537"}],"version-history":[{"count":0,"href":"https:\/\/www.radiopiu.net\/wordpress\/wp-json\/wp\/v2\/posts\/176537\/revisions"}],"wp:featuredmedia":[{"embeddable":true,"href":"https:\/\/www.radiopiu.net\/wordpress\/wp-json\/wp\/v2\/media\/176539"}],"wp:attachment":[{"href":"https:\/\/www.radiopiu.net\/wordpress\/wp-json\/wp\/v2\/media?parent=176537"}],"wp:term":[{"taxonomy":"category","embeddable":true,"href":"https:\/\/www.radiopiu.net\/wordpress\/wp-json\/wp\/v2\/categories?post=176537"},{"taxonomy":"post_tag","embeddable":true,"href":"https:\/\/www.radiopiu.net\/wordpress\/wp-json\/wp\/v2\/tags?post=176537"}],"curies":[{"name":"wp","href":"https:\/\/api.w.org\/{rel}","templated":true}]}}