{"id":176542,"date":"2020-12-03T12:25:03","date_gmt":"2020-12-03T11:25:03","guid":{"rendered":"https:\/\/www.radiopiu.net\/wordpress\/?p=176542"},"modified":"2020-12-03T13:36:14","modified_gmt":"2020-12-03T12:36:14","slug":"176542-2","status":"publish","type":"post","link":"https:\/\/www.radiopiu.net\/wordpress\/176542-2\/","title":{"rendered":"LIMITAZIONE AGLI SPOSTAMENTI NEI PICCOLI COMUNI &#8220;PER LORO UN LOCKDOWN DA ZONA ROSSA IN ZONA GIALLA&#8221;: conferenza stampa di Luca Zaia &#8220;COME REGIONI ABBIAMO CHIESTO DI TENERE CONTO DELL&#8217;ASPETTO UMANO&#8221;"},"content":{"rendered":"<p><strong>VENEZIA <\/strong>Punto stampa, aggiornamento covid19 dalla sede della Protezione Civile di Marghera.<\/p>\n<p><strong>I NUMERI 2.837.802 (+17.000) TEST RAPIDI 1.060.240 (+33.505) POSITIVI ATTUALI 70.603 POSITIVI DA INIZIO PANDEMIA 154.490 (+3581), RICOVERATI 3068 TERAPIA INTENSIVA 336 (-4), DECESSI 3982 (+95) DIMESSI 7528 (+36).<\/strong><\/p>\n<blockquote>\n<h2>LEGGI LA CONFERENZA DI LUCA ZAIA<\/h2>\n<\/blockquote>\n<p><em>Confini comunali: \u00e8 esatto, ma la scelta \u00e8 assurda per i piccoli Comuni. In quelli grandi si ammette lo spostamento di 3 milioni di persone? Concordo con Toti Il governatore\u00a0 della Liguria che ritiene scorretto che il governo\u00a0 non abbia coinvolto le regioni. Come regioni abbiamo chiesto di tener conto dell&#8217;aspetto umano.<\/em><\/p>\n<p><strong>BOZZA DEL DPCM<\/strong> Alle 2.30 di questa mattina \u00e8 arrivata la bozza del DPCM, lascia non poche perplessit\u00e0. Prima viene la salute e lo abbiamo dimostrato, questo DPCM \u00e8 talmente incisivo su alcuni aspetti (spostamenti) e il Governo si \u00e8 visto costretto ad approvare un decreto legge che va a legittimare i vincoli degli spostamenti. Dal 21 dicembre al 6 gennaio gli spostamenti tra Regioni non sono possibili. Nei giorni 25, 16 e 1 gennaio divieto di spostamento dai confini comunali e si aprono scenari di natura umana (mancato ricongiungimento con i parenti) ed \u00e8 il primo aspetto per i Veneti. Mi rivolger\u00f2 al prefetti perch\u00e9 premano sul Governo: non \u00e8 pensabile dividere figli e genitori il giorno di Natale.\u00a0 Ci sono mille altre soluzioni per evitare gli spostamenti, magari giustificando coloro che hanno il ricongiungimento familiare. L&#8217;altro aspetto i territori di periferia dell&#8217;abitato diffuso \u00e8 una sperequazione estrema. Un cittadino che abita a Roma con 3 milioni di abitanti pu\u00f2 andare dove vuole. Per un piccolo Comune \u00e8 un semi lockdown, si vive l&#8217;effetto della zona rossa in zona gialla. I ristoratori possono chiudere&#8230;l&#8217;effetto \u00e8 inevitabilmente che gli unici avventori nei pranzi di Natale e dell&#8217;anno sono clienti di quel Comune. La sperequazione \u00e8 evidente. Spero che il Governo in queste poche ore riveda questi aspetti nell&#8217;interesse della sanit\u00e0 pubblica ma se il problema degli spostamenti c&#8217;\u00e8 deve esserci per tutti. Impianti di sci la previsione \u00e8 di chiudere tutto e riaprire dal 7 gennaio e poi c&#8217;\u00e8 l&#8217;attivit\u00e0 dei Prefetti. Noi con i Prefetti abbiamo ottimi rapporti, ma se proprio si vuol far intervenire i Prefetti lo si faccia dove le Regioni non funzionano. Scuola via dal 7 gennaio (al 50% di quelle attualmente chiuse &#8211; secondarie superiori) ma con i trasporti al 50% della loro capacit\u00e0 e si riapre un altro problema. <strong>ORDINANZA REGIONALE<\/strong>\u00a0 Decade e non sar\u00e0 rinnovata, c&#8217;\u00e8 il DPCM che ancora una volta fa riferimento ai centri commerciali ma non ai grandi negozi e questa \u00e8 la seconda volta. Domani vedremo quale sar\u00e0 il DPCM ufficiale,\u00a0 su quale fascia colorata sar\u00e0 collocato il Veneto, poi si vedr\u00e0 se intervenire o meno. <strong>E&#8217; CAMBIATO IL CLIMA CON IL GOVERNO<\/strong> Questo \u00e8 un DPCM centrale nella battaglia del covid, \u00e8 evidente che ormai \u00e8 diventato cerimoniale di Corte, le Regioni posso dire si, no, ni&#8230;. sono sentite per modo di dire, le nostre richieste rimangono sempre agli atti, non vengono mai colte. <strong>SECONDE CASE<\/strong> Chi ha seconde case e vuole uscire dalla Regione pu\u00f2\u00a0 spostasi il 21 e tornare il 7.<\/p>\n<p>&nbsp;<\/p>\n<p><a href=\"https:\/\/www.facebook.com\/zaiaufficiale\/videos\/433125887979991\">https:\/\/www.facebook.com\/zaiaufficiale\/videos\/433125887979991<\/a><\/p>\n","protected":false},"excerpt":{"rendered":"<p>VENEZIA Punto stampa, aggiornamento covid19 dalla sede della Protezione Civile di Marghera. I NUMERI 2.837.802 (+17.000) TEST RAPIDI 1.060.240 (+33.505) POSITIVI ATTUALI 70.603 POSITIVI DA INIZIO PANDEMIA 154.490 (+3581), RICOVERATI 3068 TERAPIA INTENSIVA 336 (-4), DECESSI 3982 (+95) DIMESSI 7528 (+36). LEGGI LA CONFERENZA DI LUCA ZAIA Confini comunali: \u00e8 esatto, ma la scelta \u00e8&hellip;<\/p>\n","protected":false},"author":4,"featured_media":175388,"comment_status":"closed","ping_status":"closed","sticky":false,"template":"","format":"standard","meta":{"_monsterinsights_skip_tracking":false,"_monsterinsights_sitenote_active":false,"_monsterinsights_sitenote_note":"","_monsterinsights_sitenote_category":0,"footnotes":""},"categories":[51,49],"tags":[],"class_list":["post-176542","post","type-post","status-publish","format-standard","has-post-thumbnail","hentry","category-evidenza-top","category-news-18","category-51","category-49","description-off"],"img_url":"https:\/\/www.radiopiu.net\/wordpress\/wp-content\/uploads\/2020\/11\/ZAIA-1.jpg","_links":{"self":[{"href":"https:\/\/www.radiopiu.net\/wordpress\/wp-json\/wp\/v2\/posts\/176542","targetHints":{"allow":["GET"]}}],"collection":[{"href":"https:\/\/www.radiopiu.net\/wordpress\/wp-json\/wp\/v2\/posts"}],"about":[{"href":"https:\/\/www.radiopiu.net\/wordpress\/wp-json\/wp\/v2\/types\/post"}],"author":[{"embeddable":true,"href":"https:\/\/www.radiopiu.net\/wordpress\/wp-json\/wp\/v2\/users\/4"}],"replies":[{"embeddable":true,"href":"https:\/\/www.radiopiu.net\/wordpress\/wp-json\/wp\/v2\/comments?post=176542"}],"version-history":[{"count":0,"href":"https:\/\/www.radiopiu.net\/wordpress\/wp-json\/wp\/v2\/posts\/176542\/revisions"}],"wp:featuredmedia":[{"embeddable":true,"href":"https:\/\/www.radiopiu.net\/wordpress\/wp-json\/wp\/v2\/media\/175388"}],"wp:attachment":[{"href":"https:\/\/www.radiopiu.net\/wordpress\/wp-json\/wp\/v2\/media?parent=176542"}],"wp:term":[{"taxonomy":"category","embeddable":true,"href":"https:\/\/www.radiopiu.net\/wordpress\/wp-json\/wp\/v2\/categories?post=176542"},{"taxonomy":"post_tag","embeddable":true,"href":"https:\/\/www.radiopiu.net\/wordpress\/wp-json\/wp\/v2\/tags?post=176542"}],"curies":[{"name":"wp","href":"https:\/\/api.w.org\/{rel}","templated":true}]}}