{"id":176626,"date":"2020-12-03T17:15:26","date_gmt":"2020-12-03T16:15:26","guid":{"rendered":"https:\/\/www.radiopiu.net\/wordpress\/?p=176626"},"modified":"2020-12-03T17:15:26","modified_gmt":"2020-12-03T16:15:26","slug":"le-preoccupazioni-dello-spi-cgil-sulla-seconda-ondata-del-covid-19-in-provincia","status":"publish","type":"post","link":"https:\/\/www.radiopiu.net\/wordpress\/le-preoccupazioni-dello-spi-cgil-sulla-seconda-ondata-del-covid-19-in-provincia\/","title":{"rendered":"LE PREOCCUPAZIONI DELLO SPI CGIL SULLA SECONDA ONDATA DEL COVID-19 IN PROVINCIA"},"content":{"rendered":"<p><strong><a href=\"https:\/\/www.radiopiu.net\/wordpress\/giornale-radiopiu-06-febbraio-2019-direttore-mirko-mezzacasa\/logo_spi-cgil-800x445\/\" rel=\"attachment wp-att-75538\"><img loading=\"lazy\" decoding=\"async\" class=\"size-medium wp-image-75538 alignleft\" src=\"https:\/\/www.radiopiu.net\/wordpress\/wp-content\/uploads\/2019\/02\/Logo_Spi-CGIL-800x445-300x167.jpg\" alt=\"\" width=\"300\" height=\"167\" srcset=\"https:\/\/www.radiopiu.net\/wordpress\/wp-content\/uploads\/2019\/02\/Logo_Spi-CGIL-800x445-300x167.jpg 300w, https:\/\/www.radiopiu.net\/wordpress\/wp-content\/uploads\/2019\/02\/Logo_Spi-CGIL-800x445-768x427.jpg 768w, https:\/\/www.radiopiu.net\/wordpress\/wp-content\/uploads\/2019\/02\/Logo_Spi-CGIL-800x445.jpg 800w\" sizes=\"auto, (max-width: 300px) 100vw, 300px\" \/><\/a>BELLUNO <\/strong>Maria Rita Gentilin, segretario bellunese dello SPI CGIL, con una lettera aperta esprime le preoccupazioni sulla seconda ondata del Covid-19 in provincia di Belluno<\/p>\n<blockquote><p><em>Lo SPI CGIL di Belluno vive con grande apprensione e malessere questa seconda ondata dei contagi che colpiscono ancora pi\u00f9 duramente le persone anziane. La carenza del personale infermieristico e degli operatori socio sanitari, ne mancano 130 in totale, 85 operatori e 45 infermieri, determina un sovralavoro e al tempo stesso una minore assistenza alle persone in cura. Determina inoltre situazioni di estrema gravit\u00e0 come quella accaduta nella RSA di Cusighe dove l\u2019assistenza \u00e8 venuta a mancare totalmente. La stessa assistenza territoriale \u00e8 parziale per mancanza di operatori e medici tant\u2019\u00e8 che di quattro Usca, le unit\u00e0 speciali di continuit\u00e0 assistenziale, solo una \u00e8 sul territorio, quella che opera nel feltrino. L\u2019Usca di Belluno sembra finalmente pronta. Dovrebbe prendere in cura anche situazioni come Rsa disabili , i \u00a0malati \u00a0covid a domicilio e i malati nelle rsa. Possiamo capire che gli operatori siano introvabili, sia a causa del contagio sia a causa della quarantena e che pertanto non possono essere in servizio, ma qualcuno dovrebbe indicare dove recuperare le risorse umane che servono a fronteggiare le carenze. La seconda ondata risulta essere pi\u00f9 aggressiva della prima in cui non c\u2019erano i dpi. Ora i dpi ci sono e le istruzioni per l\u2019uso pure \u00a0ma \u00a0si ha la sensazione che non sia appropriata la gestione. L\u2019elevato numero di contagi (4769 che ad oggi si dimostrano il 2,4% della popolazione.)\u00a0 ad Auronzo, dove si \u00e8 optato per uno screening di massa, a Longarone dove si sono chiuse le scuole fino al 12 gennaio, nell\u2019area Zoldano e nell\u2019area Alpago amento di positivit\u00e0, come nel Cadore Comelico prima e ora senza tregua, hanno messo in allerta la popolazione di tutta la Provincia. Abbiamo gi\u00e0 scritto che le risorse sono state stanziate dal Governo e trasferite sul territorio e dovono essere utilizzate per rafforzare e attivare i nuovi servizi messi in programma. Le risorse dei Piani di Zona, straordinari proprio per via della pandemia, sono fondamentali per i distretti. Gli anziani da10 mesi all\u2019interno delle Case di riposo senza abbracciare un loro caro. La vita in questo periodo trascorsa in solitudine\u00a0 e con il senso di angoscia oltre alla malattia. \u00a0Una nuova attrezzatura consente ora, posizionata in una zona \u201cAbbracci\u201d di poter toccare e abbracciare un congiunto. Auspicabile che sia messa a disposizone in ogni Rsa. Infine non possiamo pi\u00f9 tacere sui decessi 4 o 5 anziani muoiono con patologia covid quasi ogni giorno Dato ultimo totale: 92 decessi in case di riposo e 91 in ospedali. Un fine vita in assoluta solitudine e un distacco dai familiari senza nessun conforto. Un conforto che manca anche a chi resta.<\/em><\/p>\n<p><em>Maria Rita Gentilin<\/em><\/p>\n<p><em>Segretaria Spi Cgil Belluno<\/em><\/p><\/blockquote>\n","protected":false},"excerpt":{"rendered":"<p>BELLUNO Maria Rita Gentilin, segretario bellunese dello SPI CGIL, con una lettera aperta esprime le preoccupazioni sulla seconda ondata del Covid-19 in provincia di Belluno Lo SPI CGIL di Belluno vive con grande apprensione e malessere questa seconda ondata dei contagi che colpiscono ancora pi\u00f9 duramente le persone anziane. La carenza del personale infermieristico e&hellip;<\/p>\n","protected":false},"author":4,"featured_media":75538,"comment_status":"closed","ping_status":"closed","sticky":false,"template":"","format":"standard","meta":{"_monsterinsights_skip_tracking":false,"_monsterinsights_sitenote_active":false,"_monsterinsights_sitenote_note":"","_monsterinsights_sitenote_category":0,"footnotes":""},"categories":[49],"tags":[],"class_list":["post-176626","post","type-post","status-publish","format-standard","has-post-thumbnail","hentry","category-news-18","category-49","description-off"],"img_url":"https:\/\/www.radiopiu.net\/wordpress\/wp-content\/uploads\/2019\/02\/Logo_Spi-CGIL-800x445.jpg","_links":{"self":[{"href":"https:\/\/www.radiopiu.net\/wordpress\/wp-json\/wp\/v2\/posts\/176626","targetHints":{"allow":["GET"]}}],"collection":[{"href":"https:\/\/www.radiopiu.net\/wordpress\/wp-json\/wp\/v2\/posts"}],"about":[{"href":"https:\/\/www.radiopiu.net\/wordpress\/wp-json\/wp\/v2\/types\/post"}],"author":[{"embeddable":true,"href":"https:\/\/www.radiopiu.net\/wordpress\/wp-json\/wp\/v2\/users\/4"}],"replies":[{"embeddable":true,"href":"https:\/\/www.radiopiu.net\/wordpress\/wp-json\/wp\/v2\/comments?post=176626"}],"version-history":[{"count":0,"href":"https:\/\/www.radiopiu.net\/wordpress\/wp-json\/wp\/v2\/posts\/176626\/revisions"}],"wp:featuredmedia":[{"embeddable":true,"href":"https:\/\/www.radiopiu.net\/wordpress\/wp-json\/wp\/v2\/media\/75538"}],"wp:attachment":[{"href":"https:\/\/www.radiopiu.net\/wordpress\/wp-json\/wp\/v2\/media?parent=176626"}],"wp:term":[{"taxonomy":"category","embeddable":true,"href":"https:\/\/www.radiopiu.net\/wordpress\/wp-json\/wp\/v2\/categories?post=176626"},{"taxonomy":"post_tag","embeddable":true,"href":"https:\/\/www.radiopiu.net\/wordpress\/wp-json\/wp\/v2\/tags?post=176626"}],"curies":[{"name":"wp","href":"https:\/\/api.w.org\/{rel}","templated":true}]}}