{"id":176629,"date":"2020-12-03T17:23:27","date_gmt":"2020-12-03T16:23:27","guid":{"rendered":"https:\/\/www.radiopiu.net\/wordpress\/?p=176629"},"modified":"2020-12-03T17:30:00","modified_gmt":"2020-12-03T16:30:00","slug":"meteo-in-arrivo-nuova-fase-di-maltempo-con-vento-forte-e-precipitazioni-intense","status":"publish","type":"post","link":"https:\/\/www.radiopiu.net\/wordpress\/meteo-in-arrivo-nuova-fase-di-maltempo-con-vento-forte-e-precipitazioni-intense\/","title":{"rendered":"METEO. IN ARRIVO NUOVA FASE DI MALTEMPO CON VENTO FORTE E PRECIPITAZIONI INTENSE"},"content":{"rendered":"<p><strong><a href=\"https:\/\/www.radiopiu.net\/wordpress\/continua-sino-a-domani-mattina-lo-stato-di-attenzione-per-temporali\/pioggia-3\/\" rel=\"attachment wp-att-165742\"><img loading=\"lazy\" decoding=\"async\" class=\"size-medium wp-image-165742 alignleft\" src=\"https:\/\/www.radiopiu.net\/wordpress\/wp-content\/uploads\/2020\/10\/PIOGGIA-300x190.jpg\" alt=\"\" width=\"300\" height=\"190\" srcset=\"https:\/\/www.radiopiu.net\/wordpress\/wp-content\/uploads\/2020\/10\/PIOGGIA-300x190.jpg 300w, https:\/\/www.radiopiu.net\/wordpress\/wp-content\/uploads\/2020\/10\/PIOGGIA-1024x650.jpg 1024w, https:\/\/www.radiopiu.net\/wordpress\/wp-content\/uploads\/2020\/10\/PIOGGIA-768x487.jpg 768w, https:\/\/www.radiopiu.net\/wordpress\/wp-content\/uploads\/2020\/10\/PIOGGIA-1536x974.jpg 1536w, https:\/\/www.radiopiu.net\/wordpress\/wp-content\/uploads\/2020\/10\/PIOGGIA.jpg 1920w\" sizes=\"auto, (max-width: 300px) 100vw, 300px\" \/><\/a>VENEZIA\u00a0<\/strong>\u00c8 in arrivo una nuova e intensa fase di maltempo sul territorio del Veneto nel fine settimana con precipitazioni estese e persistenti e venti forti dai quadranti meridionali. Il Centro Funzionale Decentrato della Protezione Civile ha emesso un avviso di preallarme\u00a0 (allerta arancione) dalle 14 di domani e fino alla mezzanotte di domenica per criticit\u00e0 idrogeologica e idraulica nei bacini dell\u2019Alto Piave, Piave Pedemontano e Alto Brenta-Bacchiglione. Allerta arancione per criticit\u00e0 idraulica anche nel bacino del Livenza. \u00c8 stato dichiarato lo stato di attenzione (allerta gialla) per criticit\u00e0 idraulica e idrogeologica nei bacini dell\u2019Adige, del Basso Brenta e Basso Piave. La fase pi\u00f9 critica dell\u2019evento \u00e8 prevista tra sabato pomeriggio e domenica pomeriggio. Sono previste precipitazioni a partire da domani mattina in progressiva estensione e intensificazione durante la giornata. Le precipitazioni pi\u00f9 intense saranno concentrate tra il pomeriggio di domani e quello di domenica. Le zone pi\u00f9 colpite saranno quelle montane e pedemontane con quantitativi anche molto abbondanti specie sulle zone prealpine centro-orientali e Dolomiti. La Protezione Civile ha dichiarato inoltre lo stato di attenzione per vento forte dai quadranti meridionali sulla zona costiera e pianura limitrofe, e sulle zona prealpina e alpina dalle 14 di domani e fino alla mezzanotte di domenica.<\/p>\n<p><a href=\"https:\/\/www.radiopiu.net\/wordpress\/meteo-in-arrivo-nuova-fase-di-maltempo-con-vento-forte-e-precipitazioni-intense\/schermata-2020-12-03-alle-17-21-43\/\" rel=\"attachment wp-att-176630\"><img loading=\"lazy\" decoding=\"async\" class=\"alignnone wp-image-176630 size-large\" src=\"https:\/\/www.radiopiu.net\/wordpress\/wp-content\/uploads\/2020\/12\/Schermata-2020-12-03-alle-17.21.43-1024x334.png\" alt=\"\" width=\"1024\" height=\"334\" srcset=\"https:\/\/www.radiopiu.net\/wordpress\/wp-content\/uploads\/2020\/12\/Schermata-2020-12-03-alle-17.21.43-1024x334.png 1024w, https:\/\/www.radiopiu.net\/wordpress\/wp-content\/uploads\/2020\/12\/Schermata-2020-12-03-alle-17.21.43-300x98.png 300w, https:\/\/www.radiopiu.net\/wordpress\/wp-content\/uploads\/2020\/12\/Schermata-2020-12-03-alle-17.21.43-768x251.png 768w, https:\/\/www.radiopiu.net\/wordpress\/wp-content\/uploads\/2020\/12\/Schermata-2020-12-03-alle-17.21.43-1536x501.png 1536w, https:\/\/www.radiopiu.net\/wordpress\/wp-content\/uploads\/2020\/12\/Schermata-2020-12-03-alle-17.21.43.png 1710w\" sizes=\"auto, (max-width: 1024px) 100vw, 1024px\" \/><\/a><\/p>\n","protected":false},"excerpt":{"rendered":"<p>VENEZIA\u00a0\u00c8 in arrivo una nuova e intensa fase di maltempo sul territorio del Veneto nel fine settimana con precipitazioni estese e persistenti e venti forti dai quadranti meridionali. Il Centro Funzionale Decentrato della Protezione Civile ha emesso un avviso di preallarme\u00a0 (allerta arancione) dalle 14 di domani e fino alla mezzanotte di domenica per criticit\u00e0&hellip;<\/p>\n","protected":false},"author":4,"featured_media":165742,"comment_status":"closed","ping_status":"closed","sticky":false,"template":"","format":"standard","meta":{"_monsterinsights_skip_tracking":false,"_monsterinsights_sitenote_active":false,"_monsterinsights_sitenote_note":"","_monsterinsights_sitenote_category":0,"footnotes":""},"categories":[51,49],"tags":[],"class_list":["post-176629","post","type-post","status-publish","format-standard","has-post-thumbnail","hentry","category-evidenza-top","category-news-18","category-51","category-49","description-off"],"img_url":"https:\/\/www.radiopiu.net\/wordpress\/wp-content\/uploads\/2020\/10\/PIOGGIA.jpg","_links":{"self":[{"href":"https:\/\/www.radiopiu.net\/wordpress\/wp-json\/wp\/v2\/posts\/176629","targetHints":{"allow":["GET"]}}],"collection":[{"href":"https:\/\/www.radiopiu.net\/wordpress\/wp-json\/wp\/v2\/posts"}],"about":[{"href":"https:\/\/www.radiopiu.net\/wordpress\/wp-json\/wp\/v2\/types\/post"}],"author":[{"embeddable":true,"href":"https:\/\/www.radiopiu.net\/wordpress\/wp-json\/wp\/v2\/users\/4"}],"replies":[{"embeddable":true,"href":"https:\/\/www.radiopiu.net\/wordpress\/wp-json\/wp\/v2\/comments?post=176629"}],"version-history":[{"count":0,"href":"https:\/\/www.radiopiu.net\/wordpress\/wp-json\/wp\/v2\/posts\/176629\/revisions"}],"wp:featuredmedia":[{"embeddable":true,"href":"https:\/\/www.radiopiu.net\/wordpress\/wp-json\/wp\/v2\/media\/165742"}],"wp:attachment":[{"href":"https:\/\/www.radiopiu.net\/wordpress\/wp-json\/wp\/v2\/media?parent=176629"}],"wp:term":[{"taxonomy":"category","embeddable":true,"href":"https:\/\/www.radiopiu.net\/wordpress\/wp-json\/wp\/v2\/categories?post=176629"},{"taxonomy":"post_tag","embeddable":true,"href":"https:\/\/www.radiopiu.net\/wordpress\/wp-json\/wp\/v2\/tags?post=176629"}],"curies":[{"name":"wp","href":"https:\/\/api.w.org\/{rel}","templated":true}]}}