{"id":176710,"date":"2020-12-04T10:13:09","date_gmt":"2020-12-04T09:13:09","guid":{"rendered":"https:\/\/www.radiopiu.net\/wordpress\/?p=176710"},"modified":"2020-12-04T10:13:09","modified_gmt":"2020-12-04T09:13:09","slug":"poesia-de-primavera-di-federico-soppelsa","status":"publish","type":"post","link":"https:\/\/www.radiopiu.net\/wordpress\/poesia-de-primavera-di-federico-soppelsa\/","title":{"rendered":"POESIA DE PRIMAVERA di FEDERICO SOPPELSA"},"content":{"rendered":"<p align=\"LEFT\">AUDIO<\/p>\n<audio class=\"wp-audio-shortcode\" id=\"audio-176710-1\" preload=\"none\" style=\"width: 100%;\" controls=\"controls\"><source type=\"audio\/mpeg\" src=\"https:\/\/www.radiopiu.net\/wordpress\/wp-content\/uploads\/2020\/12\/5PRESENTAZIONE-FEDERICO-SOPPELSA-POESIA-DE-PRIMAVERA.mp3?_=1\" \/><a href=\"https:\/\/www.radiopiu.net\/wordpress\/wp-content\/uploads\/2020\/12\/5PRESENTAZIONE-FEDERICO-SOPPELSA-POESIA-DE-PRIMAVERA.mp3\">https:\/\/www.radiopiu.net\/wordpress\/wp-content\/uploads\/2020\/12\/5PRESENTAZIONE-FEDERICO-SOPPELSA-POESIA-DE-PRIMAVERA.mp3<\/a><\/audio>\n<p>&nbsp;<\/p>\n<p align=\"LEFT\"><a href=\"https:\/\/www.radiopiu.net\/wordpress\/mero-fermata-di-deborah-zerovnik\/federico-soppelsa-foto\/\" rel=\"attachment wp-att-175857\"><img loading=\"lazy\" decoding=\"async\" class=\"wp-image-175857 alignleft\" src=\"https:\/\/www.radiopiu.net\/wordpress\/wp-content\/uploads\/2020\/11\/FEDERICO-SOPPELSA-FOTO-300x300.jpg\" alt=\"\" width=\"123\" height=\"123\" srcset=\"https:\/\/www.radiopiu.net\/wordpress\/wp-content\/uploads\/2020\/11\/FEDERICO-SOPPELSA-FOTO-300x300.jpg 300w, https:\/\/www.radiopiu.net\/wordpress\/wp-content\/uploads\/2020\/11\/FEDERICO-SOPPELSA-FOTO-150x150.jpg 150w, https:\/\/www.radiopiu.net\/wordpress\/wp-content\/uploads\/2020\/11\/FEDERICO-SOPPELSA-FOTO.jpg 500w\" sizes=\"auto, (max-width: 123px) 100vw, 123px\" \/><\/a>POESIA DE PRIMAVERA<\/p>\n<p align=\"LEFT\"><span style=\"font-size: small;\">L\u2019aria fresca sia de matina che da sera<\/span><\/p>\n<p align=\"LEFT\"><span style=\"font-size: small;\">finalmente le torn\u00e0 la primavera<\/span><\/p>\n<p align=\"LEFT\"><span style=\"font-size: small;\">le giornade le \u00e8 p\u00ec longhe scaldade dal sol<\/span><\/p>\n<p align=\"LEFT\"><span style=\"font-size: small;\">chel pasa gi\u00e0 alto in mez le neole sora el col<\/span><\/p>\n<p align=\"LEFT\"><span style=\"font-size: small;\">i auziei i scomenza a cinguett\u00e0<\/span><\/p>\n<p align=\"LEFT\"><span style=\"font-size: small;\">apena che la luna la v\u00e0 a se paus\u00e0<\/span><\/p>\n<p align=\"LEFT\"><span style=\"font-size: small;\">i gai i d\u00e0 la sveglia de bonora<\/span><\/p>\n<p align=\"LEFT\"><span style=\"font-size: small;\">anca a chi che volaria dorm\u00ec <\/span><span style=\"color: #000000;\"><span style=\"font-size: small;\">encora<\/span><\/span><\/p>\n<p align=\"LEFT\"><span style=\"font-size: small;\">te sente gi\u00e0 el rumor dei pasi d\u00f9 par i troi<\/span><\/p>\n<p align=\"LEFT\"><span style=\"font-size: small;\">de chi che v\u00e0 a laor\u00e0 i p\u00ec fortunai al d\u00ec d\u2019ancoi<\/span><\/p>\n<p align=\"LEFT\"><span style=\"font-size: small;\">e se te ha la finestra verta o en cin in sfesa<\/span><\/p>\n<p align=\"LEFT\"><span style=\"font-size: small;\">i rintoc de le campane de la ciesa<\/span><\/p>\n<p align=\"LEFT\"><span style=\"font-size: small;\">le foie sui alber le scomenza a<\/span><span style=\"color: #000000;\"><span style=\"font-size: small;\"> verdeg\u00e0<\/span><\/span><\/p>\n<p align=\"LEFT\"><span style=\"font-size: small;\">sora le goze de rugiada le le f\u00e0 sgorl\u00e0<\/span><\/p>\n<p align=\"LEFT\"><span style=\"font-size: small;\">co le sbrisa d\u00f9 encora l\u00e0 par aria<\/span><\/p>\n<p align=\"LEFT\"><span style=\"font-size: small;\">le riflet i raggi del sol en te na cascata immaginaria<\/span><\/p>\n<p align=\"LEFT\"><span style=\"font-size: small;\">i grii scondui en tei ciufet de l\u2019erba encora curta<\/span><\/p>\n<p align=\"LEFT\"><span style=\"font-size: small;\">i canta o i frinis na musicheta tut\u2019altro che burta<\/span><\/p>\n<p align=\"LEFT\"><span style=\"font-size: small;\">le formighe che li sent le se met tute a gir\u00e0<\/span><\/p>\n<p align=\"LEFT\"><span style=\"font-size: small;\">le se pesta anca le zate chele che no e bone de bal\u00e0<\/span><\/p>\n<p align=\"LEFT\"><span style=\"font-size: small;\">le af le gira sora che la balera improvisada<\/span><\/p>\n<p align=\"LEFT\"><span style=\"font-size: small;\">le zerca i fiori par ghe d\u00e0 n\u2019impolinada<\/span><\/p>\n<p align=\"LEFT\"><span style=\"font-size: small;\">co le \u00e8 strache le se f\u00e0 na penichella<\/span><\/p>\n<p align=\"LEFT\"><span style=\"font-size: small;\">le se endormeza vizin na vispa cocinella<\/span><\/p>\n<p align=\"LEFT\"><span style=\"font-size: small;\">a na zerta ora per\u00f2 riva quasi sempre el temporal<\/span><\/p>\n<p align=\"LEFT\"><span style=\"font-size: small;\">scominzia a devent\u00e0 tut negher fora en tel canal<\/span><\/p>\n<p align=\"LEFT\"><span style=\"font-size: small;\">i grii le formighe e anca le af le se met a sosta<\/span><\/p>\n<p align=\"LEFT\"><span style=\"font-size: small;\">parch\u00e8 chel pr\u00e0 fra poc deventar\u00e0 na rosta<\/span><\/p>\n<p align=\"LEFT\"><span style=\"font-size: small;\">e difati no v\u00e0 via tant togn e lampi su par le zime <\/span><\/p>\n<p align=\"LEFT\"><span style=\"font-size: small;\">el scomenza a scravaz\u00e0 e stravent\u00e0 su le perline <\/span><\/p>\n<p align=\"LEFT\"><span style=\"font-size: small;\">dopo en cin per\u00f2 i color de l\u2019iride su par i pez<\/span><\/p>\n<p align=\"LEFT\"><span style=\"font-size: small;\">e en bel arcobaleno dal Pelsa a Prademez <\/span><\/p>\n<p align=\"LEFT\"><span style=\"font-size: small;\">primavera la staion che d\u00e0 la vita<\/span><\/p>\n<p align=\"LEFT\"><span style=\"font-size: small;\">chela che la natura la sielt par rendela fiorita<\/span><\/p>\n<p align=\"LEFT\"><span style=\"font-size: small;\">l\u2019aria fresca e el profumo dei fior en te tuti i cantogn<\/span><\/p>\n<p align=\"LEFT\"><span style=\"font-size: large;\"><span style=\"color: #000000;\"><span style=\"font-size: small;\">mareveie<\/span><\/span><span style=\"font-size: small;\"> che no te cate en te le alt<\/span><\/span><\/p>\n","protected":false},"excerpt":{"rendered":"<p>AUDIO &nbsp; POESIA DE PRIMAVERA L\u2019aria fresca sia de matina che da sera finalmente le torn\u00e0 la primavera le giornade le \u00e8 p\u00ec longhe scaldade dal sol chel pasa gi\u00e0 alto in mez le neole sora el col i auziei i scomenza a cinguett\u00e0 apena che la luna la v\u00e0 a se paus\u00e0 i gai&hellip;<\/p>\n","protected":false},"author":4,"featured_media":175857,"comment_status":"closed","ping_status":"closed","sticky":false,"template":"","format":"standard","meta":{"_monsterinsights_skip_tracking":false,"_monsterinsights_sitenote_active":false,"_monsterinsights_sitenote_note":"","_monsterinsights_sitenote_category":0,"footnotes":""},"categories":[22,49],"tags":[],"class_list":["post-176710","post","type-post","status-publish","format-standard","has-post-thumbnail","hentry","category-invivoverso","category-news-18","category-22","category-49","description-off"],"img_url":"https:\/\/www.radiopiu.net\/wordpress\/wp-content\/uploads\/2020\/11\/FEDERICO-SOPPELSA-FOTO.jpg","_links":{"self":[{"href":"https:\/\/www.radiopiu.net\/wordpress\/wp-json\/wp\/v2\/posts\/176710","targetHints":{"allow":["GET"]}}],"collection":[{"href":"https:\/\/www.radiopiu.net\/wordpress\/wp-json\/wp\/v2\/posts"}],"about":[{"href":"https:\/\/www.radiopiu.net\/wordpress\/wp-json\/wp\/v2\/types\/post"}],"author":[{"embeddable":true,"href":"https:\/\/www.radiopiu.net\/wordpress\/wp-json\/wp\/v2\/users\/4"}],"replies":[{"embeddable":true,"href":"https:\/\/www.radiopiu.net\/wordpress\/wp-json\/wp\/v2\/comments?post=176710"}],"version-history":[{"count":0,"href":"https:\/\/www.radiopiu.net\/wordpress\/wp-json\/wp\/v2\/posts\/176710\/revisions"}],"wp:featuredmedia":[{"embeddable":true,"href":"https:\/\/www.radiopiu.net\/wordpress\/wp-json\/wp\/v2\/media\/175857"}],"wp:attachment":[{"href":"https:\/\/www.radiopiu.net\/wordpress\/wp-json\/wp\/v2\/media?parent=176710"}],"wp:term":[{"taxonomy":"category","embeddable":true,"href":"https:\/\/www.radiopiu.net\/wordpress\/wp-json\/wp\/v2\/categories?post=176710"},{"taxonomy":"post_tag","embeddable":true,"href":"https:\/\/www.radiopiu.net\/wordpress\/wp-json\/wp\/v2\/tags?post=176710"}],"curies":[{"name":"wp","href":"https:\/\/api.w.org\/{rel}","templated":true}]}}