{"id":176725,"date":"2020-12-04T11:33:48","date_gmt":"2020-12-04T10:33:48","guid":{"rendered":"https:\/\/www.radiopiu.net\/wordpress\/?p=176725"},"modified":"2020-12-04T11:33:48","modified_gmt":"2020-12-04T10:33:48","slug":"luncem-insiste-al-governo-chiediamo-di-non-penalizzare-i-borghi-alpini","status":"publish","type":"post","link":"https:\/\/www.radiopiu.net\/wordpress\/luncem-insiste-al-governo-chiediamo-di-non-penalizzare-i-borghi-alpini\/","title":{"rendered":"L&#8217;UNCEM INSISTE: &#8220;AL GOVERNO CHIEDIAMO DI NON PENALIZZARE I BORGHI ALPINI&#8221;"},"content":{"rendered":"<p><strong>ROMA\u00a0<\/strong> Uncem, con tutti i Comuni montani, resta in attesa delle FAQ del Governo relative al DPCM firmato stanotte, per chiarire opportunit\u00e0 e modalit\u00e0, deroghe e soluzioni agli spostamenti di persone, anche tra Comuni montani limitrofi. I quasi mille morti di ieri preoccupano anche Uncem, cos\u00ec come la possibile\u00a0 &#8220;terza ondata&#8221; e aumento dei contagi. Serve dunque il buonsenso. E servono azioni basate su dati scientifici come il CTS ci spiega. <em>&#8220;Ma occorre prevedere, come Uncem ha chiesto anche ieri al Governo &#8211; e il CTS ha dato un&#8217;apertura &#8211; una serie di opportunit\u00e0 di spostamento tra piccoli Comuni &#8211; nelle FAQ, domande e risposte ufficiali su governo.it &#8211; affinch\u00e9 non si penalizzi chi vive in un borgo alpino o appenninico. Bloccarlo nel suo villaggio, nel suo paese, comporterebbe una disparit\u00e0 di trattamento rispetto a chi vive a Roma, Torino, Brescia, Cagliari&#8230; o in un&#8217;altra grande citt\u00e0 italiana. Consentire gli spostamenti tra Comuni montani, all&#8217;interno di una stessa valle almeno, \u00e8 importante. Con buonsenso di tutti, di ogni cittadino, e attenzione istituzionale verso i territori, tutti, con le loro dimensioni e le loro peculiarit\u00e0&#8221;.<\/em><\/p>\n","protected":false},"excerpt":{"rendered":"<p>ROMA\u00a0 Uncem, con tutti i Comuni montani, resta in attesa delle FAQ del Governo relative al DPCM firmato stanotte, per chiarire opportunit\u00e0 e modalit\u00e0, deroghe e soluzioni agli spostamenti di persone, anche tra Comuni montani limitrofi. I quasi mille morti di ieri preoccupano anche Uncem, cos\u00ec come la possibile\u00a0 &#8220;terza ondata&#8221; e aumento dei contagi.&hellip;<\/p>\n","protected":false},"author":4,"featured_media":70891,"comment_status":"closed","ping_status":"closed","sticky":false,"template":"","format":"standard","meta":{"_monsterinsights_skip_tracking":false,"_monsterinsights_sitenote_active":false,"_monsterinsights_sitenote_note":"","_monsterinsights_sitenote_category":0,"footnotes":""},"categories":[51,49],"tags":[],"class_list":["post-176725","post","type-post","status-publish","format-standard","has-post-thumbnail","hentry","category-evidenza-top","category-news-18","category-51","category-49","description-off"],"img_url":"https:\/\/www.radiopiu.net\/wordpress\/wp-content\/uploads\/2018\/12\/arabba-by-night\u00a9Arabba_Fodom_Turismo0T8A6520.jpg","_links":{"self":[{"href":"https:\/\/www.radiopiu.net\/wordpress\/wp-json\/wp\/v2\/posts\/176725","targetHints":{"allow":["GET"]}}],"collection":[{"href":"https:\/\/www.radiopiu.net\/wordpress\/wp-json\/wp\/v2\/posts"}],"about":[{"href":"https:\/\/www.radiopiu.net\/wordpress\/wp-json\/wp\/v2\/types\/post"}],"author":[{"embeddable":true,"href":"https:\/\/www.radiopiu.net\/wordpress\/wp-json\/wp\/v2\/users\/4"}],"replies":[{"embeddable":true,"href":"https:\/\/www.radiopiu.net\/wordpress\/wp-json\/wp\/v2\/comments?post=176725"}],"version-history":[{"count":0,"href":"https:\/\/www.radiopiu.net\/wordpress\/wp-json\/wp\/v2\/posts\/176725\/revisions"}],"wp:featuredmedia":[{"embeddable":true,"href":"https:\/\/www.radiopiu.net\/wordpress\/wp-json\/wp\/v2\/media\/70891"}],"wp:attachment":[{"href":"https:\/\/www.radiopiu.net\/wordpress\/wp-json\/wp\/v2\/media?parent=176725"}],"wp:term":[{"taxonomy":"category","embeddable":true,"href":"https:\/\/www.radiopiu.net\/wordpress\/wp-json\/wp\/v2\/categories?post=176725"},{"taxonomy":"post_tag","embeddable":true,"href":"https:\/\/www.radiopiu.net\/wordpress\/wp-json\/wp\/v2\/tags?post=176725"}],"curies":[{"name":"wp","href":"https:\/\/api.w.org\/{rel}","templated":true}]}}