{"id":176781,"date":"2020-12-05T05:44:23","date_gmt":"2020-12-05T04:44:23","guid":{"rendered":"https:\/\/www.radiopiu.net\/wordpress\/?p=176781"},"modified":"2020-12-06T10:59:57","modified_gmt":"2020-12-06T09:59:57","slug":"luxottica-in-previsione-nuovi-innesti-per-la-filiera-della-plastica-intanto-sul-nuovo-edificio-atti-di-incivilta-nei-bagni","status":"publish","type":"post","link":"https:\/\/www.radiopiu.net\/wordpress\/luxottica-in-previsione-nuovi-innesti-per-la-filiera-della-plastica-intanto-sul-nuovo-edificio-atti-di-incivilta-nei-bagni\/","title":{"rendered":"LUXOTTICA: IN PREVISIONE NUOVI INNESTI PER LA FILIERA DELLA PLASTICA. INTANTO SUL NUOVO EDIFICIO ATTI DI INCIVILTA&#8217; NEI BAGNI"},"content":{"rendered":"<p><strong><a href=\"https:\/\/www.radiopiu.net\/wordpress\/luxottica-agordo-il-calendario-ferie-di-natale\/maglia-luxottica\/\" rel=\"attachment wp-att-103580\"><img loading=\"lazy\" decoding=\"async\" class=\"size-medium wp-image-103580 alignleft\" src=\"https:\/\/www.radiopiu.net\/wordpress\/wp-content\/uploads\/2019\/10\/MAGLIA-LUXOTTICA-300x300.jpeg\" alt=\"\" width=\"300\" height=\"300\" srcset=\"https:\/\/www.radiopiu.net\/wordpress\/wp-content\/uploads\/2019\/10\/MAGLIA-LUXOTTICA-300x300.jpeg 300w, https:\/\/www.radiopiu.net\/wordpress\/wp-content\/uploads\/2019\/10\/MAGLIA-LUXOTTICA-150x150.jpeg 150w, https:\/\/www.radiopiu.net\/wordpress\/wp-content\/uploads\/2019\/10\/MAGLIA-LUXOTTICA-768x768.jpeg 768w, https:\/\/www.radiopiu.net\/wordpress\/wp-content\/uploads\/2019\/10\/MAGLIA-LUXOTTICA.jpeg 1024w\" sizes=\"auto, (max-width: 300px) 100vw, 300px\" \/><\/a>AGORDO<\/strong> Nella giornata di gioved\u00ec Luxottica ha avuto un incontro con le RSU dello stabilimento di Agordo per affrontare alcuni temi importanti. Primo punto le previsioni di mercato per il 2021. Si prevede una crescita importante delle richieste sulla parte Iniettato, ecco perch\u00e9 ci sar\u00e0 la necessit\u00e0 di effettuare nuovi inserimenti. Restano stabili, invece, i volumi sul metallo e per motivi di approvvigionamento, \u00e8 stato cancellato il sabato di straordinario incentivato previsto per il 5 Dicembre per il reparto saldatura. Per quanto riguarda i part-time incentivati a 6 ore, Luxottica ha specificato che, in caso di straordinario nel periodo a 6 h i lavoratori potranno scegliere se:\u00a0fermarsi per le 2 ore supplementari senza pausa pranzo con ritiro del cestino a fine turno (in questo caso vedranno 2 ore di straordinario) o usufruire della\u00a0mensa anziendalerinunciando, di fatto al cestino e accantonando solamente 1 ora e mezza di lavoro supplementare facendo una pausa di 30 minuti.\u00a0Stessa cosa varr\u00e0 per i PTI notturni per cui l\u2019azienda ha comunicato che verranno accantonate in straordinario solo 4 ore e 30&#8242;. &#8220;Per noi, questo tema \u00e8 di rilevante importanza perch\u00e9 crediamo che si possa e si debba fare di meglio&#8221; dicono i delegati CISL. Il turno notturno anticiper\u00e0 la prestazione lavorativa a domenica 20, in modo da staccare sulla mattina del 23 dicembre ed avere cos\u00ec la Vigilia di Natale libera. Infine si \u00e8 parlato della nuova parte di stabilimento inaugurata pochi giorni fa con lo trasferimento della filiera della plastica. Purtroppo dopo pochi giorni si sono registrati degli atti di incivilt\u00e0. &#8220;<em>A proposito del nuovo reparto Iniettato dispiace rilevare che, a pochi giorni dall\u2019inaugurazione, qualcuno si sia gi\u00e0 preso la briga di danneggiare i servizi igienici e lasciare le presse in condizioni non decorose &#8211; dicono i delegati CISL &#8211;\u00a0Ricordiamo ai colleghi che questo tipo di comportamenti non solo siano deprecabili dal punto di vista etico, ma anche sanzionabili da parte Aziendale e concordiamo con la dirigenza nel condannare tali atteggiamenti che, purtroppo, vanno a scapito di tutti. Auspichiamo &#8211; concludono i rappresentanti CISL &#8211; che la maggioranza dei lavoratori eserciti un sano controllo sociale sulla minoranza di incivili e li faccia sentire isolati come meritano&#8221;.<\/em><\/p>\n<p>&nbsp;<\/p>\n<blockquote>\n<h3><span style=\"font-size: 14px; font-weight: normal;\">dal Corriere delle Alpi, Gianni Santomaso<\/span><\/h3>\n<\/blockquote>\n<audio class=\"wp-audio-shortcode\" id=\"audio-176781-1\" preload=\"none\" style=\"width: 100%;\" controls=\"controls\"><source type=\"audio\/mpeg\" src=\"https:\/\/www.radiopiu.net\/wordpress\/wp-content\/uploads\/2020\/12\/gianni-luxottica.mp3?_=1\" \/><a href=\"https:\/\/www.radiopiu.net\/wordpress\/wp-content\/uploads\/2020\/12\/gianni-luxottica.mp3\">https:\/\/www.radiopiu.net\/wordpress\/wp-content\/uploads\/2020\/12\/gianni-luxottica.mp3<\/a><\/audio>\n<p>&nbsp;<\/p>\n","protected":false},"excerpt":{"rendered":"<p>AGORDO Nella giornata di gioved\u00ec Luxottica ha avuto un incontro con le RSU dello stabilimento di Agordo per affrontare alcuni temi importanti. Primo punto le previsioni di mercato per il 2021. Si prevede una crescita importante delle richieste sulla parte Iniettato, ecco perch\u00e9 ci sar\u00e0 la necessit\u00e0 di effettuare nuovi inserimenti. Restano stabili, invece, i&hellip;<\/p>\n","protected":false},"author":4,"featured_media":103580,"comment_status":"closed","ping_status":"closed","sticky":false,"template":"","format":"standard","meta":{"_monsterinsights_skip_tracking":false,"_monsterinsights_sitenote_active":false,"_monsterinsights_sitenote_note":"","_monsterinsights_sitenote_category":0,"footnotes":""},"categories":[49],"tags":[],"class_list":["post-176781","post","type-post","status-publish","format-standard","has-post-thumbnail","hentry","category-news-18","category-49","description-off"],"img_url":"https:\/\/www.radiopiu.net\/wordpress\/wp-content\/uploads\/2019\/10\/MAGLIA-LUXOTTICA.jpeg","_links":{"self":[{"href":"https:\/\/www.radiopiu.net\/wordpress\/wp-json\/wp\/v2\/posts\/176781","targetHints":{"allow":["GET"]}}],"collection":[{"href":"https:\/\/www.radiopiu.net\/wordpress\/wp-json\/wp\/v2\/posts"}],"about":[{"href":"https:\/\/www.radiopiu.net\/wordpress\/wp-json\/wp\/v2\/types\/post"}],"author":[{"embeddable":true,"href":"https:\/\/www.radiopiu.net\/wordpress\/wp-json\/wp\/v2\/users\/4"}],"replies":[{"embeddable":true,"href":"https:\/\/www.radiopiu.net\/wordpress\/wp-json\/wp\/v2\/comments?post=176781"}],"version-history":[{"count":0,"href":"https:\/\/www.radiopiu.net\/wordpress\/wp-json\/wp\/v2\/posts\/176781\/revisions"}],"wp:featuredmedia":[{"embeddable":true,"href":"https:\/\/www.radiopiu.net\/wordpress\/wp-json\/wp\/v2\/media\/103580"}],"wp:attachment":[{"href":"https:\/\/www.radiopiu.net\/wordpress\/wp-json\/wp\/v2\/media?parent=176781"}],"wp:term":[{"taxonomy":"category","embeddable":true,"href":"https:\/\/www.radiopiu.net\/wordpress\/wp-json\/wp\/v2\/categories?post=176781"},{"taxonomy":"post_tag","embeddable":true,"href":"https:\/\/www.radiopiu.net\/wordpress\/wp-json\/wp\/v2\/tags?post=176781"}],"curies":[{"name":"wp","href":"https:\/\/api.w.org\/{rel}","templated":true}]}}