{"id":176790,"date":"2020-12-04T15:49:34","date_gmt":"2020-12-04T14:49:34","guid":{"rendered":"https:\/\/www.radiopiu.net\/wordpress\/?p=176790"},"modified":"2020-12-04T15:49:35","modified_gmt":"2020-12-04T14:49:35","slug":"meteo-iniziate-48-ore-di-maltempo-in-veneto-fase-piu-critica-attesa-da-sabato-pomeriggio-a-domenica","status":"publish","type":"post","link":"https:\/\/www.radiopiu.net\/wordpress\/meteo-iniziate-48-ore-di-maltempo-in-veneto-fase-piu-critica-attesa-da-sabato-pomeriggio-a-domenica\/","title":{"rendered":"METEO. INIZIATE 48 ORE DI MALTEMPO IN VENETO. FASE PIU\u2019 CRITICA ATTESA DA SABATO POMERIGGIO A DOMENICA"},"content":{"rendered":"<p><strong><a href=\"https:\/\/www.radiopiu.net\/wordpress\/meteo-sul-veneto-ancora-tempo-instabile-con-rasserenamenti-alternati-a-piovaschi-e-qualche-possibile-temporale\/pioggia-2\/\" rel=\"attachment wp-att-144264\"><img loading=\"lazy\" decoding=\"async\" class=\"size-medium wp-image-144264 alignleft\" src=\"https:\/\/www.radiopiu.net\/wordpress\/wp-content\/uploads\/2020\/06\/PIOGGIA-300x199.jpg\" alt=\"\" width=\"300\" height=\"199\" srcset=\"https:\/\/www.radiopiu.net\/wordpress\/wp-content\/uploads\/2020\/06\/PIOGGIA-300x199.jpg 300w, https:\/\/www.radiopiu.net\/wordpress\/wp-content\/uploads\/2020\/06\/PIOGGIA-1024x678.jpg 1024w, https:\/\/www.radiopiu.net\/wordpress\/wp-content\/uploads\/2020\/06\/PIOGGIA-768x508.jpg 768w, https:\/\/www.radiopiu.net\/wordpress\/wp-content\/uploads\/2020\/06\/PIOGGIA-1536x1017.jpg 1536w, https:\/\/www.radiopiu.net\/wordpress\/wp-content\/uploads\/2020\/06\/PIOGGIA.jpg 1920w\" sizes=\"auto, (max-width: 300px) 100vw, 300px\" \/><\/a>VENEZIA\u00a0<\/strong>Il Centro Funzionale Decentrato della Protezione Civile, alla luce delle previsioni meteo di ARPAV e dell\u2019intensa ondata di maltempo in arrivo sul Veneto, ha emesso un avviso di criticit\u00e0, valido fino alla mezzanotte di domenica, che eleva il livello di allerta a rosso (allarme) nel bacino del Piave Pedemontano, tra le province di Belluno e Treviso a partire dalle ore 14 di domani 5 dicembre fino alla mezzanotte di domenica, prima \u00e8 da considerarsi arancione (preallarme). La criticit\u00e0 idraulica per il tratto di fiume Piave dello stesso bacino \u00e8 da considerarsi arancione per tutta la validit\u00e0 dell\u2019avviso. Per quanto concerne i bacini dell\u2019Alto Piave e Alto Brenta-Bacchiglione-Alpone viene confermato lo stato di preallarme (allerta arancione) fino alla mezzanotte di domenica per criticit\u00e0 idrogeologica e lo stesso livello di allerta per criticit\u00e0 idraulica anche nel bacino del Livenza. Per il resto dei bacini resta lo stato di attenzione. Le previsioni meteo indicano da oggi pomeriggio e nel fine settimana intenso e prolungato episodio sciroccale; previste precipitazioni estese e persistenti sulle zone montane e pedemontane con quantitativi molto abbondanti in particolare su Prealpi centro-orientali e Dolomiti; fenomeni di minore entit\u00e0 sulla pianura centro-meridionale. Limite delle nevicate in rialzo, specie sabato, fino a circa 1500-1800 m su Prealpi e intorno ai 1200-1500 m su Dolomiti. Le precipitazioni pi\u00f9 consistenti saranno concentrate nella giornata di domani 5 dicembre e nelle 48 ore comprese tra il pomeriggio di oggi e quello di domenica 6 dicembre.\u00a0La fase pi\u00f9 critica dell\u2019evento sar\u00e0 concentrata nelle 24 ore tra sabato pomeriggio e domenica pomeriggio.<\/p>\n<p><a href=\"https:\/\/www.radiopiu.net\/wordpress\/meteo-iniziate-48-ore-di-maltempo-in-veneto-fase-piu-critica-attesa-da-sabato-pomeriggio-a-domenica\/schermata-2020-12-04-alle-15-48-11\/\" rel=\"attachment wp-att-176791\"><img loading=\"lazy\" decoding=\"async\" class=\"alignnone wp-image-176791 size-large\" src=\"https:\/\/www.radiopiu.net\/wordpress\/wp-content\/uploads\/2020\/12\/Schermata-2020-12-04-alle-15.48.11-1024x334.png\" alt=\"\" width=\"1024\" height=\"334\" srcset=\"https:\/\/www.radiopiu.net\/wordpress\/wp-content\/uploads\/2020\/12\/Schermata-2020-12-04-alle-15.48.11-1024x334.png 1024w, https:\/\/www.radiopiu.net\/wordpress\/wp-content\/uploads\/2020\/12\/Schermata-2020-12-04-alle-15.48.11-300x98.png 300w, https:\/\/www.radiopiu.net\/wordpress\/wp-content\/uploads\/2020\/12\/Schermata-2020-12-04-alle-15.48.11-768x251.png 768w, https:\/\/www.radiopiu.net\/wordpress\/wp-content\/uploads\/2020\/12\/Schermata-2020-12-04-alle-15.48.11-1536x501.png 1536w, https:\/\/www.radiopiu.net\/wordpress\/wp-content\/uploads\/2020\/12\/Schermata-2020-12-04-alle-15.48.11.png 1710w\" sizes=\"auto, (max-width: 1024px) 100vw, 1024px\" \/><\/a><\/p>\n","protected":false},"excerpt":{"rendered":"<p>VENEZIA\u00a0Il Centro Funzionale Decentrato della Protezione Civile, alla luce delle previsioni meteo di ARPAV e dell\u2019intensa ondata di maltempo in arrivo sul Veneto, ha emesso un avviso di criticit\u00e0, valido fino alla mezzanotte di domenica, che eleva il livello di allerta a rosso (allarme) nel bacino del Piave Pedemontano, tra le province di Belluno e&hellip;<\/p>\n","protected":false},"author":4,"featured_media":144264,"comment_status":"closed","ping_status":"closed","sticky":false,"template":"","format":"standard","meta":{"_monsterinsights_skip_tracking":false,"_monsterinsights_sitenote_active":false,"_monsterinsights_sitenote_note":"","_monsterinsights_sitenote_category":0,"footnotes":""},"categories":[49],"tags":[],"class_list":["post-176790","post","type-post","status-publish","format-standard","has-post-thumbnail","hentry","category-news-18","category-49","description-off"],"img_url":"https:\/\/www.radiopiu.net\/wordpress\/wp-content\/uploads\/2020\/06\/PIOGGIA.jpg","_links":{"self":[{"href":"https:\/\/www.radiopiu.net\/wordpress\/wp-json\/wp\/v2\/posts\/176790","targetHints":{"allow":["GET"]}}],"collection":[{"href":"https:\/\/www.radiopiu.net\/wordpress\/wp-json\/wp\/v2\/posts"}],"about":[{"href":"https:\/\/www.radiopiu.net\/wordpress\/wp-json\/wp\/v2\/types\/post"}],"author":[{"embeddable":true,"href":"https:\/\/www.radiopiu.net\/wordpress\/wp-json\/wp\/v2\/users\/4"}],"replies":[{"embeddable":true,"href":"https:\/\/www.radiopiu.net\/wordpress\/wp-json\/wp\/v2\/comments?post=176790"}],"version-history":[{"count":0,"href":"https:\/\/www.radiopiu.net\/wordpress\/wp-json\/wp\/v2\/posts\/176790\/revisions"}],"wp:featuredmedia":[{"embeddable":true,"href":"https:\/\/www.radiopiu.net\/wordpress\/wp-json\/wp\/v2\/media\/144264"}],"wp:attachment":[{"href":"https:\/\/www.radiopiu.net\/wordpress\/wp-json\/wp\/v2\/media?parent=176790"}],"wp:term":[{"taxonomy":"category","embeddable":true,"href":"https:\/\/www.radiopiu.net\/wordpress\/wp-json\/wp\/v2\/categories?post=176790"},{"taxonomy":"post_tag","embeddable":true,"href":"https:\/\/www.radiopiu.net\/wordpress\/wp-json\/wp\/v2\/tags?post=176790"}],"curies":[{"name":"wp","href":"https:\/\/api.w.org\/{rel}","templated":true}]}}