{"id":176806,"date":"2020-12-05T05:36:38","date_gmt":"2020-12-05T04:36:38","guid":{"rendered":"https:\/\/www.radiopiu.net\/wordpress\/?p=176806"},"modified":"2020-12-05T05:55:39","modified_gmt":"2020-12-05T04:55:39","slug":"in-aumento-i-contagi-nella-conca-agordina","status":"publish","type":"post","link":"https:\/\/www.radiopiu.net\/wordpress\/in-aumento-i-contagi-nella-conca-agordina\/","title":{"rendered":"IN AUMENTO I CONTAGI NELLA CONCA AGORDINA"},"content":{"rendered":"<p><strong>AGORDO<\/strong> Pi\u00f9 che una comunicazione \u00e8 una richiesta di collaborazione quella del sindaco Roberto Chissal\u00e8 alla luce degli ultimi dati emidemiologici, in aumento i casi di positivit\u00e0 ed isolamento ad Agordo, anche a Taibon i numeri sono in ascesa, stamane 32 positivi e 43 isolati, quindi i positivi in due settimane sono\u00a0 quasi triplicati.<\/p>\n<p><strong>IL SINDACO ROBERTO CHISSALE&#8217;<\/strong><\/p>\n<audio class=\"wp-audio-shortcode\" id=\"audio-176806-1\" preload=\"none\" style=\"width: 100%;\" controls=\"controls\"><source type=\"audio\/mpeg\" src=\"https:\/\/www.radiopiu.net\/wordpress\/wp-content\/uploads\/2020\/12\/chissael.mp3?_=1\" \/><a href=\"https:\/\/www.radiopiu.net\/wordpress\/wp-content\/uploads\/2020\/12\/chissael.mp3\">https:\/\/www.radiopiu.net\/wordpress\/wp-content\/uploads\/2020\/12\/chissael.mp3<\/a><\/audio>\n","protected":false},"excerpt":{"rendered":"<p>AGORDO Pi\u00f9 che una comunicazione \u00e8 una richiesta di collaborazione quella del sindaco Roberto Chissal\u00e8 alla luce degli ultimi dati emidemiologici, in aumento i casi di positivit\u00e0 ed isolamento ad Agordo, anche a Taibon i numeri sono in ascesa, stamane 32 positivi e 43 isolati, quindi i positivi in due settimane sono\u00a0 quasi triplicati. IL&hellip;<\/p>\n","protected":false},"author":4,"featured_media":121793,"comment_status":"closed","ping_status":"closed","sticky":false,"template":"","format":"standard","meta":{"_monsterinsights_skip_tracking":false,"_monsterinsights_sitenote_active":false,"_monsterinsights_sitenote_note":"","_monsterinsights_sitenote_category":0,"footnotes":""},"categories":[1,51,104,49],"tags":[],"class_list":["post-176806","post","type-post","status-publish","format-standard","has-post-thumbnail","hentry","category-senza-categoria","category-evidenza-top","category-evidenza_3","category-news-18","category-1","category-51","category-104","category-49","description-off"],"img_url":"https:\/\/www.radiopiu.net\/wordpress\/wp-content\/uploads\/2020\/03\/covid-importante.jpg","_links":{"self":[{"href":"https:\/\/www.radiopiu.net\/wordpress\/wp-json\/wp\/v2\/posts\/176806","targetHints":{"allow":["GET"]}}],"collection":[{"href":"https:\/\/www.radiopiu.net\/wordpress\/wp-json\/wp\/v2\/posts"}],"about":[{"href":"https:\/\/www.radiopiu.net\/wordpress\/wp-json\/wp\/v2\/types\/post"}],"author":[{"embeddable":true,"href":"https:\/\/www.radiopiu.net\/wordpress\/wp-json\/wp\/v2\/users\/4"}],"replies":[{"embeddable":true,"href":"https:\/\/www.radiopiu.net\/wordpress\/wp-json\/wp\/v2\/comments?post=176806"}],"version-history":[{"count":0,"href":"https:\/\/www.radiopiu.net\/wordpress\/wp-json\/wp\/v2\/posts\/176806\/revisions"}],"wp:featuredmedia":[{"embeddable":true,"href":"https:\/\/www.radiopiu.net\/wordpress\/wp-json\/wp\/v2\/media\/121793"}],"wp:attachment":[{"href":"https:\/\/www.radiopiu.net\/wordpress\/wp-json\/wp\/v2\/media?parent=176806"}],"wp:term":[{"taxonomy":"category","embeddable":true,"href":"https:\/\/www.radiopiu.net\/wordpress\/wp-json\/wp\/v2\/categories?post=176806"},{"taxonomy":"post_tag","embeddable":true,"href":"https:\/\/www.radiopiu.net\/wordpress\/wp-json\/wp\/v2\/tags?post=176806"}],"curies":[{"name":"wp","href":"https:\/\/api.w.org\/{rel}","templated":true}]}}