{"id":176837,"date":"2020-12-04T18:03:18","date_gmt":"2020-12-04T17:03:18","guid":{"rendered":"https:\/\/www.radiopiu.net\/wordpress\/?p=176837"},"modified":"2020-12-04T18:03:18","modified_gmt":"2020-12-04T17:03:18","slug":"mondiali-di-sci-a-cortina-piano-per-la-legalita-firmato-dal-prefetto-di-belluno","status":"publish","type":"post","link":"https:\/\/www.radiopiu.net\/wordpress\/mondiali-di-sci-a-cortina-piano-per-la-legalita-firmato-dal-prefetto-di-belluno\/","title":{"rendered":"MONDIALI DI SCI A CORTINA: PIANO PER LA LEGALIT\u00c0 FIRMATO\u00a0 DAL PREFETTO DI BELLUNO"},"content":{"rendered":"<p><strong><a href=\"https:\/\/www.radiopiu.net\/wordpress\/giornale-radiopiu-05-dicembre-2020-direttore-mirko-mezzacasa\/img_20201204_125604\/\" rel=\"attachment wp-att-176772\"><img loading=\"lazy\" decoding=\"async\" class=\"size-medium wp-image-176772 alignleft\" src=\"https:\/\/www.radiopiu.net\/wordpress\/wp-content\/uploads\/2020\/12\/IMG_20201204_125604-300x225.jpg\" alt=\"\" width=\"300\" height=\"225\" srcset=\"https:\/\/www.radiopiu.net\/wordpress\/wp-content\/uploads\/2020\/12\/IMG_20201204_125604-300x225.jpg 300w, https:\/\/www.radiopiu.net\/wordpress\/wp-content\/uploads\/2020\/12\/IMG_20201204_125604-1024x768.jpg 1024w, https:\/\/www.radiopiu.net\/wordpress\/wp-content\/uploads\/2020\/12\/IMG_20201204_125604-768x576.jpg 768w, https:\/\/www.radiopiu.net\/wordpress\/wp-content\/uploads\/2020\/12\/IMG_20201204_125604-1536x1152.jpg 1536w, https:\/\/www.radiopiu.net\/wordpress\/wp-content\/uploads\/2020\/12\/IMG_20201204_125604-2048x1536.jpg 2048w\" sizes=\"auto, (max-width: 300px) 100vw, 300px\" \/><\/a>BELLUNO<\/strong> Evitare qualsiasi eventuale infiltrazione della criminalit\u00e0 organizzata. Ribadire la trasparenza come valore collettivo. \u00c8 questo lo spirito di fondo del Piano per la legalit\u00e0 firmato\u00a0 dal Prefetto di Belluno, Adriana Cogode e da Valerio Toniolo, Commissario per la realizzazione del progetto sportivo dei Campionati mondiali di sci alpino che si svolgeranno a Cortina dal 7 al 21 febbraio 2021.<\/p>\n<p><strong>IL SERVIZIO DI MORENO GIOLI<\/strong><\/p>\n<audio class=\"wp-audio-shortcode\" id=\"audio-176837-1\" preload=\"none\" style=\"width: 100%;\" controls=\"controls\"><source type=\"audio\/mpeg\" src=\"https:\/\/www.radiopiu.net\/wordpress\/wp-content\/uploads\/2020\/12\/GIOLI-PREFETTO-MONDIALI-SCI.mp3?_=1\" \/><a href=\"https:\/\/www.radiopiu.net\/wordpress\/wp-content\/uploads\/2020\/12\/GIOLI-PREFETTO-MONDIALI-SCI.mp3\">https:\/\/www.radiopiu.net\/wordpress\/wp-content\/uploads\/2020\/12\/GIOLI-PREFETTO-MONDIALI-SCI.mp3<\/a><\/audio>\n","protected":false},"excerpt":{"rendered":"<p>BELLUNO Evitare qualsiasi eventuale infiltrazione della criminalit\u00e0 organizzata. Ribadire la trasparenza come valore collettivo. \u00c8 questo lo spirito di fondo del Piano per la legalit\u00e0 firmato\u00a0 dal Prefetto di Belluno, Adriana Cogode e da Valerio Toniolo, Commissario per la realizzazione del progetto sportivo dei Campionati mondiali di sci alpino che si svolgeranno a Cortina dal&hellip;<\/p>\n","protected":false},"author":4,"featured_media":176773,"comment_status":"closed","ping_status":"closed","sticky":false,"template":"","format":"standard","meta":{"_monsterinsights_skip_tracking":false,"_monsterinsights_sitenote_active":false,"_monsterinsights_sitenote_note":"","_monsterinsights_sitenote_category":0,"footnotes":""},"categories":[49],"tags":[],"class_list":["post-176837","post","type-post","status-publish","format-standard","has-post-thumbnail","hentry","category-news-18","category-49","description-off"],"img_url":"https:\/\/www.radiopiu.net\/wordpress\/wp-content\/uploads\/2020\/12\/IMG_20201204_125602-scaled.jpg","_links":{"self":[{"href":"https:\/\/www.radiopiu.net\/wordpress\/wp-json\/wp\/v2\/posts\/176837","targetHints":{"allow":["GET"]}}],"collection":[{"href":"https:\/\/www.radiopiu.net\/wordpress\/wp-json\/wp\/v2\/posts"}],"about":[{"href":"https:\/\/www.radiopiu.net\/wordpress\/wp-json\/wp\/v2\/types\/post"}],"author":[{"embeddable":true,"href":"https:\/\/www.radiopiu.net\/wordpress\/wp-json\/wp\/v2\/users\/4"}],"replies":[{"embeddable":true,"href":"https:\/\/www.radiopiu.net\/wordpress\/wp-json\/wp\/v2\/comments?post=176837"}],"version-history":[{"count":0,"href":"https:\/\/www.radiopiu.net\/wordpress\/wp-json\/wp\/v2\/posts\/176837\/revisions"}],"wp:featuredmedia":[{"embeddable":true,"href":"https:\/\/www.radiopiu.net\/wordpress\/wp-json\/wp\/v2\/media\/176773"}],"wp:attachment":[{"href":"https:\/\/www.radiopiu.net\/wordpress\/wp-json\/wp\/v2\/media?parent=176837"}],"wp:term":[{"taxonomy":"category","embeddable":true,"href":"https:\/\/www.radiopiu.net\/wordpress\/wp-json\/wp\/v2\/categories?post=176837"},{"taxonomy":"post_tag","embeddable":true,"href":"https:\/\/www.radiopiu.net\/wordpress\/wp-json\/wp\/v2\/tags?post=176837"}],"curies":[{"name":"wp","href":"https:\/\/api.w.org\/{rel}","templated":true}]}}