{"id":176882,"date":"2020-12-04T23:59:39","date_gmt":"2020-12-04T22:59:39","guid":{"rendered":"https:\/\/www.radiopiu.net\/wordpress\/?p=176882"},"modified":"2020-12-04T20:24:12","modified_gmt":"2020-12-04T19:24:12","slug":"la-peste-la-fame-e-la-guerra-flagello-piu-devastante-e-temuto-in-agordino","status":"publish","type":"post","link":"https:\/\/www.radiopiu.net\/wordpress\/la-peste-la-fame-e-la-guerra-flagello-piu-devastante-e-temuto-in-agordino\/","title":{"rendered":"LA PESTE, LA FAME E LA GUERRA FLAGELLO PIU\u2019 DEVASTANTE (E TEMUTO) IN AGORDINO"},"content":{"rendered":"<p><strong>di Renato Bona<\/strong><\/p>\n<p>L\u2019attuale drammatica vicenda della pandemia da Covid 19 ha analoghi precedenti storici, almeno per quanto riguarda il Bellunese, e segnatamente l\u2019Agordino, che ci fanno tornare parecchio indietro nei secoli. C\u2019\u00e8 un capitolo, intitolato \u201cCalamit\u00e0\u201d, nel libro (fuori commercio) \u201cStoria breve dell\u2019Agordino\u201d, edito nel 1989 (Tipografia Piave di Belluno), autore lo storico prof. don Ferdinando Tamis (per arricchire con immagini il pregevole volume si \u00e8 avvalso, dopo le illustrazioni di Augusto Murer, che abbiamo proposto in precedente servizio, e di altri maestri dell\u2019arte pittorica e-o fotografica, stavolta tocca a Giuliano De Rocco ), in cui l\u2019autore scriveva che: \u201cLa peste, la fame e la guerra erano il flagello pi\u00f9 temuto che si riversasse sulle nostre popolazioni, lasciandovi un ricordo che, nelle future generazioni, si tramutava spesso in narrazioni leggendarie e fantasiose. La moria e le distruzioni, infatti, non potevano certo essere dimenticate, ma: \u201cla carestia, conseguenza di queste calamit\u00e0, era l\u2019incubo grave per i danni alla vita economica, tanto da coniare il detto: \u2018Lonch come l\u2019an de la fam\u2019 per indicare una cosa che non finisce pi\u00f9\u201d. Tamis ricordava quindi che \u201cNel 1435 l\u2019epidemia infier\u00ec crudelmente. E qui bisogna lasciare la parola allo storico bellunese, per comprendere come si sia divulgata nella nostra diocesi la divozione a san Sebastiano, considerato un protettore contro la pestilenza. \u2018La peste quest\u2019anno si fece gagliardamente sentire nella citt\u00e0 di Belluno, n\u00e9 si haveva per molti mesi potuto ritrovare rimedio alcuno: fin che un giorno del mese di Settembre venuto un Chierico del Contado di Alpago davanti Magdaleno Contarini Podest\u00e0 in Cividale espose haver in visione veduto un\u2019immagine che li disse: Che se dal commune di Belluno fosse fatto edificare una cappella con un altare in honor di Santi Fabiano et Sebastiano, invocando l\u2019aiuto di questi gloriosi Santi ad esserli intercessori appresso Iddio, cesserebbe la pestilenza\u2026 e fu deliberato di costruire l\u2019Altare e la Cappella nel Tempio Catedrale in honor di questi Santi, votandosi li Cittadini di fare le pubbliche processioni, e digiunare la sua vigilia al tempo della sua solennitade\u2026 Fu il voto delli Cittadini, esaudito in Cielo, e si vidde manifestamente tal pestilenza cessare: et fu fatto subito edificar l\u2019Altare e istituire la Messa: Che sin a presenti tempi viene con gran devotione esseguito\u201d. Altro ricordo riportato da Tamis: \u201cIl vescovo Pietro Barozzi, durante il suo ministero, fece diverse visite nell\u2019Agordino, ma di particolare importanza ci sembra quella degli anni 1485-86. Poco prima la peste si era fatta gagliardamente sentire per l\u2019Italia e &#8211; secondo Piloni &#8211; morirono a Venezia pi\u00f9 di trentamila persone. Cos\u00ec in altre citt\u00e0: a Belluno si fecero \u2018gran provigioni\u2019 per la preservazione della citt\u00e0, essendo il Friuli \u2018sospetto di tal contaggio\u2019, ma nel 1482 incominci\u00f2 a manifestarsi nel Bellunese, specialmente nel territorio di Mel, dove la mortalit\u00e0 fu grande. Il 10 giugno 1485 il vescovo era a Sottoguda, e gli abitanti dichiaravano che qualche anno prima, mentre la pestilenza affliggeva la popolazione di Rocca e Laste, essi avrebbero fatto voto che se ne fossero stati risparmiati, avrebbero costruito nel loro villaggio, o regola, una chiesa a onore dei santi Fabiano, Sebastiano e Rocco, e poich\u00e9 tutti erano evasi incolumi, si dicevano pronti a costituire la dote di fondazione ed iniziare i lavori. La chiesa veniva consacrata dallo stesso vescovo il 24 settembre dell\u2019anno successivo. Con la erezione della chiesa di Sottoguda, per la prima volta vediamo affermarsi nell\u2019Agordino il culto di San Rocco, che tra la fine del secolo XV e l\u2019inizio del secolo XVI fu uno dei santi pi\u00f9 venerati nel mondo cattolico\u201d. Il racconto dello storico agordino ci riportava poi al medico Giovanni Colle il quale \u201cparla della peste che infier\u00ec in Agordo nel 1547, e dur\u00f2 due anni, spopolandolo interamente\u201d e precisa che: \u201cSi manifestava con febbre alta, vomito biliare, e delirio, ardente sete, e il quarto giorno portava alla morte; molti venivano colpiti dal carbonchio, con pustole nere, pruriginose. I rimedi erano molteplici, tra questi i salassi, i cauteri, i cataplasmi di vario genere. Come un arcano, veniva somministrata una polvere, ricavata dalla quercia e altre sostanze, diluita nella lisciva dolce ed olio comune\u201d. E una curiosit\u00e0: \u201cle corna, le unghie, le ossa, il cuoio del camoscio e del capriolo trattati ad alta temperatura e ridotti in cenere, venivano serviti nel brodo stesso degli animali, con grande sollievo degli ammalati\u2026\u201d. Tuttavia \u201cnonostante gli accorgimenti la peste si manifest\u00f2 in una forma molto grave anche nel 1564 e nel settembre-ottobre morirono 200 e pi\u00f9 persone\u2026 i morti venivano portati alla sepoltura senza l\u2019accompagnamento del sacerdote e sepolti alla campagna oppure negli orti domestici. Nel solo villaggio di Celat di Vallada morirono 34 persone. E fu in quella occasione che venne decisa l\u2019erezione della chiesa di San Rocco\u201d. Concludeva richiamandosi allo storico Florio Miari che nelle Cronache bellunesi inedite dice che nel 1631 \u201ccom\u2019era nei tempi passati accaduto pi\u00f9 volte, torn\u00f2 in questi contorni ad infierire la pestilenza\u2026 ma che per sentire parlare ancora di peste bisogner\u00e0 arrivare alla \u2018Falcadina\u2019, nella prima met\u00e0 del secolo scorso, chiamata cos\u00ec dal luogo dove prima si diffuse, importata da Fiume nel 1790\u2026 solo nel 1811 la prefettura di Belluno se ne occup\u00f2 seriamente\u2026 e nell\u2019ottobre 1822 l\u2019imperatore Francesco I ordin\u00f2 la costruzione di un ospedale a Noach nel comune di La Valle, a spese dello Stato, per curarvi i colpiti dal male e fu nominato direttore Giuseppe Vallenzasca a cui si deve il trattato sulla \u2018Falcadina\u2019 pubblicato a Venezia neo 1840 e dai suoi scritti attinsero quanti si occuparono della malattia\u201d.<\/p>\n\n\t\t\t<style type='text\/css'>\n\t\t\t\t#gallery-1 {\n\t\t\t\t\tmargin: auto;\n\t\t\t\t}\n\t\t\t\t#gallery-1 .gallery-item {\n\t\t\t\t\tfloat: left;\n\t\t\t\t\tmargin-top: 10px;\n\t\t\t\t\ttext-align: center;\n\t\t\t\t\twidth: 16%;\n\t\t\t\t}\n\t\t\t\t#gallery-1 img {\n\t\t\t\t\tborder: 2px solid #cfcfcf;\n\t\t\t\t}\n\t\t\t\t#gallery-1 .gallery-caption {\n\t\t\t\t\tmargin-left: 0;\n\t\t\t\t}\n\t\t\t\t\/* see gallery_shortcode() in wp-includes\/media.php *\/\n\t\t\t<\/style>\n\t\t<div id='gallery-1' class='dt-gallery-container gallery galleryid-176882 gallery-columns-6 gallery-size-thumbnail'><dl class='gallery-item'>\n\t\t\t\t<dt class='gallery-icon portrait'>\n\t\t\t\t\t<a class=\"rollover rollover-zoom dt-pswp-item\" title=\"124400197_787963005377001_1408329671447881919_n\" data-dt-img-description=\"\" data-large_image_width=\"218\" data-large_image_height=\"231\"href='https:\/\/www.radiopiu.net\/wordpress\/wp-content\/uploads\/2020\/12\/124400197_787963005377001_1408329671447881919_n.jpg'><img loading=\"lazy\" decoding=\"async\" width=\"150\" height=\"150\" src=\"https:\/\/www.radiopiu.net\/wordpress\/wp-content\/uploads\/2020\/12\/124400197_787963005377001_1408329671447881919_n-150x150.jpg\" class=\"attachment-thumbnail size-thumbnail\" alt=\"\" \/><\/a>\n\t\t\t\t<\/dt><\/dl><dl class='gallery-item'>\n\t\t\t\t<dt class='gallery-icon portrait'>\n\t\t\t\t\t<a class=\"rollover rollover-zoom dt-pswp-item\" title=\"129601934_820167582051052_2467853127998211007_n\" data-dt-img-description=\"\" data-large_image_width=\"211\" data-large_image_height=\"292\"href='https:\/\/www.radiopiu.net\/wordpress\/wp-content\/uploads\/2020\/12\/129601934_820167582051052_2467853127998211007_n.jpg'><img loading=\"lazy\" decoding=\"async\" width=\"150\" height=\"150\" src=\"https:\/\/www.radiopiu.net\/wordpress\/wp-content\/uploads\/2020\/12\/129601934_820167582051052_2467853127998211007_n-150x150.jpg\" class=\"attachment-thumbnail size-thumbnail\" alt=\"\" \/><\/a>\n\t\t\t\t<\/dt><\/dl><dl class='gallery-item'>\n\t\t\t\t<dt class='gallery-icon portrait'>\n\t\t\t\t\t<a class=\"rollover rollover-zoom dt-pswp-item\" title=\"129115789_427617681713194_5711543478531338226_n\" data-dt-img-description=\"\" data-large_image_width=\"229\" data-large_image_height=\"303\"href='https:\/\/www.radiopiu.net\/wordpress\/wp-content\/uploads\/2020\/12\/129115789_427617681713194_5711543478531338226_n.jpg'><img loading=\"lazy\" decoding=\"async\" width=\"150\" height=\"150\" src=\"https:\/\/www.radiopiu.net\/wordpress\/wp-content\/uploads\/2020\/12\/129115789_427617681713194_5711543478531338226_n-150x150.jpg\" class=\"attachment-thumbnail size-thumbnail\" alt=\"\" \/><\/a>\n\t\t\t\t<\/dt><\/dl><dl class='gallery-item'>\n\t\t\t\t<dt class='gallery-icon portrait'>\n\t\t\t\t\t<a class=\"rollover rollover-zoom dt-pswp-item\" title=\"129523709_1370427796621971_5174703126902414353_n\" data-dt-img-description=\"\" data-large_image_width=\"79\" data-large_image_height=\"160\"href='https:\/\/www.radiopiu.net\/wordpress\/wp-content\/uploads\/2020\/12\/129523709_1370427796621971_5174703126902414353_n.jpg'><img loading=\"lazy\" decoding=\"async\" width=\"79\" height=\"150\" src=\"https:\/\/www.radiopiu.net\/wordpress\/wp-content\/uploads\/2020\/12\/129523709_1370427796621971_5174703126902414353_n-79x150.jpg\" class=\"attachment-thumbnail size-thumbnail\" alt=\"\" \/><\/a>\n\t\t\t\t<\/dt><\/dl><dl class='gallery-item'>\n\t\t\t\t<dt class='gallery-icon portrait'>\n\t\t\t\t\t<a class=\"rollover rollover-zoom dt-pswp-item\" title=\"129132567_404319420899064_6501354660648645122_n\" data-dt-img-description=\"\" data-large_image_width=\"1564\" data-large_image_height=\"2048\"href='https:\/\/www.radiopiu.net\/wordpress\/wp-content\/uploads\/2020\/12\/129132567_404319420899064_6501354660648645122_n.jpg'><img loading=\"lazy\" decoding=\"async\" width=\"150\" height=\"150\" src=\"https:\/\/www.radiopiu.net\/wordpress\/wp-content\/uploads\/2020\/12\/129132567_404319420899064_6501354660648645122_n-150x150.jpg\" class=\"attachment-thumbnail size-thumbnail\" alt=\"\" \/><\/a>\n\t\t\t\t<\/dt><\/dl><dl class='gallery-item'>\n\t\t\t\t<dt class='gallery-icon landscape'>\n\t\t\t\t\t<a class=\"rollover rollover-zoom dt-pswp-item\" title=\"129730064_174323301085495_3997155598630589162_n\" data-dt-img-description=\"\" data-large_image_width=\"1371\" data-large_image_height=\"1331\"href='https:\/\/www.radiopiu.net\/wordpress\/wp-content\/uploads\/2020\/12\/129730064_174323301085495_3997155598630589162_n.jpg'><img loading=\"lazy\" decoding=\"async\" width=\"150\" height=\"150\" src=\"https:\/\/www.radiopiu.net\/wordpress\/wp-content\/uploads\/2020\/12\/129730064_174323301085495_3997155598630589162_n-150x150.jpg\" class=\"attachment-thumbnail size-thumbnail\" alt=\"\" \/><\/a>\n\t\t\t\t<\/dt><\/dl><br style=\"clear: both\" \/><dl class='gallery-item'>\n\t\t\t\t<dt class='gallery-icon portrait'>\n\t\t\t\t\t<a class=\"rollover rollover-zoom dt-pswp-item\" title=\"129749722_2790028127938879_29703805326803153_n\" data-dt-img-description=\"\" data-large_image_width=\"1591\" data-large_image_height=\"2048\"href='https:\/\/www.radiopiu.net\/wordpress\/wp-content\/uploads\/2020\/12\/129749722_2790028127938879_29703805326803153_n.jpg'><img loading=\"lazy\" decoding=\"async\" width=\"150\" height=\"150\" src=\"https:\/\/www.radiopiu.net\/wordpress\/wp-content\/uploads\/2020\/12\/129749722_2790028127938879_29703805326803153_n-150x150.jpg\" class=\"attachment-thumbnail size-thumbnail\" alt=\"\" \/><\/a>\n\t\t\t\t<\/dt><\/dl><dl class='gallery-item'>\n\t\t\t\t<dt class='gallery-icon portrait'>\n\t\t\t\t\t<a class=\"rollover rollover-zoom dt-pswp-item\" title=\"129760429_294903501890455_5271924285945901138_n\" data-dt-img-description=\"\" data-large_image_width=\"1519\" data-large_image_height=\"2048\"href='https:\/\/www.radiopiu.net\/wordpress\/wp-content\/uploads\/2020\/12\/129760429_294903501890455_5271924285945901138_n.jpg'><img loading=\"lazy\" decoding=\"async\" width=\"150\" height=\"150\" src=\"https:\/\/www.radiopiu.net\/wordpress\/wp-content\/uploads\/2020\/12\/129760429_294903501890455_5271924285945901138_n-150x150.jpg\" class=\"attachment-thumbnail size-thumbnail\" alt=\"\" \/><\/a>\n\t\t\t\t<\/dt><\/dl><dl class='gallery-item'>\n\t\t\t\t<dt class='gallery-icon landscape'>\n\t\t\t\t\t<a class=\"rollover rollover-zoom dt-pswp-item\" title=\"129957077_1634472993385297_4297125277202864287_n\" data-dt-img-description=\"\" data-large_image_width=\"2048\" data-large_image_height=\"1433\"href='https:\/\/www.radiopiu.net\/wordpress\/wp-content\/uploads\/2020\/12\/129957077_1634472993385297_4297125277202864287_n.jpg'><img loading=\"lazy\" decoding=\"async\" width=\"150\" height=\"150\" src=\"https:\/\/www.radiopiu.net\/wordpress\/wp-content\/uploads\/2020\/12\/129957077_1634472993385297_4297125277202864287_n-150x150.jpg\" class=\"attachment-thumbnail size-thumbnail\" alt=\"\" \/><\/a>\n\t\t\t\t<\/dt><\/dl><dl class='gallery-item'>\n\t\t\t\t<dt class='gallery-icon portrait'>\n\t\t\t\t\t<a class=\"rollover rollover-zoom dt-pswp-item\" title=\"129874580_203769897906620_1523914935696626257_n\" data-dt-img-description=\"\" data-large_image_width=\"1501\" data-large_image_height=\"2048\"href='https:\/\/www.radiopiu.net\/wordpress\/wp-content\/uploads\/2020\/12\/129874580_203769897906620_1523914935696626257_n.jpg'><img loading=\"lazy\" decoding=\"async\" width=\"150\" height=\"150\" src=\"https:\/\/www.radiopiu.net\/wordpress\/wp-content\/uploads\/2020\/12\/129874580_203769897906620_1523914935696626257_n-150x150.jpg\" class=\"attachment-thumbnail size-thumbnail\" alt=\"\" \/><\/a>\n\t\t\t\t<\/dt><\/dl><dl class='gallery-item'>\n\t\t\t\t<dt class='gallery-icon portrait'>\n\t\t\t\t\t<a class=\"rollover rollover-zoom dt-pswp-item\" title=\"129815330_675157746503829_4378796401892717304_n\" data-dt-img-description=\"\" data-large_image_width=\"1504\" data-large_image_height=\"2048\"href='https:\/\/www.radiopiu.net\/wordpress\/wp-content\/uploads\/2020\/12\/129815330_675157746503829_4378796401892717304_n.jpg'><img loading=\"lazy\" decoding=\"async\" width=\"150\" height=\"150\" src=\"https:\/\/www.radiopiu.net\/wordpress\/wp-content\/uploads\/2020\/12\/129815330_675157746503829_4378796401892717304_n-150x150.jpg\" class=\"attachment-thumbnail size-thumbnail\" alt=\"\" \/><\/a>\n\t\t\t\t<\/dt><\/dl><dl class='gallery-item'>\n\t\t\t\t<dt class='gallery-icon portrait'>\n\t\t\t\t\t<a class=\"rollover rollover-zoom dt-pswp-item\" title=\"129096907_725192418408977_4867294720093037349_n\" data-dt-img-description=\"\" data-large_image_width=\"1575\" data-large_image_height=\"2048\"href='https:\/\/www.radiopiu.net\/wordpress\/wp-content\/uploads\/2020\/12\/129096907_725192418408977_4867294720093037349_n.jpg'><img loading=\"lazy\" decoding=\"async\" width=\"150\" height=\"150\" src=\"https:\/\/www.radiopiu.net\/wordpress\/wp-content\/uploads\/2020\/12\/129096907_725192418408977_4867294720093037349_n-150x150.jpg\" class=\"attachment-thumbnail size-thumbnail\" alt=\"\" \/><\/a>\n\t\t\t\t<\/dt><\/dl><br style=\"clear: both\" \/>\n\t\t\t<\/div>\n\n<p>NELLE FOTO (riproduzioni dal libro di Ferdinando Tamis; Ellery Queen; Pro loco Caviola): lo storico agordino prof. don Ferdinando Tamis; san Rocco con i segni della peste, dipinto da Tommaso Pombioli, sepolto nella chiesa che porta il suo nome, a Venezia; san Fabiano sepolto nelle catacombe di San Callisto a Roma; san Sebastiano, sepolto nella basilica di San Sebastiano fuori le mura a Roma; la chiesa dei santi Fabiano, Sebastiano e Rocco di Sottoguda e quella di San Rocco a Celat di Vallada; la serie di dipinti di Giuliano De Rocco ad illustrare il libro di Tamis: \u201cIn cerca di lavoro\u201d, \u201cSolitudine\u201d, \u201cLa lettera del babbo lontano\u201d, \u201cPioggia e neve\u201d, \u201cIl falegname\u201d, \u201cCronache in chiesa\u201d.<\/p>\n","protected":false},"excerpt":{"rendered":"<p>di Renato Bona L\u2019attuale drammatica vicenda della pandemia da Covid 19 ha analoghi precedenti storici, almeno per quanto riguarda il Bellunese, e segnatamente l\u2019Agordino, che ci fanno tornare parecchio indietro nei secoli. C\u2019\u00e8 un capitolo, intitolato \u201cCalamit\u00e0\u201d, nel libro (fuori commercio) \u201cStoria breve dell\u2019Agordino\u201d, edito nel 1989 (Tipografia Piave di Belluno), autore lo storico prof.&hellip;<\/p>\n","protected":false},"author":4,"featured_media":176891,"comment_status":"closed","ping_status":"closed","sticky":false,"template":"","format":"standard","meta":{"_monsterinsights_skip_tracking":false,"_monsterinsights_sitenote_active":false,"_monsterinsights_sitenote_note":"","_monsterinsights_sitenote_category":0,"footnotes":""},"categories":[49],"tags":[],"class_list":["post-176882","post","type-post","status-publish","format-standard","has-post-thumbnail","hentry","category-news-18","category-49","description-off"],"img_url":"https:\/\/www.radiopiu.net\/wordpress\/wp-content\/uploads\/2020\/12\/129957077_1634472993385297_4297125277202864287_n.jpg","_links":{"self":[{"href":"https:\/\/www.radiopiu.net\/wordpress\/wp-json\/wp\/v2\/posts\/176882","targetHints":{"allow":["GET"]}}],"collection":[{"href":"https:\/\/www.radiopiu.net\/wordpress\/wp-json\/wp\/v2\/posts"}],"about":[{"href":"https:\/\/www.radiopiu.net\/wordpress\/wp-json\/wp\/v2\/types\/post"}],"author":[{"embeddable":true,"href":"https:\/\/www.radiopiu.net\/wordpress\/wp-json\/wp\/v2\/users\/4"}],"replies":[{"embeddable":true,"href":"https:\/\/www.radiopiu.net\/wordpress\/wp-json\/wp\/v2\/comments?post=176882"}],"version-history":[{"count":0,"href":"https:\/\/www.radiopiu.net\/wordpress\/wp-json\/wp\/v2\/posts\/176882\/revisions"}],"wp:featuredmedia":[{"embeddable":true,"href":"https:\/\/www.radiopiu.net\/wordpress\/wp-json\/wp\/v2\/media\/176891"}],"wp:attachment":[{"href":"https:\/\/www.radiopiu.net\/wordpress\/wp-json\/wp\/v2\/media?parent=176882"}],"wp:term":[{"taxonomy":"category","embeddable":true,"href":"https:\/\/www.radiopiu.net\/wordpress\/wp-json\/wp\/v2\/categories?post=176882"},{"taxonomy":"post_tag","embeddable":true,"href":"https:\/\/www.radiopiu.net\/wordpress\/wp-json\/wp\/v2\/tags?post=176882"}],"curies":[{"name":"wp","href":"https:\/\/api.w.org\/{rel}","templated":true}]}}