{"id":177089,"date":"2020-12-05T18:08:54","date_gmt":"2020-12-05T17:08:54","guid":{"rendered":"https:\/\/www.radiopiu.net\/wordpress\/?p=177089"},"modified":"2020-12-08T09:21:02","modified_gmt":"2020-12-08T08:21:02","slug":"aggiornamento-viabilita-ore-1800-sabato-5-dicembre-cordevole-pericolosamente-vicino-alla-regionale-203-agordina-presso-candaten","status":"publish","type":"post","link":"https:\/\/www.radiopiu.net\/wordpress\/aggiornamento-viabilita-ore-1800-sabato-5-dicembre-cordevole-pericolosamente-vicino-alla-regionale-203-agordina-presso-candaten\/","title":{"rendered":"AGGIORNAMENTO VIABILITA&#8217; ORE 1800 SABATO 5 DICEMBRE Cordevole pericolosamente vicino alla regionale 203 agordina presso Candaten"},"content":{"rendered":"<p><a href=\"https:\/\/www.radiopiu.net\/wordpress\/aggiornamento-viabilita-ore-1800-sabato-5-dicembre-cordevole-pericolosamente-vicino-alla-regionale-203-agordina-presso-candaten\/130088370_296916715023915_177390733617890672_n\/\" rel=\"attachment wp-att-177092\"><img loading=\"lazy\" decoding=\"async\" class=\"size-medium wp-image-177092 alignleft\" src=\"https:\/\/www.radiopiu.net\/wordpress\/wp-content\/uploads\/2020\/12\/130088370_296916715023915_177390733617890672_n-225x300.jpg\" alt=\"\" width=\"225\" height=\"300\" srcset=\"https:\/\/www.radiopiu.net\/wordpress\/wp-content\/uploads\/2020\/12\/130088370_296916715023915_177390733617890672_n-225x300.jpg 225w, https:\/\/www.radiopiu.net\/wordpress\/wp-content\/uploads\/2020\/12\/130088370_296916715023915_177390733617890672_n.jpg 480w\" sizes=\"auto, (max-width: 225px) 100vw, 225px\" \/><\/a><strong>DALLA PROVINCIA<\/strong> Ss 51 strada allagata all\u2019altezza di Vodo\u00a0 \u00a0 \u00a0 \u00a0 \u00a0 \u00a0: Sp 422 chiusa al km 10+400 localit\u00e0 ponte maina (sempre strada di Borsoi); \u00a0al momento risulta esserci qualche problema a un traliccio Enel sul San Pellegrino; Cordevole pericolosamente vicino alla sede stradale al km 15+600 (dopo candaten). Sul posto arriver\u00e0 torre far, \u00a0domani Veneto Strade interverr\u00e0 posizionando massi.<\/p>\n<p>&nbsp;<\/p>\n<p><span style=\"color: #ff0000;\">foto IVANO SIEF Mezzo comunale in azione a livinallongo<\/span><\/p>\n<div class=\"clearfix _o46 _3erg _29_7 direction_ltr text_align_ltr\">\n<div id=\"js_16\" class=\"_3058 _ui9 _hh7 _6ybn _s1- _52mr _3oh-\" data-tooltip-content=\"18:02\" data-hover=\"tooltip\" data-tooltip-position=\"left\">\n<div class=\"_aok\" tabindex=\"0\"><\/div>\n<\/div>\n<\/div>\n<p><strong>VENETO STRADE<\/strong> Vengono chiusi al transito causa frane i seguenti tratti stradali: &#8211; S.P. 251 \u201cdella Val di Zoldo e Val Cellina\u201d dalla progressiva km 109+900 (loc, Soffranco) al km119+000 (loc. Fagar\u00e8);<br \/>\n&#8211; S.P. 422 \u201cdell\u2019Alpago e del Cansiglio\u201d alla progressiva km 10+400 (loc, Ponte Maina);Si conferma la chiusura per motivi di sicurezza del seguente tratto stradale:<br \/>\n&#8211; S.P. 1 \u201cbis Madonna del Piave\u201d, S.P 28 \u201cdi Segusino\u201d (TV) dal km 0+410 della S.P.1 Bis (BL) ekm 7+301della S.P. 28 (TV) Galleria Madonna del Piave chiusa al traffico a causa delle forti venute d\u2019acqua;Rimangono chiusi al transito causa pericolo valanghe i seguenti tratti stradali:<br \/>\n&#8211; S.P. 30 \u201cPanoramica del Comelico\u201d dalla progressiva km 3+800 (fine centro abitato Costa) al km 6+600 (loc. Costalissoio);<br \/>\n-S.R. 48 \u201cdelle Dolomiti\u201d tratto Arabba \u2013 Brenta dalla progressiva km 86+100 (Arabba) al km 92+000 (localit\u00e0 Brenta), rimane aperto un varco di emergenza per mezzi di soccorso;<br \/>\n&#8211; S.R. 48 \u201cdelle Dolomiti\u201d dalla progressiva km 124+000 (localit\u00e0 Alver\u00e0) al km 153+500 (localit\u00e0 Ligonto);rimane aperto un varco di emergenza per mezzi di soccorso;<br \/>\n&#8211; S.P. 244 \u201cdella Val Badia\u201d dalla progressiva km 38+200 (Passo Campolongo) a km 41+200(localit\u00e0 Varda);- S.P. 24 \u201cdel passo Val Parola\u201d dalla progressiva km 0+000 (Passo Falzarego) al km 5+217(confine Provincia di Bolzano);<br \/>\n&#8211; S.R. 48 \u201cdelle Dolomiti\u201d (Passo Pordoi) dalla progressiva km 76+280 (Passo Pordoi) al km 82+100(localit\u00e0 ponte Vauz);<br \/>\n&#8211; S.R. 48 \u201cdelle Dolomiti\u201d (Passo Falzarego) dalla progressiva km 104+000 (localit\u00e0 Pian diFalzarego) al km 110+100 (localit\u00e0 Cinque Torri);<br \/>\n&#8211; S.P. 49 \u201cdi Misurina\u201d dalla progressiva km 2+500 (localit\u00e0 Misurina) al km 7+800 (localit\u00e0Carbonin);<br \/>\n&#8211; S.P. 148 \u201cCadorna\u201d dalla progressiva km 33+720 (localit\u00e0 Forcelletto) al km 26+500 (localit\u00e0 bivioGrappa-S.P. 149);<br \/>\n&#8211; S.P. 347 \u201cdel passo Cereda e Duran\u201d (passo Duran) dalla progressiva km 36+000 (localit\u00e0 LaValle) al km 49+000 (localit\u00e0 Le Vare);<br \/>\n&#8211; S.P. 347 \u201cdel passo Cereda e Duran\u201d (forcella Cibiana) dalla progressiva km 59+100 (localit\u00e0Cornigian) al km 68+000 (localit\u00e0 Cibiana); rimane aperto un varco di emergenza per mezzi disoccorso.<br \/>\n&#8211; S.P. 619 \u201cdi Vigo di Cadore\u201d (Casera Razzo) dalla progressiva km 5+600 (localit\u00e0 Al Fogher) allaprogressiva 23+550 (confine Provincia di Udine).<br \/>\n&#8211; S.P. 638 \u201cdel Passo Giau\u201d dalla progressiva km 0+000 (localit\u00e0 Pocol) al km 18+900 (localit\u00e0 bivioPosalz);<br \/>\n&#8211; S.P. 641 \u201cdel passo Fedaia\u201d dalla progressiva km 18+200 (localit\u00e0 Malga Ciapela) 14+210 (confine conProvincia di Trento);<\/p>\n","protected":false},"excerpt":{"rendered":"<p>DALLA PROVINCIA Ss 51 strada allagata all\u2019altezza di Vodo\u00a0 \u00a0 \u00a0 \u00a0 \u00a0 \u00a0: Sp 422 chiusa al km 10+400 localit\u00e0 ponte maina (sempre strada di Borsoi); \u00a0al momento risulta esserci qualche problema a un traliccio Enel sul San Pellegrino; Cordevole pericolosamente vicino alla sede stradale al km 15+600 (dopo candaten). Sul posto arriver\u00e0 torre&hellip;<\/p>\n","protected":false},"author":4,"featured_media":177092,"comment_status":"closed","ping_status":"closed","sticky":false,"template":"","format":"standard","meta":{"_monsterinsights_skip_tracking":false,"_monsterinsights_sitenote_active":false,"_monsterinsights_sitenote_note":"","_monsterinsights_sitenote_category":0,"footnotes":""},"categories":[1,49],"tags":[],"class_list":["post-177089","post","type-post","status-publish","format-standard","has-post-thumbnail","hentry","category-senza-categoria","category-news-18","category-1","category-49","description-off"],"img_url":"https:\/\/www.radiopiu.net\/wordpress\/wp-content\/uploads\/2020\/12\/130088370_296916715023915_177390733617890672_n.jpg","_links":{"self":[{"href":"https:\/\/www.radiopiu.net\/wordpress\/wp-json\/wp\/v2\/posts\/177089","targetHints":{"allow":["GET"]}}],"collection":[{"href":"https:\/\/www.radiopiu.net\/wordpress\/wp-json\/wp\/v2\/posts"}],"about":[{"href":"https:\/\/www.radiopiu.net\/wordpress\/wp-json\/wp\/v2\/types\/post"}],"author":[{"embeddable":true,"href":"https:\/\/www.radiopiu.net\/wordpress\/wp-json\/wp\/v2\/users\/4"}],"replies":[{"embeddable":true,"href":"https:\/\/www.radiopiu.net\/wordpress\/wp-json\/wp\/v2\/comments?post=177089"}],"version-history":[{"count":0,"href":"https:\/\/www.radiopiu.net\/wordpress\/wp-json\/wp\/v2\/posts\/177089\/revisions"}],"wp:featuredmedia":[{"embeddable":true,"href":"https:\/\/www.radiopiu.net\/wordpress\/wp-json\/wp\/v2\/media\/177092"}],"wp:attachment":[{"href":"https:\/\/www.radiopiu.net\/wordpress\/wp-json\/wp\/v2\/media?parent=177089"}],"wp:term":[{"taxonomy":"category","embeddable":true,"href":"https:\/\/www.radiopiu.net\/wordpress\/wp-json\/wp\/v2\/categories?post=177089"},{"taxonomy":"post_tag","embeddable":true,"href":"https:\/\/www.radiopiu.net\/wordpress\/wp-json\/wp\/v2\/tags?post=177089"}],"curies":[{"name":"wp","href":"https:\/\/api.w.org\/{rel}","templated":true}]}}