{"id":177229,"date":"2020-12-06T10:13:52","date_gmt":"2020-12-06T09:13:52","guid":{"rendered":"https:\/\/www.radiopiu.net\/wordpress\/?p=177229"},"modified":"2020-12-06T10:33:19","modified_gmt":"2020-12-06T09:33:19","slug":"aggiornamento-viabilita-veneto-strade-ore-10-06-dicembre-2020","status":"publish","type":"post","link":"https:\/\/www.radiopiu.net\/wordpress\/aggiornamento-viabilita-veneto-strade-ore-10-06-dicembre-2020\/","title":{"rendered":"AGGIORNAMENTO VIABILITA&#8217; VENETO STRADE &#8211; ORE 10 06 DICEMBRE 2020"},"content":{"rendered":"<div class=\"page\" title=\"Page 1\">\n<div class=\"layoutArea\">\n<div class=\"column\">\n<p><a href=\"https:\/\/www.radiopiu.net\/wordpress\/veneto-strade-interdizione-al-traffico\/veneto-strade-2\/\" rel=\"attachment wp-att-135574\"><img loading=\"lazy\" decoding=\"async\" class=\"size-medium wp-image-135574 alignleft\" src=\"https:\/\/www.radiopiu.net\/wordpress\/wp-content\/uploads\/2020\/05\/VENETO-STRADE-300x300.png\" alt=\"\" width=\"300\" height=\"300\" srcset=\"https:\/\/www.radiopiu.net\/wordpress\/wp-content\/uploads\/2020\/05\/VENETO-STRADE-300x300.png 300w, https:\/\/www.radiopiu.net\/wordpress\/wp-content\/uploads\/2020\/05\/VENETO-STRADE-150x150.png 150w, https:\/\/www.radiopiu.net\/wordpress\/wp-content\/uploads\/2020\/05\/VENETO-STRADE.png 400w\" sizes=\"auto, (max-width: 300px) 100vw, 300px\" \/><\/a>Si comunica che sono in corso precipitazioni atmosferiche su tutta la rete stradale in gestione a Veneto Strade di carattere nevoso al di sopra dei 1500 m slm. nelle Dolomiti settentrionali e di carattere piovoso anche molto intenso a quote inferiori.<\/p>\n<p><strong>Vengono chiusi al traffico per frane i seguenti tratti stradali:<\/strong><br \/>\n&#8211; S.P. 4 \u201cdella Val Cantuna\u201d dalla progressiva km 3+300 (loc, Ponte di Arsi\u00e8) al km 6+700 (loc. Pieve d\u2019Alpago);<br \/>\n&#8211; S.P. 2 \u201cdella Val del Mis\u201d dalla progressiva km 15+000 (localit\u00e0 Gena Bassa) al km 20+500 (localit\u00e0 Titele);<\/p>\n<p>Vengono riaperti al transito i seguenti tratti stradali:<br \/>\n&#8211; S.R. 50 bis \u201cdelle Scale di Primolano\u201d dalla progr. km 5+400 (localit\u00e0 La Cubia) al km 6+000;<\/p>\n<p>&#8211; S.P. 8 \u201cSan Tommaso\u201d dal km 0+000 al km 7+710;<\/p>\n<p><strong>Si conferma la chiusura al transito causa frane dei seguenti tratti stradali:<\/strong><\/p>\n<p>&#8211; S.P. 3 \u201cValle Imperina\u201d dal km 0+000 al km 6+000;<br \/>\n&#8211; S.P. 5 \u201cdi Lamosano\u201d chiusa per frana;<br \/>\n&#8211; S.P. 5 dir \u201cdi Lamosano\u201d chiusa per frana;<\/p>\n<p>&#8211; S.P. 26 \u201cDigoman\u201d dalla progressiva km 2+000 (localit\u00e0 Digoman) al km 2+600 Voltago);<br \/>\n&#8211; S.P. 347 \u201cdel passo Cereda e Duran\u201d alla progressiva km 71+020 (localit\u00e0 Cibiana); rimane aperto un varco di emergenza per mezzi di soccorso.<br \/>\n&#8211; S.P. 251 \u201cdella Val di Zoldo e Val Cellina\u201d dalla progressiva km 109+900 (loc, Soffranco) al km 119+000 (loc. Fagar\u00e8);<br \/>\n&#8211; S.P. 422 \u201cdell\u2019Alpago e del Cansiglio\u201d alla progressiva km 10+400 (loc, Ponte Maina);<\/p>\n<\/div>\n<\/div>\n<p><img decoding=\"async\" src=\"data:image\/png;base64,iVBORw0KGgoAAAANSUhEUgAAATYAAAACCAYAAADSIPCmAAAAAXNSR0IArs4c6QAAAHhlWElmTU0AKgAAAAgABAEaAAUAAAABAAAAPgEbAAUAAAABAAAARgEoAAMAAAABAAIAAIdpAAQAAAABAAAATgAAAAAAAqnVAAAHVQACqdUAAAdVAAOgAQADAAAAAQABAACgAgAEAAAAAQAAATagAwAEAAAAAQAAAAIAAAAAM+IgDwAAAAlwSFlzAAAOTQAADk0BRtVoCQAAACJJREFUSA1jYBgFoyEwGgKjITAaAqMhMBoCoyEwGgKDOwQACbIAAdgSw3AAAAAASUVORK5CYII=\" alt=\"page1image52061376\" width=\"309.720000\" height=\"1.200000\" \/> <img decoding=\"async\" src=\"data:image\/png;base64,iVBORw0KGgoAAAANSUhEUgAAAQ8AAAACCAYAAABGxllUAAAAAXNSR0IArs4c6QAAAHhlWElmTU0AKgAAAAgABAEaAAUAAAABAAAAPgEbAAUAAAABAAAARgEoAAMAAAABAAIAAIdpAAQAAAABAAAATgAAAAAAAughAAAH\/wAC6CEAAAf\/AAOgAQADAAAAAQABAACgAgAEAAAAAQAAAQ+gAwAEAAAAAQAAAAIAAAAA\/7aWNAAAAAlwSFlzAAAOUAAADlABBvEVUAAAACBJREFUSA1jYBgFoyEwGgKjITAaAqMhMBoCoyFArxAAAAh6AAEX8dftAAAAAElFTkSuQmCC\" alt=\"page1image52056192\" width=\"270.360000\" height=\"1.200000\" \/><\/p>\n<div class=\"layoutArea\">\n<div class=\"column\">\n<p><strong>Si conferma la chiusura per motivi di sicurezza del seguente tratto stradale:<\/strong><\/p>\n<div class=\"page\" title=\"Page 2\">\n<div class=\"layoutArea\">\n<div class=\"column\">\n<p>&#8211; S.R. 348 \u201cFeltrina\u201d alla progr. Km 51+000 sottopasso di Anzu\u2019 chiuso al traffico causa allagamento;<br \/>\n&#8211; S.P. 27 \u201cdi Rasai\u201d dalla progressiva km 0+000 (localit\u00e0 Ponte Tomo) al km 5+337 (loc. Seren) per forti venute d\u2019acqua dai pendii soprastanti la sede stradale;<\/p>\n<p>&#8211; S.P. 1 \u201cbis Madonna del Piave\u201d, S.P 28 \u201cdi Segusino\u201d (TV) dal km 0+410 della S.P.1 Bis (BL) e km 7+301 della S.P. 28 (TV) Galleria Madonna del Piave chiusa al traffico a causa delle forti venute d\u2019acqua;<\/p>\n<p>Rimangono chiusi al transito causa pericolo valanghe i seguenti tratti stradali:<br \/>\n&#8211; S.P. 25 \u201cdel passo Valles\u201d dalla progressiva km 0+000 (localit\u00e0 bivio Passo S. Pellegrino al km 7+100 (localit\u00e0 Passo Valles);<br \/>\n&#8211; S.P. 346 \u201cdel Passo S. Pellegrino\u201d dalla progressiva km 17+500 (localit\u00e0 bivio Passo Valles) al km 14+200 (localit\u00e0 Zingari) per pericolo valanghe;<br \/>\n&#8211; S.P. 30 \u201cPanoramica del Comelico\u201d dalla progressiva km 3+800 (fine centro abitato Costa) al km 6+600 (loc. Costalissoio);<br \/>\n-S.R. 48 \u201cdelle Dolomiti\u201d tratto Arabba \u2013 Brenta dalla progressiva km 86+100 (Arabba) al km 92+000 (localit\u00e0 Brenta), rimane aperto un varco di emergenza per mezzi di soccorso;<br \/>\n&#8211; S.R. 48 \u201cdelle Dolomiti\u201d dalla progressiva km 124+000 (localit\u00e0 Alver\u00e0) al km 153+500 (localit\u00e0 Ligonto); rimane aperto un varco di emergenza per mezzi di soccorso;<br \/>\n&#8211; S.P. 244 \u201cdella Val Badia\u201d dalla progressiva km 38+200 (Passo Campolongo) al km 41+200 (localit\u00e0 Varda);<br \/>\n&#8211; S.P. 24 \u201cdel passo Val Parola\u201d dalla progressiva km 0+000 (Passo Falzarego) al km 5+217 (confine Provincia di Bolzano);<br \/>\n&#8211; S.R. 48 \u201cdelle Dolomiti\u201d (Passo Pordoi) dalla progressiva km 76+280 (Passo Pordoi) al km 82+100 (localit\u00e0 ponte Vauz);<br \/>\n&#8211; S.R. 48 \u201cdelle Dolomiti\u201d (Passo Falzarego) dalla progressiva km 104+000 (localit\u00e0 Pian di Falzarego) al km 110+100 (localit\u00e0 Cinque Torri);<br \/>\n&#8211; S.P. 49 \u201cdi Misurina\u201d dalla progressiva km 2+500 (localit\u00e0 Misurina) al km 7+800 (localit\u00e0 Carbonin);<\/p>\n<div class=\"page\" title=\"Page 3\">\n<div class=\"layoutArea\">\n<div class=\"column\">\n<p>&#8211; S.P. 148 \u201cCadorna\u201d dalla progressiva km 33+720 (localit\u00e0 Forcelletto) al km 26+500 (localit\u00e0 bivio Grappa-S.P. 149);<br \/>\n&#8211; S.P. 347 \u201cdel passo Cereda e Duran\u201d (passo Duran) dalla progressiva km 36+000 (localit\u00e0 La Valle) al km 49+000 (localit\u00e0 Le Vare);<\/p>\n<p>&#8211; S.P. 347 \u201cdel passo Cereda e Duran\u201d (forcella Cibiana) dalla progressiva km 59+100 (localit\u00e0 Cornigian) al km 68+000 (localit\u00e0 Cibiana); rimane aperto un varco di emergenza per mezzi di soccorso.<br \/>\n&#8211; S.P. 619 \u201cdi Vigo di Cadore\u201d (Casera Razzo) dalla progressiva km 5+600 (localit\u00e0 Al Fogher) alla progressiva 23+550 (confine Provincia di Udine).<\/p>\n<p>&#8211; S.P. 638 \u201cdel Passo Giau\u201d dalla progressiva km 0+000 (localit\u00e0 Pocol) al km 18+900 (localit\u00e0 bivio Posalf);<\/p>\n<p>&#8211; S.P. 641 \u201cdel passo Fedaia\u201d dalla progressiva km 18+200 (localit\u00e0 Malga Ciapela) 14+210 (confine con Provincia di Trento);<\/p>\n<p>Si informa che per consentire lo sgombero neve in sicurezza, saranno possibili chiusure temporanee su altri tratti stradali.<br \/>\nSi raccomanda inoltre di prestare particolare attenzione per la possibile presenza di tratti ghiacciati nelle zone pi\u00f9 fredde.<\/p>\n<\/div>\n<\/div>\n<\/div>\n<\/div>\n<\/div>\n<\/div>\n<\/div>\n<\/div>\n<\/div>\n","protected":false},"excerpt":{"rendered":"<p>Si comunica che sono in corso precipitazioni atmosferiche su tutta la rete stradale in gestione a Veneto Strade di carattere nevoso al di sopra dei 1500 m slm. nelle Dolomiti settentrionali e di carattere piovoso anche molto intenso a quote inferiori. Vengono chiusi al traffico per frane i seguenti tratti stradali: &#8211; S.P. 4 \u201cdella&hellip;<\/p>\n","protected":false},"author":4,"featured_media":177203,"comment_status":"closed","ping_status":"closed","sticky":false,"template":"","format":"standard","meta":{"_monsterinsights_skip_tracking":false,"_monsterinsights_sitenote_active":false,"_monsterinsights_sitenote_note":"","_monsterinsights_sitenote_category":0,"footnotes":""},"categories":[1,49],"tags":[],"class_list":["post-177229","post","type-post","status-publish","format-standard","has-post-thumbnail","hentry","category-senza-categoria","category-news-18","category-1","category-49","description-off"],"img_url":"https:\/\/www.radiopiu.net\/wordpress\/wp-content\/uploads\/2020\/12\/WhatsApp-Image-2020-12-06-at-09.22.02.jpeg","_links":{"self":[{"href":"https:\/\/www.radiopiu.net\/wordpress\/wp-json\/wp\/v2\/posts\/177229","targetHints":{"allow":["GET"]}}],"collection":[{"href":"https:\/\/www.radiopiu.net\/wordpress\/wp-json\/wp\/v2\/posts"}],"about":[{"href":"https:\/\/www.radiopiu.net\/wordpress\/wp-json\/wp\/v2\/types\/post"}],"author":[{"embeddable":true,"href":"https:\/\/www.radiopiu.net\/wordpress\/wp-json\/wp\/v2\/users\/4"}],"replies":[{"embeddable":true,"href":"https:\/\/www.radiopiu.net\/wordpress\/wp-json\/wp\/v2\/comments?post=177229"}],"version-history":[{"count":0,"href":"https:\/\/www.radiopiu.net\/wordpress\/wp-json\/wp\/v2\/posts\/177229\/revisions"}],"wp:featuredmedia":[{"embeddable":true,"href":"https:\/\/www.radiopiu.net\/wordpress\/wp-json\/wp\/v2\/media\/177203"}],"wp:attachment":[{"href":"https:\/\/www.radiopiu.net\/wordpress\/wp-json\/wp\/v2\/media?parent=177229"}],"wp:term":[{"taxonomy":"category","embeddable":true,"href":"https:\/\/www.radiopiu.net\/wordpress\/wp-json\/wp\/v2\/categories?post=177229"},{"taxonomy":"post_tag","embeddable":true,"href":"https:\/\/www.radiopiu.net\/wordpress\/wp-json\/wp\/v2\/tags?post=177229"}],"curies":[{"name":"wp","href":"https:\/\/api.w.org\/{rel}","templated":true}]}}