{"id":177337,"date":"2020-12-06T11:57:58","date_gmt":"2020-12-06T10:57:58","guid":{"rendered":"https:\/\/www.radiopiu.net\/wordpress\/?p=177337"},"modified":"2020-12-06T11:57:59","modified_gmt":"2020-12-06T10:57:59","slug":"strade-chiuse-e-allagamenti-nel-bellunese-rischio-valanghe-nelle-prossime-ore","status":"publish","type":"post","link":"https:\/\/www.radiopiu.net\/wordpress\/strade-chiuse-e-allagamenti-nel-bellunese-rischio-valanghe-nelle-prossime-ore\/","title":{"rendered":"STRADE CHIUSE E ALLAGAMENTI NEL BELLUNESE. RISCHIO VALANGHE NELLE PROSSIME ORE"},"content":{"rendered":"<p>APPELLO DEL DIRETTORE GENERALE DI VENETO STRADE SILVANO VERNIZZI: \u201cDA DUE GIORNI OLTRE 200 OPERATORI LAVORANO SENZA SOSTA PER FRONTEGGIARE LA SITUAZIONE. MEGLIO STARE A CASA E LASCIARE SPAZIO AI MEZZI DI SOCCORSO\u201d. SULLA SP 251 DELLA VAL DI ZOLDO E VAL CELLINA IN LOCALITA\u2019 SOFFRANCO UNA FRANA BLOCCA LA CIRCOLAZIONE. ALMENO 20 GIORNI PER RIPRISTINARE LA VIABILITA\u2019 SU QUEL TRATTO. SMOTTAMENTI NELL\u2019AGORDINO MA SITUAZIONE RIPRISTINATA NELLE PRIME ORE DEL MATTINO.<\/p>\n<p><a href=\"https:\/\/www.radiopiu.net\/wordpress\/strade-chiuse-e-allagamenti-nel-bellunese-rischio-valanghe-nelle-prossime-ore\/4086b622-52a2-44b1-9b95-106914a1e86f\/\" rel=\"attachment wp-att-177338\"><img loading=\"lazy\" decoding=\"async\" class=\"alignnone size-medium wp-image-177338\" src=\"https:\/\/www.radiopiu.net\/wordpress\/wp-content\/uploads\/2020\/12\/4086b622-52a2-44b1-9b95-106914a1e86f-300x169.jpg\" alt=\"\" width=\"300\" height=\"169\" srcset=\"https:\/\/www.radiopiu.net\/wordpress\/wp-content\/uploads\/2020\/12\/4086b622-52a2-44b1-9b95-106914a1e86f-300x169.jpg 300w, https:\/\/www.radiopiu.net\/wordpress\/wp-content\/uploads\/2020\/12\/4086b622-52a2-44b1-9b95-106914a1e86f-1024x576.jpg 1024w, https:\/\/www.radiopiu.net\/wordpress\/wp-content\/uploads\/2020\/12\/4086b622-52a2-44b1-9b95-106914a1e86f-768x432.jpg 768w, https:\/\/www.radiopiu.net\/wordpress\/wp-content\/uploads\/2020\/12\/4086b622-52a2-44b1-9b95-106914a1e86f-1536x864.jpg 1536w, https:\/\/www.radiopiu.net\/wordpress\/wp-content\/uploads\/2020\/12\/4086b622-52a2-44b1-9b95-106914a1e86f.jpg 1600w\" sizes=\"auto, (max-width: 300px) 100vw, 300px\" \/><\/a><a href=\"https:\/\/www.radiopiu.net\/wordpress\/strade-chiuse-e-allagamenti-nel-bellunese-rischio-valanghe-nelle-prossime-ore\/73e85731-9967-4ead-b4ff-c11cfd155157\/\" rel=\"attachment wp-att-177340\"><img loading=\"lazy\" decoding=\"async\" class=\"alignnone size-medium wp-image-177340\" src=\"https:\/\/www.radiopiu.net\/wordpress\/wp-content\/uploads\/2020\/12\/73e85731-9967-4ead-b4ff-c11cfd155157-300x169.jpg\" alt=\"\" width=\"300\" height=\"169\" srcset=\"https:\/\/www.radiopiu.net\/wordpress\/wp-content\/uploads\/2020\/12\/73e85731-9967-4ead-b4ff-c11cfd155157-300x169.jpg 300w, https:\/\/www.radiopiu.net\/wordpress\/wp-content\/uploads\/2020\/12\/73e85731-9967-4ead-b4ff-c11cfd155157-1024x576.jpg 1024w, https:\/\/www.radiopiu.net\/wordpress\/wp-content\/uploads\/2020\/12\/73e85731-9967-4ead-b4ff-c11cfd155157-768x432.jpg 768w, https:\/\/www.radiopiu.net\/wordpress\/wp-content\/uploads\/2020\/12\/73e85731-9967-4ead-b4ff-c11cfd155157-1536x864.jpg 1536w, https:\/\/www.radiopiu.net\/wordpress\/wp-content\/uploads\/2020\/12\/73e85731-9967-4ead-b4ff-c11cfd155157.jpg 2000w\" sizes=\"auto, (max-width: 300px) 100vw, 300px\" \/><\/a><\/p>\n<p>La situazione della viabilit\u00e0 nel bellunese da sabato 5 dicembre \u00e8 estremamente pesante, non solo per le nevicate sopra i 1500 metri (1,2 metri di neve caduti in poche ore) ma anche per le abbondanti piogge. \u201cStanotte nel Feltrino e in Alpago ci sono state delle vere e proprie \u201cbombe\u201d d\u2019acqua &#8211; spiega il direttore generale di Veneto Strade, Silvano Vernizzi &#8211; di oltre 300 millimetri, particolarmente colpita la zona dell\u2019Alpago dove ci sono alcune frazioni isolate. Le strade sono allagate e ci sono numerosi smottamenti. Nonostante le difficolt\u00e0 stiamo lavorando senza sosta per ripristinare la normalit\u00e0\u201d. Novantacinque gli operatori di Veneto Strade coinvolti direttamente, oltre ai dipendenti di 15 ditte esterne per un totale di 200 persone che da venerd\u00ec sera sono sulle strade. La frana pi\u00f9 importante si \u00e8 verificata sulla Sp 251 della Val di Zoldo e Val Cellina in comune di Forno di Zoldo in localit\u00e0 Soffranco. \u201cPurtroppo per ripristinare completamente la circolazione ci vorranno una ventina di giorni &#8211; aggiunge Vernizzi &#8211; fermo restando le condizioni meteo che non sono buone per il momento. Bisogner\u00e0 mettere in sicurezza il versante di frana. Per i residenti ci sono comunque strade alternative\u201d. La situazione \u00e8 sotto controllo, nella notte ci sono stati 4 smottamenti sull\u2019agordina prontamente sistemati tanto che dalle 7.30 la strada era percorribile. Il maltempo colpisce anche la pianura con uno smottamento sulla Gardesana in comune di Malcesine dove da stamane operai di Veneto Strade lavorano per cercare di riaprire la strada entro mezzogiorno. \u201cCome detto le previsioni indicano un abbassamento delle temperature e nevicher\u00e0 sotto i 1300 metri &#8211; dice il direttore generale di Veneto Strade &#8211; la neve fresca si pogger\u00e0 su quella gelata e quindi si creer\u00e0 uno scivolo perfetto per le valanghe. Quindi il mio appello \u00e8 stare a casa per dare modo ai mezzi che stanno lavorando di operare al meglio. Il ponte dell\u2019Immacolata insomma inizia da marted\u00ec \u201c.<\/p>\n","protected":false},"excerpt":{"rendered":"<p>APPELLO DEL DIRETTORE GENERALE DI VENETO STRADE SILVANO VERNIZZI: \u201cDA DUE GIORNI OLTRE 200 OPERATORI LAVORANO SENZA SOSTA PER FRONTEGGIARE LA SITUAZIONE. MEGLIO STARE A CASA E LASCIARE SPAZIO AI MEZZI DI SOCCORSO\u201d. SULLA SP 251 DELLA VAL DI ZOLDO E VAL CELLINA IN LOCALITA\u2019 SOFFRANCO UNA FRANA BLOCCA LA CIRCOLAZIONE. ALMENO 20 GIORNI PER&hellip;<\/p>\n","protected":false},"author":4,"featured_media":177338,"comment_status":"closed","ping_status":"closed","sticky":false,"template":"","format":"standard","meta":{"_monsterinsights_skip_tracking":false,"_monsterinsights_sitenote_active":false,"_monsterinsights_sitenote_note":"","_monsterinsights_sitenote_category":0,"footnotes":""},"categories":[49],"tags":[],"class_list":["post-177337","post","type-post","status-publish","format-standard","has-post-thumbnail","hentry","category-news-18","category-49","description-off"],"img_url":"https:\/\/www.radiopiu.net\/wordpress\/wp-content\/uploads\/2020\/12\/4086b622-52a2-44b1-9b95-106914a1e86f.jpg","_links":{"self":[{"href":"https:\/\/www.radiopiu.net\/wordpress\/wp-json\/wp\/v2\/posts\/177337","targetHints":{"allow":["GET"]}}],"collection":[{"href":"https:\/\/www.radiopiu.net\/wordpress\/wp-json\/wp\/v2\/posts"}],"about":[{"href":"https:\/\/www.radiopiu.net\/wordpress\/wp-json\/wp\/v2\/types\/post"}],"author":[{"embeddable":true,"href":"https:\/\/www.radiopiu.net\/wordpress\/wp-json\/wp\/v2\/users\/4"}],"replies":[{"embeddable":true,"href":"https:\/\/www.radiopiu.net\/wordpress\/wp-json\/wp\/v2\/comments?post=177337"}],"version-history":[{"count":0,"href":"https:\/\/www.radiopiu.net\/wordpress\/wp-json\/wp\/v2\/posts\/177337\/revisions"}],"wp:featuredmedia":[{"embeddable":true,"href":"https:\/\/www.radiopiu.net\/wordpress\/wp-json\/wp\/v2\/media\/177338"}],"wp:attachment":[{"href":"https:\/\/www.radiopiu.net\/wordpress\/wp-json\/wp\/v2\/media?parent=177337"}],"wp:term":[{"taxonomy":"category","embeddable":true,"href":"https:\/\/www.radiopiu.net\/wordpress\/wp-json\/wp\/v2\/categories?post=177337"},{"taxonomy":"post_tag","embeddable":true,"href":"https:\/\/www.radiopiu.net\/wordpress\/wp-json\/wp\/v2\/tags?post=177337"}],"curies":[{"name":"wp","href":"https:\/\/api.w.org\/{rel}","templated":true}]}}