{"id":177346,"date":"2020-12-06T12:55:47","date_gmt":"2020-12-06T11:55:47","guid":{"rendered":"https:\/\/www.radiopiu.net\/wordpress\/?p=177346"},"modified":"2020-12-06T12:55:47","modified_gmt":"2020-12-06T11:55:47","slug":"iniziata-levacuazione-degli-ospiti-della-casa-di-riposo-di-pous-dalpago","status":"publish","type":"post","link":"https:\/\/www.radiopiu.net\/wordpress\/iniziata-levacuazione-degli-ospiti-della-casa-di-riposo-di-pous-dalpago\/","title":{"rendered":"INIZIATA L\u2019EVACUAZIONE DEGLI OSPITI DELLA CASA DI RIPOSO DI POUS D\u2019ALPAGO"},"content":{"rendered":"<p><strong>PUOS D&#8217;ALPAGO\u00a0<\/strong>\u00a0\u00c8 in corso l\u2019evacuazione degli ospiti della Casa di riposo di Puos d\u2019Alpago, dopo l\u2019allagamento che ha interessato la struttura nella notte. Con la regia della Protezione Civile, presente da subito sul posto con l\u2019assessore regionale Gianpaolo Bottacin, all\u2019alba \u00e8 stata assunta la decisione, di trasferire i 76 ospiti del Centro servizi, per massima sicurezza e per assicurare la miglior assistenza, la Direzione dell\u2019Ulss Dolomiti ha attivato un coordinamento coinvolgendo il CREU della Regione del Veneto, la Centrale SUEM 118, i distretti, le direzioni mediche e le strutture territoriali per raccogliere le disponibilit\u00e0 e organizzare i trasferimenti, riscontrando grande collaborazione a tutti i livelli. Il direttore sanitario dell\u2019Ulss Dolomiti, Giovanni Maria Pittoni, raggiunto poi dal direttore dei servizi sociali Gian Antonio Dei Tos, in accordo col la direzione della struttura e con il supporto di un coordinatore inviato dal CREU ha eseguito un triage, individuando per ciascun ospite la miglior sede di accoglienza in base alle condizioni cliniche e avendo cura di ridurre al minimo i disagi. Gli ospiti, tutti covid negativi, saranno accolti in aree per persone covid negative all\u2019ospedale di Pieve di Cadore,all\u2019ospedale di Feltre, alla RSA di Santa Croce, alla Casa del Sole di Ponte nelle Alpi e alla RSA Marmarole di Pieve di Cadore. \u00a0Alcuni ospiti sono stati dimessi a domicilio. Altre strutture si sono rese disponibili. Alle ore 12.00 gli ospiti trasferiti sono 20. La situazione \u00e8 in evoluzione. Nel corso della mattinata sono partiti i primi ospiti, grazie alla pronta disponibilit\u00e0 degli ospedali e delle strutture del territorio di attivare posti letto e del grande dispiegamento di mezzi attivato dal CREU e dalla Centrale SUEM 118. Oltre ai mezzi dell\u2019Ulss Dolomiti e delle Associazioni di volontari delle ambulanze provenienti da tutta la provincia, infatti, sono impegnate anche ambulanze inviate da Treviso e da Venezia. I pazienti pi\u00f9 fragili sono stati trasferiti attraverso le ambulanze del 118 con infermiere a bordo mentre gli ospiti deambulanti sono in corso di trasferimento con pulmini. Vista la particolare situazione di criticit\u00e0 anche riguardo alla viabilit\u00e0 in provincia, nella Centrale SUEM 118 \u00e8 stato dedicato alla gestione di questa particolare emergenza un infermiere, che coordina tutta la movimentazione dei pazienti in costante collegamento con gli equipaggi dei mezzi.<\/p>\n\n\t\t\t<style type='text\/css'>\n\t\t\t\t#gallery-1 {\n\t\t\t\t\tmargin: auto;\n\t\t\t\t}\n\t\t\t\t#gallery-1 .gallery-item {\n\t\t\t\t\tfloat: left;\n\t\t\t\t\tmargin-top: 10px;\n\t\t\t\t\ttext-align: center;\n\t\t\t\t\twidth: 33%;\n\t\t\t\t}\n\t\t\t\t#gallery-1 img {\n\t\t\t\t\tborder: 2px solid #cfcfcf;\n\t\t\t\t}\n\t\t\t\t#gallery-1 .gallery-caption {\n\t\t\t\t\tmargin-left: 0;\n\t\t\t\t}\n\t\t\t\t\/* see gallery_shortcode() in wp-includes\/media.php *\/\n\t\t\t<\/style>\n\t\t<div id='gallery-1' class='dt-gallery-container gallery galleryid-177346 gallery-columns-3 gallery-size-medium'><dl class='gallery-item'>\n\t\t\t\t<dt class='gallery-icon portrait'>\n\t\t\t\t\t<a class=\"rollover rollover-zoom dt-pswp-item\" title=\"IMG-20201206-WA0014\" data-dt-img-description=\"\" data-large_image_width=\"768\" data-large_image_height=\"1024\"href='https:\/\/www.radiopiu.net\/wordpress\/wp-content\/uploads\/2020\/12\/IMG-20201206-WA0014.jpg'><img loading=\"lazy\" decoding=\"async\" width=\"225\" height=\"300\" src=\"https:\/\/www.radiopiu.net\/wordpress\/wp-content\/uploads\/2020\/12\/IMG-20201206-WA0014-225x300.jpg\" class=\"attachment-medium size-medium\" alt=\"\" srcset=\"https:\/\/www.radiopiu.net\/wordpress\/wp-content\/uploads\/2020\/12\/IMG-20201206-WA0014-225x300.jpg 225w, https:\/\/www.radiopiu.net\/wordpress\/wp-content\/uploads\/2020\/12\/IMG-20201206-WA0014.jpg 768w\" sizes=\"auto, (max-width: 225px) 100vw, 225px\" \/><\/a>\n\t\t\t\t<\/dt><\/dl><dl class='gallery-item'>\n\t\t\t\t<dt class='gallery-icon portrait'>\n\t\t\t\t\t<a class=\"rollover rollover-zoom dt-pswp-item\" title=\"IMG-20201206-WA0015\" data-dt-img-description=\"\" data-large_image_width=\"768\" data-large_image_height=\"1024\"href='https:\/\/www.radiopiu.net\/wordpress\/wp-content\/uploads\/2020\/12\/IMG-20201206-WA0015.jpg'><img loading=\"lazy\" decoding=\"async\" width=\"225\" height=\"300\" src=\"https:\/\/www.radiopiu.net\/wordpress\/wp-content\/uploads\/2020\/12\/IMG-20201206-WA0015-225x300.jpg\" class=\"attachment-medium size-medium\" alt=\"\" srcset=\"https:\/\/www.radiopiu.net\/wordpress\/wp-content\/uploads\/2020\/12\/IMG-20201206-WA0015-225x300.jpg 225w, https:\/\/www.radiopiu.net\/wordpress\/wp-content\/uploads\/2020\/12\/IMG-20201206-WA0015.jpg 768w\" sizes=\"auto, (max-width: 225px) 100vw, 225px\" \/><\/a>\n\t\t\t\t<\/dt><\/dl><dl class='gallery-item'>\n\t\t\t\t<dt class='gallery-icon portrait'>\n\t\t\t\t\t<a class=\"rollover rollover-zoom dt-pswp-item\" title=\"IMG-20201206-WA0019\" data-dt-img-description=\"\" data-large_image_width=\"768\" data-large_image_height=\"1024\"href='https:\/\/www.radiopiu.net\/wordpress\/wp-content\/uploads\/2020\/12\/IMG-20201206-WA0019.jpg'><img loading=\"lazy\" decoding=\"async\" width=\"225\" height=\"300\" src=\"https:\/\/www.radiopiu.net\/wordpress\/wp-content\/uploads\/2020\/12\/IMG-20201206-WA0019-225x300.jpg\" class=\"attachment-medium size-medium\" alt=\"\" srcset=\"https:\/\/www.radiopiu.net\/wordpress\/wp-content\/uploads\/2020\/12\/IMG-20201206-WA0019-225x300.jpg 225w, https:\/\/www.radiopiu.net\/wordpress\/wp-content\/uploads\/2020\/12\/IMG-20201206-WA0019.jpg 768w\" sizes=\"auto, (max-width: 225px) 100vw, 225px\" \/><\/a>\n\t\t\t\t<\/dt><\/dl><br style=\"clear: both\" \/>\n\t\t\t<\/div>\n\n","protected":false},"excerpt":{"rendered":"<p>PUOS D&#8217;ALPAGO\u00a0\u00a0\u00c8 in corso l\u2019evacuazione degli ospiti della Casa di riposo di Puos d\u2019Alpago, dopo l\u2019allagamento che ha interessato la struttura nella notte. Con la regia della Protezione Civile, presente da subito sul posto con l\u2019assessore regionale Gianpaolo Bottacin, all\u2019alba \u00e8 stata assunta la decisione, di trasferire i 76 ospiti del Centro servizi, per massima&hellip;<\/p>\n","protected":false},"author":4,"featured_media":177351,"comment_status":"closed","ping_status":"closed","sticky":false,"template":"","format":"standard","meta":{"_monsterinsights_skip_tracking":false,"_monsterinsights_sitenote_active":false,"_monsterinsights_sitenote_note":"","_monsterinsights_sitenote_category":0,"footnotes":""},"categories":[49],"tags":[],"class_list":["post-177346","post","type-post","status-publish","format-standard","has-post-thumbnail","hentry","category-news-18","category-49","description-off"],"img_url":"https:\/\/www.radiopiu.net\/wordpress\/wp-content\/uploads\/2020\/12\/IMG-20201206-WA0014.jpg","_links":{"self":[{"href":"https:\/\/www.radiopiu.net\/wordpress\/wp-json\/wp\/v2\/posts\/177346","targetHints":{"allow":["GET"]}}],"collection":[{"href":"https:\/\/www.radiopiu.net\/wordpress\/wp-json\/wp\/v2\/posts"}],"about":[{"href":"https:\/\/www.radiopiu.net\/wordpress\/wp-json\/wp\/v2\/types\/post"}],"author":[{"embeddable":true,"href":"https:\/\/www.radiopiu.net\/wordpress\/wp-json\/wp\/v2\/users\/4"}],"replies":[{"embeddable":true,"href":"https:\/\/www.radiopiu.net\/wordpress\/wp-json\/wp\/v2\/comments?post=177346"}],"version-history":[{"count":0,"href":"https:\/\/www.radiopiu.net\/wordpress\/wp-json\/wp\/v2\/posts\/177346\/revisions"}],"wp:featuredmedia":[{"embeddable":true,"href":"https:\/\/www.radiopiu.net\/wordpress\/wp-json\/wp\/v2\/media\/177351"}],"wp:attachment":[{"href":"https:\/\/www.radiopiu.net\/wordpress\/wp-json\/wp\/v2\/media?parent=177346"}],"wp:term":[{"taxonomy":"category","embeddable":true,"href":"https:\/\/www.radiopiu.net\/wordpress\/wp-json\/wp\/v2\/categories?post=177346"},{"taxonomy":"post_tag","embeddable":true,"href":"https:\/\/www.radiopiu.net\/wordpress\/wp-json\/wp\/v2\/tags?post=177346"}],"curies":[{"name":"wp","href":"https:\/\/api.w.org\/{rel}","templated":true}]}}