{"id":177529,"date":"2020-12-06T18:55:40","date_gmt":"2020-12-06T17:55:40","guid":{"rendered":"https:\/\/www.radiopiu.net\/wordpress\/?p=177529"},"modified":"2020-12-06T19:02:39","modified_gmt":"2020-12-06T18:02:39","slug":"cencenighe-casa-evacuata-frana-con-fronte-di-60-metri-a-sorriva","status":"publish","type":"post","link":"https:\/\/www.radiopiu.net\/wordpress\/cencenighe-casa-evacuata-frana-con-fronte-di-60-metri-a-sorriva\/","title":{"rendered":"CENCENIGHE CASA EVACUATA. FRANA CON FRONTE DI 60 METRI A SORRIVA."},"content":{"rendered":"<p>aggiornamento dalla Provincia<\/p>\n<p>&nbsp;<\/p>\n<p><strong><a href=\"https:\/\/www.radiopiu.net\/wordpress\/cencenighe-casa-evacuata-frana-con-fronte-di-60-metri-a-sorriva\/6ffeac96-d8b9-4903-b1cc-29229587f1d6\/\" rel=\"attachment wp-att-177532\"><img loading=\"lazy\" decoding=\"async\" class=\" wp-image-177532 alignleft\" src=\"https:\/\/www.radiopiu.net\/wordpress\/wp-content\/uploads\/2020\/12\/6ffeac96-d8b9-4903-b1cc-29229587f1d6-300x225.jpg\" alt=\"\" width=\"160\" height=\"120\" srcset=\"https:\/\/www.radiopiu.net\/wordpress\/wp-content\/uploads\/2020\/12\/6ffeac96-d8b9-4903-b1cc-29229587f1d6-300x225.jpg 300w, https:\/\/www.radiopiu.net\/wordpress\/wp-content\/uploads\/2020\/12\/6ffeac96-d8b9-4903-b1cc-29229587f1d6-1024x768.jpg 1024w, https:\/\/www.radiopiu.net\/wordpress\/wp-content\/uploads\/2020\/12\/6ffeac96-d8b9-4903-b1cc-29229587f1d6-768x576.jpg 768w, https:\/\/www.radiopiu.net\/wordpress\/wp-content\/uploads\/2020\/12\/6ffeac96-d8b9-4903-b1cc-29229587f1d6-1536x1152.jpg 1536w, https:\/\/www.radiopiu.net\/wordpress\/wp-content\/uploads\/2020\/12\/6ffeac96-d8b9-4903-b1cc-29229587f1d6.jpg 1600w\" sizes=\"auto, (max-width: 160px) 100vw, 160px\" \/><\/a>CENCENIGHE<\/strong> evacuazione casa con 2 abitanti per frana contro edificio a monte strada sp8. Strada frazione Martin Bogo, 2 piccole frane con riduzione carreggiata ma si passa.<\/p>\n<p>&nbsp;<\/p>\n<p><strong>VOLTAGO<\/strong>: proposta guardiania per edificio disabitato bordo strada su orlo scarpata torrente (a frassene).<\/p>\n<p>&nbsp;<\/p>\n<p><strong>GOSALDO LE IMMAGINI DEI SOCCORSI DI OGGI A LEVEDER CON L&#8217;EVACUAZIONE DEGLI ABITANTI, SOCCORSO ALPINO<\/strong><\/p>\n<p>Il Soccorso alpino di Agordo \u00e8 stato impegnato assieme ai Vigili del Fuoco in aiuto dei residenti nelle frazioni isolate di Ren e Laveder, in Comune di Gosaldo. In particolare una squadra ha raggiunto una casa di villeggiatura a Laveder, dove l&#8217;elicottero del Suem di Pieve di Cadore \u00e8 riuscito ad evacuare tre persone anziane, prima che il maltempo impedisse ulteriori manovre. Altri due villeggianti sono invece stati riportati in una zona sicura dai soccorritori, che hanno allestito alcuni ponti di tavole per superare i tratti pi\u00f9 difficili. Sono stati inoltre contattati altri due turisti &#8211; che stanno bene &#8211; rimasti bloccati nella loro casa di Col Tamai, dopo la caduta di una frana sulla strada.<\/p>\n\n\t\t\t<style type='text\/css'>\n\t\t\t\t#gallery-1 {\n\t\t\t\t\tmargin: auto;\n\t\t\t\t}\n\t\t\t\t#gallery-1 .gallery-item {\n\t\t\t\t\tfloat: left;\n\t\t\t\t\tmargin-top: 10px;\n\t\t\t\t\ttext-align: center;\n\t\t\t\t\twidth: 33%;\n\t\t\t\t}\n\t\t\t\t#gallery-1 img {\n\t\t\t\t\tborder: 2px solid #cfcfcf;\n\t\t\t\t}\n\t\t\t\t#gallery-1 .gallery-caption {\n\t\t\t\t\tmargin-left: 0;\n\t\t\t\t}\n\t\t\t\t\/* see gallery_shortcode() in wp-includes\/media.php *\/\n\t\t\t<\/style>\n\t\t<div id='gallery-1' class='dt-gallery-container gallery galleryid-177529 gallery-columns-3 gallery-size-thumbnail'><dl class='gallery-item'>\n\t\t\t\t<dt class='gallery-icon landscape'>\n\t\t\t\t\t<a class=\"rollover rollover-zoom dt-pswp-item\" title=\"salt_20201206_183549_698\" data-dt-img-description=\"\" data-large_image_width=\"2364\" data-large_image_height=\"1773\"href='https:\/\/www.radiopiu.net\/wordpress\/wp-content\/uploads\/2020\/12\/salt_20201206_183549_698.jpg'><img loading=\"lazy\" decoding=\"async\" width=\"150\" height=\"150\" src=\"https:\/\/www.radiopiu.net\/wordpress\/wp-content\/uploads\/2020\/12\/salt_20201206_183549_698-150x150.jpg\" class=\"attachment-thumbnail size-thumbnail\" alt=\"\" \/><\/a>\n\t\t\t\t<\/dt><\/dl><dl class='gallery-item'>\n\t\t\t\t<dt class='gallery-icon landscape'>\n\t\t\t\t\t<a class=\"rollover rollover-zoom dt-pswp-item\" title=\"salt_20201206_183527_371\" data-dt-img-description=\"\" data-large_image_width=\"2364\" data-large_image_height=\"1773\"href='https:\/\/www.radiopiu.net\/wordpress\/wp-content\/uploads\/2020\/12\/salt_20201206_183527_371.jpg'><img loading=\"lazy\" decoding=\"async\" width=\"150\" height=\"150\" src=\"https:\/\/www.radiopiu.net\/wordpress\/wp-content\/uploads\/2020\/12\/salt_20201206_183527_371-150x150.jpg\" class=\"attachment-thumbnail size-thumbnail\" alt=\"\" \/><\/a>\n\t\t\t\t<\/dt><\/dl><dl class='gallery-item'>\n\t\t\t\t<dt class='gallery-icon portrait'>\n\t\t\t\t\t<a class=\"rollover rollover-zoom dt-pswp-item\" title=\"salt_20201206_183457_844\" data-dt-img-description=\"\" data-large_image_width=\"600\" data-large_image_height=\"900\"href='https:\/\/www.radiopiu.net\/wordpress\/wp-content\/uploads\/2020\/12\/salt_20201206_183457_844.jpg'><img loading=\"lazy\" decoding=\"async\" width=\"150\" height=\"150\" src=\"https:\/\/www.radiopiu.net\/wordpress\/wp-content\/uploads\/2020\/12\/salt_20201206_183457_844-150x150.jpg\" class=\"attachment-thumbnail size-thumbnail\" alt=\"\" \/><\/a>\n\t\t\t\t<\/dt><\/dl><br style=\"clear: both\" \/>\n\t\t\t<\/div>\n\n<p>&nbsp;<\/p>\n<p>&nbsp;<\/p>\n<p><strong>CHIES ALPAGO CHIES.<\/strong> Localit\u00e0 Codenzano. Frana a valle della viabilit\u00e0 ha lambito un fabbricato e interessato la strada a valle. Questa notte verr\u00e0 monitorata l&#8217;evoluzione del fenomeno con torre faro. <strong>Localit\u00e0 Tarcogna <\/strong>Colate hanno invaso la strada. In corso rimozione di materiale e svuotamento vasca di accumulo. Si sta valutando la pericolosit\u00e0 per un&#8217;abitazione <strong>\u00a0Localit\u00e0 Palughetto,<\/strong> in corso intervento di rimozione materiale franato. Prime due file di reti contenimento saltate, terza fila compromessa. In evacuazione una famiglia. Situazione in evoluzione da valutare domani<\/p>\n<p>&nbsp;<\/p>\n<p><strong><a href=\"https:\/\/www.radiopiu.net\/wordpress\/cencenighe-casa-evacuata-frana-con-fronte-di-60-metri-a-sorriva\/7df86d70-0a3e-4daa-b0db-81e53c2dfe7c\/\" rel=\"attachment wp-att-177530\"><img loading=\"lazy\" decoding=\"async\" class=\" wp-image-177530 alignleft\" src=\"https:\/\/www.radiopiu.net\/wordpress\/wp-content\/uploads\/2020\/12\/7df86d70-0a3e-4daa-b0db-81e53c2dfe7c-300x225.jpg\" alt=\"\" width=\"159\" height=\"119\" srcset=\"https:\/\/www.radiopiu.net\/wordpress\/wp-content\/uploads\/2020\/12\/7df86d70-0a3e-4daa-b0db-81e53c2dfe7c-300x225.jpg 300w, https:\/\/www.radiopiu.net\/wordpress\/wp-content\/uploads\/2020\/12\/7df86d70-0a3e-4daa-b0db-81e53c2dfe7c-1024x768.jpg 1024w, https:\/\/www.radiopiu.net\/wordpress\/wp-content\/uploads\/2020\/12\/7df86d70-0a3e-4daa-b0db-81e53c2dfe7c-768x576.jpg 768w, https:\/\/www.radiopiu.net\/wordpress\/wp-content\/uploads\/2020\/12\/7df86d70-0a3e-4daa-b0db-81e53c2dfe7c-1536x1152.jpg 1536w, https:\/\/www.radiopiu.net\/wordpress\/wp-content\/uploads\/2020\/12\/7df86d70-0a3e-4daa-b0db-81e53c2dfe7c.jpg 1600w\" sizes=\"auto, (max-width: 159px) 100vw, 159px\" \/><\/a>SOVRAMONTE\u00a0<\/strong> Frana con fronte di 60 metri in un sito gi\u00e0 interessato da smottamenti in passato, ma mai di tali dimensioni. Attualmente in lento arretramento verso la soprastante abitazione per piccole colate detritiche, situazione che pu\u00f2 evolvere. Il comune sta valutando se procedere a ordinanza di evacuazione o se consigliare per questa notte un allontanamento volontario.<\/p>\n<p><strong>CESIOMAGGIORE<\/strong>\u00a0 Problemi non urgenti in via Rai, accesso capoluogo. Materiale gi\u00e0\u00a0 rimosso dal comune, necessita di successivo intervento di stabilizzazione.<\/p>\n<p><strong>SANTA GIUSTINA<\/strong>: problemi sul torrente Veses.<\/p>\n<p><strong>PONTE NELLE ALPI:<\/strong> abitato Mazzucchi, vicino Reveane, sopralluogo con sindaco, carabinieri e tecnico comunale. Rilevati problemi di accesso al paese, strada soggetta a significativi fenomeni franosi in atto, materiale rimosso, ma necessari interventi di stabilizzazione.<br \/>\nFrana Paradisi in evoluzione.<\/p>\n<p><strong>BELLUNO DESTRA PIAVE:<\/strong> frana lungo strada per case bortot al piede di edifici, materiale rimosso dalla strada, fenomeno tutt&#8217;ora in evoluzione.<\/p>\n<p><strong><a href=\"https:\/\/www.radiopiu.net\/wordpress\/cencenighe-casa-evacuata-frana-con-fronte-di-60-metri-a-sorriva\/177488fe-b252-4ce5-a0f2-9e3b2fa4fd78\/\" rel=\"attachment wp-att-177531\"><img loading=\"lazy\" decoding=\"async\" class=\"wp-image-177531 alignleft\" src=\"https:\/\/www.radiopiu.net\/wordpress\/wp-content\/uploads\/2020\/12\/177488fe-b252-4ce5-a0f2-9e3b2fa4fd78-300x169.jpg\" alt=\"\" width=\"203\" height=\"114\" srcset=\"https:\/\/www.radiopiu.net\/wordpress\/wp-content\/uploads\/2020\/12\/177488fe-b252-4ce5-a0f2-9e3b2fa4fd78-300x169.jpg 300w, https:\/\/www.radiopiu.net\/wordpress\/wp-content\/uploads\/2020\/12\/177488fe-b252-4ce5-a0f2-9e3b2fa4fd78-1024x576.jpg 1024w, https:\/\/www.radiopiu.net\/wordpress\/wp-content\/uploads\/2020\/12\/177488fe-b252-4ce5-a0f2-9e3b2fa4fd78-768x432.jpg 768w, https:\/\/www.radiopiu.net\/wordpress\/wp-content\/uploads\/2020\/12\/177488fe-b252-4ce5-a0f2-9e3b2fa4fd78-1536x864.jpg 1536w, https:\/\/www.radiopiu.net\/wordpress\/wp-content\/uploads\/2020\/12\/177488fe-b252-4ce5-a0f2-9e3b2fa4fd78.jpg 1600w\" sizes=\"auto, (max-width: 203px) 100vw, 203px\" \/><\/a>ALPAGO<\/strong> Localit\u00e0 Buscole, una frana ha interessato un corso d&#8217;acqua regimato a monte del paese con conseguente interessamento della viabilit\u00e0 e di alcune pertinenze. Rischio molto elevato per presenza di materiale mobilizzabile. In corso interventi di taglio vegetazione e rimozione materiale con ragno<\/p>\n<p><strong>PALUDI ALPAGO\u00a0<\/strong><\/p>\n<p>&nbsp;<\/p>\n<p>&nbsp;<\/p>\n<p>&nbsp;<\/p>\n","protected":false},"excerpt":{"rendered":"<p>aggiornamento dalla Provincia &nbsp; CENCENIGHE evacuazione casa con 2 abitanti per frana contro edificio a monte strada sp8. Strada frazione Martin Bogo, 2 piccole frane con riduzione carreggiata ma si passa. &nbsp; VOLTAGO: proposta guardiania per edificio disabitato bordo strada su orlo scarpata torrente (a frassene). &nbsp; GOSALDO LE IMMAGINI DEI SOCCORSI DI OGGI A&hellip;<\/p>\n","protected":false},"author":4,"featured_media":177532,"comment_status":"closed","ping_status":"closed","sticky":false,"template":"","format":"standard","meta":{"_monsterinsights_skip_tracking":false,"_monsterinsights_sitenote_active":false,"_monsterinsights_sitenote_note":"","_monsterinsights_sitenote_category":0,"footnotes":""},"categories":[51,49],"tags":[],"class_list":["post-177529","post","type-post","status-publish","format-standard","has-post-thumbnail","hentry","category-evidenza-top","category-news-18","category-51","category-49","description-off"],"img_url":"https:\/\/www.radiopiu.net\/wordpress\/wp-content\/uploads\/2020\/12\/6ffeac96-d8b9-4903-b1cc-29229587f1d6.jpg","_links":{"self":[{"href":"https:\/\/www.radiopiu.net\/wordpress\/wp-json\/wp\/v2\/posts\/177529","targetHints":{"allow":["GET"]}}],"collection":[{"href":"https:\/\/www.radiopiu.net\/wordpress\/wp-json\/wp\/v2\/posts"}],"about":[{"href":"https:\/\/www.radiopiu.net\/wordpress\/wp-json\/wp\/v2\/types\/post"}],"author":[{"embeddable":true,"href":"https:\/\/www.radiopiu.net\/wordpress\/wp-json\/wp\/v2\/users\/4"}],"replies":[{"embeddable":true,"href":"https:\/\/www.radiopiu.net\/wordpress\/wp-json\/wp\/v2\/comments?post=177529"}],"version-history":[{"count":0,"href":"https:\/\/www.radiopiu.net\/wordpress\/wp-json\/wp\/v2\/posts\/177529\/revisions"}],"wp:featuredmedia":[{"embeddable":true,"href":"https:\/\/www.radiopiu.net\/wordpress\/wp-json\/wp\/v2\/media\/177532"}],"wp:attachment":[{"href":"https:\/\/www.radiopiu.net\/wordpress\/wp-json\/wp\/v2\/media?parent=177529"}],"wp:term":[{"taxonomy":"category","embeddable":true,"href":"https:\/\/www.radiopiu.net\/wordpress\/wp-json\/wp\/v2\/categories?post=177529"},{"taxonomy":"post_tag","embeddable":true,"href":"https:\/\/www.radiopiu.net\/wordpress\/wp-json\/wp\/v2\/tags?post=177529"}],"curies":[{"name":"wp","href":"https:\/\/api.w.org\/{rel}","templated":true}]}}