{"id":177554,"date":"2020-12-07T04:19:49","date_gmt":"2020-12-07T03:19:49","guid":{"rendered":"https:\/\/www.radiopiu.net\/wordpress\/?p=177554"},"modified":"2020-12-07T06:05:50","modified_gmt":"2020-12-07T05:05:50","slug":"340-nuovi-positivi-in-ulss-1-da-domani-tornano-attivi-i-drive-in-tampone-a-puos-conclusa-levacuazione-della-rsa","status":"publish","type":"post","link":"https:\/\/www.radiopiu.net\/wordpress\/340-nuovi-positivi-in-ulss-1-da-domani-tornano-attivi-i-drive-in-tampone-a-puos-conclusa-levacuazione-della-rsa\/","title":{"rendered":"340 NUOVI POSITIVI IN ULSS 1. DA DOMANI TORNANO ATTIVI I DRIVE-IN TAMPONE. A PUOS CONCLUSA L&#8217;EVACUAZIONE DELLA RSA"},"content":{"rendered":"<p><strong>BELLUNO<\/strong> Sono 340 i nuovi positivi in Ulss 1 Dolomiti (dato aggiornato alle 8). All&#8217;ospedale San Martino di Belluno 55 i pazienti ricoverati in area non critica e 3 in terapia intensiva, al Santa Maria Del Prato di Feltre 49 in area non critica e 5 in terapia intensiva, ad Agordo 6 in area non critica. Questa la situazione negli ospedali di comunit\u00e0: 8 pazienti ad Agordo, 4 ad Alano, 10 ad Auronzo, 19 a Belluno e 13 a Feltre.\u00a0I drive-in tamponi ad accesso libero per i soggetti con prescrizione cartacea ed elettronica del medico di famiglia, in relazione alla forte ondata di maltempo che ha interessato la provincia in questi giorni con permanenza di allerta meteo per le prossime giornate, osserveranno, a partire da domani mattina 7 dicembre la seguente operativit\u00e0:\u00a0Belluno 7 giorni su 7\u00a0dalle 7.00 alle ore 19.00 in Loc. Sagrogna; dalle 19.00 alle 24.00 all\u2019Ospedale San Martino;\u00a0Feltre \u2013 Zona Peschiera &#8211; ex Marangoni dal luned\u00ec al sabato dalle 8.30 alle 12.30;\u00a0Agordo \u2013 P.le Tamonich: luned\u00ec, mercoled\u00ec e venerd\u00ec dalle 15.00 alle 17.00;\u00a0Tai di Cadore \u2013 P.le Dolomiti: sospeso, per ragioni di sicurezza, fino a marted\u00ec 8 dicembre compreso\u00a0Il forte vento e le abbondanti piogge hanno in parte compromesso la logistica del drive-in di Feltre, il cui ripristino, in parte attuato oggi con il supporto della Protezione Civile, sar\u00e0 completato nella prima mattina di domani con l\u2019installazione di una nuova tenda da parte del team della Difesa. Criticit\u00e0 anche per la mancanza di corrente al drive-in di Sagrogna. Gli utenti programmati sono stati ricollocati nei drive-in attivi (compreso Auronzo che sar\u00e0 operativo domani mattina) mentre il team scuole svolger\u00e0 tamponi in alcuni plessi interessati da positivit\u00e0. Considerata l\u2019allerta meteo ancora attiva, si raccomanda di rimandare a mercoled\u00ec l\u2019esecuzione di tamponi non indispensabili. Conclusa, alle 16.30, l\u2019evacuazione degli ospiti della Casa di riposo di Puos d\u2019Alpago, dopo l\u2019allagamento che ha interessato la struttura nella notte. Tutti i 76 ospiti, covid negativi, sono stati accolti in strutture del territorio (40 nella RSA Marmarole di Pieve di Cadore dove \u00e8 stato inviato anche il personale della casa di riposo di Puos, 14 in ospedale a Feltre, 12 nella RSA di Ponte nelle Alpi, 4 nella RSA di Santa Croce, 2 in ospedale a Pieve i Cadore e 4 persone sono state accolte a domicilio dai familiari). Da segnalare anche la disponibilit\u00e0 data dalla casa di riposo di Pedavena, non utilizzata. \u00ab<em>Ringrazio tutti per il grande impegno e il risultato ottenuto in breve tempo\u00a0 in condizioni di difficolt\u00e0 elevatissime<\/em>\u00bb, commenta il Direttore Generale Adriano Rasi Caldogno, \u00ab<em>ancora una volta il coordinamento dell\u2019emergenza e la grande disponibilit\u00e0 di operatori e volontari hanno permesso di gestire la situazione con tempestivit\u00e0 e attenzione alle persone<\/em>\u00bb.<\/p>\n\n\t\t\t<style type='text\/css'>\n\t\t\t\t#gallery-1 {\n\t\t\t\t\tmargin: auto;\n\t\t\t\t}\n\t\t\t\t#gallery-1 .gallery-item {\n\t\t\t\t\tfloat: left;\n\t\t\t\t\tmargin-top: 10px;\n\t\t\t\t\ttext-align: center;\n\t\t\t\t\twidth: 33%;\n\t\t\t\t}\n\t\t\t\t#gallery-1 img {\n\t\t\t\t\tborder: 2px solid #cfcfcf;\n\t\t\t\t}\n\t\t\t\t#gallery-1 .gallery-caption {\n\t\t\t\t\tmargin-left: 0;\n\t\t\t\t}\n\t\t\t\t\/* see gallery_shortcode() in wp-includes\/media.php *\/\n\t\t\t<\/style>\n\t\t<div id='gallery-1' class='dt-gallery-container gallery galleryid-177554 gallery-columns-3 gallery-size-medium'><dl class='gallery-item'>\n\t\t\t\t<dt class='gallery-icon landscape'>\n\t\t\t\t\t<a class=\"rollover rollover-zoom dt-pswp-item\" title=\"IMG_20201206_153224\" data-dt-img-description=\"\" data-large_image_width=\"1543\" data-large_image_height=\"615\"href='https:\/\/www.radiopiu.net\/wordpress\/wp-content\/uploads\/2020\/12\/IMG_20201206_153224.jpg'><img loading=\"lazy\" decoding=\"async\" width=\"300\" height=\"120\" src=\"https:\/\/www.radiopiu.net\/wordpress\/wp-content\/uploads\/2020\/12\/IMG_20201206_153224-300x120.jpg\" class=\"attachment-medium size-medium\" alt=\"\" srcset=\"https:\/\/www.radiopiu.net\/wordpress\/wp-content\/uploads\/2020\/12\/IMG_20201206_153224-300x120.jpg 300w, https:\/\/www.radiopiu.net\/wordpress\/wp-content\/uploads\/2020\/12\/IMG_20201206_153224-1024x408.jpg 1024w, https:\/\/www.radiopiu.net\/wordpress\/wp-content\/uploads\/2020\/12\/IMG_20201206_153224-768x306.jpg 768w, https:\/\/www.radiopiu.net\/wordpress\/wp-content\/uploads\/2020\/12\/IMG_20201206_153224-1536x612.jpg 1536w, https:\/\/www.radiopiu.net\/wordpress\/wp-content\/uploads\/2020\/12\/IMG_20201206_153224.jpg 1543w\" sizes=\"auto, (max-width: 300px) 100vw, 300px\" \/><\/a>\n\t\t\t\t<\/dt><\/dl><dl class='gallery-item'>\n\t\t\t\t<dt class='gallery-icon landscape'>\n\t\t\t\t\t<a class=\"rollover rollover-zoom dt-pswp-item\" title=\"IMG-20201206-WA0024\" data-dt-img-description=\"\" data-large_image_width=\"1600\" data-large_image_height=\"1200\"href='https:\/\/www.radiopiu.net\/wordpress\/wp-content\/uploads\/2020\/12\/IMG-20201206-WA0024.jpg'><img loading=\"lazy\" decoding=\"async\" width=\"300\" height=\"225\" src=\"https:\/\/www.radiopiu.net\/wordpress\/wp-content\/uploads\/2020\/12\/IMG-20201206-WA0024-300x225.jpg\" class=\"attachment-medium size-medium\" alt=\"\" srcset=\"https:\/\/www.radiopiu.net\/wordpress\/wp-content\/uploads\/2020\/12\/IMG-20201206-WA0024-300x225.jpg 300w, https:\/\/www.radiopiu.net\/wordpress\/wp-content\/uploads\/2020\/12\/IMG-20201206-WA0024-1024x768.jpg 1024w, https:\/\/www.radiopiu.net\/wordpress\/wp-content\/uploads\/2020\/12\/IMG-20201206-WA0024-768x576.jpg 768w, https:\/\/www.radiopiu.net\/wordpress\/wp-content\/uploads\/2020\/12\/IMG-20201206-WA0024-1536x1152.jpg 1536w, https:\/\/www.radiopiu.net\/wordpress\/wp-content\/uploads\/2020\/12\/IMG-20201206-WA0024.jpg 1600w\" sizes=\"auto, (max-width: 300px) 100vw, 300px\" \/><\/a>\n\t\t\t\t<\/dt><\/dl><dl class='gallery-item'>\n\t\t\t\t<dt class='gallery-icon landscape'>\n\t\t\t\t\t<a class=\"rollover rollover-zoom dt-pswp-item\" title=\"IMG-20201206-WA0031\" data-dt-img-description=\"\" data-large_image_width=\"1600\" data-large_image_height=\"1200\"href='https:\/\/www.radiopiu.net\/wordpress\/wp-content\/uploads\/2020\/12\/IMG-20201206-WA0031.jpg'><img loading=\"lazy\" decoding=\"async\" width=\"300\" height=\"225\" src=\"https:\/\/www.radiopiu.net\/wordpress\/wp-content\/uploads\/2020\/12\/IMG-20201206-WA0031-300x225.jpg\" class=\"attachment-medium size-medium\" alt=\"\" srcset=\"https:\/\/www.radiopiu.net\/wordpress\/wp-content\/uploads\/2020\/12\/IMG-20201206-WA0031-300x225.jpg 300w, https:\/\/www.radiopiu.net\/wordpress\/wp-content\/uploads\/2020\/12\/IMG-20201206-WA0031-1024x768.jpg 1024w, https:\/\/www.radiopiu.net\/wordpress\/wp-content\/uploads\/2020\/12\/IMG-20201206-WA0031-768x576.jpg 768w, https:\/\/www.radiopiu.net\/wordpress\/wp-content\/uploads\/2020\/12\/IMG-20201206-WA0031-1536x1152.jpg 1536w, https:\/\/www.radiopiu.net\/wordpress\/wp-content\/uploads\/2020\/12\/IMG-20201206-WA0031.jpg 1600w\" sizes=\"auto, (max-width: 300px) 100vw, 300px\" \/><\/a>\n\t\t\t\t<\/dt><\/dl><br style=\"clear: both\" \/>\n\t\t\t<\/div>\n\n","protected":false},"excerpt":{"rendered":"<p>BELLUNO Sono 340 i nuovi positivi in Ulss 1 Dolomiti (dato aggiornato alle 8). All&#8217;ospedale San Martino di Belluno 55 i pazienti ricoverati in area non critica e 3 in terapia intensiva, al Santa Maria Del Prato di Feltre 49 in area non critica e 5 in terapia intensiva, ad Agordo 6 in area non&hellip;<\/p>\n","protected":false},"author":4,"featured_media":177567,"comment_status":"closed","ping_status":"closed","sticky":false,"template":"","format":"standard","meta":{"_monsterinsights_skip_tracking":false,"_monsterinsights_sitenote_active":false,"_monsterinsights_sitenote_note":"","_monsterinsights_sitenote_category":0,"footnotes":""},"categories":[104,49],"tags":[],"class_list":["post-177554","post","type-post","status-publish","format-standard","has-post-thumbnail","hentry","category-evidenza_3","category-news-18","category-104","category-49","description-off"],"img_url":"https:\/\/www.radiopiu.net\/wordpress\/wp-content\/uploads\/2020\/12\/IMG-20201206-WA0024.jpg","_links":{"self":[{"href":"https:\/\/www.radiopiu.net\/wordpress\/wp-json\/wp\/v2\/posts\/177554","targetHints":{"allow":["GET"]}}],"collection":[{"href":"https:\/\/www.radiopiu.net\/wordpress\/wp-json\/wp\/v2\/posts"}],"about":[{"href":"https:\/\/www.radiopiu.net\/wordpress\/wp-json\/wp\/v2\/types\/post"}],"author":[{"embeddable":true,"href":"https:\/\/www.radiopiu.net\/wordpress\/wp-json\/wp\/v2\/users\/4"}],"replies":[{"embeddable":true,"href":"https:\/\/www.radiopiu.net\/wordpress\/wp-json\/wp\/v2\/comments?post=177554"}],"version-history":[{"count":0,"href":"https:\/\/www.radiopiu.net\/wordpress\/wp-json\/wp\/v2\/posts\/177554\/revisions"}],"wp:featuredmedia":[{"embeddable":true,"href":"https:\/\/www.radiopiu.net\/wordpress\/wp-json\/wp\/v2\/media\/177567"}],"wp:attachment":[{"href":"https:\/\/www.radiopiu.net\/wordpress\/wp-json\/wp\/v2\/media?parent=177554"}],"wp:term":[{"taxonomy":"category","embeddable":true,"href":"https:\/\/www.radiopiu.net\/wordpress\/wp-json\/wp\/v2\/categories?post=177554"},{"taxonomy":"post_tag","embeddable":true,"href":"https:\/\/www.radiopiu.net\/wordpress\/wp-json\/wp\/v2\/tags?post=177554"}],"curies":[{"name":"wp","href":"https:\/\/api.w.org\/{rel}","templated":true}]}}