{"id":177647,"date":"2020-12-07T10:01:36","date_gmt":"2020-12-07T09:01:36","guid":{"rendered":"https:\/\/www.radiopiu.net\/wordpress\/?p=177647"},"modified":"2020-12-07T13:01:32","modified_gmt":"2020-12-07T12:01:32","slug":"non-sono-mai-nato-di-carlo-molinari","status":"publish","type":"post","link":"https:\/\/www.radiopiu.net\/wordpress\/non-sono-mai-nato-di-carlo-molinari\/","title":{"rendered":"NON SONO MAI NATO di CARLO MOLINARI"},"content":{"rendered":"<p align=\"LEFT\">AUDIO<\/p>\n<audio class=\"wp-audio-shortcode\" id=\"audio-177647-1\" preload=\"none\" style=\"width: 100%;\" controls=\"controls\"><source type=\"audio\/mpeg\" src=\"https:\/\/www.radiopiu.net\/wordpress\/wp-content\/uploads\/2020\/12\/01-CARLO-MOLINARI-NON-SONO-MAI-NATO.mp3?_=1\" \/><a href=\"https:\/\/www.radiopiu.net\/wordpress\/wp-content\/uploads\/2020\/12\/01-CARLO-MOLINARI-NON-SONO-MAI-NATO.mp3\">https:\/\/www.radiopiu.net\/wordpress\/wp-content\/uploads\/2020\/12\/01-CARLO-MOLINARI-NON-SONO-MAI-NATO.mp3<\/a><\/audio>\n<p align=\"LEFT\"><span style=\"font-family: Verdana, sans-serif;\"><span style=\"font-size: large;\"><img loading=\"lazy\" decoding=\"async\" class=\"alignleft\" src=\"https:\/\/www.radiopiu.net\/wordpress\/wp-content\/uploads\/2020\/12\/Carlo-dicembre-2020-scaled.jpg\" width=\"142\" height=\"292\" \/>NON SONO MAI NATO<\/span><\/span><\/p>\n<p align=\"LEFT\"><span style=\"color: #1c1e21;\"><span style=\"font-family: Verdana, sans-serif;\"><span style=\"font-size: large;\">Mi chiamo Amore,<\/span><\/span><\/span><\/p>\n<p align=\"LEFT\"><span style=\"color: #1c1e21;\"><span style=\"font-family: Verdana, sans-serif;\"><span style=\"font-size: large;\">e discendo per voi<\/span><\/span><\/span><\/p>\n<p align=\"LEFT\"><span style=\"color: #1c1e21;\"><span style=\"font-family: Verdana, sans-serif;\"><span style=\"font-size: large;\">dai cieli pi\u00f9 alti e puliti,<\/span><\/span><\/span><\/p>\n<p align=\"LEFT\"><span style=\"color: #1c1e21;\"><span style=\"font-family: Verdana, sans-serif;\"><span style=\"font-size: large;\">non conosco n\u00e9 brutture<\/span><\/span><\/span><\/p>\n<p align=\"LEFT\"><span style=\"color: #1c1e21;\"><span style=\"font-family: Verdana, sans-serif;\"><span style=\"font-size: large;\">n\u00e9 ripicche o visi esangui,<\/span><\/span><\/span><\/p>\n<p align=\"LEFT\"><span style=\"color: #1c1e21;\"><span style=\"font-family: Verdana, sans-serif;\"><span style=\"font-size: large;\">amo e faccio amare<\/span><\/span><\/span><\/p>\n<p align=\"LEFT\"><span style=\"color: #1c1e21;\"><span style=\"font-family: Verdana, sans-serif;\"><span style=\"font-size: large;\">amo e faccio amare<\/span><\/span><\/span><\/p>\n<p align=\"LEFT\"><span style=\"color: #1c1e21;\"><span style=\"font-family: Verdana, sans-serif;\"><span style=\"font-size: large;\">amo e faccio amare,<\/span><\/span><\/span><\/p>\n<p align=\"LEFT\"><span style=\"color: #1c1e21;\"><span style=\"font-family: Verdana, sans-serif;\"><span style=\"font-size: large;\">sono di sole e di verit\u00e0<\/span><\/span><\/span><\/p>\n<p align=\"LEFT\"><span style=\"color: #1c1e21;\"><span style=\"font-family: Verdana, sans-serif;\"><span style=\"font-size: large;\">ma sono anche nella notte<\/span><\/span><\/span><\/p>\n<p align=\"LEFT\"><span style=\"color: #1c1e21;\"><span style=\"font-family: Verdana, sans-serif;\"><span style=\"font-size: large;\">e nell\u2019attesa di un silenzio,<\/span><\/span><\/span><\/p>\n<p align=\"LEFT\"><span style=\"color: #1c1e21;\"><span style=\"font-family: Verdana, sans-serif;\"><span style=\"font-size: large;\">sono essenza pura di gioia<\/span><\/span><\/span><\/p>\n<p align=\"LEFT\"><span style=\"color: #1c1e21;\"><span style=\"font-family: Verdana, sans-serif;\"><span style=\"font-size: large;\">ma mi trovi anche<\/span><\/span><\/span><\/p>\n<p align=\"LEFT\"><span style=\"color: #1c1e21;\"><span style=\"font-family: Verdana, sans-serif;\"><span style=\"font-size: large;\">nel pianto di un addio,<\/span><\/span><\/span><\/p>\n<p align=\"LEFT\"><span style=\"color: #1c1e21;\"><span style=\"font-family: Verdana, sans-serif;\"><span style=\"font-size: large;\">non sono mai nato<\/span><\/span><\/span><\/p>\n<p align=\"LEFT\"><span style=\"color: #1c1e21;\"><span style=\"font-family: Verdana, sans-serif;\"><span style=\"font-size: large;\">ma esisto da sempre,<\/span><\/span><\/span><\/p>\n<p align=\"LEFT\"><span style=\"color: #1c1e21;\"><span style=\"font-family: Verdana, sans-serif;\"><span style=\"font-size: large;\">non sar\u00f2 mai della morte<\/span><\/span><\/span><\/p>\n<p align=\"LEFT\"><span style=\"color: #1c1e21;\"><span style=\"font-family: Verdana, sans-serif;\"><span style=\"font-size: large;\">perch\u00e9 non muore n\u00e9 si disfa<\/span><\/span><\/span><\/p>\n<p align=\"LEFT\"><span style=\"color: #1c1e21;\"><span style=\"font-family: Verdana, sans-serif;\"><span style=\"font-size: large;\">ci\u00f2 che profuma d\u2019eterno,<\/span><\/span><\/span><\/p>\n<p align=\"LEFT\"><span style=\"color: #1c1e21;\"><span style=\"font-family: Verdana, sans-serif;\"><span style=\"font-size: large;\">e sono qui per te, ora<\/span><\/span><\/span><\/p>\n<p align=\"LEFT\"><span style=\"color: #1c1e21;\"><span style=\"font-family: Verdana, sans-serif;\"><span style=\"font-size: large;\">le mie vie e i miei chiarori<\/span><\/span><\/span><\/p>\n<p align=\"LEFT\"><span style=\"color: #1c1e21;\"><span style=\"font-family: Verdana, sans-serif;\"><span style=\"font-size: large;\">hanno scolpito il tuo nome<\/span><\/span><\/span><\/p>\n<p align=\"LEFT\"><span style=\"color: #1c1e21;\"><span style=\"font-family: Verdana, sans-serif;\"><span style=\"font-size: large;\">e hanno il battito del tuo cuore.<\/span><\/span><\/span><\/p>\n<p align=\"LEFT\"><span style=\"color: #1c1e21;\"><span style=\"font-family: Verdana, sans-serif;\"><span style=\"font-size: large;\">Se vuoi, oggi camminiamo insieme.<\/span><\/span><\/span><\/p>\n","protected":false},"excerpt":{"rendered":"<p>AUDIO NON SONO MAI NATO Mi chiamo Amore, e discendo per voi dai cieli pi\u00f9 alti e puliti, non conosco n\u00e9 brutture n\u00e9 ripicche o visi esangui, amo e faccio amare amo e faccio amare amo e faccio amare, sono di sole e di verit\u00e0 ma sono anche nella notte e nell\u2019attesa di un silenzio,&hellip;<\/p>\n","protected":false},"author":4,"featured_media":177646,"comment_status":"closed","ping_status":"closed","sticky":false,"template":"","format":"standard","meta":{"_monsterinsights_skip_tracking":false,"_monsterinsights_sitenote_active":false,"_monsterinsights_sitenote_note":"","_monsterinsights_sitenote_category":0,"footnotes":""},"categories":[22,49],"tags":[],"class_list":["post-177647","post","type-post","status-publish","format-standard","has-post-thumbnail","hentry","category-invivoverso","category-news-18","category-22","category-49","description-off"],"img_url":"https:\/\/www.radiopiu.net\/wordpress\/wp-content\/uploads\/2020\/12\/Carlo-dicembre-2020-scaled.jpg","_links":{"self":[{"href":"https:\/\/www.radiopiu.net\/wordpress\/wp-json\/wp\/v2\/posts\/177647","targetHints":{"allow":["GET"]}}],"collection":[{"href":"https:\/\/www.radiopiu.net\/wordpress\/wp-json\/wp\/v2\/posts"}],"about":[{"href":"https:\/\/www.radiopiu.net\/wordpress\/wp-json\/wp\/v2\/types\/post"}],"author":[{"embeddable":true,"href":"https:\/\/www.radiopiu.net\/wordpress\/wp-json\/wp\/v2\/users\/4"}],"replies":[{"embeddable":true,"href":"https:\/\/www.radiopiu.net\/wordpress\/wp-json\/wp\/v2\/comments?post=177647"}],"version-history":[{"count":0,"href":"https:\/\/www.radiopiu.net\/wordpress\/wp-json\/wp\/v2\/posts\/177647\/revisions"}],"wp:featuredmedia":[{"embeddable":true,"href":"https:\/\/www.radiopiu.net\/wordpress\/wp-json\/wp\/v2\/media\/177646"}],"wp:attachment":[{"href":"https:\/\/www.radiopiu.net\/wordpress\/wp-json\/wp\/v2\/media?parent=177647"}],"wp:term":[{"taxonomy":"category","embeddable":true,"href":"https:\/\/www.radiopiu.net\/wordpress\/wp-json\/wp\/v2\/categories?post=177647"},{"taxonomy":"post_tag","embeddable":true,"href":"https:\/\/www.radiopiu.net\/wordpress\/wp-json\/wp\/v2\/tags?post=177647"}],"curies":[{"name":"wp","href":"https:\/\/api.w.org\/{rel}","templated":true}]}}