{"id":177691,"date":"2020-12-07T12:57:17","date_gmt":"2020-12-07T11:57:17","guid":{"rendered":"https:\/\/www.radiopiu.net\/wordpress\/?p=177691"},"modified":"2020-12-08T09:20:33","modified_gmt":"2020-12-08T08:20:33","slug":"chiuse-fino-a-revoca-la-s-p-2-del-mis-e-la-s-p-5-di-lamosano","status":"publish","type":"post","link":"https:\/\/www.radiopiu.net\/wordpress\/chiuse-fino-a-revoca-la-s-p-2-del-mis-e-la-s-p-5-di-lamosano\/","title":{"rendered":"CHIUSE FINO A REVOCA LA S.P. 2 DEL MIS E LA S.P. 5 DI LAMOSANO"},"content":{"rendered":"<p><a href=\"https:\/\/www.radiopiu.net\/wordpress\/aggiornamento-viabilita-ore-19-08\/130200680_3570012969734104_9050660653728503507_o\/\" rel=\"attachment wp-att-177563\"><img loading=\"lazy\" decoding=\"async\" class=\"size-medium wp-image-177563 alignleft\" src=\"https:\/\/www.radiopiu.net\/wordpress\/wp-content\/uploads\/2020\/12\/130200680_3570012969734104_9050660653728503507_o-180x300.jpg\" alt=\"\" width=\"180\" height=\"300\" srcset=\"https:\/\/www.radiopiu.net\/wordpress\/wp-content\/uploads\/2020\/12\/130200680_3570012969734104_9050660653728503507_o-180x300.jpg 180w, https:\/\/www.radiopiu.net\/wordpress\/wp-content\/uploads\/2020\/12\/130200680_3570012969734104_9050660653728503507_o-614x1024.jpg 614w, https:\/\/www.radiopiu.net\/wordpress\/wp-content\/uploads\/2020\/12\/130200680_3570012969734104_9050660653728503507_o-768x1280.jpg 768w, https:\/\/www.radiopiu.net\/wordpress\/wp-content\/uploads\/2020\/12\/130200680_3570012969734104_9050660653728503507_o-922x1536.jpg 922w, https:\/\/www.radiopiu.net\/wordpress\/wp-content\/uploads\/2020\/12\/130200680_3570012969734104_9050660653728503507_o.jpg 960w\" sizes=\"auto, (max-width: 180px) 100vw, 180px\" \/><\/a>Veneto Strade comunica che la S.P.2 della Valle del Mis \u00e8 stata chiusa. Interdizione totale al traffico fino a revoca dal km 14,920 (localit\u00e0 Gona Bassa) al km 20,650 (localit\u00e0 Titele) per cedimento della carreggiata. Stessa situazione sulla S.P. 5 di Lamosano. Interdizione totale fino a revoca per presenza di materiale e alberi in strada. Chiusa anche la S.P. 251 di Val di Zoldo e Val Cellina dalla localit\u00e0 Soffranco fino all&#8217;imbocco nord della galleria S. Giovanni interdizione totale al transito per cedimento della carreggiata<\/p>\n","protected":false},"excerpt":{"rendered":"<p>Veneto Strade comunica che la S.P.2 della Valle del Mis \u00e8 stata chiusa. Interdizione totale al traffico fino a revoca dal km 14,920 (localit\u00e0 Gona Bassa) al km 20,650 (localit\u00e0 Titele) per cedimento della carreggiata. Stessa situazione sulla S.P. 5 di Lamosano. Interdizione totale fino a revoca per presenza di materiale e alberi in strada.&hellip;<\/p>\n","protected":false},"author":4,"featured_media":177564,"comment_status":"closed","ping_status":"closed","sticky":false,"template":"","format":"standard","meta":{"_monsterinsights_skip_tracking":false,"_monsterinsights_sitenote_active":false,"_monsterinsights_sitenote_note":"","_monsterinsights_sitenote_category":0,"footnotes":""},"categories":[1,49],"tags":[],"class_list":["post-177691","post","type-post","status-publish","format-standard","has-post-thumbnail","hentry","category-senza-categoria","category-news-18","category-1","category-49","description-off"],"img_url":"https:\/\/www.radiopiu.net\/wordpress\/wp-content\/uploads\/2020\/12\/130196080_3570013043067430_3480312114609835879_o.jpg","_links":{"self":[{"href":"https:\/\/www.radiopiu.net\/wordpress\/wp-json\/wp\/v2\/posts\/177691","targetHints":{"allow":["GET"]}}],"collection":[{"href":"https:\/\/www.radiopiu.net\/wordpress\/wp-json\/wp\/v2\/posts"}],"about":[{"href":"https:\/\/www.radiopiu.net\/wordpress\/wp-json\/wp\/v2\/types\/post"}],"author":[{"embeddable":true,"href":"https:\/\/www.radiopiu.net\/wordpress\/wp-json\/wp\/v2\/users\/4"}],"replies":[{"embeddable":true,"href":"https:\/\/www.radiopiu.net\/wordpress\/wp-json\/wp\/v2\/comments?post=177691"}],"version-history":[{"count":0,"href":"https:\/\/www.radiopiu.net\/wordpress\/wp-json\/wp\/v2\/posts\/177691\/revisions"}],"wp:featuredmedia":[{"embeddable":true,"href":"https:\/\/www.radiopiu.net\/wordpress\/wp-json\/wp\/v2\/media\/177564"}],"wp:attachment":[{"href":"https:\/\/www.radiopiu.net\/wordpress\/wp-json\/wp\/v2\/media?parent=177691"}],"wp:term":[{"taxonomy":"category","embeddable":true,"href":"https:\/\/www.radiopiu.net\/wordpress\/wp-json\/wp\/v2\/categories?post=177691"},{"taxonomy":"post_tag","embeddable":true,"href":"https:\/\/www.radiopiu.net\/wordpress\/wp-json\/wp\/v2\/tags?post=177691"}],"curies":[{"name":"wp","href":"https:\/\/api.w.org\/{rel}","templated":true}]}}