{"id":177819,"date":"2020-12-07T23:59:12","date_gmt":"2020-12-07T22:59:12","guid":{"rendered":"https:\/\/www.radiopiu.net\/wordpress\/?p=177819"},"modified":"2020-12-07T16:07:28","modified_gmt":"2020-12-07T15:07:28","slug":"col-dissesto-idrogeologico-nuovi-disastri-dal-maltempo-di-renato-bona","status":"publish","type":"post","link":"https:\/\/www.radiopiu.net\/wordpress\/col-dissesto-idrogeologico-nuovi-disastri-dal-maltempo-di-renato-bona\/","title":{"rendered":"COL DISSESTO IDROGEOLOGICO NUOVI DISASTRI DAL MALTEMPO di RENATO BONA"},"content":{"rendered":"<p><strong>BELLUNO\u00a0<\/strong> Col ritorno, purtroppo alla grande, del maltempo, torna d\u2019attualit\u00e0 il problema di porre mano ad un grande piano di regimazione idraulica (e non solo) dei moltissimi bacini che caratterizzano anche la provincia di Belluno. Intervenendo una volta per tutte con la realizzazione di opere che non siano solo l\u2019effimero superamento delle emergenze ricorrenti. La Val Zoldana, ad esempio, \u00e8 stata di nuovo investita dell\u2019annoso problema, con l\u2019imponente frana che ha bloccato la strada che sale da Longarone verso quella valle che nel 1966 visse, come purtroppo tante altre realt\u00e0 del Bellunese, la drammatica esperienza dell\u2019alluvione. Con qualcosa come 50 milioni di metri cubi d\u2019acqua che in 48 ore \u2013 lo ricordava il sindaco Giacomo Renzo Scussel \u2013 si riversarono sul bacino del Ma\u00e8 e lungo gli alvei, e i versanti erosi dall\u2019acqua misero in movimento masse enormi di ghiaia e fango: le acque trascinarono a valle con veemenza alberi schiantati dal vento e l\u2019effetto combinato del deflusso con repentine alterazioni dell\u2019alveo in prossimit\u00e0 di ponti o di confluenze provoc\u00f2 la fuoriuscita delle acque dagli alvei e la rovina di strade, ponti e case. Ci soffermiamo sullo Zoldano perch\u00e9, come abbiamo gi\u00e0 avuto modo di scrivere, proprio in quel novembre di 44 anni fa ad iniziativa dell\u2019Amministrazione comunale e della Comunit\u00e0 montana e il patrocinio dell\u2019Istituto culturale di Zoldo venne dato alle stampe il libro fotografico \u201cL\u2019alluvione del 1966 in Zoldo. Immagini storiche e profili d\u2019intervento\u201d. Oltre alle splendide fotografie di: Franco Casal, Michele Corazza, Luigi De Fanti, Foto Eddy, Foto Pompanin, Paolo Lazzarin (si occup\u00f2 anche del coordinamento editoriale), Angelo Panciera, Arturo Panciera e Dario Pra Floriani, sulle conseguenze dell\u2019evento (che in ambito provinciale provoc\u00f2 anche diverse vittime) vi \u00e8 l\u2019illustrazione de \u201cLe briglie a fessura a tutela degli abitati di Forno di Zoldo e Dont\u201d, a cura di A. Cavinato, A. Fistarol, E. Fornari e G. Piccoli, e, con Giuseppe Poletti, la descrizione degli interventi di difesa idrogeologica eseguiti, sempre in comune di Forno di Zoldo, dal Servizio Forestale Regionale di Belluno. Nel primo capitolo si commenta la briglia sul torrente Pramper (l\u2019opera in cemento armato con apertura centrale larga due metri e alta 5,50 \u201ccrea un bacino utile al deposito del materiale trasportato dalla corrente per un volume di poco meno di 20.000 metri cubi. Potr\u00e0 essere integrata da altre opere pi\u00f9 a monte per un volume totale di circa 40.000 metri cubi di materiale\u201d); quella sul torrente Ma\u00e8 a monte di Dont (costituita da un manufatto a forma di T largo 4 metri e alto 7; \u201cla presenza immediatamente a valle della sezione idonea, di una briglia esistente e la necessit\u00f2 quindi di fondare la nuova opera su materiali alluvionali accumulatisi dopo la costruzione di quest\u2019ultima, ne ha comportato la sottofondazione con un reticolo di colonne di terreno consolidato \u2018jet grouting\u2019. La briglia crea un bacino utile per il deposito del materiale per quasi 100.000 metri cubi\u201d); e quella sul torrente Duran (una struttura in cemento armato con apertura centrale larga 5 metri e mezzo ed alta 9; \u201cl\u2019opera, di dimensioni decisamente importanti \u00e8 ammorsata in fondazione e sull\u2019ala destra nell\u2019ammasso roccioso in posto, mentre l\u2019ala sinistra interessa un antico accumulo di frana per crollo, che ha richiesto interventi di consolidamento in fase esecutiva\u201d; il bacino \u00e8 utile al deposito di materiale per un volume sui 40 mila metri cubi). Il secondo capitolo si sofferma sulla sistemazione di versanti in localit\u00e0 Nosieda (anno di esecuzione dei lavori il 1995) e sulla sistemazione di versante nella localit\u00e0 Loera (primo lotto nel 1990, secondo nel 1996); infine sulla sistemazione della strada forestale nella localit\u00e0 Sottorogno-Caselle-Asinera (lavori eseguiti nel 1988). Avviandoci a conclusione non possiamo dimenticare che sabato 27 novembre 1976, l\u2019Associazione stampa bellunese (chi scrive queste note all\u2019epoca ne era il presidente e come tale presiedette il convegno-dibattito che si svolse all\u2019Auditorium bellunese con larga partecipazione di autorit\u00e0, amministratori regionali e locali, tecnici e cittadinanza) diede alle stampe col contributo della Cassa di Risparmio di Verona, Vicenza e Belluno e per i tipi della tipografia Piave, il libro con gli atti del convegno \u201cAlluvione, 10 anni dopo: problemi e prospettive\u201d. Oggi, a distanza di decenni, nell\u2019impossibilit\u00e0 di riferire sulle relazioni ed il dibattito che ne segu\u00ec, riportiamo una notizia che allora venne \u201clanciata\u201d dall\u2019Agenzia Italia, intitolata \u201cDocumento di protesta dei giornalisti bellunesi\u201d in cui si poteva leggere: \u201cL\u2019Associazione stampa bellunese ha espresso in un documento delusione e amarezza perch\u00e9 i programmi a sostegno e difesa della montagna e dei suoi precari equilibri idrogeologici non si sono ancora tradotti in interventi organici e coordinati, relegando quest\u2019area in un quadro di sviluppo complessivamente marginale e subalterno\u201d. Il documento di Asb era stato inviato al Presidente della Repubblica, agli onorevoli Andreotti, Fusaro, Orsini, Milano, Riva e ai consiglieri regionali Bettiol, Dal Sasso, Molinari e Pigozzo, al Prefetto di Belluno, ai presidenti della Provincia e delle regioni Veneto e Toscana. La protesta di quanti operavano nel settore dell\u2019informazione \u201cmuove dal fatto che il gonfalone della Regione Toscana \u00e8 stato insignito della medaglia d\u2019oro al valor civile per la prova collettiva di civismo e difesa morale dimostrata da quell\u2019intera popolazione in occasione delle alluvioni, ma tali meriti non sono stati riconosciuti a Belluno, terra gi\u00e0 provata dalla catastrofe del Vajont, che tanto ha dato alla rinascita del Paese e alla formazione delle sue istituzioni democratiche\u201d.<\/p>\n\n\t\t\t<style type='text\/css'>\n\t\t\t\t#gallery-1 {\n\t\t\t\t\tmargin: auto;\n\t\t\t\t}\n\t\t\t\t#gallery-1 .gallery-item {\n\t\t\t\t\tfloat: left;\n\t\t\t\t\tmargin-top: 10px;\n\t\t\t\t\ttext-align: center;\n\t\t\t\t\twidth: 25%;\n\t\t\t\t}\n\t\t\t\t#gallery-1 img {\n\t\t\t\t\tborder: 2px solid #cfcfcf;\n\t\t\t\t}\n\t\t\t\t#gallery-1 .gallery-caption {\n\t\t\t\t\tmargin-left: 0;\n\t\t\t\t}\n\t\t\t\t\/* see gallery_shortcode() in wp-includes\/media.php *\/\n\t\t\t<\/style>\n\t\t<div id='gallery-1' class='dt-gallery-container gallery galleryid-177819 gallery-columns-4 gallery-size-thumbnail'><dl class='gallery-item'>\n\t\t\t\t<dt class='gallery-icon landscape'>\n\t\t\t\t\t<a class=\"rollover rollover-zoom dt-pswp-item\" title=\"130719567_745317859409819_2665893236653607258_n\" data-dt-img-description=\"\" data-large_image_width=\"2048\" data-large_image_height=\"1873\"href='https:\/\/www.radiopiu.net\/wordpress\/wp-content\/uploads\/2020\/12\/130719567_745317859409819_2665893236653607258_n.jpg'><img loading=\"lazy\" decoding=\"async\" width=\"150\" height=\"150\" src=\"https:\/\/www.radiopiu.net\/wordpress\/wp-content\/uploads\/2020\/12\/130719567_745317859409819_2665893236653607258_n-150x150.jpg\" class=\"attachment-thumbnail size-thumbnail\" alt=\"\" \/><\/a>\n\t\t\t\t<\/dt><\/dl><dl class='gallery-item'>\n\t\t\t\t<dt class='gallery-icon portrait'>\n\t\t\t\t\t<a class=\"rollover rollover-zoom dt-pswp-item\" title=\"130587505_1124728494626566_5875606787358185526_n\" data-dt-img-description=\"\" data-large_image_width=\"1350\" data-large_image_height=\"2048\"href='https:\/\/www.radiopiu.net\/wordpress\/wp-content\/uploads\/2020\/12\/130587505_1124728494626566_5875606787358185526_n.jpg'><img loading=\"lazy\" decoding=\"async\" width=\"150\" height=\"150\" src=\"https:\/\/www.radiopiu.net\/wordpress\/wp-content\/uploads\/2020\/12\/130587505_1124728494626566_5875606787358185526_n-150x150.jpg\" class=\"attachment-thumbnail size-thumbnail\" alt=\"\" \/><\/a>\n\t\t\t\t<\/dt><\/dl><dl class='gallery-item'>\n\t\t\t\t<dt class='gallery-icon portrait'>\n\t\t\t\t\t<a class=\"rollover rollover-zoom dt-pswp-item\" title=\"130119908_2883819458517935_425745476742917558_n\" data-dt-img-description=\"\" data-large_image_width=\"2005\" data-large_image_height=\"2048\"href='https:\/\/www.radiopiu.net\/wordpress\/wp-content\/uploads\/2020\/12\/130119908_2883819458517935_425745476742917558_n.jpg'><img loading=\"lazy\" decoding=\"async\" width=\"150\" height=\"150\" src=\"https:\/\/www.radiopiu.net\/wordpress\/wp-content\/uploads\/2020\/12\/130119908_2883819458517935_425745476742917558_n-150x150.jpg\" class=\"attachment-thumbnail size-thumbnail\" alt=\"\" \/><\/a>\n\t\t\t\t<\/dt><\/dl><dl class='gallery-item'>\n\t\t\t\t<dt class='gallery-icon landscape'>\n\t\t\t\t\t<a class=\"rollover rollover-zoom dt-pswp-item\" title=\"130536815_176363350874951_6580486654512134573_n\" data-dt-img-description=\"\" data-large_image_width=\"2042\" data-large_image_height=\"1809\"href='https:\/\/www.radiopiu.net\/wordpress\/wp-content\/uploads\/2020\/12\/130536815_176363350874951_6580486654512134573_n.jpg'><img loading=\"lazy\" decoding=\"async\" width=\"150\" height=\"150\" src=\"https:\/\/www.radiopiu.net\/wordpress\/wp-content\/uploads\/2020\/12\/130536815_176363350874951_6580486654512134573_n-150x150.jpg\" class=\"attachment-thumbnail size-thumbnail\" alt=\"\" \/><\/a>\n\t\t\t\t<\/dt><\/dl><br style=\"clear: both\" \/><dl class='gallery-item'>\n\t\t\t\t<dt class='gallery-icon landscape'>\n\t\t\t\t\t<a class=\"rollover rollover-zoom dt-pswp-item\" title=\"130462330_1022013011619813_7966722575568407339_n\" data-dt-img-description=\"\" data-large_image_width=\"2048\" data-large_image_height=\"1675\"href='https:\/\/www.radiopiu.net\/wordpress\/wp-content\/uploads\/2020\/12\/130462330_1022013011619813_7966722575568407339_n.jpg'><img loading=\"lazy\" decoding=\"async\" width=\"150\" height=\"150\" src=\"https:\/\/www.radiopiu.net\/wordpress\/wp-content\/uploads\/2020\/12\/130462330_1022013011619813_7966722575568407339_n-150x150.jpg\" class=\"attachment-thumbnail size-thumbnail\" alt=\"\" \/><\/a>\n\t\t\t\t<\/dt><\/dl><dl class='gallery-item'>\n\t\t\t\t<dt class='gallery-icon landscape'>\n\t\t\t\t\t<a class=\"rollover rollover-zoom dt-pswp-item\" title=\"130468310_1240472296337342_3258516819027758970_n\" data-dt-img-description=\"\" data-large_image_width=\"2048\" data-large_image_height=\"1533\"href='https:\/\/www.radiopiu.net\/wordpress\/wp-content\/uploads\/2020\/12\/130468310_1240472296337342_3258516819027758970_n.jpg'><img loading=\"lazy\" decoding=\"async\" width=\"150\" height=\"150\" src=\"https:\/\/www.radiopiu.net\/wordpress\/wp-content\/uploads\/2020\/12\/130468310_1240472296337342_3258516819027758970_n-150x150.jpg\" class=\"attachment-thumbnail size-thumbnail\" alt=\"\" \/><\/a>\n\t\t\t\t<\/dt><\/dl><dl class='gallery-item'>\n\t\t\t\t<dt class='gallery-icon landscape'>\n\t\t\t\t\t<a class=\"rollover rollover-zoom dt-pswp-item\" title=\"130481861_1140882916443704_3886051323130968483_n\" data-dt-img-description=\"\" data-large_image_width=\"2048\" data-large_image_height=\"1127\"href='https:\/\/www.radiopiu.net\/wordpress\/wp-content\/uploads\/2020\/12\/130481861_1140882916443704_3886051323130968483_n.jpg'><img loading=\"lazy\" decoding=\"async\" width=\"150\" height=\"150\" src=\"https:\/\/www.radiopiu.net\/wordpress\/wp-content\/uploads\/2020\/12\/130481861_1140882916443704_3886051323130968483_n-150x150.jpg\" class=\"attachment-thumbnail size-thumbnail\" alt=\"\" \/><\/a>\n\t\t\t\t<\/dt><\/dl><dl class='gallery-item'>\n\t\t\t\t<dt class='gallery-icon portrait'>\n\t\t\t\t\t<a class=\"rollover rollover-zoom dt-pswp-item\" title=\"130492892_2646504535566890_3303105295628708474_n\" data-dt-img-description=\"\" data-large_image_width=\"1130\" data-large_image_height=\"2048\"href='https:\/\/www.radiopiu.net\/wordpress\/wp-content\/uploads\/2020\/12\/130492892_2646504535566890_3303105295628708474_n.jpg'><img loading=\"lazy\" decoding=\"async\" width=\"150\" height=\"150\" src=\"https:\/\/www.radiopiu.net\/wordpress\/wp-content\/uploads\/2020\/12\/130492892_2646504535566890_3303105295628708474_n-150x150.jpg\" class=\"attachment-thumbnail size-thumbnail\" alt=\"\" \/><\/a>\n\t\t\t\t<\/dt><\/dl><br style=\"clear: both\" \/><dl class='gallery-item'>\n\t\t\t\t<dt class='gallery-icon landscape'>\n\t\t\t\t\t<a class=\"rollover rollover-zoom dt-pswp-item\" title=\"130770799_141318224136996_4924278376939592131_n\" data-dt-img-description=\"\" data-large_image_width=\"2048\" data-large_image_height=\"1406\"href='https:\/\/www.radiopiu.net\/wordpress\/wp-content\/uploads\/2020\/12\/130770799_141318224136996_4924278376939592131_n.jpg'><img loading=\"lazy\" decoding=\"async\" width=\"150\" height=\"150\" src=\"https:\/\/www.radiopiu.net\/wordpress\/wp-content\/uploads\/2020\/12\/130770799_141318224136996_4924278376939592131_n-150x150.jpg\" class=\"attachment-thumbnail size-thumbnail\" alt=\"\" \/><\/a>\n\t\t\t\t<\/dt><\/dl><dl class='gallery-item'>\n\t\t\t\t<dt class='gallery-icon landscape'>\n\t\t\t\t\t<a class=\"rollover rollover-zoom dt-pswp-item\" title=\"130576538_389298119070427_6235171258800145957_n\" data-dt-img-description=\"\" data-large_image_width=\"2048\" data-large_image_height=\"1398\"href='https:\/\/www.radiopiu.net\/wordpress\/wp-content\/uploads\/2020\/12\/130576538_389298119070427_6235171258800145957_n.jpg'><img loading=\"lazy\" decoding=\"async\" width=\"150\" height=\"150\" src=\"https:\/\/www.radiopiu.net\/wordpress\/wp-content\/uploads\/2020\/12\/130576538_389298119070427_6235171258800145957_n-150x150.jpg\" class=\"attachment-thumbnail size-thumbnail\" alt=\"\" \/><\/a>\n\t\t\t\t<\/dt><\/dl><dl class='gallery-item'>\n\t\t\t\t<dt class='gallery-icon landscape'>\n\t\t\t\t\t<a class=\"rollover rollover-zoom dt-pswp-item\" title=\"130517055_377397376901260_2570463405626360367_n\" data-dt-img-description=\"\" data-large_image_width=\"2048\" data-large_image_height=\"1361\"href='https:\/\/www.radiopiu.net\/wordpress\/wp-content\/uploads\/2020\/12\/130517055_377397376901260_2570463405626360367_n.jpg'><img loading=\"lazy\" decoding=\"async\" width=\"150\" height=\"150\" src=\"https:\/\/www.radiopiu.net\/wordpress\/wp-content\/uploads\/2020\/12\/130517055_377397376901260_2570463405626360367_n-150x150.jpg\" class=\"attachment-thumbnail size-thumbnail\" alt=\"\" \/><\/a>\n\t\t\t\t<\/dt><\/dl><dl class='gallery-item'>\n\t\t\t\t<dt class='gallery-icon landscape'>\n\t\t\t\t\t<a class=\"rollover rollover-zoom dt-pswp-item\" title=\"129725526_147587300065216_7145188474218685244_n\" data-dt-img-description=\"\" data-large_image_width=\"2048\" data-large_image_height=\"2035\"href='https:\/\/www.radiopiu.net\/wordpress\/wp-content\/uploads\/2020\/12\/129725526_147587300065216_7145188474218685244_n.jpg'><img loading=\"lazy\" decoding=\"async\" width=\"150\" height=\"150\" src=\"https:\/\/www.radiopiu.net\/wordpress\/wp-content\/uploads\/2020\/12\/129725526_147587300065216_7145188474218685244_n-150x150.jpg\" class=\"attachment-thumbnail size-thumbnail\" alt=\"\" srcset=\"https:\/\/www.radiopiu.net\/wordpress\/wp-content\/uploads\/2020\/12\/129725526_147587300065216_7145188474218685244_n-150x150.jpg 150w, https:\/\/www.radiopiu.net\/wordpress\/wp-content\/uploads\/2020\/12\/129725526_147587300065216_7145188474218685244_n-300x298.jpg 300w, https:\/\/www.radiopiu.net\/wordpress\/wp-content\/uploads\/2020\/12\/129725526_147587300065216_7145188474218685244_n-1024x1018.jpg 1024w, https:\/\/www.radiopiu.net\/wordpress\/wp-content\/uploads\/2020\/12\/129725526_147587300065216_7145188474218685244_n-768x763.jpg 768w, https:\/\/www.radiopiu.net\/wordpress\/wp-content\/uploads\/2020\/12\/129725526_147587300065216_7145188474218685244_n-1536x1526.jpg 1536w, https:\/\/www.radiopiu.net\/wordpress\/wp-content\/uploads\/2020\/12\/129725526_147587300065216_7145188474218685244_n.jpg 2048w\" sizes=\"auto, (max-width: 150px) 100vw, 150px\" \/><\/a>\n\t\t\t\t<\/dt><\/dl><br style=\"clear: both\" \/><dl class='gallery-item'>\n\t\t\t\t<dt class='gallery-icon portrait'>\n\t\t\t\t\t<a class=\"rollover rollover-zoom dt-pswp-item\" title=\"130501790_498683884403820_6878843107387302756_n\" data-dt-img-description=\"\" data-large_image_width=\"1989\" data-large_image_height=\"2048\"href='https:\/\/www.radiopiu.net\/wordpress\/wp-content\/uploads\/2020\/12\/130501790_498683884403820_6878843107387302756_n.jpg'><img loading=\"lazy\" decoding=\"async\" width=\"150\" height=\"150\" src=\"https:\/\/www.radiopiu.net\/wordpress\/wp-content\/uploads\/2020\/12\/130501790_498683884403820_6878843107387302756_n-150x150.jpg\" class=\"attachment-thumbnail size-thumbnail\" alt=\"\" \/><\/a>\n\t\t\t\t<\/dt><\/dl><dl class='gallery-item'>\n\t\t\t\t<dt class='gallery-icon landscape'>\n\t\t\t\t\t<a class=\"rollover rollover-zoom dt-pswp-item\" title=\"130490735_751173579089932_4789847211753363505_n\" data-dt-img-description=\"\" data-large_image_width=\"2048\" data-large_image_height=\"1414\"href='https:\/\/www.radiopiu.net\/wordpress\/wp-content\/uploads\/2020\/12\/130490735_751173579089932_4789847211753363505_n.jpg'><img loading=\"lazy\" decoding=\"async\" width=\"150\" height=\"150\" src=\"https:\/\/www.radiopiu.net\/wordpress\/wp-content\/uploads\/2020\/12\/130490735_751173579089932_4789847211753363505_n-150x150.jpg\" class=\"attachment-thumbnail size-thumbnail\" alt=\"\" \/><\/a>\n\t\t\t\t<\/dt><\/dl><dl class='gallery-item'>\n\t\t\t\t<dt class='gallery-icon landscape'>\n\t\t\t\t\t<a class=\"rollover rollover-zoom dt-pswp-item\" title=\"130605511_223584419151470_556268310618015024_n\" data-dt-img-description=\"\" data-large_image_width=\"2048\" data-large_image_height=\"1388\"href='https:\/\/www.radiopiu.net\/wordpress\/wp-content\/uploads\/2020\/12\/130605511_223584419151470_556268310618015024_n.jpg'><img loading=\"lazy\" decoding=\"async\" width=\"150\" height=\"150\" src=\"https:\/\/www.radiopiu.net\/wordpress\/wp-content\/uploads\/2020\/12\/130605511_223584419151470_556268310618015024_n-150x150.jpg\" class=\"attachment-thumbnail size-thumbnail\" alt=\"\" \/><\/a>\n\t\t\t\t<\/dt><\/dl><dl class='gallery-item'>\n\t\t\t\t<dt class='gallery-icon portrait'>\n\t\t\t\t\t<a class=\"rollover rollover-zoom dt-pswp-item\" title=\"130771332_177624570548940_6553298242930384794_n\" data-dt-img-description=\"\" data-large_image_width=\"1701\" data-large_image_height=\"2048\"href='https:\/\/www.radiopiu.net\/wordpress\/wp-content\/uploads\/2020\/12\/130771332_177624570548940_6553298242930384794_n.jpg'><img loading=\"lazy\" decoding=\"async\" width=\"150\" height=\"150\" src=\"https:\/\/www.radiopiu.net\/wordpress\/wp-content\/uploads\/2020\/12\/130771332_177624570548940_6553298242930384794_n-150x150.jpg\" class=\"attachment-thumbnail size-thumbnail\" alt=\"\" \/><\/a>\n\t\t\t\t<\/dt><\/dl><br style=\"clear: both\" \/>\n\t\t\t<\/div>\n\n<p>&nbsp;<\/p>\n<p>NELLE FOTO (riproduzioni dai libri del Comune di Forno di Zoldo e dell\u2019Associazione stampa bellunese): la copertina del libro fotografico sull\u2019alluvione in Zoldo; quella della pubblicazione con gli atti del convegno promosso dai giornalisti bellunesi a 10 anni dall\u2019alluvione del 1966; la briglia sul torrente Pramper; quella sul Ma\u00e8 a monte di Dont; la briglia del Duran; modello fisico di quella sul Ma\u00e8 vista da valle; e quello della briglia sul Duran con l\u2019apertura a bocca di forno; fase definitiva di sistemazione delle pendici franose di Nosgieda; la presidenza del convegno promosso dai giornalisti bellunesi: da sinistra Giuseppe Sorge, Renato Bona e gli scomparsi Ferruccio Vendramini e Italo Salomon; l\u2019alluvione del 1966 ad Alleghe; tre situazioni a Cencenighe; e altrettante a Feltre.<\/p>\n","protected":false},"excerpt":{"rendered":"<p>BELLUNO\u00a0 Col ritorno, purtroppo alla grande, del maltempo, torna d\u2019attualit\u00e0 il problema di porre mano ad un grande piano di regimazione idraulica (e non solo) dei moltissimi bacini che caratterizzano anche la provincia di Belluno. Intervenendo una volta per tutte con la realizzazione di opere che non siano solo l\u2019effimero superamento delle emergenze ricorrenti. La&hellip;<\/p>\n","protected":false},"author":1,"featured_media":177820,"comment_status":"closed","ping_status":"closed","sticky":false,"template":"","format":"standard","meta":{"_monsterinsights_skip_tracking":false,"_monsterinsights_sitenote_active":false,"_monsterinsights_sitenote_note":"","_monsterinsights_sitenote_category":0,"footnotes":""},"categories":[49],"tags":[],"class_list":["post-177819","post","type-post","status-publish","format-standard","has-post-thumbnail","hentry","category-news-18","category-49","description-off"],"img_url":"https:\/\/www.radiopiu.net\/wordpress\/wp-content\/uploads\/2020\/12\/130719567_745317859409819_2665893236653607258_n.jpg","_links":{"self":[{"href":"https:\/\/www.radiopiu.net\/wordpress\/wp-json\/wp\/v2\/posts\/177819","targetHints":{"allow":["GET"]}}],"collection":[{"href":"https:\/\/www.radiopiu.net\/wordpress\/wp-json\/wp\/v2\/posts"}],"about":[{"href":"https:\/\/www.radiopiu.net\/wordpress\/wp-json\/wp\/v2\/types\/post"}],"author":[{"embeddable":true,"href":"https:\/\/www.radiopiu.net\/wordpress\/wp-json\/wp\/v2\/users\/1"}],"replies":[{"embeddable":true,"href":"https:\/\/www.radiopiu.net\/wordpress\/wp-json\/wp\/v2\/comments?post=177819"}],"version-history":[{"count":0,"href":"https:\/\/www.radiopiu.net\/wordpress\/wp-json\/wp\/v2\/posts\/177819\/revisions"}],"wp:featuredmedia":[{"embeddable":true,"href":"https:\/\/www.radiopiu.net\/wordpress\/wp-json\/wp\/v2\/media\/177820"}],"wp:attachment":[{"href":"https:\/\/www.radiopiu.net\/wordpress\/wp-json\/wp\/v2\/media?parent=177819"}],"wp:term":[{"taxonomy":"category","embeddable":true,"href":"https:\/\/www.radiopiu.net\/wordpress\/wp-json\/wp\/v2\/categories?post=177819"},{"taxonomy":"post_tag","embeddable":true,"href":"https:\/\/www.radiopiu.net\/wordpress\/wp-json\/wp\/v2\/tags?post=177819"}],"curies":[{"name":"wp","href":"https:\/\/api.w.org\/{rel}","templated":true}]}}