{"id":177938,"date":"2020-12-09T06:00:53","date_gmt":"2020-12-09T05:00:53","guid":{"rendered":"https:\/\/www.radiopiu.net\/wordpress\/?p=177938"},"modified":"2020-12-09T09:43:05","modified_gmt":"2020-12-09T08:43:05","slug":"giornale-radiopiu-09-dicembre-2020-direttore-mirko-mezzacasa","status":"publish","type":"post","link":"https:\/\/www.radiopiu.net\/wordpress\/giornale-radiopiu-09-dicembre-2020-direttore-mirko-mezzacasa\/","title":{"rendered":"GIORNALE RADIOPIU 09 DICEMBRE 2020 DIRETTORE MIRKO MEZZACASA"},"content":{"rendered":"<h3>PER<strong> RICEVERE QUESTO NOTIZIARIO DIRETTAMENTE SUL TUO CELLULARE ISCRIVITI AL CANALE TELEGRAM <\/strong><strong>\u201cRADIO PIU\u00a0 INFORMAZIONE&#8221;\u00a0<\/strong><\/h3>\n<h2>PATRICK, MANLIO E JACOPO: I TRE VIGILI DEL FUOCO DI GOSALDO<\/h2>\n<blockquote>\n<h3><span style=\"color: #ff0000;\">L&#8217;ARTICOLO PIU&#8217; CLICCATO DI IERI,\u00a0 LE INTERVISTE DI GIANNI SANTOMASO AI TRE VIGILI DEL FUOCO VOLONTARI DI GOSALDO<\/span><\/h3>\n<\/blockquote>\n<blockquote>\n<blockquote>\n<h2><a href=\"https:\/\/www.radiopiu.net\/wordpress\/lavoro-anche-questa-notte-piu-di-500-interventi\/d8395228-3cec-4655-8cda-20485ff105b9\/\" rel=\"attachment wp-att-177882\"><img loading=\"lazy\" decoding=\"async\" class=\" wp-image-177882 alignleft\" src=\"https:\/\/www.radiopiu.net\/wordpress\/wp-content\/uploads\/2020\/12\/d8395228-3cec-4655-8cda-20485ff105b9-300x225.jpg\" alt=\"\" width=\"266\" height=\"199\" srcset=\"https:\/\/www.radiopiu.net\/wordpress\/wp-content\/uploads\/2020\/12\/d8395228-3cec-4655-8cda-20485ff105b9-300x225.jpg 300w, https:\/\/www.radiopiu.net\/wordpress\/wp-content\/uploads\/2020\/12\/d8395228-3cec-4655-8cda-20485ff105b9-1024x768.jpg 1024w, https:\/\/www.radiopiu.net\/wordpress\/wp-content\/uploads\/2020\/12\/d8395228-3cec-4655-8cda-20485ff105b9-768x576.jpg 768w, https:\/\/www.radiopiu.net\/wordpress\/wp-content\/uploads\/2020\/12\/d8395228-3cec-4655-8cda-20485ff105b9.jpg 1280w\" sizes=\"auto, (max-width: 266px) 100vw, 266px\" \/><\/a><\/h2>\n<p><strong>GOSALDO<\/strong> Di loro si sono occupati gli organi di stampa dell&#8217;intero Paese ma anche oltre confine. Erano a bordo del &#8220;combi&#8221; finito ruote all&#8217;aria nel torrente a Ren di Gosaldo. I vigili del fuoco volontari stavano tornando da un intervento (dove erano stati indirizzati) per prendere parte ad un&#8217;altra operazione. Il ponte ha ceduto non appena il mezzo c&#8217;ha messo le ruote anteriori. &#8220;Primo salvarci e lasciare il mezzo&#8221;, lo hanno detto e fatto i tre volontari e grazie a questo istinti oggi raccontano a Radio Pi\u00f9 la loro &#8220;avventura&#8221;.<\/p><\/blockquote>\n<h2>L&#8217;INTERVISTA DI GIANNI SANTOTOMASO<\/h2>\n<p><strong>NELLA FOTO I TRE VOLONTARI DI GOSALDO<\/strong>: da sinistra Jacopo Da Campo Jacopo , Manlio Masoch e Patrick Marcon<\/p>\n<audio class=\"wp-audio-shortcode\" id=\"audio-177938-1\" preload=\"none\" style=\"width: 100%;\" controls=\"controls\"><source type=\"audio\/mpeg\" src=\"https:\/\/www.radiopiu.net\/wordpress\/wp-content\/uploads\/2020\/12\/GIANNI-SANTOMASO.mp3?_=1\" \/><a href=\"https:\/\/www.radiopiu.net\/wordpress\/wp-content\/uploads\/2020\/12\/GIANNI-SANTOMASO.mp3\">https:\/\/www.radiopiu.net\/wordpress\/wp-content\/uploads\/2020\/12\/GIANNI-SANTOMASO.mp3<\/a><\/audio>\n<p><strong>\u00a0<\/strong><\/p>\n\n\t\t\t<style type='text\/css'>\n\t\t\t\t#gallery-1 {\n\t\t\t\t\tmargin: auto;\n\t\t\t\t}\n\t\t\t\t#gallery-1 .gallery-item {\n\t\t\t\t\tfloat: left;\n\t\t\t\t\tmargin-top: 10px;\n\t\t\t\t\ttext-align: center;\n\t\t\t\t\twidth: 25%;\n\t\t\t\t}\n\t\t\t\t#gallery-1 img {\n\t\t\t\t\tborder: 2px solid #cfcfcf;\n\t\t\t\t}\n\t\t\t\t#gallery-1 .gallery-caption {\n\t\t\t\t\tmargin-left: 0;\n\t\t\t\t}\n\t\t\t\t\/* see gallery_shortcode() in wp-includes\/media.php *\/\n\t\t\t<\/style>\n\t\t<div id='gallery-1' class='dt-gallery-container gallery galleryid-177938 gallery-columns-4 gallery-size-thumbnail'><dl class='gallery-item'>\n\t\t\t\t<dt class='gallery-icon landscape'>\n\t\t\t\t\t<a class=\"rollover rollover-zoom dt-pswp-item\" title=\"130081990_247948610091433_5405165051885309123_n\" data-dt-img-description=\"\" data-large_image_width=\"1152\" data-large_image_height=\"864\"href='https:\/\/www.radiopiu.net\/wordpress\/wp-content\/uploads\/2020\/12\/130081990_247948610091433_5405165051885309123_n.jpg'><img loading=\"lazy\" decoding=\"async\" width=\"150\" height=\"150\" src=\"https:\/\/www.radiopiu.net\/wordpress\/wp-content\/uploads\/2020\/12\/130081990_247948610091433_5405165051885309123_n-150x150.jpg\" class=\"attachment-thumbnail size-thumbnail\" alt=\"\" \/><\/a>\n\t\t\t\t<\/dt><\/dl><dl class='gallery-item'>\n\t\t\t\t<dt class='gallery-icon landscape'>\n\t\t\t\t\t<a class=\"rollover rollover-zoom dt-pswp-item\" title=\"130303015_1017679348729609_8492696172110846770_n\" data-dt-img-description=\"\" data-large_image_width=\"1152\" data-large_image_height=\"864\"href='https:\/\/www.radiopiu.net\/wordpress\/wp-content\/uploads\/2020\/12\/130303015_1017679348729609_8492696172110846770_n.jpg'><img loading=\"lazy\" decoding=\"async\" width=\"150\" height=\"150\" src=\"https:\/\/www.radiopiu.net\/wordpress\/wp-content\/uploads\/2020\/12\/130303015_1017679348729609_8492696172110846770_n-150x150.jpg\" class=\"attachment-thumbnail size-thumbnail\" alt=\"\" \/><\/a>\n\t\t\t\t<\/dt><\/dl><dl class='gallery-item'>\n\t\t\t\t<dt class='gallery-icon landscape'>\n\t\t\t\t\t<a class=\"rollover rollover-zoom dt-pswp-item\" title=\"130308304_2825532847688311_97742263081476358_n\" data-dt-img-description=\"\" data-large_image_width=\"1152\" data-large_image_height=\"864\"href='https:\/\/www.radiopiu.net\/wordpress\/wp-content\/uploads\/2020\/12\/130308304_2825532847688311_97742263081476358_n.jpg'><img loading=\"lazy\" decoding=\"async\" width=\"150\" height=\"150\" src=\"https:\/\/www.radiopiu.net\/wordpress\/wp-content\/uploads\/2020\/12\/130308304_2825532847688311_97742263081476358_n-150x150.jpg\" class=\"attachment-thumbnail size-thumbnail\" alt=\"\" \/><\/a>\n\t\t\t\t<\/dt><\/dl><dl class='gallery-item'>\n\t\t\t\t<dt class='gallery-icon landscape'>\n\t\t\t\t\t<a class=\"rollover rollover-zoom dt-pswp-item\" title=\"130411764_446767723388612_3233815267488605492_n\" data-dt-img-description=\"\" data-large_image_width=\"1152\" data-large_image_height=\"864\"href='https:\/\/www.radiopiu.net\/wordpress\/wp-content\/uploads\/2020\/12\/130411764_446767723388612_3233815267488605492_n.jpg'><img loading=\"lazy\" decoding=\"async\" width=\"150\" height=\"150\" src=\"https:\/\/www.radiopiu.net\/wordpress\/wp-content\/uploads\/2020\/12\/130411764_446767723388612_3233815267488605492_n-150x150.jpg\" class=\"attachment-thumbnail size-thumbnail\" alt=\"\" \/><\/a>\n\t\t\t\t<\/dt><\/dl><br style=\"clear: both\" \/>\n\t\t\t<\/div>\n\n<blockquote><p>&nbsp;<\/p><\/blockquote>\n<p><strong>di GIANNI SANTOMASO CORRIERE ALPI<\/strong><\/p>\n<audio class=\"wp-audio-shortcode\" id=\"audio-177938-2\" preload=\"none\" style=\"width: 100%;\" controls=\"controls\"><source type=\"audio\/mpeg\" src=\"https:\/\/www.radiopiu.net\/wordpress\/wp-content\/uploads\/2020\/12\/GIANNI-RAGAZZI.mp3?_=2\" \/><a href=\"https:\/\/www.radiopiu.net\/wordpress\/wp-content\/uploads\/2020\/12\/GIANNI-RAGAZZI.mp3\">https:\/\/www.radiopiu.net\/wordpress\/wp-content\/uploads\/2020\/12\/GIANNI-RAGAZZI.mp3<\/a><\/audio>\n<blockquote><p>&nbsp;<\/p>\n<p><strong>IL MESSAGGIO DAI POMPIERI DI CAPRILE-ROCCA PIETORE<\/strong>\u00a0<em> Vedere la fotografia del mezzo dei VVF di Gosaldo travolto dalla furia delle acque ci ha lasciato sgomenti. Per noi pompieri un mezzo di soccorso \u00e8 pi\u00f9 di un veicolo; ci si prende sempre cura di ogni suo elemento e attrezzature perch\u00e9 siamo tutti consapevoli che con quel veicolo si possono salvare vite. Hanno rischiato di non tornare pi\u00f9 a casa quella notte ma per fortuna nessuno \u00e8 rimasto ferito. Possiamo solo immaginare lo sconforto dei colleghi di Gosaldo nel vedere il loro mezzo distrutto e vogliamo esprimere tutta la nostra vicinanza ai Pompieri di Gosaldo.\u00a0\u00a0<\/em><\/p>\n<p><strong>di GIOCONDO DALLE FESTE<\/strong>\u00a0 <em>\u00a0un ringraziamento ai VVFF VOLONTARIATO di Gosaldo che hanno rischiato grosso, sempre presenti, sono stati in prima linea anche nei di Vaia, a met\u00e0 novembre 2019 e anche in questa occasione, spesso in giorni difficile tra assenza di segnali, energia elettrica, i volontari hanno sempre raggiunto le frazioni. Andare e tornare in auto e anche a piedi<\/em><\/p>\n<p>&nbsp;<\/p><\/blockquote>\n<hr \/>\n<\/blockquote>\n<p>&nbsp;<\/p>\n<p><em>ATTENZIONE: LA NUOVA APP PER IOS-IPHONE<\/em><\/p>\n<div>\n<div><a href=\"https:\/\/apps.apple.com\/it\/app\/radio-pi%C3%B9-emittente-agordina\/id1515939845\">https:\/\/apps.apple.com\/it\/app\/radio-pi%C3%B9-emittente-agordina\/id1515939845<\/a><\/div>\n<\/div>\n<div><\/div>\n<div>\n<div dir=\"auto\"><em>ATTENZIONE: LA NUOVA APP RADIO\u00a0 PER ANDROID<\/em><\/div>\n<\/div>\n<p><a href=\"https:\/\/play.google.com\/store\/apps\/details?id=net.radiopiu.iniko\" target=\"_blank\" rel=\"noopener noreferrer\">https:\/\/play.google.com\/store\/apps\/details?id=net.radiopiu.iniko\u00a0\u00a0<\/a><\/p>\n<hr \/>\n<p>&nbsp;<\/p>\n<div class=\"page-title-head hgroup\">\n<blockquote>\n<h3 class=\"entry-title\">AUGURI DE CUOR MEDA TONIA<\/h3>\n<\/blockquote>\n<div dir=\"auto\"><a href=\"https:\/\/www.radiopiu.net\/wordpress\/auguri-de-cuor-meda-tonia\/130738908_3999687443417532_4914711953258951076_n\/\" rel=\"attachment wp-att-178209\"><img loading=\"lazy\" decoding=\"async\" class=\"size-medium wp-image-178209 alignleft\" src=\"https:\/\/www.radiopiu.net\/wordpress\/wp-content\/uploads\/2020\/12\/130738908_3999687443417532_4914711953258951076_n-169x300.jpg\" alt=\"\" width=\"169\" height=\"300\" srcset=\"https:\/\/www.radiopiu.net\/wordpress\/wp-content\/uploads\/2020\/12\/130738908_3999687443417532_4914711953258951076_n-169x300.jpg 169w, https:\/\/www.radiopiu.net\/wordpress\/wp-content\/uploads\/2020\/12\/130738908_3999687443417532_4914711953258951076_n.jpg 526w\" sizes=\"auto, (max-width: 169px) 100vw, 169px\" \/><\/a><strong>LIVINALLONGO<\/strong> Festa grande ieri\u00a0 in casa di Riposo Villa San Giuseppe\u00a0 per i 100 anni di Maria Pezzei. Festeggiata dagli Ospiti, dagli Operatori della Fodom Servizi e dai parenti, che per le misure antiCovid adottate, non hanno potuto abbracciarla ma solo parlargli attraverso una vetrocamera&#8230;<\/div>\n<div dir=\"auto\">\n<div class=\"oajrlxb2 g5ia77u1 qu0x051f esr5mh6w e9989ue4 r7d6kgcz rq0escxv nhd2j8a9 nc684nl6 p7hjln8o kvgmc6g5 cxmmr5t8 oygrvhab hcukyx3x jb3vyjys rz4wbd8a qt6c0cv9 a8nywdso i1ao9s8h esuyzwwr f1sip0of lzcic4wl\" tabindex=\"0\" role=\"button\">Auguri dal sindaco Leandro Grones e da tutta RADIO PIU\u00a0 de cuor M\u00ebda Tonia!!!<\/div>\n<\/div>\n<\/div>\n<div class=\"page-title-breadcrumbs\"><\/div>\n<p>&nbsp;<\/p>\n<p>&nbsp;<\/p>\n<p>&nbsp;<\/p>\n<p>&nbsp;<\/p>\n<p>&nbsp;<\/p>\n<p>&nbsp;<\/p>\n<p>&nbsp;<\/p>\n<p>&nbsp;<\/p>\n<hr \/>\n<p>&nbsp;<\/p>\n<h3>L&#8217;AUTOCERTIFICAZIONE<\/h3>\n<p><a href=\"https:\/\/www.radiopiu.net\/wordpress\/wp-content\/uploads\/2020\/11\/modello_autodichiarazione_editabile_ottobre_2020.pdf\">PER SCARICARE L&#8217;AUTOCERTIFICAZIONE CLICCA QUI\u00a0<\/a><\/p>\n<p>&nbsp;<\/p>\n<hr \/>\n<p>&nbsp;<\/p>\n<p>&nbsp;<\/p>\n<blockquote class=\"wp-embedded-content\" data-secret=\"dKQeWltWP3\"><p><a href=\"https:\/\/www.radiopiu.net\/wordpress\/pref-06dic\/\">DALLA PREFETTURA DI BELLUNO IL MONITORAGGIO DEI CONTROLLI<\/a><\/p><\/blockquote>\n<p><iframe loading=\"lazy\" class=\"wp-embedded-content\" sandbox=\"allow-scripts\" security=\"restricted\" style=\"position: absolute; clip: rect(1px, 1px, 1px, 1px);\" title=\"&#8220;DALLA PREFETTURA DI BELLUNO IL MONITORAGGIO DEI CONTROLLI&#8221; &#8212; Radio Pi\u00f9\" src=\"https:\/\/www.radiopiu.net\/wordpress\/pref-06dic\/embed\/#?secret=dKQeWltWP3\" data-secret=\"dKQeWltWP3\" width=\"600\" height=\"338\" frameborder=\"0\" marginwidth=\"0\" marginheight=\"0\" scrolling=\"no\"><\/iframe><\/p>\n<p>&nbsp;<\/p>\n<p>&nbsp;<\/p>\n<hr \/>\n<p>&nbsp;<\/p>\n<blockquote>\n<h2>VIGILI DEL FUOCO &#8220;BADANTI&#8221; DEI TURISTI PERSI NELLA NEVE<\/h2>\n<\/blockquote>\n<p><iframe loading=\"lazy\" title=\"WhatsApp Video 2020 12 08 at 23 37 58\" width=\"1200\" height=\"675\" src=\"https:\/\/www.youtube.com\/embed\/Blho7mV_vp0?feature=oembed\" frameborder=\"0\" allow=\"accelerometer; autoplay; clipboard-write; encrypted-media; gyroscope; picture-in-picture\" allowfullscreen><\/iframe><\/p>\n<p>&nbsp;<\/p>\n<p>&nbsp;<\/p>\n<p>&nbsp;<\/p>\n<hr \/>\n<p>&nbsp;<\/p>\n<blockquote>\n<h2>NEVE E PIOGGIA, DISAGI E OSTACOLI<\/h2>\n<\/blockquote>\n<p>&nbsp;<\/p>\n<p>&nbsp;<\/p>\n<p><a href=\"https:\/\/www.radiopiu.net\/wordpress\/cencenighe-casa-evacuata-frana-con-fronte-di-60-metri-a-sorriva\/7df86d70-0a3e-4daa-b0db-81e53c2dfe7c\/\" rel=\"attachment wp-att-177530\"><img loading=\"lazy\" decoding=\"async\" class=\" wp-image-177530 alignleft\" src=\"https:\/\/www.radiopiu.net\/wordpress\/wp-content\/uploads\/2020\/12\/7df86d70-0a3e-4daa-b0db-81e53c2dfe7c-300x225.jpg\" alt=\"\" width=\"259\" height=\"194\" srcset=\"https:\/\/www.radiopiu.net\/wordpress\/wp-content\/uploads\/2020\/12\/7df86d70-0a3e-4daa-b0db-81e53c2dfe7c-300x225.jpg 300w, https:\/\/www.radiopiu.net\/wordpress\/wp-content\/uploads\/2020\/12\/7df86d70-0a3e-4daa-b0db-81e53c2dfe7c-1024x768.jpg 1024w, https:\/\/www.radiopiu.net\/wordpress\/wp-content\/uploads\/2020\/12\/7df86d70-0a3e-4daa-b0db-81e53c2dfe7c-768x576.jpg 768w, https:\/\/www.radiopiu.net\/wordpress\/wp-content\/uploads\/2020\/12\/7df86d70-0a3e-4daa-b0db-81e53c2dfe7c-1536x1152.jpg 1536w, https:\/\/www.radiopiu.net\/wordpress\/wp-content\/uploads\/2020\/12\/7df86d70-0a3e-4daa-b0db-81e53c2dfe7c.jpg 1600w\" sizes=\"auto, (max-width: 259px) 100vw, 259px\" \/><\/a>Scuole chiuse nell&#8217;Agordino, oggi a Cencenighe, oggi e domani in Valle del Biois e Valle del Cordevole, troppo rischioso mettere gli scuolabus in strada dopo tanta neve e ancora tanto lavoro di sgombero da portare a termine. Ieri e nella notte \u00e8 nevicato fino ai 600 metri (Agordo). A Gosaldo \u00e8 ancora emergenza con cinque famiglie isolate. Ieri i vigili del fuoco e il soccorso alpino hanno dovuto salire sui Passi Valles e Giau per recuperare i turisti imprigionati nella neve, a Pian della Sussistenza c&#8217;era anche un bambino veneziano. Almeno 20 le persone che hanno chiesto l&#8217;aiuto dei soccorsi costretti a salire in montagna tra metri di neve a piedi o con il &#8220;gatto&#8221;.Il sindaco di Belluno Jacopo Massaro ieri era particolarmente arrabbiato per l&#8217;arrivo di tanti turisti sul Nevegal che hanno intralciato le operazione di sgombero neve, sul posto sono arrivati per i controlli i Carabinieri che non hanno elevato sanzioni, distanze osservate, mascherine sul viso e nelle attivit\u00e0 ricettive non pi\u00f9 di 4 persone per tavolo. Altra frana a Piandelmonte, ha travolto una strada sopra la comunale che da accesso ad un&#8217;abitazione, ieri sera in due ore la frana si era abbassata di 40 centimetri.\u00a0 Per raggiungere la Val di Zoldo \u00e8 sempre difficile dopo la chiusura della 251, unica soluzione Passo Staulanza. Oltre 50 interventi anche a Borgo Valbelluna, a Sant&#8217;Antonio in Tortal sono caduti 420 millimetri di pioggia. Nel sospirolese isolata Gena Alta, grossi massi sono infatti caduti in strada. Risolte le emergenze a Limana ma alcune strade sono oggi danneggiate e richiederanno interventi importanti. Sempre isolata Danta di Cadore, a Venas la frana sopra borgata Giau \u00e8 in movimento. Situazione sempre critica a Misurina. A Sorriva la frana \u00e8 sorvegliata lo smottamento (foto) mette in pericolo la strada comunale ed un&#8217;abitazione. A Fonzaso chiusa la strada Valserana per un cedimento. Tanti gli interventi in Alpago per allagamenti, continueranno anche nella giornata odierna.<\/p>\n<p>&nbsp;<\/p>\n<p>&nbsp;<\/p>\n<p>&nbsp;<\/p>\n<hr \/>\n<h3 style=\"text-align: center;\"><\/h3>\n<h3 style=\"text-align: center;\">I VIGILI DEL FUOCO AL LAVORO A LIVINALLONGO<\/h3>\n<p><strong>LIVINALLONGO <\/strong>Vigili Del Fuoco al lavoro con la fresa da neve a Livinallongo. La squadra valanghe del comando provinciale di Belluno all&#8217;opera nella notte per aprire la strada che porta alla frazione Ornella, rimasta isolata a causa delle abbondanti nevicate.<\/p>\n<p><strong>IL VIDEO<\/strong><\/p>\n<div style=\"width: 640px;\" class=\"wp-video\"><video class=\"wp-video-shortcode\" id=\"video-177938-1\" width=\"640\" height=\"352\" preload=\"metadata\" controls=\"controls\"><source type=\"video\/mp4\" src=\"https:\/\/www.radiopiu.net\/wordpress\/wp-content\/uploads\/2020\/12\/VIGILI-FUOCO-NEVE-LIVINALLONGO-OK.mp4?_=1\" \/><a href=\"https:\/\/www.radiopiu.net\/wordpress\/wp-content\/uploads\/2020\/12\/VIGILI-FUOCO-NEVE-LIVINALLONGO-OK.mp4\">https:\/\/www.radiopiu.net\/wordpress\/wp-content\/uploads\/2020\/12\/VIGILI-FUOCO-NEVE-LIVINALLONGO-OK.mp4<\/a><\/video><\/div>\n<p>&nbsp;<\/p>\n<hr \/>\n<p>&nbsp;<\/p>\n<blockquote>\n<h3>NUOVA FRANA VERSO PIANDELMONTE. RESOCONTO SERALE DEL SINDACO MASSARO<\/h3>\n<\/blockquote>\n<p><strong><a href=\"https:\/\/www.radiopiu.net\/wordpress\/nuova-frana-verso-pian-del-monte-resoconto-serale-del-sindaco-massaro\/37dafb37-43d2-4e49-8d87-5a0fab715816\/\" rel=\"attachment wp-att-178184\"><img loading=\"lazy\" decoding=\"async\" class=\"size-medium wp-image-178184 alignleft\" src=\"https:\/\/www.radiopiu.net\/wordpress\/wp-content\/uploads\/2020\/12\/37dafb37-43d2-4e49-8d87-5a0fab715816-225x300.jpg\" alt=\"\" width=\"225\" height=\"300\" srcset=\"https:\/\/www.radiopiu.net\/wordpress\/wp-content\/uploads\/2020\/12\/37dafb37-43d2-4e49-8d87-5a0fab715816-225x300.jpg 225w, https:\/\/www.radiopiu.net\/wordpress\/wp-content\/uploads\/2020\/12\/37dafb37-43d2-4e49-8d87-5a0fab715816-768x1024.jpg 768w, https:\/\/www.radiopiu.net\/wordpress\/wp-content\/uploads\/2020\/12\/37dafb37-43d2-4e49-8d87-5a0fab715816-1152x1536.jpg 1152w, https:\/\/www.radiopiu.net\/wordpress\/wp-content\/uploads\/2020\/12\/37dafb37-43d2-4e49-8d87-5a0fab715816.jpg 1200w\" sizes=\"auto, (max-width: 225px) 100vw, 225px\" \/><\/a>BELLUNO<\/strong> Punto serale del sindaco Jacopo Massaro, preoccupa una nuova frana che interessa la viabilit\u00e0.<\/p>\n<p>CHIUSA LA STRADA VISOME-PIANDELMONTE PRIMA DEL BIVIO DI CERESERA, ULTERIORE INTERRUZIONE SULLA STRADA PER LE RONCE<\/p>\n<audio class=\"wp-audio-shortcode\" id=\"audio-177938-3\" preload=\"none\" style=\"width: 100%;\" controls=\"controls\"><source type=\"audio\/mpeg\" src=\"https:\/\/www.radiopiu.net\/wordpress\/wp-content\/uploads\/2020\/12\/MASSARO.mp3?_=3\" \/><a href=\"https:\/\/www.radiopiu.net\/wordpress\/wp-content\/uploads\/2020\/12\/MASSARO.mp3\">https:\/\/www.radiopiu.net\/wordpress\/wp-content\/uploads\/2020\/12\/MASSARO.mp3<\/a><\/audio>\n<p>&nbsp;<\/p>\n\n\t\t\t<style type='text\/css'>\n\t\t\t\t#gallery-2 {\n\t\t\t\t\tmargin: auto;\n\t\t\t\t}\n\t\t\t\t#gallery-2 .gallery-item {\n\t\t\t\t\tfloat: left;\n\t\t\t\t\tmargin-top: 10px;\n\t\t\t\t\ttext-align: center;\n\t\t\t\t\twidth: 33%;\n\t\t\t\t}\n\t\t\t\t#gallery-2 img {\n\t\t\t\t\tborder: 2px solid #cfcfcf;\n\t\t\t\t}\n\t\t\t\t#gallery-2 .gallery-caption {\n\t\t\t\t\tmargin-left: 0;\n\t\t\t\t}\n\t\t\t\t\/* see gallery_shortcode() in wp-includes\/media.php *\/\n\t\t\t<\/style>\n\t\t<div id='gallery-2' class='dt-gallery-container gallery galleryid-177938 gallery-columns-3 gallery-size-thumbnail'><dl class='gallery-item'>\n\t\t\t\t<dt class='gallery-icon portrait'>\n\t\t\t\t\t<a class=\"rollover rollover-zoom dt-pswp-item\" title=\"024ad427-982a-4f4e-bd83-68e99977ef12\" data-dt-img-description=\"\" data-large_image_width=\"1200\" data-large_image_height=\"1600\"href='https:\/\/www.radiopiu.net\/wordpress\/wp-content\/uploads\/2020\/12\/024ad427-982a-4f4e-bd83-68e99977ef12.jpg'><img loading=\"lazy\" decoding=\"async\" width=\"150\" height=\"150\" src=\"https:\/\/www.radiopiu.net\/wordpress\/wp-content\/uploads\/2020\/12\/024ad427-982a-4f4e-bd83-68e99977ef12-150x150.jpg\" class=\"attachment-thumbnail size-thumbnail\" alt=\"\" \/><\/a>\n\t\t\t\t<\/dt><\/dl><dl class='gallery-item'>\n\t\t\t\t<dt class='gallery-icon portrait'>\n\t\t\t\t\t<a class=\"rollover rollover-zoom dt-pswp-item\" title=\"bd32e4a4-d182-49eb-aa80-787ff41b3985\" data-dt-img-description=\"\" data-large_image_width=\"1200\" data-large_image_height=\"1600\"href='https:\/\/www.radiopiu.net\/wordpress\/wp-content\/uploads\/2020\/12\/bd32e4a4-d182-49eb-aa80-787ff41b3985.jpg'><img loading=\"lazy\" decoding=\"async\" width=\"150\" height=\"150\" src=\"https:\/\/www.radiopiu.net\/wordpress\/wp-content\/uploads\/2020\/12\/bd32e4a4-d182-49eb-aa80-787ff41b3985-150x150.jpg\" class=\"attachment-thumbnail size-thumbnail\" alt=\"\" \/><\/a>\n\t\t\t\t<\/dt><\/dl><dl class='gallery-item'>\n\t\t\t\t<dt class='gallery-icon portrait'>\n\t\t\t\t\t<a class=\"rollover rollover-zoom dt-pswp-item\" title=\"37dafb37-43d2-4e49-8d87-5a0fab715816\" data-dt-img-description=\"\" data-large_image_width=\"1200\" data-large_image_height=\"1600\"href='https:\/\/www.radiopiu.net\/wordpress\/wp-content\/uploads\/2020\/12\/37dafb37-43d2-4e49-8d87-5a0fab715816-1.jpg'><img loading=\"lazy\" decoding=\"async\" width=\"150\" height=\"150\" src=\"https:\/\/www.radiopiu.net\/wordpress\/wp-content\/uploads\/2020\/12\/37dafb37-43d2-4e49-8d87-5a0fab715816-1-150x150.jpg\" class=\"attachment-thumbnail size-thumbnail\" alt=\"\" \/><\/a>\n\t\t\t\t<\/dt><\/dl><br style=\"clear: both\" \/>\n\t\t\t<\/div>\n\n<p>&nbsp;<\/p>\n<p>&nbsp;<\/p>\n<hr \/>\n<p>&nbsp;<\/p>\n<blockquote>\n<h3>IERI SERA AD ALLEGHE, STRADA CHIUSA PER UNA MEZZ&#8217;ORA<\/h3>\n<\/blockquote>\n<p><strong>ALLEGHE<\/strong> I Vigili del fuoco e i Carabinieri di Caprile sono intervenuti a Rusech alle porte di Alleghe per una pianta pericolante che minacciava i cavi della corrente soprattutto la sottostante strada. Intervento immediato e risolto in breve tempo. Il traffico \u00e8 poi ripreso, prima a senso unico alternato mentre continua a nevicare<\/p>\n\n\t\t\t<style type='text\/css'>\n\t\t\t\t#gallery-3 {\n\t\t\t\t\tmargin: auto;\n\t\t\t\t}\n\t\t\t\t#gallery-3 .gallery-item {\n\t\t\t\t\tfloat: left;\n\t\t\t\t\tmargin-top: 10px;\n\t\t\t\t\ttext-align: center;\n\t\t\t\t\twidth: 50%;\n\t\t\t\t}\n\t\t\t\t#gallery-3 img {\n\t\t\t\t\tborder: 2px solid #cfcfcf;\n\t\t\t\t}\n\t\t\t\t#gallery-3 .gallery-caption {\n\t\t\t\t\tmargin-left: 0;\n\t\t\t\t}\n\t\t\t\t\/* see gallery_shortcode() in wp-includes\/media.php *\/\n\t\t\t<\/style>\n\t\t<div id='gallery-3' class='dt-gallery-container gallery galleryid-177938 gallery-columns-2 gallery-size-medium'><dl class='gallery-item'>\n\t\t\t\t<dt class='gallery-icon portrait'>\n\t\t\t\t\t<a class=\"rollover rollover-zoom dt-pswp-item\" title=\"211bb7e3-eb3c-473a-a3c3-0f67fe5ab4c2\" data-dt-img-description=\"\" data-large_image_width=\"1200\" data-large_image_height=\"1600\"href='https:\/\/www.radiopiu.net\/wordpress\/wp-content\/uploads\/2020\/12\/211bb7e3-eb3c-473a-a3c3-0f67fe5ab4c2.jpg'><img loading=\"lazy\" decoding=\"async\" width=\"225\" height=\"300\" src=\"https:\/\/www.radiopiu.net\/wordpress\/wp-content\/uploads\/2020\/12\/211bb7e3-eb3c-473a-a3c3-0f67fe5ab4c2-225x300.jpg\" class=\"attachment-medium size-medium\" alt=\"\" srcset=\"https:\/\/www.radiopiu.net\/wordpress\/wp-content\/uploads\/2020\/12\/211bb7e3-eb3c-473a-a3c3-0f67fe5ab4c2-225x300.jpg 225w, https:\/\/www.radiopiu.net\/wordpress\/wp-content\/uploads\/2020\/12\/211bb7e3-eb3c-473a-a3c3-0f67fe5ab4c2-768x1024.jpg 768w, https:\/\/www.radiopiu.net\/wordpress\/wp-content\/uploads\/2020\/12\/211bb7e3-eb3c-473a-a3c3-0f67fe5ab4c2-1152x1536.jpg 1152w, https:\/\/www.radiopiu.net\/wordpress\/wp-content\/uploads\/2020\/12\/211bb7e3-eb3c-473a-a3c3-0f67fe5ab4c2.jpg 1200w\" sizes=\"auto, (max-width: 225px) 100vw, 225px\" \/><\/a>\n\t\t\t\t<\/dt><\/dl><dl class='gallery-item'>\n\t\t\t\t<dt class='gallery-icon portrait'>\n\t\t\t\t\t<a class=\"rollover rollover-zoom dt-pswp-item\" title=\"6edc0b90-e731-4a56-b64d-9d48de7ee8a8\" data-dt-img-description=\"\" data-large_image_width=\"1200\" data-large_image_height=\"1600\"href='https:\/\/www.radiopiu.net\/wordpress\/wp-content\/uploads\/2020\/12\/6edc0b90-e731-4a56-b64d-9d48de7ee8a8.jpg'><img loading=\"lazy\" decoding=\"async\" width=\"225\" height=\"300\" src=\"https:\/\/www.radiopiu.net\/wordpress\/wp-content\/uploads\/2020\/12\/6edc0b90-e731-4a56-b64d-9d48de7ee8a8-225x300.jpg\" class=\"attachment-medium size-medium\" alt=\"\" srcset=\"https:\/\/www.radiopiu.net\/wordpress\/wp-content\/uploads\/2020\/12\/6edc0b90-e731-4a56-b64d-9d48de7ee8a8-225x300.jpg 225w, https:\/\/www.radiopiu.net\/wordpress\/wp-content\/uploads\/2020\/12\/6edc0b90-e731-4a56-b64d-9d48de7ee8a8-768x1024.jpg 768w, https:\/\/www.radiopiu.net\/wordpress\/wp-content\/uploads\/2020\/12\/6edc0b90-e731-4a56-b64d-9d48de7ee8a8-1152x1536.jpg 1152w, https:\/\/www.radiopiu.net\/wordpress\/wp-content\/uploads\/2020\/12\/6edc0b90-e731-4a56-b64d-9d48de7ee8a8.jpg 1200w\" sizes=\"auto, (max-width: 225px) 100vw, 225px\" \/><\/a>\n\t\t\t\t<\/dt><\/dl><br style=\"clear: both\" \/>\n\t\t\t<\/div>\n\n<p>&nbsp;<\/p>\n<p>IL VIDEO TAGLIO ALBERI LUNGO LA 251\u00a0 DALLA PAGINA FACEBOOK POMPIERI CAPRILE <strong><span style=\"color: #0000ff;\"><a style=\"color: #0000ff;\" href=\"https:\/\/www.facebook.com\/Pompiericolle\">CLICCA QUI<\/a><\/span><\/strong><\/p>\n<p>&nbsp;<\/p>\n<p>&nbsp;<\/p>\n<hr \/>\n<p>&nbsp;<\/p>\n<p><strong>VENETO STRADE AL LAVORO PER RIAPRIRE PASSO GIAU<\/strong><\/p>\n<p><a href=\"https:\/\/www.radiopiu.net\/wordpress\/giornale-radiopiu-09-dicembre-2020-direttore-mirko-mezzacasa\/130759040_3575790175823050_349327878460146396_o\/\" rel=\"attachment wp-att-178260\"><img loading=\"lazy\" decoding=\"async\" class=\"alignnone size-medium wp-image-178260\" src=\"https:\/\/www.radiopiu.net\/wordpress\/wp-content\/uploads\/2020\/12\/130759040_3575790175823050_349327878460146396_o-300x225.jpg\" alt=\"\" width=\"300\" height=\"225\" srcset=\"https:\/\/www.radiopiu.net\/wordpress\/wp-content\/uploads\/2020\/12\/130759040_3575790175823050_349327878460146396_o-300x225.jpg 300w, https:\/\/www.radiopiu.net\/wordpress\/wp-content\/uploads\/2020\/12\/130759040_3575790175823050_349327878460146396_o.jpg 720w\" sizes=\"auto, (max-width: 300px) 100vw, 300px\" \/><\/a><\/p>\n<p>&nbsp;<\/p>\n<p>&nbsp;<\/p>\n<hr \/>\n<blockquote>\n<h3><\/h3>\n<h3>SILVOPASTORALE FARENZENA &#8211; DON CHIUSA FINO AL 15 DICEMBRE<\/h3>\n<\/blockquote>\n<p><strong>AGORDO<\/strong> \u00a0chiusura della strada silvo-pastorale Farenzena &#8211; Don, fino \u00a0al 15 dicembre 2020 e comunque fino a fine lavori, con riapertura del tratto interessato nelle giornate di sabato e domenica ed eventuali festivi infrasettimanali, per consentire l\u2019esecuzione dei lavori di esbosco.<\/p>\n<p>&nbsp;<\/p>\n<p>&nbsp;<\/p>\n<hr \/>\n<p>&nbsp;<\/p>\n<blockquote>\n<h3>ALTRI 2 DECESSI IN ULSS 1 DOLOMITI. SONO 175 I PAZIENTI COVID NEGLI OSPEDALI DELLA PROVINCIA<\/h3>\n<\/blockquote>\n<p><strong><a href=\"https:\/\/www.radiopiu.net\/wordpress\/giornale-radiopiu-10-marzo-2020-direttore-mirko-mezzacasa\/covid-ulss\/\" rel=\"attachment wp-att-121260\"><img loading=\"lazy\" decoding=\"async\" class=\" wp-image-121260 alignleft\" src=\"https:\/\/www.radiopiu.net\/wordpress\/wp-content\/uploads\/2020\/03\/covid-ulss-300x225.jpg\" alt=\"\" width=\"191\" height=\"143\" srcset=\"https:\/\/www.radiopiu.net\/wordpress\/wp-content\/uploads\/2020\/03\/covid-ulss-300x225.jpg 300w, https:\/\/www.radiopiu.net\/wordpress\/wp-content\/uploads\/2020\/03\/covid-ulss-768x576.jpg 768w, https:\/\/www.radiopiu.net\/wordpress\/wp-content\/uploads\/2020\/03\/covid-ulss.jpg 800w\" sizes=\"auto, (max-width: 191px) 100vw, 191px\" \/><\/a>BELLUNO\u00a0<\/strong>Nelle ultime 24 ore sono decedute 2 persone covid positive: un uomo di 87 anni ricoverato in Pneumologia Covid a Belluno e una donna di 85 anni ricoverata in Malattie Infettive a Belluno. 64 le nuove positivit\u00e0 in Ulss 1 Dolomiti (dato aggiornato alle 8). Negli ospedali bellunesi questa la situazione: al San Martino di Belluno 56 pazienti in area non critica e 3 in terapia intensiva, al Santa Maria del Prato di Feltre 53 in area non critica e 8 in terapia intensiva, ad Agordo 6 in area non critica. 49 soggetti ricoverati negli ospedali di comunit\u00e0: 6 ad Agordo, 5 ad Alano, 10 ad Auronzo, 18 a Belluno e 10 a Feltre.<\/p>\n<p>&nbsp;<\/p>\n<hr \/>\n<p>&nbsp;<\/p>\n<blockquote>\n<h3>LUTTO NEL CALCIO PER LA MORTE DI CARBONARI<\/h3>\n<\/blockquote>\n<p><strong>BELLUNO<\/strong> E&#8217; morto \u00a0Sergio Carbonari il &#8220;presidente&#8221; del\u00a0 Belluno Calcio. Classe 1954, era consulente del lavoro in pensione.\u00a0 I funerali\u00a0 si svolgeranno in forma privata. Domenica minuto di silenzio e lutto al braccio del suo Belluno.<\/p>\n<p>&nbsp;<\/p>\n<blockquote>\n<h3>OGGI I FUNERALI DI FANT<\/h3>\n<\/blockquote>\n<p><strong>SEDICO<\/strong> Si svolgeranno oggi alle 14.30 a Libano i funerali di\u00a0 Gianfranco Fant investito\u00a0 a Mussoi, nei pressi della caserma dei Vigili del fuoco. Fant\u00a0 lascia la moglie Silvana, i figli Claudio e Michele i\u00a0 nipoti Alessandro, Nicola, Riccardo e Tommaso, e la sorella Olga. Fant era stato tra i fondatori del San Giorgio calcio. Oggi i posti in chiesa saranno limitati e verr\u00e0 data la precedenza ai familiari.<\/p>\n<p>&nbsp;<\/p>\n<hr \/>\n<p>&nbsp;<\/p>\n<blockquote>\n<div class=\"page-title-head hgroup\">\n<h3 class=\"entry-title\">OGGI SCUOLE CHIUSE\u00a0 DA CENCENIGHE ALLA VALLE DEL BIOIS E VALLE DEL CORDEVOLE<\/h3>\n<\/div>\n<\/blockquote>\n<p>&nbsp;<\/p>\n<p><strong><a href=\"https:\/\/www.radiopiu.net\/wordpress\/valle-del-biois-alberghiero-chiuso-per-due-giorni\/90756fbc-dfd8-43e5-8a56-3bdf7e26159b\/\" rel=\"attachment wp-att-178119\"><img loading=\"lazy\" decoding=\"async\" class=\"size-medium wp-image-178119 alignleft\" src=\"https:\/\/www.radiopiu.net\/wordpress\/wp-content\/uploads\/2020\/12\/90756fbc-dfd8-43e5-8a56-3bdf7e26159b-225x300.jpg\" sizes=\"auto, (max-width: 225px) 100vw, 225px\" srcset=\"https:\/\/www.radiopiu.net\/wordpress\/wp-content\/uploads\/2020\/12\/90756fbc-dfd8-43e5-8a56-3bdf7e26159b-225x300.jpg 225w, https:\/\/www.radiopiu.net\/wordpress\/wp-content\/uploads\/2020\/12\/90756fbc-dfd8-43e5-8a56-3bdf7e26159b.jpg 240w\" alt=\"\" width=\"225\" height=\"300\" \/><\/a>FALCADE<\/strong>\u00a0Il sindaco di Falcade Michele Costa ha firmato un\u2019ordinanza di chiusura delle scuole per due giorni, oggi e domani. La chiusura interessa la scuola primaria, l\u2019Istituto Alberghiero De Rossi e anche la scuola dell\u2019infanzia.<\/p>\n<p><strong>VALLADA<\/strong>\u00a0Il sindaco Fabio Luchetta ha disposto la chiusura delle scuole per due giorni con un\u2019ordinanza: la chiusura della Scuola Primaria di Vallada Agordina per le intere giornate di oggi e domani<\/p>\n<p><strong>CANALE D\u2019AGORDO<\/strong>\u00a0Scuole chiuse per due giorni, oggi e domani.<\/p>\n<p><strong>CENCENIGHE<\/strong>\u00a0Il sindaco Mauro Soppelsa comunica la chiusura delle scuole per la giornata di oggi<\/p>\n<p><strong>ALLEGHE\u00a0<\/strong>Le scuole dell\u2019infanzia, primaria e secondaria di primo grado del comune di Alleghe saranno chiuse oggi<\/p>\n<p><strong>ROCCA PIETORE<\/strong>\u00a0Rimangono chiuse per tutta la giornata di oggi le scuole dell\u2019infanzia ed elementari.<\/p>\n<p><strong>LIVINALLONGO<\/strong>\u00a0Due giorni di chiusura delle scuole del territorio, sia oggi e domani<\/p>\n<p>&nbsp;<\/p>\n<p>&nbsp;<\/p>\n<hr \/>\n<p>&nbsp;<\/p>\n<blockquote>\n<h3>L&#8217;ONDATA DI MALTEMPO CONTINUA A METTERE IN GINOCCHIO GOSALDO<\/h3>\n<\/blockquote>\n<p><strong>GOSALDO<\/strong><\/p>\n<p>di Gianni Santomaso<\/p>\n<audio class=\"wp-audio-shortcode\" id=\"audio-177938-4\" preload=\"none\" style=\"width: 100%;\" controls=\"controls\"><source type=\"audio\/mpeg\" src=\"https:\/\/www.radiopiu.net\/wordpress\/wp-content\/uploads\/2020\/12\/GIANNI-CONTINUANO-I-PROBLEMI-A-GOSALDO.mp3?_=4\" \/><a href=\"https:\/\/www.radiopiu.net\/wordpress\/wp-content\/uploads\/2020\/12\/GIANNI-CONTINUANO-I-PROBLEMI-A-GOSALDO.mp3\">https:\/\/www.radiopiu.net\/wordpress\/wp-content\/uploads\/2020\/12\/GIANNI-CONTINUANO-I-PROBLEMI-A-GOSALDO.mp3<\/a><\/audio>\n\n\t\t\t<style type='text\/css'>\n\t\t\t\t#gallery-4 {\n\t\t\t\t\tmargin: auto;\n\t\t\t\t}\n\t\t\t\t#gallery-4 .gallery-item {\n\t\t\t\t\tfloat: left;\n\t\t\t\t\tmargin-top: 10px;\n\t\t\t\t\ttext-align: center;\n\t\t\t\t\twidth: 50%;\n\t\t\t\t}\n\t\t\t\t#gallery-4 img {\n\t\t\t\t\tborder: 2px solid #cfcfcf;\n\t\t\t\t}\n\t\t\t\t#gallery-4 .gallery-caption {\n\t\t\t\t\tmargin-left: 0;\n\t\t\t\t}\n\t\t\t\t\/* see gallery_shortcode() in wp-includes\/media.php *\/\n\t\t\t<\/style>\n\t\t<div id='gallery-4' class='dt-gallery-container gallery galleryid-177938 gallery-columns-2 gallery-size-medium'><dl class='gallery-item'>\n\t\t\t\t<dt class='gallery-icon portrait'>\n\t\t\t\t\t<a class=\"rollover rollover-zoom dt-pswp-item\" title=\"bd20f925-13f6-4515-9ec7-c71de6634abe\" data-dt-img-description=\"\" data-large_image_width=\"1197\" data-large_image_height=\"1600\"href='https:\/\/www.radiopiu.net\/wordpress\/wp-content\/uploads\/2020\/12\/bd20f925-13f6-4515-9ec7-c71de6634abe.jpg'><img loading=\"lazy\" decoding=\"async\" width=\"224\" height=\"300\" src=\"https:\/\/www.radiopiu.net\/wordpress\/wp-content\/uploads\/2020\/12\/bd20f925-13f6-4515-9ec7-c71de6634abe-224x300.jpg\" class=\"attachment-medium size-medium\" alt=\"\" srcset=\"https:\/\/www.radiopiu.net\/wordpress\/wp-content\/uploads\/2020\/12\/bd20f925-13f6-4515-9ec7-c71de6634abe-224x300.jpg 224w, https:\/\/www.radiopiu.net\/wordpress\/wp-content\/uploads\/2020\/12\/bd20f925-13f6-4515-9ec7-c71de6634abe-766x1024.jpg 766w, https:\/\/www.radiopiu.net\/wordpress\/wp-content\/uploads\/2020\/12\/bd20f925-13f6-4515-9ec7-c71de6634abe-768x1027.jpg 768w, https:\/\/www.radiopiu.net\/wordpress\/wp-content\/uploads\/2020\/12\/bd20f925-13f6-4515-9ec7-c71de6634abe-1149x1536.jpg 1149w, https:\/\/www.radiopiu.net\/wordpress\/wp-content\/uploads\/2020\/12\/bd20f925-13f6-4515-9ec7-c71de6634abe.jpg 1197w\" sizes=\"auto, (max-width: 224px) 100vw, 224px\" \/><\/a>\n\t\t\t\t<\/dt><\/dl><dl class='gallery-item'>\n\t\t\t\t<dt class='gallery-icon portrait'>\n\t\t\t\t\t<a class=\"rollover rollover-zoom dt-pswp-item\" title=\"bf71ee25-b5e4-4edf-88cb-074016a33579\" data-dt-img-description=\"\" data-large_image_width=\"1197\" data-large_image_height=\"1600\"href='https:\/\/www.radiopiu.net\/wordpress\/wp-content\/uploads\/2020\/12\/bf71ee25-b5e4-4edf-88cb-074016a33579.jpg'><img loading=\"lazy\" decoding=\"async\" width=\"224\" height=\"300\" src=\"https:\/\/www.radiopiu.net\/wordpress\/wp-content\/uploads\/2020\/12\/bf71ee25-b5e4-4edf-88cb-074016a33579-224x300.jpg\" class=\"attachment-medium size-medium\" alt=\"\" srcset=\"https:\/\/www.radiopiu.net\/wordpress\/wp-content\/uploads\/2020\/12\/bf71ee25-b5e4-4edf-88cb-074016a33579-224x300.jpg 224w, https:\/\/www.radiopiu.net\/wordpress\/wp-content\/uploads\/2020\/12\/bf71ee25-b5e4-4edf-88cb-074016a33579-766x1024.jpg 766w, https:\/\/www.radiopiu.net\/wordpress\/wp-content\/uploads\/2020\/12\/bf71ee25-b5e4-4edf-88cb-074016a33579-768x1027.jpg 768w, https:\/\/www.radiopiu.net\/wordpress\/wp-content\/uploads\/2020\/12\/bf71ee25-b5e4-4edf-88cb-074016a33579-1149x1536.jpg 1149w, https:\/\/www.radiopiu.net\/wordpress\/wp-content\/uploads\/2020\/12\/bf71ee25-b5e4-4edf-88cb-074016a33579.jpg 1197w\" sizes=\"auto, (max-width: 224px) 100vw, 224px\" \/><\/a>\n\t\t\t\t<\/dt><\/dl><br style=\"clear: both\" \/>\n\t\t\t<\/div>\n\n<p>&nbsp;<\/p>\n<hr \/>\n<p>&nbsp;<\/p>\n<blockquote>\n<h3>MALTEMPO E BORGOVALBELLUNA, FRANE E SMOTTAMENTI<\/h3>\n<\/blockquote>\n<p><strong><a href=\"https:\/\/www.radiopiu.net\/wordpress\/maltempo-e-borgovalbelluna-frane-e-smottamenti\/download-1034\/\" rel=\"attachment wp-att-178243\"><img loading=\"lazy\" decoding=\"async\" class=\"wp-image-178243 alignleft\" src=\"https:\/\/www.radiopiu.net\/wordpress\/wp-content\/uploads\/2020\/12\/download-13.jpg\" alt=\"\" width=\"142\" height=\"81\" \/><\/a><\/strong><\/p>\n<p>&nbsp;<\/p>\n<p>&nbsp;<\/p>\n<p><strong>DI DAMIANO TORMEN<\/strong><\/p>\n<audio class=\"wp-audio-shortcode\" id=\"audio-177938-5\" preload=\"none\" style=\"width: 100%;\" controls=\"controls\"><source type=\"audio\/mpeg\" src=\"https:\/\/www.radiopiu.net\/wordpress\/wp-content\/uploads\/2020\/12\/famiano-borgo.mp3?_=5\" \/><a href=\"https:\/\/www.radiopiu.net\/wordpress\/wp-content\/uploads\/2020\/12\/famiano-borgo.mp3\">https:\/\/www.radiopiu.net\/wordpress\/wp-content\/uploads\/2020\/12\/famiano-borgo.mp3<\/a><\/audio>\n<p>&nbsp;<\/p>\n<p>&nbsp;<\/p>\n<hr \/>\n<blockquote>\n<h3>MESSAGGIO IMPORTANTE DEL SINDACO DI FALCADE MICHELE COSTA<\/h3>\n<\/blockquote>\n<p><strong><a href=\"https:\/\/www.radiopiu.net\/wordpress\/bomba-dacqua-nellagordino\/sindacomichelecosta\/\" rel=\"attachment wp-att-56200\"><img loading=\"lazy\" decoding=\"async\" class=\"size-full wp-image-56200 alignleft\" src=\"https:\/\/www.radiopiu.net\/wordpress\/wp-content\/uploads\/2018\/08\/SindacoMicheleCosta.jpg\" alt=\"\" width=\"200\" height=\"235\" \/><\/a>FALCADE<\/strong> Il\u00a0sindaco di Falcade Michele Costa si fa da portavoce per tutti gli agordini ma anche per i villeggianti in Agordino con un messaggio importante sulle precipitazioni nevose che stanno interessando tutta la\u00a0vallata<\/p>\n<audio class=\"wp-audio-shortcode\" id=\"audio-177938-6\" preload=\"none\" style=\"width: 100%;\" controls=\"controls\"><source type=\"audio\/mpeg\" src=\"https:\/\/www.radiopiu.net\/wordpress\/wp-content\/uploads\/2020\/12\/MICHELE-COSTA-NEVE-FALCADE.mp3?_=6\" \/><a href=\"https:\/\/www.radiopiu.net\/wordpress\/wp-content\/uploads\/2020\/12\/MICHELE-COSTA-NEVE-FALCADE.mp3\">https:\/\/www.radiopiu.net\/wordpress\/wp-content\/uploads\/2020\/12\/MICHELE-COSTA-NEVE-FALCADE.mp3<\/a><\/audio>\n<p>&nbsp;<\/p>\n<hr \/>\n<p>&nbsp;<\/p>\n<blockquote>\n<h3>&#8220;STATE DANDO FASTIDIO, STATEVENE A CASA&#8221; LO SFOGO DI DE BERNARDIN<\/h3>\n<\/blockquote>\n<p><strong><img loading=\"lazy\" decoding=\"async\" class=\"alignleft\" src=\"https:\/\/www.radiopiu.net\/wordpress\/wp-content\/uploads\/2020\/12\/af80f6eb-36ab-4aab-842c-707f76239a7f.jpg\" width=\"231\" height=\"173\" \/>ROCCA PIETORE<\/strong> Come a Falcade e Alleghe anche a Rocca Pietore ci sono troppe persone sulle strade.<\/p>\n<p>&nbsp;<\/p>\n<audio class=\"wp-audio-shortcode\" id=\"audio-177938-7\" preload=\"none\" style=\"width: 100%;\" controls=\"controls\"><source type=\"audio\/mpeg\" src=\"https:\/\/www.radiopiu.net\/wordpress\/wp-content\/uploads\/2020\/12\/andre.mp3?_=7\" \/><a href=\"https:\/\/www.radiopiu.net\/wordpress\/wp-content\/uploads\/2020\/12\/andre.mp3\">https:\/\/www.radiopiu.net\/wordpress\/wp-content\/uploads\/2020\/12\/andre.mp3<\/a><\/audio>\n<p>&nbsp;<\/p>\n<hr \/>\n<p>&nbsp;<\/p>\n<blockquote>\n<h3>SCUOLE CHIUSE DUE GIORNI A VALLADA, IL SINDACO FABIO LUCHETTA<\/h3>\n<\/blockquote>\n<p><strong><img loading=\"lazy\" decoding=\"async\" class=\"alignleft\" src=\"https:\/\/www.radiopiu.net\/wordpress\/wp-content\/uploads\/2019\/05\/VALLADA-FABIO-LUCCHETTA.jpeg\" width=\"205\" height=\"235\" \/>VALLADA<\/strong> Il sindaco Fabio Luchetta ha disposto la chiusura delle scuole per due giorni con un&#8217;ordinanza: la chiusura della Scuola Primaria di Vallada Agordina per le intere giornate di oggi e domani<\/p>\n<audio class=\"wp-audio-shortcode\" id=\"audio-177938-8\" preload=\"none\" style=\"width: 100%;\" controls=\"controls\"><source type=\"audio\/mpeg\" src=\"https:\/\/www.radiopiu.net\/wordpress\/wp-content\/uploads\/2020\/12\/FABIO.mp3?_=8\" \/><a href=\"https:\/\/www.radiopiu.net\/wordpress\/wp-content\/uploads\/2020\/12\/FABIO.mp3\">https:\/\/www.radiopiu.net\/wordpress\/wp-content\/uploads\/2020\/12\/FABIO.mp3<\/a><\/audio>\n<p>&nbsp;<\/p>\n<hr \/>\n<p>&nbsp;<\/p>\n<blockquote>\n<h3>NEVE AD ALLEGHE, SCUOLE CHIUSE E STRADA VERSO I PIANI DI PEZZE&#8217; SOLO PER I RESIDENTI<\/h3>\n<\/blockquote>\n<p><strong><img loading=\"lazy\" decoding=\"async\" class=\"alignleft\" src=\"https:\/\/www.radiopiu.net\/wordpress\/wp-content\/uploads\/2020\/12\/8a1431bc-805a-4800-a96c-dbb983bcc5b9.jpg\" width=\"217\" height=\"289\" \/>ALLEGHE<\/strong> Continua a nevicare ad Alleghe, l&#8217;invito del primo cittadino Danilo De Toni \u00e8 di rimanere a casa anche per non intralciare le operazioni di sgombero neve sempre pi\u00f9 difficoltose e pericolose. Oggi scuole chiuse, anche la strada per i Piani di Pezz\u00e8<\/p>\n<p>&nbsp;<\/p>\n<p><strong>IL SINDACO DANILO DE TONI\u00a0<\/strong><\/p>\n<audio class=\"wp-audio-shortcode\" id=\"audio-177938-9\" preload=\"none\" style=\"width: 100%;\" controls=\"controls\"><source type=\"audio\/mpeg\" src=\"https:\/\/www.radiopiu.net\/wordpress\/wp-content\/uploads\/2020\/12\/DANILO.mp3?_=9\" \/><a href=\"https:\/\/www.radiopiu.net\/wordpress\/wp-content\/uploads\/2020\/12\/DANILO.mp3\">https:\/\/www.radiopiu.net\/wordpress\/wp-content\/uploads\/2020\/12\/DANILO.mp3<\/a><\/audio>\n<p>&nbsp;<\/p>\n<hr \/>\n<p>&nbsp;<\/p>\n<blockquote>\n<h3>LA SITUAZIONE A LIVINALLONGO E COLLE SANTA LUCIA<\/h3>\n<\/blockquote>\n<p><strong><a href=\"https:\/\/www.radiopiu.net\/wordpress\/paura-a-livinallongo-la-fresa-investita-dalla-valanga-loperatore-si-salva\/whatsapp-image-2020-12-07-at-19-26-46\/\" rel=\"attachment wp-att-177907\"><img loading=\"lazy\" decoding=\"async\" class=\"size-medium wp-image-177907 alignleft\" src=\"https:\/\/www.radiopiu.net\/wordpress\/wp-content\/uploads\/2020\/12\/WhatsApp-Image-2020-12-07-at-19.26.46-300x225.jpeg\" alt=\"\" width=\"300\" height=\"225\" srcset=\"https:\/\/www.radiopiu.net\/wordpress\/wp-content\/uploads\/2020\/12\/WhatsApp-Image-2020-12-07-at-19.26.46-300x225.jpeg 300w, https:\/\/www.radiopiu.net\/wordpress\/wp-content\/uploads\/2020\/12\/WhatsApp-Image-2020-12-07-at-19.26.46-768x576.jpeg 768w, https:\/\/www.radiopiu.net\/wordpress\/wp-content\/uploads\/2020\/12\/WhatsApp-Image-2020-12-07-at-19.26.46.jpeg 1024w\" sizes=\"auto, (max-width: 300px) 100vw, 300px\" \/><\/a>LIVINALLONGO<\/strong><\/p>\n<p>di Gianni Santomaso<\/p>\n<audio class=\"wp-audio-shortcode\" id=\"audio-177938-10\" preload=\"none\" style=\"width: 100%;\" controls=\"controls\"><source type=\"audio\/mpeg\" src=\"https:\/\/www.radiopiu.net\/wordpress\/wp-content\/uploads\/2020\/12\/GIANNI-LIVINALLONGO-ALBERI.mp3?_=10\" \/><a href=\"https:\/\/www.radiopiu.net\/wordpress\/wp-content\/uploads\/2020\/12\/GIANNI-LIVINALLONGO-ALBERI.mp3\">https:\/\/www.radiopiu.net\/wordpress\/wp-content\/uploads\/2020\/12\/GIANNI-LIVINALLONGO-ALBERI.mp3<\/a><\/audio>\n<p>&nbsp;<\/p>\n<hr \/>\n<p>&nbsp;<\/p>\n<blockquote>\n<h3>RECUPERATI VENEZIANI E TREVIGIANI AL VALLES E AL GIAU<\/h3>\n<p><strong>I POMPIERI DI CANALE D&#8217;AGORDO:<\/strong>\u00a0 <em>Alle ore 08.48 siamo stati allerti dalla sala operativa per un intervento sul passo valles rimozione alberi e soccorso alle persone sulla sussistenza. S\u00ec e operato con la squadra permanente di Agordo e il soccorso alpino Val Biois terminando l&#8217;intervento positivamente. Poi dirottati a Coleman per una pianta su linea elettrica.<\/em><\/p>\n<p>&nbsp;<\/p><\/blockquote>\n<p><strong>BELLUNO <\/strong>Sono state recuperate ieri mattina nove persone rimaste isolate dalla neve sul Pian della Sussistenza, sopra Passo Valles. Luned\u00ec era scattato l&#8217;allarme, lanciato dal gestore del Residence che si trovava bloccato da tre giorni con sei ospiti, tra i quali un bambino, di Marcon (VE), e di Falz\u00e9 di Piave (TV), ed era terminato il carburante del gruppo elettrogeno. In serata il Soccorso alpino della Val Biois era inoltre stato attivato per una coppia isolata con il proprio cane a Baita Vescovado, sempre Pian della Sussistenza. Ieri mattina tre gatti delle nevi della Societ\u00e0 impianti Ski Area San Pellegrino, sono riusciti a salire da Falcade, hanno raggiunto il Residence e in due viaggi hanno caricato a bordo gli occupanti per trasportarli in localit\u00e0 Caverson, dove attendevano il Soccorso alpino della Val Biois e i Vigili del fuoco per accompagnarli a Caviola. Uno dei gatti si \u00e8 poi recato alla baita in aiuto della coppia e del loro cane, per poi affidarli ai soccorritori sempre in attesa al Caverson.<\/p>\n\n\t\t\t<style type='text\/css'>\n\t\t\t\t#gallery-5 {\n\t\t\t\t\tmargin: auto;\n\t\t\t\t}\n\t\t\t\t#gallery-5 .gallery-item {\n\t\t\t\t\tfloat: left;\n\t\t\t\t\tmargin-top: 10px;\n\t\t\t\t\ttext-align: center;\n\t\t\t\t\twidth: 25%;\n\t\t\t\t}\n\t\t\t\t#gallery-5 img {\n\t\t\t\t\tborder: 2px solid #cfcfcf;\n\t\t\t\t}\n\t\t\t\t#gallery-5 .gallery-caption {\n\t\t\t\t\tmargin-left: 0;\n\t\t\t\t}\n\t\t\t\t\/* see gallery_shortcode() in wp-includes\/media.php *\/\n\t\t\t<\/style>\n\t\t<div id='gallery-5' class='dt-gallery-container gallery galleryid-177938 gallery-columns-4 gallery-size-thumbnail'><dl class='gallery-item'>\n\t\t\t\t<dt class='gallery-icon landscape'>\n\t\t\t\t\t<a class=\"rollover rollover-zoom dt-pswp-item\" title=\"salt_20201208_124551_044\" data-dt-img-description=\"\" data-large_image_width=\"2364\" data-large_image_height=\"1773\"href='https:\/\/www.radiopiu.net\/wordpress\/wp-content\/uploads\/2020\/12\/salt_20201208_124551_044.jpg'><img loading=\"lazy\" decoding=\"async\" width=\"150\" height=\"150\" src=\"https:\/\/www.radiopiu.net\/wordpress\/wp-content\/uploads\/2020\/12\/salt_20201208_124551_044-150x150.jpg\" class=\"attachment-thumbnail size-thumbnail\" alt=\"\" \/><\/a>\n\t\t\t\t<\/dt><\/dl><dl class='gallery-item'>\n\t\t\t\t<dt class='gallery-icon landscape'>\n\t\t\t\t\t<a class=\"rollover rollover-zoom dt-pswp-item\" title=\"salt_20201208_124630_437\" data-dt-img-description=\"\" data-large_image_width=\"2364\" data-large_image_height=\"1773\"href='https:\/\/www.radiopiu.net\/wordpress\/wp-content\/uploads\/2020\/12\/salt_20201208_124630_437.jpg'><img loading=\"lazy\" decoding=\"async\" width=\"150\" height=\"150\" src=\"https:\/\/www.radiopiu.net\/wordpress\/wp-content\/uploads\/2020\/12\/salt_20201208_124630_437-150x150.jpg\" class=\"attachment-thumbnail size-thumbnail\" alt=\"\" \/><\/a>\n\t\t\t\t<\/dt><\/dl><dl class='gallery-item'>\n\t\t\t\t<dt class='gallery-icon landscape'>\n\t\t\t\t\t<a class=\"rollover rollover-zoom dt-pswp-item\" title=\"salt_20201208_124616_958\" data-dt-img-description=\"\" data-large_image_width=\"2364\" data-large_image_height=\"1773\"href='https:\/\/www.radiopiu.net\/wordpress\/wp-content\/uploads\/2020\/12\/salt_20201208_124616_958.jpg'><img loading=\"lazy\" decoding=\"async\" width=\"150\" height=\"150\" src=\"https:\/\/www.radiopiu.net\/wordpress\/wp-content\/uploads\/2020\/12\/salt_20201208_124616_958-150x150.jpg\" class=\"attachment-thumbnail size-thumbnail\" alt=\"\" \/><\/a>\n\t\t\t\t<\/dt><\/dl><dl class='gallery-item'>\n\t\t\t\t<dt class='gallery-icon landscape'>\n\t\t\t\t\t<a class=\"rollover rollover-zoom dt-pswp-item\" title=\"salt_20201208_124605_465\" data-dt-img-description=\"\" data-large_image_width=\"2364\" data-large_image_height=\"1773\"href='https:\/\/www.radiopiu.net\/wordpress\/wp-content\/uploads\/2020\/12\/salt_20201208_124605_465.jpg'><img loading=\"lazy\" decoding=\"async\" width=\"150\" height=\"150\" src=\"https:\/\/www.radiopiu.net\/wordpress\/wp-content\/uploads\/2020\/12\/salt_20201208_124605_465-150x150.jpg\" class=\"attachment-thumbnail size-thumbnail\" alt=\"\" \/><\/a>\n\t\t\t\t<\/dt><\/dl><br style=\"clear: both\" \/>\n\t\t\t<\/div>\n\n<p dir=\"auto\"><strong>COLLE SANTA LUCIA &#8211;\u00a0<\/strong><b>ROCCA PIETORE IL<\/b>\u00a0Soccorso alpino della Val Fiorentina si \u00e8 mosso dal Passo Falzarego verso Passo Giau, non potendo salire direttamente per il rischio valanghe, poich\u00e9 c&#8217;erano alcune persone bloccate dentro un albergo e un uomo isolato in una baita. Questa mattina, su richiesta dell&#8217;Arpav e della Sala operativa regionale, il Soccorso alpino ha inoltre effettuato delle verifiche dei siti valanghivi e dei versanti percorsi da Vaia nella zona di Rocca Pietore e Livinallongo del Col di Lana, mediante il sorvolo dei droni, per registrare dati oggettivi delle condizioni e monitorarne l&#8217;evoluzione. Tutte le Stazioni del Soccorso alpino dei comuni in cui sono in corso le eccezionali nevicate sono a disposizione delle centrali operative per questa attivit\u00e0.<\/p>\n<hr \/>\n<p>&nbsp;<\/p>\n<blockquote>\n<h3 class=\"entry-title\">SOCCORSO ALPINO A PASSO GIAU, RAGGIUNTO UN UOMO BLOCCATO IN RIFUGIO<\/h3>\n<\/blockquote>\n<p><strong><img loading=\"lazy\" decoding=\"async\" class=\"alignleft\" src=\"https:\/\/www.radiopiu.net\/wordpress\/wp-content\/uploads\/2020\/03\/24538_passogiau-inverno.jpg\" width=\"347\" height=\"145\" \/>COLLE SANTA LUCIA<\/strong>\u00a0Il Soccorso alpino della Val Fiorentina ha raggiunto una persona isolata in un Tabi\u00e0 in localit\u00e0 Melei, sopra Passo Giau. L\u2019allarme era scattato poich\u00e9 l\u2019uomo, che aveva deciso di passare alcuni giorni nella struttura, non era raggiungibile al cellulare. Una squadra \u00e8 partita con gli sci da localit\u00e0 Lamierla sul Passo Falzarego e seguendo il sentiero estivo ha raggiunto la casera. L\u2019uomo stava bene, ma \u00e8 rientrato assieme ai soccorritori, che gli avevano portato un paio di ciaspe, visto il perdurare del maltempo. Sempre a Passo Giau il Soccorso alpino era stato attivato per uno dei Rifugi rimasto senza gasolio.<\/p>\n<p>&nbsp;<\/p>\n<hr \/>\n<p>&nbsp;<\/p>\n<blockquote>\n<h3 class=\"entry-title\">LE GENIALATE CHE INTRALCIANO I SOCCORSI, LO SFOGO DEL SINDACO MASSARO<\/h3>\n<\/blockquote>\n<p><strong><a href=\"https:\/\/www.radiopiu.net\/wordpress\/le-genialate-che-intralciano-i-soccorsi-lo-sfogo-del-sindaco-massaro\/27908e29-f496-4ecb-83ae-8da310a7dfb7\/\" rel=\"attachment wp-att-178053\"><img loading=\"lazy\" decoding=\"async\" class=\" wp-image-178053 alignright\" src=\"https:\/\/www.radiopiu.net\/wordpress\/wp-content\/uploads\/2020\/12\/27908e29-f496-4ecb-83ae-8da310a7dfb7-254x300.jpg\" sizes=\"auto, (max-width: 153px) 100vw, 153px\" srcset=\"https:\/\/www.radiopiu.net\/wordpress\/wp-content\/uploads\/2020\/12\/27908e29-f496-4ecb-83ae-8da310a7dfb7-254x300.jpg 254w, https:\/\/www.radiopiu.net\/wordpress\/wp-content\/uploads\/2020\/12\/27908e29-f496-4ecb-83ae-8da310a7dfb7.jpg 738w\" alt=\"\" width=\"153\" height=\"181\" \/><\/a>BELLUNO<\/strong>\u00a0La protezione civile ieri si \u00e8 trovata un piazzale del Nevegal pieno di gente, prevalentemente turisti.\u00a0 In barba a qualunque ordinanza o appello andavano a passeggiare in mezzo alla neve e sotto gli alberi pericolanti, ostacolando anche i mezzi di soccorso della protezione civile che stanno incessantemente lavorando. Inutile dire che un\u00a0<a href=\"https:\/\/www.radiopiu.net\/wordpress\/le-genialate-che-intralciano-i-soccorsi-lo-sfogo-del-sindaco-massaro\/be47d775-1c28-43e9-8310-72f87b7e1b1f\/\" rel=\"attachment wp-att-178039\"><img loading=\"lazy\" decoding=\"async\" class=\" wp-image-178039 alignleft\" src=\"https:\/\/www.radiopiu.net\/wordpress\/wp-content\/uploads\/2020\/12\/be47d775-1c28-43e9-8310-72f87b7e1b1f-244x300.jpg\" sizes=\"auto, (max-width: 187px) 100vw, 187px\" srcset=\"https:\/\/www.radiopiu.net\/wordpress\/wp-content\/uploads\/2020\/12\/be47d775-1c28-43e9-8310-72f87b7e1b1f-244x300.jpg 244w, https:\/\/www.radiopiu.net\/wordpress\/wp-content\/uploads\/2020\/12\/be47d775-1c28-43e9-8310-72f87b7e1b1f-768x945.jpg 768w, https:\/\/www.radiopiu.net\/wordpress\/wp-content\/uploads\/2020\/12\/be47d775-1c28-43e9-8310-72f87b7e1b1f.jpg 780w\" alt=\"\" width=\"187\" height=\"230\" \/><\/a>sacco di gente era impantanata ed ha tenuto impegnati i soccorsi.\u00a0<em>\u201cAllertata la prefettura, sono arrivati i carabinieri che stanno facendo controlli ed elevando sanzioni. Intanto, la macchina dei soccorsi \u00e8 in ritardo grazie a queste genialate\u201d.<\/em>\u00a0dice il sindaco Jacopo Massaro<\/p>\n<p>&nbsp;<\/p>\n<p><strong>FALCADE<\/strong>\u00a0Geniale anche lo sciatore a bordo strada, totale menefreghismo nei confronti di chi \u00e8 impegnato nello sgombero neve.<\/p>\n<p>&nbsp;<\/p>\n<p>&nbsp;<\/p>\n<p>&nbsp;<\/p>\n<hr \/>\n<p>&nbsp;<\/p>\n<blockquote>\n<h3>FALCADE, LE BUSE: TANTA NEVE E DANNI VERSO IL VALLES<\/h3>\n<\/blockquote>\n<p><strong>FALCADE<\/strong> Riceviamo dal Rifugio Gigio Picol, Le Buse Falcade, scatti significativi. Tanta la neve al suolo. Sui monti sembra sia passato un uragano, alberi schiantati sulla strada del passo valles e sulle linee elettriche, ci vorranno giorni per sistemare tutto. Anche senza l&#8217;emergenza covid non sarebbe stato possibile aprire per il ponte dell&#8217;Immacolata<\/p>\n<p>&nbsp;<\/p>\n<p><strong>LA NEVE DALLA FINESTRA, IERI E DOMENICA\u00a0<\/strong><\/p>\n<p><a class=\"dt-pswp-item\" href=\"https:\/\/www.radiopiu.net\/wordpress\/wp-content\/uploads\/2020\/12\/8fb8f179-9789-4aa6-a96c-966b91894d5b.jpg\" data-dt-img-description=\"\" data-large_image_width=\"1200\" data-large_image_height=\"1600\"><img loading=\"lazy\" decoding=\"async\" class=\"alignnone size-medium wp-image-177969\" src=\"https:\/\/www.radiopiu.net\/wordpress\/wp-content\/uploads\/2020\/12\/8fb8f179-9789-4aa6-a96c-966b91894d5b-225x300.jpg\" alt=\"\" width=\"225\" height=\"300\" srcset=\"https:\/\/www.radiopiu.net\/wordpress\/wp-content\/uploads\/2020\/12\/8fb8f179-9789-4aa6-a96c-966b91894d5b-225x300.jpg 225w, https:\/\/www.radiopiu.net\/wordpress\/wp-content\/uploads\/2020\/12\/8fb8f179-9789-4aa6-a96c-966b91894d5b-768x1024.jpg 768w, https:\/\/www.radiopiu.net\/wordpress\/wp-content\/uploads\/2020\/12\/8fb8f179-9789-4aa6-a96c-966b91894d5b-1152x1536.jpg 1152w, https:\/\/www.radiopiu.net\/wordpress\/wp-content\/uploads\/2020\/12\/8fb8f179-9789-4aa6-a96c-966b91894d5b.jpg 1200w\" sizes=\"auto, (max-width: 225px) 100vw, 225px\" \/><\/a><a class=\"dt-pswp-item\" href=\"https:\/\/www.radiopiu.net\/wordpress\/wp-content\/uploads\/2020\/12\/225925b0-f899-40b4-880d-e50e3ca6a05d.jpg\" data-dt-img-description=\"\" data-large_image_width=\"1200\" data-large_image_height=\"1600\"><img loading=\"lazy\" decoding=\"async\" class=\"alignnone size-medium wp-image-177968\" src=\"https:\/\/www.radiopiu.net\/wordpress\/wp-content\/uploads\/2020\/12\/225925b0-f899-40b4-880d-e50e3ca6a05d-225x300.jpg\" alt=\"\" width=\"225\" height=\"300\" srcset=\"https:\/\/www.radiopiu.net\/wordpress\/wp-content\/uploads\/2020\/12\/225925b0-f899-40b4-880d-e50e3ca6a05d-225x300.jpg 225w, https:\/\/www.radiopiu.net\/wordpress\/wp-content\/uploads\/2020\/12\/225925b0-f899-40b4-880d-e50e3ca6a05d-768x1024.jpg 768w, https:\/\/www.radiopiu.net\/wordpress\/wp-content\/uploads\/2020\/12\/225925b0-f899-40b4-880d-e50e3ca6a05d-1152x1536.jpg 1152w, https:\/\/www.radiopiu.net\/wordpress\/wp-content\/uploads\/2020\/12\/225925b0-f899-40b4-880d-e50e3ca6a05d.jpg 1200w\" sizes=\"auto, (max-width: 225px) 100vw, 225px\" \/><\/a><\/p>\n<p>&nbsp;<\/p>\n<p>&nbsp;<\/p>\n<p>&nbsp;<\/p>\n<p>&nbsp;<\/p>\n<hr \/>\n<p>&nbsp;<\/p>\n<blockquote>\n<h3>UN&#8217;ONDATA DI MALTEMPO CHE SVUOTA LE CASSE DEI COMUNI<\/h3>\n<\/blockquote>\n<p><strong><a href=\"https:\/\/www.radiopiu.net\/wordpress\/paura-a-livinallongo-la-fresa-investita-dalla-valanga-loperatore-si-salva\/whatsapp-image-2020-12-07-at-19-26-40\/\" rel=\"attachment wp-att-177901\"><img loading=\"lazy\" decoding=\"async\" class=\"size-medium wp-image-177901 alignleft\" src=\"https:\/\/www.radiopiu.net\/wordpress\/wp-content\/uploads\/2020\/12\/WhatsApp-Image-2020-12-07-at-19.26.40-300x225.jpeg\" alt=\"\" width=\"300\" height=\"225\" srcset=\"https:\/\/www.radiopiu.net\/wordpress\/wp-content\/uploads\/2020\/12\/WhatsApp-Image-2020-12-07-at-19.26.40-300x225.jpeg 300w, https:\/\/www.radiopiu.net\/wordpress\/wp-content\/uploads\/2020\/12\/WhatsApp-Image-2020-12-07-at-19.26.40-768x576.jpeg 768w, https:\/\/www.radiopiu.net\/wordpress\/wp-content\/uploads\/2020\/12\/WhatsApp-Image-2020-12-07-at-19.26.40.jpeg 1024w\" sizes=\"auto, (max-width: 300px) 100vw, 300px\" \/><\/a>AGORDINO<\/strong><\/p>\n<p>di Gianni Santomaso<\/p>\n<audio class=\"wp-audio-shortcode\" id=\"audio-177938-11\" preload=\"none\" style=\"width: 100%;\" controls=\"controls\"><source type=\"audio\/mpeg\" src=\"https:\/\/www.radiopiu.net\/wordpress\/wp-content\/uploads\/2020\/12\/GIANNI-AGORDINO-TIRA-I-CONTI.mp3?_=11\" \/><a href=\"https:\/\/www.radiopiu.net\/wordpress\/wp-content\/uploads\/2020\/12\/GIANNI-AGORDINO-TIRA-I-CONTI.mp3\">https:\/\/www.radiopiu.net\/wordpress\/wp-content\/uploads\/2020\/12\/GIANNI-AGORDINO-TIRA-I-CONTI.mp3<\/a><\/audio>\n<p>&nbsp;<\/p>\n<hr \/>\n<p>&nbsp;<\/p>\n<div class=\"page-title-head hgroup\">\n<blockquote>\n<h3 class=\"entry-title\">DOLOMITIBUS LE ULTIME NOTIZIE, OGGI I PULLMAN NON RAGGIUNGONO FALCADE ALTO<\/h3>\n<\/blockquote>\n<\/div>\n<div class=\"page-title-breadcrumbs\">\n<div class=\"o9v6fnle cxmmr5t8 oygrvhab hcukyx3x c1et5uql ii04i59q\">\n<h2 dir=\"auto\"><a href=\"https:\/\/www.radiopiu.net\/wordpress\/giornale-radiopiu-09-dicembre-2020-direttore-mirko-mezzacasa\/6c4507a2-c2a5-45c5-8e30-b5298fc7e84c\/\" rel=\"attachment wp-att-178248\"><img loading=\"lazy\" decoding=\"async\" class=\" wp-image-178248 alignleft\" src=\"https:\/\/www.radiopiu.net\/wordpress\/wp-content\/uploads\/2020\/12\/6c4507a2-c2a5-45c5-8e30-b5298fc7e84c-300x225.jpg\" alt=\"\" width=\"169\" height=\"127\" srcset=\"https:\/\/www.radiopiu.net\/wordpress\/wp-content\/uploads\/2020\/12\/6c4507a2-c2a5-45c5-8e30-b5298fc7e84c-300x225.jpg 300w, https:\/\/www.radiopiu.net\/wordpress\/wp-content\/uploads\/2020\/12\/6c4507a2-c2a5-45c5-8e30-b5298fc7e84c.jpg 320w\" sizes=\"auto, (max-width: 169px) 100vw, 169px\" \/><\/a>AGORDINO<\/h2>\n<div dir=\"auto\"><strong>Linea 2 AGORDO \u2013 FALCAD<\/strong>E, sempre per la neve accumulata in strada, fino a diversa comunicazione, non sar\u00e0 servita la tratta Falcade chiesa \u2013 Falcade Alto \u2013 Le Frate. Per oggi, tutti i servizi programmati, turnisti Luxottica compresi, partiranno quindi da Falcade chiesa.<\/div>\n<\/div>\n<div dir=\"auto\"><\/div>\n<div dir=\"auto\">\n<div dir=\"auto\">\u2013<strong>\u00a0linea 3 AGORDO \u2013 ALLEGHE \u2013 ARABBA \u2013 CORVARA \u2013 COLFOSC<\/strong>O interrotta parzialmente con corse sospese tra Caprile e Colfosco<\/div>\n<div dir=\"auto\"><strong>\u2013 linea 6 AGORDO \u2013 RIVAMONTE \u2013 LAMBRO<\/strong>I interrotta parzialmente con corse sospese tra forcella Franche e Lambroi baita<\/div>\n<\/div>\n<h2 dir=\"auto\"><a href=\"https:\/\/www.radiopiu.net\/wordpress\/giornale-radiopiu-09-dicembre-2020-direttore-mirko-mezzacasa\/c1e82084-f5db-4002-b991-045507e62004\/\" rel=\"attachment wp-att-178247\"><img loading=\"lazy\" decoding=\"async\" class=\" wp-image-178247 alignleft\" src=\"https:\/\/www.radiopiu.net\/wordpress\/wp-content\/uploads\/2020\/12\/c1e82084-f5db-4002-b991-045507e62004-300x225.jpg\" alt=\"\" width=\"175\" height=\"131\" srcset=\"https:\/\/www.radiopiu.net\/wordpress\/wp-content\/uploads\/2020\/12\/c1e82084-f5db-4002-b991-045507e62004-300x225.jpg 300w, https:\/\/www.radiopiu.net\/wordpress\/wp-content\/uploads\/2020\/12\/c1e82084-f5db-4002-b991-045507e62004.jpg 320w\" sizes=\"auto, (max-width: 175px) 100vw, 175px\" \/><\/a><\/h2>\n<h2 dir=\"auto\">CADORE<\/h2>\n<p>linea 33 TAI DI CADORE \u2013 CALALZO \u2013 SANTO STEFANO \u2013 CIMA SAPPADA, causa intense nevicate e difficolt\u00e0 di transito in sicurezza \u00e8 temporaneamente interrotto il servizio sulla tratta Cima Gogna \u2013 S. Stefano \u2013 Cima Sappada. Per la giornata di oggi, si valuter\u00e0 se sar\u00e0 possibile riprendere il servizio almeno da S. Stefano.<\/p>\n<p>\u2013 linea 9 BELLUNO \u2013 LONGARONE \u2013 CALALZO, a causa di uno smottamento, non \u00e8 attualmente possibile transitare alle fermate di Termine di Cadore e Tovanella.<\/p>\n<p>&nbsp;<\/p>\n<p>&nbsp;<\/p>\n<hr \/>\n<p>&nbsp;<\/p>\n<\/div>\n<div class=\"page-title-head hgroup\">\n<blockquote>\n<h3 class=\"entry-title\">RASSICURAZIONI DEL MINISTRO \u201cINTERVERREMO IN TEMPI RAPIDI\u201d<\/h3>\n<\/blockquote>\n<\/div>\n<p><strong><img loading=\"lazy\" decoding=\"async\" class=\"alignleft\" src=\"https:\/\/www.radiopiu.net\/wordpress\/wp-content\/uploads\/2020\/12\/3e910333-2758-4404-9a06-f51eb1b846b2.jpg\" width=\"244\" height=\"137\" \/>ROMA<\/strong>\u00a0\u00a0<em>\u00a0\u201cInterverremo in tempi rapidi per fare fronte ai danni provocati dall\u2019ondata di maltempo che si \u00e8 abbattuta sul Veneto in questi giorni. La Protezione Civile, in seguito allo stato di emergenza, valuter\u00e0 l\u2019entit\u00e0 dei danni e il Governo si far\u00e0 trovare pronto\u201d.\u00a0<\/em><br \/>\nLo afferma Federico D\u2019Inc\u00e0, Ministro per i Rapporti con il Parlamento in merito alla situazione di maltempo che ha interessato il Veneto.\u00a0<em>\u201cPersonalmente sto seguendo anche lo stanziamento di nuove importanti risorse per contrastare il dissesto idrogeologico \u2013 prosegue il Ministro D\u2019Inc\u00e0 -: ho scritto al Presidente del Consiglio Conte e al Ministro dell\u2019Economia Gualtieri, oltre ai capigruppo delle commissioni bilancio per sottolineare la necessit\u00e0 di intervenire sul tema. C\u2019\u00e8 bisogno, quindi, di risorse fresche anche per la fase successiva all\u2019emergenza e su questo aspetto cercheremo di operare nell\u2019imminente Legge di bilancio. Si dovr\u00e0 lavorare ancora sulla prevenzione ed evitare che in futuro si ripetano eventi simili\u201d-\u00a0<\/em>D\u2019Inc\u00e0 ricorda che \u201cin queste ore \u00e8 in costante contatto con gli amministratori locali, con il Capo della Protezione Civile, Angelo Borrelli e la Capo dipartimento dei Vigili del Fuoco, Laura Lega.<\/p>\n<p>&nbsp;<\/p>\n<p>&nbsp;<\/p>\n<hr \/>\n<p>&nbsp;<\/p>\n<blockquote>\n<h3>MALTEMPO. ANCORA ALLERTA ARANCIONE SU BUONA PARTE DEL VENETO<\/h3>\n<\/blockquote>\n<p><strong><a href=\"https:\/\/www.radiopiu.net\/wordpress\/paura-a-livinallongo-la-fresa-investita-dalla-valanga-loperatore-si-salva\/whatsapp-image-2020-12-07-at-19-26-46\/\" rel=\"attachment wp-att-177907\"><img loading=\"lazy\" decoding=\"async\" class=\"size-medium wp-image-177907 alignleft\" src=\"https:\/\/www.radiopiu.net\/wordpress\/wp-content\/uploads\/2020\/12\/WhatsApp-Image-2020-12-07-at-19.26.46-300x225.jpeg\" alt=\"\" width=\"300\" height=\"225\" srcset=\"https:\/\/www.radiopiu.net\/wordpress\/wp-content\/uploads\/2020\/12\/WhatsApp-Image-2020-12-07-at-19.26.46-300x225.jpeg 300w, https:\/\/www.radiopiu.net\/wordpress\/wp-content\/uploads\/2020\/12\/WhatsApp-Image-2020-12-07-at-19.26.46-768x576.jpeg 768w, https:\/\/www.radiopiu.net\/wordpress\/wp-content\/uploads\/2020\/12\/WhatsApp-Image-2020-12-07-at-19.26.46.jpeg 1024w\" sizes=\"auto, (max-width: 300px) 100vw, 300px\" \/><\/a>VENEZIA\u00a0<\/strong>L\u2019ondata di maltempo che sta colpendo il Veneto, e che ha gi\u00e0 provocato gravi danni in varie aree della regione, continua a preoccupare, anche se le previsioni lasciano intravvedere un miglioramento. Il tempo rester\u00e0 in prevalenza perturbato con precipitazioni diffuse a tratti moderate\/forti con locali rovesci o isolati temporali e quantitativi in genere consistenti, localmente anche abbondanti sulle zone montane\/ pedemontane orientali e sulla pianura\/costa nord-orientale dove i fenomeni potranno risultare pi\u00f9 persistenti. Nevicate in media oltre i 600\/800 m sulle Dolomiti e intorno ai 900\/1100 m sulle Prealpi. Tendenza a definitivo e generale esaurimento dei fenomeni dal pomeriggio\/sera di oggi. Sulla base di questo quadro, il Centro Funzionale Decentrato della Protezione Civile della Regione Veneto ha emesso un nuovo bollettino, valevole fino alle ore 14.00 di gioved\u00ec 10 dicembre. L\u2019Allerta arancione (Stato di Preallarme) \u00e8 dichiarata sui bacini idrografici Alto Piave, Piave Pedemontano, Alto Brenta-Bacchiglione-Alpone, Basso Brenta-Bacchiglione, Livenza-Lemene-Tagliamento. Sugli altri bacini, lo stato di allerta scende a giallo (Stato di Attenzione).<\/p>\n<p><strong>L&#8217;AVVISO DELLA REGIONE<\/strong><\/p>\n<a href=\"https:\/\/www.radiopiu.net\/wordpress\/wp-content\/uploads\/2020\/12\/METEO-COLORI.pdf\" class=\"pdfemb-viewer\" style=\"\" data-width=\"max\" data-height=\"max\" data-toolbar=\"top\" data-toolbar-fixed=\"on\">METEO COLORI<\/a>\n<p>&nbsp;<\/p>\n<p>&nbsp;<\/p>\n<hr \/>\n<p>&nbsp;<\/p>\n<blockquote>\n<h3>GRANDE IMPEGNO DI VENETO STRADE A PASSO CAMPOLONGO<\/h3>\n<\/blockquote>\n<p><strong>VENEZIA<\/strong> Veneto strade ha pubblicato le foto del lavoro di sgombero a Passo Campolongo tra tanta neve, piante abbattute e cavi dell&#8217;energia elettrica in equilibrio instabile.<\/p>\n<p>VENETO STRADE PAGINA FACEBOOK <strong><a href=\"https:\/\/www.facebook.com\/venetostrade\/\">CLICCA QUI<\/a><\/strong><\/p>\n\n\t\t\t<style type='text\/css'>\n\t\t\t\t#gallery-6 {\n\t\t\t\t\tmargin: auto;\n\t\t\t\t}\n\t\t\t\t#gallery-6 .gallery-item {\n\t\t\t\t\tfloat: left;\n\t\t\t\t\tmargin-top: 10px;\n\t\t\t\t\ttext-align: center;\n\t\t\t\t\twidth: 50%;\n\t\t\t\t}\n\t\t\t\t#gallery-6 img {\n\t\t\t\t\tborder: 2px solid #cfcfcf;\n\t\t\t\t}\n\t\t\t\t#gallery-6 .gallery-caption {\n\t\t\t\t\tmargin-left: 0;\n\t\t\t\t}\n\t\t\t\t\/* see gallery_shortcode() in wp-includes\/media.php *\/\n\t\t\t<\/style>\n\t\t<div id='gallery-6' class='dt-gallery-container gallery galleryid-177938 gallery-columns-2 gallery-size-medium'><dl class='gallery-item'>\n\t\t\t\t<dt class='gallery-icon landscape'>\n\t\t\t\t\t<a class=\"rollover rollover-zoom dt-pswp-item\" title=\"130557805_3575068252561909_1026640916504453889_o\" data-dt-img-description=\"\" data-large_image_width=\"960\" data-large_image_height=\"720\"href='https:\/\/www.radiopiu.net\/wordpress\/wp-content\/uploads\/2020\/12\/130557805_3575068252561909_1026640916504453889_o-1.jpg'><img loading=\"lazy\" decoding=\"async\" width=\"300\" height=\"225\" src=\"https:\/\/www.radiopiu.net\/wordpress\/wp-content\/uploads\/2020\/12\/130557805_3575068252561909_1026640916504453889_o-1-300x225.jpg\" class=\"attachment-medium size-medium\" alt=\"\" srcset=\"https:\/\/www.radiopiu.net\/wordpress\/wp-content\/uploads\/2020\/12\/130557805_3575068252561909_1026640916504453889_o-1-300x225.jpg 300w, https:\/\/www.radiopiu.net\/wordpress\/wp-content\/uploads\/2020\/12\/130557805_3575068252561909_1026640916504453889_o-1-768x576.jpg 768w, https:\/\/www.radiopiu.net\/wordpress\/wp-content\/uploads\/2020\/12\/130557805_3575068252561909_1026640916504453889_o-1.jpg 960w\" sizes=\"auto, (max-width: 300px) 100vw, 300px\" \/><\/a>\n\t\t\t\t<\/dt><\/dl><dl class='gallery-item'>\n\t\t\t\t<dt class='gallery-icon landscape'>\n\t\t\t\t\t<a class=\"rollover rollover-zoom dt-pswp-item\" title=\"130578418_3575068289228572_2301642556005187272_o\" data-dt-img-description=\"\" data-large_image_width=\"960\" data-large_image_height=\"720\"href='https:\/\/www.radiopiu.net\/wordpress\/wp-content\/uploads\/2020\/12\/130578418_3575068289228572_2301642556005187272_o-1.jpg'><img loading=\"lazy\" decoding=\"async\" width=\"300\" height=\"225\" src=\"https:\/\/www.radiopiu.net\/wordpress\/wp-content\/uploads\/2020\/12\/130578418_3575068289228572_2301642556005187272_o-1-300x225.jpg\" class=\"attachment-medium size-medium\" alt=\"\" srcset=\"https:\/\/www.radiopiu.net\/wordpress\/wp-content\/uploads\/2020\/12\/130578418_3575068289228572_2301642556005187272_o-1-300x225.jpg 300w, https:\/\/www.radiopiu.net\/wordpress\/wp-content\/uploads\/2020\/12\/130578418_3575068289228572_2301642556005187272_o-1-768x576.jpg 768w, https:\/\/www.radiopiu.net\/wordpress\/wp-content\/uploads\/2020\/12\/130578418_3575068289228572_2301642556005187272_o-1.jpg 960w\" sizes=\"auto, (max-width: 300px) 100vw, 300px\" \/><\/a>\n\t\t\t\t<\/dt><\/dl><br style=\"clear: both\" \/><dl class='gallery-item'>\n\t\t\t\t<dt class='gallery-icon landscape'>\n\t\t\t\t\t<a class=\"rollover rollover-zoom dt-pswp-item\" title=\"130711709_3575068389228562_296084788615020710_o\" data-dt-img-description=\"\" data-large_image_width=\"960\" data-large_image_height=\"720\"href='https:\/\/www.radiopiu.net\/wordpress\/wp-content\/uploads\/2020\/12\/130711709_3575068389228562_296084788615020710_o.jpg'><img loading=\"lazy\" decoding=\"async\" width=\"300\" height=\"225\" src=\"https:\/\/www.radiopiu.net\/wordpress\/wp-content\/uploads\/2020\/12\/130711709_3575068389228562_296084788615020710_o-300x225.jpg\" class=\"attachment-medium size-medium\" alt=\"\" srcset=\"https:\/\/www.radiopiu.net\/wordpress\/wp-content\/uploads\/2020\/12\/130711709_3575068389228562_296084788615020710_o-300x225.jpg 300w, https:\/\/www.radiopiu.net\/wordpress\/wp-content\/uploads\/2020\/12\/130711709_3575068389228562_296084788615020710_o-768x576.jpg 768w, https:\/\/www.radiopiu.net\/wordpress\/wp-content\/uploads\/2020\/12\/130711709_3575068389228562_296084788615020710_o.jpg 960w\" sizes=\"auto, (max-width: 300px) 100vw, 300px\" \/><\/a>\n\t\t\t\t<\/dt><\/dl><dl class='gallery-item'>\n\t\t\t\t<dt class='gallery-icon landscape'>\n\t\t\t\t\t<a class=\"rollover rollover-zoom dt-pswp-item\" title=\"130286806_3575068359228565_3900295026850626516_o\" data-dt-img-description=\"\" data-large_image_width=\"960\" data-large_image_height=\"720\"href='https:\/\/www.radiopiu.net\/wordpress\/wp-content\/uploads\/2020\/12\/130286806_3575068359228565_3900295026850626516_o.jpg'><img loading=\"lazy\" decoding=\"async\" width=\"300\" height=\"225\" src=\"https:\/\/www.radiopiu.net\/wordpress\/wp-content\/uploads\/2020\/12\/130286806_3575068359228565_3900295026850626516_o-300x225.jpg\" class=\"attachment-medium size-medium\" alt=\"\" srcset=\"https:\/\/www.radiopiu.net\/wordpress\/wp-content\/uploads\/2020\/12\/130286806_3575068359228565_3900295026850626516_o-300x225.jpg 300w, https:\/\/www.radiopiu.net\/wordpress\/wp-content\/uploads\/2020\/12\/130286806_3575068359228565_3900295026850626516_o-768x576.jpg 768w, https:\/\/www.radiopiu.net\/wordpress\/wp-content\/uploads\/2020\/12\/130286806_3575068359228565_3900295026850626516_o.jpg 960w\" sizes=\"auto, (max-width: 300px) 100vw, 300px\" \/><\/a>\n\t\t\t\t<\/dt><\/dl><br style=\"clear: both\" \/>\n\t\t\t<\/div>\n\n<p>&nbsp;<\/p>\n<hr \/>\n<p>&nbsp;<\/p>\n<blockquote>\n<h3>MALTEMPO: GLI AGGIORNAMENTI DA FELTRE<\/h3>\n<\/blockquote>\n<p><strong>FELTRE<\/strong>\u00a0La situazione sembra procedere verso una lenta normalizzazione (pochissime segnalazioni giunte al COC). Operai e tecnici comunali sono stati impegnati ieri durante la giornata negli interventi di spazzamento e pulizia dai detriti delle sedi stradali interessate dalle colate di questi giorni (in particolare via Musil e zona di Tomo). Sono intervenuti anche i mezzi spazzaneve e spargisale nelle frazioni interessate dalla neve per evitare la formazione di ghiaccio. L\u2019assessore Zatta accompagnato dai geologi ha eseguito una serie di sopralluoghi su alcuni punti interessati da smottamenti e piccole frane per valutare gli interventi da programmare.<\/p>\n\n\t\t\t<style type='text\/css'>\n\t\t\t\t#gallery-7 {\n\t\t\t\t\tmargin: auto;\n\t\t\t\t}\n\t\t\t\t#gallery-7 .gallery-item {\n\t\t\t\t\tfloat: left;\n\t\t\t\t\tmargin-top: 10px;\n\t\t\t\t\ttext-align: center;\n\t\t\t\t\twidth: 50%;\n\t\t\t\t}\n\t\t\t\t#gallery-7 img {\n\t\t\t\t\tborder: 2px solid #cfcfcf;\n\t\t\t\t}\n\t\t\t\t#gallery-7 .gallery-caption {\n\t\t\t\t\tmargin-left: 0;\n\t\t\t\t}\n\t\t\t\t\/* see gallery_shortcode() in wp-includes\/media.php *\/\n\t\t\t<\/style>\n\t\t<div id='gallery-7' class='dt-gallery-container gallery galleryid-177938 gallery-columns-2 gallery-size-medium'><dl class='gallery-item'>\n\t\t\t\t<dt class='gallery-icon landscape'>\n\t\t\t\t\t<a class=\"rollover rollover-zoom dt-pswp-item\" title=\"cb9d2ea1-9b4f-4a8f-9a0f-1026242c3855\" data-dt-img-description=\"\" data-large_image_width=\"1599\" data-large_image_height=\"1200\"href='https:\/\/www.radiopiu.net\/wordpress\/wp-content\/uploads\/2020\/12\/cb9d2ea1-9b4f-4a8f-9a0f-1026242c3855.jpg'><img loading=\"lazy\" decoding=\"async\" width=\"300\" height=\"225\" src=\"https:\/\/www.radiopiu.net\/wordpress\/wp-content\/uploads\/2020\/12\/cb9d2ea1-9b4f-4a8f-9a0f-1026242c3855-300x225.jpg\" class=\"attachment-medium size-medium\" alt=\"\" srcset=\"https:\/\/www.radiopiu.net\/wordpress\/wp-content\/uploads\/2020\/12\/cb9d2ea1-9b4f-4a8f-9a0f-1026242c3855-300x225.jpg 300w, https:\/\/www.radiopiu.net\/wordpress\/wp-content\/uploads\/2020\/12\/cb9d2ea1-9b4f-4a8f-9a0f-1026242c3855-1024x768.jpg 1024w, https:\/\/www.radiopiu.net\/wordpress\/wp-content\/uploads\/2020\/12\/cb9d2ea1-9b4f-4a8f-9a0f-1026242c3855-768x576.jpg 768w, https:\/\/www.radiopiu.net\/wordpress\/wp-content\/uploads\/2020\/12\/cb9d2ea1-9b4f-4a8f-9a0f-1026242c3855-1536x1153.jpg 1536w, https:\/\/www.radiopiu.net\/wordpress\/wp-content\/uploads\/2020\/12\/cb9d2ea1-9b4f-4a8f-9a0f-1026242c3855.jpg 1599w\" sizes=\"auto, (max-width: 300px) 100vw, 300px\" \/><\/a>\n\t\t\t\t<\/dt><\/dl><dl class='gallery-item'>\n\t\t\t\t<dt class='gallery-icon portrait'>\n\t\t\t\t\t<a class=\"rollover rollover-zoom dt-pswp-item\" title=\"877e1ba6-b4c9-435c-84e2-097c16844bb0\" data-dt-img-description=\"\" data-large_image_width=\"1079\" data-large_image_height=\"1433\"href='https:\/\/www.radiopiu.net\/wordpress\/wp-content\/uploads\/2020\/12\/877e1ba6-b4c9-435c-84e2-097c16844bb0.jpg'><img loading=\"lazy\" decoding=\"async\" width=\"226\" height=\"300\" src=\"https:\/\/www.radiopiu.net\/wordpress\/wp-content\/uploads\/2020\/12\/877e1ba6-b4c9-435c-84e2-097c16844bb0-226x300.jpg\" class=\"attachment-medium size-medium\" alt=\"\" srcset=\"https:\/\/www.radiopiu.net\/wordpress\/wp-content\/uploads\/2020\/12\/877e1ba6-b4c9-435c-84e2-097c16844bb0-226x300.jpg 226w, https:\/\/www.radiopiu.net\/wordpress\/wp-content\/uploads\/2020\/12\/877e1ba6-b4c9-435c-84e2-097c16844bb0-771x1024.jpg 771w, https:\/\/www.radiopiu.net\/wordpress\/wp-content\/uploads\/2020\/12\/877e1ba6-b4c9-435c-84e2-097c16844bb0-768x1020.jpg 768w, https:\/\/www.radiopiu.net\/wordpress\/wp-content\/uploads\/2020\/12\/877e1ba6-b4c9-435c-84e2-097c16844bb0.jpg 1079w\" sizes=\"auto, (max-width: 226px) 100vw, 226px\" \/><\/a>\n\t\t\t\t<\/dt><\/dl><br style=\"clear: both\" \/>\n\t\t\t<\/div>\n\n<p>&nbsp;<\/p>\n<hr \/>\n<p>&nbsp;<\/p>\n<blockquote>\n<h3>AGGIORNAMENTO VIGILI DEL FUOCO, A BELLUNO E&#8217; ARRIVATO IL NUOVO COMANDANTE<\/h3>\n<\/blockquote>\n<h3><img decoding=\"async\" class=\"alignleft\" src=\"https:\/\/www.radiopiu.net\/wordpress\/wp-content\/uploads\/2020\/12\/download-12.jpg\" \/>Da luned\u00ec sera si \u00e8 insediato Antonio Del Gallo il nuovo comandante dei Vigili del Fuoco di Belluno, entra in servizio in anticipo<\/h3>\n<p>&nbsp;<\/p>\n<p>&nbsp;<\/p>\n<p>&nbsp;<\/p>\n<p>&nbsp;<\/p>\n<p>&nbsp;<\/p>\n<p>&nbsp;<\/p>\n<hr \/>\n<p>&nbsp;<\/p>\n<blockquote>\n<h3>ELEVATE NUOVE POSITIVIT\u00c0: ANALISI E INDICAZIONI DALLA ULSS 1 DOLOMITI<\/h3>\n<\/blockquote>\n<p><strong><a href=\"https:\/\/www.radiopiu.net\/wordpress\/tampone-drive-in-a-feltre-per-chi-rientra-da-spagna-croazia-grecia-o-malta\/tampone\/\" rel=\"attachment wp-att-155278\"><img loading=\"lazy\" decoding=\"async\" class=\"size-medium wp-image-155278 alignleft\" src=\"https:\/\/www.radiopiu.net\/wordpress\/wp-content\/uploads\/2020\/08\/TAMPONE-300x200.jpg\" alt=\"\" width=\"300\" height=\"200\" srcset=\"https:\/\/www.radiopiu.net\/wordpress\/wp-content\/uploads\/2020\/08\/TAMPONE-300x200.jpg 300w, https:\/\/www.radiopiu.net\/wordpress\/wp-content\/uploads\/2020\/08\/TAMPONE-1024x683.jpg 1024w, https:\/\/www.radiopiu.net\/wordpress\/wp-content\/uploads\/2020\/08\/TAMPONE-768x512.jpg 768w, https:\/\/www.radiopiu.net\/wordpress\/wp-content\/uploads\/2020\/08\/TAMPONE-1536x1024.jpg 1536w, https:\/\/www.radiopiu.net\/wordpress\/wp-content\/uploads\/2020\/08\/TAMPONE.jpg 1920w\" sizes=\"auto, (max-width: 300px) 100vw, 300px\" \/><\/a>BELLUNO\u00a0<\/strong>\u00a0I grandi numeri di tamponi effettuati nel nostro territorio hanno portato ad individuare un alto numero di positivit\u00e0 in provincia. Da inizio emergenza alle ore 8.00 di questa mattina, sono stati effettuati in Ulss Dolomiti 152.177 tamponi molecolari e 58.246 tamponi antigenici su una popolazione di 201.972 residenti, attestando il rapporto di tamponi\/per 1000 abitanti pi\u00f9 alto in Veneto. Facendo un\u2019analisi approfondita dati degli ultimi 10 giorni a piena operativit\u00e0 (25 novembre \u2013 4 dicembre) emerge che: sono stati effettuati 959 tamponi molecolari pari a 59 tamponi molecolari ogni 1000 abitanti; sono stati effettuati 725 tamponi antigenici pari a 72 tamponi antigenici ogni 1000 abitanti. Per i tamponi molecolari il rapporto tra tamponi eseguiti e popolazione registrato nell\u2019Ulss Dolomiti \u00e8 di gran lunga il pi\u00f9 alto del Veneto: media giornaliera 5,9 tamponi molecolari\/1000 abitanti (stima dato medio regionale 2,8 tamponi molecolari\/1000 abitanti). Pur considerando che la casistica di casi gravi e di media intensit\u00e0 clinica \u00e8 importante, la grande maggioranza degli attuali positivi dell\u2019Ulss Dolomiti sono asintomatici o paucisintomatici e giungono alla diagnosi perch\u00e9 contatti di caso o per scrupolo massimo dei medici prescrittori. La loro scoperta peraltro consente l\u2019isolamento degli stessi, fondamentale misura di sanit\u00e0 pubblica per il contenimento epidemico.<\/p>\n<p>&nbsp;<\/p>\n<p>&nbsp;<\/p>\n<hr \/>\n<p>&nbsp;<\/p>\n<div class=\"page-title-head hgroup\">\n<blockquote>\n<h3 class=\"entry-title\">CITTADINI PREOCCUPATI A NOACH PER I LAMENTI DEI CANI<\/h3>\n<\/blockquote>\n<\/div>\n<div><strong><a href=\"https:\/\/www.radiopiu.net\/wordpress\/cittadini-preoccupati-a-noach-per-i-lamenti-dei-cani\/ccd6ab2e-a07d-4eea-b233-504ccc60708f\/\" rel=\"attachment wp-att-178059\"><img loading=\"lazy\" decoding=\"async\" class=\"size-medium wp-image-178059 alignleft\" src=\"https:\/\/www.radiopiu.net\/wordpress\/wp-content\/uploads\/2020\/12\/ccd6ab2e-a07d-4eea-b233-504ccc60708f-300x225.jpg\" sizes=\"auto, (max-width: 300px) 100vw, 300px\" srcset=\"https:\/\/www.radiopiu.net\/wordpress\/wp-content\/uploads\/2020\/12\/ccd6ab2e-a07d-4eea-b233-504ccc60708f-300x225.jpg 300w, https:\/\/www.radiopiu.net\/wordpress\/wp-content\/uploads\/2020\/12\/ccd6ab2e-a07d-4eea-b233-504ccc60708f-1024x769.jpg 1024w, https:\/\/www.radiopiu.net\/wordpress\/wp-content\/uploads\/2020\/12\/ccd6ab2e-a07d-4eea-b233-504ccc60708f-768x576.jpg 768w, https:\/\/www.radiopiu.net\/wordpress\/wp-content\/uploads\/2020\/12\/ccd6ab2e-a07d-4eea-b233-504ccc60708f-1536x1153.jpg 1536w, https:\/\/www.radiopiu.net\/wordpress\/wp-content\/uploads\/2020\/12\/ccd6ab2e-a07d-4eea-b233-504ccc60708f.jpg 2048w\" alt=\"\" width=\"300\" height=\"225\" \/><\/a>LA VALLE<\/strong>\u00a0In zona Noach, Comune di La Valle Agordina, alcuni cittadini\u00a0 segnalano con preoccupazione la presenza di quei cani, di\u00a0 quei lamenti, di quel modo di sopravvivere sotto il tempo e il concreto rischio di\u00a0 crollo degli alberi per il vento. I proprietari non vivono in zona, non sempre. I cittadini hanno gi\u00e0\u00a0 avvisato il sindaco Ezio Zuanel e i Carabinieri Forestali, il sindaco ha assicurato che interesser\u00e0 i servizi veterinari gi\u00e0 domani mattina.\u00a0 L\u2019Apaca \u00e8 stata avvissata\u00a0<em>\u201cQuanto descritto si configura come maltrattamento. Il sindaco ha l\u2019obbligo di ordinare un intervento della Polizia Locale\u201d.<\/em>questa la risposta inviata per messaggio alla richiesta di chiarimenti. Quei cani piangono giorno e notte, qualcuno si sarebbe anche\u00a0 premurato di portargli\u00a0 da mangiare.<\/div>\n<div><\/div>\n<div><\/div>\n<blockquote>\n<div><\/div>\n<\/blockquote>\n<div><\/div>\n<div><\/div>\n<div>\n<hr \/>\n<\/div>\n<h3><\/h3>\n<h3><\/h3>\n<blockquote>\n<h3>CHIUSO PONTE DEL FELICE A CROSTOLIN DI AGORDO, ARRABBIATO IL SINDACO ZUANEL<\/h3>\n<\/blockquote>\n<p><strong><a href=\"https:\/\/www.radiopiu.net\/wordpress\/chiuso-ponte-felice-a-crostolin-di-agordo-arrabbiato-il-sindaco-zuanel\/download-1031\/\" rel=\"attachment wp-att-177809\"><img loading=\"lazy\" decoding=\"async\" class=\" wp-image-177809 alignleft\" src=\"https:\/\/www.radiopiu.net\/wordpress\/wp-content\/uploads\/2020\/12\/download-10.jpg\" alt=\"\" width=\"227\" height=\"127\" \/><\/a>LA VALLE<\/strong> Ponte del Felice &#8220;subiot&#8221; di nuovo chiuso, hanno ceduto gli argini. Il sindaco Zuanel \u00e8 arrabbiato perch\u00e9 dopo Vaia nessuno \u00e8 intervenuto con risolutezza. Sono stati fatti degli interventi che evidentemente sono serviti a poco visto che il ponte \u00e8 di nuovo chiuso e i massi degli argini hanno ceduto alla furia dell&#8217;acqua. L&#8217;area artigianale di Noach si raggiunge attraverso la comunale (da Le Campe) o scendendo da La Valle Agordina per la strada sempre comunale<\/p>\n<p>&nbsp;<\/p>\n<p>&nbsp;<\/p>\n<hr \/>\n<p>&nbsp;<\/p>\n<blockquote class=\"wp-embedded-content\" data-secret=\"yAL2GMLLQJ\"><p><a href=\"https:\/\/www.radiopiu.net\/wordpress\/agg-dic-08\/\">CORONAVIRUS: AGGIORNAMENTO NAZIONALE 08 DICEMBRE<\/a><\/p><\/blockquote>\n<p><iframe loading=\"lazy\" class=\"wp-embedded-content\" sandbox=\"allow-scripts\" security=\"restricted\" style=\"position: absolute; clip: rect(1px, 1px, 1px, 1px);\" title=\"&#8220;CORONAVIRUS: AGGIORNAMENTO NAZIONALE 08 DICEMBRE&#8221; &#8212; Radio Pi\u00f9\" src=\"https:\/\/www.radiopiu.net\/wordpress\/agg-dic-08\/embed\/#?secret=yAL2GMLLQJ\" data-secret=\"yAL2GMLLQJ\" width=\"600\" height=\"338\" frameborder=\"0\" marginwidth=\"0\" marginheight=\"0\" scrolling=\"no\"><\/iframe><\/p>\n<p>&nbsp;<\/p>\n<hr \/>\n<p>&nbsp;<\/p>\n<hr \/>\n<blockquote class=\"wp-embedded-content\" data-secret=\"6vJ3LWAou3\"><p><a href=\"https:\/\/www.radiopiu.net\/wordpress\/2879-nuovi-positivi-nel-veneto-in-una-giornata-68-decessi-ricoveri-in-area-non-critica-in-aumento-a-belluno-245-le-nuove-positivita-delle-ultime-24-ore\/\">2879 NUOVI POSITIVI NEL VENETO IN UNA GIORNATA. 68 DECESSI, RICOVERI IN AREA NON CRITICA IN AUMENTO. A BELLUNO 245 LE NUOVE POSITIVITA&#8217; DELLE ULTIME 24 ORE<\/a><\/p><\/blockquote>\n<p><iframe loading=\"lazy\" class=\"wp-embedded-content\" sandbox=\"allow-scripts\" security=\"restricted\" style=\"position: absolute; clip: rect(1px, 1px, 1px, 1px);\" title=\"&#8220;2879 NUOVI POSITIVI NEL VENETO IN UNA GIORNATA. 68 DECESSI, RICOVERI IN AREA NON CRITICA IN AUMENTO. A BELLUNO 245 LE NUOVE POSITIVITA&#8217; DELLE ULTIME 24 ORE&#8221; &#8212; Radio Pi\u00f9\" src=\"https:\/\/www.radiopiu.net\/wordpress\/2879-nuovi-positivi-nel-veneto-in-una-giornata-68-decessi-ricoveri-in-area-non-critica-in-aumento-a-belluno-245-le-nuove-positivita-delle-ultime-24-ore\/embed\/#?secret=6vJ3LWAou3\" data-secret=\"6vJ3LWAou3\" width=\"600\" height=\"338\" frameborder=\"0\" marginwidth=\"0\" marginheight=\"0\" scrolling=\"no\"><\/iframe><\/p>\n<p>&nbsp;<\/p>\n<hr \/>\n<p>&nbsp;<\/p>\n<blockquote>\n<h3>I GRAFICI DI TIZIANO DE COL<\/h3>\n<\/blockquote>\n\n\t\t\t<style type='text\/css'>\n\t\t\t\t#gallery-8 {\n\t\t\t\t\tmargin: auto;\n\t\t\t\t}\n\t\t\t\t#gallery-8 .gallery-item {\n\t\t\t\t\tfloat: left;\n\t\t\t\t\tmargin-top: 10px;\n\t\t\t\t\ttext-align: center;\n\t\t\t\t\twidth: 33%;\n\t\t\t\t}\n\t\t\t\t#gallery-8 img {\n\t\t\t\t\tborder: 2px solid #cfcfcf;\n\t\t\t\t}\n\t\t\t\t#gallery-8 .gallery-caption {\n\t\t\t\t\tmargin-left: 0;\n\t\t\t\t}\n\t\t\t\t\/* see gallery_shortcode() in wp-includes\/media.php *\/\n\t\t\t<\/style>\n\t\t<div id='gallery-8' class='dt-gallery-container gallery galleryid-177938 gallery-columns-3 gallery-size-medium'><dl class='gallery-item'>\n\t\t\t\t<dt class='gallery-icon landscape'>\n\t\t\t\t\t<a class=\"rollover rollover-zoom dt-pswp-item\" title=\"112d7590-9889-4cbd-8c6a-9c4f91f11de3\" data-dt-img-description=\"\" data-large_image_width=\"594\" data-large_image_height=\"352\"href='https:\/\/www.radiopiu.net\/wordpress\/wp-content\/uploads\/2020\/12\/112d7590-9889-4cbd-8c6a-9c4f91f11de3.jpg'><img loading=\"lazy\" decoding=\"async\" width=\"300\" height=\"178\" src=\"https:\/\/www.radiopiu.net\/wordpress\/wp-content\/uploads\/2020\/12\/112d7590-9889-4cbd-8c6a-9c4f91f11de3-300x178.jpg\" class=\"attachment-medium size-medium\" alt=\"\" srcset=\"https:\/\/www.radiopiu.net\/wordpress\/wp-content\/uploads\/2020\/12\/112d7590-9889-4cbd-8c6a-9c4f91f11de3-300x178.jpg 300w, https:\/\/www.radiopiu.net\/wordpress\/wp-content\/uploads\/2020\/12\/112d7590-9889-4cbd-8c6a-9c4f91f11de3.jpg 594w\" sizes=\"auto, (max-width: 300px) 100vw, 300px\" \/><\/a>\n\t\t\t\t<\/dt><\/dl><dl class='gallery-item'>\n\t\t\t\t<dt class='gallery-icon landscape'>\n\t\t\t\t\t<a class=\"rollover rollover-zoom dt-pswp-item\" title=\"bd7b321f-a7b1-48ba-aa96-51d3d2145e19\" data-dt-img-description=\"\" data-large_image_width=\"596\" data-large_image_height=\"374\"href='https:\/\/www.radiopiu.net\/wordpress\/wp-content\/uploads\/2020\/12\/bd7b321f-a7b1-48ba-aa96-51d3d2145e19.jpg'><img loading=\"lazy\" decoding=\"async\" width=\"300\" height=\"188\" src=\"https:\/\/www.radiopiu.net\/wordpress\/wp-content\/uploads\/2020\/12\/bd7b321f-a7b1-48ba-aa96-51d3d2145e19-300x188.jpg\" class=\"attachment-medium size-medium\" alt=\"\" srcset=\"https:\/\/www.radiopiu.net\/wordpress\/wp-content\/uploads\/2020\/12\/bd7b321f-a7b1-48ba-aa96-51d3d2145e19-300x188.jpg 300w, https:\/\/www.radiopiu.net\/wordpress\/wp-content\/uploads\/2020\/12\/bd7b321f-a7b1-48ba-aa96-51d3d2145e19.jpg 596w\" sizes=\"auto, (max-width: 300px) 100vw, 300px\" \/><\/a>\n\t\t\t\t<\/dt><\/dl><dl class='gallery-item'>\n\t\t\t\t<dt class='gallery-icon landscape'>\n\t\t\t\t\t<a class=\"rollover rollover-zoom dt-pswp-item\" title=\"7e709dab-1530-447b-b5ad-b15a6bf0e5b2\" data-dt-img-description=\"\" data-large_image_width=\"600\" data-large_image_height=\"351\"href='https:\/\/www.radiopiu.net\/wordpress\/wp-content\/uploads\/2020\/12\/7e709dab-1530-447b-b5ad-b15a6bf0e5b2.jpg'><img loading=\"lazy\" decoding=\"async\" width=\"300\" height=\"176\" src=\"https:\/\/www.radiopiu.net\/wordpress\/wp-content\/uploads\/2020\/12\/7e709dab-1530-447b-b5ad-b15a6bf0e5b2-300x176.jpg\" class=\"attachment-medium size-medium\" alt=\"\" srcset=\"https:\/\/www.radiopiu.net\/wordpress\/wp-content\/uploads\/2020\/12\/7e709dab-1530-447b-b5ad-b15a6bf0e5b2-300x176.jpg 300w, https:\/\/www.radiopiu.net\/wordpress\/wp-content\/uploads\/2020\/12\/7e709dab-1530-447b-b5ad-b15a6bf0e5b2.jpg 600w\" sizes=\"auto, (max-width: 300px) 100vw, 300px\" \/><\/a>\n\t\t\t\t<\/dt><\/dl><br style=\"clear: both\" \/>\n\t\t\t<\/div>\n\n<p>&nbsp;<\/p>\n<hr \/>\n<p>&nbsp;<\/p>\n<blockquote>\n<h3>LUXOTTICA: TAMPONI PER TUTTI DIPENDENTI E FAMILIARI. l&#8217;INVITO CONTINUA<\/h3>\n<\/blockquote>\n<p><strong><img loading=\"lazy\" decoding=\"async\" class=\"alignleft\" src=\"https:\/\/www.radiopiu.net\/wordpress\/wp-content\/uploads\/2020\/03\/NOVITA-LUXOTTICA.jpg\" width=\"230\" height=\"129\" \/>AGORDO<\/strong> Luxottica ha raggiunto gli organici della forza lavoro con un nuovo messaggio che invita a sottoporsi al tampone, invito esteso ai familiari dei dipendenti. Prenotazioni attraverso il portale, il tampone per i dipendenti sar\u00e0 effettuato come sempre presso l\u2019infermeria dello st abilimento. Se\u00a0 il dipendente \u00e8 interessato\u00a0 o se riceve l\u2019SMS che\u00a0 comunica che \u00e8 stato individuato per effettuare il tampone in azienda, lo pu\u00f2\u00a0 prenotarel (test diagnostico) sempre on line.\u00a0Fino al 20 dicembre si potranno prenotare nello stesso modo il tampone anche per familiari conviventi con la possibilit\u00e0 di prenotare il tampone per il dipendente e familiari nello stesso luogo e orario. La comunicazione dell\u2019esito del test da parte dell\u2019Universit\u00e0 di Padova sar\u00e0 trasmessa all\u2019indirizzo e-mail indicato sulla piattaforma di prenotazione entro 3 giorni lavorativi, anche in caso di accertata negativit\u00e0. Dove verranno effettuati i tamponi?\u00a0 Ex Centro One Sight \u2013 Via Valcozzena. Con quali orari? martedi e venerdi\u00a0 15-19; sabato e domenica dalle 9 alle 18. Non saranno effettuati tamponi senza prenotazione. Immancabile l&#8217;appello Luxottica: <em>&#8220;L\u2019eventuale negativit\u00e0 non significa assenza di rischio: \u00e8 importante rispettare sempre il distanziamento sociale, indossare la mascherina e lavarsi con cura le mani sempre&#8221;.<\/em><\/p>\n<p>&nbsp;<\/p>\n<hr \/>\n<h2><\/h2>\n<blockquote>\n<h3>GARA DEL GAS: IL TAR DEL VENETO RESPINGE IL RICORSO DI 42 COMUNI DELLA PROVINCIA<\/h3>\n<\/blockquote>\n<p>&nbsp;<\/p>\n<p><strong><a href=\"https:\/\/www.radiopiu.net\/wordpress\/gara-dappalto-per-la-distribuzione-del-gas-se-ne-riparlera-ad-ottobre\/fiamma-gas\/\" rel=\"attachment wp-att-150271\"><img loading=\"lazy\" decoding=\"async\" class=\" wp-image-150271 alignleft\" src=\"https:\/\/www.radiopiu.net\/wordpress\/wp-content\/uploads\/2020\/07\/FIAMMA-GAS-300x225.jpg\" alt=\"\" width=\"195\" height=\"146\" srcset=\"https:\/\/www.radiopiu.net\/wordpress\/wp-content\/uploads\/2020\/07\/FIAMMA-GAS-300x225.jpg 300w, https:\/\/www.radiopiu.net\/wordpress\/wp-content\/uploads\/2020\/07\/FIAMMA-GAS-1024x768.jpg 1024w, https:\/\/www.radiopiu.net\/wordpress\/wp-content\/uploads\/2020\/07\/FIAMMA-GAS-768x576.jpg 768w, https:\/\/www.radiopiu.net\/wordpress\/wp-content\/uploads\/2020\/07\/FIAMMA-GAS-1536x1152.jpg 1536w, https:\/\/www.radiopiu.net\/wordpress\/wp-content\/uploads\/2020\/07\/FIAMMA-GAS.jpg 1920w\" sizes=\"auto, (max-width: 195px) 100vw, 195px\" \/><\/a> <\/strong><\/p>\n<p><strong>\u00a0<\/strong><\/p>\n<p><strong>\u00a0<\/strong><\/p>\n<p><strong>\u00a0<\/strong><\/p>\n<p><strong>BELLUNO<\/strong><\/p>\n<p><strong>MORENO GIOLI\u00a0<\/strong><\/p>\n<audio class=\"wp-audio-shortcode\" id=\"audio-177938-12\" preload=\"none\" style=\"width: 100%;\" controls=\"controls\"><source type=\"audio\/mpeg\" src=\"https:\/\/www.radiopiu.net\/wordpress\/wp-content\/uploads\/2020\/12\/GIOLI-GAS.mp3?_=12\" \/><a href=\"https:\/\/www.radiopiu.net\/wordpress\/wp-content\/uploads\/2020\/12\/GIOLI-GAS.mp3\">https:\/\/www.radiopiu.net\/wordpress\/wp-content\/uploads\/2020\/12\/GIOLI-GAS.mp3<\/a><\/audio>\n<p>&nbsp;<\/p>\n<hr \/>\n<p>&nbsp;<\/p>\n<blockquote>\n<h3>\u00a0 AUTO ELETTRICHE: LE COLONNINE DI RICARICA A SEDICO. IL COMUNE VARA LA DELIBERA PER DUE STALLI<\/h3>\n<\/blockquote>\n<p>&nbsp;<\/p>\n<p><strong><a href=\"https:\/\/www.radiopiu.net\/wordpress\/giornale-radiopiu-31-ottobre-2019-direttore-mirko-mezzacasa\/auto-elettrica-in-ricarica\/\" rel=\"attachment wp-att-104567\"><img loading=\"lazy\" decoding=\"async\" class=\"wp-image-104567 alignleft\" src=\"https:\/\/www.radiopiu.net\/wordpress\/wp-content\/uploads\/2019\/10\/Auto-elettriche-1_bassa-300x200.jpg\" alt=\"\" width=\"216\" height=\"144\" srcset=\"https:\/\/www.radiopiu.net\/wordpress\/wp-content\/uploads\/2019\/10\/Auto-elettriche-1_bassa-300x200.jpg 300w, https:\/\/www.radiopiu.net\/wordpress\/wp-content\/uploads\/2019\/10\/Auto-elettriche-1_bassa-768x512.jpg 768w, https:\/\/www.radiopiu.net\/wordpress\/wp-content\/uploads\/2019\/10\/Auto-elettriche-1_bassa.jpg 922w\" sizes=\"auto, (max-width: 216px) 100vw, 216px\" \/><\/a>SEDICO\u00a0<\/strong><\/p>\n<p><strong>DAMIANO TORMEN\u00a0<\/strong><\/p>\n<audio class=\"wp-audio-shortcode\" id=\"audio-177938-13\" preload=\"none\" style=\"width: 100%;\" controls=\"controls\"><source type=\"audio\/mpeg\" src=\"https:\/\/www.radiopiu.net\/wordpress\/wp-content\/uploads\/2020\/12\/damiano-sedico.mp3?_=13\" \/><a href=\"https:\/\/www.radiopiu.net\/wordpress\/wp-content\/uploads\/2020\/12\/damiano-sedico.mp3\">https:\/\/www.radiopiu.net\/wordpress\/wp-content\/uploads\/2020\/12\/damiano-sedico.mp3<\/a><\/audio>\n<p>&nbsp;<\/p>\n<hr \/>\n<p>&nbsp;<\/p>\n<blockquote>\n<h2>DI COVID MUORE UN RICOVERATO SU DUE IN TERAPIA INTENSIVA, VENGONO INTUBATI ANCHE 40ENNI<\/h2>\n<\/blockquote>\n<p>&nbsp;<\/p>\n<div class=\"kvgmc6g5 cxmmr5t8 oygrvhab hcukyx3x c1et5uql ii04i59q\">\n<div dir=\"auto\">I dati forniti dal dottor Paolo Rosi, coordinatore dell&#8217;Unit\u00e0 di crisi Covid-19 del Veneto: \u00a0Ogni giorno 20\/25 persone entrano in terapia Intensiva \u00a0Ogni 200 positivi, 1 entra in TI. Con 3.600 nuovi positivi al giorno, almeno 14 verranno ricoverati in TI entro i prossimi 10 giorni \u00a0A novembre, \u00e8 sopravvissuto alla TI solo il 50% degli ingressi dopo 20 giorni di ricovero \u00a0Solo il 50% dei ricoveri ha oltre 70 anni; in TI ci sono 40enni e 50enni.<\/div>\n<div dir=\"auto\">\n<p><a href=\"https:\/\/www.facebook.com\/zaiaufficiale\/videos\/699335440723972\">https:\/\/www.facebook.com\/zaiaufficiale\/videos\/699335440723972<\/a><\/p>\n<p>&nbsp;<\/p>\n<hr \/>\n<\/div>\n<\/div>\n<p>&nbsp;<\/p>\n<blockquote>\n<h3>COVID 19, GRUPPO PD: \u201cIN VENETO NUMERO DI POSITIVI SU TAMPONI FATTI \u00c8 OLTRE IL DOPPIO DELLA MEDIA NAZIONALE. ANZICH\u00c9 POLEMIZZARE PER LE PISTE DA SCI O IL NATALE, SI TUTELINO LE PERSONE\u201d<\/h3>\n<\/blockquote>\n<p><strong><a href=\"https:\/\/www.radiopiu.net\/wordpress\/giornale-radiopiu-del-29-novembre-2018-direttore-mirko-mezzacasa\/pd\/\" rel=\"attachment wp-att-67744\"><img loading=\"lazy\" decoding=\"async\" class=\"size-full wp-image-67744 alignleft\" src=\"https:\/\/www.radiopiu.net\/wordpress\/wp-content\/uploads\/2018\/11\/PD.png\" alt=\"\" width=\"226\" height=\"182\" \/><\/a>VENEZIA<\/strong> \u201c<em>In Veneto abbiamo un numero di positivi in rapporto ai tamponi fatti che \u00e8 oltre il doppio rispetto alla media nazionale e l\u2019Rt \u00e8 il pi\u00f9 alto d\u2019Italia. Zaia anzich\u00e9 polemizzare per le piste da sci o per il divieto di spostamento tra Comuni a Natale e Capodanno pensi a tutelare le persone, soprattutto quelle pi\u00f9 fragili, anche a costo di essere impopolare. Se vogliamo passare un buon Natale sono necessarie maggiori restrizioni, non appelli generici a evitare assembramenti<\/em>\u201d.\u00a0A chiederlo Anna Maria Bigon, consigliera regionale del Partito Democratico e vicepresidente a Palazzo Ferro Fini della commissione Sanit\u00e0, insieme ai colleghi Giacomo Possamai, Vanessa Camani, Jonatan Montanariello, Andrea Zanoni e Francesca Zottis e al gruppo regionale Sanit\u00e0 del PD, analizzando l\u2019elaborazione della Fondazione Gimbe sui dati del ministero della Salute, da cui emerge come nella settimana tra il 25 novembre e il 2 dicembre il rapporto tra positivi e casi testati sia in Veneto del 66,8% contro una media nazionale del 25,1%.<\/p>\n<p>&nbsp;<\/p>\n<p>&nbsp;<\/p>\n<hr \/>\n<p>&nbsp;<\/p>\n<blockquote>\n<h3>DAL 7 AL 13 DICEMBRE L&#8217;OPERAZIONE ROADPOL CONTRO ALCOL E DROGHE<\/h3>\n<\/blockquote>\n<p><strong><a href=\"https:\/\/www.radiopiu.net\/wordpress\/polizia-1\/\" rel=\"attachment wp-att-60258\"><img loading=\"lazy\" decoding=\"async\" class=\"size-medium wp-image-60258 alignleft\" src=\"https:\/\/www.radiopiu.net\/wordpress\/wp-content\/uploads\/2018\/09\/POLIZIA-1-300x225.jpg\" alt=\"\" width=\"300\" height=\"225\" srcset=\"https:\/\/www.radiopiu.net\/wordpress\/wp-content\/uploads\/2018\/09\/POLIZIA-1-300x225.jpg 300w, https:\/\/www.radiopiu.net\/wordpress\/wp-content\/uploads\/2018\/09\/POLIZIA-1-768x576.jpg 768w, https:\/\/www.radiopiu.net\/wordpress\/wp-content\/uploads\/2018\/09\/POLIZIA-1-1024x768.jpg 1024w, https:\/\/www.radiopiu.net\/wordpress\/wp-content\/uploads\/2018\/09\/POLIZIA-1.jpg 1600w\" sizes=\"auto, (max-width: 300px) 100vw, 300px\" \/><\/a>BELLUNO\u00a0<\/strong>ROADPOL &#8211; European Roads Policing Network &#8211; ha programmato nel periodo dal 7 al 13\u00a0 \u00a0dicembre\u00a0\u00a0 \u00a02020\u00a0 \u00a0l&#8217;effettuazione\u00a0\u00a0 \u00a0della\u00a0 \u00a0Campagna\u00a0\u00a0 \u00a0Europea\u00a0 \u00a0congiunta\u00a0 \u00a0denominata &#8220;ALCOHOL &amp; DRUGS&#8221;\u00a0ROADPOL e una rete di cooperazione tra le Polizie Stradali, nata sotto l&#8217;egida dell&#8217;Unione Europea, alla quale aderiscono tutti i Paesi Membri, tranne la Grecia e la Slovacchia, oltre alla Svizzera, la Serbia, la Turchia ed in qualit\u00e0 di osservatore la Polizia dell&#8217;Emirato di Dubai (Emirati Arabi Uniti). L&#8217;Italia rappresentata dal Servizio Polizia Stradale del Ministero dell&#8217;Interno, ricopre la Presidenza onoraria. L&#8217;Organizzazione sviluppa una cooperazione operativa tra le Polizie Stradali europee, con l&#8217;obiettivo di ridurre il numero di vittime della strada e degli incidenti stradali in adesione al Piano d&#8217;Azione Europeo 2011-2020. Tale attivit\u00e0 si sviluppa attraverso operazioni internazionali congiunte di contrasto delle violazioni e campagne &#8220;tematiche&#8221; in tutto i1 Continente, all&#8217;interno di specifiche aree strategiche. L&#8217;obiettivo ultimo \u00e8 quello di elevare gli standard di sicurezza stradale, armonizzando l&#8217;attivit\u00e0 di prevenzione, informazione e controllo, anche attraverso campagne di comunicazione e operazioni congiunte i cui risultati vengono poi monitorati dal Gruppo Operative ROADPOL.\u00a0Lo scopo della campagna &#8221;ALCOHOL &amp; DRUGS&#8221; e di effettuare controlli per l&#8217;accertamento della guida in stato di ebbrezza. A tal fine la Polizia Stradale ha predisposto, sull&#8217;intero territorio nazionale, l&#8217;effettuazione, per tutto il periodo in questione di mirati controlli con precursori ed etilometri, con particolare attenzione anche ai conducenti di veicoli pesanti e commerciali.<\/p>\n<p>&nbsp;<\/p>\n<p>&nbsp;<\/p>\n<hr \/>\n<p>&nbsp;<\/p>\n<blockquote>\n<h3>AUMENTARE I FONDI PER LE EMERGENZE MALTEMPO, LO CHIEDONO I DEPUTATI DEL PD<\/h3>\n<\/blockquote>\n<p><strong><a href=\"https:\/\/www.radiopiu.net\/wordpress\/pompieri-volontari-agordino-forza-e-orgoglio-del-territorio\/129387528_1062388834189197_8704834435335957792_n\/\" rel=\"attachment wp-att-177688\"><img loading=\"lazy\" decoding=\"async\" class=\" wp-image-177688 alignleft\" src=\"https:\/\/www.radiopiu.net\/wordpress\/wp-content\/uploads\/2020\/12\/129387528_1062388834189197_8704834435335957792_n-225x300.jpg\" alt=\"\" width=\"142\" height=\"189\" srcset=\"https:\/\/www.radiopiu.net\/wordpress\/wp-content\/uploads\/2020\/12\/129387528_1062388834189197_8704834435335957792_n-225x300.jpg 225w, https:\/\/www.radiopiu.net\/wordpress\/wp-content\/uploads\/2020\/12\/129387528_1062388834189197_8704834435335957792_n.jpg 450w\" sizes=\"auto, (max-width: 142px) 100vw, 142px\" \/><\/a>ROMA<\/strong> <em>&#8220;Piena solidariet\u00e0 alle persone delle zone devastate da questa ennesima ondata di eccezionale maltempo che ha colpito il Veneto\u00bb<\/em>. La esprimono i deputati veneti del Partito democratico e Roger De Menech. <em>\u00abAlla Camera abbiamo appena presentato un emendamento alla legge di bilancio del 2021 per chiedere nuovi finanziamenti per i lavori di ricostruzione e sviluppo delle zone alluvionate dagli ultimi eventi come da quelli che hanno sferzato la regione ad agosto\u00bb, affermano i due deputati. \u00abDal governo dovrebbe arrivare una risposta positiva. Inoltre stiamo sollecitando una decisa semplificazione burocratica per le opere di contrasto al dissesto idrico e geologico. Solo cos\u00ec sar\u00e0 realistico accelerare le gare di appalto e l\u2019assegnazione dei lavori. I rappresentanti dei cittadini stanno facendo tutto quanto nelle loro disponibilit\u00e0 per fronteggiare l\u2019emergenza. Gli apparati burocratici devono fare altrettanto\u00bb. <\/em>Il maltempo nelle aree montane genera frane e smottamenti con un impatto sulla sicurezza di strade a centri abitati. Ad agosto le colate di fango e alcune trombe d\u2019aria hanno danneggiamento alcune abitazioni e scoperchiato decine di tetti nel Bellunese.<\/p>\n<p>&nbsp;<\/p>\n<p>&nbsp;<\/p>\n<hr \/>\n<p>&nbsp;<\/p>\n<blockquote>\n<h3>GIOVANI INDUSTRIALI BELLUNESI A \u201cLEZIONE\u201d DA RICCARDO DONADON, ANIMA DI H-FARM<\/h3>\n<\/blockquote>\n<p><strong>BELLUNO<\/strong> Sar\u00e0 Riccardo Donadon, anima di H-Farm il pi\u00f9 grande polo d\u2019innovazione d\u2019Europa, il protagonista del nuovo appuntamento targato AperiCeo, l\u2019iniziativa promossa dal Gruppo Giovani Industriali di Confindustria Belluno Dolomiti per far incontrare i giovani imprenditori e manager del territorio con i numeri uno dell\u2019economia e dell\u2019innovazione a livello nazionale e internazionale. L\u2019appuntamento, rigorosamente on-line, \u00e8 fissato per le 18 di mercoled\u00ec 9 dicembre 2020 con iscrizione gratuita su eventbrite. L\u2019ultimo progetto di Donadon \u2013 inaugurato lo scorso settembre a Roncade nel Trevigiano &#8211; si chiama H-FARM Campus ed \u00e8 il pi\u00f9 grande polo di innovazione in Europa, su una superficie di oltre 51 ettari, in grado di ospitare pi\u00f9 di 3 mila persone, di cui 2000 studenti, dotato di impianti sportivi, spazi per eventi, edifici dedicati alla formazione, aree dedicate alla ristorazione, una grande biblioteca e una conference hall aperta al pubblico e firmata dall&#8217;architetto Richard Rogers. <em>\u201cQuella di Donadon \u00e8 una storia importante, da condividere\u201d, afferma Marco Da Rin Zanco, presidente del Gruppo Giovani Industriali di Confindustria Belluno Dolomiti. \u201cH-Farm \u00e8 un\u2019eccellenza mondiale nata in Veneto ma che dialoga con i principali interlocutori internazionali: un modello di riferimento per le grandi come per le piccole imprese, la dimostrazione che si pu\u00f2 essere ancorati al territorio pur guardando lontano, come peraltro buona parte delle nostre aziende bellunesi\u201d.<\/em><\/p>\n<p>&nbsp;<\/p>\n<p>&nbsp;<\/p>\n<hr \/>\n<p>&nbsp;<\/p>\n<blockquote>\n<h3>A NOVEMBRE PERSI IN VENETO 2.350 POSTI DI LAVORO, 37.000 COMPLESSIVI NEL 2020.<\/h3>\n<\/blockquote>\n<p><strong><a href=\"https:\/\/www.radiopiu.net\/wordpress\/crollate-le-ore-lavorate-oltre-2-miliardi-in-meno-quasi-tutte-hanno-interessato-gli-autonomi\/triste-uomo-d-affari-licenziato-dal-suo-lavoro-d-ufficio_100800-237\/\" rel=\"attachment wp-att-113539\"><img loading=\"lazy\" decoding=\"async\" class=\" wp-image-113539 alignleft\" src=\"https:\/\/www.radiopiu.net\/wordpress\/wp-content\/uploads\/2020\/01\/triste-uomo-d-affari-licenziato-dal-suo-lavoro-d-ufficio_100800-237-300x200.jpg\" alt=\"\" width=\"251\" height=\"167\" srcset=\"https:\/\/www.radiopiu.net\/wordpress\/wp-content\/uploads\/2020\/01\/triste-uomo-d-affari-licenziato-dal-suo-lavoro-d-ufficio_100800-237-300x200.jpg 300w, https:\/\/www.radiopiu.net\/wordpress\/wp-content\/uploads\/2020\/01\/triste-uomo-d-affari-licenziato-dal-suo-lavoro-d-ufficio_100800-237.jpg 626w\" sizes=\"auto, (max-width: 251px) 100vw, 251px\" \/><\/a>VENEZIA<\/strong> <em>\u201cNell\u2019ambito di un mercato del lavoro ancora stagnante nel mese di novembre, l\u2019aggravarsi della situazione pandemica e l\u2019adozione di nuove misure restrittive, che andranno ad incidere inevitabilmente su una stagione turistica invernale ormai gi\u00e0 compromessa, prefigurano il rischio di una nuova fase negativa sul fronte economico e occupazionale per il Veneto. Un rischio che non possiamo permetterci\u201d.\u00a0 <\/em>Cos\u00ec l\u2019Assessore regionale al lavoro Elena Donazzan commenta i nuovi dati della Bussola di Veneto Lavoro relativi all\u2019andamento del mercato del lavoro in regione.\u00a0 \u00a0 A novembre il saldo dei posti di lavoro dipendente \u00e8 negativo (-2.350), ma in linea con quello dello scorso anno (-2.648) e frutto di 31.791 assunzioni (-22%) e 34.135 cessazioni (-21%). Il bilancio occupazionale dell\u2019intero 2020 risulta, invece, positivo per 20.180 posizioni lavorative, seppure di molto inferiore rispetto a quello registrato nel 2019 (+50.966). Dal confronto tra i due saldi deriva la stima della perdita occupazionale complessiva determinata dalla pandemia da Covid-19, che tra mancate assunzioni e rapporti di lavoro cessati ammonta, dunque, a circa 37.000 posti di lavoro. Il turismo rimane il settore pi\u00f9 colpito, nel quale si concentra il 39% della perdita occupazionale complessiva, pari a circa 14.000 posizioni di lavoro. Perdite significative, nell\u2019arco del 2020, si registrano anche nel metalmeccanico (-5.000), nella logistica (-3.300), nel commercio all\u2019ingrosso (-2.200) e al dettaglio (-2.100) e nell\u2019occhialeria (-1.400). A novembre, per effetto degli andamenti stagionali, chiudono in terreno particolarmente negativo l\u2019agricoltura (-1.700) e i servizi turistici (-3.200). Sul fronte delle assunzioni, che consentono di descrivere pi\u00f9 fedelmente gli effetti della pandemia, i settori pi\u00f9 colpiti nel corso del 2020 risultano l\u2019occhialeria (-63%), la concia (-39%) e, ancora, il turismo (-43%). Picco di assunzioni a novembre nel settore editoria-cultura a Venezia, per la gran parte riconducibili alle riprese cinematografiche che si stanno svolgendo in citt\u00e0 e che hanno richiesto l\u2019impiego, seppure per periodi di tempo limitati, di numerose comparse. Tutte le province mostrano nell\u2019ultimo mese un sensibile calo delle assunzioni, in particolare Belluno (-40%), sulla quale pesano le difficolt\u00e0 legate alla stagione turistica invernale, e Verona (28%), mentre le riduzioni pi\u00f9 contenute si registrano a Rovigo (-11%) e Venezia (-16%), che rimane tuttavia il territorio pi\u00f9 colpito nell\u2019arco di tutto l\u2019anno.<\/p>\n<p>&nbsp;<\/p>\n<p>&nbsp;<\/p>\n<hr \/>\n<p>&nbsp;<\/p>\n<blockquote>\n<h3>\u201cUNA FOTOGRAFIA PER CAMBIARE IL DOMANI\u201d: CONVEGNO ANTI-SPOPOLAMENTO ORGANIZZATO DAL FONDO WELFARE<\/h3>\n<\/blockquote>\n<p><strong><a href=\"https:\/\/www.radiopiu.net\/wordpress\/giornale-radiopiu-09-dicembre-2020-direttore-mirko-mezzacasa\/schermata-2020-12-08-alle-16-09-43\/\" rel=\"attachment wp-att-178096\"><img loading=\"lazy\" decoding=\"async\" class=\"size-medium wp-image-178096 alignleft\" src=\"https:\/\/www.radiopiu.net\/wordpress\/wp-content\/uploads\/2020\/12\/Schermata-2020-12-08-alle-16.09.43-300x182.png\" alt=\"\" width=\"300\" height=\"182\" srcset=\"https:\/\/www.radiopiu.net\/wordpress\/wp-content\/uploads\/2020\/12\/Schermata-2020-12-08-alle-16.09.43-300x182.png 300w, https:\/\/www.radiopiu.net\/wordpress\/wp-content\/uploads\/2020\/12\/Schermata-2020-12-08-alle-16.09.43-1024x622.png 1024w, https:\/\/www.radiopiu.net\/wordpress\/wp-content\/uploads\/2020\/12\/Schermata-2020-12-08-alle-16.09.43-768x466.png 768w, https:\/\/www.radiopiu.net\/wordpress\/wp-content\/uploads\/2020\/12\/Schermata-2020-12-08-alle-16.09.43.png 1258w\" sizes=\"auto, (max-width: 300px) 100vw, 300px\" \/><\/a>BELLUNO<\/strong>\u00a0Continua l\u2019impegno anti-spopolamento del Fondo Welfare e Identit\u00e0 territoriale. Proprio in questi giorni verranno lanciati due nuovi progetti, partendo dai dati del questionario proposto qualche mese fa. Il primo riguarda uno sportello dedicato al rientro dei giovani dall\u2019estero; il secondo invece la promozione del servizio civile regionale sul territorio. Per parlare di queste progettualit\u00e0, ma anche dell\u2019aggiornamento sui problemi demografici della montagna bellunese, il Fondo organizza un convegno, dal titolo \u201cUna fotografia per cambiare il domani\u201d. L\u2019appuntamento \u00e8 per venerd\u00ec prossimo (11 dicembre) dalle 15 alle 17, e potr\u00e0 essere seguito in diretta streaming sulla piattaforma dedicata, direttamente dal sito www.welfaredolomiti.it. Dopo i saluti di rito della Provincia e della diocesi, con partecipazione del vescovo Marangoni, verr\u00e0 tracciato un quadro aggiornato dello spopolamento, con il segretario regionale dello Spi Cgil Renato Bressan. \u00ab<em>A partire dai dati, parleremo delle prospettive che si delineano per il nostro territorio &#8211; spiega la presidente del Fondo Welfare, Francesca De Biasi -. La prospettiva dei lavoratori, con Rudy Roffar\u00e8 della Cisl; la prospettiva delle imprese, con Andrea Ferrazzi di Confindustria; e la prospettiva dei Comuni, con il sindaco di Val di Zoldo, Camillo De Pellegrin. Illustreremo anche i dati del questionario sull\u2019attaccamento al territorio e sull\u2019identit\u00e0 territoriale, grazie alla lectio magistralis del professor Gino Mazzoli, sociologo all\u2019Universit\u00e0 Sacro Cuore di Milano. Insomma, metteremo sotto la lente non solo il problema annoso del Bellunese, ma anche le prospettive per risolverlo<\/em>\u00bb. Infine, verranno lanciati i due progetti del crowdfunding, legati al lavoro dei giovani. \u00ab<em>Con Bellunesi nel Mondo abbiamo ideato uno sportello per agevolare il rientro dei giovani dall\u2019estero, attraverso l\u2019incrocio di domanda e offerta con le aziende del territorio &#8211; prosegue De Biasi -. Con il Comitato d\u2019Intesa, invece, abbiamo intenzione di allargare la platea dei destinatari di servizio civile. Oggi uno dei problemi principali per cui i giovani se ne vanno \u00e8 quello del lavoro. Crediamo che intervenendo in questo campo, possiamo cominciare a invertire la rotta dello spopolamento<\/em>\u00bb.<\/p>\n<p>&nbsp;<\/p>\n<p>&nbsp;<\/p>\n<hr \/>\n<p>&nbsp;<\/p>\n<p>&nbsp;<\/p>\n<p>&nbsp;<\/p>\n<div class=\"im_message_wrap clearfix\">\n<div class=\"im_content_message_wrap im_message_out\">\n<hr \/>\n<p>&nbsp;<\/p>\n<blockquote>\n<h3>CONVEGNO SU \u201cIL FONDO WELFARE DOLOMITI: UNA FOTOGRAFIA PER CAMBIARE IL DOMANI<\/h3>\n<\/blockquote>\n<h3>di RENATO BONA<\/h3>\n<p><strong>BELLUNO<\/strong> E\u2019 in programma venerd\u00ec 11 dalle 15 alle 17 con possibilit\u00e0 di seguire telematicamente le relazioni accedendo al link: <span role=\"gridcell\"><a class=\"oajrlxb2 g5ia77u1 qu0x051f esr5mh6w e9989ue4 r7d6kgcz rq0escxv nhd2j8a9 nc684nl6 p7hjln8o kvgmc6g5 cxmmr5t8 oygrvhab hcukyx3x jb3vyjys rz4wbd8a qt6c0cv9 a8nywdso i1ao9s8h oo483o9r f1sip0of lzcic4wl oo9gr5id gpro0wi8\" tabindex=\"0\" role=\"link\" href=\"https:\/\/bit.ly\/evento-welfare-dolomiti?fbclid=IwAR25ZESNeO7Z8pns5uxKt7ZtHZdqZYI8qGPSeCFdPqmrEvRgO_frfEBMgs8\" target=\"_blank\" rel=\"nofollow noopener noreferrer\">https:\/\/bit.ly\/evento-welfare-dolomiti<\/a><\/span>! \u201d Nato poco pi\u00f9 di due anni fa, ottobre 2018, Il fondo Welfare Dolomiti intende affrontare un problema, quello dello spopolamento, fenomeno sempre pi\u00f9 vistoso ed allarmante sul territorio bellunese, \u201cche nessuna realt\u00e0, pubblica o privata, pu\u00f2 risolvere da sola\u201d come si pu\u00f2 leggere nel sito chiesabellunofeltre che annuncia per venerd\u00ec 11, dalle 15 alle 17, un convegno telematico sul tema: \u201cIl fondo Welfare Dolomiti: una fotografia per cambiare il domani\u201d. Sottolineando che \u201cL\u2019isolamento comportato dallo spopolamento \u00e8 un dramma per molte famiglie, un freno per la nostra economia e un ostacolo per le politiche di Welfare messe in atto dalle istituzioni. Il fondo ha lo scopo di unire tutte le principali realt\u00e0 del territorio per la prima volta verso un unico scopo: ripopolare la nostra montagna riducendo l\u2019isolamento e i problemi ad esso correlato delle persone che la abitano\u201d. Ricorda quindi che fu l\u2019Amministrazione provinciale, accogliendo la proposta delle organizzazioni sindacali, a promuovere il Fondo che ha poi incluso oltre ai sindacati le categorie economiche, la Diocesi di Belluno-Feltre, le associazioni di volontariato del Comitato d\u2019Intesa e ricreative della Aics oltre al mondo della scuola con \u201cScuole in rete\u201d. Il bilancio pi\u00f9 recente evidenzia che si \u00e8 intervenuti in favore di centinaia di famiglie purtroppo coinvolte prima nell\u2019emergenza Vaia ed attualmente dalla pandemia del Corona virus 19 e con questa consapevolezza ha varato iniziative culturali come il questionario sugli \u201corientamenti abitativi e l\u2019identit\u00e0 territoriale dei bellunesi\u201d problema che sar\u00e0 al centro del convegno, e proposto le \u201cGiornate del welfare Dolomiti\u201d. Ma: \u201cNon bastano le idee di pochi n\u00e9 il finanziamento di singole realt\u00e0, pubbliche o private. Servono le idee e il sostegno dei bellunesi tutti perch\u00e9 questo progetto rappresenti veramente il desiderio di ripartire dell\u2019intera comunit\u00e0\u201d. Dunque \u2013 oltre alla sensibilizzazione sui temi dell\u2019abitare in montagna &#8211; le \u201cgiornate del welfare Dolomiti\u201d per lanciare una raccolta per due progetti: lo sportello crow e per il potenziamento del servizio civile, per puntare a far tornare a Belluno i giovani emigrati all\u2019estero per trovare un lavoro adatto alla loro professionalit\u00e0 e per dare la possibilit\u00e0 a 1000 giovani sotto i 30 anni di fare l\u2019esperienza umana e lavorativa nelle cooperative, associazioni e istituzioni della nostra provincia. Perch\u00e9 &#8211; \u00e8 la conclusione &#8211; \u201cInsieme, con le peculiarit\u00e0 di ciascuno, possiamo riscoprire la nostra identit\u00e0, per crescere come comunit\u00e0\u201d. Ed ecco il programma del convegno: video di presentazione quindi saluti del presidente della Provincia, Roberto Padrin, del vescovo monsignor Renato Marangoni poi Renato Bressan, segretario regionale Spi-Cgil su: \u201cI dati dello spopolamento\u201d; Francesca De Biasi, presidente del Fondo Welfare Dolomiti su: \u201cLa creazione del Fondo\u201d; Rudy Roffar\u00e8, referente Cisl di Belluno-Treviso su: \u201cLa prospettiva dei lavoratori\u201d; Andrea Ferrazzi, direttore di Confindustria su: \u201cLa prospettiva delle imprese\u201d; Camillo de Pellegrin, sindaco Val di Zoldo su: \u201cLa prospettiva dei Comuni\u201d. Si affronter\u00e0 poi il Questionario sull\u2019attaccamento al territorio e l\u2019identit\u00e0 territoriale, con De Biasi che esporr\u00e0 tutti i dati; a seguire: lettura magistrale del prof. Gino Mazzoli, sociologo dell\u2019Universit\u00e0 del Sacro cuore di Milano; poi i due \u201cProgetti del crowfunding\u201d con Marco Crepaz ed Oscar De Bona, direttore e presidente di Bellunesi nel mondo che relazioneranno sullo Sportello crow; chiuderanno Gianluca Corsetti, presidente del Comitato d\u2019Intesa, su \u201cIl servizio civile\u201d; ed Andrea Raveane, della Comunit\u00e0 montana feltrina.<\/p>\n\n\t\t\t<style type='text\/css'>\n\t\t\t\t#gallery-9 {\n\t\t\t\t\tmargin: auto;\n\t\t\t\t}\n\t\t\t\t#gallery-9 .gallery-item {\n\t\t\t\t\tfloat: left;\n\t\t\t\t\tmargin-top: 10px;\n\t\t\t\t\ttext-align: center;\n\t\t\t\t\twidth: 14%;\n\t\t\t\t}\n\t\t\t\t#gallery-9 img {\n\t\t\t\t\tborder: 2px solid #cfcfcf;\n\t\t\t\t}\n\t\t\t\t#gallery-9 .gallery-caption {\n\t\t\t\t\tmargin-left: 0;\n\t\t\t\t}\n\t\t\t\t\/* see gallery_shortcode() in wp-includes\/media.php *\/\n\t\t\t<\/style>\n\t\t<div id='gallery-9' class='dt-gallery-container gallery galleryid-177938 gallery-columns-7 gallery-size-thumbnail'><dl class='gallery-item'>\n\t\t\t\t<dt class='gallery-icon landscape'>\n\t\t\t\t\t<a class=\"rollover rollover-zoom dt-pswp-item\" title=\"130803357_374168143872696_4470282472577060327_n\" data-dt-img-description=\"\" data-large_image_width=\"777\" data-large_image_height=\"425\"href='https:\/\/www.radiopiu.net\/wordpress\/wp-content\/uploads\/2020\/12\/130803357_374168143872696_4470282472577060327_n.jpg'><img loading=\"lazy\" decoding=\"async\" width=\"150\" height=\"150\" src=\"https:\/\/www.radiopiu.net\/wordpress\/wp-content\/uploads\/2020\/12\/130803357_374168143872696_4470282472577060327_n-150x150.jpg\" class=\"attachment-thumbnail size-thumbnail\" alt=\"\" \/><\/a>\n\t\t\t\t<\/dt><\/dl><dl class='gallery-item'>\n\t\t\t\t<dt class='gallery-icon portrait'>\n\t\t\t\t\t<a class=\"rollover rollover-zoom dt-pswp-item\" title=\"130810458_222109962866080_8745063294965262536_n\" data-dt-img-description=\"\" data-large_image_width=\"171\" data-large_image_height=\"207\"href='https:\/\/www.radiopiu.net\/wordpress\/wp-content\/uploads\/2020\/12\/130810458_222109962866080_8745063294965262536_n.jpg'><img loading=\"lazy\" decoding=\"async\" width=\"150\" height=\"150\" src=\"https:\/\/www.radiopiu.net\/wordpress\/wp-content\/uploads\/2020\/12\/130810458_222109962866080_8745063294965262536_n-150x150.jpg\" class=\"attachment-thumbnail size-thumbnail\" alt=\"\" \/><\/a>\n\t\t\t\t<\/dt><\/dl><dl class='gallery-item'>\n\t\t\t\t<dt class='gallery-icon landscape'>\n\t\t\t\t\t<a class=\"rollover rollover-zoom dt-pswp-item\" title=\"130732311_199650068426586_5986853157266853490_n\" data-dt-img-description=\"\" data-large_image_width=\"194\" data-large_image_height=\"183\"href='https:\/\/www.radiopiu.net\/wordpress\/wp-content\/uploads\/2020\/12\/130732311_199650068426586_5986853157266853490_n.jpg'><img loading=\"lazy\" decoding=\"async\" width=\"150\" height=\"150\" src=\"https:\/\/www.radiopiu.net\/wordpress\/wp-content\/uploads\/2020\/12\/130732311_199650068426586_5986853157266853490_n-150x150.jpg\" class=\"attachment-thumbnail size-thumbnail\" alt=\"\" \/><\/a>\n\t\t\t\t<\/dt><\/dl><dl class='gallery-item'>\n\t\t\t\t<dt class='gallery-icon landscape'>\n\t\t\t\t\t<a class=\"rollover rollover-zoom dt-pswp-item\" title=\"130748727_133629898349386_428304522452888930_n\" data-dt-img-description=\"\" data-large_image_width=\"216\" data-large_image_height=\"167\"href='https:\/\/www.radiopiu.net\/wordpress\/wp-content\/uploads\/2020\/12\/130748727_133629898349386_428304522452888930_n.jpg'><img loading=\"lazy\" decoding=\"async\" width=\"150\" height=\"150\" src=\"https:\/\/www.radiopiu.net\/wordpress\/wp-content\/uploads\/2020\/12\/130748727_133629898349386_428304522452888930_n-150x150.jpg\" class=\"attachment-thumbnail size-thumbnail\" alt=\"\" \/><\/a>\n\t\t\t\t<\/dt><\/dl><dl class='gallery-item'>\n\t\t\t\t<dt class='gallery-icon landscape'>\n\t\t\t\t\t<a class=\"rollover rollover-zoom dt-pswp-item\" title=\"130783025_407724730469805_1014100685015006912_n\" data-dt-img-description=\"\" data-large_image_width=\"768\" data-large_image_height=\"642\"href='https:\/\/www.radiopiu.net\/wordpress\/wp-content\/uploads\/2020\/12\/130783025_407724730469805_1014100685015006912_n.jpg'><img loading=\"lazy\" decoding=\"async\" width=\"150\" height=\"150\" src=\"https:\/\/www.radiopiu.net\/wordpress\/wp-content\/uploads\/2020\/12\/130783025_407724730469805_1014100685015006912_n-150x150.jpg\" class=\"attachment-thumbnail size-thumbnail\" alt=\"\" \/><\/a>\n\t\t\t\t<\/dt><\/dl><dl class='gallery-item'>\n\t\t\t\t<dt class='gallery-icon landscape'>\n\t\t\t\t\t<a class=\"rollover rollover-zoom dt-pswp-item\" title=\"130752314_711423966460697_6150172530057790788_n\" data-dt-img-description=\"\" data-large_image_width=\"190\" data-large_image_height=\"189\"href='https:\/\/www.radiopiu.net\/wordpress\/wp-content\/uploads\/2020\/12\/130752314_711423966460697_6150172530057790788_n.jpg'><img loading=\"lazy\" decoding=\"async\" width=\"150\" height=\"150\" src=\"https:\/\/www.radiopiu.net\/wordpress\/wp-content\/uploads\/2020\/12\/130752314_711423966460697_6150172530057790788_n-150x150.jpg\" class=\"attachment-thumbnail size-thumbnail\" alt=\"\" srcset=\"https:\/\/www.radiopiu.net\/wordpress\/wp-content\/uploads\/2020\/12\/130752314_711423966460697_6150172530057790788_n-150x150.jpg 150w, https:\/\/www.radiopiu.net\/wordpress\/wp-content\/uploads\/2020\/12\/130752314_711423966460697_6150172530057790788_n.jpg 190w\" sizes=\"auto, (max-width: 150px) 100vw, 150px\" \/><\/a>\n\t\t\t\t<\/dt><\/dl><dl class='gallery-item'>\n\t\t\t\t<dt class='gallery-icon landscape'>\n\t\t\t\t\t<a class=\"rollover rollover-zoom dt-pswp-item\" title=\"130722523_817750722134003_1801503888183466811_n\" data-dt-img-description=\"\" data-large_image_width=\"208\" data-large_image_height=\"183\"href='https:\/\/www.radiopiu.net\/wordpress\/wp-content\/uploads\/2020\/12\/130722523_817750722134003_1801503888183466811_n.jpg'><img loading=\"lazy\" decoding=\"async\" width=\"150\" height=\"150\" src=\"https:\/\/www.radiopiu.net\/wordpress\/wp-content\/uploads\/2020\/12\/130722523_817750722134003_1801503888183466811_n-150x150.jpg\" class=\"attachment-thumbnail size-thumbnail\" alt=\"\" \/><\/a>\n\t\t\t\t<\/dt><\/dl><br style=\"clear: both\" \/><dl class='gallery-item'>\n\t\t\t\t<dt class='gallery-icon landscape'>\n\t\t\t\t\t<a class=\"rollover rollover-zoom dt-pswp-item\" title=\"130525778_1308541839492446_4080202889427961022_n\" data-dt-img-description=\"\" data-large_image_width=\"186\" data-large_image_height=\"176\"href='https:\/\/www.radiopiu.net\/wordpress\/wp-content\/uploads\/2020\/12\/130525778_1308541839492446_4080202889427961022_n.jpg'><img loading=\"lazy\" decoding=\"async\" width=\"150\" height=\"150\" src=\"https:\/\/www.radiopiu.net\/wordpress\/wp-content\/uploads\/2020\/12\/130525778_1308541839492446_4080202889427961022_n-150x150.jpg\" class=\"attachment-thumbnail size-thumbnail\" alt=\"\" \/><\/a>\n\t\t\t\t<\/dt><\/dl><dl class='gallery-item'>\n\t\t\t\t<dt class='gallery-icon portrait'>\n\t\t\t\t\t<a class=\"rollover rollover-zoom dt-pswp-item\" title=\"130793259_159049799282928_6046017651032505641_n\" data-dt-img-description=\"\" data-large_image_width=\"179\" data-large_image_height=\"182\"href='https:\/\/www.radiopiu.net\/wordpress\/wp-content\/uploads\/2020\/12\/130793259_159049799282928_6046017651032505641_n.jpg'><img loading=\"lazy\" decoding=\"async\" width=\"150\" height=\"150\" src=\"https:\/\/www.radiopiu.net\/wordpress\/wp-content\/uploads\/2020\/12\/130793259_159049799282928_6046017651032505641_n-150x150.jpg\" class=\"attachment-thumbnail size-thumbnail\" alt=\"\" \/><\/a>\n\t\t\t\t<\/dt><\/dl><dl class='gallery-item'>\n\t\t\t\t<dt class='gallery-icon portrait'>\n\t\t\t\t\t<a class=\"rollover rollover-zoom dt-pswp-item\" title=\"130783025_384641252600257_2590635410117194486_n\" data-dt-img-description=\"\" data-large_image_width=\"313\" data-large_image_height=\"349\"href='https:\/\/www.radiopiu.net\/wordpress\/wp-content\/uploads\/2020\/12\/130783025_384641252600257_2590635410117194486_n.jpg'><img loading=\"lazy\" decoding=\"async\" width=\"150\" height=\"150\" src=\"https:\/\/www.radiopiu.net\/wordpress\/wp-content\/uploads\/2020\/12\/130783025_384641252600257_2590635410117194486_n-150x150.jpg\" class=\"attachment-thumbnail size-thumbnail\" alt=\"\" \/><\/a>\n\t\t\t\t<\/dt><\/dl><dl class='gallery-item'>\n\t\t\t\t<dt class='gallery-icon landscape'>\n\t\t\t\t\t<a class=\"rollover rollover-zoom dt-pswp-item\" title=\"130483146_377335753569642_7756746242374522308_n\" data-dt-img-description=\"\" data-large_image_width=\"188\" data-large_image_height=\"181\"href='https:\/\/www.radiopiu.net\/wordpress\/wp-content\/uploads\/2020\/12\/130483146_377335753569642_7756746242374522308_n.jpg'><img loading=\"lazy\" decoding=\"async\" width=\"150\" height=\"150\" src=\"https:\/\/www.radiopiu.net\/wordpress\/wp-content\/uploads\/2020\/12\/130483146_377335753569642_7756746242374522308_n-150x150.jpg\" class=\"attachment-thumbnail size-thumbnail\" alt=\"\" \/><\/a>\n\t\t\t\t<\/dt><\/dl><dl class='gallery-item'>\n\t\t\t\t<dt class='gallery-icon portrait'>\n\t\t\t\t\t<a class=\"rollover rollover-zoom dt-pswp-item\" title=\"130452072_960844947775759_228395726578032420_n\" data-dt-img-description=\"\" data-large_image_width=\"171\" data-large_image_height=\"172\"href='https:\/\/www.radiopiu.net\/wordpress\/wp-content\/uploads\/2020\/12\/130452072_960844947775759_228395726578032420_n.jpg'><img loading=\"lazy\" decoding=\"async\" width=\"150\" height=\"150\" src=\"https:\/\/www.radiopiu.net\/wordpress\/wp-content\/uploads\/2020\/12\/130452072_960844947775759_228395726578032420_n-150x150.jpg\" class=\"attachment-thumbnail size-thumbnail\" alt=\"\" srcset=\"https:\/\/www.radiopiu.net\/wordpress\/wp-content\/uploads\/2020\/12\/130452072_960844947775759_228395726578032420_n-150x150.jpg 150w, https:\/\/www.radiopiu.net\/wordpress\/wp-content\/uploads\/2020\/12\/130452072_960844947775759_228395726578032420_n.jpg 171w\" sizes=\"auto, (max-width: 150px) 100vw, 150px\" \/><\/a>\n\t\t\t\t<\/dt><\/dl><dl class='gallery-item'>\n\t\t\t\t<dt class='gallery-icon portrait'>\n\t\t\t\t\t<a class=\"rollover rollover-zoom dt-pswp-item\" title=\"130719381_381436412962288_5708222361644984745_n\" data-dt-img-description=\"\" data-large_image_width=\"1189\" data-large_image_height=\"2048\"href='https:\/\/www.radiopiu.net\/wordpress\/wp-content\/uploads\/2020\/12\/130719381_381436412962288_5708222361644984745_n.jpg'><img loading=\"lazy\" decoding=\"async\" width=\"150\" height=\"150\" src=\"https:\/\/www.radiopiu.net\/wordpress\/wp-content\/uploads\/2020\/12\/130719381_381436412962288_5708222361644984745_n-150x150.jpg\" class=\"attachment-thumbnail size-thumbnail\" alt=\"\" \/><\/a>\n\t\t\t\t<\/dt><\/dl>\n\t\t\t\t<br style='clear: both' \/>\n\t\t\t<\/div>\n\n<p>NELLE FOTO (sito chiesabellunofeltre, Wikipedia, Google, Bellunesi nel Mondo, L&#8217;Amico del Popolo): il logo con l\u2019annuncio del Convegno; Roberto Padrin; monsignor Renato Marangoni; Renato Bressan; Francesca De Biasi; Rudy Roffar\u00e8; Andrea Ferrazzi; Camillo de Pellegrin; il prof. Gino Mazzoli; Marco Crepaz; Oscar De Bona; Gianluca Corsetti; Andrea Raveane.<\/p>\n<p>&nbsp;<\/p>\n<hr \/>\n<p>&nbsp;<\/p>\n<blockquote>\n<h3>FELTRE CELEBRA I 700 ANNI DALLA MORTE DI DANTE ALIGHIERI: PRESENTAZIONE DELL\u2019INIZIATIVA<\/h3>\n<\/blockquote>\n<p><strong><a href=\"https:\/\/www.radiopiu.net\/wordpress\/tassa-di-soggiorno-parla-lassessore-al-turismo-del-comune-di-feltre\/feltre-centro\/\" rel=\"attachment wp-att-124727\"><img loading=\"lazy\" decoding=\"async\" class=\"wp-image-124727 alignleft\" src=\"https:\/\/www.radiopiu.net\/wordpress\/wp-content\/uploads\/2020\/03\/FELTRE-CENTRO-300x238.jpg\" alt=\"\" width=\"146\" height=\"116\" srcset=\"https:\/\/www.radiopiu.net\/wordpress\/wp-content\/uploads\/2020\/03\/FELTRE-CENTRO-300x238.jpg 300w, https:\/\/www.radiopiu.net\/wordpress\/wp-content\/uploads\/2020\/03\/FELTRE-CENTRO-1024x812.jpg 1024w, https:\/\/www.radiopiu.net\/wordpress\/wp-content\/uploads\/2020\/03\/FELTRE-CENTRO-768x609.jpg 768w, https:\/\/www.radiopiu.net\/wordpress\/wp-content\/uploads\/2020\/03\/FELTRE-CENTRO.jpg 1092w\" sizes=\"auto, (max-width: 146px) 100vw, 146px\" \/><\/a>FELTRE <\/strong>Conferenza stampa on line, in programma oggi, sui 700 anni dalla morte di Dante Alighieri. Saranno presenti l\u2019assessore alla Cultura del Comune di Feltre Alessandro Del Bianco, l&#8217;assessore alla cultura del Comune di Belluno Marco Perale, la responsabile dell\u2019Ufficio Cultura di Feltre Anna Viviani, il vicepreside del Liceo \u201cLollino\u201d di Belluno Giambattista Zampieri, il direttore dell\u2019Istituto di Scienze Religiose \u201cGiovanni Paolo I\u201d di Belluno e Treviso don Michele Marcato e il bibliotecario della Biblioteca Gregoriana del Seminario di Belluno Jacopo De Pasquale.<\/p>\n<p>&nbsp;<\/p>\n<p>&nbsp;<\/p>\n<p>&nbsp;<\/p>\n<hr \/>\n<p>&nbsp;<\/p>\n<h2><span style=\"color: #ff0000;\">IERI ALLA RADIO\u00a0 IN VIVO VERSO 2020-21<\/span><\/h2>\n<p><strong><span style=\"color: #0000ff;\">IN ONDA DAL LUNEDI AL VENERDI ALLE 7.10, 10.10, 18.50 I PROTAGONISTI DI QUESTA SETTIMANA: <\/span><span style=\"color: #0000ff;\"><span style=\"color: #000000;\">Carlo Molinari, Gian Domenico Mazzoccato<\/span><\/span><\/strong><\/p>\n<blockquote class=\"wp-embedded-content\" data-secret=\"iWSCBBGeea\"><p><a href=\"https:\/\/www.radiopiu.net\/wordpress\/giunchi-di-gian-domenico-mazzoccato\/\">GIUNCHI di  GIAN DOMENICO MAZZOCCATO<\/a><\/p><\/blockquote>\n<p><iframe loading=\"lazy\" class=\"wp-embedded-content\" sandbox=\"allow-scripts\" security=\"restricted\" style=\"position: absolute; clip: rect(1px, 1px, 1px, 1px);\" title=\"&#8220;GIUNCHI di  GIAN DOMENICO MAZZOCCATO&#8221; &#8212; Radio Pi\u00f9\" src=\"https:\/\/www.radiopiu.net\/wordpress\/giunchi-di-gian-domenico-mazzoccato\/embed\/#?secret=iWSCBBGeea\" data-secret=\"iWSCBBGeea\" width=\"600\" height=\"338\" frameborder=\"0\" marginwidth=\"0\" marginheight=\"0\" scrolling=\"no\"><\/iframe><\/p>\n<\/div>\n<\/div>\n<h1><strong><span style=\"font-family: Verdana, sans-serif;\"><span style=\"font-size: medium;\">LA RACCOLTA COMPLETA, TUTTE LE COLLEZIONI<\/span><\/span><\/strong><\/h1>\n<blockquote class=\"wp-embedded-content\" data-secret=\"bOLQFlBuoQ\"><p><a href=\"https:\/\/www.radiopiu.net\/wordpress\/in-vivo-verso\/\">In Vivo Verso<\/a><\/p><\/blockquote>\n<p><iframe loading=\"lazy\" class=\"wp-embedded-content\" sandbox=\"allow-scripts\" security=\"restricted\" style=\"position: absolute; clip: rect(1px, 1px, 1px, 1px);\" title=\"&#8220;In Vivo Verso&#8221; &#8212; Radio Pi\u00f9\" src=\"https:\/\/www.radiopiu.net\/wordpress\/in-vivo-verso\/embed\/#?secret=bOLQFlBuoQ\" data-secret=\"bOLQFlBuoQ\" width=\"600\" height=\"338\" frameborder=\"0\" marginwidth=\"0\" marginheight=\"0\" scrolling=\"no\"><\/iframe><\/p>\n<hr \/>\n<p>&nbsp;<\/p>\n<h2>007 IN CONDOTTA CON LA PROF. MARIA ROSA SALMAZO IL LUNEDI ALLE 10,30 E ALLE 19.00 LA DOMENICA ALLE 8 DEL MATTINO. NONA STAGIONE<\/h2>\n<h2>LA RACCOLTA COMPLETA<\/h2>\n<blockquote class=\"wp-embedded-content\" data-secret=\"CAgBuYiz6G\"><p><a href=\"https:\/\/www.radiopiu.net\/wordpress\/007incondotta-9\/\">007 in condotta<\/a><\/p><\/blockquote>\n<p><iframe loading=\"lazy\" class=\"wp-embedded-content\" sandbox=\"allow-scripts\" security=\"restricted\" style=\"position: absolute; clip: rect(1px, 1px, 1px, 1px);\" title=\"&#8220;007 in condotta&#8221; &#8212; Radio Pi\u00f9\" src=\"https:\/\/www.radiopiu.net\/wordpress\/007incondotta-9\/embed\/#?secret=CAgBuYiz6G\" data-secret=\"CAgBuYiz6G\" width=\"600\" height=\"338\" frameborder=\"0\" marginwidth=\"0\" marginheight=\"0\" scrolling=\"no\"><\/iframe><\/p>\n<p>&nbsp;<\/p>\n<hr \/>\n<p>&nbsp;<\/p>\n<blockquote>\n<h2>SALUTE E SOCIETA&#8217; IL LUNEDI ALLE 13.10 E ALLE 20.10, LA DOMENICA ALLE 10.30 A CURA DEL DOTTOR MARCO CARACCIOLO. QUINTA STAGIONE<\/h2>\n<\/blockquote>\n<h2><strong><span style=\"color: #ff0000;\"><a href=\"https:\/\/www.radiopiu.net\/wordpress\/stress-durante-la-pandemia-da-coronavirus\/whatsapp-image-2020-12-07-at-10-26-19\/\" rel=\"attachment wp-att-177662\"><img loading=\"lazy\" decoding=\"async\" class=\" wp-image-177662 alignleft\" src=\"https:\/\/www.radiopiu.net\/wordpress\/wp-content\/uploads\/2020\/12\/WhatsApp-Image-2020-12-07-at-10.26.19-300x167.jpeg\" alt=\"\" width=\"176\" height=\"98\" srcset=\"https:\/\/www.radiopiu.net\/wordpress\/wp-content\/uploads\/2020\/12\/WhatsApp-Image-2020-12-07-at-10.26.19-300x167.jpeg 300w, https:\/\/www.radiopiu.net\/wordpress\/wp-content\/uploads\/2020\/12\/WhatsApp-Image-2020-12-07-at-10.26.19-768x427.jpeg 768w, https:\/\/www.radiopiu.net\/wordpress\/wp-content\/uploads\/2020\/12\/WhatsApp-Image-2020-12-07-at-10.26.19.jpeg 800w\" sizes=\"auto, (max-width: 176px) 100vw, 176px\" \/><\/a>PUNTATA DI IERI STRESS DURANTE LA PANDEMIA DA CORONAVIRUS<\/span><\/strong><\/h2>\n<p>Per 1 italiano su 3 la salute \u00e8 diventata la principale fonte di preoccupazione. 8 italiani su 10 hanno sofferto di almeno un disturbo riconducibile allo stress nell\u2019ultimo anno. In aumento ansia e irritabilit\u00e0, tensioni muscolari e disturbi del sonno. Una ricerca di Assosalute indaga le principali cause di stress durante la pandemia da coronavirus. Piero Barbanti, Professore di Neurologia all\u2019Universit\u00e0 San Raffaele di Roma<\/p>\n<audio class=\"wp-audio-shortcode\" id=\"audio-177938-14\" preload=\"none\" style=\"width: 100%;\" controls=\"controls\"><source type=\"audio\/mpeg\" src=\"https:\/\/www.radiopiu.net\/wordpress\/wp-content\/uploads\/2020\/12\/SALUTE-1.mp3?_=14\" \/><a href=\"https:\/\/www.radiopiu.net\/wordpress\/wp-content\/uploads\/2020\/12\/SALUTE-1.mp3\">https:\/\/www.radiopiu.net\/wordpress\/wp-content\/uploads\/2020\/12\/SALUTE-1.mp3<\/a><\/audio>\n<p>&nbsp;<\/p>\n<h3>LA RACCOLTA COMPLETA<\/h3>\n<blockquote class=\"wp-embedded-content\" data-secret=\"P6WAToBjn5\"><p><a href=\"https:\/\/www.radiopiu.net\/wordpress\/saluteesocieta\/\">Salute e Societ\u00e0<\/a><\/p><\/blockquote>\n<p><iframe loading=\"lazy\" class=\"wp-embedded-content\" sandbox=\"allow-scripts\" security=\"restricted\" style=\"position: absolute; clip: rect(1px, 1px, 1px, 1px);\" title=\"&#8220;Salute e Societ\u00e0&#8221; &#8212; Radio Pi\u00f9\" src=\"https:\/\/www.radiopiu.net\/wordpress\/saluteesocieta\/embed\/#?secret=P6WAToBjn5\" data-secret=\"P6WAToBjn5\" width=\"600\" height=\"338\" frameborder=\"0\" marginwidth=\"0\" marginheight=\"0\" scrolling=\"no\"><\/iframe><\/p>\n<hr \/>\n<blockquote>\n<h2><\/h2>\n<h2>FANTASTICHE DOLOMITI, NUOVA STAGIONE. APPUNTAMENTO QUINDICINALE IL GIOVEDI ALLE 10.30 E 1900<\/h2>\n<\/blockquote>\n<h1>LA RACCOLTA COMPLETA<\/h1>\n<blockquote class=\"wp-embedded-content\" data-secret=\"cYkvJNXg6h\"><p><a href=\"https:\/\/www.radiopiu.net\/wordpress\/https-wp-me-p63lo7-gyg\/\">FANTASTICHE DOLOMITI: IL QUINDICINALE APPUNTAMENTO ALLA RADIO<\/a><\/p><\/blockquote>\n<p><iframe loading=\"lazy\" class=\"wp-embedded-content\" sandbox=\"allow-scripts\" security=\"restricted\" style=\"position: absolute; clip: rect(1px, 1px, 1px, 1px);\" title=\"&#8220;FANTASTICHE DOLOMITI: IL QUINDICINALE APPUNTAMENTO ALLA RADIO&#8221; &#8212; Radio Pi\u00f9\" src=\"https:\/\/www.radiopiu.net\/wordpress\/https-wp-me-p63lo7-gyg\/embed\/#?secret=cYkvJNXg6h\" data-secret=\"cYkvJNXg6h\" width=\"600\" height=\"338\" frameborder=\"0\" marginwidth=\"0\" marginheight=\"0\" scrolling=\"no\"><\/iframe><\/p>\n<div class=\"mw-parser-output\">\n<p>&nbsp;<\/p>\n<\/div>\n<p>&nbsp;<\/p>\n<hr \/>\n<p>&nbsp;<\/p>\n<blockquote>\n<h2><a href=\"https:\/\/www.radiopiu.net\/wordpress\/speciale-solidarieta-veneto\/solidarieta-veneto-3\/\" rel=\"attachment wp-att-134366\"><img loading=\"lazy\" decoding=\"async\" class=\"wp-image-134366 alignleft\" src=\"https:\/\/www.radiopiu.net\/wordpress\/wp-content\/uploads\/2020\/05\/solidariet\u00e0-veneto-300x210.jpg\" alt=\"\" width=\"179\" height=\"125\" srcset=\"https:\/\/www.radiopiu.net\/wordpress\/wp-content\/uploads\/2020\/05\/solidariet\u00e0-veneto-300x210.jpg 300w, https:\/\/www.radiopiu.net\/wordpress\/wp-content\/uploads\/2020\/05\/solidariet\u00e0-veneto-1024x717.jpg 1024w, https:\/\/www.radiopiu.net\/wordpress\/wp-content\/uploads\/2020\/05\/solidariet\u00e0-veneto-768x538.jpg 768w, https:\/\/www.radiopiu.net\/wordpress\/wp-content\/uploads\/2020\/05\/solidariet\u00e0-veneto.jpg 1373w\" sizes=\"auto, (max-width: 179px) 100vw, 179px\" \/><\/a>SOLIDARIETA&#8217; VENETO FONDO PENSIONE, IN ONDA IL PRIMO VENERDI DEL MESE ALLE 10.30 E ALLE 19.00 QUINTA STAGIONE<\/h2>\n<h2>RACCOLTA COMPLETA<\/h2>\n<\/blockquote>\n<blockquote class=\"wp-embedded-content\" data-secret=\"mwhKoPjiw4\"><p><a href=\"https:\/\/www.radiopiu.net\/wordpress\/solidarieta-veneto\/\">Solidariet\u00e0 Veneto<\/a><\/p><\/blockquote>\n<p><iframe loading=\"lazy\" class=\"wp-embedded-content\" sandbox=\"allow-scripts\" security=\"restricted\" style=\"position: absolute; clip: rect(1px, 1px, 1px, 1px);\" title=\"&#8220;Solidariet\u00e0 Veneto&#8221; &#8212; Radio Pi\u00f9\" src=\"https:\/\/www.radiopiu.net\/wordpress\/solidarieta-veneto\/embed\/#?secret=mwhKoPjiw4\" data-secret=\"mwhKoPjiw4\" width=\"600\" height=\"338\" frameborder=\"0\" marginwidth=\"0\" marginheight=\"0\" scrolling=\"no\"><\/iframe><\/p>\n<p>&nbsp;<\/p>\n<p>&nbsp;<\/p>\n<hr \/>\n<p>&nbsp;<\/p>\n<h2><span style=\"color: #808000;\">DUE MINUTI UN LIBRO\u00a0 TUTTI I GIORNI ALLA RADIO ALLE 9.30 E ALLE 18. QUINTA STAGIONE\u00a0 \u00a0<\/span><\/h2>\n<blockquote class=\"wp-embedded-content\" data-secret=\"hffw8DOVID\"><p><a href=\"https:\/\/www.radiopiu.net\/wordpress\/il-segreto-del-mercante-di-libri\/\">IL SEGRETO DEL MERCANTE DI LIBRI<\/a><\/p><\/blockquote>\n<p><iframe loading=\"lazy\" class=\"wp-embedded-content\" sandbox=\"allow-scripts\" security=\"restricted\" style=\"position: absolute; clip: rect(1px, 1px, 1px, 1px);\" title=\"&#8220;IL SEGRETO DEL MERCANTE DI LIBRI&#8221; &#8212; Radio Pi\u00f9\" src=\"https:\/\/www.radiopiu.net\/wordpress\/il-segreto-del-mercante-di-libri\/embed\/#?secret=hffw8DOVID\" data-secret=\"hffw8DOVID\" width=\"600\" height=\"338\" frameborder=\"0\" marginwidth=\"0\" marginheight=\"0\" scrolling=\"no\"><\/iframe><\/p>\n<h2>LA RACCOLTA COMPLETA<\/h2>\n<blockquote class=\"wp-embedded-content\" data-secret=\"Qpy5WNxR1B\"><p><a href=\"https:\/\/www.radiopiu.net\/wordpress\/due-minuti-un-libro\/\">Due minuti un libro<\/a><\/p><\/blockquote>\n<p><iframe loading=\"lazy\" class=\"wp-embedded-content\" sandbox=\"allow-scripts\" security=\"restricted\" style=\"position: absolute; clip: rect(1px, 1px, 1px, 1px);\" title=\"&#8220;Due minuti un libro&#8221; &#8212; Radio Pi\u00f9\" src=\"https:\/\/www.radiopiu.net\/wordpress\/due-minuti-un-libro\/embed\/#?secret=Qpy5WNxR1B\" data-secret=\"Qpy5WNxR1B\" width=\"600\" height=\"338\" frameborder=\"0\" marginwidth=\"0\" marginheight=\"0\" scrolling=\"no\"><\/iframe><\/p>\n<p>&nbsp;<\/p>\n<hr \/>\n<p>&nbsp;<\/p>\n<blockquote>\n<h2>CASSA SOLIDARIET\u00c0 LUXOTTICA &#8211; PUNTATA DEL 20 NOVEMBRE 2020<\/h2>\n<h2>RACCOLTA COMPLETA<\/h2>\n<\/blockquote>\n<blockquote class=\"wp-embedded-content\" data-secret=\"prV9l9u371\"><p><a href=\"https:\/\/www.radiopiu.net\/wordpress\/cassa-solidarieta-luxottica-puntata-del-16-ottobre-2020\/\">CASSA SOLIDARIET\u00c0 LUXOTTICA &#8211; PUNTATA DEL 20 NOVEMBRE 2020<\/a><\/p><\/blockquote>\n<p><iframe loading=\"lazy\" class=\"wp-embedded-content\" sandbox=\"allow-scripts\" security=\"restricted\" style=\"position: absolute; clip: rect(1px, 1px, 1px, 1px);\" title=\"&#8220;CASSA SOLIDARIET\u00c0 LUXOTTICA &#8211; PUNTATA DEL 20 NOVEMBRE 2020&#8221; &#8212; Radio Pi\u00f9\" src=\"https:\/\/www.radiopiu.net\/wordpress\/cassa-solidarieta-luxottica-puntata-del-16-ottobre-2020\/embed\/#?secret=prV9l9u371\" data-secret=\"prV9l9u371\" width=\"600\" height=\"338\" frameborder=\"0\" marginwidth=\"0\" marginheight=\"0\" scrolling=\"no\"><\/iframe><\/p>\n<p>&nbsp;<\/p>\n<p>&nbsp;<\/p>\n<div>\n<p>&nbsp;<\/p>\n<hr \/>\n<p>&nbsp;<\/p>\n<div>\n<h2><span style=\"color: #33cccc;\">I RACCONTI DI PAOLO SOPPELSA il lunedi alle 9.30 e 18.30<\/span><\/h2>\n<h2><span style=\"color: #33cccc;\"><strong>RACCOLTA COMPLETA<\/strong><\/span><\/h2>\n<blockquote class=\"wp-embedded-content\" data-secret=\"dAfphNjIV6\"><p><a href=\"https:\/\/www.radiopiu.net\/wordpress\/i-racconti-di-paolo-soppelsa\/\">I racconti di Paolo Soppelsa<\/a><\/p><\/blockquote>\n<p><iframe loading=\"lazy\" class=\"wp-embedded-content\" sandbox=\"allow-scripts\" security=\"restricted\" style=\"position: absolute; clip: rect(1px, 1px, 1px, 1px);\" title=\"&#8220;I racconti di Paolo Soppelsa&#8221; &#8212; Radio Pi\u00f9\" src=\"https:\/\/www.radiopiu.net\/wordpress\/i-racconti-di-paolo-soppelsa\/embed\/#?secret=dAfphNjIV6\" data-secret=\"dAfphNjIV6\" width=\"600\" height=\"338\" frameborder=\"0\" marginwidth=\"0\" marginheight=\"0\" scrolling=\"no\"><\/iframe><\/p>\n<\/div>\n<p>&nbsp;<\/p>\n<hr \/>\n<p>&nbsp;<\/p>\n<div>\n<p>&nbsp;<\/p>\n<h2><strong>LE\u00a0 PUNTATE di Luisa Alchini di Leggermente Bellunesi, la domenica alle 11, il martedi alle 10.30 e alle 19.00<\/strong><\/h2>\n<\/div>\n<h1><span style=\"color: #000000;\">RACCOLTA COMPLETA<\/span><\/h1>\n<blockquote class=\"wp-embedded-content\" data-secret=\"dwFF2Xl54x\"><p><a href=\"https:\/\/www.radiopiu.net\/wordpress\/leggermente-20\/\">LEGGERmente&#8230;Bellunesi<\/a><\/p><\/blockquote>\n<p><iframe loading=\"lazy\" class=\"wp-embedded-content\" sandbox=\"allow-scripts\" security=\"restricted\" style=\"position: absolute; clip: rect(1px, 1px, 1px, 1px);\" title=\"&#8220;LEGGERmente&#8230;Bellunesi&#8221; &#8212; Radio Pi\u00f9\" src=\"https:\/\/www.radiopiu.net\/wordpress\/leggermente-20\/embed\/#?secret=dwFF2Xl54x\" data-secret=\"dwFF2Xl54x\" width=\"600\" height=\"338\" frameborder=\"0\" marginwidth=\"0\" marginheight=\"0\" scrolling=\"no\"><\/iframe><\/p>\n<hr \/>\n<p>&nbsp;<\/p>\n<blockquote>\n<h3>L&#8217;ALMANACCO LADINO CON L&#8217;ISTITUT CESA DE JAN QUINDICINALE APPUNTAMENTO. LA DOMENICA ALLE 9 IL LUNEDI ALLE 8.35 IL MARTEDI ALLE 12.35 IL MERCOLEDI ALLE 18.35. SECONDA STAGIONE.<\/h3>\n<\/blockquote>\n<h2><span style=\"color: #ff0000;\"><strong><img loading=\"lazy\" decoding=\"async\" class=\"alignleft\" src=\"https:\/\/www.radiopiu.net\/wordpress\/wp-content\/uploads\/2020\/12\/beautiful-aerial-shot-forest-enveloped-creepy-mist-fog_181624-2659.jpg\" width=\"185\" height=\"123\" \/><\/strong><\/span><\/h2>\n<h2><\/h2>\n<h2><\/h2>\n<h2><span style=\"color: #ff0000;\"><strong>LA PUNTATA DELLA SETTIMANA<\/strong><\/span><\/h2>\n<audio class=\"wp-audio-shortcode\" id=\"audio-177938-15\" preload=\"none\" style=\"width: 100%;\" controls=\"controls\"><source type=\"audio\/mpeg\" src=\"https:\/\/www.radiopiu.net\/wordpress\/wp-content\/uploads\/2020\/12\/47\u00b0-Almanacco-Ladino_Col.mp3?_=15\" \/><a href=\"https:\/\/www.radiopiu.net\/wordpress\/wp-content\/uploads\/2020\/12\/47\u00b0-Almanacco-Ladino_Col.mp3\">https:\/\/www.radiopiu.net\/wordpress\/wp-content\/uploads\/2020\/12\/47\u00b0-Almanacco-Ladino_Col.mp3<\/a><\/audio>\n<p>&nbsp;<\/p>\n<p><strong>RACCOLTA COMPLETA\u00a0<\/strong><\/p>\n<blockquote class=\"wp-embedded-content\" data-secret=\"Nw40YyS3DC\"><p><a href=\"https:\/\/www.radiopiu.net\/wordpress\/almanacco-ladino\/\">Almanacco Ladino<\/a><\/p><\/blockquote>\n<p><iframe loading=\"lazy\" class=\"wp-embedded-content\" sandbox=\"allow-scripts\" security=\"restricted\" style=\"position: absolute; clip: rect(1px, 1px, 1px, 1px);\" title=\"&#8220;Almanacco Ladino&#8221; &#8212; Radio Pi\u00f9\" src=\"https:\/\/www.radiopiu.net\/wordpress\/almanacco-ladino\/embed\/#?secret=Nw40YyS3DC\" data-secret=\"Nw40YyS3DC\" width=\"600\" height=\"338\" frameborder=\"0\" marginwidth=\"0\" marginheight=\"0\" scrolling=\"no\"><\/iframe><\/p>\n<p>&nbsp;<\/p>\n<\/div>\n<hr \/>\n<div>\n<h2><span style=\"color: #000080;\"><a class=\"dt-pswp-item\" href=\"https:\/\/www.radiopiu.net\/wordpress\/wp-content\/uploads\/2020\/10\/pp.jpg\" data-dt-img-description=\"\" data-large_image_width=\"640\" data-large_image_height=\"640\"><img loading=\"lazy\" decoding=\"async\" class=\"wp-image-163678 alignleft\" src=\"https:\/\/www.radiopiu.net\/wordpress\/wp-content\/uploads\/2020\/10\/pp-300x300.jpg\" alt=\"\" width=\"106\" height=\"106\" srcset=\"https:\/\/www.radiopiu.net\/wordpress\/wp-content\/uploads\/2020\/10\/pp-300x300.jpg 300w, https:\/\/www.radiopiu.net\/wordpress\/wp-content\/uploads\/2020\/10\/pp-150x150.jpg 150w, https:\/\/www.radiopiu.net\/wordpress\/wp-content\/uploads\/2020\/10\/pp-125x125.jpg 125w, https:\/\/www.radiopiu.net\/wordpress\/wp-content\/uploads\/2020\/10\/pp-200x200.jpg 200w, https:\/\/www.radiopiu.net\/wordpress\/wp-content\/uploads\/2020\/10\/pp-80x80.jpg 80w, https:\/\/www.radiopiu.net\/wordpress\/wp-content\/uploads\/2020\/10\/pp-480x480.jpg 480w, https:\/\/www.radiopiu.net\/wordpress\/wp-content\/uploads\/2020\/10\/pp.jpg 640w\" sizes=\"auto, (max-width: 106px) 100vw, 106px\" \/><\/a> <\/span><\/h2>\n<h2><span style=\"color: #000080;\">DON CESARE, IL PENSIERO DEL GIORNO. ALLA RADIO ALLE 7 DEL MATTINO E ALLE 19.30 DELLA SERA.\u00a0\u00a0<\/span><\/h2>\n<\/div>\n<p>&nbsp;<\/p>\n<p>&nbsp;<\/p>\n<audio class=\"wp-audio-shortcode\" id=\"audio-177938-16\" preload=\"none\" style=\"width: 100%;\" controls=\"controls\"><source type=\"audio\/mpeg\" src=\"https:\/\/www.radiopiu.net\/wordpress\/wp-content\/uploads\/2020\/12\/cesare-1.mp3?_=16\" \/><a href=\"https:\/\/www.radiopiu.net\/wordpress\/wp-content\/uploads\/2020\/12\/cesare-1.mp3\">https:\/\/www.radiopiu.net\/wordpress\/wp-content\/uploads\/2020\/12\/cesare-1.mp3<\/a><\/audio>\n<p>&nbsp;<\/p>\n<hr \/>\n<p>&nbsp;<\/p>\n<div>\n<p class=\"photoswipe-wrapper\"><a class=\"dt-pswp-item pspw-wrap-ready\" href=\"https:\/\/i0.wp.com\/www.radiopiu.net\/wordpress\/wp-content\/uploads\/2018\/09\/viabilita.jpeg?ssl=1\" data-dt-img-description=\"\" data-large_image_width=\"800\" data-large_image_height=\"100\"><img loading=\"lazy\" decoding=\"async\" class=\"aligncenter wp-image-61954 size-full\" src=\"https:\/\/i0.wp.com\/www.radiopiu.net\/wordpress\/wp-content\/uploads\/2018\/09\/viabilita.jpeg?resize=800%2C100&amp;ssl=1\" sizes=\"auto, (max-width: 800px) 100vw, 800px\" srcset=\"https:\/\/i0.wp.com\/www.radiopiu.net\/wordpress\/wp-content\/uploads\/2018\/09\/viabilita.jpeg?w=800&amp;ssl=1 800w, https:\/\/i0.wp.com\/www.radiopiu.net\/wordpress\/wp-content\/uploads\/2018\/09\/viabilita.jpeg?resize=300%2C38&amp;ssl=1 300w, https:\/\/i0.wp.com\/www.radiopiu.net\/wordpress\/wp-content\/uploads\/2018\/09\/viabilita.jpeg?resize=768%2C96&amp;ssl=1 768w\" alt=\"\" width=\"800\" height=\"100\" \/><\/a><\/p>\n<\/div>\n<p>&nbsp;<\/p>\n<p><strong>FELTRE<\/strong> Senso unico alternato regolato da movieri per lavori stradali nel tratto di viale Monte Grappa compreso fra incrocio con via Folli ( accesso supermercato Lidl ) e fine cantiere Altanon ( altezza negozio Kiwi Sport ) fino al 23 dicembre<\/p>\n<p><strong>PROVINCIALE 49 MISURINA CONFINE PROVINCIA DI BOLZANO<\/strong>:\u00a0 fino al 22 dicembre (festivi e prefestivi compresi) senso unico alternato con movieri o semafori<\/p>\n<p><strong>PROVINCIALE 3 VALLE IMPERINA<\/strong>:\u00a0 fino al 12 dicembre senso unico alternato (tutti i giorni nessuno escluso) in locailt\u00e0 Gona per messa in sicurezza della strada.<\/p>\n<p><strong>S.P.2 DELLA VALLE DEL MIS\u00a0<\/strong>Interdizione totale al traffico fino a revoca dal km 14,920 (localit\u00e0 Gona Bassa) al km 20,650 (localit\u00e0 Titele) per cedimento della carreggiata<\/p>\n<p><strong>S.P. 5 DI LAMOSANO<\/strong>\u00a0Interdizione totale fino a revoca per presenza di materiale e alberi in strada.<\/p>\n<p><strong>S.P. 251 DI VAL DI ZOLDO E VAL CELLINA\u00a0<\/strong>dalla localit\u00e0 Soffranco fino all&#8217;imbocco nord della galleria S. Giovanni interdizione totale al transito per cedimento della carreggiata<\/p>\n<p><strong>SP\u00a0423 LAGO DI SANTA CROCE_POIATTE_ALPAGO <\/strong>Fino al 12 dicembre (esclusi festivi e prefestivi) senso unico alternato con movieri o semaforo per esecuzione paramassi a monte della strada<\/p>\n<p><strong>SP 3 DELLA VAL IMPERINA<\/strong> fino a revoca, senso unico alternato regolato a vista in localit\u00e0 Gona di Conedera di Rivamonte per cedimento della carreggiata stradale<\/p>\n<p><strong>REGIONALE 203 AGORDINA<\/strong>\u00a0 Fino\u00a0 al 18 dicembre (esclusi festivi e prefestivi) senso unico alternato tra Peron e Candaten con movieri dalle 7.30 alle 9 e dalle 16.30 alle 18. Con semaforo negli altri orari<\/p>\n<div>\n<p>&nbsp;<\/p>\n<hr \/>\n<p>&nbsp;<\/p>\n<p class=\"photoswipe-wrapper\"><a class=\"dt-pswp-item pspw-wrap-ready\" href=\"https:\/\/i0.wp.com\/www.radiopiu.net\/wordpress\/wp-content\/uploads\/2018\/09\/WhatsApp-Image-2018-09-20-at-16.04.06.jpeg?ssl=1\" data-dt-img-description=\"\" data-large_image_width=\"800\" data-large_image_height=\"100\"><img loading=\"lazy\" decoding=\"async\" class=\"aligncenter wp-image-61378 size-full jetpack-lazy-image jetpack-lazy-image--handled\" src=\"https:\/\/i0.wp.com\/www.radiopiu.net\/wordpress\/wp-content\/uploads\/2018\/09\/WhatsApp-Image-2018-09-20-at-16.04.06.jpeg?resize=800%2C100&amp;ssl=1\" sizes=\"auto, (max-width: 800px) 100vw, 800px\" srcset=\"https:\/\/i0.wp.com\/www.radiopiu.net\/wordpress\/wp-content\/uploads\/2018\/09\/WhatsApp-Image-2018-09-20-at-16.04.06.jpeg?w=800&amp;ssl=1 800w, https:\/\/i0.wp.com\/www.radiopiu.net\/wordpress\/wp-content\/uploads\/2018\/09\/WhatsApp-Image-2018-09-20-at-16.04.06.jpeg?resize=300%2C38&amp;ssl=1 300w, https:\/\/i0.wp.com\/www.radiopiu.net\/wordpress\/wp-content\/uploads\/2018\/09\/WhatsApp-Image-2018-09-20-at-16.04.06.jpeg?resize=768%2C96&amp;ssl=1 768w\" alt=\"\" width=\"800\" height=\"100\" data-lazy-loaded=\"1\" \/><\/a><\/p>\n<p>&nbsp;<\/p>\n<p><center><b>Mercoledi 9<\/b><\/center><b>Tempo atteso:\u00a0<\/b>Ancora molto nuvoloso o coperto con breve fase di pausa del maltempo nelle prime ore, ma in seguito ancora perturbato per gran parte della mattinata e debolmente perturbato al pomeriggio con precipitazioni in graduale attenuazione.<br \/>\n<b>Precipitazioni:\u00a0<\/b>Probabilit\u00e0 medio-alta (50-75%) di precipitazioni diffuse al mattino, con quota neve di 900-1100 m sulle Prealpi e generalmente fino a fondovalle sulle Dolomiti, poi in lieve rialzo fino a 700-900 m, con graduale attenuazione dei fenomeni nella seconda parte della giornata a partire dalle Prealpi occidentali. I quantitativi di precipitazione giornalieri saranno leggermente pi\u00f9 contenuti rispetto a quelli di marted\u00ec e saranno mediamente compresi tra i 25 e i 30 mm localmente fino a 40 mm, con altrettanti cm di neve fresca oltre i 1200 m; saranno un po&#8217; maggiori in alta montagna per neve soffice.<br \/>\n<b>Temperature:\u00a0<\/b>In lieve o contenuto aumento con escursione termica giornaliera piuttosto ridotta per l&#8217;insistente copertura nuvolosa. Su Prealpi a 1500 m min -1\u00b0C max 1\u00b0C, a 2000 m min -3\u00b0C max -1\u00b0C. Su Dolomiti a 2000 m min -4\u00b0C max -2\u00b0C, a 3000 m min -9\u00b0C max -7\u00b0C.<br \/>\n<b>Venti:\u00a0<\/b>Nelle valli deboli o moderati per locali rinforzi; in quota ancora tesi anche forti da sud-est per gran parte della giornata, in parziale attenuazione dalla sera, a 30\/40 km\/h sia a 2000 m che a 3000 m.<\/p>\n<hr \/>\n<p><center><b>Giovedi 10<\/b><\/center><b>Tempo atteso:\u00a0<\/b>Cielo generalmente molto nuvoloso con qualche parziale schiarita, specie nella seconda parte della giornata. Gli eventuali fenomeni saranno in prevalenza deboli e locali, con qualche fenomeno moderato ma di breve durata specie sulle zone prealpine, eventualmente nevoso oltre i 700-900 m.<br \/>\n<b>Precipitazioni:\u00a0<\/b>Generalmente assenti, salvo una bassa probabilit\u00e0 di deboli, locali e brevi precipitazioni eventualmente nevose oltre i 700-900 m con accumuli molto scarsi o assenti.<br \/>\n<b>Temperature:\u00a0<\/b>Temperature in lieve o contenuta diminuzione, specie in quota, con debole escursione termica giornaliera. Su Prealpi a 1500 m min -3\u00b0C max 1\u00b0C, a 2000 m min -6\u00b0C max -3\u00b0C. Su Dolomiti a 2000 m min -6\u00b0C max -3\u00b0C, a 3000 m min -11\u00b0C max -10\u00b0C.<br \/>\n<b>Venti:\u00a0<\/b>Nelle valli, deboli di direzione variabile, in quota deboli o moderati da sud sud-est, a 5\/15 km\/h a 2000 m e a 15\/25 km\/a 3000 m.<\/p>\n<hr \/>\n<p><center><b>Venerdi 11<\/b><\/center>Tempo un po&#8217;pi\u00f9 soleggiato rispetto ai giorni precedenti con cielo nuvoloso. Precipitazioni generalmente assenti, salvo una probabilit\u00e0 molto bassa di qualche locale, debole e breve precipitazione, eventualmente nevosa oltre i 700-900 m. Temperature in diminuzione, specie le minime. Venti in quota in prevalenza moderati da sud-ovest.<\/p>\n<hr \/>\n<p><center><b>Sabato 12<\/b><\/center>Tempo variabile con cielo ancora nuvoloso, con precipitazioni scarse o assenti, eventualmente nevose oltre i 700-900 m. Temperature senza notevoli variazioni. Venti in quota in prevalenza moderati, tendenti a rinforzare da nord-est. Previsore: M. Padoan<\/p>\n<p>&nbsp;<\/p>\n<hr \/>\n<p>&nbsp;<\/p>\n<blockquote class=\"wp-embedded-content\" data-secret=\"1ic2bscrmL\"><p><a href=\"https:\/\/www.radiopiu.net\/wordpress\/neve-al-suolo-aggiornamento-arpav-del-08-dicembre-2020\/\">NEVE AL SUOLO. AGGIORNAMENTO ARPAV DEL 08 DICEMBRE 2020<\/a><\/p><\/blockquote>\n<p><iframe loading=\"lazy\" class=\"wp-embedded-content\" sandbox=\"allow-scripts\" security=\"restricted\" style=\"position: absolute; clip: rect(1px, 1px, 1px, 1px);\" title=\"&#8220;NEVE AL SUOLO. AGGIORNAMENTO ARPAV DEL 08 DICEMBRE 2020&#8221; &#8212; Radio Pi\u00f9\" src=\"https:\/\/www.radiopiu.net\/wordpress\/neve-al-suolo-aggiornamento-arpav-del-08-dicembre-2020\/embed\/#?secret=1ic2bscrmL\" data-secret=\"1ic2bscrmL\" width=\"600\" height=\"338\" frameborder=\"0\" marginwidth=\"0\" marginheight=\"0\" scrolling=\"no\"><\/iframe><\/p>\n<p>&nbsp;<\/p>\n<hr \/>\n<p>&nbsp;<\/p>\n<h3><a href=\"https:\/\/www.radiopiu.net\/wordpress\/giornale-radiopiu-15-settembre-2018-direttore-mirko-mezzacasa\/sport-7\/\" rel=\"attachment wp-att-60761\"><img loading=\"lazy\" decoding=\"async\" class=\"aligncenter wp-image-60761 size-full\" src=\"https:\/\/www.radiopiu.net\/wordpress\/wp-content\/uploads\/2018\/09\/sport.jpg\" alt=\"\" width=\"800\" height=\"100\" srcset=\"https:\/\/www.radiopiu.net\/wordpress\/wp-content\/uploads\/2018\/09\/sport.jpg 800w, https:\/\/www.radiopiu.net\/wordpress\/wp-content\/uploads\/2018\/09\/sport-300x38.jpg 300w, https:\/\/www.radiopiu.net\/wordpress\/wp-content\/uploads\/2018\/09\/sport-768x96.jpg 768w\" sizes=\"auto, (max-width: 800px) 100vw, 800px\" \/><\/a><\/h3>\n<p>&nbsp;<\/p>\n<blockquote>\n<h3>VOLLEY: LA FEDERAZIONE FERMA I CAMPIONATI FINO AL 15 GENNAIO 2021<\/h3>\n<\/blockquote>\n<p><strong><a href=\"https:\/\/www.radiopiu.net\/wordpress\/volley-club-agordino-il-girono-dopo-la-vittoria-in-coppa\/volley-festeggiamenti-1\/\" rel=\"attachment wp-att-109243\"><img loading=\"lazy\" decoding=\"async\" class=\"size-medium wp-image-109243 alignleft\" src=\"https:\/\/www.radiopiu.net\/wordpress\/wp-content\/uploads\/2019\/12\/VOLLEY-FESTEGGIAMENTI-1-300x225.jpeg\" alt=\"\" width=\"300\" height=\"225\" srcset=\"https:\/\/www.radiopiu.net\/wordpress\/wp-content\/uploads\/2019\/12\/VOLLEY-FESTEGGIAMENTI-1-300x225.jpeg 300w, https:\/\/www.radiopiu.net\/wordpress\/wp-content\/uploads\/2019\/12\/VOLLEY-FESTEGGIAMENTI-1-1024x768.jpeg 1024w, https:\/\/www.radiopiu.net\/wordpress\/wp-content\/uploads\/2019\/12\/VOLLEY-FESTEGGIAMENTI-1-768x576.jpeg 768w, https:\/\/www.radiopiu.net\/wordpress\/wp-content\/uploads\/2019\/12\/VOLLEY-FESTEGGIAMENTI-1-1536x1152.jpeg 1536w, https:\/\/www.radiopiu.net\/wordpress\/wp-content\/uploads\/2019\/12\/VOLLEY-FESTEGGIAMENTI-1.jpeg 1600w\" sizes=\"auto, (max-width: 300px) 100vw, 300px\" \/><\/a>AGORDO <\/strong>Le ragazze del Volley Club Agordino sono ancora ferme. Niente allenamenti e di conseguenza niente partite per le agordine che stanno aspettando l&#8217;esordio in seconda categoria dopo la promozione della scorsa stagione. Tutto fermo, lo ha deciso la federazione con un comunicato diramato a tutte le societ\u00e0. Una decisione presa in seguito alla pandemia Covid-19 che mantiene la linea della maggior parte degli sport di squadra. Intanto si festeggia a distanza. Le ragazze del Volley Club Agordino hanno ancora impressa la vittoria in coppa di un anno fa esatto. Un risultato che ha riempito d&#8217;orgoglio le ragazze di Agordo, uno stimolo che aiuta di sicuro l&#8217;intera societ\u00e0 a fare bene anche la stagione che dovrebbe iniziare fra poco pi\u00f9 di un mese.<\/p>\n<p>&nbsp;<\/p>\n<p><strong>AI MICROFONI DI RADIO PIU&#8217; LA GIOCATRICE DEL VOLLEY CLUB AGORDINO ALESSIA FILAFERRO<\/strong><\/p>\n<audio class=\"wp-audio-shortcode\" id=\"audio-177938-17\" preload=\"none\" style=\"width: 100%;\" controls=\"controls\"><source type=\"audio\/mpeg\" src=\"https:\/\/www.radiopiu.net\/wordpress\/wp-content\/uploads\/2020\/12\/ALESSIA-FILAFERRO-VOLLEY-FERMO.mp3?_=17\" \/><a href=\"https:\/\/www.radiopiu.net\/wordpress\/wp-content\/uploads\/2020\/12\/ALESSIA-FILAFERRO-VOLLEY-FERMO.mp3\">https:\/\/www.radiopiu.net\/wordpress\/wp-content\/uploads\/2020\/12\/ALESSIA-FILAFERRO-VOLLEY-FERMO.mp3<\/a><\/audio>\n<p>&nbsp;<\/p>\n<hr \/>\n<p>&nbsp;<\/p>\n<blockquote>\n<h3>IHL: CONFERMATA LA RIPARTENZA PER IL 19 DICEMBRE. IL COMO RITIRA LA SQUADRA DAL CAMPIONATO<\/h3>\n<\/blockquote>\n<p><strong><a href=\"https:\/\/www.radiopiu.net\/wordpress\/calcio-hockey-il-fine-settimana-sportivo-seguito-da-radio-piu\/hockey-porta\/\" rel=\"attachment wp-att-71539\"><img loading=\"lazy\" decoding=\"async\" class=\"size-medium wp-image-71539 alignleft\" src=\"https:\/\/www.radiopiu.net\/wordpress\/wp-content\/uploads\/2019\/01\/HOCKEY-PORTA-300x150.jpg\" alt=\"\" width=\"300\" height=\"150\" srcset=\"https:\/\/www.radiopiu.net\/wordpress\/wp-content\/uploads\/2019\/01\/HOCKEY-PORTA-300x150.jpg 300w, https:\/\/www.radiopiu.net\/wordpress\/wp-content\/uploads\/2019\/01\/HOCKEY-PORTA-768x384.jpg 768w, https:\/\/www.radiopiu.net\/wordpress\/wp-content\/uploads\/2019\/01\/HOCKEY-PORTA-1024x512.jpg 1024w, https:\/\/www.radiopiu.net\/wordpress\/wp-content\/uploads\/2019\/01\/HOCKEY-PORTA.jpg 2000w\" sizes=\"auto, (max-width: 300px) 100vw, 300px\" \/><\/a>MILANO <\/strong>Si \u00e8 svolta la riunione delle societ\u00e0 di IHL nella quale si \u00e8\u00a0concordato il format per il proseguo della stagione,\u00a0da sottoporre alla FISG per l\u2019approvazione.\u00a0La ripartenza, come gi\u00e0 comunicato, avverr\u00e0 il 19 di dicembre\u00a0con\u00a0l&#8217;eliminazione del master\u00a0e qualification-round al fine di consentire l&#8217;esecuzione dei recuperi delle partite non giocate.\u00a0Alle semifinali della Coppa Italia parteciperanno le prime quattro compagini qualificate del girone di ritorno che riprender\u00e0 il via il 19 dicembre mentre le altre partite, sino ad ora non giocate, verranno recuperate durante la stagione.\u00a0Le societ\u00e0 di IHL, con dispiacere, salutano l&#8217;H.C Como, rispettando la decisione della societ\u00e0 di non riprendere per quest&#8217;anno la propria\u00a0corsa nel campionato IHL.<\/p>\n<p>&nbsp;<\/p>\n<hr \/>\n<p>&nbsp;<\/p>\n<blockquote>\n<h3>COPPA DEL MONDO SCI SU LA VOLATA<\/h3>\n<\/blockquote>\n<p><strong><a href=\"https:\/\/www.radiopiu.net\/wordpress\/giornale-radiopiu-09-dicembre-2020-direttore-mirko-mezzacasa\/le-azzure-su-la-volata_-foto-instagram-marta-bassino\/\" rel=\"attachment wp-att-178150\"><img loading=\"lazy\" decoding=\"async\" class=\"size-medium wp-image-178150 alignleft\" src=\"https:\/\/www.radiopiu.net\/wordpress\/wp-content\/uploads\/2020\/12\/Le-azzure-su-La-Volata_-foto-Instagram-Marta-Bassino-300x269.jpg\" alt=\"\" width=\"300\" height=\"269\" srcset=\"https:\/\/www.radiopiu.net\/wordpress\/wp-content\/uploads\/2020\/12\/Le-azzure-su-La-Volata_-foto-Instagram-Marta-Bassino-300x269.jpg 300w, https:\/\/www.radiopiu.net\/wordpress\/wp-content\/uploads\/2020\/12\/Le-azzure-su-La-Volata_-foto-Instagram-Marta-Bassino-768x688.jpg 768w, https:\/\/www.radiopiu.net\/wordpress\/wp-content\/uploads\/2020\/12\/Le-azzure-su-La-Volata_-foto-Instagram-Marta-Bassino.jpg 845w\" sizes=\"auto, (max-width: 300px) 100vw, 300px\" \/><\/a>FALCADE<\/strong>\u00a0La Ski Area San Pellegrino ospiter\u00e0 discesa e superG femminili di Coppa del Mondo. Grazie al progetto \u201cPiste Azzurre\u201d della Val di Fassa, il 27 e il 28 febbraio 2021 il gotha dello sci internazionale si metter\u00e0 alla prova su &#8220;La Volata&#8221;, la nera dei campioni. Si tratta del recupero di due gare annullate qualche giorno fa a Yanqing, in Cina.\u00a0<em>\u201cQuesta decisione, presa nell&#8217;ultimo consiglio della Fis, rappresenta una grande soddisfazione per tutto il nostro territorio\u00a0<\/em>\u2013 afferma Mauro Vendruscolo, presidente della Ski Area San Pellegrino -.\u00a0<em>Si accendono al massimo livello i riflettori internazionali su una delle piste pi\u00f9 adrenaliniche delle Dolomiti, confermando la qualit\u00e0 del lavoro svolto in questi anni dai nostri collaboratori. dalla Val di Fassa e da tutto il nostro comprensorio\u201d.\u00a0<\/em><em>&#8220;Si tratta, una volta di pi\u00f9, del riconoscimento all&#8217;Italia di grandi capacit\u00e0 organizzative e della disponibilit\u00e0 del territorio a farsi trovare sempre pronto per questo genere di situazioni, su cui la Fis sa ormai di poter contare&#8221;,\u00a0<\/em>ha commentato il presidente della Fisi Flavio Roda. Su La Volata si \u00e8 messo alla prova lo scorso inverno il gotha dello sci alpino italiano, tra cui sciatrici azzurre come Brignone, Bassino, Goggia, Pirovano ma anche le atlete della nazionale tedesca, slovena e non solo. Tra i big che si sono potuti ammirare su questa pista anche Dominik\u00a0Paris e Christof Innerhofer.<\/p>\n<\/div>\n","protected":false},"excerpt":{"rendered":"<p>PER RICEVERE QUESTO NOTIZIARIO DIRETTAMENTE SUL TUO CELLULARE ISCRIVITI AL CANALE TELEGRAM \u201cRADIO PIU\u00a0 INFORMAZIONE&#8221;\u00a0 PATRICK, MANLIO E JACOPO: I TRE VIGILI DEL FUOCO DI GOSALDO L&#8217;ARTICOLO PIU&#8217; CLICCATO DI IERI,\u00a0 LE INTERVISTE DI GIANNI SANTOMASO AI TRE VIGILI DEL FUOCO VOLONTARI DI GOSALDO GOSALDO Di loro si sono occupati gli organi di stampa dell&#8217;intero&hellip;<\/p>\n","protected":false},"author":4,"featured_media":177909,"comment_status":"closed","ping_status":"closed","sticky":false,"template":"","format":"standard","meta":{"_monsterinsights_skip_tracking":false,"_monsterinsights_sitenote_active":false,"_monsterinsights_sitenote_note":"","_monsterinsights_sitenote_category":0,"footnotes":""},"categories":[1,51,86,49],"tags":[],"class_list":["post-177938","post","type-post","status-publish","format-standard","has-post-thumbnail","hentry","category-senza-categoria","category-evidenza-top","category-gr","category-news-18","category-1","category-51","category-86","category-49","description-off"],"img_url":"https:\/\/www.radiopiu.net\/wordpress\/wp-content\/uploads\/2020\/12\/WhatsApp-Image-2020-12-07-at-19.26.39.jpeg","_links":{"self":[{"href":"https:\/\/www.radiopiu.net\/wordpress\/wp-json\/wp\/v2\/posts\/177938","targetHints":{"allow":["GET"]}}],"collection":[{"href":"https:\/\/www.radiopiu.net\/wordpress\/wp-json\/wp\/v2\/posts"}],"about":[{"href":"https:\/\/www.radiopiu.net\/wordpress\/wp-json\/wp\/v2\/types\/post"}],"author":[{"embeddable":true,"href":"https:\/\/www.radiopiu.net\/wordpress\/wp-json\/wp\/v2\/users\/4"}],"replies":[{"embeddable":true,"href":"https:\/\/www.radiopiu.net\/wordpress\/wp-json\/wp\/v2\/comments?post=177938"}],"version-history":[{"count":0,"href":"https:\/\/www.radiopiu.net\/wordpress\/wp-json\/wp\/v2\/posts\/177938\/revisions"}],"wp:featuredmedia":[{"embeddable":true,"href":"https:\/\/www.radiopiu.net\/wordpress\/wp-json\/wp\/v2\/media\/177909"}],"wp:attachment":[{"href":"https:\/\/www.radiopiu.net\/wordpress\/wp-json\/wp\/v2\/media?parent=177938"}],"wp:term":[{"taxonomy":"category","embeddable":true,"href":"https:\/\/www.radiopiu.net\/wordpress\/wp-json\/wp\/v2\/categories?post=177938"},{"taxonomy":"post_tag","embeddable":true,"href":"https:\/\/www.radiopiu.net\/wordpress\/wp-json\/wp\/v2\/tags?post=177938"}],"curies":[{"name":"wp","href":"https:\/\/api.w.org\/{rel}","templated":true}]}}