{"id":178102,"date":"2020-12-08T23:59:38","date_gmt":"2020-12-08T22:59:38","guid":{"rendered":"https:\/\/www.radiopiu.net\/wordpress\/?p=178102"},"modified":"2020-12-08T16:30:28","modified_gmt":"2020-12-08T15:30:28","slug":"convegno-su-il-fondo-welfare-dolomiti-una-fotografia-per-cambiare-il-domani","status":"publish","type":"post","link":"https:\/\/www.radiopiu.net\/wordpress\/convegno-su-il-fondo-welfare-dolomiti-una-fotografia-per-cambiare-il-domani\/","title":{"rendered":"CONVEGNO SU \u201cIL FONDO WELFARE DOLOMITI: UNA FOTOGRAFIA PER CAMBIARE IL DOMANI"},"content":{"rendered":"<h3>di RENATO BONA<\/h3>\n<p><strong>BELLUNO<\/strong> E\u2019 in programma venerd\u00ec 11 dalle 15 alle 17 con possibilit\u00e0 di seguire telematicamente le relazioni accedendo al link: <span role=\"gridcell\"><a class=\"oajrlxb2 g5ia77u1 qu0x051f esr5mh6w e9989ue4 r7d6kgcz rq0escxv nhd2j8a9 nc684nl6 p7hjln8o kvgmc6g5 cxmmr5t8 oygrvhab hcukyx3x jb3vyjys rz4wbd8a qt6c0cv9 a8nywdso i1ao9s8h oo483o9r f1sip0of lzcic4wl oo9gr5id gpro0wi8\" tabindex=\"0\" role=\"link\" href=\"https:\/\/bit.ly\/evento-welfare-dolomiti?fbclid=IwAR25ZESNeO7Z8pns5uxKt7ZtHZdqZYI8qGPSeCFdPqmrEvRgO_frfEBMgs8\" target=\"_blank\" rel=\"nofollow noopener noreferrer\">https:\/\/bit.ly\/evento-welfare-dolomiti<\/a><\/span>! \u201d Nato poco pi\u00f9 di due anni fa, ottobre 2018, Il fondo Welfare Dolomiti intende affrontare un problema, quello dello spopolamento, fenomeno sempre pi\u00f9 vistoso ed allarmante sul territorio bellunese, \u201cche nessuna realt\u00e0, pubblica o privata, pu\u00f2 risolvere da sola\u201d come si pu\u00f2 leggere nel sito chiesabellunofeltre che annuncia per venerd\u00ec 11, dalle 15 alle 17, un convegno telematico sul tema: \u201cIl fondo Welfare Dolomiti: una fotografia per cambiare il domani\u201d. Sottolineando che \u201cL\u2019isolamento comportato dallo spopolamento \u00e8 un dramma per molte famiglie, un freno per la nostra economia e un ostacolo per le politiche di Welfare messe in atto dalle istituzioni. Il fondo ha lo scopo di unire tutte le principali realt\u00e0 del territorio per la prima volta verso un unico scopo: ripopolare la nostra montagna riducendo l\u2019isolamento e i problemi ad esso correlato delle persone che la abitano\u201d. Ricorda quindi che fu l\u2019Amministrazione provinciale, accogliendo la proposta delle organizzazioni sindacali, a promuovere il Fondo che ha poi incluso oltre ai sindacati le categorie economiche, la Diocesi di Belluno-Feltre, le associazioni di volontariato del Comitato d\u2019Intesa e ricreative della Aics oltre al mondo della scuola con \u201cScuole in rete\u201d. Il bilancio pi\u00f9 recente evidenzia che si \u00e8 intervenuti in favore di centinaia di famiglie purtroppo coinvolte prima nell\u2019emergenza Vaia ed attualmente dalla pandemia del Corona virus 19 e con questa consapevolezza ha varato iniziative culturali come il questionario sugli \u201corientamenti abitativi e l\u2019identit\u00e0 territoriale dei bellunesi\u201d problema che sar\u00e0 al centro del convegno, e proposto le \u201cGiornate del welfare Dolomiti\u201d. Ma: \u201cNon bastano le idee di pochi n\u00e9 il finanziamento di singole realt\u00e0, pubbliche o private. Servono le idee e il sostegno dei bellunesi tutti perch\u00e9 questo progetto rappresenti veramente il desiderio di ripartire dell\u2019intera comunit\u00e0\u201d. Dunque \u2013 oltre alla sensibilizzazione sui temi dell\u2019abitare in montagna &#8211; le \u201cgiornate del welfare Dolomiti\u201d per lanciare una raccolta per due progetti: lo sportello crow e per il potenziamento del servizio civile, per puntare a far tornare a Belluno i giovani emigrati all\u2019estero per trovare un lavoro adatto alla loro professionalit\u00e0 e per dare la possibilit\u00e0 a 1000 giovani sotto i 30 anni di fare l\u2019esperienza umana e lavorativa nelle cooperative, associazioni e istituzioni della nostra provincia. Perch\u00e9 &#8211; \u00e8 la conclusione &#8211; \u201cInsieme, con le peculiarit\u00e0 di ciascuno, possiamo riscoprire la nostra identit\u00e0, per crescere come comunit\u00e0\u201d. Ed ecco il programma del convegno: video di presentazione quindi saluti del presidente della Provincia, Roberto Padrin, del vescovo monsignor Renato Marangoni poi Renato Bressan, segretario regionale Spi-Cgil su: \u201cI dati dello spopolamento\u201d; Francesca De Biasi, presidente del Fondo Welfare Dolomiti su: \u201cLa creazione del Fondo\u201d; Rudy Roffar\u00e8, referente Cisl di Belluno-Treviso su: \u201cLa prospettiva dei lavoratori\u201d; Andrea Ferrazzi, direttore di Confindustria su: \u201cLa prospettiva delle imprese\u201d; Camillo de Pellegrin, sindaco Val di Zoldo su: \u201cLa prospettiva dei Comuni\u201d. Si affronter\u00e0 poi il Questionario sull\u2019attaccamento al territorio e l\u2019identit\u00e0 territoriale, con De Biasi che esporr\u00e0 tutti i dati; a seguire: lettura magistrale del prof. Gino Mazzoli, sociologo dell\u2019Universit\u00e0 del Sacro cuore di Milano; poi i due \u201cProgetti del crowfunding\u201d con Marco Crepaz ed Oscar De Bona, direttore e presidente di Bellunesi nel mondo che relazioneranno sullo Sportello crow; chiuderanno Gianluca Corsetti, presidente del Comitato d\u2019Intesa, su \u201cIl servizio civile\u201d; ed Andrea Raveane, della Comunit\u00e0 montana feltrina.<\/p>\n\n\t\t\t<style type='text\/css'>\n\t\t\t\t#gallery-1 {\n\t\t\t\t\tmargin: auto;\n\t\t\t\t}\n\t\t\t\t#gallery-1 .gallery-item {\n\t\t\t\t\tfloat: left;\n\t\t\t\t\tmargin-top: 10px;\n\t\t\t\t\ttext-align: center;\n\t\t\t\t\twidth: 14%;\n\t\t\t\t}\n\t\t\t\t#gallery-1 img {\n\t\t\t\t\tborder: 2px solid #cfcfcf;\n\t\t\t\t}\n\t\t\t\t#gallery-1 .gallery-caption {\n\t\t\t\t\tmargin-left: 0;\n\t\t\t\t}\n\t\t\t\t\/* see gallery_shortcode() in wp-includes\/media.php *\/\n\t\t\t<\/style>\n\t\t<div id='gallery-1' class='dt-gallery-container gallery galleryid-178102 gallery-columns-7 gallery-size-thumbnail'><dl class='gallery-item'>\n\t\t\t\t<dt class='gallery-icon landscape'>\n\t\t\t\t\t<a class=\"rollover rollover-zoom dt-pswp-item\" title=\"130803357_374168143872696_4470282472577060327_n\" data-dt-img-description=\"\" data-large_image_width=\"777\" data-large_image_height=\"425\"href='https:\/\/www.radiopiu.net\/wordpress\/wp-content\/uploads\/2020\/12\/130803357_374168143872696_4470282472577060327_n.jpg'><img loading=\"lazy\" decoding=\"async\" width=\"150\" height=\"150\" src=\"https:\/\/www.radiopiu.net\/wordpress\/wp-content\/uploads\/2020\/12\/130803357_374168143872696_4470282472577060327_n-150x150.jpg\" class=\"attachment-thumbnail size-thumbnail\" alt=\"\" \/><\/a>\n\t\t\t\t<\/dt><\/dl><dl class='gallery-item'>\n\t\t\t\t<dt class='gallery-icon portrait'>\n\t\t\t\t\t<a class=\"rollover rollover-zoom dt-pswp-item\" title=\"130810458_222109962866080_8745063294965262536_n\" data-dt-img-description=\"\" data-large_image_width=\"171\" data-large_image_height=\"207\"href='https:\/\/www.radiopiu.net\/wordpress\/wp-content\/uploads\/2020\/12\/130810458_222109962866080_8745063294965262536_n.jpg'><img loading=\"lazy\" decoding=\"async\" width=\"150\" height=\"150\" src=\"https:\/\/www.radiopiu.net\/wordpress\/wp-content\/uploads\/2020\/12\/130810458_222109962866080_8745063294965262536_n-150x150.jpg\" class=\"attachment-thumbnail size-thumbnail\" alt=\"\" \/><\/a>\n\t\t\t\t<\/dt><\/dl><dl class='gallery-item'>\n\t\t\t\t<dt class='gallery-icon landscape'>\n\t\t\t\t\t<a class=\"rollover rollover-zoom dt-pswp-item\" title=\"130732311_199650068426586_5986853157266853490_n\" data-dt-img-description=\"\" data-large_image_width=\"194\" data-large_image_height=\"183\"href='https:\/\/www.radiopiu.net\/wordpress\/wp-content\/uploads\/2020\/12\/130732311_199650068426586_5986853157266853490_n.jpg'><img loading=\"lazy\" decoding=\"async\" width=\"150\" height=\"150\" src=\"https:\/\/www.radiopiu.net\/wordpress\/wp-content\/uploads\/2020\/12\/130732311_199650068426586_5986853157266853490_n-150x150.jpg\" class=\"attachment-thumbnail size-thumbnail\" alt=\"\" \/><\/a>\n\t\t\t\t<\/dt><\/dl><dl class='gallery-item'>\n\t\t\t\t<dt class='gallery-icon landscape'>\n\t\t\t\t\t<a class=\"rollover rollover-zoom dt-pswp-item\" title=\"130748727_133629898349386_428304522452888930_n\" data-dt-img-description=\"\" data-large_image_width=\"216\" data-large_image_height=\"167\"href='https:\/\/www.radiopiu.net\/wordpress\/wp-content\/uploads\/2020\/12\/130748727_133629898349386_428304522452888930_n.jpg'><img loading=\"lazy\" decoding=\"async\" width=\"150\" height=\"150\" src=\"https:\/\/www.radiopiu.net\/wordpress\/wp-content\/uploads\/2020\/12\/130748727_133629898349386_428304522452888930_n-150x150.jpg\" class=\"attachment-thumbnail size-thumbnail\" alt=\"\" \/><\/a>\n\t\t\t\t<\/dt><\/dl><dl class='gallery-item'>\n\t\t\t\t<dt class='gallery-icon landscape'>\n\t\t\t\t\t<a class=\"rollover rollover-zoom dt-pswp-item\" title=\"130783025_407724730469805_1014100685015006912_n\" data-dt-img-description=\"\" data-large_image_width=\"768\" data-large_image_height=\"642\"href='https:\/\/www.radiopiu.net\/wordpress\/wp-content\/uploads\/2020\/12\/130783025_407724730469805_1014100685015006912_n.jpg'><img loading=\"lazy\" decoding=\"async\" width=\"150\" height=\"150\" src=\"https:\/\/www.radiopiu.net\/wordpress\/wp-content\/uploads\/2020\/12\/130783025_407724730469805_1014100685015006912_n-150x150.jpg\" class=\"attachment-thumbnail size-thumbnail\" alt=\"\" \/><\/a>\n\t\t\t\t<\/dt><\/dl><dl class='gallery-item'>\n\t\t\t\t<dt class='gallery-icon landscape'>\n\t\t\t\t\t<a class=\"rollover rollover-zoom dt-pswp-item\" title=\"130752314_711423966460697_6150172530057790788_n\" data-dt-img-description=\"\" data-large_image_width=\"190\" data-large_image_height=\"189\"href='https:\/\/www.radiopiu.net\/wordpress\/wp-content\/uploads\/2020\/12\/130752314_711423966460697_6150172530057790788_n.jpg'><img loading=\"lazy\" decoding=\"async\" width=\"150\" height=\"150\" src=\"https:\/\/www.radiopiu.net\/wordpress\/wp-content\/uploads\/2020\/12\/130752314_711423966460697_6150172530057790788_n-150x150.jpg\" class=\"attachment-thumbnail size-thumbnail\" alt=\"\" srcset=\"https:\/\/www.radiopiu.net\/wordpress\/wp-content\/uploads\/2020\/12\/130752314_711423966460697_6150172530057790788_n-150x150.jpg 150w, https:\/\/www.radiopiu.net\/wordpress\/wp-content\/uploads\/2020\/12\/130752314_711423966460697_6150172530057790788_n.jpg 190w\" sizes=\"auto, (max-width: 150px) 100vw, 150px\" \/><\/a>\n\t\t\t\t<\/dt><\/dl><dl class='gallery-item'>\n\t\t\t\t<dt class='gallery-icon landscape'>\n\t\t\t\t\t<a class=\"rollover rollover-zoom dt-pswp-item\" title=\"130722523_817750722134003_1801503888183466811_n\" data-dt-img-description=\"\" data-large_image_width=\"208\" data-large_image_height=\"183\"href='https:\/\/www.radiopiu.net\/wordpress\/wp-content\/uploads\/2020\/12\/130722523_817750722134003_1801503888183466811_n.jpg'><img loading=\"lazy\" decoding=\"async\" width=\"150\" height=\"150\" src=\"https:\/\/www.radiopiu.net\/wordpress\/wp-content\/uploads\/2020\/12\/130722523_817750722134003_1801503888183466811_n-150x150.jpg\" class=\"attachment-thumbnail size-thumbnail\" alt=\"\" \/><\/a>\n\t\t\t\t<\/dt><\/dl><br style=\"clear: both\" \/><dl class='gallery-item'>\n\t\t\t\t<dt class='gallery-icon landscape'>\n\t\t\t\t\t<a class=\"rollover rollover-zoom dt-pswp-item\" title=\"130525778_1308541839492446_4080202889427961022_n\" data-dt-img-description=\"\" data-large_image_width=\"186\" data-large_image_height=\"176\"href='https:\/\/www.radiopiu.net\/wordpress\/wp-content\/uploads\/2020\/12\/130525778_1308541839492446_4080202889427961022_n.jpg'><img loading=\"lazy\" decoding=\"async\" width=\"150\" height=\"150\" src=\"https:\/\/www.radiopiu.net\/wordpress\/wp-content\/uploads\/2020\/12\/130525778_1308541839492446_4080202889427961022_n-150x150.jpg\" class=\"attachment-thumbnail size-thumbnail\" alt=\"\" \/><\/a>\n\t\t\t\t<\/dt><\/dl><dl class='gallery-item'>\n\t\t\t\t<dt class='gallery-icon portrait'>\n\t\t\t\t\t<a class=\"rollover rollover-zoom dt-pswp-item\" title=\"130793259_159049799282928_6046017651032505641_n\" data-dt-img-description=\"\" data-large_image_width=\"179\" data-large_image_height=\"182\"href='https:\/\/www.radiopiu.net\/wordpress\/wp-content\/uploads\/2020\/12\/130793259_159049799282928_6046017651032505641_n.jpg'><img loading=\"lazy\" decoding=\"async\" width=\"150\" height=\"150\" src=\"https:\/\/www.radiopiu.net\/wordpress\/wp-content\/uploads\/2020\/12\/130793259_159049799282928_6046017651032505641_n-150x150.jpg\" class=\"attachment-thumbnail size-thumbnail\" alt=\"\" \/><\/a>\n\t\t\t\t<\/dt><\/dl><dl class='gallery-item'>\n\t\t\t\t<dt class='gallery-icon portrait'>\n\t\t\t\t\t<a class=\"rollover rollover-zoom dt-pswp-item\" title=\"130783025_384641252600257_2590635410117194486_n\" data-dt-img-description=\"\" data-large_image_width=\"313\" data-large_image_height=\"349\"href='https:\/\/www.radiopiu.net\/wordpress\/wp-content\/uploads\/2020\/12\/130783025_384641252600257_2590635410117194486_n.jpg'><img loading=\"lazy\" decoding=\"async\" width=\"150\" height=\"150\" src=\"https:\/\/www.radiopiu.net\/wordpress\/wp-content\/uploads\/2020\/12\/130783025_384641252600257_2590635410117194486_n-150x150.jpg\" class=\"attachment-thumbnail size-thumbnail\" alt=\"\" \/><\/a>\n\t\t\t\t<\/dt><\/dl><dl class='gallery-item'>\n\t\t\t\t<dt class='gallery-icon landscape'>\n\t\t\t\t\t<a class=\"rollover rollover-zoom dt-pswp-item\" title=\"130483146_377335753569642_7756746242374522308_n\" data-dt-img-description=\"\" data-large_image_width=\"188\" data-large_image_height=\"181\"href='https:\/\/www.radiopiu.net\/wordpress\/wp-content\/uploads\/2020\/12\/130483146_377335753569642_7756746242374522308_n.jpg'><img loading=\"lazy\" decoding=\"async\" width=\"150\" height=\"150\" src=\"https:\/\/www.radiopiu.net\/wordpress\/wp-content\/uploads\/2020\/12\/130483146_377335753569642_7756746242374522308_n-150x150.jpg\" class=\"attachment-thumbnail size-thumbnail\" alt=\"\" \/><\/a>\n\t\t\t\t<\/dt><\/dl><dl class='gallery-item'>\n\t\t\t\t<dt class='gallery-icon portrait'>\n\t\t\t\t\t<a class=\"rollover rollover-zoom dt-pswp-item\" title=\"130452072_960844947775759_228395726578032420_n\" data-dt-img-description=\"\" data-large_image_width=\"171\" data-large_image_height=\"172\"href='https:\/\/www.radiopiu.net\/wordpress\/wp-content\/uploads\/2020\/12\/130452072_960844947775759_228395726578032420_n.jpg'><img loading=\"lazy\" decoding=\"async\" width=\"150\" height=\"150\" src=\"https:\/\/www.radiopiu.net\/wordpress\/wp-content\/uploads\/2020\/12\/130452072_960844947775759_228395726578032420_n-150x150.jpg\" class=\"attachment-thumbnail size-thumbnail\" alt=\"\" srcset=\"https:\/\/www.radiopiu.net\/wordpress\/wp-content\/uploads\/2020\/12\/130452072_960844947775759_228395726578032420_n-150x150.jpg 150w, https:\/\/www.radiopiu.net\/wordpress\/wp-content\/uploads\/2020\/12\/130452072_960844947775759_228395726578032420_n.jpg 171w\" sizes=\"auto, (max-width: 150px) 100vw, 150px\" \/><\/a>\n\t\t\t\t<\/dt><\/dl><dl class='gallery-item'>\n\t\t\t\t<dt class='gallery-icon portrait'>\n\t\t\t\t\t<a class=\"rollover rollover-zoom dt-pswp-item\" title=\"130719381_381436412962288_5708222361644984745_n\" data-dt-img-description=\"\" data-large_image_width=\"1189\" data-large_image_height=\"2048\"href='https:\/\/www.radiopiu.net\/wordpress\/wp-content\/uploads\/2020\/12\/130719381_381436412962288_5708222361644984745_n.jpg'><img loading=\"lazy\" decoding=\"async\" width=\"150\" height=\"150\" src=\"https:\/\/www.radiopiu.net\/wordpress\/wp-content\/uploads\/2020\/12\/130719381_381436412962288_5708222361644984745_n-150x150.jpg\" class=\"attachment-thumbnail size-thumbnail\" alt=\"\" \/><\/a>\n\t\t\t\t<\/dt><\/dl>\n\t\t\t\t<br style='clear: both' \/>\n\t\t\t<\/div>\n\n<p>NELLE FOTO (sito chiesabellunofeltre, Wikipedia, Google, Bellunesi nel Mondo, L&#8217;Amico del Popolo): il logo con l\u2019annuncio del Convegno; Roberto Padrin; monsignor Renato Marangoni; Renato Bressan; Francesca De Biasi; Rudy Roffar\u00e8; Andrea Ferrazzi; Camillo de Pellegrin; il prof. Gino Mazzoli; Marco Crepaz; Oscar De Bona; Gianluca Corsetti; Andrea Raveane.<\/p>\n","protected":false},"excerpt":{"rendered":"<p>di RENATO BONA BELLUNO E\u2019 in programma venerd\u00ec 11 dalle 15 alle 17 con possibilit\u00e0 di seguire telematicamente le relazioni accedendo al link: https:\/\/bit.ly\/evento-welfare-dolomiti! \u201d Nato poco pi\u00f9 di due anni fa, ottobre 2018, Il fondo Welfare Dolomiti intende affrontare un problema, quello dello spopolamento, fenomeno sempre pi\u00f9 vistoso ed allarmante sul territorio bellunese, \u201cche&hellip;<\/p>\n","protected":false},"author":4,"featured_media":178103,"comment_status":"closed","ping_status":"closed","sticky":false,"template":"","format":"standard","meta":{"_monsterinsights_skip_tracking":false,"_monsterinsights_sitenote_active":false,"_monsterinsights_sitenote_note":"","_monsterinsights_sitenote_category":0,"footnotes":""},"categories":[49],"tags":[],"class_list":["post-178102","post","type-post","status-publish","format-standard","has-post-thumbnail","hentry","category-news-18","category-49","description-off"],"img_url":"https:\/\/www.radiopiu.net\/wordpress\/wp-content\/uploads\/2020\/12\/130803357_374168143872696_4470282472577060327_n.jpg","_links":{"self":[{"href":"https:\/\/www.radiopiu.net\/wordpress\/wp-json\/wp\/v2\/posts\/178102","targetHints":{"allow":["GET"]}}],"collection":[{"href":"https:\/\/www.radiopiu.net\/wordpress\/wp-json\/wp\/v2\/posts"}],"about":[{"href":"https:\/\/www.radiopiu.net\/wordpress\/wp-json\/wp\/v2\/types\/post"}],"author":[{"embeddable":true,"href":"https:\/\/www.radiopiu.net\/wordpress\/wp-json\/wp\/v2\/users\/4"}],"replies":[{"embeddable":true,"href":"https:\/\/www.radiopiu.net\/wordpress\/wp-json\/wp\/v2\/comments?post=178102"}],"version-history":[{"count":0,"href":"https:\/\/www.radiopiu.net\/wordpress\/wp-json\/wp\/v2\/posts\/178102\/revisions"}],"wp:featuredmedia":[{"embeddable":true,"href":"https:\/\/www.radiopiu.net\/wordpress\/wp-json\/wp\/v2\/media\/178103"}],"wp:attachment":[{"href":"https:\/\/www.radiopiu.net\/wordpress\/wp-json\/wp\/v2\/media?parent=178102"}],"wp:term":[{"taxonomy":"category","embeddable":true,"href":"https:\/\/www.radiopiu.net\/wordpress\/wp-json\/wp\/v2\/categories?post=178102"},{"taxonomy":"post_tag","embeddable":true,"href":"https:\/\/www.radiopiu.net\/wordpress\/wp-json\/wp\/v2\/tags?post=178102"}],"curies":[{"name":"wp","href":"https:\/\/api.w.org\/{rel}","templated":true}]}}