{"id":178227,"date":"2020-12-10T05:45:15","date_gmt":"2020-12-10T04:45:15","guid":{"rendered":"https:\/\/www.radiopiu.net\/wordpress\/?p=178227"},"modified":"2020-12-10T10:03:56","modified_gmt":"2020-12-10T09:03:56","slug":"giornale-radiopiu-10-dicembre-2020-direttore-mirko-mezzacasa","status":"publish","type":"post","link":"https:\/\/www.radiopiu.net\/wordpress\/giornale-radiopiu-10-dicembre-2020-direttore-mirko-mezzacasa\/","title":{"rendered":"GIORNALE RADIOPIU 10 DICEMBRE 2020 DIRETTORE MIRKO MEZZACASA"},"content":{"rendered":"<h3>PER<strong> RICEVERE QUESTO NOTIZIARIO DIRETTAMENTE SUL TUO CELLULARE ISCRIVITI AL CANALE TELEGRAM <\/strong><strong>\u201cRADIO PIU\u00a0 INFORMAZIONE&#8221;<\/strong><\/h3>\n<p>&nbsp;<\/p>\n<p><em>ATTENZIONE: LA NUOVA APP PER IOS-IPHONE<\/em><\/p>\n<div>\n<div><a href=\"https:\/\/apps.apple.com\/it\/app\/radio-pi%C3%B9-emittente-agordina\/id1515939845\">https:\/\/apps.apple.com\/it\/app\/radio-pi%C3%B9-emittente-agordina\/id1515939845<\/a><\/div>\n<\/div>\n<div><\/div>\n<div>\n<div dir=\"auto\"><em>ATTENZIONE: LA NUOVA APP RADIO\u00a0 PER ANDROID<\/em><\/div>\n<\/div>\n<p><a href=\"https:\/\/play.google.com\/store\/apps\/details?id=net.radiopiu.iniko\" target=\"_blank\" rel=\"noopener noreferrer\">https:\/\/play.google.com\/store\/apps\/details?id=net.radiopiu.iniko\u00a0\u00a0<\/a><\/p>\n<p>&nbsp;<\/p>\n<hr \/>\n<h1><\/h1>\n<h1>LUXOTTICA: E&#8217; NATALE<\/h1>\n\n\t\t\t<style type='text\/css'>\n\t\t\t\t#gallery-1 {\n\t\t\t\t\tmargin: auto;\n\t\t\t\t}\n\t\t\t\t#gallery-1 .gallery-item {\n\t\t\t\t\tfloat: left;\n\t\t\t\t\tmargin-top: 10px;\n\t\t\t\t\ttext-align: center;\n\t\t\t\t\twidth: 50%;\n\t\t\t\t}\n\t\t\t\t#gallery-1 img {\n\t\t\t\t\tborder: 2px solid #cfcfcf;\n\t\t\t\t}\n\t\t\t\t#gallery-1 .gallery-caption {\n\t\t\t\t\tmargin-left: 0;\n\t\t\t\t}\n\t\t\t\t\/* see gallery_shortcode() in wp-includes\/media.php *\/\n\t\t\t<\/style>\n\t\t<div id='gallery-1' class='dt-gallery-container gallery galleryid-178227 gallery-columns-2 gallery-size-medium'><dl class='gallery-item'>\n\t\t\t\t<dt class='gallery-icon landscape'>\n\t\t\t\t\t<a class=\"rollover rollover-zoom dt-pswp-item\" title=\"c5bbc786-5369-4b62-b340-99fcde011b0d\" data-dt-img-description=\"\" data-large_image_width=\"1024\" data-large_image_height=\"768\"href='https:\/\/www.radiopiu.net\/wordpress\/wp-content\/uploads\/2020\/12\/c5bbc786-5369-4b62-b340-99fcde011b0d.jpg'><img loading=\"lazy\" decoding=\"async\" width=\"300\" height=\"225\" src=\"https:\/\/www.radiopiu.net\/wordpress\/wp-content\/uploads\/2020\/12\/c5bbc786-5369-4b62-b340-99fcde011b0d-300x225.jpg\" class=\"attachment-medium size-medium\" alt=\"\" srcset=\"https:\/\/www.radiopiu.net\/wordpress\/wp-content\/uploads\/2020\/12\/c5bbc786-5369-4b62-b340-99fcde011b0d-300x225.jpg 300w, https:\/\/www.radiopiu.net\/wordpress\/wp-content\/uploads\/2020\/12\/c5bbc786-5369-4b62-b340-99fcde011b0d-768x576.jpg 768w, https:\/\/www.radiopiu.net\/wordpress\/wp-content\/uploads\/2020\/12\/c5bbc786-5369-4b62-b340-99fcde011b0d.jpg 1024w\" sizes=\"auto, (max-width: 300px) 100vw, 300px\" \/><\/a>\n\t\t\t\t<\/dt><\/dl><dl class='gallery-item'>\n\t\t\t\t<dt class='gallery-icon landscape'>\n\t\t\t\t\t<a class=\"rollover rollover-zoom dt-pswp-item\" title=\"5467f6e2-c85e-4842-b57a-26e929037735\" data-dt-img-description=\"\" data-large_image_width=\"1024\" data-large_image_height=\"768\"href='https:\/\/www.radiopiu.net\/wordpress\/wp-content\/uploads\/2020\/12\/5467f6e2-c85e-4842-b57a-26e929037735.jpg'><img loading=\"lazy\" decoding=\"async\" width=\"300\" height=\"225\" src=\"https:\/\/www.radiopiu.net\/wordpress\/wp-content\/uploads\/2020\/12\/5467f6e2-c85e-4842-b57a-26e929037735-300x225.jpg\" class=\"attachment-medium size-medium\" alt=\"\" srcset=\"https:\/\/www.radiopiu.net\/wordpress\/wp-content\/uploads\/2020\/12\/5467f6e2-c85e-4842-b57a-26e929037735-300x225.jpg 300w, https:\/\/www.radiopiu.net\/wordpress\/wp-content\/uploads\/2020\/12\/5467f6e2-c85e-4842-b57a-26e929037735-768x576.jpg 768w, https:\/\/www.radiopiu.net\/wordpress\/wp-content\/uploads\/2020\/12\/5467f6e2-c85e-4842-b57a-26e929037735.jpg 1024w\" sizes=\"auto, (max-width: 300px) 100vw, 300px\" \/><\/a>\n\t\t\t\t<\/dt><\/dl><br style=\"clear: both\" \/>\n\t\t\t<\/div>\n\n<p>&nbsp;<\/p>\n<p>&nbsp;<\/p>\n<hr \/>\n<p>&nbsp;<\/p>\n<div style=\"width: 1200px;\" class=\"wp-video\"><video class=\"wp-video-shortcode\" id=\"video-178227-1\" width=\"1200\" height=\"675\" preload=\"metadata\" controls=\"controls\"><source type=\"video\/mp4\" src=\"https:\/\/www.radiopiu.net\/wordpress\/wp-content\/uploads\/2020\/12\/WhatsApp-Video-2020-12-09-at-11.16.58.mp4?_=1\" \/><a href=\"https:\/\/www.radiopiu.net\/wordpress\/wp-content\/uploads\/2020\/12\/WhatsApp-Video-2020-12-09-at-11.16.58.mp4\">https:\/\/www.radiopiu.net\/wordpress\/wp-content\/uploads\/2020\/12\/WhatsApp-Video-2020-12-09-at-11.16.58.mp4<\/a><\/video><\/div>\n<p>&nbsp;<\/p>\n<hr \/>\n<p>&nbsp;<\/p>\n<h3>L&#8217;AUTOCERTIFICAZIONE<\/h3>\n<p><a href=\"https:\/\/www.radiopiu.net\/wordpress\/wp-content\/uploads\/2020\/11\/modello_autodichiarazione_editabile_ottobre_2020.pdf\">PER SCARICARE L&#8217;AUTOCERTIFICAZIONE CLICCA QUI<\/a><\/p>\n<p>&nbsp;<\/p>\n<blockquote class=\"wp-embedded-content\" data-secret=\"C9SistMxcg\"><p><a href=\"https:\/\/www.radiopiu.net\/wordpress\/pref-08dic\/\">DALLA PREFETTURA DI BELLUNO IL MONITORAGGIO DEI CONTROLLI<\/a><\/p><\/blockquote>\n<p><iframe loading=\"lazy\" class=\"wp-embedded-content\" sandbox=\"allow-scripts\" security=\"restricted\" style=\"position: absolute; clip: rect(1px, 1px, 1px, 1px);\" title=\"&#8220;DALLA PREFETTURA DI BELLUNO IL MONITORAGGIO DEI CONTROLLI&#8221; &#8212; Radio Pi\u00f9\" src=\"https:\/\/www.radiopiu.net\/wordpress\/pref-08dic\/embed\/#?secret=C9SistMxcg\" data-secret=\"C9SistMxcg\" width=\"600\" height=\"338\" frameborder=\"0\" marginwidth=\"0\" marginheight=\"0\" scrolling=\"no\"><\/iframe><\/p>\n<p>&nbsp;<\/p>\n<p>&nbsp;<\/p>\n<hr \/>\n<p>&nbsp;<\/p>\n<blockquote>\n<h3>SILVOPASTORALE FARENZENA &#8211; DON CHIUSA FINO AL 15 DICEMBRE<\/h3>\n<\/blockquote>\n<p><strong>AGORDO<\/strong> \u00a0chiusura della strada silvo-pastorale Farenzena &#8211; Don, fino \u00a0al 15 dicembre 2020 e comunque fino a fine lavori, con riapertura del tratto interessato nelle giornate di sabato e domenica ed eventuali festivi infrasettimanali, per consentire l\u2019esecuzione dei lavori di esbosco.<\/p>\n<p>&nbsp;<\/p>\n<p>&nbsp;<\/p>\n<hr \/>\n<p>&nbsp;<\/p>\n<blockquote>\n<h2><span style=\"color: #ff0000;\">EMERGENZA MALTEMPO<\/span><\/h2>\n<\/blockquote>\n<p><strong>REDAZIONE<\/strong> Situazione in miglioramento in tutta la provincia ma anche ieri \u00e8 stata una giornata difficile, una valanga ha costretto Veneto Strade a chiudere per due ore la strada per Passo Staulanza e con la 251 nel longaronese sbarrata per lo zoldano ha significato isolamento completo. Ci sono almeno 50 milioni di danni sulle strade bellunese, la stima \u00e8 del direttore di Veneto Strade Silvano Vernizzi che ha una priorit\u00e0: riaprire per Natale la 251 anche se solo su una corsia. La Funzione Pubbilca della Cgil con Andrea Fiocco critica le carenze di organico dovute ai tagli con i Comuni in apnea. Per il Presidente Roberto Padrin si tratta di una coperta corta e chiede il ritorno alle vecchie Province. I vigili del fuoco anche ieri sono intervenuti sul territorio, almeno 200 operazioni soprattutto per riaprire strade chiuse, tagliare piante, sgomberare neve dai tetti e\u00a0 raggiungere frazioni isolate. A Belluno un&#8217;altra frana in via Travazzoi, ha fatto scivolare i giardini di quattro abitazioni fino al torrente Ardo. Corse ridotte per la Dolomitibus, il pullman di Falcade ferma alla chiesa e non va oltre verso Falcade Alto. Parzialmente interrotte le linee oltre Caprile per Arabba e Colfosco, anche tra Forcella Franche e Lambroi nel gosaldino. Servizio non completo anche nello zoldano, Alpago e soprattutto Cadore tra Calalzo, Auronzo, Giralba, Santo Stefano e Cima Sappada.<\/p>\n<p>&nbsp;<\/p>\n<p>&nbsp;<\/p>\n<hr \/>\n<blockquote>\n<h2><\/h2>\n<h2>CIAO PAOLO UOMO DELLA MONTAGNA E ARTISTA<\/h2>\n<\/blockquote>\n<p><img loading=\"lazy\" decoding=\"async\" class=\"alignleft\" src=\"https:\/\/www.radiopiu.net\/wordpress\/wp-content\/uploads\/2020\/12\/c3ec9866-7039-49c5-9ef9-c31797769177.jpg\" width=\"131\" height=\"181\" \/><\/p>\n<p>&nbsp;<\/p>\n<p>&nbsp;<\/p>\n<p><strong>AGORDO<\/strong><\/p>\n<p><strong>DI GIANNI SANTOMASO<\/strong><\/p>\n<audio class=\"wp-audio-shortcode\" id=\"audio-178227-1\" preload=\"none\" style=\"width: 100%;\" controls=\"controls\"><source type=\"audio\/mpeg\" src=\"https:\/\/www.radiopiu.net\/wordpress\/wp-content\/uploads\/2020\/12\/gianni-mosca.mp3?_=1\" \/><a href=\"https:\/\/www.radiopiu.net\/wordpress\/wp-content\/uploads\/2020\/12\/gianni-mosca.mp3\">https:\/\/www.radiopiu.net\/wordpress\/wp-content\/uploads\/2020\/12\/gianni-mosca.mp3<\/a><\/audio>\n<p>&nbsp;<\/p>\n<p>&nbsp;<\/p>\n<p>&nbsp;<\/p>\n<hr \/>\n<p>&nbsp;<\/p>\n<p><strong>IN REGIONE<\/strong> Ogni giorno qualche miglioramento anche nei numeri ma l&#8217;attenzione resta alta. Ieri \u00e8 stato uguagliato il picco di marzo in terapia intensiva con 356 pazienti. Sul record veneto dei contagi la smentita di Zaia.<em> &#8220;Deve contare solo il rapporto positivi-tamponi non i numeri assoluti&#8221;<\/em> Ricoveri sempre alle stelle, non calano come nel resto d&#8217;Italia conseguenze della decisione di lasciare la Regione in &#8220;giallo&#8221; senza restrizioni (esempio i confini comunali) come altrove. IN <strong>PROVINCIA<\/strong> Due decessi e ancora 80 positivi, in casa di riposo a Feltre 30 ospiti infetti, rientra invece l&#8217;emergenza a Cesio.<\/p>\n<blockquote>\n<h3>DUE DECESSI IN 48 ORE, 80 NUOVI POSITIVI E 11 PERSONE IN TERAPIA INTENSIVA<\/h3>\n<\/blockquote>\n<p><span style=\"color: #4f81bd;\"><span style=\"font-size: medium;\"><b>Decessi (ore 16.00)<\/b><\/span><\/span><span style=\"font-size: medium;\"> (Fonte: Ulss Dolomiti) <\/span><span style=\"font-size: medium;\">Nella giornata di ieri \u00e8 deceduto un uomo covid positivo di 82 anni ricoverato in Pneumologia a Feltre. Oggi \u00e8 deceduta una donna covid positiva di anni 82 ricoverata in Ospedale di Comunit\u00e0 a Feltre.<\/span><i><\/i><b><\/b><\/p>\n<p align=\"JUSTIFY\"><span style=\"color: #c0504d;\"><span style=\"font-size: medium;\"><b>SITUAZIONE EPIDEMIOLOGICA <\/b><\/span><\/span><span style=\"font-size: medium;\"><i>(<\/i><\/span><span style=\"font-size: medium;\"><i><b>dato alle ore 8.00 fonte: Ulss Dolomiti)<\/b><\/i><\/span><\/p>\n<table border=\"1\" width=\"471\" frame=\"HSIDES\" rules=\"NONE\" cellspacing=\"0\" cellpadding=\"7\">\n<tbody>\n<tr valign=\"TOP\">\n<td width=\"248\">\n<p align=\"JUSTIFY\"><span style=\"color: #5f497a;\"><span style=\"font-size: medium;\"><b>nuovi positivi<\/b><\/span><\/span><\/p>\n<p align=\"JUSTIFY\"><span style=\"color: #5f497a;\"><span style=\"font-size: medium;\"><b>nelle ultime 24 ore<\/b><\/span><\/span><\/p>\n<\/td>\n<td width=\"194\">\n<p align=\"CENTER\">80<\/p>\n<\/td>\n<\/tr>\n<\/tbody>\n<\/table>\n<p align=\"JUSTIFY\"><span style=\"font-size: medium;\"><b>Ricoveri <\/b><\/span><\/p>\n<p align=\"JUSTIFY\"><span style=\"font-size: medium;\"><i>(dato alle ore 17.00 fonte: Azienda Zero)<\/i><\/span><\/p>\n<p align=\"JUSTIFY\"><span style=\"font-size: medium;\">Le persone attualmente POSITIVE ricoverate negli ospedali dell\u2019Ulss Dolomiti sono<\/span>:<\/p>\n<table border=\"1\" width=\"652\" frame=\"HSIDES\" rules=\"GROUPS\" cellspacing=\"0\" cellpadding=\"7\">\n<tbody>\n<tr valign=\"TOP\">\n<td width=\"203\"><\/td>\n<td width=\"203\">\n<p align=\"JUSTIFY\"><span style=\"color: #365f91;\"><span style=\"font-size: medium;\"><b>Area NON CRITICA<\/b><\/span><\/span><\/p>\n<\/td>\n<td width=\"203\">\n<p align=\"JUSTIFY\"><span style=\"color: #365f91;\"><span style=\"font-size: medium;\"><b>Terapia Intensiva<\/b><\/span><\/span><\/p>\n<\/td>\n<\/tr>\n<\/tbody>\n<tbody>\n<tr valign=\"TOP\">\n<td bgcolor=\"#d3dfee\" width=\"203\">\n<p align=\"JUSTIFY\"><span style=\"color: #365f91;\"><span style=\"font-size: medium;\"><b>Ospedale di Belluno <\/b><\/span><\/span><\/p>\n<\/td>\n<td bgcolor=\"#d3dfee\" width=\"203\">\n<p align=\"CENTER\"><span style=\"color: #365f91;\"><span style=\"font-size: medium;\">56<\/span><\/span><\/p>\n<\/td>\n<td bgcolor=\"#d3dfee\" width=\"203\">\n<p align=\"CENTER\"><span style=\"color: #365f91;\"><span style=\"font-size: medium;\">3<\/span><\/span><\/p>\n<\/td>\n<\/tr>\n<tr valign=\"TOP\">\n<td bgcolor=\"#d3dfee\" width=\"203\">\n<p align=\"JUSTIFY\"><span style=\"color: #365f91;\"><span style=\"font-size: medium;\"><b>Ospedale di Feltre<\/b><\/span><\/span><\/p>\n<p align=\"JUSTIFY\"><span style=\"color: #365f91;\"><span style=\"font-size: medium;\"><b>Ospedale di Agordo<\/b><\/span><\/span><\/p>\n<\/td>\n<td bgcolor=\"#d3dfee\" width=\"203\">\n<p align=\"CENTER\"><span style=\"color: #365f91;\"><span style=\"font-size: medium;\">57<\/span><\/span><\/p>\n<p align=\"CENTER\"><span style=\"color: #365f91;\"><span style=\"font-size: medium;\">6<\/span><\/span><\/p>\n<\/td>\n<td bgcolor=\"#d3dfee\" width=\"203\">\n<p align=\"CENTER\"><span style=\"color: #365f91;\"><span style=\"font-size: medium;\">8<\/span><\/span><\/p>\n<\/td>\n<\/tr>\n<\/tbody>\n<\/table>\n<p align=\"JUSTIFY\"><span style=\"font-size: medium;\">Le persone attualmente POSITIVE <\/span>ricoverate in Ospedale di Comunit\u00e0 sono:<\/p>\n<table border=\"1\" width=\"652\" frame=\"HSIDES\" rules=\"GROUPS\" cellspacing=\"0\" cellpadding=\"7\">\n<tbody>\n<tr valign=\"TOP\">\n<td width=\"312\"><\/td>\n<td width=\"312\">\n<p align=\"JUSTIFY\"><span style=\"color: #76923c;\"><span style=\"font-size: medium;\"><b>pazienti attualmente positivi<\/b><\/span><\/span><\/p>\n<\/td>\n<\/tr>\n<\/tbody>\n<tbody>\n<tr valign=\"TOP\">\n<td bgcolor=\"#e6eed5\" width=\"312\">\n<p align=\"JUSTIFY\"><span style=\"color: #76923c;\"><span style=\"font-size: medium;\"><b>Ospedale di Comunit\u00e0 AGORDO<\/b><\/span><\/span><\/p>\n<\/td>\n<td bgcolor=\"#e6eed5\" width=\"312\">\n<p align=\"CENTER\"><span style=\"color: #76923c;\"><span style=\"font-size: medium;\">6<\/span><\/span><\/p>\n<\/td>\n<\/tr>\n<tr valign=\"TOP\">\n<td bgcolor=\"#e6eed5\" width=\"312\" height=\"5\">\n<p align=\"JUSTIFY\"><span style=\"color: #76923c;\"><span style=\"font-size: medium;\"><b>Ospedale di Comunit\u00e0 ALANO<\/b><\/span><\/span><\/p>\n<\/td>\n<td bgcolor=\"#e6eed5\" width=\"312\">\n<p align=\"CENTER\"><span style=\"color: #76923c;\"><span style=\"font-size: medium;\">5<\/span><\/span><\/p>\n<\/td>\n<\/tr>\n<tr valign=\"TOP\">\n<td bgcolor=\"#e6eed5\" width=\"312\">\n<p align=\"JUSTIFY\"><span style=\"color: #76923c;\"><span style=\"font-size: medium;\"><b>Ospedale di Comunit\u00e0 AURONZO<\/b><\/span><\/span><\/p>\n<p align=\"JUSTIFY\"><span style=\"color: #76923c;\"><span style=\"font-size: medium;\"><b>Ospedale di Comunit\u00e0 di BELLUNO <\/b><\/span><\/span><\/p>\n<\/td>\n<td bgcolor=\"#e6eed5\" width=\"312\">\n<p align=\"CENTER\"><span style=\"color: #76923c;\"><span style=\"font-size: medium;\">10<\/span><\/span><\/p>\n<p align=\"CENTER\"><span style=\"color: #76923c;\"><span style=\"font-size: medium;\">18<\/span><\/span><\/p>\n<\/td>\n<\/tr>\n<tr valign=\"TOP\">\n<td bgcolor=\"#e6eed5\" width=\"312\">\n<p align=\"JUSTIFY\"><span style=\"color: #76923c;\"><span style=\"font-size: medium;\"><b>Ospedale di Comunit\u00e0 di FELTRE<\/b><\/span><\/span><\/p>\n<\/td>\n<td bgcolor=\"#e6eed5\" width=\"312\">\n<p align=\"CENTER\"><span style=\"color: #76923c;\"><span style=\"font-size: medium;\">10<\/span><\/span><\/p>\n<\/td>\n<\/tr>\n<\/tbody>\n<\/table>\n<p>&nbsp;<\/p>\n<p>&nbsp;<\/p>\n<p>&nbsp;<\/p>\n<p>&nbsp;<\/p>\n<hr \/>\n<blockquote>\n<h3><\/h3>\n<h3>FRANA IN VIA TRAVAZZOI, INTERESSATI QUATTRO CIVICI, I GIARDINI VERSO IL GRETO DELL&#8217;ARDO<\/h3>\n<\/blockquote>\n<p><strong>DA BELLUNO IL SINDACO JACOPO MASSARO<\/strong><\/p>\n<audio class=\"wp-audio-shortcode\" id=\"audio-178227-2\" preload=\"none\" style=\"width: 100%;\" controls=\"controls\"><source type=\"audio\/mpeg\" src=\"https:\/\/www.radiopiu.net\/wordpress\/wp-content\/uploads\/2020\/12\/ASSSSSO-1.mp3?_=2\" \/><a href=\"https:\/\/www.radiopiu.net\/wordpress\/wp-content\/uploads\/2020\/12\/ASSSSSO-1.mp3\">https:\/\/www.radiopiu.net\/wordpress\/wp-content\/uploads\/2020\/12\/ASSSSSO-1.mp3<\/a><\/audio>\n\n\t\t\t<style type='text\/css'>\n\t\t\t\t#gallery-2 {\n\t\t\t\t\tmargin: auto;\n\t\t\t\t}\n\t\t\t\t#gallery-2 .gallery-item {\n\t\t\t\t\tfloat: left;\n\t\t\t\t\tmargin-top: 10px;\n\t\t\t\t\ttext-align: center;\n\t\t\t\t\twidth: 25%;\n\t\t\t\t}\n\t\t\t\t#gallery-2 img {\n\t\t\t\t\tborder: 2px solid #cfcfcf;\n\t\t\t\t}\n\t\t\t\t#gallery-2 .gallery-caption {\n\t\t\t\t\tmargin-left: 0;\n\t\t\t\t}\n\t\t\t\t\/* see gallery_shortcode() in wp-includes\/media.php *\/\n\t\t\t<\/style>\n\t\t<div id='gallery-2' class='dt-gallery-container gallery galleryid-178227 gallery-columns-4 gallery-size-thumbnail'><dl class='gallery-item'>\n\t\t\t\t<dt class='gallery-icon landscape'>\n\t\t\t\t\t<a class=\"rollover rollover-zoom dt-pswp-item\" title=\"69ac5874-5fbc-4e57-86df-6e0598e1f77b\" data-dt-img-description=\"\" data-large_image_width=\"1824\" data-large_image_height=\"1368\"href='https:\/\/www.radiopiu.net\/wordpress\/wp-content\/uploads\/2020\/12\/69ac5874-5fbc-4e57-86df-6e0598e1f77b.jpg'><img loading=\"lazy\" decoding=\"async\" width=\"150\" height=\"150\" src=\"https:\/\/www.radiopiu.net\/wordpress\/wp-content\/uploads\/2020\/12\/69ac5874-5fbc-4e57-86df-6e0598e1f77b-150x150.jpg\" class=\"attachment-thumbnail size-thumbnail\" alt=\"\" \/><\/a>\n\t\t\t\t<\/dt><\/dl><dl class='gallery-item'>\n\t\t\t\t<dt class='gallery-icon landscape'>\n\t\t\t\t\t<a class=\"rollover rollover-zoom dt-pswp-item\" title=\"d0a1f287-7909-48b2-a2db-453e3fbb2056\" data-dt-img-description=\"\" data-large_image_width=\"1824\" data-large_image_height=\"1368\"href='https:\/\/www.radiopiu.net\/wordpress\/wp-content\/uploads\/2020\/12\/d0a1f287-7909-48b2-a2db-453e3fbb2056.jpg'><img loading=\"lazy\" decoding=\"async\" width=\"150\" height=\"150\" src=\"https:\/\/www.radiopiu.net\/wordpress\/wp-content\/uploads\/2020\/12\/d0a1f287-7909-48b2-a2db-453e3fbb2056-150x150.jpg\" class=\"attachment-thumbnail size-thumbnail\" alt=\"\" \/><\/a>\n\t\t\t\t<\/dt><\/dl><dl class='gallery-item'>\n\t\t\t\t<dt class='gallery-icon landscape'>\n\t\t\t\t\t<a class=\"rollover rollover-zoom dt-pswp-item\" title=\"812d8f51-643e-48f6-a66a-6dadd2312a65\" data-dt-img-description=\"\" data-large_image_width=\"1824\" data-large_image_height=\"1368\"href='https:\/\/www.radiopiu.net\/wordpress\/wp-content\/uploads\/2020\/12\/812d8f51-643e-48f6-a66a-6dadd2312a65.jpg'><img loading=\"lazy\" decoding=\"async\" width=\"150\" height=\"150\" src=\"https:\/\/www.radiopiu.net\/wordpress\/wp-content\/uploads\/2020\/12\/812d8f51-643e-48f6-a66a-6dadd2312a65-150x150.jpg\" class=\"attachment-thumbnail size-thumbnail\" alt=\"\" \/><\/a>\n\t\t\t\t<\/dt><\/dl><dl class='gallery-item'>\n\t\t\t\t<dt class='gallery-icon landscape'>\n\t\t\t\t\t<a class=\"rollover rollover-zoom dt-pswp-item\" title=\"ab3d961e-9a84-4b53-b2f2-0df8cde24fd9\" data-dt-img-description=\"\" data-large_image_width=\"1824\" data-large_image_height=\"1368\"href='https:\/\/www.radiopiu.net\/wordpress\/wp-content\/uploads\/2020\/12\/ab3d961e-9a84-4b53-b2f2-0df8cde24fd9.jpg'><img loading=\"lazy\" decoding=\"async\" width=\"150\" height=\"150\" src=\"https:\/\/www.radiopiu.net\/wordpress\/wp-content\/uploads\/2020\/12\/ab3d961e-9a84-4b53-b2f2-0df8cde24fd9-150x150.jpg\" class=\"attachment-thumbnail size-thumbnail\" alt=\"\" \/><\/a>\n\t\t\t\t<\/dt><\/dl><br style=\"clear: both\" \/>\n\t\t\t<\/div>\n\n<p>&nbsp;<\/p>\n<hr \/>\n<p>&nbsp;<\/p>\n<p>&nbsp;<\/p>\n<blockquote>\n<h3>SMALTITE MONTAGNE DI NEVE CON ORE DI STRAORDINARI E RIPOSI SALTATI. LE CRITICHE DI ANDREA FIOCCO, FP CGIL<\/h3>\n<\/blockquote>\n<p><strong><a href=\"https:\/\/www.radiopiu.net\/wordpress\/tormen-e-fiocco-contro-regione-e-ulss1-de-bernardin-contro-la-tormen-e-il-gruppo-sanita\/andrea-fiocco\/\" rel=\"attachment wp-att-43617\"><img loading=\"lazy\" decoding=\"async\" class=\"wp-image-43617 alignleft\" src=\"https:\/\/www.radiopiu.net\/wordpress\/wp-content\/uploads\/2018\/02\/ANDREA-FIOCCO-300x300.jpg\" alt=\"\" width=\"128\" height=\"128\" srcset=\"https:\/\/www.radiopiu.net\/wordpress\/wp-content\/uploads\/2018\/02\/ANDREA-FIOCCO-300x300.jpg 300w, https:\/\/www.radiopiu.net\/wordpress\/wp-content\/uploads\/2018\/02\/ANDREA-FIOCCO-150x150.jpg 150w, https:\/\/www.radiopiu.net\/wordpress\/wp-content\/uploads\/2018\/02\/ANDREA-FIOCCO-768x768.jpg 768w, https:\/\/www.radiopiu.net\/wordpress\/wp-content\/uploads\/2018\/02\/ANDREA-FIOCCO.jpg 960w\" sizes=\"auto, (max-width: 128px) 100vw, 128px\" \/><\/a><\/strong><\/p>\n<p>&nbsp;<\/p>\n<p>&nbsp;<\/p>\n<p><strong>BELLUNO<\/strong> L&#8217;auspicio: il ritorno al piano neve, l&#8217;appello<em> &#8220;modificate le leggi prima che la situazione diventi pesante e pericolosa&#8221;<\/em><\/p>\n<audio class=\"wp-audio-shortcode\" id=\"audio-178227-3\" preload=\"none\" style=\"width: 100%;\" controls=\"controls\"><source type=\"audio\/mpeg\" src=\"https:\/\/www.radiopiu.net\/wordpress\/wp-content\/uploads\/2020\/12\/radio-piu-comuni-neve.mp3?_=3\" \/><a href=\"https:\/\/www.radiopiu.net\/wordpress\/wp-content\/uploads\/2020\/12\/radio-piu-comuni-neve.mp3\">https:\/\/www.radiopiu.net\/wordpress\/wp-content\/uploads\/2020\/12\/radio-piu-comuni-neve.mp3<\/a><\/audio>\n<p>&nbsp;<\/p>\n<p>&nbsp;<\/p>\n<p>&nbsp;<\/p>\n<hr \/>\n<blockquote>\n<h3><\/h3>\n<h3>RIFLESSIONI A CIELO AZZURRO<\/h3>\n<\/blockquote>\n<p style=\"text-align: left;\"><strong> <a href=\"https:\/\/www.radiopiu.net\/wordpress\/giornale-radiopiu-10-dicembre-2020-direttore-mirko-mezzacasa\/242e77d6-20bc-4da1-b177-a2e56d824efa\/\" rel=\"attachment wp-att-178373\"><img loading=\"lazy\" decoding=\"async\" class=\" wp-image-178373 alignleft\" src=\"https:\/\/www.radiopiu.net\/wordpress\/wp-content\/uploads\/2020\/12\/242e77d6-20bc-4da1-b177-a2e56d824efa-300x225.jpg\" alt=\"\" width=\"171\" height=\"128\" srcset=\"https:\/\/www.radiopiu.net\/wordpress\/wp-content\/uploads\/2020\/12\/242e77d6-20bc-4da1-b177-a2e56d824efa-300x225.jpg 300w, https:\/\/www.radiopiu.net\/wordpress\/wp-content\/uploads\/2020\/12\/242e77d6-20bc-4da1-b177-a2e56d824efa-768x576.jpg 768w, https:\/\/www.radiopiu.net\/wordpress\/wp-content\/uploads\/2020\/12\/242e77d6-20bc-4da1-b177-a2e56d824efa.jpg 1024w\" sizes=\"auto, (max-width: 171px) 100vw, 171px\" \/><\/a>BELLUNO<\/strong> Per il presidente della Provincia Roberto Padrin e per il consigliere Massimo Bortoluzzi, l\u2019immagine simbolo di questi giorni \u00e8 l\u2019evacuazione della casa di riposo di Puos d\u2019Alpago, allagata insieme al resto del paese. \u00a0A una prima stima provvisoria risultano esserci oltre 100 frane ed episodi diffusi di dissesto idrogeologico. Diverse strade sono state interessate da rotture e smottamenti. I danni\u00a0 sono frutto di un evento meteo eccezionale. <em>&#8220;Ma non possiamo attribuire ogni colpa al clima\u00a0 non sarebbe corretto. Il problema parte da lontano e si pu\u00f2 riassumere nella cosiddetta \u201ccoperta corta\u201d. Quella per cui, comunque la si tiri, si rimane al freddo. Le risorse sono corte, quelle economiche e quelle di personale&#8221;<\/em>. Padrin\u00a0 e Bortoluzzi ricordano l&#8217;azzeramento della risorse per la viabilit\u00e0, per la Provincia 15 milioni in meno effetto dei provvedimenti Del Rio. <em>&#8220;Qualcosa\u00a0 rimane scoperto. Una volta tocca alla viabilit\u00e0, una volta alla difesa del suolo, un\u2019altra alla scuola, un\u2019altra ancora alla cultura e allo sport. Lo stesso vediamo nel personale&#8221;. <\/em>I due esponenti provinciali segnano la strada per una soluzione, ripristinare le vecchie Province, con capacit\u00e0 di manovra, e con una semplificazione vera e reale, che consenta di agire celermente per le manutenzioni del territorio, e che permetta la filiera corta nel dialogo istituzionale con gli enti di riferimento per i servizi.<em> &#8220;Insomma\u00a0 serve una pianificazione per queste aree del Paese, splendide ma difficili&#8221;.<\/em><\/p>\n<blockquote>\n<h3>VIDEO PRESIDENTE DELLA PROVINCIA ROBERTO PADRIN<\/h3>\n<\/blockquote>\n<p><iframe loading=\"lazy\" title=\"WhatsApp Video 2020 12 09 at 16 25 52\" width=\"1200\" height=\"675\" src=\"https:\/\/www.youtube.com\/embed\/GZwjNCVaMMM?feature=oembed\" frameborder=\"0\" allow=\"accelerometer; autoplay; clipboard-write; encrypted-media; gyroscope; picture-in-picture\" allowfullscreen><\/iframe><\/p>\n<p>&nbsp;<\/p>\n<blockquote>\n<h2>IL CONSIGLIERE PROVINCIALE MASSIMO BORTOLUZZI<\/h2>\n<\/blockquote>\n<audio class=\"wp-audio-shortcode\" id=\"audio-178227-4\" preload=\"none\" style=\"width: 100%;\" controls=\"controls\"><source type=\"audio\/mpeg\" src=\"https:\/\/www.radiopiu.net\/wordpress\/wp-content\/uploads\/2020\/12\/bortoluzzi.mp3?_=4\" \/><a href=\"https:\/\/www.radiopiu.net\/wordpress\/wp-content\/uploads\/2020\/12\/bortoluzzi.mp3\">https:\/\/www.radiopiu.net\/wordpress\/wp-content\/uploads\/2020\/12\/bortoluzzi.mp3<\/a><\/audio>\n<p>&nbsp;<\/p>\n<h2>DOPO SAN TOMASO: 13 EVACUAZIONI A CENCENIGHE, 18 A GOSALDO E 8 AD AGORDO<\/h2>\n<h3>AGGIORNAMENTO DALLA PROVINCIA<\/h3>\n<p><strong><a href=\"https:\/\/www.radiopiu.net\/wordpress\/giornale-radiopiu-09-dicembre-2020-direttore-mirko-mezzacasa\/6c4507a2-c2a5-45c5-8e30-b5298fc7e84c\/\" rel=\"attachment wp-att-178248\"><img loading=\"lazy\" decoding=\"async\" class=\" wp-image-178248 alignleft\" src=\"https:\/\/www.radiopiu.net\/wordpress\/wp-content\/uploads\/2020\/12\/6c4507a2-c2a5-45c5-8e30-b5298fc7e84c-300x225.jpg\" alt=\"\" width=\"240\" height=\"180\" srcset=\"https:\/\/www.radiopiu.net\/wordpress\/wp-content\/uploads\/2020\/12\/6c4507a2-c2a5-45c5-8e30-b5298fc7e84c-300x225.jpg 300w, https:\/\/www.radiopiu.net\/wordpress\/wp-content\/uploads\/2020\/12\/6c4507a2-c2a5-45c5-8e30-b5298fc7e84c.jpg 320w\" sizes=\"auto, (max-width: 240px) 100vw, 240px\" \/><\/a>BELLUNO<\/strong> La situazione sta tornando lentamente alla normalit\u00e0. Le precipitazioni sono in fase di esaurimento.\u00a0 Viabilit\u00e0 &#8211; Anas: i passi restano chiusi, per il resto tutto normale. Veneto Strade: possibile riapertura della Sr48 delle Dolomiti (nel tratto di Arabba) entro la serata. Verr\u00e0 creata una pista di emergenza sul Duran, per il resto passi chiusi. Rimane qualche problema sul San Pellegrino, per caduta di piante.<\/p>\n<p>Vigili del fuoco &#8211; attivit\u00e0 residuali dell\u2019emergenza, i vvf intervengono in queste ore a supporto di Enel e Terna per il ripristino dell\u2019energia elettrica. Blackout &#8211; per Terna sono 5 le linee interessate da guasti. Enel indica circa 1.200 utenze disalimentate (anche perch\u00e9 deve agire controalimentando le linee di alta tensione di Terna). La linea di Campolongo \u00e8 stata ripristinata. Telecom indica una ventina di utenze fuori uso.<\/p>\n<p>Evacuazioni (da inizio emergenza). Le prime evacuazioni a San Tomaso dalla frazione Canacede gi\u00e0 nei primi giorni dell&#8217;emergenza. Cencenighe (13), Gosaldo (18), Alpago (4 + casa di riposo), Agordo (8), Falcade (8), Perarolo (15).<\/p>\n<p>Restano monitorati i principali siti valanghivi.<\/p>\n<p>&nbsp;<\/p>\n<hr \/>\n<p>&nbsp;<\/p>\n<blockquote>\n<h2>ISOLATO A CONTRIN DI LIVINALLONGO, LO PORTANO IN SALVO I VIGILI DEL FUOCO<\/h2>\n<\/blockquote>\n<p><strong><img loading=\"lazy\" decoding=\"async\" class=\"alignleft\" src=\"https:\/\/www.radiopiu.net\/wordpress\/wp-content\/uploads\/2020\/12\/91981c81-b0e5-460b-a1fa-de4dd7860d13.jpg\" width=\"240\" height=\"163\" \/>LIVINALLONGO<\/strong> Tra i numerosi interventi, della squadra valanga dei vigili del fuoco, il raggiungimento con il gatto delle nevi di un signore rimasto in un\u2019abitazione isolata in localit\u00e0 Contrin di Livinallongo Col di Lana a cui sono stati portati degli approvvigionamenti. La stessa squadra a poi lavorato per l\u2019assistenza al personale di Terna per l\u2019ispezione degli elettrodotti.<\/p>\n<p>Sono 200,\u00a0 gli interventi per il maltempo dei vigili del fuoco di Belluno\u00a0 solo nella giornata di ieri, per un totale di oltre 750 operazioni dall\u2019inizio dell\u2019emergenza, a fronte di oltre 1000 chiamate di soccorso. Al lavoro oltre 100 vigili del fuoco tra permanenti e volontari, che ieri\u00a0 hanno operato prevalentemente in Ampezzo, in Comelico e Agordino per taglio piante, sgombero neve da tetti e da strade con l\u2019utilizzo di macchine operatrici.<\/p>\n<p>&nbsp;<\/p>\n<p>&nbsp;<\/p>\n<p>&nbsp;<\/p>\n<hr \/>\n<blockquote>\n<h3><\/h3>\n<h3>SCARICA DI SASSI SULLA PROVINCIALE, FRANA A PERAROLO<\/h3>\n<\/blockquote>\n<p><strong>BELLUNO <\/strong>\u00a0A Perarolo si \u00e8 attivata una frana sulla strada che porta al cimitero, con scarica di sassi sulla provinciale sottostante. Il settore Difesa del Suolo della Provincia \u00e8 in contatto con il sindaco per valutare l\u2019evoluzione.\u00a0A Comelico Superiore, attivato un monitoraggio per le slavine in zona Casamazzagno-San Leonardo.\u00a0Permangono alcuni disagi alle utenze elettriche e telefoniche.<\/p>\n\n\t\t\t<style type='text\/css'>\n\t\t\t\t#gallery-3 {\n\t\t\t\t\tmargin: auto;\n\t\t\t\t}\n\t\t\t\t#gallery-3 .gallery-item {\n\t\t\t\t\tfloat: left;\n\t\t\t\t\tmargin-top: 10px;\n\t\t\t\t\ttext-align: center;\n\t\t\t\t\twidth: 25%;\n\t\t\t\t}\n\t\t\t\t#gallery-3 img {\n\t\t\t\t\tborder: 2px solid #cfcfcf;\n\t\t\t\t}\n\t\t\t\t#gallery-3 .gallery-caption {\n\t\t\t\t\tmargin-left: 0;\n\t\t\t\t}\n\t\t\t\t\/* see gallery_shortcode() in wp-includes\/media.php *\/\n\t\t\t<\/style>\n\t\t<div id='gallery-3' class='dt-gallery-container gallery galleryid-178227 gallery-columns-4 gallery-size-thumbnail'><dl class='gallery-item'>\n\t\t\t\t<dt class='gallery-icon landscape'>\n\t\t\t\t\t<a class=\"rollover rollover-zoom dt-pswp-item\" title=\"ba8976f2-b272-4d1d-af81-bdf8ba278f15\" data-dt-img-description=\"\" data-large_image_width=\"1600\" data-large_image_height=\"1200\"href='https:\/\/www.radiopiu.net\/wordpress\/wp-content\/uploads\/2020\/12\/ba8976f2-b272-4d1d-af81-bdf8ba278f15.jpg'><img loading=\"lazy\" decoding=\"async\" width=\"150\" height=\"150\" src=\"https:\/\/www.radiopiu.net\/wordpress\/wp-content\/uploads\/2020\/12\/ba8976f2-b272-4d1d-af81-bdf8ba278f15-150x150.jpg\" class=\"attachment-thumbnail size-thumbnail\" alt=\"\" \/><\/a>\n\t\t\t\t<\/dt><\/dl><dl class='gallery-item'>\n\t\t\t\t<dt class='gallery-icon landscape'>\n\t\t\t\t\t<a class=\"rollover rollover-zoom dt-pswp-item\" title=\"e93125b3-ea06-442b-b513-b5863eeaa41d\" data-dt-img-description=\"\" data-large_image_width=\"1600\" data-large_image_height=\"1200\"href='https:\/\/www.radiopiu.net\/wordpress\/wp-content\/uploads\/2020\/12\/e93125b3-ea06-442b-b513-b5863eeaa41d.jpg'><img loading=\"lazy\" decoding=\"async\" width=\"150\" height=\"150\" src=\"https:\/\/www.radiopiu.net\/wordpress\/wp-content\/uploads\/2020\/12\/e93125b3-ea06-442b-b513-b5863eeaa41d-150x150.jpg\" class=\"attachment-thumbnail size-thumbnail\" alt=\"\" \/><\/a>\n\t\t\t\t<\/dt><\/dl><dl class='gallery-item'>\n\t\t\t\t<dt class='gallery-icon landscape'>\n\t\t\t\t\t<a class=\"rollover rollover-zoom dt-pswp-item\" title=\"0b2fcea2-d40c-48e7-b0e7-54dfdc614725\" data-dt-img-description=\"\" data-large_image_width=\"1600\" data-large_image_height=\"1200\"href='https:\/\/www.radiopiu.net\/wordpress\/wp-content\/uploads\/2020\/12\/0b2fcea2-d40c-48e7-b0e7-54dfdc614725.jpg'><img loading=\"lazy\" decoding=\"async\" width=\"150\" height=\"150\" src=\"https:\/\/www.radiopiu.net\/wordpress\/wp-content\/uploads\/2020\/12\/0b2fcea2-d40c-48e7-b0e7-54dfdc614725-150x150.jpg\" class=\"attachment-thumbnail size-thumbnail\" alt=\"\" \/><\/a>\n\t\t\t\t<\/dt><\/dl><dl class='gallery-item'>\n\t\t\t\t<dt class='gallery-icon landscape'>\n\t\t\t\t\t<a class=\"rollover rollover-zoom dt-pswp-item\" title=\"dfa62d97-4f00-40b7-8a84-3c115cbfbac8\" data-dt-img-description=\"\" data-large_image_width=\"1600\" data-large_image_height=\"1200\"href='https:\/\/www.radiopiu.net\/wordpress\/wp-content\/uploads\/2020\/12\/dfa62d97-4f00-40b7-8a84-3c115cbfbac8.jpg'><img loading=\"lazy\" decoding=\"async\" width=\"150\" height=\"150\" src=\"https:\/\/www.radiopiu.net\/wordpress\/wp-content\/uploads\/2020\/12\/dfa62d97-4f00-40b7-8a84-3c115cbfbac8-150x150.jpg\" class=\"attachment-thumbnail size-thumbnail\" alt=\"\" \/><\/a>\n\t\t\t\t<\/dt><\/dl><br style=\"clear: both\" \/>\n\t\t\t<\/div>\n\n<p>&nbsp;<\/p>\n<p>&nbsp;<\/p>\n<hr \/>\n<div class=\"page-title-head hgroup\">\n<blockquote>\n<h3><\/h3>\n<h3 class=\"entry-title\">SLAVINA SULLO STAULANZA, IN 45 MINUTI RIAPERTA LA STRADA<\/h3>\n<\/blockquote>\n<\/div>\n<p><strong class=\"photoswipe-wrapper\"><a class=\"dt-pswp-item pspw-wrap-ready\" href=\"https:\/\/www.radiopiu.net\/wordpress\/wp-content\/uploads\/2020\/12\/eae3e0fe-3ae4-430c-a38b-1e3ab83393b9.jpg\" data-dt-img-description=\"\" data-large_image_width=\"320\" data-large_image_height=\"240\"><img loading=\"lazy\" decoding=\"async\" class=\" wp-image-178285 alignleft\" src=\"https:\/\/www.radiopiu.net\/wordpress\/wp-content\/uploads\/2020\/12\/eae3e0fe-3ae4-430c-a38b-1e3ab83393b9-300x225.jpg\" sizes=\"auto, (max-width: 300px) 100vw, 300px\" srcset=\"https:\/\/www.radiopiu.net\/wordpress\/wp-content\/uploads\/2020\/12\/eae3e0fe-3ae4-430c-a38b-1e3ab83393b9-300x225.jpg 300w, https:\/\/www.radiopiu.net\/wordpress\/wp-content\/uploads\/2020\/12\/eae3e0fe-3ae4-430c-a38b-1e3ab83393b9.jpg 320w\" alt=\"\" width=\"255\" height=\"191\" \/><\/a>VAL DI ZOLDO<\/strong>\u00a0 Slavina sul versante zoldano\u00a0 lungo l\u2019unica\u00a0 via praticabile per raggiungere lo zoldano dopo la chiusura della 251 per frana. Ieri alle 9:45 il distacco, alle 10:25 la riapertura a senso unico, sul posto Veneto Strade con tre frese. (foto Moreno, Telegram Viabilit\u00e0 Provincia Belluno).<\/p>\n<p><strong>VENETO STRADE<\/strong>: Una valanga con un\u2019estesa di fronte di circa 30 metri \u00e8 caduta sul Passo Forcella Staulanza costringendo Veneto Strade a chiudere immediatamente il transito ai mezzi.\u00a0<em>\u201cEra l\u2019unico Passo rimasto aperto per collegare l\u2019Alto Zoldano e quindi abbiamo lavorato alacremente per togliere i cumuli di neve \u2013 dice il direttore generale della societ\u00e0 stradale Silvano Vernizzi.\u00a0<\/em>La zona resta fortemente penalizzata in quanto sulla Sp 251 \u201cdella Val di Zoldo e Val Cellina\u201d si sta ancora lavorando per rimuovere completamente la frana caduta quattro giorni fa nel comune di Forno di Zoldo.<\/p>\n<p>&nbsp;<\/p>\n<hr \/>\n<p>&nbsp;<\/p>\n<div class=\"page-title-head hgroup\">\n<blockquote>\n<h3 class=\"entry-title\">ALTO AGORDINO, SCUOLE CHIUSE<\/h3>\n<\/blockquote>\n<p><strong><img loading=\"lazy\" decoding=\"async\" class=\"alignleft\" src=\"https:\/\/www.radiopiu.net\/wordpress\/wp-content\/uploads\/2020\/12\/739123af-b29f-44af-98ca-f66b3b236d3c.jpg\" width=\"150\" height=\"112\" \/>ALLEGHE<\/strong> E&#8217; tanta la neve caduta in Valle del Cordevole, operai comunali, volontari sono al lavoro incessantemente per rimettere ordine alla viabilit\u00e0 imbiancata. Strade insidiose anche per gli scuolabus. Lo stato della viabilit\u00e0 sulle strade comunali \u00e8 critico e per questo il preside e i sindaci di Rocca Pietore, Colle Santa Lucia, Alleghe, il commissario di Selva di Cadore, hanno condiviso la decisione di emettere l&#8217;ordinanza per prorogare la chiusura di tutte le scuole dei territori fino a oggi compreso. Ad Alleghe l&#8217;ordinanza interessa la scuola primaria, dell&#8217;infanzia e le medie di Caprile. Rocca Pietore: sospensione delle attivit\u00e0 della scuola dell&#8217;infanzia di Sottoguda e Primaria di Rocca Pietore anche per venerdi 11 dicembre. Rimangono chiuse anche tutte le scuole in Comune di Livinallongo. Scuole chiuse per due giorni anche in Valle del Biois, a Falcade a casa anche gli studenti dell&#8217;Alberghiero De Rossi, cos\u00ec gli studenti di Vallada e Canale d&#8217;Agordo.<\/p>\n<\/div>\n<div class=\"page-title-breadcrumbs\"><\/div>\n<p>&nbsp;<\/p>\n<hr \/>\n<p>&nbsp;<\/p>\n<blockquote class=\"wp-embedded-content\" data-secret=\"pvMOJ8dvZZ\"><p><a href=\"https:\/\/www.radiopiu.net\/wordpress\/le-foto-di-raffaello-dal-comelico-da-costa-di-san-nicolo-di-comelico\/\">LE FOTO DI RAFFAELLO DAL COMELICO DA COSTA DI SAN NICOLO&#8217; DI COMELICO<\/a><\/p><\/blockquote>\n<p><iframe loading=\"lazy\" class=\"wp-embedded-content\" sandbox=\"allow-scripts\" security=\"restricted\" style=\"position: absolute; clip: rect(1px, 1px, 1px, 1px);\" title=\"&#8220;LE FOTO DI RAFFAELLO DAL COMELICO DA COSTA DI SAN NICOLO&#8217; DI COMELICO&#8221; &#8212; Radio Pi\u00f9\" src=\"https:\/\/www.radiopiu.net\/wordpress\/le-foto-di-raffaello-dal-comelico-da-costa-di-san-nicolo-di-comelico\/embed\/#?secret=pvMOJ8dvZZ\" data-secret=\"pvMOJ8dvZZ\" width=\"600\" height=\"338\" frameborder=\"0\" marginwidth=\"0\" marginheight=\"0\" scrolling=\"no\"><\/iframe><\/p>\n<p>&nbsp;<\/p>\n<hr \/>\n<p>&nbsp;<\/p>\n<blockquote>\n<h3>SENTITE CONDOGLIANZE DAL PRESIDENTE MA IN QUELLA CASA NON E&#8217;\u00a0 MORTO NESSUNO<\/h3>\n<\/blockquote>\n<p><strong><a href=\"https:\/\/www.radiopiu.net\/wordpress\/giornale-radiopiu-27-luglio-2019-direttore-mirko-mezzacasa\/la-valle-5\/\" rel=\"attachment wp-att-93156\"><img loading=\"lazy\" decoding=\"async\" class=\" wp-image-93156 alignleft\" src=\"https:\/\/www.radiopiu.net\/wordpress\/wp-content\/uploads\/2019\/07\/LA-VALLE.jpg\" alt=\"\" width=\"186\" height=\"139\" \/><\/a>LA VALLE\u00a0 <\/strong>Quando la presunta vedova ha aperto il telegramma non ha gradito le condoglianze del Presidente della Regione Luca Zaia, perch\u00e9 il suo A. \u00e8 ancora vivo. In non buone condizioni di salute, ma vivo tra le mura domestiche tra i propri cari a Lantrago<strong>.\u00a0 <\/strong><em>&#8220;<\/em><em>Carissimi vi sono vicino in questo momento di profondo dolore per la perdita dell&#8217;amato A. Condoglianze, Luca Zaia Presidente Regione Veneto&#8221;.<\/em> Questo il testo del messaggio inviato dal palazzo regionale ed \u00e8 chiaro che \u00e8 un errore. A raccontarci la storia \u00e8 Ivan, tra l&#8217;altro preoccupato per come si sta evolvendo la malattia di A. <em>&#8220;Iniziando dal telegramma posso dire solo che ci siamo rimasti malissimo, ma mi sembra logico. Mi dispiace per mia suocera soprattutto gi\u00e0 provata dalla malattia del marito&#8221;.<\/em> A questo proposito Ivan si sfoga <em>&#8220;Era stato portato in ospedale per covid, curato e poi rimandato a casa ancora positivo. E&#8217; di difficile gestione soprattutto quando completa la terapia. Ci dicono che non si pu\u00f2 ricoverare in ospedale, le abbiamo provate tutte e telefonato ovunque anche al responsabile dei servizi domiciliari.Stiamo attendendo una risposta&#8221;.<\/em><\/p>\n<p>&nbsp;<\/p>\n<p>&nbsp;<\/p>\n<p>&nbsp;<\/p>\n<hr \/>\n<blockquote>\n<h3><\/h3>\n<h1>Salviamo i paesi Ren e Coltamai dall&#8217;isolamento<\/h1>\n<\/blockquote>\n<p><strong>Da Gosaldo la petizione on line inviata al sindaco Stefano Da Zanche, al Comune di Gosaldo, alla Regione Veneto, al Presidente Luca Zaia e a Veneto Strade<\/strong><\/p>\n<p><img decoding=\"async\" src=\"https:\/\/www.radiopiu.net\/wordpress\/wp-content\/uploads\/2020\/12\/BpUYRwcnLBnpYsb-800x450-noPad.jpg\" \/>Ognuno di noi ha un posto magico nel proprio cuore. Un posto che gli ha regalato momenti di gioia e serenit\u00e0 pura. Per noi questo posto si racchiude nei piccoli paesi di Ren e Coltamai, alle porte del Parco Nazionale delle Dolomiti Bellunesi nel comune di Gosaldo (BL). Un piccolo angolo di paradiso incontaminato, immerso nella natura e nel bel mezzo del sentiero tematico &#8220;La montagna dimenticata&#8221;, che porta verso gli antichi siti minerari di Vallalta. Anni di incuria e poca manutenzione, purtroppo, stanno mettendo a rischio non solo l&#8217;esistenza di questi posti, ma soprattutto la possibilit\u00e0 stessa di poterli vivere. Dopo Vaia \u00e8 infatti arrivata, il 6 dicembre, una nuova alluvione che ha segnato profondamente il paesaggio attorno a queste localit\u00e0 e ne ha privato l&#8217;accesso da parte di chiunque, residenti compresi! Chiediamo pertanto che le autorit\u00e0 s&#8217;impegnino, fin da ora, affinch\u00e9 questi luoghi rimangano &#8220;vivi&#8221; e agibili e non vengano totalmente abbandonati come accadde alla vicina localit\u00e0 California, dopo l\u2019ormai famosa alluvione del 1966. Noi tutti vogliamo che non si aggiunga una nuova meta fantasma al famoso sentiero tematico \u201cLa montagna dimenticata\u201d.<\/p>\n<h1>ENTRA E FIRMA LA PETIZIONE <strong><span style=\"color: #0000ff;\"><a style=\"color: #0000ff;\" href=\"https:\/\/www.change.org\/p\/sindaco-di-gosaldo-salviamo-i-paesi-ren-e-coltamai-dall-isolamento?signed=true\">CLICCA QUI\u00a0<\/a><\/span><\/strong><\/h1>\n<blockquote><p>&nbsp;<\/p>\n<p>&nbsp;<\/p><\/blockquote>\n<hr \/>\n<blockquote><p>&nbsp;<\/p>\n<p>&nbsp;<\/p>\n<h2>OGGI SUL CORRIERE DELLE ALPI:<\/h2>\n<\/blockquote>\n<p><strong>di Stefano De Barba<\/strong><\/p>\n<h3>Il Consiglio di Stato ha detto &#8220;no&#8221; al centro islamico a Fonzaso<\/h3>\n<p><em>Accolto dopo sei anni il ricorso del Comune: in quella zona di Arten non sono possibili luoghi di culto<\/em><\/p>\n<p><strong>FONZASO <\/strong>Il centro islamico ad Arten non si pu\u00f2 fare. Lo ha deciso il Consiglio di Stato, accogliendo dopo sei anni il ricorso in appello del Comune e respingendo le argomentazioni della propriet\u00e0, l&#8217;impresa di costruzioni Samaria, che dovr\u00e0 ora pagare le spese del doppio grado di giudizio. Per i giudici della quarta sezione del Consiglio di Stato, infatti, c&#8217;\u00e8 poco da girarci attorno: l&#8217;ampliamento dello stabile di Arten gi\u00e0 esistente chiesto dall&#8217;impresa per realizzarvi tra l&#8217;altro una sala di preghiera \u00abnon appare compatibile con la destinazione urbanistica n\u00e9 della zona, n\u00e9 dell&#8217;edificio che si va ad ampliare in deroga ai limiti di cubatura disponibili\u00bb. Ed il Comune di Fonzaso aveva quindi ragione a negare il permesso di avviare i lavori. La storia del grande stabile al grezzo vicino agli impianti sportivi si trascinava ormai da sei anni&#8230;<\/p>\n<blockquote><p>&nbsp;<\/p>\n<p>&nbsp;<\/p><\/blockquote>\n<hr \/>\n<blockquote>\n<h3>MALTEMPO, BOND (FI): \u00abBASTA BLACKOUT IN MONTAGNA, BISOGNA INTERRARE LE LINEE ELETTRICHE\u00bb<\/h3>\n<\/blockquote>\n<p><strong><a href=\"https:\/\/www.radiopiu.net\/wordpress\/giornale-radiopiu-26-luglio-2019-direttore-mirko-mezzacasa\/dario-bond-6\/\" rel=\"attachment wp-att-93051\"><img loading=\"lazy\" decoding=\"async\" class=\"size-medium wp-image-93051 alignleft\" src=\"https:\/\/www.radiopiu.net\/wordpress\/wp-content\/uploads\/2019\/07\/Dario-Bond-300x200.jpg\" alt=\"\" width=\"300\" height=\"200\" srcset=\"https:\/\/www.radiopiu.net\/wordpress\/wp-content\/uploads\/2019\/07\/Dario-Bond-300x200.jpg 300w, https:\/\/www.radiopiu.net\/wordpress\/wp-content\/uploads\/2019\/07\/Dario-Bond-768x512.jpg 768w, https:\/\/www.radiopiu.net\/wordpress\/wp-content\/uploads\/2019\/07\/Dario-Bond-1024x683.jpg 1024w\" sizes=\"auto, (max-width: 300px) 100vw, 300px\" \/><\/a>ROMA<\/strong> \u00abL\u2019ultima ondata di maltempo ha fatto tornare alla ribalta un problema annoso, quello delle linee elettriche, cadute a terra sotto il peso della neve e delle piante cadute. Un problema che non esisterebbe se gli elettrodotti fossero interrati, dove possibile\u00bb. \u00c8 quanto afferma in una nota il deputato di Forza Italia, Dario Bond. \u00abCon l\u2019evento meteo degli ultimi giorni la montagna bellunese ha rivissuto scene viste con Vaia e con la grande nevicata dell\u2019inverno 2013-2014. Scene che speravamo di non vedere pi\u00f9. Nella parte alta della provincia molte case e famiglie sono rimaste senza luce, un problema dipendente certo dal maltempo, ma la neve in montagna c\u2019\u00e8 sempre stata. Vedere tralicci piegati e linee elettriche a terra per la caduta di piante fa male, soprattutto se si pensa che si potrebbe evitare tutto ci\u00f2, ed evitare ai bellunesi ulteriori disagi, semplicemente con l\u2019interramento degli elettrodotti. \u00c8 una battaglia che porteremo avanti. Anche perch\u00e9 linee elettriche interrate, dove possibile, significa eliminare impatto visivo\u00bb.<\/p>\n<p>&nbsp;<\/p>\n<hr \/>\n<p>&nbsp;<\/p>\n<blockquote>\n<h3>AI FREQUENTATORI DELLA MONTAGNA L&#8217;APPELLO AL BUONSENSO<\/h3>\n<\/blockquote>\n<p><strong><img loading=\"lazy\" decoding=\"async\" class=\"alignleft\" src=\"https:\/\/www.radiopiu.net\/wordpress\/wp-content\/uploads\/2020\/12\/salt_20201209_151033_618.jpg\" width=\"220\" height=\"165\" \/>BELLUNO<\/strong> l&#8217;appello del Soccorso Alpino \u00e8 rivolto ai frequentatori abituali della montagna in veste invernale, ma soprattutto a quanti vi si avventureranno per la prima volta o con poca esperienza alle spalle. Dalla riapertura post lockdown di maggio gli interventi nel 2020 hanno raggiunto un numero mai registrato in precedenza, con tante emergenze legate a un approccio purtroppo superficiale, all\u2019impreparazione, a inadeguati abbigliamento e attrezzatura. Il timore \u00e8 che un\u2019analoga situazione si manifesti nelle prossime settimane, con scialpinisti, ciaspolatori, escursionisti alle prime armi, che possano mettersi in situazioni di rischio. Sulla neve non esitate a contattare Guide Alpine e istruttori del Cai per avere informazioni. Non muovetevi mai senza avere controllato il bollettino meteo e neve\/valanghe, dotatevi dei dispositivi di autosoccorso. Attenzione inoltre alle scivolate sul ghiaccio a qualsiasi quota.Dove la neve non \u00e8 arrivata, specie nelle esposizioni a nord, gli affioramenti d&#8217;acqua si trasformano in scivoli pericolosi. Ramponcini, catenelle e similari, sono adatti solo alle strade pianeggianti o ai terreni con lieve pendenza. In tutti gli altri casi i rampon. In questi mesi le ore di luce sono poche, meglio\u00a0 avvertite i congiunti della meta.<\/p>\n<p>&nbsp;<\/p>\n<hr \/>\n<p>&nbsp;<\/p>\n<blockquote>\n<h3>\u00a0BASSO FELTRINO: CAMBIO MEDICO<\/h3>\n<\/blockquote>\n<p><strong>FELTRE<\/strong> Dal 31 Dicembre 2020 , nell&#8217;ambito territoriale dei Comuni di Alano di Piave, Arsi\u00e8, Feltre, Fonzaso, Lamon, Pedavena, Quero Vas, Seren del Grappa e Sovramonte cesser\u00e0 l\u2019attivit\u00e0 di pediatra di libera scelta Francesco De Bortoli. Contestualmente, presso lo stesso ambito, dal 1\u00b0 Gennaio 2021 \u2013 a conclusione delle procedure di copertura della zona carente &#8211; sar\u00e0 inserito il nuovo pediatra di libera scelta, Marco FILIPPONE, con incarico a tempo indeterminato. Il nuovo pediatra eserciter\u00e0 la propria attivit\u00e0 su appuntamento nell\u2019ambulatorio di Feltre in Piazzale Parmeggiani, 19. Il numero di telefono per contattare il pediatra \u00e8 389 1234583.<\/p>\n<p>&nbsp;<\/p>\n<p>&nbsp;<\/p>\n<hr \/>\n<p>&nbsp;<\/p>\n<blockquote class=\"wp-embedded-content\" data-secret=\"6D4M8X3Gwv\"><p><a href=\"https:\/\/www.radiopiu.net\/wordpress\/9dic\/\">90 DECESSI E OLTRE 3300 NUOVI POSITIVI<\/a><\/p><\/blockquote>\n<p><iframe loading=\"lazy\" class=\"wp-embedded-content\" sandbox=\"allow-scripts\" security=\"restricted\" style=\"position: absolute; clip: rect(1px, 1px, 1px, 1px);\" title=\"&#8220;90 DECESSI E OLTRE 3300 NUOVI POSITIVI&#8221; &#8212; Radio Pi\u00f9\" src=\"https:\/\/www.radiopiu.net\/wordpress\/9dic\/embed\/#?secret=6D4M8X3Gwv\" data-secret=\"6D4M8X3Gwv\" width=\"600\" height=\"338\" frameborder=\"0\" marginwidth=\"0\" marginheight=\"0\" scrolling=\"no\"><\/iframe><\/p>\n<p>&nbsp;<\/p>\n<blockquote class=\"wp-embedded-content\" data-secret=\"PyUhApf94i\"><p><a href=\"https:\/\/www.radiopiu.net\/wordpress\/agg-dic-09\/\">CORONAVIRUS: AGGIORNAMENTO NAZIONALE 09 DICEMBRE<\/a><\/p><\/blockquote>\n<p><iframe loading=\"lazy\" class=\"wp-embedded-content\" sandbox=\"allow-scripts\" security=\"restricted\" style=\"position: absolute; clip: rect(1px, 1px, 1px, 1px);\" title=\"&#8220;CORONAVIRUS: AGGIORNAMENTO NAZIONALE 09 DICEMBRE&#8221; &#8212; Radio Pi\u00f9\" src=\"https:\/\/www.radiopiu.net\/wordpress\/agg-dic-09\/embed\/#?secret=PyUhApf94i\" data-secret=\"PyUhApf94i\" width=\"600\" height=\"338\" frameborder=\"0\" marginwidth=\"0\" marginheight=\"0\" scrolling=\"no\"><\/iframe><\/p>\n<p>&nbsp;<\/p>\n<p>&nbsp;<\/p>\n<hr \/>\n<p>&nbsp;<\/p>\n<p>&nbsp;<\/p>\n<h2>I GRAFICI DI TIZIANO DE COL<\/h2>\n\n\t\t\t<style type='text\/css'>\n\t\t\t\t#gallery-4 {\n\t\t\t\t\tmargin: auto;\n\t\t\t\t}\n\t\t\t\t#gallery-4 .gallery-item {\n\t\t\t\t\tfloat: left;\n\t\t\t\t\tmargin-top: 10px;\n\t\t\t\t\ttext-align: center;\n\t\t\t\t\twidth: 33%;\n\t\t\t\t}\n\t\t\t\t#gallery-4 img {\n\t\t\t\t\tborder: 2px solid #cfcfcf;\n\t\t\t\t}\n\t\t\t\t#gallery-4 .gallery-caption {\n\t\t\t\t\tmargin-left: 0;\n\t\t\t\t}\n\t\t\t\t\/* see gallery_shortcode() in wp-includes\/media.php *\/\n\t\t\t<\/style>\n\t\t<div id='gallery-4' class='dt-gallery-container gallery galleryid-178227 gallery-columns-3 gallery-size-thumbnail'><dl class='gallery-item'>\n\t\t\t\t<dt class='gallery-icon landscape'>\n\t\t\t\t\t<a class=\"rollover rollover-zoom dt-pswp-item\" title=\"38b4975a-db20-4efe-aa66-234c5ae148d9\" data-dt-img-description=\"\" data-large_image_width=\"598\" data-large_image_height=\"354\"href='https:\/\/www.radiopiu.net\/wordpress\/wp-content\/uploads\/2020\/12\/38b4975a-db20-4efe-aa66-234c5ae148d9.jpg'><img loading=\"lazy\" decoding=\"async\" width=\"150\" height=\"150\" src=\"https:\/\/www.radiopiu.net\/wordpress\/wp-content\/uploads\/2020\/12\/38b4975a-db20-4efe-aa66-234c5ae148d9-150x150.jpg\" class=\"attachment-thumbnail size-thumbnail\" alt=\"\" \/><\/a>\n\t\t\t\t<\/dt><\/dl><dl class='gallery-item'>\n\t\t\t\t<dt class='gallery-icon landscape'>\n\t\t\t\t\t<a class=\"rollover rollover-zoom dt-pswp-item\" title=\"c317dbff-e779-4f66-8360-f88b7666f286\" data-dt-img-description=\"\" data-large_image_width=\"656\" data-large_image_height=\"373\"href='https:\/\/www.radiopiu.net\/wordpress\/wp-content\/uploads\/2020\/12\/c317dbff-e779-4f66-8360-f88b7666f286.jpg'><img loading=\"lazy\" decoding=\"async\" width=\"150\" height=\"150\" src=\"https:\/\/www.radiopiu.net\/wordpress\/wp-content\/uploads\/2020\/12\/c317dbff-e779-4f66-8360-f88b7666f286-150x150.jpg\" class=\"attachment-thumbnail size-thumbnail\" alt=\"\" \/><\/a>\n\t\t\t\t<\/dt><\/dl><dl class='gallery-item'>\n\t\t\t\t<dt class='gallery-icon landscape'>\n\t\t\t\t\t<a class=\"rollover rollover-zoom dt-pswp-item\" title=\"0177abfc-5585-4cb4-8c93-63420bcd9d86\" data-dt-img-description=\"\" data-large_image_width=\"596\" data-large_image_height=\"371\"href='https:\/\/www.radiopiu.net\/wordpress\/wp-content\/uploads\/2020\/12\/0177abfc-5585-4cb4-8c93-63420bcd9d86.jpg'><img loading=\"lazy\" decoding=\"async\" width=\"150\" height=\"150\" src=\"https:\/\/www.radiopiu.net\/wordpress\/wp-content\/uploads\/2020\/12\/0177abfc-5585-4cb4-8c93-63420bcd9d86-150x150.jpg\" class=\"attachment-thumbnail size-thumbnail\" alt=\"\" \/><\/a>\n\t\t\t\t<\/dt><\/dl><br style=\"clear: both\" \/>\n\t\t\t<\/div>\n\n<p>&nbsp;<\/p>\n<hr \/>\n<blockquote>\n<h2><\/h2>\n<h2><\/h2>\n<h2>CURVA IN STALLO SI ATTENDE LA DISCESA, MA ANCORA 2400 POSITIVI. FONDAMENTALE IL DISTANZIAMENTO &#8220;Non \u00e8 vero che il Veneto \u00e8 la Regione pi\u00f9 contagiata d&#8217;Italia, ma quella che cerca maggiormente i positivi&#8221;- PUNTO STAMPA DI ZAIA<\/h2>\n<\/blockquote>\n<blockquote>\n<h2>LEGGI LA CONFERENZA STAMPA DI LUCA ZAIA<\/h2>\n<\/blockquote>\n<p><em>Non \u00e8 vero che il Veneto \u00e8 la Regione pi\u00f9 contagiata d&#8217;Italia, ma quella che cerca maggiormente i positivi. Regioni con pi\u00f9 abitanti di noi fanno meno tamponi di noi.\u00a0 E&#8217; da marzo che invito a non guardare i dati assoluti. Chi cerca trova, chi non li cerca non li trova come con i Pfas dove abbiamo speso 6 milioni di euro per creare un laboratorio.<\/em><\/p>\n<blockquote>\n<h5><em>Oggi ospiti la dottoressa Francesca Russo &#8211; tanti positivi in vento &#8211;\u00a0 e la vice presidente Elisa De Berti assessore ai trasporti &#8211; presentato il nuovo piano-\u00a0<\/em><\/h5>\n<\/blockquote>\n<p><strong><a href=\"https:\/\/www.radiopiu.net\/wordpress\/giornale-radiopiu-10-dicembre-2020-direttore-mirko-mezzacasa\/397c5a76-b411-4deb-a305-5c94beb03d84\/\" rel=\"attachment wp-att-178367\"><img loading=\"lazy\" decoding=\"async\" class=\" wp-image-178367 alignleft\" src=\"https:\/\/www.radiopiu.net\/wordpress\/wp-content\/uploads\/2020\/12\/397c5a76-b411-4deb-a305-5c94beb03d84-300x225.jpg\" alt=\"\" width=\"179\" height=\"134\" srcset=\"https:\/\/www.radiopiu.net\/wordpress\/wp-content\/uploads\/2020\/12\/397c5a76-b411-4deb-a305-5c94beb03d84-300x225.jpg 300w, https:\/\/www.radiopiu.net\/wordpress\/wp-content\/uploads\/2020\/12\/397c5a76-b411-4deb-a305-5c94beb03d84-1024x768.jpg 1024w, https:\/\/www.radiopiu.net\/wordpress\/wp-content\/uploads\/2020\/12\/397c5a76-b411-4deb-a305-5c94beb03d84-768x576.jpg 768w, https:\/\/www.radiopiu.net\/wordpress\/wp-content\/uploads\/2020\/12\/397c5a76-b411-4deb-a305-5c94beb03d84-1536x1152.jpg 1536w, https:\/\/www.radiopiu.net\/wordpress\/wp-content\/uploads\/2020\/12\/397c5a76-b411-4deb-a305-5c94beb03d84.jpg 1600w\" sizes=\"auto, (max-width: 179px) 100vw, 179px\" \/><\/a>CURVE<\/strong> Dal primo giorno c&#8217;\u00e8 stata una crescita graduale senza impennate iniziali, ipotizziamo di essere arrivati nella parte alta, da 4-5 giorni si forma un pianoro e speriamo che decresca. I fattori fondamentali sono che abbiamo un terzo dei positivi rispetto a marzo pur con qualche ricovero in pi\u00f9 (600) di mezzo c&#8217;\u00e8 il differenziale che non c&#8217;\u00e8 stato il lockdown che pesa in maniera negativa. Poi c&#8217;\u00e8 il tema del distanziamento sociale. Il virus \u00e8 presente allo 0.8-1% della popolazione, cio\u00e8 uno su cento e da qui nasce il principio del distanziamento sociale. Anche ieri abbiamo visto il collasso delle strade nonostante l&#8217;appello a non andare in montagna. Il rischio \u00e8 altissimo in montagna e la neve non sta certo ferma e anche oggi abbiamo 2400 nuovi contagiati ma facciamo una strage di tamponi fino a 60 mila al mese. <strong>I TANTI CONTAGI VENETI<\/strong> facciamo moltissimi tamponi, abbiamo un modello unico nel suo genere, .\u00a0 Ci sono regioni che non fanno test rapidi, ma a me interessa sottolineare che se facessimo pi\u00f9 tamponi troveremmo pi\u00f9 positivi. Noi presentiamo al Governo tutti i risultati dei tamponi, anche quelli rapidi, e siamo due, tre regioni che adottiamo questo comportamento. Ho invitato la dottoressa Russo perch\u00e9 vorremmo capire ufficialmente come mai registriamo tutti questi contagi.<\/p>\n<p>&nbsp;<\/p>\n<h3>LA DOTTORESSA FRANCESCA RUSSO<\/h3>\n<blockquote><p><em><strong>Ora c&#8217;\u00e8 la decrescita riducendosi la capacit\u00e0 di diffusione, ci sar\u00e0 una lenta decrescita, un flessione. Questo dipender\u00e0 dalla capacit\u00e0 che avremo di impostare il piano vaccinale e sar\u00e0 cos\u00ec in tutto il mondo. Dai dati che ho analizzato non sono tali da farci scivolare in area arancione. Incidenza stimata 413 su 100mila al 2 dicembre.<\/strong><\/em><\/p><\/blockquote>\n<p><a href=\"https:\/\/www.radiopiu.net\/wordpress\/il-punto-stampa-di-luca-zaia-sullemergenza-covid-19\/ce2e1d43-a711-4eb8-9a36-15c6439836a8\/\" rel=\"attachment wp-att-178348\"><img loading=\"lazy\" decoding=\"async\" class=\" wp-image-178348 alignleft\" src=\"https:\/\/www.radiopiu.net\/wordpress\/wp-content\/uploads\/2020\/12\/ce2e1d43-a711-4eb8-9a36-15c6439836a8-300x225.jpg\" alt=\"\" width=\"208\" height=\"156\" srcset=\"https:\/\/www.radiopiu.net\/wordpress\/wp-content\/uploads\/2020\/12\/ce2e1d43-a711-4eb8-9a36-15c6439836a8-300x225.jpg 300w, https:\/\/www.radiopiu.net\/wordpress\/wp-content\/uploads\/2020\/12\/ce2e1d43-a711-4eb8-9a36-15c6439836a8-1024x768.jpg 1024w, https:\/\/www.radiopiu.net\/wordpress\/wp-content\/uploads\/2020\/12\/ce2e1d43-a711-4eb8-9a36-15c6439836a8-768x576.jpg 768w, https:\/\/www.radiopiu.net\/wordpress\/wp-content\/uploads\/2020\/12\/ce2e1d43-a711-4eb8-9a36-15c6439836a8-1536x1152.jpg 1536w, https:\/\/www.radiopiu.net\/wordpress\/wp-content\/uploads\/2020\/12\/ce2e1d43-a711-4eb8-9a36-15c6439836a8.jpg 1600w\" sizes=\"auto, (max-width: 208px) 100vw, 208px\" \/><\/a>Con le stesse modalit\u00e0 di calcolo si pu\u00f2 fare il confronto, ma non con strategie e modalit\u00e0 di calcolo diverse. Il tema \u00e8 quello della percentuale dei positivi sui tamponi fatti, una regola delle 21 per la colorazione delle regioni il venerdi. Ci permette di capire la diffusione dell&#8217;epidemia nei territori. Ma il calcolo non va di pari passo con lo sviluppo della diagnostica. Da aprile \u00e8 esplosa l&#8217;evoluzione della diagnostica e sono stati portati avanti con logiche diverse i test rapidi. Come regione abbiamo punto molto su questo era il nostro obiettivo: isolare subito i positivi. Questo ha aumentato il numero di tamponi aggiungendo alla nostra capacit\u00e0 di fare tamponi molecolari (gi\u00e0 implementati nei mesi scorsi) i tamponi rapidi. I tamponi rapidi non \u00e8 solo per intercettare i sospetti ma anche i contatti stretti del positivo che allarga il cerchio d&#8217;indagine. Questo permette di intercettare molto positivi asintomatici, non \u00e8 cos\u00ec in tutte le Regioni. In Lazio ad esempio \u00e8 stata tolta la ricerca dell&#8217;asintomatico. Oggi tutti i positivi al tampone rapido devono sottoporsi al tampone molecolare e quindi la nostra disponibilit\u00e0 diagnostica \u00e8 molto ampia. Utilizziamo una grande quantit\u00e0 di test non standardizzati. Come Regioni abbiamo cercato di interloquire con il Ministero mettendo in evidenza le discrepanze. I dati delle Regioni non sono confrontabili tra Regioni al pari di altri criteri come i ricoveri o le terapie intensive. Ci interessa calcolare si i positivi ma anche l&#8217;incidenza. Nelle varie settimane di confronto abbiamo avuto una salita graduale, c&#8217;\u00e8 stato un plateau e stiamo lentamente scendendo. da 435 su 100 mila siamo passati a 413 su 100 mila che significa timida discesa dei postivi ma aumentano le terapie intensive in seguito ai tanti ricoveri del passato, \u00e8 chiaro che il trand \u00e8 diverso. <strong>L&#8217;ETA&#8217;<\/strong> ci sono differenze tra regioni perch\u00e9 la fascia pi\u00f9\u00a0 colpita \u00e8 quella degli ultra ottantenni il cui numero varia da regione a regione. Anche L&#8217;istituto di sanit\u00e0 fa faticare a fare comparazioni e raffronti. Pi\u00f9 si standardizza e pi\u00f9 i dati diventano confrontabili. Abbiamo un indicatore importante che \u00e8 quello che valuta la capacit\u00e0 di una regione di individuare lo stato clinico dei positivi: capire chi sono gli asintomatici e i sintomatici. Esiste una soglia del 60% che non deve essere ridotta perch\u00e9 questo parametro sia ritenuto valido, noi abbiamo l&#8217;85.5% ed \u00e8 considerato capacit\u00e0 di una regione di solidit\u00e0 del sistema di monitoraggio, da qui viene calcolato l&#8217;Rt. Abbiamo rafforzato moltissimo il contact tracing proprio per mantenere questo parametro alto. <strong>QUANTO CIRCOLA IL VIRUS? E&#8217; PIU&#8217; AGGRESSIVO DELLE PREVISIONI.<\/strong> Si sta comportando come altri virus simili come la pandemia influenzale del 2009 comparsa in maniera improvvisa. Ha avuto una gravit\u00e0 diversa rispetto a quanto ci aspettavamo. Anche allora c&#8217;era stato un acquisto centralizzato del vaccino prodotto in maniera veloce, ma era pi\u00f9 facile da fare. Un virus che si \u00e8 comportato in maniera diversa di come ce l&#8217;aspettavamo, cio\u00e8 meno aggressivo. Adesso nel 2020 abbiamo un virus sconosciuto che arriva e che nessuno poteva prevederne il comportamento. E&#8217; comunque come tutti i virus che generano pandemia: una prima ondata, un flessione (temperature pi\u00f9 alte) e ricompare in autunno. Non era prevedibile che ci fosse un tipo di andamento in numerosit\u00e0 dei casi superiori a quello di prima ma \u00e8 vero parzialmente perch\u00e9 \u00e8 aumentata la capacit\u00e0 diagnostica.\u00a0 Finch\u00e9 non arriva il vaccino mi sento in trappola, non credo che possiamo pensare di vivere in un sistema di restrizioni e allentamenti, con il terrore di incontrare gli altri, con la paura di tutto e tutti, senza una prospettiva.\u00a0<b> <\/b>L&#8217;Rt della regione \u00e8 stato sempre sotto 1.25 dobbiamo aspettare che cali piano piano. La valutazione del Covid in regione viene fatta su pi\u00f9 parametri e non solo su questo.<\/p>\n<h3>ELISA DE BERTI\u00a0 ASSESSORE TRASPORTI<\/h3>\n<blockquote>\n<p align=\"JUSTIFY\">\u201c<span style=\"font-size: medium;\">Abbiamo messo a disposizione dei Prefetti il lavoro che come Regione abbiamo svolto nelle settimane scorse attraverso l\u2019attivazione dei tavoli di coordinamento provinciali per programmare in anticipo le azioni da attuare in vista della riapertura \u2018in presenza\u2019 il prossimo 7 gennaio delle attivit\u00e0 scolastiche. \u00c8 sicuramente un\u2019ottima base di partenza per le Prefetture, incaricate dal nuovo DPCM di coordinare il trasporto scolastico, al fine di individuare le soluzioni che garantiscano il ritorno sui banchi degli studenti delle scuole secondarie di secondo grado\u201d.<\/span><\/p>\n<\/blockquote>\n<p>&nbsp;<\/p>\n<p><a href=\"https:\/\/www.radiopiu.net\/wordpress\/giornale-radiopiu-10-dicembre-2020-direttore-mirko-mezzacasa\/dbc89635-58ec-4e27-a37d-3be604957c3f\/\" rel=\"attachment wp-att-178365\"><img loading=\"lazy\" decoding=\"async\" class=\" wp-image-178365 alignleft\" src=\"https:\/\/www.radiopiu.net\/wordpress\/wp-content\/uploads\/2020\/12\/dbc89635-58ec-4e27-a37d-3be604957c3f-300x225.jpg\" alt=\"\" width=\"207\" height=\"155\" srcset=\"https:\/\/www.radiopiu.net\/wordpress\/wp-content\/uploads\/2020\/12\/dbc89635-58ec-4e27-a37d-3be604957c3f-300x225.jpg 300w, https:\/\/www.radiopiu.net\/wordpress\/wp-content\/uploads\/2020\/12\/dbc89635-58ec-4e27-a37d-3be604957c3f-1024x768.jpg 1024w, https:\/\/www.radiopiu.net\/wordpress\/wp-content\/uploads\/2020\/12\/dbc89635-58ec-4e27-a37d-3be604957c3f-768x576.jpg 768w, https:\/\/www.radiopiu.net\/wordpress\/wp-content\/uploads\/2020\/12\/dbc89635-58ec-4e27-a37d-3be604957c3f-1536x1152.jpg 1536w, https:\/\/www.radiopiu.net\/wordpress\/wp-content\/uploads\/2020\/12\/dbc89635-58ec-4e27-a37d-3be604957c3f.jpg 1600w\" sizes=\"auto, (max-width: 207px) 100vw, 207px\" \/><\/a>Stamane incontro con i Prefetti hanno preso atto che il piano della ripartenza \u00e8 stato scaricato su di loro (trasporti), loro prendono atto che il piano \u00e8 pronto, ci stiamo lavorando da un mese. Se dovessero riattivare i tavoli una cosa \u00e8 certa il 7 gennaio i ragazzi non andrebbero a scuola. Sono stati collaborativi ci saranno i tavoli provinciali con Regione e Ufficio Scolastico e passeranno all&#8217;esame diretto del nostro piano. Noi in assenza di dati avevamo l&#8217;unico dato certo della capienza del 50% ragionando su tre scenari con percentuali diverse di presenza:50%, 80%, 100% in presenza: questi sono i tre scenari sui quali abbiamo ragionato, hanno stabilito il 75% . E&#8217; stato stabilito il 75% noi avevamo ipotizzato l&#8217;80% cio\u00e8 802 autobus a livello regionale 771 privati che non hanno posti in piedi omologati (massimo 25),\u00a0 \u00e8 emersa la necessit\u00e0 di pensare di assumere personale anche per il controllo anti assembramento nelle fermate pi\u00f9 critiche, dovrebbero essere assunte 227 persone per 31 milioni di euro per riportare i ragazzi a scuola dove \u00e8 stato escluso il doppio turno con possibilit\u00e0 di entrata fino alle 9.\u00a0 I 31 milioni arriveranno da Roma, le Regioni non sono in grado di sostenere la spesa con i loro bilanci. Abbiamo avuto rassicurazioni dal Ministro De Michieli che saranno stanziate altre risorse ma non ho idea se sanno quanto soldi serviranno. 75% di ragazzi (studenti di prima superiore e quinta) significa 160 mila che non utilizzeranno tutti il mezzo pubblico. <strong>AVETE FATTO IL PIANO PRIMA DI SAPERE CHE NON DOVEVATE FARLO, LO AVETE GIRATO AI PREFETTI CHE NON HANNO UN PIANO E&#8217; CORRETTO?<\/strong> Si lo manderanno a Roma e speriamo che le risorse vengano stanziate perch\u00e9 le aziende stiupleranno contratti con i privati che dopo dovranno essere onorati. Oggi non abbiamo alcuna certezza se non la capienza del 50% dei mezzi, il resto \u00e8 un&#8217;incognita.<\/p>\n<p>&nbsp;<\/p>\n<p><a href=\"https:\/\/www.facebook.com\/zaiaufficiale\/videos\/984619629031462\">https:\/\/www.facebook.com\/zaiaufficiale\/videos\/984619629031462<\/a><\/p>\n<p>&nbsp;<\/p>\n<p>&nbsp;<\/p>\n<hr \/>\n<blockquote>\n<h3>VOLONTARIATO E PROMOZIONE SOCIALE. NUOVA PIATTAFORMA INFORMATICA DEL VENETO PER ASSOCIAZIONI E CENTRI SERVIZIO<\/h3>\n<\/blockquote>\n<div>\n<p><strong><a href=\"https:\/\/www.radiopiu.net\/wordpress\/approvato-il-documento-per-le-aziende-sanitarie-dal-4-maggio-si-torna-alla-normalita\/manuela-lanzarin-3\/\" rel=\"attachment wp-att-133951\"><img loading=\"lazy\" decoding=\"async\" class=\"size-medium wp-image-133951 alignleft\" src=\"https:\/\/www.radiopiu.net\/wordpress\/wp-content\/uploads\/2020\/04\/MANUELA-LANZARIN-300x225.jpg\" alt=\"\" width=\"300\" height=\"225\" srcset=\"https:\/\/www.radiopiu.net\/wordpress\/wp-content\/uploads\/2020\/04\/MANUELA-LANZARIN-300x225.jpg 300w, https:\/\/www.radiopiu.net\/wordpress\/wp-content\/uploads\/2020\/04\/MANUELA-LANZARIN.jpg 639w\" sizes=\"auto, (max-width: 300px) 100vw, 300px\" \/><\/a>VENEZIA<\/strong>\u00a0La Regione del Veneto ha messo a punto una specifica piattaforma informatica che consente alle organizzazioni di volontariato e alle associazioni di promozione sociale, iscritte ai Registri regionali, di accreditarsi ai fini dell\u2019aggiornamento dei dati anagrafici e del deposito dell\u2019atto costitutivo e dello statuto. Operazioni necessarie per la trasmigrazione automatica nel RUNTS (Registro unico nazionale del terzo settore). L\u2019iniziativa regionale costituisce, quindi, un primo passo operativo verso il RUNTS. Di recente approvazione, infatti, \u00e8 il decreto ministeriale, dello scorso 15 settembre, che disciplina le procedure di iscrizione, le modalit\u00e0 di deposito degli atti, le regole per la predisposizione, la tenuta, la conservazione e la gestione del Registro.Il Ministero del Lavoro e delle Politiche sociali, sulla base dello stadio di realizzazione del sistema telematico, individuer\u00e0 con apposito provvedimento il termine a decorrere dal quale la Regione avvier\u00e0 il processo di trasferimento dei dati al RUNTS (presumibilmente verso la fine di aprile 2021). \u00a0<em>&#8220;La Regione, storicamente, ha sempre riconosciuto l&#8217;importanza e il contributo del Terzo Settore per lo sviluppo di una societ\u00e0 equilibrata, e per la promozione di interventi di ambito sociale a favore di tutti i cittadini veneti \u2013 sottolinea l\u2019Assessore ai Servizi sociali Manuela Lanzarin -. I Centri di Servizio per il Volontariato, il Forum del Terzo settore veneto e il ricchissimo tessuto associativo presente nei nostri territori saranno ancora una volta protagonisti di un grande cambiamento verso il Registro Unico Nazionale del Terzo Settore<\/em>&#8220;. Su indicazione dell\u2019Assessore Lanzarin, gli uffici regionali hanno predisposto una pagina web dedicata con istruzioni dettagliate per i Centri di Servizio per il Volontariato, per le Organizzazioni di Volontariato e per le Associazioni di Promozione Sociale.<\/p>\n<p>&nbsp;<\/p>\n<p>&nbsp;<\/p>\n<hr \/>\n<p>&nbsp;<\/p>\n<blockquote>\n<h3>RETE DIFFUSA PER CURARE I MALATI E TUTELARE GLI ANZIANI<\/h3>\n<\/blockquote>\n<div class=\"\"><strong>BELLUNO<\/strong> &#8220;<em>Per tutelare il diritto alla salute nel Bellunese in futuro bisogner\u00e0 costruire un sistema sanitario di rete, capace di offrire servizi integrati al di fuori degli ospedali e in modo diffuso su tutto il territorio&#8221;.<\/em> Lo hanno ribadito i rappresentanti della Cgil e lo ha confermato la vice presidente della commissione Sanit\u00e0 e Sociale in Consiglio regionale veneto<strong>, <\/strong>Anna Maria Bigon che hanno partecipato al webinar organizzato dal Pd di Belluno per ragionare sulle ricadute dell\u2019emergenza sanitaria, coordinato dalla segretaria Monica Lotto. <em>&#8220;Per\u00f2 le decisioni per rendere pienamente godibile il diritto alla salute e alla cura per chi abita in montagna sono ancora tutte da prendere,<\/em> hanno ricordato i partecipanti al webinar tra cui Renato Bressan, segretario regionale di Spi-Cgil Veneto e Gianluigi Dalla Giacoma, segretario di Funzione Pubblica della Cgil. Il nodo del personale \u00e8 particolarmente delicato perch\u00e9 alle sofferenze di tutto il sistema per la mancanza di specializzandi, si aggiunge il differenziale montagna.<em> \u00abCome altre zone disagiate e distanti dai grandi centri urbani, il Bellunese ha bisogno di investimenti e di incentivi per attrarre medici, infermieri e tecnici\u00bb<\/em>, ha affermato Lotto.\u00a0Invece, ha riferito Bigon, <em>\u00abla Regione ha approvato una legge per aumentare il compenso del direttore generale della sanit\u00e0&#8221;<\/em>. Nell\u2019immediato aumentano le preoccupazioni per tutte le patologie estranee al Covid. Anche in provincia di Belluno si stanno creando liste d\u2019attesa lunghissime.<\/div>\n<div class=\"\"><\/div>\n<p>&nbsp;<\/p>\n<p>&nbsp;<\/p>\n<hr \/>\n<p>&nbsp;<\/p>\n<div>\n<blockquote>\n<h3 class=\"Standard\">FONDAZIONE DOLOMITI UNESCO: DOPO SETTE ANNI MARCELLA MORANDINI LASCIA LA DIREZIONE<\/h3>\n<\/blockquote>\n<p><strong><a href=\"https:\/\/www.radiopiu.net\/wordpress\/giornale-radiopiu-10-dicembre-2020-direttore-mirko-mezzacasa\/marcella-morandini-2\/\" rel=\"attachment wp-att-178316\"><img loading=\"lazy\" decoding=\"async\" class=\"size-medium wp-image-178316 alignleft\" src=\"https:\/\/www.radiopiu.net\/wordpress\/wp-content\/uploads\/2020\/12\/marcella-morandini-300x200.jpg\" alt=\"\" width=\"300\" height=\"200\" srcset=\"https:\/\/www.radiopiu.net\/wordpress\/wp-content\/uploads\/2020\/12\/marcella-morandini-300x200.jpg 300w, https:\/\/www.radiopiu.net\/wordpress\/wp-content\/uploads\/2020\/12\/marcella-morandini-1024x682.jpg 1024w, https:\/\/www.radiopiu.net\/wordpress\/wp-content\/uploads\/2020\/12\/marcella-morandini-768x512.jpg 768w, https:\/\/www.radiopiu.net\/wordpress\/wp-content\/uploads\/2020\/12\/marcella-morandini-1536x1023.jpg 1536w, https:\/\/www.radiopiu.net\/wordpress\/wp-content\/uploads\/2020\/12\/marcella-morandini.jpg 1732w\" sizes=\"auto, (max-width: 300px) 100vw, 300px\" \/><\/a>CORTINA<\/strong>\u00a0<em>&#8220;Ho rassegnato le mie dimissioni al Presidente della Fondazione Dolomiti UNESCO. Sono passati pi\u00f9 di sette anni da quando vinsi il concorso che mi avrebbe portata a vivere un\u2019esperienza molto intensa e gratificante. Inizier\u00f2 con impegno ed entusiasmo una nuova sfida professionale, conservando sempre la gratitudine per chi ha avuto fiducia in me e portandomi nel cuore questi indimenticabili sette anni alla Fondazione Dolomiti UNESCO.<\/em>\u201d Inizia cos\u00ec la nota con cui la dott.ssa Marcella Morandini, ha comunicato al Presidente della Fondazione Dolomiti UNESCO le sue dimissioni dall\u2019incarico di direttore. \u201c<em>Ho appreso la notizia delle dimissioni della dott.ssa Morandini con grande dispiacere. Verr\u00e0 a mancare l\u2019apporto professionale di chi ha contribuito, in modo decisivo, a rendere la Fondazione Dolomiti UNESCO un modello a livello internazionale per la gestione di un Sito Patrimonio Mondiale<\/em>\u201d, commenta il Presidente della Fondazione Dolomiti UNESCO Mario Tonina. \u201c<em>Sono per\u00f2 certo di interpretare il parere di tutti i membri del Consiglio di Amministrazione nell\u2019esprimere questa certezza: quello che non verr\u00e0 mai meno \u00e8 il risultato del lavoro svolto dalla dott.ssa Morandini in questi anni per costruire, insieme alle comunit\u00e0 locali, una gestione del Patrimonio dolomitico attiva, rispettosa delle differenze e al tempo stesso tesa a superarle, per raggiungere insieme l\u2019obiettivo della conservazione attiva del Patrimonio stesso. A Marcella va la gratitudine mia, dell\u2019intero Consiglio d\u2019Amministrazione e di tutti coloro che hanno accettato la sfida a cui siamo chiamati dal giugno del 2009: tutelare l\u2019unicit\u00e0 paesaggistica e geologica delle Dolomiti continuando ad abitarle, in modo sempre pi\u00f9 consapevole<\/em>\u201d.<\/p>\n<div>\n<p>&nbsp;<\/p>\n<hr \/>\n<\/div>\n<\/div>\n<\/div>\n<div>\n<p>&nbsp;<\/p>\n<p>&nbsp;<\/p>\n<blockquote>\n<h3>\u00a0DOPO 41 ANNI LA PENSIONE PER IL GENERALE GIA&#8217; COMANDANTE A BELLUNO<\/h3>\n<\/blockquote>\n<p><a href=\"https:\/\/www.radiopiu.net\/wordpress\/giornale-radiopiu-10-dicembre-2020-direttore-mirko-mezzacasa\/6fed4e4c-f931-42ce-b6a2-0b97218c1f86\/\" rel=\"attachment wp-att-178401\"><img loading=\"lazy\" decoding=\"async\" class=\" wp-image-178401 alignleft\" src=\"https:\/\/www.radiopiu.net\/wordpress\/wp-content\/uploads\/2020\/12\/6fed4e4c-f931-42ce-b6a2-0b97218c1f86-225x300.jpg\" alt=\"\" width=\"171\" height=\"228\" srcset=\"https:\/\/www.radiopiu.net\/wordpress\/wp-content\/uploads\/2020\/12\/6fed4e4c-f931-42ce-b6a2-0b97218c1f86-225x300.jpg 225w, https:\/\/www.radiopiu.net\/wordpress\/wp-content\/uploads\/2020\/12\/6fed4e4c-f931-42ce-b6a2-0b97218c1f86.jpg 240w\" sizes=\"auto, (max-width: 171px) 100vw, 171px\" \/><\/a>\u00a0Il Generale di Brigata Roberto Campana, Capo di Stato Maggiore del Centro di Eccellenza per le Stability Police Units (CoESPU) di Vicenza, lascia il servizio attivo dopo oltre quarantuno anni di onorato servizio tra le fila dell\u2019Arma dei Carabinieri. Nei 4 anni di permanenza al CoESPU, il Generale Campana ha fornito un determinante contributo all\u2019ulteriore elevazione del Centro di Eccellenza, unico ente italiano dove vengono addestrati, principalmente per conto dell\u2019ONU, i contingenti internazionali che verranno impiegati nelle operazioni di mantenimento della pace. Prima dell\u2019approdo in terra berica, il Generale Campana, originario di Fabrica di Roma, in provincia di Viterbo, molto stimato da superiori, colleghi e collaboratori, aveva ricoperto il prestigioso incarico di Comandante Provinciale dei Carabinieri di Belluno e poi di Mantova. Nei primi anni 2000 comand\u00f2 il Reparto Operativo di Varese e, ancor prima, altri rilevanti incarichi, soprattutto di carattere operativo, tra i quali il Comando della Sezione Anticrimine di Brescia (ROS), la Compagnia di Verolanuova, la 3^ Sezione del Nucleo Operativo Reparto Operativo Gruppo I di Napoli e il Nucleo Operativo e Radiomobile di Salerno. Il Generale Roberto Campana, Ufficiale dell\u2019Ordine al Merito della Repubblica Italiana, ha prestato servizio anche in altre localit\u00e0 italiane, tra le quali Roma, Torino, e Firenze. Cede l\u2019incarico al Ten. Col. Pierpaolo Mason, padovano, proveniente dal comando del Reparto Operativo del comando Provinciale Carabinieri di Foggia.<\/p>\n<p>&nbsp;<\/p>\n<hr \/>\n<div>\n<div>\n<p>&nbsp;<\/p>\n<h1><span style=\"color: #ff0000;\">L&#8217;EVENTO<\/span><\/h1>\n<blockquote>\n<h3>COPPA DEL MONDO SCI SULLA &#8220;VOLATA&#8221;<\/h3>\n<\/blockquote>\n<p><strong><a href=\"https:\/\/www.radiopiu.net\/wordpress\/giornale-radiopiu-09-dicembre-2020-direttore-mirko-mezzacasa\/le-azzure-su-la-volata_-foto-instagram-marta-bassino\/\" rel=\"attachment wp-att-178150\"><img loading=\"lazy\" decoding=\"async\" class=\"size-medium wp-image-178150 alignleft\" src=\"https:\/\/www.radiopiu.net\/wordpress\/wp-content\/uploads\/2020\/12\/Le-azzure-su-La-Volata_-foto-Instagram-Marta-Bassino-300x269.jpg\" alt=\"\" width=\"300\" height=\"269\" srcset=\"https:\/\/www.radiopiu.net\/wordpress\/wp-content\/uploads\/2020\/12\/Le-azzure-su-La-Volata_-foto-Instagram-Marta-Bassino-300x269.jpg 300w, https:\/\/www.radiopiu.net\/wordpress\/wp-content\/uploads\/2020\/12\/Le-azzure-su-La-Volata_-foto-Instagram-Marta-Bassino-768x688.jpg 768w, https:\/\/www.radiopiu.net\/wordpress\/wp-content\/uploads\/2020\/12\/Le-azzure-su-La-Volata_-foto-Instagram-Marta-Bassino.jpg 845w\" sizes=\"auto, (max-width: 300px) 100vw, 300px\" \/><\/a>FALCADE<\/strong>\u00a0La Ski Area San Pellegrino ospiter\u00e0 discesa e superG femminili di Coppa del Mondo. Grazie al progetto \u201cPiste Azzurre\u201d della Val di Fassa, il 27 e il 28 febbraio 2021 il gotha dello sci internazionale si metter\u00e0 alla prova su &#8220;La Volata&#8221;, la nera dei campioni. Si tratta del recupero di due gare annullate qualche giorno fa a Yanqing, in Cina.\u00a0<em>\u201cQuesta decisione, presa nell&#8217;ultimo consiglio della Fis, rappresenta una grande soddisfazione per tutto il nostro territorio\u00a0<\/em>\u2013 afferma Mauro Vendruscolo, presidente della Ski Area San Pellegrino -.\u00a0<em>Si accendono al massimo livello i riflettori internazionali su una delle piste pi\u00f9 adrenaliniche delle Dolomiti, confermando la qualit\u00e0 del lavoro svolto in questi anni dai nostri collaboratori. dalla Val di Fassa e da tutto il nostro comprensorio\u201d.\u00a0<\/em><em>&#8220;Si tratta, una volta di pi\u00f9, del riconoscimento all&#8217;Italia di grandi capacit\u00e0 organizzative e della disponibilit\u00e0 del territorio a farsi trovare sempre pronto per questo genere di situazioni, su cui la Fis sa ormai di poter contare&#8221;,\u00a0<\/em>ha commentato il presidente della Fisi Flavio Roda. Su La Volata si \u00e8 messo alla prova lo scorso inverno il gotha dello sci alpino italiano, tra cui sciatrici azzurre come Brignone, Bassino, Goggia, Pirovano ma anche le atlete della nazionale tedesca, slovena e non solo. Tra i big che si sono potuti ammirare su questa pista anche Dominik\u00a0Paris e Christof Innerhofer.<\/p>\n<p>&nbsp;<\/p>\n<hr \/>\n<p>&nbsp;<\/p>\n<blockquote>\n<h3>FELTRE CELEBRA I 700 ANNI DALLA MORTE DI DANTE ALIGHIERI<\/h3>\n<\/blockquote>\n<p><strong><a href=\"https:\/\/www.radiopiu.net\/wordpress\/giornale-radiopiu-10-dicembre-2020-direttore-mirko-mezzacasa\/b3ddfe20-c04d-4e3f-b208-b8683b8222d2\/\" rel=\"attachment wp-att-178395\"><img loading=\"lazy\" decoding=\"async\" class=\" wp-image-178395 alignleft\" src=\"https:\/\/www.radiopiu.net\/wordpress\/wp-content\/uploads\/2020\/12\/b3ddfe20-c04d-4e3f-b208-b8683b8222d2-300x169.jpg\" alt=\"\" width=\"209\" height=\"118\" srcset=\"https:\/\/www.radiopiu.net\/wordpress\/wp-content\/uploads\/2020\/12\/b3ddfe20-c04d-4e3f-b208-b8683b8222d2-300x169.jpg 300w, https:\/\/www.radiopiu.net\/wordpress\/wp-content\/uploads\/2020\/12\/b3ddfe20-c04d-4e3f-b208-b8683b8222d2-1024x576.jpg 1024w, https:\/\/www.radiopiu.net\/wordpress\/wp-content\/uploads\/2020\/12\/b3ddfe20-c04d-4e3f-b208-b8683b8222d2-768x432.jpg 768w, https:\/\/www.radiopiu.net\/wordpress\/wp-content\/uploads\/2020\/12\/b3ddfe20-c04d-4e3f-b208-b8683b8222d2-1536x864.jpg 1536w, https:\/\/www.radiopiu.net\/wordpress\/wp-content\/uploads\/2020\/12\/b3ddfe20-c04d-4e3f-b208-b8683b8222d2.jpg 2048w\" sizes=\"auto, (max-width: 209px) 100vw, 209px\" \/><\/a>FELTRE<\/strong>\u00a0Incontri culturali con illustri storici e letterati, l&#8217;esposizione di un importante codice dantesco del 1350 ora custodito presso la Biblioteca Lolliniana di Belluno, ma anche \u201cescursioni\u201d nel mondo dell&#8217;architettura e del cinema, fino alla pi\u00f9 moderne esperienze musicali, addirittura del mondo rap. Il programma che il Comune di Feltre per celebrare i 700 anni dalla morte di Dante. Franco Cardini, Francesco Zambon, Moni Ovadia, Aldo Cazzullo, Adone Brandalise, Monica Centanni fino ai rapper Murubutu e Claver Gold: sono solo alcuni dei nomi che prenderanno parte alla rassegna che si snoder\u00e0, secondo un calendario e modalit\u00e0 che saranno definite nelle prossime settimane (anche in relazione all&#8217;emergenza sanitaria in atto), dalla primavera del 2021.<\/p>\n<\/div>\n<p><strong>L&#8217;ASSESSORE ALESSANDRO DEL BIANCO\u00a0<\/strong><\/p>\n<audio class=\"wp-audio-shortcode\" id=\"audio-178227-5\" preload=\"none\" style=\"width: 100%;\" controls=\"controls\"><source type=\"audio\/mpeg\" src=\"https:\/\/www.radiopiu.net\/wordpress\/wp-content\/uploads\/2020\/12\/Audio-Del-Bianco-su-iniziative-Dante.mp3?_=5\" \/><a href=\"https:\/\/www.radiopiu.net\/wordpress\/wp-content\/uploads\/2020\/12\/Audio-Del-Bianco-su-iniziative-Dante.mp3\">https:\/\/www.radiopiu.net\/wordpress\/wp-content\/uploads\/2020\/12\/Audio-Del-Bianco-su-iniziative-Dante.mp3<\/a><\/audio>\n<p>&nbsp;<\/p>\n<p>&nbsp;<\/p>\n<div>\n<hr \/>\n<blockquote>\n<h3>DOMANI CONSIGLIO COMUNALE A FALCADE<\/h3>\n<\/blockquote>\n<p><strong>FALCADE<\/strong>\u00a0Il sindaco Michele Costa ha convocato in videconferenza il consiglio comunale per domani alle 18.30. Un unico punto all\u2019ordine del giorno: Acquisto immobile in via degli Artigiani da adibire a sede delle associazioni di volontariato di primo soccorso operanti sul territorio comunale<\/p>\n<p>&nbsp;<\/p>\n<p>&nbsp;<\/p>\n<hr \/>\n<p>&nbsp;<\/p>\n<div class=\"o9v6fnle cxmmr5t8 oygrvhab hcukyx3x c1et5uql ii04i59q\">\n<div dir=\"auto\">\n<div class=\"column mcb-column one-second column_visual \">\n<div>\n<div>\n<div>\n<blockquote>\n<h3>CANTANATALE PER I BIMBI DI PEDIATRIA DI PADOVA<\/h3>\n<\/blockquote>\n<div class=\"o9v6fnle cxmmr5t8 oygrvhab hcukyx3x c1et5uql ii04i59q\">\n<div dir=\"auto\">\n<div class=\"column mcb-column one-second column_visual \">\n<p><strong><img loading=\"lazy\" decoding=\"async\" class=\"alignleft\" src=\"https:\/\/www.radiopiu.net\/wordpress\/wp-content\/uploads\/2020\/12\/download-14.jpg\" width=\"225\" height=\"150\" \/>PADOVA<\/strong> Cantanatale \u00e8 una manifestazione libera, gratuita e aperta a tutti e ha come obiettivo quello di testimoniare insieme, con il cuore e con la voce, la vicinanza a chi \u00e8 ricoverato in ospedale, in particolare i bambini di Pediatria. Ogni anno, per avvicinarsi al Natale in modo originale, il Cantanatale realizza un videoclip di una canzone natalizia con il supporto di personaggi, artisti, cantanti e cori, cantata davanti all&#8217;ospedale. La canzone di quest&#8217;anno \u00e8\u00a0<strong>&#8220;Jingles Bell Rock Cantanatale&#8221;<\/strong>. Il Cantanatale 2020 si svolger\u00e0 domenica mattina, 20 dicembre, a Padova. Questo 2020 cos\u00ec particolare per l&#8217;<strong>emergenza sanitaria Covid<\/strong>, costringe l&#8217;organizzazione del Cantanatale a limitare la presenza fisica davanti all&#8217;ospedale a una delegazione con a capo il sindaco di Padova Sergio Giordani, in rappresentanza di tutta la citt\u00e0, e con lui l&#8217;ideatore del Cantanatale Leandro Barsotti, il musicista Giorgio Pavan, realizzatore della canzone del Cantanatale, e alcuni ospiti a sorpresa.\u00a0Lo scorso Natale sono state oltre cinquemila le persone che hanno sfidato la pioggia battente e il freddo pungente pur di presentarsi, in un emozionante corteo, davanti alle finestre di Pediatria dell&#8217;Ospedale di Padova per cantare &#8220;Feliz Navidad&#8221;.<\/p>\n<\/div>\n<\/div>\n<\/div>\n<div class=\"o9v6fnle cxmmr5t8 oygrvhab hcukyx3x c1et5uql ii04i59q\">\n<div dir=\"auto\"><strong>I cantanti che hanno partecipato al video sono:<\/strong><\/div>\n<div dir=\"auto\">Leandro Barsotti, Giorgio Pavan, Ilaria Mandruzzato, Federico Cammarata, Paolo Masi, Christian Garbinato, Andrea Rametti, Elia Bailey, Anita Bailey, Aurora Belishova, Alen Mirvic, Chiara Nicolardi, Simon Rivetti, Tobia Santinello, Ettore Santinello, Jacopo Santinello, Silvio Minio, Max Deniro, Alessandra Pascali, Stefano Zoccarato, Devis Manoni, Isabella Urban, Lucia Foletto, Kenny Bailey .<\/div>\n<\/div>\n<p>&nbsp;<\/p>\n<p><iframe loading=\"lazy\" title=\"CantaNatale 2020\" width=\"1200\" height=\"675\" src=\"https:\/\/www.youtube.com\/embed\/wv1aplKBckM?feature=oembed\" frameborder=\"0\" allow=\"accelerometer; autoplay; clipboard-write; encrypted-media; gyroscope; picture-in-picture\" allowfullscreen><\/iframe><\/p>\n<p>&nbsp;<\/p>\n<p>&nbsp;<\/p>\n<\/div>\n<\/div>\n<\/div>\n<\/div>\n<\/div>\n<\/div>\n<hr \/>\n<p>&nbsp;<\/p>\n<blockquote>\n<h3>SEDICO: RELIGIOSIT\u00c0 POPOLARE NELLA MEMORIA DEGLI ANZIANI di RENATO BONA<\/h3>\n<\/blockquote>\n<p><strong>SEDICO<\/strong> Nell\u2019ottobre del 1989, per celebrare il cinquantesimo di consacrazione della chiesa arcipretale, la Parrocchia di Santa Maria Annunziata di Sedico diede alle stampe (con preziose collaborazioni e con il contributo di: Cassa di Risparmio di Verona, Vicenza e Belluno, Comune di Sedico, Comunit\u00e0 montana bellunese, Parrocchie di Bribano e di Roe) per i tipi della tipografia Piave di Belluno, il libro di 120 pagine \u201cSedico e la sua chiesa\u201d con copertina della pittrice Annamaria Lovatel Teasani che ha rappresentato tre elementi: \u201cla chiesa come simbolo principale religioso e spirituale e tre personaggi come simbolo di tre generazioni che, nel tempo, hanno partecipato alla sua crescita, non solo materiale, limitata al luogo, ma anche spirituale e quindi universale che racchiude in s\u00e9 il concetto spazio temporale\u201d. La pubblicazione fu dedicata \u201ca quanti contribuirono a edificare la nuova chiesa\u201d. Il parroco dell\u2019epoca, don Sirio Da Corte, nella presentazione ricordava che \u201cLo scopo della pubblicazione, frutto di studi, di alcune ricerche di archivio e di testimonianze orali diligentemente raccolte, \u00e8 di far rivivere e ricordare (che significa far scendere nel cuore) soprattutto alle giovani generazioni, quella storia di cui siamo figli ed eredi\u201d ed aggiungeva: \u201cVorremmo che il passato in qualche modo diventi presente, perch\u00e9 sia fecondo di ispirazione per il futuro: quanto pi\u00f9 profonde e vigorose sono le radici, tanto pi\u00f9 grande e robusto si slancia verso l\u2019alto l\u2019albero della nostra comunit\u00e0\u201d. E concludeva formulando un augurio: \u201cche la nostra maestosa arcipretale rimanga sempre, anche per gli anni a venire, punto di riferimento insostituibile di una comunit\u00e0 che nella fede dei suoi padri trova alimento e stimolo per un rinnovato e generoso impegno a servizio di una societ\u00e0 pi\u00f9 giusta e ideale\u201d. Seguivano gli indirizzi di saluto: del Comune col sindaco Sergio De Cian, del Vescovo di Belluno-Feltre monsignor Maffeo Ducoli, rivolto alla comunit\u00e0 di Sedico, ed i seguenti capitoli: \u201cLa nuova chiesa\u201d, a cura di Anna Maria Claut; \u201cAmpliare o costruire? Relazione tecnica\u201d, a cura di Mario Sossai che cur\u00f2 anche la relazione tecnica sulla costruzione del nuovo edificio sacro e il \u201ccomputo metrico estimativo delle principali voci\u201d; ancora: \u201cCronaca della consacrazione e inaugurazione\u201d, a cura di Baldovino Sponga; \u201cTestimoninze sulla costruzione e consacrazione\u201d, a cura di Gianni De Vecchi; \u201cLe opere d\u2019arte della Pieve di Santa Maria a Sedico\u201d, a cura di Sergio Claut; \u201cRitratto di monsignor Luigi Fiori: suo impegno pastorale e sociale\u201d, a cura di Gianni De Vecchi; \u201cIl dopoguerra nei diari di mons. Luigi Fiori. 12919-1927\u201d, a cura di Egidio Pasuch; \u201cLe antiche origini del Paese e della Pieve di Sedico\u201d, a cura di Gianni de Vecchi; infine: \u201cAspetti della religiosit\u00e0 popolare nella memoria dei nostri anziani\u201d, a cura dI Adele Caprani. Ed \u00e8 proprio da quest\u2019ultimo (che si rif\u00e0 alle fonti orali: Ida Bortot Pasa; Pierina Manfroi Mezzavilla; Pia De Paris Da Poian; Genoveffa De Nard; Giuseppe Pavei, Antonio Carlin) che traiamo alcuni spunti. La Caprani scrive fra l\u2019altro: \u201cNella grande famiglia dei nostri nonni Dio c\u2019\u00e8; entra in ogni aspetto della loro vita e non \u00e8 molto astratto, anzi \u00e8 un Dio molto familiare, al quale confidare le proprie pene e affidare al cura dei propri interessi; anche la sua immagine \u00e8 familiare: il Padre un vecchio quasi minaccioso con la barba lunga, il Figlio un giovane dallo sguardo buono, biondo e bellissimo, lo Spirito Santo una bianca colomba che scende dal cielo\u201d. Ed aggiunge: \u201cLa fede che anima questa religiosit\u00e0 autentica si potrebbe definire ad ampio respiro, come quello del tempo che scorre lento o delle stagioni; vuole placare le forze misteriose della natura, invoca raccolti abbondanti e salute per le persone e le \u2018bestie\u2019 (animali)\u201d. Ancora: \u201cE come nella vita, per concludere ogni affare ci vuole sempre un intermediario, i Santi hanno proprio la funzione di intercedere e farsi garanti presso l\u2019Onnipotente. Quasi sempre sono Santi poveri, con storie di miracoli, sempre intrecciati a pericoli e disgrazie. Nella devozione popolare il culto delle immagini dei Santi \u00e8 molto diffuso attraverso i \u2018santini\u2019, che vengono appesi alle pareti della cucina e della camera da letto, o custoditi gelosamente fra le pagine del libro da messa\u201d. E poi, una constatazione che \u00e8 un omaggio al mondo femminile: \u201cNella trasmissione del senso religioso della vita, la parte essenziale spettava alla donna; a cominciare dai bambini appena nati ai quali la Madre faceva il segno della croce ogni volta che li metteva a letto e poi via via che crescevano insegnava loro le semplici e confidenziali preghiere a Ges\u00f9 Bambino, alla Madonna, ai Santi. Questa grande donna, sorrette da una grande fede, abituata all\u2019economia esasperata, alla rinuncia, al sacrificio, alla sottomissione, sapr\u00e0 unire alle virt\u00f9 antiche della nostra gente anche attitudini nuove e pi\u00f9 faticose, per sostituire l\u2019uomo quando sar\u00e0 soldato o emigrante\u2026\u201d.<\/p>\n\n\t\t\t<style type='text\/css'>\n\t\t\t\t#gallery-5 {\n\t\t\t\t\tmargin: auto;\n\t\t\t\t}\n\t\t\t\t#gallery-5 .gallery-item {\n\t\t\t\t\tfloat: left;\n\t\t\t\t\tmargin-top: 10px;\n\t\t\t\t\ttext-align: center;\n\t\t\t\t\twidth: 20%;\n\t\t\t\t}\n\t\t\t\t#gallery-5 img {\n\t\t\t\t\tborder: 2px solid #cfcfcf;\n\t\t\t\t}\n\t\t\t\t#gallery-5 .gallery-caption {\n\t\t\t\t\tmargin-left: 0;\n\t\t\t\t}\n\t\t\t\t\/* see gallery_shortcode() in wp-includes\/media.php *\/\n\t\t\t<\/style>\n\t\t<div id='gallery-5' class='dt-gallery-container gallery galleryid-178227 gallery-columns-5 gallery-size-thumbnail'><dl class='gallery-item'>\n\t\t\t\t<dt class='gallery-icon portrait'>\n\t\t\t\t\t<a class=\"rollover rollover-zoom dt-pswp-item\" title=\"130553827_383197822741551_6240163897019069064_n\" data-dt-img-description=\"\" data-large_image_width=\"1599\" data-large_image_height=\"2048\"href='https:\/\/www.radiopiu.net\/wordpress\/wp-content\/uploads\/2020\/12\/130553827_383197822741551_6240163897019069064_n.jpg'><img loading=\"lazy\" decoding=\"async\" width=\"150\" height=\"150\" src=\"https:\/\/www.radiopiu.net\/wordpress\/wp-content\/uploads\/2020\/12\/130553827_383197822741551_6240163897019069064_n-150x150.jpg\" class=\"attachment-thumbnail size-thumbnail\" alt=\"\" \/><\/a>\n\t\t\t\t<\/dt><\/dl><dl class='gallery-item'>\n\t\t\t\t<dt class='gallery-icon portrait'>\n\t\t\t\t\t<a class=\"rollover rollover-zoom dt-pswp-item\" title=\"130735773_222238959296679_7862810478868161281_n\" data-dt-img-description=\"\" data-large_image_width=\"1437\" data-large_image_height=\"2048\"href='https:\/\/www.radiopiu.net\/wordpress\/wp-content\/uploads\/2020\/12\/130735773_222238959296679_7862810478868161281_n.jpg'><img loading=\"lazy\" decoding=\"async\" width=\"150\" height=\"150\" src=\"https:\/\/www.radiopiu.net\/wordpress\/wp-content\/uploads\/2020\/12\/130735773_222238959296679_7862810478868161281_n-150x150.jpg\" class=\"attachment-thumbnail size-thumbnail\" alt=\"\" \/><\/a>\n\t\t\t\t<\/dt><\/dl><dl class='gallery-item'>\n\t\t\t\t<dt class='gallery-icon portrait'>\n\t\t\t\t\t<a class=\"rollover rollover-zoom dt-pswp-item\" title=\"130299517_187036866387145_6453896823559281084_n\" data-dt-img-description=\"\" data-large_image_width=\"1517\" data-large_image_height=\"2048\"href='https:\/\/www.radiopiu.net\/wordpress\/wp-content\/uploads\/2020\/12\/130299517_187036866387145_6453896823559281084_n.jpg'><img loading=\"lazy\" decoding=\"async\" width=\"150\" height=\"150\" src=\"https:\/\/www.radiopiu.net\/wordpress\/wp-content\/uploads\/2020\/12\/130299517_187036866387145_6453896823559281084_n-150x150.jpg\" class=\"attachment-thumbnail size-thumbnail\" alt=\"\" \/><\/a>\n\t\t\t\t<\/dt><\/dl><dl class='gallery-item'>\n\t\t\t\t<dt class='gallery-icon portrait'>\n\t\t\t\t\t<a class=\"rollover rollover-zoom dt-pswp-item\" title=\"130485906_209349080746829_8218303690936918144_n\" data-dt-img-description=\"\" data-large_image_width=\"1349\" data-large_image_height=\"2048\"href='https:\/\/www.radiopiu.net\/wordpress\/wp-content\/uploads\/2020\/12\/130485906_209349080746829_8218303690936918144_n.jpg'><img loading=\"lazy\" decoding=\"async\" width=\"150\" height=\"150\" src=\"https:\/\/www.radiopiu.net\/wordpress\/wp-content\/uploads\/2020\/12\/130485906_209349080746829_8218303690936918144_n-150x150.jpg\" class=\"attachment-thumbnail size-thumbnail\" alt=\"\" \/><\/a>\n\t\t\t\t<\/dt><\/dl><dl class='gallery-item'>\n\t\t\t\t<dt class='gallery-icon portrait'>\n\t\t\t\t\t<a class=\"rollover rollover-zoom dt-pswp-item\" title=\"130457285_2840892946234639_8314925125787971113_n\" data-dt-img-description=\"\" data-large_image_width=\"1826\" data-large_image_height=\"2048\"href='https:\/\/www.radiopiu.net\/wordpress\/wp-content\/uploads\/2020\/12\/130457285_2840892946234639_8314925125787971113_n.jpg'><img loading=\"lazy\" decoding=\"async\" width=\"150\" height=\"150\" src=\"https:\/\/www.radiopiu.net\/wordpress\/wp-content\/uploads\/2020\/12\/130457285_2840892946234639_8314925125787971113_n-150x150.jpg\" class=\"attachment-thumbnail size-thumbnail\" alt=\"\" \/><\/a>\n\t\t\t\t<\/dt><\/dl><br style=\"clear: both\" \/><dl class='gallery-item'>\n\t\t\t\t<dt class='gallery-icon portrait'>\n\t\t\t\t\t<a class=\"rollover rollover-zoom dt-pswp-item\" title=\"130280722_206140907823390_5893598676537281291_n\" data-dt-img-description=\"\" data-large_image_width=\"1599\" data-large_image_height=\"2048\"href='https:\/\/www.radiopiu.net\/wordpress\/wp-content\/uploads\/2020\/12\/130280722_206140907823390_5893598676537281291_n.jpg'><img loading=\"lazy\" decoding=\"async\" width=\"150\" height=\"150\" src=\"https:\/\/www.radiopiu.net\/wordpress\/wp-content\/uploads\/2020\/12\/130280722_206140907823390_5893598676537281291_n-150x150.jpg\" class=\"attachment-thumbnail size-thumbnail\" alt=\"\" \/><\/a>\n\t\t\t\t<\/dt><\/dl><dl class='gallery-item'>\n\t\t\t\t<dt class='gallery-icon landscape'>\n\t\t\t\t\t<a class=\"rollover rollover-zoom dt-pswp-item\" title=\"130342872_939076703166052_6753027183548422444_n\" data-dt-img-description=\"\" data-large_image_width=\"2048\" data-large_image_height=\"1433\"href='https:\/\/www.radiopiu.net\/wordpress\/wp-content\/uploads\/2020\/12\/130342872_939076703166052_6753027183548422444_n.jpg'><img loading=\"lazy\" decoding=\"async\" width=\"150\" height=\"150\" src=\"https:\/\/www.radiopiu.net\/wordpress\/wp-content\/uploads\/2020\/12\/130342872_939076703166052_6753027183548422444_n-150x150.jpg\" class=\"attachment-thumbnail size-thumbnail\" alt=\"\" \/><\/a>\n\t\t\t\t<\/dt><\/dl><dl class='gallery-item'>\n\t\t\t\t<dt class='gallery-icon landscape'>\n\t\t\t\t\t<a class=\"rollover rollover-zoom dt-pswp-item\" title=\"130556114_207395147582386_1326946568510141057_n\" data-dt-img-description=\"\" data-large_image_width=\"2048\" data-large_image_height=\"1099\"href='https:\/\/www.radiopiu.net\/wordpress\/wp-content\/uploads\/2020\/12\/130556114_207395147582386_1326946568510141057_n.jpg'><img loading=\"lazy\" decoding=\"async\" width=\"150\" height=\"150\" src=\"https:\/\/www.radiopiu.net\/wordpress\/wp-content\/uploads\/2020\/12\/130556114_207395147582386_1326946568510141057_n-150x150.jpg\" class=\"attachment-thumbnail size-thumbnail\" alt=\"\" \/><\/a>\n\t\t\t\t<\/dt><\/dl><dl class='gallery-item'>\n\t\t\t\t<dt class='gallery-icon landscape'>\n\t\t\t\t\t<a class=\"rollover rollover-zoom dt-pswp-item\" title=\"130980790_3453237161411196_7344462478385846262_n\" data-dt-img-description=\"\" data-large_image_width=\"2048\" data-large_image_height=\"1290\"href='https:\/\/www.radiopiu.net\/wordpress\/wp-content\/uploads\/2020\/12\/130980790_3453237161411196_7344462478385846262_n.jpg'><img loading=\"lazy\" decoding=\"async\" width=\"150\" height=\"150\" src=\"https:\/\/www.radiopiu.net\/wordpress\/wp-content\/uploads\/2020\/12\/130980790_3453237161411196_7344462478385846262_n-150x150.jpg\" class=\"attachment-thumbnail size-thumbnail\" alt=\"\" \/><\/a>\n\t\t\t\t<\/dt><\/dl><dl class='gallery-item'>\n\t\t\t\t<dt class='gallery-icon portrait'>\n\t\t\t\t\t<a class=\"rollover rollover-zoom dt-pswp-item\" title=\"130805252_440014437159441_3364347477217706640_n\" data-dt-img-description=\"\" data-large_image_width=\"1412\" data-large_image_height=\"2048\"href='https:\/\/www.radiopiu.net\/wordpress\/wp-content\/uploads\/2020\/12\/130805252_440014437159441_3364347477217706640_n.jpg'><img loading=\"lazy\" decoding=\"async\" width=\"150\" height=\"150\" src=\"https:\/\/www.radiopiu.net\/wordpress\/wp-content\/uploads\/2020\/12\/130805252_440014437159441_3364347477217706640_n-150x150.jpg\" class=\"attachment-thumbnail size-thumbnail\" alt=\"\" \/><\/a>\n\t\t\t\t<\/dt><\/dl><br style=\"clear: both\" \/>\n\t\t\t<\/div>\n\n<p>NELLE FOTO (riproduzioni dal libro \u201cSedico e la sua Chiesa\u201d) la copertina del volume edito dalla Parrocchia di Santa Maria annunziata; lavori per la costruzione della Chiesa; processione di sabato 7 ottobre 1939 per il trasferimento del Santissimo e delle Sacre Immagini; monsignor Luigi Fiori che fu arciprete di Sedico dal 1919 al 1954; corteo nuziale negli anni \u201950 aperto dagli sposi seguiti dai \u201ccompari\u201d; prima domenica di ottobre: processione in onore della Beata Vergine del Rosario; anno 1947: Uomini dell\u2019Azione cattolica con mons. Fiori; processione del Corpus Domini; don Riccardo Strim, di Seghe di Villa, novello sacerdote nel 1944; la navata centrale della chiesa di Sedico, oggi.<\/p>\n<p>&nbsp;<\/p>\n<hr \/>\n<p>&nbsp;<\/p>\n<blockquote>\n<h3>AD AGORDO PROLOCO METTE L&#8217;INVERNO DI VETRINA<\/h3>\n<\/blockquote>\n<p><strong>AGORDO<\/strong> La Proloco di Agordo \u00e8 artefice di una nuova iniziativa. La raccolta delle fotografie dell&#8217;inverno nella Conca Agordina (2020-21), da esporre nell&#8217;ufficio di via 27 Aprile. Troveranno spazio in vetrina o nei locali dell&#8217;ufficio su supporto cartaceo o video fino al termine dell&#8217;inverno, la proloco pensa anche ad una pubblicazione sui social. <em>&#8220;Abbiamo approfittato di questo periodo in cui non possiamo esporre i soliti numerosissimi manifesti di eventi ed iniziative &#8211; spiega la proloco &#8211;\u00a0 per promuovere le bellezze della Conca Agordina&#8221;. <\/em>Chi vorr\u00e0 partecipare potr\u00e0 compilare il modulo ed inviare al massimo 2 foto.<\/p>\n<p>E IERI SERA LA NUOVA INIZIATIVA, LE INTERVISTE DI AD AGORDO PROLOCO, OSPITI &#8220;RADIO PIU&#8221;<\/p>\n<p>https:\/\/www.facebook.com\/AdAgordoProloco\/videos\/299648541396806<\/p>\n<p>&nbsp;<\/p>\n<p>&nbsp;<\/p>\n<hr \/>\n<\/div>\n<\/div>\n<\/div>\n<h1><span style=\"color: #ff0000;\">IERI ALLA RADIO<\/span><\/h1>\n<h2><a href=\"https:\/\/www.radiopiu.net\/wordpress\/femca-cisl-domande-e-risposte-sullaccordo-luxottica\/femca-cisl\/\" rel=\"attachment wp-att-127312\"><img loading=\"lazy\" decoding=\"async\" class=\"size-full wp-image-127312 alignleft\" src=\"https:\/\/www.radiopiu.net\/wordpress\/wp-content\/uploads\/2020\/04\/FEMCA-CISL.png\" alt=\"\" width=\"225\" height=\"225\" srcset=\"https:\/\/www.radiopiu.net\/wordpress\/wp-content\/uploads\/2020\/04\/FEMCA-CISL.png 225w, https:\/\/www.radiopiu.net\/wordpress\/wp-content\/uploads\/2020\/04\/FEMCA-CISL-150x150.png 150w\" sizes=\"auto, (max-width: 225px) 100vw, 225px\" \/><\/a><span style=\"color: #008000;\">CISL LA VOCE DEI LAVORATORI<\/span><\/h2>\n<p><strong>Ospite:<\/strong> Raffaele Salvatoni, segretario nazione FEMCA CISL<\/p>\n<p><strong>Tema:<\/strong> il nuovo contratto di lavoro<\/p>\n<audio class=\"wp-audio-shortcode\" id=\"audio-178227-6\" preload=\"none\" style=\"width: 100%;\" controls=\"controls\"><source type=\"audio\/mpeg\" src=\"https:\/\/www.radiopiu.net\/wordpress\/wp-content\/uploads\/2020\/12\/CISL.mp3?_=6\" \/><a href=\"https:\/\/www.radiopiu.net\/wordpress\/wp-content\/uploads\/2020\/12\/CISL.mp3\">https:\/\/www.radiopiu.net\/wordpress\/wp-content\/uploads\/2020\/12\/CISL.mp3<\/a><\/audio>\n<p>&nbsp;<\/p>\n<p>&nbsp;<\/p>\n<hr \/>\n<p>&nbsp;<\/p>\n<div class=\"im_message_wrap clearfix\">\n<div class=\"im_content_message_wrap im_message_out\">\n<h2><span style=\"color: #ff0000;\">IERI ALLA RADIO\u00a0 IN VIVO VERSO 2020-21<\/span><\/h2>\n<p><strong><span style=\"color: #0000ff;\">IN ONDA DAL LUNEDI AL VENERDI ALLE 7.10, 10.10, 18.50 I PROTAGONISTI DI QUESTA SETTIMANA: <\/span><span style=\"color: #0000ff;\"><span style=\"color: #000000;\">Carlo Molinari, Gian Domenico Mazzoccato, Mariano Grossi<\/span><\/span><\/strong><\/p>\n<blockquote class=\"wp-embedded-content\" data-secret=\"lYzKjDDmvf\"><p><a href=\"https:\/\/www.radiopiu.net\/wordpress\/labbandono-di-mariano-grossi\/\">L&#8217;ABBANDONO di MARIANO GROSSI<\/a><\/p><\/blockquote>\n<p><iframe loading=\"lazy\" class=\"wp-embedded-content\" sandbox=\"allow-scripts\" security=\"restricted\" style=\"position: absolute; clip: rect(1px, 1px, 1px, 1px);\" title=\"&#8220;L&#8217;ABBANDONO di MARIANO GROSSI&#8221; &#8212; Radio Pi\u00f9\" src=\"https:\/\/www.radiopiu.net\/wordpress\/labbandono-di-mariano-grossi\/embed\/#?secret=lYzKjDDmvf\" data-secret=\"lYzKjDDmvf\" width=\"600\" height=\"338\" frameborder=\"0\" marginwidth=\"0\" marginheight=\"0\" scrolling=\"no\"><\/iframe><\/p>\n<\/div>\n<\/div>\n<h1><strong><span style=\"font-family: Verdana, sans-serif;\"><span style=\"font-size: medium;\">LA RACCOLTA COMPLETA, TUTTE LE COLLEZIONI<\/span><\/span><\/strong><\/h1>\n<blockquote class=\"wp-embedded-content\" data-secret=\"foOUW3WyYW\"><p><a href=\"https:\/\/www.radiopiu.net\/wordpress\/in-vivo-verso\/\">In Vivo Verso<\/a><\/p><\/blockquote>\n<p><iframe loading=\"lazy\" class=\"wp-embedded-content\" sandbox=\"allow-scripts\" security=\"restricted\" style=\"position: absolute; clip: rect(1px, 1px, 1px, 1px);\" title=\"&#8220;In Vivo Verso&#8221; &#8212; Radio Pi\u00f9\" src=\"https:\/\/www.radiopiu.net\/wordpress\/in-vivo-verso\/embed\/#?secret=foOUW3WyYW\" data-secret=\"foOUW3WyYW\" width=\"600\" height=\"338\" frameborder=\"0\" marginwidth=\"0\" marginheight=\"0\" scrolling=\"no\"><\/iframe><\/p>\n<hr \/>\n<p>&nbsp;<\/p>\n<h2>007 IN CONDOTTA CON LA PROF. MARIA ROSA SALMAZO IL LUNEDI ALLE 10,30 E ALLE 19.00 LA DOMENICA ALLE 8 DEL MATTINO. NONA STAGIONE<\/h2>\n<h2>LA RACCOLTA COMPLETA<\/h2>\n<blockquote class=\"wp-embedded-content\" data-secret=\"1Mdac4nqB1\"><p><a href=\"https:\/\/www.radiopiu.net\/wordpress\/007incondotta-9\/\">007 in condotta<\/a><\/p><\/blockquote>\n<p><iframe loading=\"lazy\" class=\"wp-embedded-content\" sandbox=\"allow-scripts\" security=\"restricted\" style=\"position: absolute; clip: rect(1px, 1px, 1px, 1px);\" title=\"&#8220;007 in condotta&#8221; &#8212; Radio Pi\u00f9\" src=\"https:\/\/www.radiopiu.net\/wordpress\/007incondotta-9\/embed\/#?secret=1Mdac4nqB1\" data-secret=\"1Mdac4nqB1\" width=\"600\" height=\"338\" frameborder=\"0\" marginwidth=\"0\" marginheight=\"0\" scrolling=\"no\"><\/iframe><\/p>\n<p>&nbsp;<\/p>\n<hr \/>\n<p>&nbsp;<\/p>\n<blockquote>\n<h2>SALUTE E SOCIETA&#8217; IL LUNEDI ALLE 13.10 E ALLE 20.10, LA DOMENICA ALLE 10.30 A CURA DEL DOTTOR MARCO CARACCIOLO. QUINTA STAGIONE<\/h2>\n<\/blockquote>\n<h3>LA RACCOLTA COMPLETA<\/h3>\n<blockquote class=\"wp-embedded-content\" data-secret=\"zwpCcIEm4H\"><p><a href=\"https:\/\/www.radiopiu.net\/wordpress\/saluteesocieta\/\">Salute e Societ\u00e0<\/a><\/p><\/blockquote>\n<p><iframe loading=\"lazy\" class=\"wp-embedded-content\" sandbox=\"allow-scripts\" security=\"restricted\" style=\"position: absolute; clip: rect(1px, 1px, 1px, 1px);\" title=\"&#8220;Salute e Societ\u00e0&#8221; &#8212; Radio Pi\u00f9\" src=\"https:\/\/www.radiopiu.net\/wordpress\/saluteesocieta\/embed\/#?secret=zwpCcIEm4H\" data-secret=\"zwpCcIEm4H\" width=\"600\" height=\"338\" frameborder=\"0\" marginwidth=\"0\" marginheight=\"0\" scrolling=\"no\"><\/iframe><\/p>\n<hr \/>\n<blockquote>\n<h2><\/h2>\n<h2>FANTASTICHE DOLOMITI, NUOVA STAGIONE. APPUNTAMENTO QUINDICINALE IL GIOVEDI ALLE 10.30 E 1900<\/h2>\n<\/blockquote>\n<h1>LA RACCOLTA COMPLETA<\/h1>\n<blockquote class=\"wp-embedded-content\" data-secret=\"0jOJgTfAfq\"><p><a href=\"https:\/\/www.radiopiu.net\/wordpress\/https-wp-me-p63lo7-gyg\/\">FANTASTICHE DOLOMITI: IL QUINDICINALE APPUNTAMENTO ALLA RADIO<\/a><\/p><\/blockquote>\n<p><iframe loading=\"lazy\" class=\"wp-embedded-content\" sandbox=\"allow-scripts\" security=\"restricted\" style=\"position: absolute; clip: rect(1px, 1px, 1px, 1px);\" title=\"&#8220;FANTASTICHE DOLOMITI: IL QUINDICINALE APPUNTAMENTO ALLA RADIO&#8221; &#8212; Radio Pi\u00f9\" src=\"https:\/\/www.radiopiu.net\/wordpress\/https-wp-me-p63lo7-gyg\/embed\/#?secret=0jOJgTfAfq\" data-secret=\"0jOJgTfAfq\" width=\"600\" height=\"338\" frameborder=\"0\" marginwidth=\"0\" marginheight=\"0\" scrolling=\"no\"><\/iframe><\/p>\n<div class=\"mw-parser-output\">\n<p>&nbsp;<\/p>\n<\/div>\n<p>&nbsp;<\/p>\n<hr \/>\n<p>&nbsp;<\/p>\n<blockquote>\n<h2><a href=\"https:\/\/www.radiopiu.net\/wordpress\/speciale-solidarieta-veneto\/solidarieta-veneto-3\/\" rel=\"attachment wp-att-134366\"><img loading=\"lazy\" decoding=\"async\" class=\"wp-image-134366 alignleft\" src=\"https:\/\/www.radiopiu.net\/wordpress\/wp-content\/uploads\/2020\/05\/solidariet\u00e0-veneto-300x210.jpg\" alt=\"\" width=\"179\" height=\"125\" srcset=\"https:\/\/www.radiopiu.net\/wordpress\/wp-content\/uploads\/2020\/05\/solidariet\u00e0-veneto-300x210.jpg 300w, https:\/\/www.radiopiu.net\/wordpress\/wp-content\/uploads\/2020\/05\/solidariet\u00e0-veneto-1024x717.jpg 1024w, https:\/\/www.radiopiu.net\/wordpress\/wp-content\/uploads\/2020\/05\/solidariet\u00e0-veneto-768x538.jpg 768w, https:\/\/www.radiopiu.net\/wordpress\/wp-content\/uploads\/2020\/05\/solidariet\u00e0-veneto.jpg 1373w\" sizes=\"auto, (max-width: 179px) 100vw, 179px\" \/><\/a>SOLIDARIETA&#8217; VENETO FONDO PENSIONE, IN ONDA IL PRIMO VENERDI DEL MESE ALLE 10.30 E ALLE 19.00 QUINTA STAGIONE<\/h2>\n<h2>RACCOLTA COMPLETA<\/h2>\n<\/blockquote>\n<blockquote class=\"wp-embedded-content\" data-secret=\"gfuI8lHg9v\"><p><a href=\"https:\/\/www.radiopiu.net\/wordpress\/solidarieta-veneto\/\">Solidariet\u00e0 Veneto<\/a><\/p><\/blockquote>\n<p><iframe loading=\"lazy\" class=\"wp-embedded-content\" sandbox=\"allow-scripts\" security=\"restricted\" style=\"position: absolute; clip: rect(1px, 1px, 1px, 1px);\" title=\"&#8220;Solidariet\u00e0 Veneto&#8221; &#8212; Radio Pi\u00f9\" src=\"https:\/\/www.radiopiu.net\/wordpress\/solidarieta-veneto\/embed\/#?secret=gfuI8lHg9v\" data-secret=\"gfuI8lHg9v\" width=\"600\" height=\"338\" frameborder=\"0\" marginwidth=\"0\" marginheight=\"0\" scrolling=\"no\"><\/iframe><\/p>\n<p>&nbsp;<\/p>\n<p>&nbsp;<\/p>\n<hr \/>\n<p>&nbsp;<\/p>\n<h2><span style=\"color: #808000;\">DUE MINUTI UN LIBRO\u00a0 TUTTI I GIORNI ALLA RADIO ALLE 9.30 E ALLE 18. QUINTA STAGIONE\u00a0 \u00a0<\/span><\/h2>\n<blockquote class=\"wp-embedded-content\" data-secret=\"Lh5k5s91ir\"><p><a href=\"https:\/\/www.radiopiu.net\/wordpress\/il-cuore-di-frankenstein\/\">IL CUORE DI FRANKENSTEIN<\/a><\/p><\/blockquote>\n<p><iframe loading=\"lazy\" class=\"wp-embedded-content\" sandbox=\"allow-scripts\" security=\"restricted\" style=\"position: absolute; clip: rect(1px, 1px, 1px, 1px);\" title=\"&#8220;IL CUORE DI FRANKENSTEIN&#8221; &#8212; Radio Pi\u00f9\" src=\"https:\/\/www.radiopiu.net\/wordpress\/il-cuore-di-frankenstein\/embed\/#?secret=Lh5k5s91ir\" data-secret=\"Lh5k5s91ir\" width=\"600\" height=\"338\" frameborder=\"0\" marginwidth=\"0\" marginheight=\"0\" scrolling=\"no\"><\/iframe><\/p>\n<h2>LA RACCOLTA COMPLETA<\/h2>\n<blockquote class=\"wp-embedded-content\" data-secret=\"S74LqfKoln\"><p><a href=\"https:\/\/www.radiopiu.net\/wordpress\/due-minuti-un-libro\/\">Due minuti un libro<\/a><\/p><\/blockquote>\n<p><iframe loading=\"lazy\" class=\"wp-embedded-content\" sandbox=\"allow-scripts\" security=\"restricted\" style=\"position: absolute; clip: rect(1px, 1px, 1px, 1px);\" title=\"&#8220;Due minuti un libro&#8221; &#8212; Radio Pi\u00f9\" src=\"https:\/\/www.radiopiu.net\/wordpress\/due-minuti-un-libro\/embed\/#?secret=S74LqfKoln\" data-secret=\"S74LqfKoln\" width=\"600\" height=\"338\" frameborder=\"0\" marginwidth=\"0\" marginheight=\"0\" scrolling=\"no\"><\/iframe><\/p>\n<p>&nbsp;<\/p>\n<hr \/>\n<p>&nbsp;<\/p>\n<blockquote>\n<h2>CASSA SOLIDARIET\u00c0 LUXOTTICA &#8211; PUNTATA DEL 20 NOVEMBRE 2020<\/h2>\n<h2>RACCOLTA COMPLETA<\/h2>\n<\/blockquote>\n<blockquote class=\"wp-embedded-content\" data-secret=\"HoKCMH74oJ\"><p><a href=\"https:\/\/www.radiopiu.net\/wordpress\/cassa-solidarieta-luxottica-puntata-del-16-ottobre-2020\/\">CASSA SOLIDARIET\u00c0 LUXOTTICA &#8211; PUNTATA DEL 20 NOVEMBRE 2020<\/a><\/p><\/blockquote>\n<p><iframe loading=\"lazy\" class=\"wp-embedded-content\" sandbox=\"allow-scripts\" security=\"restricted\" style=\"position: absolute; clip: rect(1px, 1px, 1px, 1px);\" title=\"&#8220;CASSA SOLIDARIET\u00c0 LUXOTTICA &#8211; PUNTATA DEL 20 NOVEMBRE 2020&#8221; &#8212; Radio Pi\u00f9\" src=\"https:\/\/www.radiopiu.net\/wordpress\/cassa-solidarieta-luxottica-puntata-del-16-ottobre-2020\/embed\/#?secret=HoKCMH74oJ\" data-secret=\"HoKCMH74oJ\" width=\"600\" height=\"338\" frameborder=\"0\" marginwidth=\"0\" marginheight=\"0\" scrolling=\"no\"><\/iframe><\/p>\n<p>&nbsp;<\/p>\n<p>&nbsp;<\/p>\n<div>\n<p>&nbsp;<\/p>\n<hr \/>\n<p>&nbsp;<\/p>\n<div>\n<h2><span style=\"color: #33cccc;\">I RACCONTI DI PAOLO SOPPELSA il lunedi alle 9.30 e 18.30<\/span><\/h2>\n<h2><span style=\"color: #33cccc;\"><strong>RACCOLTA COMPLETA<\/strong><\/span><\/h2>\n<blockquote class=\"wp-embedded-content\" data-secret=\"hZOPcsMiCt\"><p><a href=\"https:\/\/www.radiopiu.net\/wordpress\/i-racconti-di-paolo-soppelsa\/\">I racconti di Paolo Soppelsa<\/a><\/p><\/blockquote>\n<p><iframe loading=\"lazy\" class=\"wp-embedded-content\" sandbox=\"allow-scripts\" security=\"restricted\" style=\"position: absolute; clip: rect(1px, 1px, 1px, 1px);\" title=\"&#8220;I racconti di Paolo Soppelsa&#8221; &#8212; Radio Pi\u00f9\" src=\"https:\/\/www.radiopiu.net\/wordpress\/i-racconti-di-paolo-soppelsa\/embed\/#?secret=hZOPcsMiCt\" data-secret=\"hZOPcsMiCt\" width=\"600\" height=\"338\" frameborder=\"0\" marginwidth=\"0\" marginheight=\"0\" scrolling=\"no\"><\/iframe><\/p>\n<\/div>\n<p>&nbsp;<\/p>\n<hr \/>\n<p>&nbsp;<\/p>\n<div>\n<p>&nbsp;<\/p>\n<h2><strong>LE\u00a0 PUNTATE di Luisa Alchini di Leggermente Bellunesi, la domenica alle 11, il martedi alle 10.30 e alle 19.00<\/strong><\/h2>\n<\/div>\n<h1><span style=\"color: #000000;\">RACCOLTA COMPLETA<\/span><\/h1>\n<blockquote class=\"wp-embedded-content\" data-secret=\"lkbn3pcgrk\"><p><a href=\"https:\/\/www.radiopiu.net\/wordpress\/leggermente-20\/\">LEGGERmente&#8230;Bellunesi<\/a><\/p><\/blockquote>\n<p><iframe loading=\"lazy\" class=\"wp-embedded-content\" sandbox=\"allow-scripts\" security=\"restricted\" style=\"position: absolute; clip: rect(1px, 1px, 1px, 1px);\" title=\"&#8220;LEGGERmente&#8230;Bellunesi&#8221; &#8212; Radio Pi\u00f9\" src=\"https:\/\/www.radiopiu.net\/wordpress\/leggermente-20\/embed\/#?secret=lkbn3pcgrk\" data-secret=\"lkbn3pcgrk\" width=\"600\" height=\"338\" frameborder=\"0\" marginwidth=\"0\" marginheight=\"0\" scrolling=\"no\"><\/iframe><\/p>\n<hr \/>\n<p>&nbsp;<\/p>\n<blockquote>\n<h3>L&#8217;ALMANACCO LADINO CON L&#8217;ISTITUT CESA DE JAN QUINDICINALE APPUNTAMENTO. LA DOMENICA ALLE 9 IL LUNEDI ALLE 8.35 IL MARTEDI ALLE 12.35 IL MERCOLEDI ALLE 18.35. SECONDA STAGIONE.<\/h3>\n<\/blockquote>\n<h2><span style=\"color: #ff0000;\"><strong><img loading=\"lazy\" decoding=\"async\" class=\"alignleft\" src=\"https:\/\/www.radiopiu.net\/wordpress\/wp-content\/uploads\/2020\/12\/beautiful-aerial-shot-forest-enveloped-creepy-mist-fog_181624-2659.jpg\" width=\"185\" height=\"123\" \/><\/strong><\/span><\/h2>\n<h2><\/h2>\n<h2><\/h2>\n<h2><span style=\"color: #ff0000;\"><strong>LA PUNTATA DELLA SETTIMANA<\/strong><\/span><\/h2>\n<audio class=\"wp-audio-shortcode\" id=\"audio-178227-7\" preload=\"none\" style=\"width: 100%;\" controls=\"controls\"><source type=\"audio\/mpeg\" src=\"https:\/\/www.radiopiu.net\/wordpress\/wp-content\/uploads\/2020\/12\/47\u00b0-Almanacco-Ladino_Col.mp3?_=7\" \/><a href=\"https:\/\/www.radiopiu.net\/wordpress\/wp-content\/uploads\/2020\/12\/47\u00b0-Almanacco-Ladino_Col.mp3\">https:\/\/www.radiopiu.net\/wordpress\/wp-content\/uploads\/2020\/12\/47\u00b0-Almanacco-Ladino_Col.mp3<\/a><\/audio>\n<p>&nbsp;<\/p>\n<p><strong>RACCOLTA COMPLETA\u00a0<\/strong><\/p>\n<blockquote class=\"wp-embedded-content\" data-secret=\"470USze2Rt\"><p><a href=\"https:\/\/www.radiopiu.net\/wordpress\/almanacco-ladino\/\">Almanacco Ladino<\/a><\/p><\/blockquote>\n<p><iframe loading=\"lazy\" class=\"wp-embedded-content\" sandbox=\"allow-scripts\" security=\"restricted\" style=\"position: absolute; clip: rect(1px, 1px, 1px, 1px);\" title=\"&#8220;Almanacco Ladino&#8221; &#8212; Radio Pi\u00f9\" src=\"https:\/\/www.radiopiu.net\/wordpress\/almanacco-ladino\/embed\/#?secret=470USze2Rt\" data-secret=\"470USze2Rt\" width=\"600\" height=\"338\" frameborder=\"0\" marginwidth=\"0\" marginheight=\"0\" scrolling=\"no\"><\/iframe><\/p>\n<p>&nbsp;<\/p>\n<\/div>\n<hr \/>\n<div>\n<h2><span style=\"color: #000080;\"><a class=\"dt-pswp-item\" href=\"https:\/\/www.radiopiu.net\/wordpress\/wp-content\/uploads\/2020\/10\/pp.jpg\" data-dt-img-description=\"\" data-large_image_width=\"640\" data-large_image_height=\"640\"><img loading=\"lazy\" decoding=\"async\" class=\"wp-image-163678 alignleft\" src=\"https:\/\/www.radiopiu.net\/wordpress\/wp-content\/uploads\/2020\/10\/pp-300x300.jpg\" alt=\"\" width=\"106\" height=\"106\" srcset=\"https:\/\/www.radiopiu.net\/wordpress\/wp-content\/uploads\/2020\/10\/pp-300x300.jpg 300w, https:\/\/www.radiopiu.net\/wordpress\/wp-content\/uploads\/2020\/10\/pp-150x150.jpg 150w, https:\/\/www.radiopiu.net\/wordpress\/wp-content\/uploads\/2020\/10\/pp-125x125.jpg 125w, https:\/\/www.radiopiu.net\/wordpress\/wp-content\/uploads\/2020\/10\/pp-200x200.jpg 200w, https:\/\/www.radiopiu.net\/wordpress\/wp-content\/uploads\/2020\/10\/pp-80x80.jpg 80w, https:\/\/www.radiopiu.net\/wordpress\/wp-content\/uploads\/2020\/10\/pp-480x480.jpg 480w, https:\/\/www.radiopiu.net\/wordpress\/wp-content\/uploads\/2020\/10\/pp.jpg 640w\" sizes=\"auto, (max-width: 106px) 100vw, 106px\" \/><\/a> <\/span><\/h2>\n<h2><span style=\"color: #000080;\">DON CESARE, IL PENSIERO DEL GIORNO. ALLA RADIO ALLE 7 DEL MATTINO E ALLE 19.30 DELLA SERA.\u00a0\u00a0<\/span><\/h2>\n<\/div>\n<p>&nbsp;<\/p>\n<p>&nbsp;<\/p>\n<p>&nbsp;<\/p>\n<audio class=\"wp-audio-shortcode\" id=\"audio-178227-8\" preload=\"none\" style=\"width: 100%;\" controls=\"controls\"><source type=\"audio\/mpeg\" src=\"https:\/\/www.radiopiu.net\/wordpress\/wp-content\/uploads\/2020\/12\/CESARE-6.mp3?_=8\" \/><a href=\"https:\/\/www.radiopiu.net\/wordpress\/wp-content\/uploads\/2020\/12\/CESARE-6.mp3\">https:\/\/www.radiopiu.net\/wordpress\/wp-content\/uploads\/2020\/12\/CESARE-6.mp3<\/a><\/audio>\n<p>&nbsp;<\/p>\n<hr \/>\n<p>&nbsp;<\/p>\n<div>\n<p class=\"photoswipe-wrapper\"><a class=\"dt-pswp-item pspw-wrap-ready\" href=\"https:\/\/i0.wp.com\/www.radiopiu.net\/wordpress\/wp-content\/uploads\/2018\/09\/viabilita.jpeg?ssl=1\" data-dt-img-description=\"\" data-large_image_width=\"800\" data-large_image_height=\"100\"><img loading=\"lazy\" decoding=\"async\" class=\"aligncenter wp-image-61954 size-full\" src=\"https:\/\/i0.wp.com\/www.radiopiu.net\/wordpress\/wp-content\/uploads\/2018\/09\/viabilita.jpeg?resize=800%2C100&amp;ssl=1\" sizes=\"auto, (max-width: 800px) 100vw, 800px\" srcset=\"https:\/\/i0.wp.com\/www.radiopiu.net\/wordpress\/wp-content\/uploads\/2018\/09\/viabilita.jpeg?w=800&amp;ssl=1 800w, https:\/\/i0.wp.com\/www.radiopiu.net\/wordpress\/wp-content\/uploads\/2018\/09\/viabilita.jpeg?resize=300%2C38&amp;ssl=1 300w, https:\/\/i0.wp.com\/www.radiopiu.net\/wordpress\/wp-content\/uploads\/2018\/09\/viabilita.jpeg?resize=768%2C96&amp;ssl=1 768w\" alt=\"\" width=\"800\" height=\"100\" \/><\/a><\/p>\n<\/div>\n<p>&nbsp;<\/p>\n<p><strong>SP 42 CAVALLERA<\/strong> fino a revoca, chiusura della strada nell&#8217;abitato di Perarolo per attivazione emergenza frana &#8220;Busa del Cristo&#8221;<\/p>\n<p><strong>FELTRE<\/strong> Senso unico alternato regolato da movieri per lavori stradali nel tratto di viale Monte Grappa compreso fra incrocio con via Folli ( accesso supermercato Lidl ) e fine cantiere Altanon ( altezza negozio Kiwi Sport ) fino al 23 dicembre<\/p>\n<p><strong>PROVINCIALE 49 MISURINA CONFINE PROVINCIA DI BOLZANO<\/strong>:\u00a0 fino al 22 dicembre (festivi e prefestivi compresi) senso unico alternato con movieri o semafori<\/p>\n<p><strong>PROVINCIALE 3 VALLE IMPERINA<\/strong>:\u00a0 fino al 12 dicembre senso unico alternato (tutti i giorni nessuno escluso) in locailt\u00e0 Gona per messa in sicurezza della strada.<\/p>\n<p><strong>S.P.2 DELLA VALLE DEL MIS\u00a0<\/strong>Interdizione totale al traffico fino a revoca dal km 14,920 (localit\u00e0 Gona Bassa) al km 20,650 (localit\u00e0 Titele) per cedimento della carreggiata<\/p>\n<p><strong>S.P. 5 DI LAMOSANO<\/strong>\u00a0Interdizione totale fino a revoca per presenza di materiale e alberi in strada.<\/p>\n<p><strong>S.P. 251 DI VAL DI ZOLDO E VAL CELLINA\u00a0<\/strong>dalla localit\u00e0 Soffranco fino all&#8217;imbocco nord della galleria S. Giovanni interdizione totale al transito per cedimento della carreggiata<\/p>\n<p><strong>SP\u00a0423 LAGO DI SANTA CROCE_POIATTE_ALPAGO <\/strong>Fino al 12 dicembre (esclusi festivi e prefestivi) senso unico alternato con movieri o semaforo per esecuzione paramassi a monte della strada<\/p>\n<p><strong>SP 3 DELLA VAL IMPERINA<\/strong> fino a revoca, senso unico alternato regolato a vista in localit\u00e0 Gona di Conedera di Rivamonte per cedimento della carreggiata stradale<\/p>\n<p><strong>REGIONALE 203 AGORDINA<\/strong>\u00a0 Fino\u00a0 al 18 dicembre (esclusi festivi e prefestivi) senso unico alternato tra Peron e Candaten con movieri dalle 7.30 alle 9 e dalle 16.30 alle 18. Con semaforo negli altri orari<\/p>\n<div>\n<p>&nbsp;<\/p>\n<hr \/>\n<p>&nbsp;<\/p>\n<p class=\"photoswipe-wrapper\"><a class=\"dt-pswp-item pspw-wrap-ready\" href=\"https:\/\/i0.wp.com\/www.radiopiu.net\/wordpress\/wp-content\/uploads\/2018\/09\/WhatsApp-Image-2018-09-20-at-16.04.06.jpeg?ssl=1\" data-dt-img-description=\"\" data-large_image_width=\"800\" data-large_image_height=\"100\"><img loading=\"lazy\" decoding=\"async\" class=\"aligncenter wp-image-61378 size-full jetpack-lazy-image jetpack-lazy-image--handled\" src=\"https:\/\/i0.wp.com\/www.radiopiu.net\/wordpress\/wp-content\/uploads\/2018\/09\/WhatsApp-Image-2018-09-20-at-16.04.06.jpeg?resize=800%2C100&amp;ssl=1\" sizes=\"auto, (max-width: 800px) 100vw, 800px\" srcset=\"https:\/\/i0.wp.com\/www.radiopiu.net\/wordpress\/wp-content\/uploads\/2018\/09\/WhatsApp-Image-2018-09-20-at-16.04.06.jpeg?w=800&amp;ssl=1 800w, https:\/\/i0.wp.com\/www.radiopiu.net\/wordpress\/wp-content\/uploads\/2018\/09\/WhatsApp-Image-2018-09-20-at-16.04.06.jpeg?resize=300%2C38&amp;ssl=1 300w, https:\/\/i0.wp.com\/www.radiopiu.net\/wordpress\/wp-content\/uploads\/2018\/09\/WhatsApp-Image-2018-09-20-at-16.04.06.jpeg?resize=768%2C96&amp;ssl=1 768w\" alt=\"\" width=\"800\" height=\"100\" data-lazy-loaded=\"1\" \/><\/a><\/p>\n<p>&nbsp;<\/p>\n<p><center><b>Giovedi 10<\/b><\/center><b>Tempo atteso:\u00a0<\/b>Nottetempo nubi e residui fenomeni. In giornata netto miglioramento sulle Dolomiti con ritorno del sole e cielo perlopi\u00f9 sereno. Sulle Prealpi nubi basse e stratocumuli nella prima parte del mattino, anche locali nebbie. In seguito diradamento di ambedue con ritorno del sole su quasi tutti i settori prealpini al pomeriggio. Il soleggiamento diurno consentir\u00e0 una lieve ripresa termica in giornata.<br \/>\n<b>Precipitazioni:\u00a0<\/b>Nottetempo probabilit\u00e0 media (40\/60%) di qualche sporadica precipitazione, nevosa oltre gli 800\/900 m. In giornata assenti (0%).<br \/>\n<b>Temperature:\u00a0<\/b>Minime in diminuzione, pi\u00f9 marcata nei settori innevati, specie in caso di rasserenamenti notturni; massime in leggera ripresa nelle valli assolate, stazionarie in quota e nei settori in ombra. Su Prealpi a 1500 m min -3\u00b0C max -1\u00b0C, a 2000 m min -6\u00b0C max -5\u00b0C. Su Dolomiti a 2000 m min -6\u00b0C max -3\u00b0C, a 3000 m min -10\u00b0C max -9\u00b0C.<br \/>\n<b>Venti:\u00a0<\/b>Nelle valli, deboli di direzione variabile, in alta quota deboli o moderati dai quadranti meriodionali e da nord-est a 1500 m, a 5-15 km\/h a 2000 m e 15-25 km\/h a 3000 m.<\/p>\n<hr \/>\n<p><center><b>Venerdi 11<\/b><\/center><b>Tempo atteso:\u00a0<\/b>Al mattino cielo sereno, aria tersa ed ottima visibilit\u00e0, salvo nebbie mattutine in Valbelluna e in alcune depressioni degli altopiani prealpini. Al pomeriggio il cielo si coprir\u00e0 per infittirsi della nuvolosit\u00e0 stratiforme e Probabile lievissimo peggioramento alla sera. Far\u00e0 assai pi\u00f9 freddo di notte.<br \/>\n<b>Precipitazioni:\u00a0<\/b>Assenti (0%) in giornata. Alla sera probabilit\u00e0 medio-alta (60\/80%) di deboli precipitazioni, nevose oltre i 500\/700 m.<br \/>\n<b>Temperature:\u00a0<\/b>Minime in ulteriore calo con diffuse gelate, anche forti nei posti innevati (-7\/-11\u00b0C a 1000\/1200 m, anche pi\u00f9 basse sugli altopiani prealpini alle stesse quote); massime in leggero calo a tutte le quote, specie nei settori in ombra. Su Prealpi a 1500 m min -5\u00b0C max -3\u00b0C, a 2000 m min -7\u00b0C max -5\u00b0C. Su Dolomiti a 2000 m min -8\u00b0C max -6\u00b0C, a 3000 m min -12\u00b0C max -10\u00b0C.<br \/>\n<b>Venti:\u00a0<\/b>Nelle valli, deboli di direzione variabile, in quota deboli o moderati da sud-ovest, anche tesi sulle cime dolomitiche pi\u00f9 alte dal pomeriggio a 5-20 km\/h a 2000 m e 15-35 km\/h a 3000 m.<\/p>\n<hr \/>\n<p><center><b>Sabato 12<\/b><\/center>Cielo molto nuvoloso\/coperto tra la notte ed il mattino, associato a deboli o debolissime precipitazioni, nevose nei fondovalle dolomitici e oltre i 600\/800 m sulle Prealpi, localmente anche pi\u00f9 bassa durante la notte. Alla sera prime schiarite sulle Dolomiti, in successiva estensione alle Prealpi. Temperature in generale rialzo, specie le minime. Venti deboli di direzione variabile nelle valli; deboli\/moderati da sud-ovest al mattino e da nord-est al pomeriggio in quota.<\/p>\n<hr \/>\n<p><center><b>Domenica 13<\/b><\/center>Salvo residue nubi mattutine verso est, stupenda giornata invernale con sole, cielo sereno, aria tersa ed ottima visibilit\u00e0. Nottetempo calo termico con forti gelate nei posti innevati per irraggiamento notturno, gelate diffuse anche nei fondovalle prealpini. Di giorno il soleggiamento consentir\u00e0 un rialzo delle temperature massime, mentre saranno in diminuzione nelle valli in ombra. Venti deboli\/moderati da nord-ovest in quota, deboli di direzione variabile nelle valli, eccetto soliti locali rinforzi in alcuni settori prealpini. Previsore: R.L.Th.<\/p>\n<p>&nbsp;<\/p>\n<hr \/>\n<p>&nbsp;<\/p>\n<h3><a href=\"https:\/\/www.radiopiu.net\/wordpress\/giornale-radiopiu-15-settembre-2018-direttore-mirko-mezzacasa\/sport-7\/\" rel=\"attachment wp-att-60761\"><img loading=\"lazy\" decoding=\"async\" class=\"aligncenter wp-image-60761 size-full\" src=\"https:\/\/www.radiopiu.net\/wordpress\/wp-content\/uploads\/2018\/09\/sport.jpg\" alt=\"\" width=\"800\" height=\"100\" srcset=\"https:\/\/www.radiopiu.net\/wordpress\/wp-content\/uploads\/2018\/09\/sport.jpg 800w, https:\/\/www.radiopiu.net\/wordpress\/wp-content\/uploads\/2018\/09\/sport-300x38.jpg 300w, https:\/\/www.radiopiu.net\/wordpress\/wp-content\/uploads\/2018\/09\/sport-768x96.jpg 768w\" sizes=\"auto, (max-width: 800px) 100vw, 800px\" \/><\/a><\/h3>\n<p>&nbsp;<\/p>\n<blockquote>\n<h3 class=\"ox-74a3e98152-ox-aab14a772b-ox-330e81733e-default-style\"><strong>GIULIA GASPARI IN AZZURRO PER LA COPPA DEL MONDO DI SNOWBOARD A CORTINA<\/strong><\/h3>\n<\/blockquote>\n<p class=\"ox-74a3e98152-ox-aab14a772b-ox-330e81733e-default-style\"><strong><a href=\"https:\/\/www.radiopiu.net\/wordpress\/giornale-radiopiu-10-dicembre-2020-direttore-mirko-mezzacasa\/giulia-gaspari-2020-2\/\" rel=\"attachment wp-att-178394\"><img loading=\"lazy\" decoding=\"async\" class=\" wp-image-178394 alignleft\" src=\"https:\/\/www.radiopiu.net\/wordpress\/wp-content\/uploads\/2020\/12\/giulia-gaspari-2020-2-300x200.jpeg\" alt=\"\" width=\"206\" height=\"137\" srcset=\"https:\/\/www.radiopiu.net\/wordpress\/wp-content\/uploads\/2020\/12\/giulia-gaspari-2020-2-300x200.jpeg 300w, https:\/\/www.radiopiu.net\/wordpress\/wp-content\/uploads\/2020\/12\/giulia-gaspari-2020-2-1024x683.jpeg 1024w, https:\/\/www.radiopiu.net\/wordpress\/wp-content\/uploads\/2020\/12\/giulia-gaspari-2020-2-768x512.jpeg 768w, https:\/\/www.radiopiu.net\/wordpress\/wp-content\/uploads\/2020\/12\/giulia-gaspari-2020-2.jpeg 1190w\" sizes=\"auto, (max-width: 206px) 100vw, 206px\" \/><\/a>CORTINA<\/strong> L&#8217;azzurra dello Sci club Drusci\u00e9 Cortina Giulia Gaspari \u00e8 tra i dodici azzurri convocati dal direttore tecnico Cesare Pisoni per l\u2019esordio nella Coppa del mondo 2020-2021 del gigante parallelo che si terr\u00e0 sabato 12 dicembre\u00a0 a Cortina. Per lo Sci club Drusci\u00e9 si tratta di un&#8217;altra grande soddisfazione, che segue di pochi giorni quella regalata da Stefano Baruffaldi, per la prima volta a punti nella Coppa del mondo di sci alpino. <em>&#8220;Sono entusiasta di poter gareggiare &#8211; dice Giulia-\u00a0 sono contenta degli ultimi allenamenti svolti a Livigno, mi sento bene sulla tavola anche se da luglio ho solo poco pi\u00f9 di venti giorni su neve. Sabato dar\u00e0 tutta me stessa, vorrei ovviamente riuscire a qualificarmi per le finali\u00bb.<\/em><\/p>\n<\/div>\n","protected":false},"excerpt":{"rendered":"<p>PER RICEVERE QUESTO NOTIZIARIO DIRETTAMENTE SUL TUO CELLULARE ISCRIVITI AL CANALE TELEGRAM \u201cRADIO PIU\u00a0 INFORMAZIONE&#8221; &nbsp; ATTENZIONE: LA NUOVA APP PER IOS-IPHONE https:\/\/apps.apple.com\/it\/app\/radio-pi%C3%B9-emittente-agordina\/id1515939845 ATTENZIONE: LA NUOVA APP RADIO\u00a0 PER ANDROID https:\/\/play.google.com\/store\/apps\/details?id=net.radiopiu.iniko\u00a0\u00a0 &nbsp; LUXOTTICA: E&#8217; NATALE &nbsp; &nbsp; &nbsp; &nbsp; &nbsp; L&#8217;AUTOCERTIFICAZIONE PER SCARICARE L&#8217;AUTOCERTIFICAZIONE CLICCA QUI &nbsp; DALLA PREFETTURA DI BELLUNO IL MONITORAGGIO DEI CONTROLLI&hellip;<\/p>\n","protected":false},"author":4,"featured_media":178363,"comment_status":"closed","ping_status":"closed","sticky":false,"template":"","format":"standard","meta":{"_monsterinsights_skip_tracking":false,"_monsterinsights_sitenote_active":false,"_monsterinsights_sitenote_note":"","_monsterinsights_sitenote_category":0,"footnotes":""},"categories":[1,51,86,49],"tags":[],"class_list":["post-178227","post","type-post","status-publish","format-standard","has-post-thumbnail","hentry","category-senza-categoria","category-evidenza-top","category-gr","category-news-18","category-1","category-51","category-86","category-49","description-off"],"img_url":"https:\/\/www.radiopiu.net\/wordpress\/wp-content\/uploads\/2020\/12\/ba8976f2-b272-4d1d-af81-bdf8ba278f15.jpg","_links":{"self":[{"href":"https:\/\/www.radiopiu.net\/wordpress\/wp-json\/wp\/v2\/posts\/178227","targetHints":{"allow":["GET"]}}],"collection":[{"href":"https:\/\/www.radiopiu.net\/wordpress\/wp-json\/wp\/v2\/posts"}],"about":[{"href":"https:\/\/www.radiopiu.net\/wordpress\/wp-json\/wp\/v2\/types\/post"}],"author":[{"embeddable":true,"href":"https:\/\/www.radiopiu.net\/wordpress\/wp-json\/wp\/v2\/users\/4"}],"replies":[{"embeddable":true,"href":"https:\/\/www.radiopiu.net\/wordpress\/wp-json\/wp\/v2\/comments?post=178227"}],"version-history":[{"count":0,"href":"https:\/\/www.radiopiu.net\/wordpress\/wp-json\/wp\/v2\/posts\/178227\/revisions"}],"wp:featuredmedia":[{"embeddable":true,"href":"https:\/\/www.radiopiu.net\/wordpress\/wp-json\/wp\/v2\/media\/178363"}],"wp:attachment":[{"href":"https:\/\/www.radiopiu.net\/wordpress\/wp-json\/wp\/v2\/media?parent=178227"}],"wp:term":[{"taxonomy":"category","embeddable":true,"href":"https:\/\/www.radiopiu.net\/wordpress\/wp-json\/wp\/v2\/categories?post=178227"},{"taxonomy":"post_tag","embeddable":true,"href":"https:\/\/www.radiopiu.net\/wordpress\/wp-json\/wp\/v2\/tags?post=178227"}],"curies":[{"name":"wp","href":"https:\/\/api.w.org\/{rel}","templated":true}]}}