{"id":178279,"date":"2020-12-09T10:21:14","date_gmt":"2020-12-09T09:21:14","guid":{"rendered":"https:\/\/www.radiopiu.net\/wordpress\/?p=178279"},"modified":"2020-12-09T10:21:14","modified_gmt":"2020-12-09T09:21:14","slug":"neve-al-suolo-aggiornamento-arpav-del-09-dicembre-2020","status":"publish","type":"post","link":"https:\/\/www.radiopiu.net\/wordpress\/neve-al-suolo-aggiornamento-arpav-del-09-dicembre-2020\/","title":{"rendered":"NEVE AL SUOLO. AGGIORNAMENTO ARPAV DEL 09 DICEMBRE 2020"},"content":{"rendered":"<p>Ra Vales a Cortina resta la localit\u00e0 dove \u00e8 caduta pi\u00f9 neve con 282 cm al suolo. Seguono Misurina e Col dei Baldi ad Alleghe con 212. Le zone con meno cumulo risultano Arsi\u00e8 con 2 cm e Agordo con 4 cm<\/p>\n<a href=\"https:\/\/www.radiopiu.net\/wordpress\/wp-content\/uploads\/2020\/12\/2020_12_09_Dolomiti-Neve-al-suolo.pdf\" class=\"pdfemb-viewer\" style=\"\" data-width=\"max\" data-height=\"max\" data-toolbar=\"top\" data-toolbar-fixed=\"on\">2020_12_09_Dolomiti Neve al suolo<\/a>\n","protected":false},"excerpt":{"rendered":"<p>Ra Vales a Cortina resta la localit\u00e0 dove \u00e8 caduta pi\u00f9 neve con 282 cm al suolo. Seguono Misurina e Col dei Baldi ad Alleghe con 212. Le zone con meno cumulo risultano Arsi\u00e8 con 2 cm e Agordo con 4 cm<\/p>\n","protected":false},"author":4,"featured_media":178282,"comment_status":"closed","ping_status":"closed","sticky":false,"template":"","format":"standard","meta":{"_monsterinsights_skip_tracking":false,"_monsterinsights_sitenote_active":false,"_monsterinsights_sitenote_note":"","_monsterinsights_sitenote_category":0,"footnotes":""},"categories":[49],"tags":[],"class_list":["post-178279","post","type-post","status-publish","format-standard","has-post-thumbnail","hentry","category-news-18","category-49","description-off"],"img_url":"https:\/\/www.radiopiu.net\/wordpress\/wp-content\/uploads\/2020\/12\/neve.jpg","_links":{"self":[{"href":"https:\/\/www.radiopiu.net\/wordpress\/wp-json\/wp\/v2\/posts\/178279","targetHints":{"allow":["GET"]}}],"collection":[{"href":"https:\/\/www.radiopiu.net\/wordpress\/wp-json\/wp\/v2\/posts"}],"about":[{"href":"https:\/\/www.radiopiu.net\/wordpress\/wp-json\/wp\/v2\/types\/post"}],"author":[{"embeddable":true,"href":"https:\/\/www.radiopiu.net\/wordpress\/wp-json\/wp\/v2\/users\/4"}],"replies":[{"embeddable":true,"href":"https:\/\/www.radiopiu.net\/wordpress\/wp-json\/wp\/v2\/comments?post=178279"}],"version-history":[{"count":0,"href":"https:\/\/www.radiopiu.net\/wordpress\/wp-json\/wp\/v2\/posts\/178279\/revisions"}],"wp:featuredmedia":[{"embeddable":true,"href":"https:\/\/www.radiopiu.net\/wordpress\/wp-json\/wp\/v2\/media\/178282"}],"wp:attachment":[{"href":"https:\/\/www.radiopiu.net\/wordpress\/wp-json\/wp\/v2\/media?parent=178279"}],"wp:term":[{"taxonomy":"category","embeddable":true,"href":"https:\/\/www.radiopiu.net\/wordpress\/wp-json\/wp\/v2\/categories?post=178279"},{"taxonomy":"post_tag","embeddable":true,"href":"https:\/\/www.radiopiu.net\/wordpress\/wp-json\/wp\/v2\/tags?post=178279"}],"curies":[{"name":"wp","href":"https:\/\/api.w.org\/{rel}","templated":true}]}}