{"id":178298,"date":"2020-12-09T12:25:56","date_gmt":"2020-12-09T11:25:56","guid":{"rendered":"https:\/\/www.radiopiu.net\/wordpress\/?p=178298"},"modified":"2020-12-09T15:07:48","modified_gmt":"2020-12-09T14:07:48","slug":"il-punto-stampa-di-luca-zaia-sullemergenza-covid-19","status":"publish","type":"post","link":"https:\/\/www.radiopiu.net\/wordpress\/il-punto-stampa-di-luca-zaia-sullemergenza-covid-19\/","title":{"rendered":"CURVA IN STALLO SI ATTENDE LA DISCESA, MA ANCORA 2400 POSITIVI. FONDAMENTALE IL DISTANZIAMENTO &#8220;Non \u00e8 vero che il Veneto \u00e8 la Regione pi\u00f9 contagiata d&#8217;Italia, ma quella che cerca maggiormente i positivi&#8221;- PUNTO STAMPA DI ZAIA"},"content":{"rendered":"<h2><\/h2>\n<p><strong>VENEZIA<\/strong> Punto stampa emergenza covid, da Marghera sede della Protezione Civile il Presidente Luca Zaia.<\/p>\n<p><strong>I NUMERI<\/strong> TAMPONI MOLECOLARI 2.921.028, TEST RAPIDI 1.204,416 (in 48 ore 73.000 tamponi rapidi), POSITIVI DAL 21 FEBBRAIO 173.371 (+2427), POSTIVI ATTUALI 81.018, RICOVERATI 3161 IN AREA NON CRITICA 2815 (+36)\u00a0 IN TERAPIA INTENSIVA\u00a0346 (+1)\u00a0 DECESSI\u00a0 4403 (+29) DIMESSI 8076 (+71)<\/p>\n<p>&nbsp;<\/p>\n<blockquote>\n<blockquote>\n<h2>LEGGI LA CONFERENZA STAMPA DI LUCA ZAIA<\/h2>\n<\/blockquote>\n<p><em>Non \u00e8 vero che il Veneto \u00e8 la Regione pi\u00f9 contagiata d&#8217;Italia, ma quella che cerca maggiormente i positivi. Regioni con pi\u00f9 abitanti di noi fanno meno tamponi di noi.\u00a0 E&#8217; da marzo che invito a non guardare i dati assoluti. Chi cerca trova, chi non li cerca non li trova come con i Pfas dove abbiamo speso 6 milioni di euro per creare un laboratorio.<\/em><\/p>\n<blockquote>\n<h5><em>Oggi ospiti la dottoressa Francesca Russo &#8211; tanti positivi in vento &#8211;\u00a0 e la vice presidente Elisa De Berti assessore ai trasporti &#8211; presentato il nuovo piano-\u00a0<\/em><\/h5>\n<\/blockquote>\n<p><strong><a href=\"https:\/\/www.radiopiu.net\/wordpress\/?attachment_id=178367\" rel=\"attachment wp-att-178367\"><img loading=\"lazy\" decoding=\"async\" class=\" wp-image-178367 alignleft\" src=\"https:\/\/www.radiopiu.net\/wordpress\/wp-content\/uploads\/2020\/12\/397c5a76-b411-4deb-a305-5c94beb03d84-300x225.jpg\" alt=\"\" width=\"179\" height=\"134\" srcset=\"https:\/\/www.radiopiu.net\/wordpress\/wp-content\/uploads\/2020\/12\/397c5a76-b411-4deb-a305-5c94beb03d84-300x225.jpg 300w, https:\/\/www.radiopiu.net\/wordpress\/wp-content\/uploads\/2020\/12\/397c5a76-b411-4deb-a305-5c94beb03d84-1024x768.jpg 1024w, https:\/\/www.radiopiu.net\/wordpress\/wp-content\/uploads\/2020\/12\/397c5a76-b411-4deb-a305-5c94beb03d84-768x576.jpg 768w, https:\/\/www.radiopiu.net\/wordpress\/wp-content\/uploads\/2020\/12\/397c5a76-b411-4deb-a305-5c94beb03d84-1536x1152.jpg 1536w, https:\/\/www.radiopiu.net\/wordpress\/wp-content\/uploads\/2020\/12\/397c5a76-b411-4deb-a305-5c94beb03d84.jpg 1600w\" sizes=\"auto, (max-width: 179px) 100vw, 179px\" \/><\/a>CURVE<\/strong> Dal primo giorno c&#8217;\u00e8 stata una crescita graduale senza impennate iniziali, ipotizziamo di essere arrivati nella parte alta, da 4-5 giorni si forma un pianoro e speriamo che decresca. I fattori fondamentali sono che abbiamo un terzo dei positivi rispetto a marzo pur con qualche ricovero in pi\u00f9 (600) di mezzo c&#8217;\u00e8 il differenziale che non c&#8217;\u00e8 stato il lockdown che pesa in maniera negativa. Poi c&#8217;\u00e8 il tema del distanziamento sociale. Il virus \u00e8 presente allo 0.8-1% della popolazione, cio\u00e8 uno su cento e da qui nasce il principio del distanziamento sociale. Anche ieri abbiamo visto il collasso delle strade nonostante l&#8217;appello a non andare in montagna. Il rischio \u00e8 altissimo in montagna e la neve non sta certo ferma e anche oggi abbiamo 2400 nuovi contagiati ma facciamo una strage di tamponi fino a 60 mila al mese. <strong>I TANTI CONTAGI VENETI<\/strong> facciamo moltissimi tamponi, abbiamo un modello unico nel suo genere, .\u00a0 Ci sono regioni che non fanno test rapidi, ma a me interessa sottolineare che se facessimo pi\u00f9 tamponi troveremmo pi\u00f9 positivi. Noi presentiamo al Governo tutti i risultati dei tamponi, anche quelli rapidi, e siamo due, tre regioni che adottiamo questo comportamento. Ho invitato la dottoressa Russo perch\u00e9 vorremmo capire ufficialmente come mai registriamo tutti questi contagi.<\/p>\n<p>&nbsp;<\/p>\n<h3>LA DOTTORESSA FRANCESCA RUSSO<\/h3>\n<blockquote><p><em><strong>Ora c&#8217;\u00e8 la decrescita riducendosi la capacit\u00e0 di diffusione, ci sar\u00e0 una lenta decrescita, un flessione. Questo dipender\u00e0 dalla capacit\u00e0 che avremo di impostare il piano vaccinale e sar\u00e0 cos\u00ec in tutto il mondo. Dai dati che ho analizzato non sono tali da farci scivolare in area arancione. Incidenza stimata 413 su 100mila al 2 dicembre.<\/strong><\/em><\/p><\/blockquote>\n<p><a href=\"https:\/\/www.radiopiu.net\/wordpress\/il-punto-stampa-di-luca-zaia-sullemergenza-covid-19\/ce2e1d43-a711-4eb8-9a36-15c6439836a8\/\" rel=\"attachment wp-att-178348\"><img loading=\"lazy\" decoding=\"async\" class=\" wp-image-178348 alignleft\" src=\"https:\/\/www.radiopiu.net\/wordpress\/wp-content\/uploads\/2020\/12\/ce2e1d43-a711-4eb8-9a36-15c6439836a8-300x225.jpg\" alt=\"\" width=\"208\" height=\"156\" srcset=\"https:\/\/www.radiopiu.net\/wordpress\/wp-content\/uploads\/2020\/12\/ce2e1d43-a711-4eb8-9a36-15c6439836a8-300x225.jpg 300w, https:\/\/www.radiopiu.net\/wordpress\/wp-content\/uploads\/2020\/12\/ce2e1d43-a711-4eb8-9a36-15c6439836a8-1024x768.jpg 1024w, https:\/\/www.radiopiu.net\/wordpress\/wp-content\/uploads\/2020\/12\/ce2e1d43-a711-4eb8-9a36-15c6439836a8-768x576.jpg 768w, https:\/\/www.radiopiu.net\/wordpress\/wp-content\/uploads\/2020\/12\/ce2e1d43-a711-4eb8-9a36-15c6439836a8-1536x1152.jpg 1536w, https:\/\/www.radiopiu.net\/wordpress\/wp-content\/uploads\/2020\/12\/ce2e1d43-a711-4eb8-9a36-15c6439836a8.jpg 1600w\" sizes=\"auto, (max-width: 208px) 100vw, 208px\" \/><\/a>Con le stesse modalit\u00e0 di calcolo si pu\u00f2 fare il confronto, ma non con strategie e modalit\u00e0 di calcolo diverse. Il tema \u00e8 quello della percentuale dei positivi sui tamponi fatti, una regola delle 21 per la colorazione delle regioni il venerdi. Ci permette di capire la diffusione dell&#8217;epidemia nei territori. Ma il calcolo non va di pari passo con lo sviluppo della diagnostica. Da aprile \u00e8 esplosa l&#8217;evoluzione della diagnostica e sono stati portati avanti con logiche diverse i test rapidi. Come regione abbiamo punto molto su questo era il nostro obiettivo: isolare subito i positivi. Questo ha aumentato il numero di tamponi aggiungendo alla nostra capacit\u00e0 di fare tamponi molecolari (gi\u00e0 implementati nei mesi scorsi) i tamponi rapidi. I tamponi rapidi non \u00e8 solo per intercettare i sospetti ma anche i contatti stretti del positivo che allarga il cerchio d&#8217;indagine. Questo permette di intercettare molto positivi asintomatici, non \u00e8 cos\u00ec in tutte le Regioni. In Lazio ad esempio \u00e8 stata tolta la ricerca dell&#8217;asintomatico. Oggi tutti i positivi al tampone rapido devono sottoporsi al tampone molecolare e quindi la nostra disponibilit\u00e0 diagnostica \u00e8 molto ampia. Utilizziamo una grande quantit\u00e0 di test non standardizzati. Come Regioni abbiamo cercato di interloquire con il Ministero mettendo in evidenza le discrepanze. I dati delle Regioni non sono confrontabili tra Regioni al pari di altri criteri come i ricoveri o le terapie intensive. Ci interessa calcolare si i positivi ma anche l&#8217;incidenza. Nelle varie settimane di confronto abbiamo avuto una salita graduale, c&#8217;\u00e8 stato un plateau e stiamo lentamente scendendo. da 435 su 100 mila siamo passati a 413 su 100 mila che significa timida discesa dei postivi ma aumentano le terapie intensive in seguito ai tanti ricoveri del passato, \u00e8 chiaro che il trand \u00e8 diverso. <strong>L&#8217;ETA&#8217;<\/strong> ci sono differenze tra regioni perch\u00e9 la fascia pi\u00f9\u00a0 colpita \u00e8 quella degli ultra ottantenni il cui numero varia da regione a regione. Anche L&#8217;istituto di sanit\u00e0 fa faticare a fare comparazioni e raffronti. Pi\u00f9 si standardizza e pi\u00f9 i dati diventano confrontabili. Abbiamo un indicatore importante che \u00e8 quello che valuta la capacit\u00e0 di una regione di individuare lo stato clinico dei positivi: capire chi sono gli asintomatici e i sintomatici. Esiste una soglia del 60% che non deve essere ridotta perch\u00e9 questo parametro sia ritenuto valido, noi abbiamo l&#8217;85.5% ed \u00e8 considerato capacit\u00e0 di una regione di solidit\u00e0 del sistema di monitoraggio, da qui viene calcolato l&#8217;Rt. Abbiamo rafforzato moltissimo il contact tracing proprio per mantenere questo parametro alto. <strong>QUANTO CIRCOLA IL VIRUS? E&#8217; PIU&#8217; AGGRESSIVO DELLE PREVISIONI.<\/strong> Si sta comportando come altri virus simili come la pandemia influenzale del 2009 comparsa in maniera improvvisa. Ha avuto una gravit\u00e0 diversa rispetto a quanto ci aspettavamo. Anche allora c&#8217;era stato un acquisto centralizzato del vaccino prodotto in maniera veloce, ma era pi\u00f9 facile da fare. Un virus che si \u00e8 comportato in maniera diversa di come ce l&#8217;aspettavamo, cio\u00e8 meno aggressivo. Adesso nel 2020 abbiamo un virus sconosciuto che arriva e che nessuno poteva prevederne il comportamento. E&#8217; comunque come tutti i virus che generano pandemia: una prima ondata, un flessione (temperature pi\u00f9 alte) e ricompare in autunno. Non era prevedibile che ci fosse un tipo di andamento in numerosit\u00e0 dei casi superiori a quello di prima ma \u00e8 vero parzialmente perch\u00e9 \u00e8 aumentata la capacit\u00e0 diagnostica.\u00a0 Finch\u00e9 non arriva il vaccino mi sento in trappola, non credo che possiamo pensare di vivere in un sistema di restrizioni e allentamenti, con il terrore di incontrare gli altri, con la paura di tutto e tutti, senza una prospettiva.\u00a0<b> <\/b>L&#8217;Rt della regione \u00e8 stato sempre sotto 1.25 dobbiamo aspettare che cali piano piano. La valutazione del Covid in regione viene fatta su pi\u00f9 parametri e non solo su questo.<\/p>\n<h3>ELISA DE BERTI\u00a0 ASSESSORE TRASPORTI<\/h3>\n<p><a href=\"https:\/\/www.radiopiu.net\/wordpress\/?attachment_id=178365\" rel=\"attachment wp-att-178365\"><img loading=\"lazy\" decoding=\"async\" class=\" wp-image-178365 alignleft\" src=\"https:\/\/www.radiopiu.net\/wordpress\/wp-content\/uploads\/2020\/12\/dbc89635-58ec-4e27-a37d-3be604957c3f-300x225.jpg\" alt=\"\" width=\"207\" height=\"155\" srcset=\"https:\/\/www.radiopiu.net\/wordpress\/wp-content\/uploads\/2020\/12\/dbc89635-58ec-4e27-a37d-3be604957c3f-300x225.jpg 300w, https:\/\/www.radiopiu.net\/wordpress\/wp-content\/uploads\/2020\/12\/dbc89635-58ec-4e27-a37d-3be604957c3f-1024x768.jpg 1024w, https:\/\/www.radiopiu.net\/wordpress\/wp-content\/uploads\/2020\/12\/dbc89635-58ec-4e27-a37d-3be604957c3f-768x576.jpg 768w, https:\/\/www.radiopiu.net\/wordpress\/wp-content\/uploads\/2020\/12\/dbc89635-58ec-4e27-a37d-3be604957c3f-1536x1152.jpg 1536w, https:\/\/www.radiopiu.net\/wordpress\/wp-content\/uploads\/2020\/12\/dbc89635-58ec-4e27-a37d-3be604957c3f.jpg 1600w\" sizes=\"auto, (max-width: 207px) 100vw, 207px\" \/><\/a>Stamane incontro con i Prefetti hanno preso atto che il piano della ripartenza \u00e8 stato scaricato su di loro (trasporti), loro prendono atto che il piano \u00e8 pronto, ci stiamo lavorando da un mese. Se dovessero riattivare i tavoli una cosa \u00e8 certa il 7 gennaio i ragazzi non andrebbero a scuola. Sono stati collaborativi ci saranno i tavoli provinciali con Regione e Ufficio Scolastico e passeranno all&#8217;esame diretto del nostro piano. Noi in assenza di dati avevamo l&#8217;unico dato certo della capienza del 50% ragionando su tre scenari con percentuali diverse di presenza:50%, 80%, 100% in presenza: questi sono i tre scenari sui quali abbiamo ragionato, hanno stabilito il 75% . E&#8217; stato stabilito il 75% noi avevamo ipotizzato l&#8217;80% cio\u00e8 802 autobus a livello regionale 771 privati che non hanno posti in piedi omologati (massimo 25),\u00a0 \u00e8 emersa la necessit\u00e0 di pensare di assumere personale anche per il controllo anti assembramento nelle fermate pi\u00f9 critiche, dovrebbero essere assunte 227 persone per 31 milioni di euro per riportare i ragazzi a scuola dove \u00e8 stato escluso il doppio turno con possibilit\u00e0 di entrata fino alle 9.\u00a0 I 31 milioni arriveranno da Roma, le Regioni non sono in grado di sostenere la spesa con i loro bilanci. Abbiamo avuto rassicurazioni dal Ministro De Michieli che saranno stanziate altre risorse ma non ho idea se sanno quanto soldi serviranno. 75% di ragazzi (studenti di prima superiore e quinta) significa 160 mila che non utilizzeranno tutti il mezzo pubblico. <strong>AVETE FATTO IL PIANO PRIMA DI SAPERE CHE NON DOVEVATE FARLO, LO AVETE GIRATO AI PREFETTI CHE NON HANNO UN PIANO E&#8217; CORRETTO?<\/strong> Si lo manderanno a Roma e speriamo che le risorse vengano stanziate perch\u00e9 le aziende stiupleranno contratti con i privati che dopo dovranno essere onorati. Oggi non abbiamo alcuna certezza se non la capienza del 50% dei mezzi, il resto \u00e8 un&#8217;incognita.<\/p><\/blockquote>\n<p>&nbsp;<\/p>\n<p><a href=\"https:\/\/www.facebook.com\/zaiaufficiale\/videos\/984619629031462\">https:\/\/www.facebook.com\/zaiaufficiale\/videos\/984619629031462<\/a><\/p>\n<p>&nbsp;<\/p>\n<p>&nbsp;<\/p>\n<h2><\/h2>\n","protected":false},"excerpt":{"rendered":"<p>VENEZIA Punto stampa emergenza covid, da Marghera sede della Protezione Civile il Presidente Luca Zaia. I NUMERI TAMPONI MOLECOLARI 2.921.028, TEST RAPIDI 1.204,416 (in 48 ore 73.000 tamponi rapidi), POSITIVI DAL 21 FEBBRAIO 173.371 (+2427), POSTIVI ATTUALI 81.018, RICOVERATI 3161 IN AREA NON CRITICA 2815 (+36)\u00a0 IN TERAPIA INTENSIVA\u00a0346 (+1)\u00a0 DECESSI\u00a0 4403 (+29) DIMESSI 8076&hellip;<\/p>\n","protected":false},"author":4,"featured_media":178348,"comment_status":"closed","ping_status":"closed","sticky":false,"template":"","format":"standard","meta":{"_monsterinsights_skip_tracking":false,"_monsterinsights_sitenote_active":false,"_monsterinsights_sitenote_note":"","_monsterinsights_sitenote_category":0,"footnotes":""},"categories":[51,49],"tags":[],"class_list":["post-178298","post","type-post","status-publish","format-standard","has-post-thumbnail","hentry","category-evidenza-top","category-news-18","category-51","category-49","description-off"],"img_url":"https:\/\/www.radiopiu.net\/wordpress\/wp-content\/uploads\/2020\/12\/ce2e1d43-a711-4eb8-9a36-15c6439836a8.jpg","_links":{"self":[{"href":"https:\/\/www.radiopiu.net\/wordpress\/wp-json\/wp\/v2\/posts\/178298","targetHints":{"allow":["GET"]}}],"collection":[{"href":"https:\/\/www.radiopiu.net\/wordpress\/wp-json\/wp\/v2\/posts"}],"about":[{"href":"https:\/\/www.radiopiu.net\/wordpress\/wp-json\/wp\/v2\/types\/post"}],"author":[{"embeddable":true,"href":"https:\/\/www.radiopiu.net\/wordpress\/wp-json\/wp\/v2\/users\/4"}],"replies":[{"embeddable":true,"href":"https:\/\/www.radiopiu.net\/wordpress\/wp-json\/wp\/v2\/comments?post=178298"}],"version-history":[{"count":0,"href":"https:\/\/www.radiopiu.net\/wordpress\/wp-json\/wp\/v2\/posts\/178298\/revisions"}],"wp:featuredmedia":[{"embeddable":true,"href":"https:\/\/www.radiopiu.net\/wordpress\/wp-json\/wp\/v2\/media\/178348"}],"wp:attachment":[{"href":"https:\/\/www.radiopiu.net\/wordpress\/wp-json\/wp\/v2\/media?parent=178298"}],"wp:term":[{"taxonomy":"category","embeddable":true,"href":"https:\/\/www.radiopiu.net\/wordpress\/wp-json\/wp\/v2\/categories?post=178298"},{"taxonomy":"post_tag","embeddable":true,"href":"https:\/\/www.radiopiu.net\/wordpress\/wp-json\/wp\/v2\/tags?post=178298"}],"curies":[{"name":"wp","href":"https:\/\/api.w.org\/{rel}","templated":true}]}}