{"id":178377,"date":"2020-12-09T23:58:42","date_gmt":"2020-12-09T22:58:42","guid":{"rendered":"https:\/\/www.radiopiu.net\/wordpress\/?p=178377"},"modified":"2020-12-09T15:52:15","modified_gmt":"2020-12-09T14:52:15","slug":"sedico-religiosita-popolare-nella-memoria-degli-anziani-di-renato-bona","status":"publish","type":"post","link":"https:\/\/www.radiopiu.net\/wordpress\/sedico-religiosita-popolare-nella-memoria-degli-anziani-di-renato-bona\/","title":{"rendered":"SEDICO: RELIGIOSIT\u00c0 POPOLARE NELLA MEMORIA DEGLI ANZIANI di RENATO BONA"},"content":{"rendered":"<p><strong>SEDICO<\/strong> Nell\u2019ottobre del 1989, per celebrare il cinquantesimo di consacrazione della chiesa arcipretale, la Parrocchia di Santa Maria Annunziata di Sedico diede alle stampe (con preziose collaborazioni e con il contributo di: Cassa di Risparmio di Verona, Vicenza e Belluno, Comune di Sedico, Comunit\u00e0 montana bellunese, Parrocchie di Bribano e di Roe) per i tipi della tipografia Piave di Belluno, il libro di 120 pagine \u201cSedico e la sua chiesa\u201d con copertina della pittrice Annamaria Lovatel Teasani che ha rappresentato tre elementi: \u201cla chiesa come simbolo principale religioso e spirituale e tre personaggi come simbolo di tre generazioni che, nel tempo, hanno partecipato alla sua crescita, non solo materiale, limitata al luogo, ma anche spirituale e quindi universale che racchiude in s\u00e9 il concetto spazio temporale\u201d. La pubblicazione fu dedicata \u201ca quanti contribuirono a edificare la nuova chiesa\u201d. Il parroco dell\u2019epoca, don Sirio Da Corte, nella presentazione ricordava che \u201cLo scopo della pubblicazione, frutto di studi, di alcune ricerche di archivio e di testimonianze orali diligentemente raccolte, \u00e8 di far rivivere e ricordare (che significa far scendere nel cuore) soprattutto alle giovani generazioni, quella storia di cui siamo figli ed eredi\u201d ed aggiungeva: \u201cVorremmo che il passato in qualche modo diventi presente, perch\u00e9 sia fecondo di ispirazione per il futuro: quanto pi\u00f9 profonde e vigorose sono le radici, tanto pi\u00f9 grande e robusto si slancia verso l\u2019alto l\u2019albero della nostra comunit\u00e0\u201d. E concludeva formulando un augurio: \u201cche la nostra maestosa arcipretale rimanga sempre, anche per gli anni a venire, punto di riferimento insostituibile di una comunit\u00e0 che nella fede dei suoi padri trova alimento e stimolo per un rinnovato e generoso impegno a servizio di una societ\u00e0 pi\u00f9 giusta e ideale\u201d. Seguivano gli indirizzi di saluto: del Comune col sindaco Sergio De Cian, del Vescovo di Belluno-Feltre monsignor Maffeo Ducoli, rivolto alla comunit\u00e0 di Sedico, ed i seguenti capitoli: \u201cLa nuova chiesa\u201d, a cura di Anna Maria Claut; \u201cAmpliare o costruire? Relazione tecnica\u201d, a cura di Mario Sossai che cur\u00f2 anche la relazione tecnica sulla costruzione del nuovo edificio sacro e il \u201ccomputo metrico estimativo delle principali voci\u201d; ancora: \u201cCronaca della consacrazione e inaugurazione\u201d, a cura di Baldovino Sponga; \u201cTestimoninze sulla costruzione e consacrazione\u201d, a cura di Gianni De Vecchi; \u201cLe opere d\u2019arte della Pieve di Santa Maria a Sedico\u201d, a cura di Sergio Claut; \u201cRitratto di monsignor Luigi Fiori: suo impegno pastorale e sociale\u201d, a cura di Gianni De Vecchi; \u201cIl dopoguerra nei diari di mons. Luigi Fiori. 12919-1927\u201d, a cura di Egidio Pasuch; \u201cLe antiche origini del Paese e della Pieve di Sedico\u201d, a cura di Gianni de Vecchi; infine: \u201cAspetti della religiosit\u00e0 popolare nella memoria dei nostri anziani\u201d, a cura dI Adele Caprani. Ed \u00e8 proprio da quest\u2019ultimo (che si rif\u00e0 alle fonti orali: Ida Bortot Pasa; Pierina Manfroi Mezzavilla; Pia De Paris Da Poian; Genoveffa De Nard; Giuseppe Pavei, Antonio Carlin) che traiamo alcuni spunti. La Caprani scrive fra l\u2019altro: \u201cNella grande famiglia dei nostri nonni Dio c\u2019\u00e8; entra in ogni aspetto della loro vita e non \u00e8 molto astratto, anzi \u00e8 un Dio molto familiare, al quale confidare le proprie pene e affidare al cura dei propri interessi; anche la sua immagine \u00e8 familiare: il Padre un vecchio quasi minaccioso con la barba lunga, il Figlio un giovane dallo sguardo buono, biondo e bellissimo, lo Spirito Santo una bianca colomba che scende dal cielo\u201d. Ed aggiunge: \u201cLa fede che anima questa religiosit\u00e0 autentica si potrebbe definire ad ampio respiro, come quello del tempo che scorre lento o delle stagioni; vuole placare le forze misteriose della natura, invoca raccolti abbondanti e salute per le persone e le \u2018bestie\u2019 (animali)\u201d. Ancora: \u201cE come nella vita, per concludere ogni affare ci vuole sempre un intermediario, i Santi hanno proprio la funzione di intercedere e farsi garanti presso l\u2019Onnipotente. Quasi sempre sono Santi poveri, con storie di miracoli, sempre intrecciati a pericoli e disgrazie. Nella devozione popolare il culto delle immagini dei Santi \u00e8 molto diffuso attraverso i \u2018santini\u2019, che vengono appesi alle pareti della cucina e della camera da letto, o custoditi gelosamente fra le pagine del libro da messa\u201d. E poi, una constatazione che \u00e8 un omaggio al mondo femminile: \u201cNella trasmissione del senso religioso della vita, la parte essenziale spettava alla donna; a cominciare dai bambini appena nati ai quali la Madre faceva il segno della croce ogni volta che li metteva a letto e poi via via che crescevano insegnava loro le semplici e confidenziali preghiere a Ges\u00f9 Bambino, alla Madonna, ai Santi. Questa grande donna, sorrette da una grande fede, abituata all\u2019economia esasperata, alla rinuncia, al sacrificio, alla sottomissione, sapr\u00e0 unire alle virt\u00f9 antiche della nostra gente anche attitudini nuove e pi\u00f9 faticose, per sostituire l\u2019uomo quando sar\u00e0 soldato o emigrante\u2026\u201d.<\/p>\n\n\t\t\t<style type='text\/css'>\n\t\t\t\t#gallery-1 {\n\t\t\t\t\tmargin: auto;\n\t\t\t\t}\n\t\t\t\t#gallery-1 .gallery-item {\n\t\t\t\t\tfloat: left;\n\t\t\t\t\tmargin-top: 10px;\n\t\t\t\t\ttext-align: center;\n\t\t\t\t\twidth: 20%;\n\t\t\t\t}\n\t\t\t\t#gallery-1 img {\n\t\t\t\t\tborder: 2px solid #cfcfcf;\n\t\t\t\t}\n\t\t\t\t#gallery-1 .gallery-caption {\n\t\t\t\t\tmargin-left: 0;\n\t\t\t\t}\n\t\t\t\t\/* see gallery_shortcode() in wp-includes\/media.php *\/\n\t\t\t<\/style>\n\t\t<div id='gallery-1' class='dt-gallery-container gallery galleryid-178377 gallery-columns-5 gallery-size-thumbnail'><dl class='gallery-item'>\n\t\t\t\t<dt class='gallery-icon portrait'>\n\t\t\t\t\t<a class=\"rollover rollover-zoom dt-pswp-item\" title=\"130553827_383197822741551_6240163897019069064_n\" data-dt-img-description=\"\" data-large_image_width=\"1599\" data-large_image_height=\"2048\"href='https:\/\/www.radiopiu.net\/wordpress\/wp-content\/uploads\/2020\/12\/130553827_383197822741551_6240163897019069064_n.jpg'><img loading=\"lazy\" decoding=\"async\" width=\"150\" height=\"150\" src=\"https:\/\/www.radiopiu.net\/wordpress\/wp-content\/uploads\/2020\/12\/130553827_383197822741551_6240163897019069064_n-150x150.jpg\" class=\"attachment-thumbnail size-thumbnail\" alt=\"\" \/><\/a>\n\t\t\t\t<\/dt><\/dl><dl class='gallery-item'>\n\t\t\t\t<dt class='gallery-icon portrait'>\n\t\t\t\t\t<a class=\"rollover rollover-zoom dt-pswp-item\" title=\"130735773_222238959296679_7862810478868161281_n\" data-dt-img-description=\"\" data-large_image_width=\"1437\" data-large_image_height=\"2048\"href='https:\/\/www.radiopiu.net\/wordpress\/wp-content\/uploads\/2020\/12\/130735773_222238959296679_7862810478868161281_n.jpg'><img loading=\"lazy\" decoding=\"async\" width=\"150\" height=\"150\" src=\"https:\/\/www.radiopiu.net\/wordpress\/wp-content\/uploads\/2020\/12\/130735773_222238959296679_7862810478868161281_n-150x150.jpg\" class=\"attachment-thumbnail size-thumbnail\" alt=\"\" \/><\/a>\n\t\t\t\t<\/dt><\/dl><dl class='gallery-item'>\n\t\t\t\t<dt class='gallery-icon portrait'>\n\t\t\t\t\t<a class=\"rollover rollover-zoom dt-pswp-item\" title=\"130299517_187036866387145_6453896823559281084_n\" data-dt-img-description=\"\" data-large_image_width=\"1517\" data-large_image_height=\"2048\"href='https:\/\/www.radiopiu.net\/wordpress\/wp-content\/uploads\/2020\/12\/130299517_187036866387145_6453896823559281084_n.jpg'><img loading=\"lazy\" decoding=\"async\" width=\"150\" height=\"150\" src=\"https:\/\/www.radiopiu.net\/wordpress\/wp-content\/uploads\/2020\/12\/130299517_187036866387145_6453896823559281084_n-150x150.jpg\" class=\"attachment-thumbnail size-thumbnail\" alt=\"\" \/><\/a>\n\t\t\t\t<\/dt><\/dl><dl class='gallery-item'>\n\t\t\t\t<dt class='gallery-icon portrait'>\n\t\t\t\t\t<a class=\"rollover rollover-zoom dt-pswp-item\" title=\"130485906_209349080746829_8218303690936918144_n\" data-dt-img-description=\"\" data-large_image_width=\"1349\" data-large_image_height=\"2048\"href='https:\/\/www.radiopiu.net\/wordpress\/wp-content\/uploads\/2020\/12\/130485906_209349080746829_8218303690936918144_n.jpg'><img loading=\"lazy\" decoding=\"async\" width=\"150\" height=\"150\" src=\"https:\/\/www.radiopiu.net\/wordpress\/wp-content\/uploads\/2020\/12\/130485906_209349080746829_8218303690936918144_n-150x150.jpg\" class=\"attachment-thumbnail size-thumbnail\" alt=\"\" \/><\/a>\n\t\t\t\t<\/dt><\/dl><dl class='gallery-item'>\n\t\t\t\t<dt class='gallery-icon portrait'>\n\t\t\t\t\t<a class=\"rollover rollover-zoom dt-pswp-item\" title=\"130457285_2840892946234639_8314925125787971113_n\" data-dt-img-description=\"\" data-large_image_width=\"1826\" data-large_image_height=\"2048\"href='https:\/\/www.radiopiu.net\/wordpress\/wp-content\/uploads\/2020\/12\/130457285_2840892946234639_8314925125787971113_n.jpg'><img loading=\"lazy\" decoding=\"async\" width=\"150\" height=\"150\" src=\"https:\/\/www.radiopiu.net\/wordpress\/wp-content\/uploads\/2020\/12\/130457285_2840892946234639_8314925125787971113_n-150x150.jpg\" class=\"attachment-thumbnail size-thumbnail\" alt=\"\" \/><\/a>\n\t\t\t\t<\/dt><\/dl><br style=\"clear: both\" \/><dl class='gallery-item'>\n\t\t\t\t<dt class='gallery-icon portrait'>\n\t\t\t\t\t<a class=\"rollover rollover-zoom dt-pswp-item\" title=\"130280722_206140907823390_5893598676537281291_n\" data-dt-img-description=\"\" data-large_image_width=\"1599\" data-large_image_height=\"2048\"href='https:\/\/www.radiopiu.net\/wordpress\/wp-content\/uploads\/2020\/12\/130280722_206140907823390_5893598676537281291_n.jpg'><img loading=\"lazy\" decoding=\"async\" width=\"150\" height=\"150\" src=\"https:\/\/www.radiopiu.net\/wordpress\/wp-content\/uploads\/2020\/12\/130280722_206140907823390_5893598676537281291_n-150x150.jpg\" class=\"attachment-thumbnail size-thumbnail\" alt=\"\" \/><\/a>\n\t\t\t\t<\/dt><\/dl><dl class='gallery-item'>\n\t\t\t\t<dt class='gallery-icon landscape'>\n\t\t\t\t\t<a class=\"rollover rollover-zoom dt-pswp-item\" title=\"130342872_939076703166052_6753027183548422444_n\" data-dt-img-description=\"\" data-large_image_width=\"2048\" data-large_image_height=\"1433\"href='https:\/\/www.radiopiu.net\/wordpress\/wp-content\/uploads\/2020\/12\/130342872_939076703166052_6753027183548422444_n.jpg'><img loading=\"lazy\" decoding=\"async\" width=\"150\" height=\"150\" src=\"https:\/\/www.radiopiu.net\/wordpress\/wp-content\/uploads\/2020\/12\/130342872_939076703166052_6753027183548422444_n-150x150.jpg\" class=\"attachment-thumbnail size-thumbnail\" alt=\"\" \/><\/a>\n\t\t\t\t<\/dt><\/dl><dl class='gallery-item'>\n\t\t\t\t<dt class='gallery-icon landscape'>\n\t\t\t\t\t<a class=\"rollover rollover-zoom dt-pswp-item\" title=\"130556114_207395147582386_1326946568510141057_n\" data-dt-img-description=\"\" data-large_image_width=\"2048\" data-large_image_height=\"1099\"href='https:\/\/www.radiopiu.net\/wordpress\/wp-content\/uploads\/2020\/12\/130556114_207395147582386_1326946568510141057_n.jpg'><img loading=\"lazy\" decoding=\"async\" width=\"150\" height=\"150\" src=\"https:\/\/www.radiopiu.net\/wordpress\/wp-content\/uploads\/2020\/12\/130556114_207395147582386_1326946568510141057_n-150x150.jpg\" class=\"attachment-thumbnail size-thumbnail\" alt=\"\" \/><\/a>\n\t\t\t\t<\/dt><\/dl><dl class='gallery-item'>\n\t\t\t\t<dt class='gallery-icon landscape'>\n\t\t\t\t\t<a class=\"rollover rollover-zoom dt-pswp-item\" title=\"130980790_3453237161411196_7344462478385846262_n\" data-dt-img-description=\"\" data-large_image_width=\"2048\" data-large_image_height=\"1290\"href='https:\/\/www.radiopiu.net\/wordpress\/wp-content\/uploads\/2020\/12\/130980790_3453237161411196_7344462478385846262_n.jpg'><img loading=\"lazy\" decoding=\"async\" width=\"150\" height=\"150\" src=\"https:\/\/www.radiopiu.net\/wordpress\/wp-content\/uploads\/2020\/12\/130980790_3453237161411196_7344462478385846262_n-150x150.jpg\" class=\"attachment-thumbnail size-thumbnail\" alt=\"\" \/><\/a>\n\t\t\t\t<\/dt><\/dl><dl class='gallery-item'>\n\t\t\t\t<dt class='gallery-icon portrait'>\n\t\t\t\t\t<a class=\"rollover rollover-zoom dt-pswp-item\" title=\"130805252_440014437159441_3364347477217706640_n\" data-dt-img-description=\"\" data-large_image_width=\"1412\" data-large_image_height=\"2048\"href='https:\/\/www.radiopiu.net\/wordpress\/wp-content\/uploads\/2020\/12\/130805252_440014437159441_3364347477217706640_n.jpg'><img loading=\"lazy\" decoding=\"async\" width=\"150\" height=\"150\" src=\"https:\/\/www.radiopiu.net\/wordpress\/wp-content\/uploads\/2020\/12\/130805252_440014437159441_3364347477217706640_n-150x150.jpg\" class=\"attachment-thumbnail size-thumbnail\" alt=\"\" \/><\/a>\n\t\t\t\t<\/dt><\/dl><br style=\"clear: both\" \/>\n\t\t\t<\/div>\n\n<p>NELLE FOTO (riproduzioni dal libro \u201cSedico e la sua Chiesa\u201d) la copertina del volume edito dalla Parrocchia di Santa Maria annunziata; lavori per la costruzione della Chiesa; processione di sabato 7 ottobre 1939 per il trasferimento del Santissimo e delle Sacre Immagini; monsignor Luigi Fiori che fu arciprete di Sedico dal 1919 al 1954; corteo nuziale negli anni \u201950 aperto dagli sposi seguiti dai \u201ccompari\u201d; prima domenica di ottobre: processione in onore della Beata Vergine del Rosario; anno 1947: Uomini dell\u2019Azione cattolica con mons. Fiori; processione del Corpus Domini; don Riccardo Strim, di Seghe di Villa, novello sacerdote nel 1944; la navata centrale della chiesa di Sedico, oggi.<\/p>\n","protected":false},"excerpt":{"rendered":"<p>SEDICO Nell\u2019ottobre del 1989, per celebrare il cinquantesimo di consacrazione della chiesa arcipretale, la Parrocchia di Santa Maria Annunziata di Sedico diede alle stampe (con preziose collaborazioni e con il contributo di: Cassa di Risparmio di Verona, Vicenza e Belluno, Comune di Sedico, Comunit\u00e0 montana bellunese, Parrocchie di Bribano e di Roe) per i tipi&hellip;<\/p>\n","protected":false},"author":4,"featured_media":178378,"comment_status":"closed","ping_status":"closed","sticky":false,"template":"","format":"standard","meta":{"_monsterinsights_skip_tracking":false,"_monsterinsights_sitenote_active":false,"_monsterinsights_sitenote_note":"","_monsterinsights_sitenote_category":0,"footnotes":""},"categories":[49],"tags":[],"class_list":["post-178377","post","type-post","status-publish","format-standard","has-post-thumbnail","hentry","category-news-18","category-49","description-off"],"img_url":"https:\/\/www.radiopiu.net\/wordpress\/wp-content\/uploads\/2020\/12\/130553827_383197822741551_6240163897019069064_n.jpg","_links":{"self":[{"href":"https:\/\/www.radiopiu.net\/wordpress\/wp-json\/wp\/v2\/posts\/178377","targetHints":{"allow":["GET"]}}],"collection":[{"href":"https:\/\/www.radiopiu.net\/wordpress\/wp-json\/wp\/v2\/posts"}],"about":[{"href":"https:\/\/www.radiopiu.net\/wordpress\/wp-json\/wp\/v2\/types\/post"}],"author":[{"embeddable":true,"href":"https:\/\/www.radiopiu.net\/wordpress\/wp-json\/wp\/v2\/users\/4"}],"replies":[{"embeddable":true,"href":"https:\/\/www.radiopiu.net\/wordpress\/wp-json\/wp\/v2\/comments?post=178377"}],"version-history":[{"count":0,"href":"https:\/\/www.radiopiu.net\/wordpress\/wp-json\/wp\/v2\/posts\/178377\/revisions"}],"wp:featuredmedia":[{"embeddable":true,"href":"https:\/\/www.radiopiu.net\/wordpress\/wp-json\/wp\/v2\/media\/178378"}],"wp:attachment":[{"href":"https:\/\/www.radiopiu.net\/wordpress\/wp-json\/wp\/v2\/media?parent=178377"}],"wp:term":[{"taxonomy":"category","embeddable":true,"href":"https:\/\/www.radiopiu.net\/wordpress\/wp-json\/wp\/v2\/categories?post=178377"},{"taxonomy":"post_tag","embeddable":true,"href":"https:\/\/www.radiopiu.net\/wordpress\/wp-json\/wp\/v2\/tags?post=178377"}],"curies":[{"name":"wp","href":"https:\/\/api.w.org\/{rel}","templated":true}]}}