{"id":178412,"date":"2020-12-09T22:14:54","date_gmt":"2020-12-09T21:14:54","guid":{"rendered":"https:\/\/www.radiopiu.net\/wordpress\/?p=178412"},"modified":"2020-12-10T06:05:16","modified_gmt":"2020-12-10T05:05:16","slug":"178412-2","status":"publish","type":"post","link":"https:\/\/www.radiopiu.net\/wordpress\/178412-2\/","title":{"rendered":"DUE DECESSI IN 48 ORE, 80 NUOVI POSITIVI E 11 PERSONE IN TERAPIA INTENSIVA"},"content":{"rendered":"<p><span style=\"color: #4f81bd;\"><span style=\"font-size: medium;\"><b>Decessi (ore 16.00)<\/b><\/span><\/span><span style=\"font-size: medium;\"> (Fonte: Ulss Dolomiti) <\/span><span style=\"font-size: medium;\">Nella giornata di ieri \u00e8 deceduto un uomo covid positivo di 82 anni ricoverato in Pneumologia a Feltre. Oggi \u00e8 deceduta una donna covid positiva di anni 82 ricoverata in Ospedale di Comunit\u00e0 a Feltre.<\/span><i><\/i><b><\/b><\/p>\n<p align=\"JUSTIFY\"><span style=\"color: #c0504d;\"><span style=\"font-size: medium;\"><b>SITUAZIONE EPIDEMIOLOGICA <\/b><\/span><\/span><span style=\"font-size: medium;\"><i>(<\/i><\/span><span style=\"font-size: medium;\"><i><b>dato alle ore 8.00 fonte: Ulss Dolomiti)<\/b><\/i><\/span><\/p>\n<table border=\"1\" width=\"471\" frame=\"HSIDES\" rules=\"NONE\" cellspacing=\"0\" cellpadding=\"7\">\n<tbody>\n<tr valign=\"TOP\">\n<td width=\"248\">\n<p align=\"JUSTIFY\"><span style=\"color: #5f497a;\"><span style=\"font-size: medium;\"><b>nuovi positivi<\/b><\/span><\/span><\/p>\n<p align=\"JUSTIFY\"><span style=\"color: #5f497a;\"><span style=\"font-size: medium;\"><b>nelle ultime 24 ore<\/b><\/span><\/span><\/p>\n<\/td>\n<td width=\"194\">\n<p align=\"CENTER\">80<\/p>\n<\/td>\n<\/tr>\n<\/tbody>\n<\/table>\n<p align=\"JUSTIFY\"><span style=\"font-size: medium;\"><b>Ricoveri <\/b><\/span><\/p>\n<p align=\"JUSTIFY\"><span style=\"font-size: medium;\"><i>(dato alle ore 17.00 fonte: Azienda Zero)<\/i><\/span><\/p>\n<p align=\"JUSTIFY\"><span style=\"font-size: medium;\">Le persone attualmente POSITIVE ricoverate negli ospedali dell\u2019Ulss Dolomiti sono<\/span>:<\/p>\n<table border=\"1\" width=\"652\" frame=\"HSIDES\" rules=\"GROUPS\" cellspacing=\"0\" cellpadding=\"7\">\n<tbody>\n<tr valign=\"TOP\">\n<td width=\"203\"><\/td>\n<td width=\"203\">\n<p align=\"JUSTIFY\"><span style=\"color: #365f91;\"><span style=\"font-size: medium;\"><b>Area NON CRITICA<\/b><\/span><\/span><\/p>\n<\/td>\n<td width=\"203\">\n<p align=\"JUSTIFY\"><span style=\"color: #365f91;\"><span style=\"font-size: medium;\"><b>Terapia Intensiva<\/b><\/span><\/span><\/p>\n<\/td>\n<\/tr>\n<\/tbody>\n<tbody>\n<tr valign=\"TOP\">\n<td bgcolor=\"#d3dfee\" width=\"203\">\n<p align=\"JUSTIFY\"><span style=\"color: #365f91;\"><span style=\"font-size: medium;\"><b>Ospedale di Belluno <\/b><\/span><\/span><\/p>\n<\/td>\n<td bgcolor=\"#d3dfee\" width=\"203\">\n<p align=\"CENTER\"><span style=\"color: #365f91;\"><span style=\"font-size: medium;\">56<\/span><\/span><\/p>\n<\/td>\n<td bgcolor=\"#d3dfee\" width=\"203\">\n<p align=\"CENTER\"><span style=\"color: #365f91;\"><span style=\"font-size: medium;\">3<\/span><\/span><\/p>\n<\/td>\n<\/tr>\n<tr valign=\"TOP\">\n<td bgcolor=\"#d3dfee\" width=\"203\">\n<p align=\"JUSTIFY\"><span style=\"color: #365f91;\"><span style=\"font-size: medium;\"><b>Ospedale di Feltre<\/b><\/span><\/span><\/p>\n<p align=\"JUSTIFY\"><span style=\"color: #365f91;\"><span style=\"font-size: medium;\"><b>Ospedale di Agordo<\/b><\/span><\/span><\/p>\n<\/td>\n<td bgcolor=\"#d3dfee\" width=\"203\">\n<p align=\"CENTER\"><span style=\"color: #365f91;\"><span style=\"font-size: medium;\">57<\/span><\/span><\/p>\n<p align=\"CENTER\"><span style=\"color: #365f91;\"><span style=\"font-size: medium;\">6<\/span><\/span><\/p>\n<\/td>\n<td bgcolor=\"#d3dfee\" width=\"203\">\n<p align=\"CENTER\"><span style=\"color: #365f91;\"><span style=\"font-size: medium;\">8<\/span><\/span><\/p>\n<\/td>\n<\/tr>\n<\/tbody>\n<\/table>\n<p align=\"JUSTIFY\"><span style=\"font-size: medium;\">Le persone attualmente POSITIVE <\/span>ricoverate in Ospedale di Comunit\u00e0 sono:<\/p>\n<table border=\"1\" width=\"652\" frame=\"HSIDES\" rules=\"GROUPS\" cellspacing=\"0\" cellpadding=\"7\">\n<tbody>\n<tr valign=\"TOP\">\n<td width=\"312\"><\/td>\n<td width=\"312\">\n<p align=\"JUSTIFY\"><span style=\"color: #76923c;\"><span style=\"font-size: medium;\"><b>pazienti attualmente positivi<\/b><\/span><\/span><\/p>\n<\/td>\n<\/tr>\n<\/tbody>\n<tbody>\n<tr valign=\"TOP\">\n<td bgcolor=\"#e6eed5\" width=\"312\">\n<p align=\"JUSTIFY\"><span style=\"color: #76923c;\"><span style=\"font-size: medium;\"><b>Ospedale di Comunit\u00e0 AGORDO<\/b><\/span><\/span><\/p>\n<\/td>\n<td bgcolor=\"#e6eed5\" width=\"312\">\n<p align=\"CENTER\"><span style=\"color: #76923c;\"><span style=\"font-size: medium;\">6<\/span><\/span><\/p>\n<\/td>\n<\/tr>\n<tr valign=\"TOP\">\n<td bgcolor=\"#e6eed5\" width=\"312\" height=\"5\">\n<p align=\"JUSTIFY\"><span style=\"color: #76923c;\"><span style=\"font-size: medium;\"><b>Ospedale di Comunit\u00e0 ALANO<\/b><\/span><\/span><\/p>\n<\/td>\n<td bgcolor=\"#e6eed5\" width=\"312\">\n<p align=\"CENTER\"><span style=\"color: #76923c;\"><span style=\"font-size: medium;\">5<\/span><\/span><\/p>\n<\/td>\n<\/tr>\n<tr valign=\"TOP\">\n<td bgcolor=\"#e6eed5\" width=\"312\">\n<p align=\"JUSTIFY\"><span style=\"color: #76923c;\"><span style=\"font-size: medium;\"><b>Ospedale di Comunit\u00e0 AURONZO<\/b><\/span><\/span><\/p>\n<p align=\"JUSTIFY\"><span style=\"color: #76923c;\"><span style=\"font-size: medium;\"><b>Ospedale di Comunit\u00e0 di BELLUNO <\/b><\/span><\/span><\/p>\n<\/td>\n<td bgcolor=\"#e6eed5\" width=\"312\">\n<p align=\"CENTER\"><span style=\"color: #76923c;\"><span style=\"font-size: medium;\">10<\/span><\/span><\/p>\n<p align=\"CENTER\"><span style=\"color: #76923c;\"><span style=\"font-size: medium;\">18<\/span><\/span><\/p>\n<\/td>\n<\/tr>\n<tr valign=\"TOP\">\n<td bgcolor=\"#e6eed5\" width=\"312\">\n<p align=\"JUSTIFY\"><span style=\"color: #76923c;\"><span style=\"font-size: medium;\"><b>Ospedale di Comunit\u00e0 di FELTRE<\/b><\/span><\/span><\/p>\n<\/td>\n<td bgcolor=\"#e6eed5\" width=\"312\">\n<p align=\"CENTER\"><span style=\"color: #76923c;\"><span style=\"font-size: medium;\">10<\/span><\/span><\/p>\n<\/td>\n<\/tr>\n<\/tbody>\n<\/table>\n<p><a name=\"_GoBack\"><\/a><\/p>\n<p align=\"JUSTIFY\">\n<p>&nbsp;<\/p>\n<p>&nbsp;<\/p>\n<p>&nbsp;<\/p>\n<blockquote>\n<h3>BASSO FELTRINO: CAMBIO MEDICO<\/h3>\n<\/blockquote>\n<p><strong>FELTRE<\/strong> Dal 31 Dicembre 2020 , nell&#8217;ambito territoriale dei Comuni di Alano di Piave, Arsi\u00e8, Feltre, Fonzaso, Lamon, Pedavena, Quero Vas, Seren del Grappa e Sovramonte cesser\u00e0 l\u2019attivit\u00e0 di pediatra di libera scelta Francesco De Bortoli. Contestualmente, presso lo stesso ambito, dal 1\u00b0 Gennaio 2021 \u2013 a conclusione delle procedure di copertura della zona carente &#8211; sar\u00e0 inserito il nuovo pediatra di libera scelta, Marco FILIPPONE, con incarico a tempo indeterminato. Il nuovo pediatra eserciter\u00e0 la propria attivit\u00e0 su appuntamento nell\u2019ambulatorio di Feltre in Piazzale Parmeggiani, 19. Il numero di telefono per contattare il pediatra \u00e8 389 1234583.<\/p>\n","protected":false},"excerpt":{"rendered":"<p>Decessi (ore 16.00) (Fonte: Ulss Dolomiti) Nella giornata di ieri \u00e8 deceduto un uomo covid positivo di 82 anni ricoverato in Pneumologia a Feltre. Oggi \u00e8 deceduta una donna covid positiva di anni 82 ricoverata in Ospedale di Comunit\u00e0 a Feltre. SITUAZIONE EPIDEMIOLOGICA (dato alle ore 8.00 fonte: Ulss Dolomiti) nuovi positivi nelle ultime 24&hellip;<\/p>\n","protected":false},"author":4,"featured_media":121260,"comment_status":"closed","ping_status":"closed","sticky":false,"template":"","format":"standard","meta":{"_monsterinsights_skip_tracking":false,"_monsterinsights_sitenote_active":false,"_monsterinsights_sitenote_note":"","_monsterinsights_sitenote_category":0,"footnotes":""},"categories":[51,49],"tags":[],"class_list":["post-178412","post","type-post","status-publish","format-standard","has-post-thumbnail","hentry","category-evidenza-top","category-news-18","category-51","category-49","description-off"],"img_url":"https:\/\/www.radiopiu.net\/wordpress\/wp-content\/uploads\/2020\/03\/covid-ulss.jpg","_links":{"self":[{"href":"https:\/\/www.radiopiu.net\/wordpress\/wp-json\/wp\/v2\/posts\/178412","targetHints":{"allow":["GET"]}}],"collection":[{"href":"https:\/\/www.radiopiu.net\/wordpress\/wp-json\/wp\/v2\/posts"}],"about":[{"href":"https:\/\/www.radiopiu.net\/wordpress\/wp-json\/wp\/v2\/types\/post"}],"author":[{"embeddable":true,"href":"https:\/\/www.radiopiu.net\/wordpress\/wp-json\/wp\/v2\/users\/4"}],"replies":[{"embeddable":true,"href":"https:\/\/www.radiopiu.net\/wordpress\/wp-json\/wp\/v2\/comments?post=178412"}],"version-history":[{"count":0,"href":"https:\/\/www.radiopiu.net\/wordpress\/wp-json\/wp\/v2\/posts\/178412\/revisions"}],"wp:featuredmedia":[{"embeddable":true,"href":"https:\/\/www.radiopiu.net\/wordpress\/wp-json\/wp\/v2\/media\/121260"}],"wp:attachment":[{"href":"https:\/\/www.radiopiu.net\/wordpress\/wp-json\/wp\/v2\/media?parent=178412"}],"wp:term":[{"taxonomy":"category","embeddable":true,"href":"https:\/\/www.radiopiu.net\/wordpress\/wp-json\/wp\/v2\/categories?post=178412"},{"taxonomy":"post_tag","embeddable":true,"href":"https:\/\/www.radiopiu.net\/wordpress\/wp-json\/wp\/v2\/tags?post=178412"}],"curies":[{"name":"wp","href":"https:\/\/api.w.org\/{rel}","templated":true}]}}