{"id":178429,"date":"2020-12-09T22:15:32","date_gmt":"2020-12-09T21:15:32","guid":{"rendered":"https:\/\/www.radiopiu.net\/wordpress\/?p=178429"},"modified":"2020-12-10T06:04:20","modified_gmt":"2020-12-10T05:04:20","slug":"salviamo-i-paesi-ren-e-coltamai-dallisolamento","status":"publish","type":"post","link":"https:\/\/www.radiopiu.net\/wordpress\/salviamo-i-paesi-ren-e-coltamai-dallisolamento\/","title":{"rendered":"Salviamo i paesi Ren e Coltamai dall&#8217;isolamento"},"content":{"rendered":"<p>da Gosaldo la petizione on line inviata al sindaco Stefano Da Zanche, al Comune di Gosaldo, alla Regione Veneto, al Presidente Luca Zaia e a Veneto Strade<\/p>\n<p><img decoding=\"async\" src=\"https:\/\/www.radiopiu.net\/wordpress\/wp-content\/uploads\/2020\/12\/BpUYRwcnLBnpYsb-800x450-noPad.jpg\" \/>Ognuno di noi ha un posto magico nel proprio cuore. Un posto che gli ha regalato momenti di gioia e serenit\u00e0 pura. Per noi questo posto si racchiude nei piccoli paesi di Ren e Coltamai, alle porte del Parco Nazionale delle Dolomiti Bellunesi nel comune di Gosaldo (BL). Un piccolo angolo di paradiso incontaminato, immerso nella natura e nel bel mezzo del sentiero tematico &#8220;La montagna dimenticata&#8221;, che porta verso gli antichi siti minerari di Vallalta. Anni di incuria e poca manutenzione, purtroppo, stanno mettendo a rischio non solo l&#8217;esistenza di questi posti, ma soprattutto la possibilit\u00e0 stessa di poterli vivere. Dopo Vaia \u00e8 infatti arrivata, il 6 dicembre, una nuova alluvione che ha segnato profondamente il paesaggio attorno a queste localit\u00e0 e ne ha privato l&#8217;accesso da parte di chiunque, residenti compresi! Chiediamo pertanto che le autorit\u00e0 s&#8217;impegnino, fin da ora, affinch\u00e9 questi luoghi rimangano &#8220;vivi&#8221; e agibili e non vengano totalmente abbandonati come accadde alla vicina localit\u00e0 California, dopo l\u2019ormai famosa alluvione del 1966. Noi tutti vogliamo che non si aggiunga una nuova meta fantasma al famoso sentiero tematico \u201cLa montagna dimenticata\u201d.<\/p>\n<h1>ENTRA E FIRMA LA PETIZIONE <strong><span style=\"color: #0000ff;\"><a style=\"color: #0000ff;\" href=\"https:\/\/www.change.org\/p\/sindaco-di-gosaldo-salviamo-i-paesi-ren-e-coltamai-dall-isolamento?signed=true\">CLICCA QUI\u00a0<\/a><\/span><\/strong><\/h1>\n","protected":false},"excerpt":{"rendered":"<p>da Gosaldo la petizione on line inviata al sindaco Stefano Da Zanche, al Comune di Gosaldo, alla Regione Veneto, al Presidente Luca Zaia e a Veneto Strade Ognuno di noi ha un posto magico nel proprio cuore. Un posto che gli ha regalato momenti di gioia e serenit\u00e0 pura. Per noi questo posto si racchiude&hellip;<\/p>\n","protected":false},"author":4,"featured_media":178430,"comment_status":"closed","ping_status":"closed","sticky":false,"template":"","format":"standard","meta":{"_monsterinsights_skip_tracking":false,"_monsterinsights_sitenote_active":false,"_monsterinsights_sitenote_note":"","_monsterinsights_sitenote_category":0,"footnotes":""},"categories":[51,49],"tags":[],"class_list":["post-178429","post","type-post","status-publish","format-standard","has-post-thumbnail","hentry","category-evidenza-top","category-news-18","category-51","category-49","description-off"],"img_url":"https:\/\/www.radiopiu.net\/wordpress\/wp-content\/uploads\/2020\/12\/BpUYRwcnLBnpYsb-800x450-noPad.jpg","_links":{"self":[{"href":"https:\/\/www.radiopiu.net\/wordpress\/wp-json\/wp\/v2\/posts\/178429","targetHints":{"allow":["GET"]}}],"collection":[{"href":"https:\/\/www.radiopiu.net\/wordpress\/wp-json\/wp\/v2\/posts"}],"about":[{"href":"https:\/\/www.radiopiu.net\/wordpress\/wp-json\/wp\/v2\/types\/post"}],"author":[{"embeddable":true,"href":"https:\/\/www.radiopiu.net\/wordpress\/wp-json\/wp\/v2\/users\/4"}],"replies":[{"embeddable":true,"href":"https:\/\/www.radiopiu.net\/wordpress\/wp-json\/wp\/v2\/comments?post=178429"}],"version-history":[{"count":0,"href":"https:\/\/www.radiopiu.net\/wordpress\/wp-json\/wp\/v2\/posts\/178429\/revisions"}],"wp:featuredmedia":[{"embeddable":true,"href":"https:\/\/www.radiopiu.net\/wordpress\/wp-json\/wp\/v2\/media\/178430"}],"wp:attachment":[{"href":"https:\/\/www.radiopiu.net\/wordpress\/wp-json\/wp\/v2\/media?parent=178429"}],"wp:term":[{"taxonomy":"category","embeddable":true,"href":"https:\/\/www.radiopiu.net\/wordpress\/wp-json\/wp\/v2\/categories?post=178429"},{"taxonomy":"post_tag","embeddable":true,"href":"https:\/\/www.radiopiu.net\/wordpress\/wp-json\/wp\/v2\/tags?post=178429"}],"curies":[{"name":"wp","href":"https:\/\/api.w.org\/{rel}","templated":true}]}}