{"id":178465,"date":"2020-12-11T05:55:04","date_gmt":"2020-12-11T04:55:04","guid":{"rendered":"https:\/\/www.radiopiu.net\/wordpress\/?p=178465"},"modified":"2020-12-11T10:08:34","modified_gmt":"2020-12-11T09:08:34","slug":"giornale-radiopiu-11-dicembre-2020-direttore-mirko-mezzacasa","status":"publish","type":"post","link":"https:\/\/www.radiopiu.net\/wordpress\/giornale-radiopiu-11-dicembre-2020-direttore-mirko-mezzacasa\/","title":{"rendered":"GIORNALE RADIOPIU 11 DICEMBRE 2020 DIRETTORE MIRKO MEZZACASA"},"content":{"rendered":"<h3>PER<strong> RICEVERE QUESTO NOTIZIARIO DIRETTAMENTE SUL TUO CELLULARE ISCRIVITI AL CANALE TELEGRAM <\/strong><strong>\u201cRADIO PIU\u00a0 INFORMAZIONE&#8221;<\/strong><\/h3>\n<p>&nbsp;<\/p>\n<hr \/>\n<h3>ARABBA: Il risveglio dopo giorni di buio, neve e lampeggianti.<\/h3>\n\n\t\t\t<style type='text\/css'>\n\t\t\t\t#gallery-1 {\n\t\t\t\t\tmargin: auto;\n\t\t\t\t}\n\t\t\t\t#gallery-1 .gallery-item {\n\t\t\t\t\tfloat: left;\n\t\t\t\t\tmargin-top: 10px;\n\t\t\t\t\ttext-align: center;\n\t\t\t\t\twidth: 16%;\n\t\t\t\t}\n\t\t\t\t#gallery-1 img {\n\t\t\t\t\tborder: 2px solid #cfcfcf;\n\t\t\t\t}\n\t\t\t\t#gallery-1 .gallery-caption {\n\t\t\t\t\tmargin-left: 0;\n\t\t\t\t}\n\t\t\t\t\/* see gallery_shortcode() in wp-includes\/media.php *\/\n\t\t\t<\/style>\n\t\t<div id='gallery-1' class='dt-gallery-container gallery galleryid-178465 gallery-columns-6 gallery-size-thumbnail'><dl class='gallery-item'>\n\t\t\t\t<dt class='gallery-icon portrait'>\n\t\t\t\t\t<a class=\"rollover rollover-zoom dt-pswp-item\" title=\"06f0f038-5364-44ba-ab35-281412ee0233\" data-dt-img-description=\"\" data-large_image_width=\"240\" data-large_image_height=\"320\"href='https:\/\/www.radiopiu.net\/wordpress\/wp-content\/uploads\/2020\/12\/06f0f038-5364-44ba-ab35-281412ee0233.jpg'><img loading=\"lazy\" decoding=\"async\" width=\"150\" height=\"150\" src=\"https:\/\/www.radiopiu.net\/wordpress\/wp-content\/uploads\/2020\/12\/06f0f038-5364-44ba-ab35-281412ee0233-150x150.jpg\" class=\"attachment-thumbnail size-thumbnail\" alt=\"\" \/><\/a>\n\t\t\t\t<\/dt><\/dl><dl class='gallery-item'>\n\t\t\t\t<dt class='gallery-icon portrait'>\n\t\t\t\t\t<a class=\"rollover rollover-zoom dt-pswp-item\" title=\"ba5f9c96-5148-422a-9cb9-9ea7e7ec7dd9\" data-dt-img-description=\"\" data-large_image_width=\"240\" data-large_image_height=\"320\"href='https:\/\/www.radiopiu.net\/wordpress\/wp-content\/uploads\/2020\/12\/ba5f9c96-5148-422a-9cb9-9ea7e7ec7dd9.jpg'><img loading=\"lazy\" decoding=\"async\" width=\"150\" height=\"150\" src=\"https:\/\/www.radiopiu.net\/wordpress\/wp-content\/uploads\/2020\/12\/ba5f9c96-5148-422a-9cb9-9ea7e7ec7dd9-150x150.jpg\" class=\"attachment-thumbnail size-thumbnail\" alt=\"\" \/><\/a>\n\t\t\t\t<\/dt><\/dl><dl class='gallery-item'>\n\t\t\t\t<dt class='gallery-icon portrait'>\n\t\t\t\t\t<a class=\"rollover rollover-zoom dt-pswp-item\" title=\"52c9b689-3a97-4191-abb6-357d08038c91\" data-dt-img-description=\"\" data-large_image_width=\"240\" data-large_image_height=\"320\"href='https:\/\/www.radiopiu.net\/wordpress\/wp-content\/uploads\/2020\/12\/52c9b689-3a97-4191-abb6-357d08038c91.jpg'><img loading=\"lazy\" decoding=\"async\" width=\"150\" height=\"150\" src=\"https:\/\/www.radiopiu.net\/wordpress\/wp-content\/uploads\/2020\/12\/52c9b689-3a97-4191-abb6-357d08038c91-150x150.jpg\" class=\"attachment-thumbnail size-thumbnail\" alt=\"\" \/><\/a>\n\t\t\t\t<\/dt><\/dl><dl class='gallery-item'>\n\t\t\t\t<dt class='gallery-icon portrait'>\n\t\t\t\t\t<a class=\"rollover rollover-zoom dt-pswp-item\" title=\"91df40d6-2f00-415a-ab73-acf7c73f6d99\" data-dt-img-description=\"\" data-large_image_width=\"240\" data-large_image_height=\"320\"href='https:\/\/www.radiopiu.net\/wordpress\/wp-content\/uploads\/2020\/12\/91df40d6-2f00-415a-ab73-acf7c73f6d99.jpg'><img loading=\"lazy\" decoding=\"async\" width=\"150\" height=\"150\" src=\"https:\/\/www.radiopiu.net\/wordpress\/wp-content\/uploads\/2020\/12\/91df40d6-2f00-415a-ab73-acf7c73f6d99-150x150.jpg\" class=\"attachment-thumbnail size-thumbnail\" alt=\"\" \/><\/a>\n\t\t\t\t<\/dt><\/dl><dl class='gallery-item'>\n\t\t\t\t<dt class='gallery-icon portrait'>\n\t\t\t\t\t<a class=\"rollover rollover-zoom dt-pswp-item\" title=\"2b4a14f3-6151-4e4c-a675-75736a7e8371\" data-dt-img-description=\"\" data-large_image_width=\"240\" data-large_image_height=\"320\"href='https:\/\/www.radiopiu.net\/wordpress\/wp-content\/uploads\/2020\/12\/2b4a14f3-6151-4e4c-a675-75736a7e8371.jpg'><img loading=\"lazy\" decoding=\"async\" width=\"150\" height=\"150\" src=\"https:\/\/www.radiopiu.net\/wordpress\/wp-content\/uploads\/2020\/12\/2b4a14f3-6151-4e4c-a675-75736a7e8371-150x150.jpg\" class=\"attachment-thumbnail size-thumbnail\" alt=\"\" \/><\/a>\n\t\t\t\t<\/dt><\/dl><dl class='gallery-item'>\n\t\t\t\t<dt class='gallery-icon portrait'>\n\t\t\t\t\t<a class=\"rollover rollover-zoom dt-pswp-item\" title=\"8ec10c5f-c4a3-445d-878a-1712605c30af\" data-dt-img-description=\"\" data-large_image_width=\"240\" data-large_image_height=\"320\"href='https:\/\/www.radiopiu.net\/wordpress\/wp-content\/uploads\/2020\/12\/8ec10c5f-c4a3-445d-878a-1712605c30af.jpg'><img loading=\"lazy\" decoding=\"async\" width=\"150\" height=\"150\" src=\"https:\/\/www.radiopiu.net\/wordpress\/wp-content\/uploads\/2020\/12\/8ec10c5f-c4a3-445d-878a-1712605c30af-150x150.jpg\" class=\"attachment-thumbnail size-thumbnail\" alt=\"\" \/><\/a>\n\t\t\t\t<\/dt><\/dl><br style=\"clear: both\" \/>\n\t\t\t<\/div>\n\n<p>&nbsp;<\/p>\n<hr \/>\n<p>&nbsp;<\/p>\n<p><em>ATTENZIONE: LA NUOVA APP PER IOS-IPHONE<\/em><\/p>\n<div>\n<div><a href=\"https:\/\/apps.apple.com\/it\/app\/radio-pi%C3%B9-emittente-agordina\/id1515939845\">https:\/\/apps.apple.com\/it\/app\/radio-pi%C3%B9-emittente-agordina\/id1515939845<\/a><\/div>\n<\/div>\n<div><\/div>\n<div>\n<div dir=\"auto\"><em>ATTENZIONE: LA NUOVA APP RADIO\u00a0 PER ANDROID<\/em><\/div>\n<\/div>\n<p><a href=\"https:\/\/play.google.com\/store\/apps\/details?id=net.radiopiu.iniko\" target=\"_blank\" rel=\"noopener noreferrer\">https:\/\/play.google.com\/store\/apps\/details?id=net.radiopiu.iniko\u00a0\u00a0<\/a><\/p>\n<p>&nbsp;<\/p>\n<h2><strong><a href=\"https:\/\/www.radiopiu.net\/wordpress\/giornale-radiopiu-11-dicembre-2020-direttore-mirko-mezzacasa\/69837385-ca90-4575-b0c3-5af38a89a927\/\" rel=\"attachment wp-att-178664\"><img loading=\"lazy\" decoding=\"async\" class=\" wp-image-178664 alignleft\" src=\"https:\/\/www.radiopiu.net\/wordpress\/wp-content\/uploads\/2020\/12\/69837385-ca90-4575-b0c3-5af38a89a927-225x300.jpg\" alt=\"\" width=\"147\" height=\"196\" srcset=\"https:\/\/www.radiopiu.net\/wordpress\/wp-content\/uploads\/2020\/12\/69837385-ca90-4575-b0c3-5af38a89a927-225x300.jpg 225w, https:\/\/www.radiopiu.net\/wordpress\/wp-content\/uploads\/2020\/12\/69837385-ca90-4575-b0c3-5af38a89a927.jpg 240w\" sizes=\"auto, (max-width: 147px) 100vw, 147px\" \/><\/a>AGGIORNAMENTO VIABILITA&#8217; ANCORA MOLTI I PASSI CHIUSI, VAL ZOLDANA FUORI DALL&#8217;ISOLAMENTO<\/strong><\/h2>\n<p><em><span class=\"d2edcug0 hpfvmrgz qv66sw1b c1et5uql rrkovp55 jq4qci2q a3bd9o3v knj5qynh oo9gr5id\">Nella notte riaperto <b>Passo Monte Croce Comelico<\/b>, al km 110,200 della\u00a0<b>statale 52<\/b><\/span><\/em><\/p>\n<div class=\"bi6gxh9e\"><span class=\"d2edcug0 hpfvmrgz qv66sw1b c1et5uql rrkovp55 jq4qci2q a3bd9o3v knj5qynh oo9gr5id\"><strong><span style=\"color: #008000;\">RIPRISTINO CIRCOLAZIONE<\/span><\/strong> 347 Duran e Cereda, da La Valle (km36) a Le Vare (km49) e Forcella Cibiana da Cornigian a Cibiana di Cadore. Si transita sulla Provinciale 3\u00a0<\/span><span class=\"d2edcug0 hpfvmrgz qv66sw1b c1et5uql rrkovp55 jq4qci2q a3bd9o3v knj5qynh oo9gr5id\"> tra Forcella Franche e Valesin dove \u00e8 stato istituito il senso unico alternato. Riaperta la <\/span><span class=\"d2edcug0 hpfvmrgz qv66sw1b c1et5uql rrkovp55 jq4qci2q a3bd9o3v knj5qynh oo9gr5id\"> S.P. 1 bis Madonna del Piave &#8211;\u00a0 Segusino\u201d, riaperta la\u00a0 S.P. 6 \u201cdi Danta\u201d\u00a0 da Campitello a S.Antonio. Riaperta la S.P. 26 Digoman- Voltago.<\/span><\/div>\n<div><span class=\"d2edcug0 hpfvmrgz qv66sw1b c1et5uql rrkovp55 jq4qci2q a3bd9o3v knj5qynh oo9gr5id\"><strong><span style=\"color: #ff6600;\">RIAPERTURA PARZIALE<\/span><\/strong>, solo ai frontisti del\u00a0<b>tratto Fiames \u2013 Passo Cimabanche<\/b>\u00a0 della Strada Statale 51. Il tratto rimane interdetto al passaggio dei mezzi pesanti.<\/span><\/div>\n<div><strong><span style=\"color: #ff0000;\">ANCORA CHIUSE OLTRE AI PASSI DOLOMITICI<\/span> <\/strong>(escluso Staulanza, Duran (La Valle-Le Vare),\u00a0 Cibiana, Cereda) <span class=\"d2edcug0 hpfvmrgz qv66sw1b c1et5uql rrkovp55 jq4qci2q a3bd9o3v knj5qynh oo9gr5id\">la Strada Statale 52 nei pressi di Passo Mauria \u2013 Vigo di Cadore. <\/span><span class=\"d2edcug0 hpfvmrgz qv66sw1b c1et5uql rrkovp55 jq4qci2q a3bd9o3v knj5qynh oo9gr5id\">Permane la chiusura, sempre sulla statale 51 del tratto Passo Cimabanche in direzione Dobbiaco. Sempre\u00a0 chiusa la provinciale 2 del Mis tra Gena Bassa e Titele. Passo <strong>Campolongo aperto solo per EMERGENZA.<\/strong>\u00a0<\/span><\/div>\n<p><span style=\"color: #0000ff;\">FOTO, TELEGRAM_VIABILITA&#8217; PROVINCIA DI BELLUNO, IERI SERA LO SCATTO DI FEDERICA ZANDEGIACOMO TRA PIEVE ED ARABBA\u00a0<\/span><\/p>\n<p style=\"text-align: center;\"><strong>CON LA &#8220;BRESSAN SCAVI&#8221; DI GOSALDO LA RIAPERTURA DELLA PROVINCIALE 3<\/strong><\/p>\n\n\t\t\t<style type='text\/css'>\n\t\t\t\t#gallery-2 {\n\t\t\t\t\tmargin: auto;\n\t\t\t\t}\n\t\t\t\t#gallery-2 .gallery-item {\n\t\t\t\t\tfloat: left;\n\t\t\t\t\tmargin-top: 10px;\n\t\t\t\t\ttext-align: center;\n\t\t\t\t\twidth: 50%;\n\t\t\t\t}\n\t\t\t\t#gallery-2 img {\n\t\t\t\t\tborder: 2px solid #cfcfcf;\n\t\t\t\t}\n\t\t\t\t#gallery-2 .gallery-caption {\n\t\t\t\t\tmargin-left: 0;\n\t\t\t\t}\n\t\t\t\t\/* see gallery_shortcode() in wp-includes\/media.php *\/\n\t\t\t<\/style>\n\t\t<div id='gallery-2' class='dt-gallery-container gallery galleryid-178465 gallery-columns-2 gallery-size-medium'><dl class='gallery-item'>\n\t\t\t\t<dt class='gallery-icon landscape'>\n\t\t\t\t\t<a class=\"rollover rollover-zoom dt-pswp-item\" title=\"131013032_672765423604707_7698779003839005761_n\" data-dt-img-description=\"\" data-large_image_width=\"2048\" data-large_image_height=\"1536\"href='https:\/\/www.radiopiu.net\/wordpress\/wp-content\/uploads\/2020\/12\/131013032_672765423604707_7698779003839005761_n.jpg'><img loading=\"lazy\" decoding=\"async\" width=\"300\" height=\"225\" src=\"https:\/\/www.radiopiu.net\/wordpress\/wp-content\/uploads\/2020\/12\/131013032_672765423604707_7698779003839005761_n-300x225.jpg\" class=\"attachment-medium size-medium\" alt=\"\" srcset=\"https:\/\/www.radiopiu.net\/wordpress\/wp-content\/uploads\/2020\/12\/131013032_672765423604707_7698779003839005761_n-300x225.jpg 300w, https:\/\/www.radiopiu.net\/wordpress\/wp-content\/uploads\/2020\/12\/131013032_672765423604707_7698779003839005761_n-1024x768.jpg 1024w, https:\/\/www.radiopiu.net\/wordpress\/wp-content\/uploads\/2020\/12\/131013032_672765423604707_7698779003839005761_n-768x576.jpg 768w, https:\/\/www.radiopiu.net\/wordpress\/wp-content\/uploads\/2020\/12\/131013032_672765423604707_7698779003839005761_n-1536x1152.jpg 1536w, https:\/\/www.radiopiu.net\/wordpress\/wp-content\/uploads\/2020\/12\/131013032_672765423604707_7698779003839005761_n.jpg 2048w\" sizes=\"auto, (max-width: 300px) 100vw, 300px\" \/><\/a>\n\t\t\t\t<\/dt><\/dl><dl class='gallery-item'>\n\t\t\t\t<dt class='gallery-icon landscape'>\n\t\t\t\t\t<a class=\"rollover rollover-zoom dt-pswp-item\" title=\"131184518_713696759277687_3333160558698143314_n\" data-dt-img-description=\"\" data-large_image_width=\"2048\" data-large_image_height=\"1536\"href='https:\/\/www.radiopiu.net\/wordpress\/wp-content\/uploads\/2020\/12\/131184518_713696759277687_3333160558698143314_n.jpg'><img loading=\"lazy\" decoding=\"async\" width=\"300\" height=\"225\" src=\"https:\/\/www.radiopiu.net\/wordpress\/wp-content\/uploads\/2020\/12\/131184518_713696759277687_3333160558698143314_n-300x225.jpg\" class=\"attachment-medium size-medium\" alt=\"\" srcset=\"https:\/\/www.radiopiu.net\/wordpress\/wp-content\/uploads\/2020\/12\/131184518_713696759277687_3333160558698143314_n-300x225.jpg 300w, https:\/\/www.radiopiu.net\/wordpress\/wp-content\/uploads\/2020\/12\/131184518_713696759277687_3333160558698143314_n-1024x768.jpg 1024w, https:\/\/www.radiopiu.net\/wordpress\/wp-content\/uploads\/2020\/12\/131184518_713696759277687_3333160558698143314_n-768x576.jpg 768w, https:\/\/www.radiopiu.net\/wordpress\/wp-content\/uploads\/2020\/12\/131184518_713696759277687_3333160558698143314_n-1536x1152.jpg 1536w, https:\/\/www.radiopiu.net\/wordpress\/wp-content\/uploads\/2020\/12\/131184518_713696759277687_3333160558698143314_n.jpg 2048w\" sizes=\"auto, (max-width: 300px) 100vw, 300px\" \/><\/a>\n\t\t\t\t<\/dt><\/dl><br style=\"clear: both\" \/>\n\t\t\t<\/div>\n\n<p>&nbsp;<\/p>\n<hr \/>\n<blockquote>\n<h3><\/h3>\n<h3><\/h3>\n<h3><a href=\"https:\/\/www.radiopiu.net\/wordpress\/giornale-radiopiu-11-dicembre-2020-direttore-mirko-mezzacasa\/b28d4ecd-f01e-4d2d-bdae-327798d3b9c5\/\" rel=\"attachment wp-att-178699\"><img loading=\"lazy\" decoding=\"async\" class=\" wp-image-178699 alignleft\" src=\"https:\/\/www.radiopiu.net\/wordpress\/wp-content\/uploads\/2020\/12\/b28d4ecd-f01e-4d2d-bdae-327798d3b9c5-300x142.jpg\" alt=\"\" width=\"182\" height=\"86\" srcset=\"https:\/\/www.radiopiu.net\/wordpress\/wp-content\/uploads\/2020\/12\/b28d4ecd-f01e-4d2d-bdae-327798d3b9c5-300x142.jpg 300w, https:\/\/www.radiopiu.net\/wordpress\/wp-content\/uploads\/2020\/12\/b28d4ecd-f01e-4d2d-bdae-327798d3b9c5-1024x484.jpg 1024w, https:\/\/www.radiopiu.net\/wordpress\/wp-content\/uploads\/2020\/12\/b28d4ecd-f01e-4d2d-bdae-327798d3b9c5-768x363.jpg 768w, https:\/\/www.radiopiu.net\/wordpress\/wp-content\/uploads\/2020\/12\/b28d4ecd-f01e-4d2d-bdae-327798d3b9c5-1536x727.jpg 1536w, https:\/\/www.radiopiu.net\/wordpress\/wp-content\/uploads\/2020\/12\/b28d4ecd-f01e-4d2d-bdae-327798d3b9c5.jpg 1600w\" sizes=\"auto, (max-width: 182px) 100vw, 182px\" \/><\/a><\/h3>\n<h3>IERI ALLA RADIO, IL SINDACO DI GOSALDO STEFANO DA ZANCHE<\/h3>\n<\/blockquote>\n<audio class=\"wp-audio-shortcode\" id=\"audio-178465-1\" preload=\"none\" style=\"width: 100%;\" controls=\"controls\"><source type=\"audio\/mpeg\" src=\"https:\/\/www.radiopiu.net\/wordpress\/wp-content\/uploads\/2020\/10\/DA-ZANCHE.mp3?_=1\" \/><a href=\"https:\/\/www.radiopiu.net\/wordpress\/wp-content\/uploads\/2020\/10\/DA-ZANCHE.mp3\">https:\/\/www.radiopiu.net\/wordpress\/wp-content\/uploads\/2020\/10\/DA-ZANCHE.mp3<\/a><\/audio>\n<p>&nbsp;<\/p>\n<blockquote>\n<h3>OGGI ALLA RADIO IL SINDACO LEANDRO GRONES<\/h3>\n<\/blockquote>\n<audio class=\"wp-audio-shortcode\" id=\"audio-178465-2\" preload=\"none\" style=\"width: 100%;\" controls=\"controls\"><source type=\"audio\/mpeg\" src=\"https:\/\/www.radiopiu.net\/wordpress\/wp-content\/uploads\/2020\/12\/LEANDRP.mp3?_=2\" \/><a href=\"https:\/\/www.radiopiu.net\/wordpress\/wp-content\/uploads\/2020\/12\/LEANDRP.mp3\">https:\/\/www.radiopiu.net\/wordpress\/wp-content\/uploads\/2020\/12\/LEANDRP.mp3<\/a><\/audio>\n<p>&nbsp;<\/p>\n<hr \/>\n<h3><\/h3>\n<h3>CASTEI IL TUNNEL DELLA PAURA<\/h3>\n<h3><a href=\"https:\/\/www.radiopiu.net\/wordpress\/giornale-radiopiu-15-marzo-2018-direttore-mirko-mezzacasa\/127-castei\/\" rel=\"attachment wp-att-44828\"><img loading=\"lazy\" decoding=\"async\" class=\" wp-image-44828 alignleft\" src=\"https:\/\/www.radiopiu.net\/wordpress\/wp-content\/uploads\/2018\/03\/127-castei-300x195.jpg\" alt=\"\" width=\"231\" height=\"150\" srcset=\"https:\/\/www.radiopiu.net\/wordpress\/wp-content\/uploads\/2018\/03\/127-castei-300x195.jpg 300w, https:\/\/www.radiopiu.net\/wordpress\/wp-content\/uploads\/2018\/03\/127-castei.jpg 585w\" sizes=\"auto, (max-width: 231px) 100vw, 231px\" \/><\/a><\/h3>\n<p><strong>LA VALLE\u00a0<\/strong> Di Dario Bond, Deputato di Forza Italia interrogazioni e contro interrogazioni, ma anche colloqui diretti con i responsabili della viabilit\u00e0, almeno cos\u00ec ci raccontava la scorsa estate con la galleria dei Castei invasa dall&#8217;acqua, quella che filtra nella volta e ti fa sobbalzare quando si schianta sul cristallo dell&#8217;auto. Ogni volta la stessa storia, anzi ogni volta sempre peggio. Per chi scende verso Belluno la cascatella subito dopo l&#8217;inizio della galleria. Per chi sale oltre alla cascatella,\u00a0 acqua in mezzo alla carreggiata, i cartelli indicano il pericolo che il buio nasconde. Questa volta \u00e8 andata meglio del solito, per ora le luci non si sono spente, di solito succede pure questo, non per ore ma per giorni. A nulla dunque sono servite le proteste e richieste di intervento del parlamentare e nemmeno le continue critiche degli automobilisti, categoria di inascoltati sia per quanto riguarda i problemi cronici della galleria segnalati da molto prima di Vaia, la tempesta ha solo amplificato le paure. A nulla servono le segnalazioni dei frequentatori della strada al pari delle continue lamentele per branchi di cervi, camosci e quant&#8217;altro che giocano a nascondino tra i cespugli a Candaten.<\/p>\n<p>&nbsp;<\/p>\n<p>&nbsp;<\/p>\n<p>&nbsp;<\/p>\n<hr \/>\n<p>&nbsp;<\/p>\n<blockquote>\n<h3>IL MESSAGGIO DI PAOLO MOSCA<\/h3>\n<\/blockquote>\n<p>di Giorgio Fontanive<\/p>\n<p><em><a href=\"https:\/\/www.radiopiu.net\/wordpress\/paolo-mosca-lamico-giorgio-fontanive-lo-ricorda-cosi\/paolo-mosca-1955-2020\/\" rel=\"attachment wp-att-178535\"><img loading=\"lazy\" decoding=\"async\" class=\" wp-image-178535 alignleft\" src=\"https:\/\/www.radiopiu.net\/wordpress\/wp-content\/uploads\/2020\/12\/Paolo-Mosca-1955-2020-217x300.jpg\" alt=\"\" width=\"156\" height=\"216\" srcset=\"https:\/\/www.radiopiu.net\/wordpress\/wp-content\/uploads\/2020\/12\/Paolo-Mosca-1955-2020-217x300.jpg 217w, https:\/\/www.radiopiu.net\/wordpress\/wp-content\/uploads\/2020\/12\/Paolo-Mosca-1955-2020.jpg 302w\" sizes=\"auto, (max-width: 156px) 100vw, 156px\" \/><\/a>(17 aprile 1955-9 dicembre 2020)<\/em><\/p>\n<p>Dopo 38 anni seduto sulla mia carrozzella elettrica compagna di vita, eccomi\u00a0 di nuovo libero; abbandonate le costrizioni fisiche del corpo, sono nuovamente salito sull\u2019Agn\u00e8r, <strong><a href=\"https:\/\/www.radiopiu.net\/wordpress\/paolo-mosca-lamico-giorgio-fontanive-lo-ricorda-cosi\/agner-luminoso-1\/\" rel=\"attachment wp-att-178534\"><img loading=\"lazy\" decoding=\"async\" class=\"wp-image-178534 alignright\" src=\"https:\/\/www.radiopiu.net\/wordpress\/wp-content\/uploads\/2020\/12\/AGNER-LUMINOSO-1-1024x683.jpg\" alt=\"\" width=\"207\" height=\"138\" srcset=\"https:\/\/www.radiopiu.net\/wordpress\/wp-content\/uploads\/2020\/12\/AGNER-LUMINOSO-1-1024x683.jpg 1024w, https:\/\/www.radiopiu.net\/wordpress\/wp-content\/uploads\/2020\/12\/AGNER-LUMINOSO-1-300x200.jpg 300w, https:\/\/www.radiopiu.net\/wordpress\/wp-content\/uploads\/2020\/12\/AGNER-LUMINOSO-1-768x512.jpg 768w, https:\/\/www.radiopiu.net\/wordpress\/wp-content\/uploads\/2020\/12\/AGNER-LUMINOSO-1.jpg 1480w\" sizes=\"auto, (max-width: 207px) 100vw, 207px\" \/><\/a><\/strong>rivivendo quelle sensazioni che soffocavo ogni volta lo sguardo si posava su quella cima che domina il mio paese natale, Frassen\u00e9. La sofferenza di questo lungo periodo \u00e8 conclusa: per mia fortuna\u00a0 mitigata da tutti coloro che mi hanno voluto bene e che mi sono stati vicini: familiari, amici e amiche, alpinisti, compaesani. \u00c8 grazie a loro che la vita terrena \u00e8 stata meno dura: ora finalmente sto vagando per le mie montagne, recuperando quanto non ho potuto essere fin da quel novembre 1982, a 27 anni. Ho tante cose da fare: chiss\u00e0 quando potr\u00f2 raggiungere l\u2019ultima m\u00e8ta, quella dov\u2019\u00e8 solo la luce.<\/p>\n<blockquote><p><em>\u00a0<span style=\"color: #000000;\">La Sezione Agordina del Club Alpino\u00a0Italiano assieme a tutti i propri soci, sgomenta e attonita per la scomparsa dell&#8217;amico Paolo che in molte e svariate occasioni ha portato il suo contributo nel mondo della montagna, porge le pi\u00f9 sentite condoglianze a tutta la famiglia.<\/span><\/em><\/p><\/blockquote>\n<p>&nbsp;<\/p>\n<p>&nbsp;<\/p>\n<hr \/>\n<p>&nbsp;<\/p>\n<blockquote>\n<h2>GLI &#8220;SCORTATI&#8221; DI COL DI PRA DOVE INCOMBE IL PERICOLO DI VALANGHE<\/h2>\n<\/blockquote>\n<blockquote>\n<h2><strong style=\"font-size: 14px;\"><a href=\"https:\/\/www.radiopiu.net\/wordpress\/gli-scortati-di-col-di-pra-dove-incombe-il-pericolo-di-valanghe\/img_5453\/\" rel=\"attachment wp-att-178675\"><img loading=\"lazy\" decoding=\"async\" class=\" wp-image-178675 alignleft\" src=\"https:\/\/www.radiopiu.net\/wordpress\/wp-content\/uploads\/2020\/12\/IMG_5453-300x204.jpg\" alt=\"\" width=\"262\" height=\"178\" srcset=\"https:\/\/www.radiopiu.net\/wordpress\/wp-content\/uploads\/2020\/12\/IMG_5453-300x204.jpg 300w, https:\/\/www.radiopiu.net\/wordpress\/wp-content\/uploads\/2020\/12\/IMG_5453.jpg 720w\" sizes=\"auto, (max-width: 262px) 100vw, 262px\" \/><\/a>TAIBON\u00a0<\/strong><span style=\"font-size: 14px; font-weight: normal;\"> Come nei giorni dell&#8217;incendio, come nei giorni di Vaia. Ancora una volta nella paura e con il disagio di doversi spostare solo in determinate ore della giornata e sotto scorta, perch\u00e9 la strada \u00e8 chiusa e le valanghe potrebbero scendere da un momento all&#8217;altro. E&#8217; il triste quotidiano degli sfollati di Col di Pra, la frazione in fondo alla Valle di San Lucano, poche case ma gente radicata al territorio. Zero servizi, soprattutto quando l&#8217;ultimo Bar-Ristorante chiuder\u00e0 definitivamente la porta. La linea telefonica fissa \u00e8 una barzelletta, da due anni il cavo corre a lato strada ad altezza animale. I segnali della telefonia mobile non garantiscono i dati, vivere l\u00ec \u00e8 sempre pi\u00f9 difficile e quando arriva l&#8217;ordinanza di evacuazione tutto peggiora.<\/span><\/h2>\n<\/blockquote>\n<p><strong>GIANNI SANTOMASO\u00a0<\/strong><\/p>\n<audio class=\"wp-audio-shortcode\" id=\"audio-178465-3\" preload=\"none\" style=\"width: 100%;\" controls=\"controls\"><source type=\"audio\/mpeg\" src=\"https:\/\/www.radiopiu.net\/wordpress\/wp-content\/uploads\/2020\/12\/GIANNI-SFOLLATI.mp3?_=3\" \/><a href=\"https:\/\/www.radiopiu.net\/wordpress\/wp-content\/uploads\/2020\/12\/GIANNI-SFOLLATI.mp3\">https:\/\/www.radiopiu.net\/wordpress\/wp-content\/uploads\/2020\/12\/GIANNI-SFOLLATI.mp3<\/a><\/audio>\n<h3>\u00a0VALLE DI SAN LUCANO COL DI PRA\u00a0<span style=\"color: #0000ff;\"> <a style=\"color: #0000ff;\" href=\"http:\/\/www.valledisanlucano.it\/passeggiate%20enrosadiradacoldipra.html\">CLICCA QUI<\/a><\/span><\/h3>\n<p>Dalla Provincia e dalla Protezione Civile Regionale gli evacuati per maltempo:\u00a0 <strong>Cencenighe:<\/strong> 2 sfollati (la prima notte erano 6);\u00a0 <strong>Gosaldo:<\/strong> 9 sfollati (4 nuclei), ospiti in un appartamento della Pro Loco, in canonica, da amici e\/o figli.; <strong>Taibon:<\/strong> 1 sfollato, andato dalla compagna (altri 7 evacuati erano villeggianti delle seconde case, tornati alla residenza). <strong>Perarolo:<\/strong> 15 sfollati, resteranno fuori non meno di 15 giorni (in albergo).<br \/>\n<strong>Alpago<\/strong>: 4 sfollati (2 da domenica + 2 da ieri pomeriggio, per casa dichiarata inagibile a seguito del maltempo)- \u00a0San Tomaso._<strong>Canacede<\/strong> fin dal primo giorno 6 sfollati oggi ci potrebbero essere delle novit\u00e0 assicura il sindaco Moreno De Val.<\/p>\n<p>&nbsp;<\/p>\n<p>&nbsp;<\/p>\n<hr \/>\n<p>&nbsp;<\/p>\n<blockquote>\n<h3>SCUOLE CHIUSE A LIVINALLONGO E ROCCA PIETORE<\/h3>\n<\/blockquote>\n<p><strong><img loading=\"lazy\" decoding=\"async\" class=\"alignleft\" src=\"https:\/\/www.radiopiu.net\/wordpress\/wp-content\/uploads\/2020\/12\/f7c6bccc-a94b-4fba-9a4d-e5338caadd73.jpg\" width=\"174\" height=\"232\" \/>LIVINALLONGO<\/strong> Il sindaco ha firmato l&#8217;ordinanza, altri 2 giorni di chiusura, domani e sabato delle scuole primaria e secondaria.\u00a0 Inoltre con una seconda ordinanza vietato il fuori pista con gli sci: <em>divieto, con decorrenza immediata e fino alla permanenza di elevato <\/em><em>pericolo di valanghe emesso con bollettino valanghe da ARPA Veneto, di effettuare qualsiasi pratica escursionistica\/sportiva sulla neve, anche con l\u2019ausilio di eliski, sul territorio del Comune di Livinallongo del Col di Lana;<\/em><\/p>\n<p><strong>ROCCA PIETORE<\/strong> Scuole chiuse, lo ha deciso il sindaco. Gli studenti torneranno in classe lunedi perch\u00e9 a Rocca il sabato la scuola \u00e8 comunque chiusa.\u00a0 Oggi e domani lezioni regolari ad Alleghe e in Valle del Biois<\/p>\n<p>&nbsp;<\/p>\n<hr \/>\n<p>&nbsp;<\/p>\n<blockquote>\n<h2><\/h2>\n<h2>DOPO IL GIRO D&#8217;ITALIA IL GRAZIE IN CORO PER LA VICINANZA, LA SOLIDARIETA&#8217; E L&#8217;AMICIZIA. I POMPIERI DI GOSALDO GUARDANO AL FUTURO<\/h2>\n<\/blockquote>\n<p>&nbsp;<\/p>\n<p><strong><a href=\"https:\/\/www.radiopiu.net\/wordpress\/giornale-radiopiu-11-dicembre-2020-direttore-mirko-mezzacasa\/whatsapp-image-2020-12-10-at-20-12-19\/\" rel=\"attachment wp-att-178665\"><img loading=\"lazy\" decoding=\"async\" class=\"size-medium wp-image-178665 alignleft\" src=\"https:\/\/www.radiopiu.net\/wordpress\/wp-content\/uploads\/2020\/12\/WhatsApp-Image-2020-12-10-at-20.12.19-300x186.jpeg\" alt=\"\" width=\"300\" height=\"186\" srcset=\"https:\/\/www.radiopiu.net\/wordpress\/wp-content\/uploads\/2020\/12\/WhatsApp-Image-2020-12-10-at-20.12.19-300x186.jpeg 300w, https:\/\/www.radiopiu.net\/wordpress\/wp-content\/uploads\/2020\/12\/WhatsApp-Image-2020-12-10-at-20.12.19-768x476.jpeg 768w, https:\/\/www.radiopiu.net\/wordpress\/wp-content\/uploads\/2020\/12\/WhatsApp-Image-2020-12-10-at-20.12.19.jpeg 1024w\" sizes=\"auto, (max-width: 300px) 100vw, 300px\" \/><\/a> <\/strong><\/p>\n<p><strong>\u00a0<\/strong><\/p>\n<p>&nbsp;<\/p>\n<p>&nbsp;<\/p>\n<p>&nbsp;<\/p>\n<p><strong>GOSALDO<\/strong><\/p>\n<p><strong>DI GIANNI SANTOMASO\u00a0<\/strong><\/p>\n<p>&nbsp;<\/p>\n<audio class=\"wp-audio-shortcode\" id=\"audio-178465-4\" preload=\"none\" style=\"width: 100%;\" controls=\"controls\"><source type=\"audio\/mpeg\" src=\"https:\/\/www.radiopiu.net\/wordpress\/wp-content\/uploads\/2020\/12\/GIANNI-POMPIERI.mp3?_=4\" \/><a href=\"https:\/\/www.radiopiu.net\/wordpress\/wp-content\/uploads\/2020\/12\/GIANNI-POMPIERI.mp3\">https:\/\/www.radiopiu.net\/wordpress\/wp-content\/uploads\/2020\/12\/GIANNI-POMPIERI.mp3<\/a><\/audio>\n<p>&nbsp;<\/p>\n<p>&nbsp;<\/p>\n<p>&nbsp;<\/p>\n<hr \/>\n<p>&nbsp;<\/p>\n<blockquote>\n<h3>IL DIETROFRONT DI CONTE. A NATALE E CAPODANNO VERRANNO CONSENTITI GLI SPOSTAMENTI TRA I COMUNI CON MENO DI 15 MILA ABITANTI, TRA I 20 E I 50 CHILOMETRI, VINCE IL PRESSING DEI SINDACI. UNA NUOVA ORDINANZA DALLA REGIONE CONTRO GLI ASSEMBRAMENTI, PER ZAIA UN ATTO DOVUTO.<\/h3>\n<\/blockquote>\n<p>Quella di ieri sar\u00e0 ricordata come la giornata pi\u00f9 nera dall&#8217;inizio della pandemia con 151 morti, 3904 nuovi casi e 357 persone in terapia intensiva, uno in pi\u00f9 di marzo all&#8217;apice del contagio nella prima ondata. La Regione ha emesso una nuova ordinanza in vigore dalla mezzanotte di oggi e fino al 15 gennaio, per ridurre gli assembramenti, i Bar potranno servire il caff\u00e8 al banco solo fino alle 11, poi solo servizio al tavolo e chiusura confermata alle 18. Domani arriver\u00e0 l&#8217;ennesimo verdetto del Cts che confermer\u00e0 o meno la colorazione gialla di una Regione nel boom della crisi ma anche dei tamponi: 57.900 nelle ultime 24 ore con 4197 positivi pari al 7,27%. Per quanto riguarda gli spostamenti oltre il Comune di Residenza il Governo sta preparando la deroga per Natale, Santo Stefano e Capodanno, tra le ipotesi un permesso per chi vive nei centri abitati fino a 15 mila abitanti. In Provincia altri 2 decessi 249 nuovi contagi rispetto agli 80 di martedi, evidentemente la macchina dei tamponi dopo il maltempo \u00e8 tornata a regime. In terapia intensiva raddoppio dei pazienti a Belluno (da 3 a 6), uno in meno a Feltre, sono 178 i ricoverati negli ospedali. Per Azienda Zero sono oltre 10 mila i casi positivi da inizio pandemia con 4587 attualmente positivi e 5746 guariti.<\/p>\n<blockquote>\n<h2>249 POSITIVI, 2 DECESSI E 13 PAZIENTI IN TERAPIA INTENSIVA (+2)<\/h2>\n<\/blockquote>\n<p><span style=\"color: #4f81bd;\"><span style=\"font-size: medium;\"><b>Decessi (ore 16.00)<\/b><\/span><\/span><span style=\"font-size: medium;\"> (Fonte: Ulss Dolomiti) <\/span><span style=\"font-size: medium;\">Nelle ultime 24 ore sono decedute 2 persone covid positive: un uomo di 67 anni ricoverato in Rianimazione a Belluno e una donna di 85 anni ricoverata in Malattie infettive a Belluno.<\/span><\/p>\n<p align=\"JUSTIFY\"><span style=\"font-size: medium;\"><b>Ricoveri <\/b><\/span><\/p>\n<p align=\"JUSTIFY\"><span style=\"font-size: medium;\"><i>(dato alle ore 17.00 fonte: Azienda Zero)<\/i><\/span><\/p>\n<p align=\"JUSTIFY\"><span style=\"font-size: medium;\">Le persone attualmente POSITIVE ricoverate negli ospedali dell\u2019Ulss Dolomiti sono<\/span>:<\/p>\n<table border=\"1\" width=\"652\" frame=\"HSIDES\" rules=\"GROUPS\" cellspacing=\"0\" cellpadding=\"7\">\n<tbody>\n<tr valign=\"TOP\">\n<td width=\"203\"><\/td>\n<td width=\"203\">\n<p align=\"JUSTIFY\"><span style=\"color: #365f91;\"><span style=\"font-size: medium;\"><b>Area NON CRITICA<\/b><\/span><\/span><\/p>\n<\/td>\n<td width=\"203\">\n<p align=\"JUSTIFY\"><span style=\"color: #365f91;\"><span style=\"font-size: medium;\"><b>Terapia Intensiva<\/b><\/span><\/span><\/p>\n<\/td>\n<\/tr>\n<\/tbody>\n<tbody>\n<tr valign=\"TOP\">\n<td bgcolor=\"#d3dfee\" width=\"203\">\n<p align=\"JUSTIFY\"><span style=\"color: #365f91;\"><span style=\"font-size: medium;\"><b>Ospedale di Belluno <\/b><\/span><\/span><\/p>\n<\/td>\n<td bgcolor=\"#d3dfee\" width=\"203\">\n<p align=\"CENTER\"><span style=\"color: #365f91;\"><span style=\"font-size: medium;\">56<\/span><\/span><\/p>\n<\/td>\n<td bgcolor=\"#d3dfee\" width=\"203\">\n<p align=\"CENTER\"><span style=\"color: #365f91;\"><span style=\"font-size: medium;\">6<\/span><\/span><\/p>\n<\/td>\n<\/tr>\n<tr valign=\"TOP\">\n<td bgcolor=\"#d3dfee\" width=\"203\">\n<p align=\"JUSTIFY\"><span style=\"color: #365f91;\"><span style=\"font-size: medium;\"><b>Ospedale di Feltre<\/b><\/span><\/span><\/p>\n<p align=\"JUSTIFY\"><span style=\"color: #365f91;\"><span style=\"font-size: medium;\"><b>Ospedale di Agordo<\/b><\/span><\/span><\/p>\n<\/td>\n<td bgcolor=\"#d3dfee\" width=\"203\">\n<p align=\"CENTER\"><span style=\"color: #365f91;\"><span style=\"font-size: medium;\">54<\/span><\/span><\/p>\n<p align=\"CENTER\"><span style=\"color: #365f91;\"><span style=\"font-size: medium;\">8<\/span><\/span><\/p>\n<\/td>\n<td bgcolor=\"#d3dfee\" width=\"203\">\n<p align=\"CENTER\"><span style=\"color: #365f91;\"><span style=\"font-size: medium;\">7<\/span><\/span><\/p>\n<\/td>\n<\/tr>\n<\/tbody>\n<\/table>\n<p align=\"JUSTIFY\"><span style=\"font-size: medium;\">Le persone attualmente POSITIVE <\/span>ricoverate in Ospedale di Comunit\u00e0 sono:<\/p>\n<table border=\"1\" width=\"652\" frame=\"HSIDES\" rules=\"GROUPS\" cellspacing=\"0\" cellpadding=\"7\">\n<tbody>\n<tr valign=\"TOP\">\n<td width=\"312\"><\/td>\n<td width=\"312\">\n<p align=\"JUSTIFY\"><span style=\"color: #76923c;\"><span style=\"font-size: medium;\"><b>pazienti attualmente positivi<\/b><\/span><\/span><\/p>\n<\/td>\n<\/tr>\n<\/tbody>\n<tbody>\n<tr valign=\"TOP\">\n<td bgcolor=\"#e6eed5\" width=\"312\">\n<p align=\"JUSTIFY\"><span style=\"color: #76923c;\"><span style=\"font-size: medium;\"><b>Ospedale di Comunit\u00e0 AGORDO<\/b><\/span><\/span><\/p>\n<\/td>\n<td bgcolor=\"#e6eed5\" width=\"312\">\n<p align=\"CENTER\"><span style=\"color: #76923c;\"><span style=\"font-size: medium;\">6<\/span><\/span><\/p>\n<\/td>\n<\/tr>\n<tr valign=\"TOP\">\n<td bgcolor=\"#e6eed5\" width=\"312\" height=\"5\">\n<p align=\"JUSTIFY\"><span style=\"color: #76923c;\"><span style=\"font-size: medium;\"><b>Ospedale di Comunit\u00e0 ALANO<\/b><\/span><\/span><\/p>\n<\/td>\n<td bgcolor=\"#e6eed5\" width=\"312\">\n<p align=\"CENTER\"><span style=\"color: #76923c;\"><span style=\"font-size: medium;\">3<\/span><\/span><\/p>\n<\/td>\n<\/tr>\n<tr valign=\"TOP\">\n<td bgcolor=\"#e6eed5\" width=\"312\">\n<p align=\"JUSTIFY\"><span style=\"color: #76923c;\"><span style=\"font-size: medium;\"><b>Ospedale di Comunit\u00e0 AURONZO<\/b><\/span><\/span><\/p>\n<p align=\"JUSTIFY\"><span style=\"color: #76923c;\"><span style=\"font-size: medium;\"><b>Ospedale di Comunit\u00e0 di BELLUNO <\/b><\/span><\/span><\/p>\n<\/td>\n<td bgcolor=\"#e6eed5\" width=\"312\">\n<p align=\"CENTER\"><span style=\"color: #76923c;\"><span style=\"font-size: medium;\">10<\/span><\/span><\/p>\n<p align=\"CENTER\"><span style=\"color: #76923c;\"><span style=\"font-size: medium;\">19<\/span><\/span><\/p>\n<\/td>\n<\/tr>\n<tr valign=\"TOP\">\n<td bgcolor=\"#e6eed5\" width=\"312\">\n<p align=\"JUSTIFY\"><span style=\"color: #76923c;\"><span style=\"font-size: medium;\"><b>Ospedale di Comunit\u00e0 di FELTRE<\/b><\/span><\/span><\/p>\n<\/td>\n<td bgcolor=\"#e6eed5\" width=\"312\">\n<p align=\"CENTER\"><span style=\"color: #76923c;\"><span style=\"font-size: medium;\">9<\/span><\/span><\/p>\n<\/td>\n<\/tr>\n<\/tbody>\n<\/table>\n<p>&nbsp;<\/p>\n<p>&nbsp;<\/p>\n<p>&nbsp;<\/p>\n<p><span style=\"color: #0000ff;\">I NUMERI DI AZIENDA ZERO ALLE 17 POSITIVI DAL 21 FEBBRAIO\u00a010631\u00a0 \u00a0(+249)\u00a0 \u00a0ATTUALMENTE POSITIVI\u00a04587 (+153)\u00a0DECEDUTI DAL 21 FEBBRAIO\u00a0298\u00a0\u00a0(+10)\u00a0 \u00a0NEGATIVIZZATI\u00a05746\u00a0 (+137)\u00a0<\/span><\/p>\n<blockquote>\n<h3>POSITIVI IN CRESCITA A TAIBON AGORDINO<\/h3>\n<\/blockquote>\n<p>Oggi: 73 positivi e 41 isolati, il 23 novembre 23 positivi 13 isolamenti, lo scorso 7 novembre 17 positivi 7 i contatti stretti in sorveglianza attiva<\/p>\n<blockquote>\n<h3><\/h3>\n<h3>NUOVI INCARICHI IN ULSS DOLOMITI<\/h3>\n<\/blockquote>\n<p><strong>BELLUNO\u00a0<\/strong> <span style=\"color: #000000;\"><span style=\"font-size: medium;\">Per la Chirurgia di Agordo \u00e8 stato nominato responsabile Antonio Riccardo Da Rold,\u00a0<\/span><\/span><span style=\"color: #000000;\"><span style=\"font-size: medium;\">Per la Fisica sanitaria \u00e8 stata nominata Francesca Pietrobon.<\/span><\/span><\/p>\n<p>&nbsp;<\/p>\n<blockquote>\n<h3>RECUPERO VACCINAZIONI, DOMENICA 20 DICEMBRE<\/h3>\n<\/blockquote>\n<p><strong>BELLUNO<\/strong> Domenica 20 dicembre dalle 8.30 alle 13.30 ci saranno due sedute per la somministrazione di vaccino antinfluenzale aggiuntive, ad accesso libero, a Belluno e a Feltre, per dare l\u2019opportunit\u00e0 alle persone con oltre 65 anni che non si sono ancora vaccinate di farlo a Belluno &#8211; Ospedale San Martino, a Feltre &#8211; Loc. Peschiera area ex Marangoni. Gli utenti sono invitati a presentarsi in auto per eseguire la vaccinazione attraverso il finestrino abbassato. L&#8217;evento potrebbe essere ripetuto, a seguito di ampia risposta, con le stesse modalit\u00e0 organizzative, domenica 27 dicembre per altre categorie a rischio.<\/p>\n<p>&nbsp;<\/p>\n<p>&nbsp;<\/p>\n<p>&nbsp;<\/p>\n<hr \/>\n<blockquote>\n<h2><\/h2>\n<h2>STRAORDINARIO INCENTIVATO, MASCHERINE LUXOTTICA E LA NUOVA APP<\/h2>\n<\/blockquote>\n<p><strong><a href=\"https:\/\/www.radiopiu.net\/wordpress\/giornale-radiopiu-10-dicembre-2020-direttore-mirko-mezzacasa\/5467f6e2-c85e-4842-b57a-26e929037735\/\" rel=\"attachment wp-att-178474\"><img loading=\"lazy\" decoding=\"async\" class=\"size-medium wp-image-178474 alignleft\" src=\"https:\/\/www.radiopiu.net\/wordpress\/wp-content\/uploads\/2020\/12\/5467f6e2-c85e-4842-b57a-26e929037735-300x225.jpg\" alt=\"\" width=\"300\" height=\"225\" srcset=\"https:\/\/www.radiopiu.net\/wordpress\/wp-content\/uploads\/2020\/12\/5467f6e2-c85e-4842-b57a-26e929037735-300x225.jpg 300w, https:\/\/www.radiopiu.net\/wordpress\/wp-content\/uploads\/2020\/12\/5467f6e2-c85e-4842-b57a-26e929037735-768x576.jpg 768w, https:\/\/www.radiopiu.net\/wordpress\/wp-content\/uploads\/2020\/12\/5467f6e2-c85e-4842-b57a-26e929037735.jpg 1024w\" sizes=\"auto, (max-width: 300px) 100vw, 300px\" \/><\/a>AGORDO<\/strong> Una slitta di\u00a0 Natale carica di novit\u00e0 per i dipendenti Luxottica. Le RSU nelle ultime ore hanno comunicato che lo straordinario incentivato del reparto finitura previsto per sabato 12 dicembre \u00e8 stato spostato al fine settimana successivo, 19 dicembre. Novit\u00e0 anche per l&#8217;area iniettato, un sabato incentivato prima delle vacanze di Natale. Le date previste: 13 dicembre (anticipo turno notte dalle 23.15 alle 5.15 ed il 19 dicembre per i turnisti mattina dalle 6.45 alle 12.45. Sar\u00e0 una giornata di straordinario incentivato solo a patto che venga raggiunta una pre-adesione del 65%; diversamente, date le necessit\u00e0 produttive, tale giornata sar\u00e0 trasformata in flessibilit\u00e0 positiva meno remunerativa economicamente.<\/p>\n<p><strong>Le Mascherina Luxottica.<\/strong> A partire dal 14 dicembre verranno distribuite al Chek point le mascherine chirurgiche prodotte &#8220;in casa&#8221; al Palaluxottica, per un periodo si potr\u00e0 scegliere fra le mascherine attualmente in uso\u00a0 (fino ad esaurimento scorte), oppure le mascherine create ad Agordo e prodotte per\u00a0 conto del Governo. Da febbraio potrebbero essere in uso solo mascherine Luxottica.<\/p>\n<p><strong>Tamponi<\/strong> Nelle ultime \u00e8 ripartita la prenotazione dei tamponi per i familiari conviventi, sempre al centro one sight, per due settimane, con la prenotazione sul my personal disk.<\/p>\n<p><strong>Monitoraggio Domiciliare:<\/strong>\u00a0 Il dipendente positivo riceve le istruzioni per\u00a0 dare avvio al servizio, solo se lo desidera. In questo caso sar\u00e0 attivata la scheda individuale con la situazione attuale e poi\u00a0 monitorata nel tempo attraverso l\u2019utilizzo di una pratica app. Il paziente viene dotato di un saturimetro e pu\u00f2 registrare quotidianamente le variazioni dei parametri vitali indicati sull\u2019app stessa. Il servizio \u00e8 attivabile anche in caso di positivit\u00e0 di un familiare, tramite il pagamento di una quota di 5 euro. <strong>Orientamento sanitario<\/strong>: Per avere chiarimenti all\u2019insorgere di dubbi o quesiti relativi al COVID-19, per ottenere un inquadramento clinico e eventualmente essere indirizzati verso il medico di base o lo specialista pi\u00f9 appropriato, \u00e8 sempre possibile contattare il servizio medico di assistenza, attivo 7 giorni su 7, scrivendo un\u2019email a l&#8217;indirizzo che l&#8217;azienda ha comunicato alle maestranze.<\/p>\n<p>&nbsp;<\/p>\n<p>&nbsp;<\/p>\n<hr \/>\n<blockquote>\n<h3><\/h3>\n<h2>ELICOTTERO SOPRA CONTRIN PER SPAZZARE GLI ALBERI DALLA NEVE<\/h2>\n<\/blockquote>\n<blockquote><p><em>L\u2019elicottero Drago 81 del reparto dei vigili del fuoco di Venezia con a bordo il direttore interregionale Loris Munaro, un tecnico dell\u2019Arpav e uno del soccorso alpino, hanno sorvolato tutte le zone dolomitiche a rischio valanga (la zona interessata dalla tempesta Vaia) dopo le abbondanti nevicate dei giorni scorsi per un monitoraggio della situazione. Dal sorvolo non sono emerse criticit\u00e0 per distacchi di valanghe in zone antropizzate.\u00a0<\/em><\/p><\/blockquote>\n<p><iframe loading=\"lazy\" title=\"WhatsApp Video 2020 12 10 at 16 32 26\" width=\"1200\" height=\"675\" src=\"https:\/\/www.youtube.com\/embed\/eSSKr5_nATQ?feature=oembed\" frameborder=\"0\" allow=\"accelerometer; autoplay; clipboard-write; encrypted-media; gyroscope; picture-in-picture\" allowfullscreen><\/iframe><\/p>\n<p><strong>BELLUNO<\/strong>\u00a0 A\u00a0 Contrin di <strong>Livinallongo<\/strong> l\u2019elicottero ha effettuato su richiesta dei tecnici comunali un sorvolo radente sopra gli alberi per far cadere la neve sulla strada che a breve sar\u00e0 riaperta da una fresa.\u00a0 Tra i diversi interventi\u00a0 l\u2019assistenza all\u2019operatore di un escavatore in localit\u00e0 santa <strong>Croce in Alpago,<\/strong> che \u00e8 stato trasportato con un gommone nel lago formatosi all\u2019interno di una cava per recuperare il mezzo d\u2019opera. La scorta tecnica da parte dei vigili volontari di un convoglio di generatori per l\u2019energia elettrica in <strong>Val di Zoldo. <\/strong>Sono 200, nelle ultime 24 ore, gli interventi per il maltempo dei vigili del fuoco di <strong>Belluno<\/strong> per un totale di oltre 750 operazioni dall\u2019inizio dell\u2019emergenza, a fronte di oltre 1000 chiamate di soccorso.<\/p>\n\n\t\t\t<style type='text\/css'>\n\t\t\t\t#gallery-3 {\n\t\t\t\t\tmargin: auto;\n\t\t\t\t}\n\t\t\t\t#gallery-3 .gallery-item {\n\t\t\t\t\tfloat: left;\n\t\t\t\t\tmargin-top: 10px;\n\t\t\t\t\ttext-align: center;\n\t\t\t\t\twidth: 25%;\n\t\t\t\t}\n\t\t\t\t#gallery-3 img {\n\t\t\t\t\tborder: 2px solid #cfcfcf;\n\t\t\t\t}\n\t\t\t\t#gallery-3 .gallery-caption {\n\t\t\t\t\tmargin-left: 0;\n\t\t\t\t}\n\t\t\t\t\/* see gallery_shortcode() in wp-includes\/media.php *\/\n\t\t\t<\/style>\n\t\t<div id='gallery-3' class='dt-gallery-container gallery galleryid-178465 gallery-columns-4 gallery-size-thumbnail'><dl class='gallery-item'>\n\t\t\t\t<dt class='gallery-icon landscape'>\n\t\t\t\t\t<a class=\"rollover rollover-zoom dt-pswp-item\" title=\"4294b874-b732-4717-acb4-951a3e961bba\" data-dt-img-description=\"\" data-large_image_width=\"1600\" data-large_image_height=\"843\"href='https:\/\/www.radiopiu.net\/wordpress\/wp-content\/uploads\/2020\/12\/4294b874-b732-4717-acb4-951a3e961bba.jpg'><img loading=\"lazy\" decoding=\"async\" width=\"150\" height=\"150\" src=\"https:\/\/www.radiopiu.net\/wordpress\/wp-content\/uploads\/2020\/12\/4294b874-b732-4717-acb4-951a3e961bba-150x150.jpg\" class=\"attachment-thumbnail size-thumbnail\" alt=\"\" \/><\/a>\n\t\t\t\t<\/dt><\/dl><dl class='gallery-item'>\n\t\t\t\t<dt class='gallery-icon landscape'>\n\t\t\t\t\t<a class=\"rollover rollover-zoom dt-pswp-item\" title=\"977dcb48-c717-4841-8405-e2e21c961076\" data-dt-img-description=\"\" data-large_image_width=\"1600\" data-large_image_height=\"887\"href='https:\/\/www.radiopiu.net\/wordpress\/wp-content\/uploads\/2020\/12\/977dcb48-c717-4841-8405-e2e21c961076.jpg'><img loading=\"lazy\" decoding=\"async\" width=\"150\" height=\"150\" src=\"https:\/\/www.radiopiu.net\/wordpress\/wp-content\/uploads\/2020\/12\/977dcb48-c717-4841-8405-e2e21c961076-150x150.jpg\" class=\"attachment-thumbnail size-thumbnail\" alt=\"\" \/><\/a>\n\t\t\t\t<\/dt><\/dl><dl class='gallery-item'>\n\t\t\t\t<dt class='gallery-icon landscape'>\n\t\t\t\t\t<a class=\"rollover rollover-zoom dt-pswp-item\" title=\"a89f6871-1301-4ac8-b665-87b07c3fdc35\" data-dt-img-description=\"\" data-large_image_width=\"960\" data-large_image_height=\"672\"href='https:\/\/www.radiopiu.net\/wordpress\/wp-content\/uploads\/2020\/12\/a89f6871-1301-4ac8-b665-87b07c3fdc35.jpg'><img loading=\"lazy\" decoding=\"async\" width=\"150\" height=\"150\" src=\"https:\/\/www.radiopiu.net\/wordpress\/wp-content\/uploads\/2020\/12\/a89f6871-1301-4ac8-b665-87b07c3fdc35-150x150.jpg\" class=\"attachment-thumbnail size-thumbnail\" alt=\"\" \/><\/a>\n\t\t\t\t<\/dt><\/dl><dl class='gallery-item'>\n\t\t\t\t<dt class='gallery-icon landscape'>\n\t\t\t\t\t<a class=\"rollover rollover-zoom dt-pswp-item\" title=\"fd12b989-be4c-4b68-8485-2732696f8bde\" data-dt-img-description=\"\" data-large_image_width=\"1280\" data-large_image_height=\"927\"href='https:\/\/www.radiopiu.net\/wordpress\/wp-content\/uploads\/2020\/12\/fd12b989-be4c-4b68-8485-2732696f8bde.jpg'><img loading=\"lazy\" decoding=\"async\" width=\"150\" height=\"150\" src=\"https:\/\/www.radiopiu.net\/wordpress\/wp-content\/uploads\/2020\/12\/fd12b989-be4c-4b68-8485-2732696f8bde-150x150.jpg\" class=\"attachment-thumbnail size-thumbnail\" alt=\"\" \/><\/a>\n\t\t\t\t<\/dt><\/dl><br style=\"clear: both\" \/>\n\t\t\t<\/div>\n\n<p>&nbsp;<\/p>\n<blockquote>\n<h3><\/h3>\n<\/blockquote>\n<hr \/>\n<h3><\/h3>\n<h3><\/h3>\n<blockquote>\n<h3>CONCLUSO IL MALTEMPO, VIA ALLA GESTIONE POST EMERGENZA<\/h3>\n<\/blockquote>\n<p><strong><img loading=\"lazy\" decoding=\"async\" class=\"alignleft\" src=\"https:\/\/www.radiopiu.net\/wordpress\/wp-content\/uploads\/2020\/12\/896c847e-421d-47da-97fd-c1fd31b23c3e.jpg\" width=\"200\" height=\"150\" \/>BELLUNO<\/strong>\u00a0 L\u2019ondata di maltempo che ha colpito il Bellunese \u00e8 archiviata. Ora si apre il periodo della conta dei danni e delle riparazioni, che vedr\u00e0 impegnata la Provincia nella gestione dei numerosi dissesti provocati dalle piogge torrenziali. Ma anche nel tentativo di costruire dalle fondamenta la prevenzione di ulteriori disagi, soprattutto per quanto riguarda l\u2019isolamento delle localit\u00e0 in quota e i blackout elettrici. Per questo sar\u00e0 avviata una progettazione, in sinergia con la Regione, Veneto Strade, Anas, la Protezione Civile e tutti gli altri soggetti portatori di interesse per arrivare a definire un nuovo quadro di misure definite e dettagliate sul taglio delle piante attorno alle strade e alle linee elettriche. La Provincia punta soprattutto a semplificazioni normative nel campo dell\u2019esbosco e del taglio piante attorno a strade ed elettrodotti.<\/p>\n<blockquote><p><em>\u00abLe fasce di rispetto sono fondamentali &#8211; commenta il consigliere provinciale delegato alla Protezione Civile, Massimo Bortoluzzi -. Dopo Vaia e la grande nevicata dell\u2019inverno 2013-2014, con oltre 80mila utenze elettriche rimaste al buio diversi giorni, molto \u00e8 stato fatto sul fronte della prevenzione, ma evidentemente non abbastanza. Anche nell\u2019ultima ondata di maltempo abbiamo assistito inermi a piante cadute sui cavi Enel e Terna, e alberi in strada che impedivano il lavoro delle frese di Anas e Veneto Strade. La gestione dei soccorsi \u00e8 stata rallentata.\u00a0 Serve un nuovo quadro normativo che consenta a tutti i soggetti interessati di intervenire. Ecco perch\u00e9 abbiamo intenzione di coordinare una cabina di regia che per il territorio bellunese porti a nuove norme di semplificazione. Ci attiveremo con la Regione e cercheremo la sinergia con Enel e Terna, per un protocollo d\u2019intesa che sia funzionale a lavori di esbosco preventivi, utile a prevenire i disagi e i pesanti disservizi visti nei giorni scorsi. Si tratta di una soluzione a breve termine; in ogni caso, le infrastrutture sia viarie sia tecnologiche dovranno essere modificate per far fronte agli eventi estremi, quindi essere pi\u00f9 resilienti\u00bb.<\/em><\/p><\/blockquote>\n<h3>IL CONSIGLIERE PROVINCIALE MASSIMO BORTOLUZZI&#8230;.ALLA RADIO<\/h3>\n<audio class=\"wp-audio-shortcode\" id=\"audio-178465-5\" preload=\"none\" style=\"width: 100%;\" controls=\"controls\"><source type=\"audio\/mpeg\" src=\"https:\/\/www.radiopiu.net\/wordpress\/wp-content\/uploads\/2020\/12\/BORTOLUZZI.mp3?_=5\" \/><a href=\"https:\/\/www.radiopiu.net\/wordpress\/wp-content\/uploads\/2020\/12\/BORTOLUZZI.mp3\">https:\/\/www.radiopiu.net\/wordpress\/wp-content\/uploads\/2020\/12\/BORTOLUZZI.mp3<\/a><\/audio>\n<p>&nbsp;<\/p>\n<blockquote><p>&nbsp;<\/p><\/blockquote>\n<hr \/>\n<blockquote>\n<h3><\/h3>\n<h3>PROTEZIONE CIVILE DI BELLUNO TRA ACQUA E FANGO PER SEI GIORNI<\/h3>\n<\/blockquote>\n<p><strong>di Dino Bridda<\/strong><\/p>\n<p><strong>BELLUNO<\/strong> Il perdurare del maltempo in tutto il territorio provinciale vede costantemente impegnate anche le squadre della Protezione Civile dell\u2019A.N.A. di Belluno che dallo scorso 4 dicembre in poi hanno dovuto aumentare gli interventi giornalieri in forma continuativa su chiamata della Prefettura, dei Centri operativi mobili e dei Centri operativi comunali dei vari Comuni a seconda dell&#8217;evolversi della situazione. I vari interventi consistono nel monitoraggio delle situazioni di rischio idrogeologico, nel supporto alla popolazione per allagamenti di centri abitati e dei fabbricati, nonch\u00e9 per il controllo degli oltre 110 movimenti franosi nel territorio provinciale, delle slavine e delle situazioni di isolamento. Gli interventi operativi veri e propri sono rivolti in primis alla salvaguardia delle persone, come, ad esempio, \u00e8 avvenuto con l&#8217;aiuto all&#8217;evacuazione della Casa di Riposo di Puos d&#8217;Alpago. Inoltre i volontari della Protezione Civile degli alpini bellunesi, coordinati da Ivo Gasperin, hanno prestato la loro opera nell&#8217;aiuto allo sgombero dal fango degli immobili pubblici, delle abitazioni, degli scantinati privati o di locali adibiti ad attivit\u00e0 commerciali ed artigianali. La situazione in Alpago \u00e8 la pi\u00f9 complessa e richiede un grande intervento di manodopera per la pulizia dal fango, sia per recuperare la situazione, sia per permettere di redigere una situazione dei danni e provvedere alle riparazioni ed al ripristino. <em>\u00abLa casistica \u00e8 comunque molto variegata e vasta &#8211; sottolinea il presidente dell\u2019A.N.A. di Belluno Lino de Pra-. Talvolta essa \u00e8 frutto s\u00ec di un meteo dalle conseguenze disastrose, ma in alcuni casi dipende anche da una prevenzione scarsa, comunque sempre in ritardo rispetto alle necessit\u00e0 rilevate o segnalate\u00bb.<\/em><\/p>\n\n\t\t\t<style type='text\/css'>\n\t\t\t\t#gallery-4 {\n\t\t\t\t\tmargin: auto;\n\t\t\t\t}\n\t\t\t\t#gallery-4 .gallery-item {\n\t\t\t\t\tfloat: left;\n\t\t\t\t\tmargin-top: 10px;\n\t\t\t\t\ttext-align: center;\n\t\t\t\t\twidth: 33%;\n\t\t\t\t}\n\t\t\t\t#gallery-4 img {\n\t\t\t\t\tborder: 2px solid #cfcfcf;\n\t\t\t\t}\n\t\t\t\t#gallery-4 .gallery-caption {\n\t\t\t\t\tmargin-left: 0;\n\t\t\t\t}\n\t\t\t\t\/* see gallery_shortcode() in wp-includes\/media.php *\/\n\t\t\t<\/style>\n\t\t<div id='gallery-4' class='dt-gallery-container gallery galleryid-178465 gallery-columns-3 gallery-size-thumbnail'><dl class='gallery-item'>\n\t\t\t\t<dt class='gallery-icon landscape'>\n\t\t\t\t\t<a class=\"rollover rollover-zoom dt-pswp-item\" title=\"protezione civile ana bl 2\" data-dt-img-description=\"\" data-large_image_width=\"960\" data-large_image_height=\"540\"href='https:\/\/www.radiopiu.net\/wordpress\/wp-content\/uploads\/2020\/12\/protezione-civile-ana-bl-2.bmp'><img loading=\"lazy\" decoding=\"async\" width=\"150\" height=\"150\" src=\"https:\/\/www.radiopiu.net\/wordpress\/wp-content\/uploads\/2020\/12\/protezione-civile-ana-bl-2-150x150.jpg\" class=\"attachment-thumbnail size-thumbnail\" alt=\"\" \/><\/a>\n\t\t\t\t<\/dt><\/dl><dl class='gallery-item'>\n\t\t\t\t<dt class='gallery-icon landscape'>\n\t\t\t\t\t<a class=\"rollover rollover-zoom dt-pswp-item\" title=\"protezione civile ana bl 3\" data-dt-img-description=\"\" data-large_image_width=\"960\" data-large_image_height=\"540\"href='https:\/\/www.radiopiu.net\/wordpress\/wp-content\/uploads\/2020\/12\/protezione-civile-ana-bl-3.bmp'><img loading=\"lazy\" decoding=\"async\" width=\"150\" height=\"150\" src=\"https:\/\/www.radiopiu.net\/wordpress\/wp-content\/uploads\/2020\/12\/protezione-civile-ana-bl-3-150x150.jpg\" class=\"attachment-thumbnail size-thumbnail\" alt=\"\" \/><\/a>\n\t\t\t\t<\/dt><\/dl><dl class='gallery-item'>\n\t\t\t\t<dt class='gallery-icon landscape'>\n\t\t\t\t\t<a class=\"rollover rollover-zoom dt-pswp-item\" title=\"protezione civile ana bl 1\" data-dt-img-description=\"\" data-large_image_width=\"960\" data-large_image_height=\"540\"href='https:\/\/www.radiopiu.net\/wordpress\/wp-content\/uploads\/2020\/12\/protezione-civile-ana-bl-1.bmp'><img loading=\"lazy\" decoding=\"async\" width=\"150\" height=\"150\" src=\"https:\/\/www.radiopiu.net\/wordpress\/wp-content\/uploads\/2020\/12\/protezione-civile-ana-bl-1-150x150.jpg\" class=\"attachment-thumbnail size-thumbnail\" alt=\"\" \/><\/a>\n\t\t\t\t<\/dt><\/dl><br style=\"clear: both\" \/>\n\t\t\t<\/div>\n\n<p>&nbsp;<\/p>\n<blockquote><p>&nbsp;<\/p>\n<p>&nbsp;<\/p>\n<p>&nbsp;<\/p><\/blockquote>\n<hr \/>\n<h3><\/h3>\n<blockquote>\n<h2>STRADE: COPERTA CORTA, DIAMO I NUMERI<\/h2>\n<\/blockquote>\n<p><strong><a href=\"https:\/\/www.radiopiu.net\/wordpress\/giornale-radio-piu-23-05-direttore-mirko-mezzacasa\/cgil\/\" rel=\"attachment wp-att-19876\"><img loading=\"lazy\" decoding=\"async\" class=\" wp-image-19876 alignleft\" src=\"https:\/\/www.radiopiu.net\/wordpress\/wp-content\/uploads\/2016\/05\/cgil.png\" alt=\"\" width=\"136\" height=\"162\" \/><\/a>BELLUNO<\/strong> La Filt Cgil Belluno<span style=\"font-family: Times New Roman, serif;\"><span style=\"font-size: medium;\"><span lang=\"\"> denuncia la mancanza di un progetto complessivo sulla viabilit\u00e0 in Provincia. Dal 2014 il Governo ha, di fatto, azzerato i trasferimenti alle Province per la rete viaria, ma le strade sono rimaste e la manutenzione va comunque garantita. A dicembre di ogni anno Veneto Strade chiede a Regione e Provincia garanzie per poter continuare a svolgere il servizio. A dicembre di ogni anno inizia un\u2019affannosa ricerca delle risorse per non compromettere la viabilit\u00e0 territoriale. Nel frattempo i dipendenti di Veneto Strade, quelli bravi, quelli qualificati, quelli delle emergenze, continuano a calare: grazie agli anticipi pensionistici previsti per le lavorazioni gravose in molti riescono ad uscire. A fronte di numerose cessazioni per\u00f2 non troviamo pari numero di assunzioni: negli ultimi 2 anni si sono avute una quindicina di assunzioni in strada, troppe poche anche solo per dare una risposta ai pensionamenti. Troppe poche per i quasi 900 km da manutentare, troppe poche per garantire l\u2019effettiva sostenibilit\u00e0 delle squadre (basta un piano ferie o una banale influenza stagionale a portare le squadre sotto i minimi necessari). <\/span><\/span><\/span><\/p>\n<blockquote>\n<p align=\"JUSTIFY\"><em><span style=\"font-family: Times New Roman, serif;\"><span style=\"font-size: medium;\"><span lang=\"\">&#8220;Serve un piano straordinario per la viabilit\u00e0: servono assunzioni strutturali in un progetto a lungo termine, servono mezzi e una riorganizzazione effettiva delle attivit\u00e0 su strada. Serve reinternalizzare una buona parte di attivit\u00e0 oggi necessariamente lasciata agli appalti. Ma ancora prima serve ripristinare quelle risorse che il Governo centrale, nel corso degli anni, ha tagliato in maniera lineare, squarciando il territorio. Questa ennesima emergenza ci ha fatto pensare con ancora pi\u00f9 forza all\u2019importanza della sussidiariet\u00e0, al ruolo fondamentale della Provincia, Provincia che qualcuno avrebbe voluto relegare a vuoto ente di seconda istanza. Ma perch\u00e9 la Provincia possa esercitare le proprie funzioni non ci servono i miracoli dell\u2019ultimo secondo inseriti in qualche comma della finanziaria: servono risorse strutturali, serve programmazione e serve restituire al nostro bellissimo territorio la luce che merita&#8221;.<\/span><\/span><\/span><\/em><\/p>\n<\/blockquote>\n<p>&nbsp;<\/p>\n<p>&nbsp;<\/p>\n<hr \/>\n<p>&nbsp;<\/p>\n<blockquote>\n<h3>INCOMPRENSIBILI DECISIONI MONTAGNA CHIUSA A NATALE, SPIAGGE APERTE A FERRAGOSTO<\/h3>\n<\/blockquote>\n<div dir=\"auto\"><strong><a href=\"https:\/\/www.radiopiu.net\/wordpress\/concluso-il-maltempo-via-alla-gestione-post-emergenza\/130971305_217738623202111_2294927765166090932_n\/\" rel=\"attachment wp-att-178615\"><img loading=\"lazy\" decoding=\"async\" class=\"size-medium wp-image-178615 alignleft\" src=\"https:\/\/www.radiopiu.net\/wordpress\/wp-content\/uploads\/2020\/12\/130971305_217738623202111_2294927765166090932_n-300x225.jpg\" alt=\"\" width=\"300\" height=\"225\" srcset=\"https:\/\/www.radiopiu.net\/wordpress\/wp-content\/uploads\/2020\/12\/130971305_217738623202111_2294927765166090932_n-300x225.jpg 300w, https:\/\/www.radiopiu.net\/wordpress\/wp-content\/uploads\/2020\/12\/130971305_217738623202111_2294927765166090932_n.jpg 600w\" sizes=\"auto, (max-width: 300px) 100vw, 300px\" \/><\/a>AURONZO<\/strong> Il sindaco di Auronzo ha criticato le ultime decisioni di un Governo che incomprensibilmente ha usato un metro diverso nel chiudere la montagna a Natale lasciando invece libero accesso per tutta l&#8217;estate alle spiagge. Per il sindaco sembra tra l&#8217;altro una beffa: mai cos\u00ec tanta neve a dicembre con gli impianti chiusi. Chi sta peggio sono i tanti operatori del settore sciistico che quest\u2019anno non potranno aprire gli impianti.<\/div>\n<div dir=\"auto\"><em>&#8220;A un territorio sempre pi\u00f9 fragile &#8211; dice Tatiana Pais Becher-\u00a0 ancor di pi\u00f9 dopo Vaia, ai blackout, il rischio valanghe, il dissesto idrogeologico, le strade chiuse alla circolazione, si aggiunge ora il danno economico degli impianti chiusi per le festivit\u00e0 natalizie. Una decisione che avr\u00e0 conseguenze pesantissime per le societ\u00e0 che gestiscono gli impianti, i loro dipendenti, padri di famiglia lasciati a casa, i maestri di sci, i rifugisti e tutte le categorie del settore. Mi piacerebbe tanto proporre a coloro che legiferano per la montagna, senza averla mai veramente vissuta, di venire a vivere per un periodo a Misurina, a Danta o a Lorenzago. Sono consapevole dell\u2019emergenza sanitaria in corso e sono la prima a pensare \u2018prima la salute\u2019, ma dobbiamo essere messi nelle condizioni di poter rimanere a vivere in sicurezza tra queste valli e poter trarre il sostentamento necessario di cui far vivere i nostri figli&#8221;.<\/em><\/div>\n<div dir=\"auto\"><strong>Foto di Giuseppe Pais Becher<\/strong><\/div>\n<p>&nbsp;<\/p>\n<p>&nbsp;<\/p>\n<hr \/>\n<h3><\/h3>\n<p>&nbsp;<\/p>\n<blockquote>\n<h2>36 MILIONI DI EURO PER LA RIPRESA DAL FONDO AREE SVANTAGGIATE<\/h2>\n<\/blockquote>\n<p>&nbsp;<\/p>\n<p><strong>ROMA\u00a0<\/strong> E&#8217; stato firmato\u00a0 il decreto di Bando per le aree svantaggiate relativo alle annualit\u00e0 2018, 2019 e 2020 per l&#8217;importo di oltre 36 milioni di euro. Al \u201cFondo per le aree svantaggiate di confine\u201d possono accedere\u00a0 anche i\u00a0 27 Comuni veneti confinanti con il Friuli Venezia Giulia, ci sono 21 milioni di euro. Gli interventi, anche se finalizzati alla realizzazione di servizi, devono prevedere la destinazione di almeno il 50 per cento alla realizzazione di infrastrutture. Le domande di finanziamento devono essere trasmessa entro 90 giorni dalla data di pubblicazione del decreto. <em>\u00abSono risorse importanti per gli enti locali, gran parte dei quali nel 2020 ha subito un drastico calo di entrate a causa del Covid-19\u00bb, afferma il deputato veneto Roger De Menech. \u00abOra i Comuni hanno la possibilit\u00e0 di programmare progetti di sviluppo innovativi in campo economico e sociale, come pure sulle infrastrutture (strade, reti energetiche, ecc.), e relativi a edifici pubblici quali scuole, edifici, impianti sportivi\u00bb.\u00a0 <\/em>Dodici i Comuni bellunesi interessati con l&#8217;invito del Deputato De Menech ai sindaci di creare una cabina di regia provinciale per le decisioni su progetti sovracomunali: Alpago,\u00a0 Chies d\u2019Alpago,\u00a0 Domegge di Cadore,\u00a0 Longarone,\u00a0 Ospitale di Cadore, Perarolo di Cadore, Pieve di Cadore,\u00a0 Santo Stefano di Cadore, Soverzene, Tambre e Vigo di Cadore.<\/p>\n<p><strong>IL DEPUTATO ROGER DE MENECH<\/strong><\/p>\n<p><iframe loading=\"lazy\" title=\"ROGER\" width=\"1200\" height=\"675\" src=\"https:\/\/www.youtube.com\/embed\/ugrGGqoA3lA?feature=oembed\" frameborder=\"0\" allow=\"accelerometer; autoplay; clipboard-write; encrypted-media; gyroscope; picture-in-picture\" allowfullscreen><\/iframe><\/p>\n<p>&nbsp;<\/p>\n<p>&nbsp;<\/p>\n<p>&nbsp;<\/p>\n<p>&nbsp;<\/p>\n<hr \/>\n<blockquote>\n<h3><\/h3>\n<h3>BANDA ULTRALARGA. SERVIZI ATTIVI IN 92 COMUNI VENETI, 37 COLLAUDATI NEL 2020<\/h3>\n<\/blockquote>\n<p><strong><a href=\"https:\/\/www.radiopiu.net\/wordpress\/giornale-radiopiu-27-aprile-2020-direttore-mirko-mezzacasa\/fibra-ottica\/\" rel=\"attachment wp-att-133161\"><img loading=\"lazy\" decoding=\"async\" class=\"size-medium wp-image-133161 alignleft\" src=\"https:\/\/www.radiopiu.net\/wordpress\/wp-content\/uploads\/2020\/04\/fibra-ottica-300x200.jpg\" alt=\"\" width=\"300\" height=\"200\" srcset=\"https:\/\/www.radiopiu.net\/wordpress\/wp-content\/uploads\/2020\/04\/fibra-ottica-300x200.jpg 300w, https:\/\/www.radiopiu.net\/wordpress\/wp-content\/uploads\/2020\/04\/fibra-ottica-1024x683.jpg 1024w, https:\/\/www.radiopiu.net\/wordpress\/wp-content\/uploads\/2020\/04\/fibra-ottica-768x512.jpg 768w, https:\/\/www.radiopiu.net\/wordpress\/wp-content\/uploads\/2020\/04\/fibra-ottica-1536x1024.jpg 1536w, https:\/\/www.radiopiu.net\/wordpress\/wp-content\/uploads\/2020\/04\/fibra-ottica.jpg 1920w\" sizes=\"auto, (max-width: 300px) 100vw, 300px\" \/><\/a>VENEZIA\u00a0<\/strong>\u201c<em>A suon di lettere, solleciti e diffide inviate personalmente a tutti i livelli governativi, registriamo una timida accelerazione sulla realizzazione della rete di banda ultra larga, ma ci aspettiamo che il piano si chiuda al pi\u00f9 presto con un forte e significativo scatto in avanti. Ricordo a tutti che siamo ben lontano dagli obiettivi: la scadenza sarebbe stata la fine del 2020 per tutti i Comuni del Veneto, quindi non c\u2019\u00e8 da gioire troppo<\/em>\u201d. Cos\u00ec l\u2019assessore regionale allo sviluppo economico Roberto Marcato commenta i dati sullo stato di avanzamento del piano regionale per l\u2019estensione della banda ultra larga che risulta in larghissimo ritardo rispetto alla conclusione prevista dal piano nazionale. La struttura tecnica regionale comunica che, ad oggi, i Comuni collaudati positivamente risultano essere 37. Tuttavia, grazie alla deroga concessa da Infratel, il Concessionario ha potuto attivare il servizio anche nei Comuni in cui non \u00e8 stato fatto il collaudo. Pertanto, a novembre 2020 risultano esserci complessivamente 92 Comuni con servizi di connettivit\u00e0 attivi e siamo alle soglie di circa 100.000 unit\u00e0 immobiliari vendibili da parte di Open Fiber.\u00a0 Infine, sono 7 i Comuni collaudati in provincia di Belluno (Alano di Piave, Canale d\u2019Agordo, Lentiai, Rivamonte Agordino, San Gregorio nelle Alpi, Seren del Grappa, Vallada Agordina).<\/p>\n<p>&nbsp;<\/p>\n<p>&nbsp;<\/p>\n<p>&nbsp;<\/p>\n<hr \/>\n<p>&nbsp;<\/p>\n<blockquote>\n<h3>VALPE AMBIENTE CONSEGNA GLI ECOCALENDARI 2021<\/h3>\n<\/blockquote>\n<p><strong><a href=\"https:\/\/www.radiopiu.net\/wordpress\/maltempo-possibili-problemi-alla-raccolta-dei-rifiuti-e-chiusura-di-sportelli-ed-ecocentri-al-pomeriggio\/logo-valpe-verticale\/\" rel=\"attachment wp-att-65542\"><img loading=\"lazy\" decoding=\"async\" class=\"size-medium wp-image-65542 alignleft\" src=\"https:\/\/www.radiopiu.net\/wordpress\/wp-content\/uploads\/2018\/10\/logo-valpe-verticale-300x298.jpg\" alt=\"\" width=\"300\" height=\"298\" srcset=\"https:\/\/www.radiopiu.net\/wordpress\/wp-content\/uploads\/2018\/10\/logo-valpe-verticale-300x298.jpg 300w, https:\/\/www.radiopiu.net\/wordpress\/wp-content\/uploads\/2018\/10\/logo-valpe-verticale-150x150.jpg 150w, https:\/\/www.radiopiu.net\/wordpress\/wp-content\/uploads\/2018\/10\/logo-valpe-verticale.jpg 370w\" sizes=\"auto, (max-width: 300px) 100vw, 300px\" \/><\/a>SEDICO<\/strong>\u00a0 In questi giorni presso tutte le abitazioni sono in consegna i nuovi calendari per l\u2019anno 2021 con le nuove cadenze. Il calendario \u00e8 gi\u00e0 disponibile on linenel sito www.valpeambiente.it.\u00a0 Nei periodi di alta stagione (gennaio,\u00a0 agosto e seconda met\u00e0 di dicembre), nelle zone fuori centro urbano \u00e8 previsto un incremento delle frequenze di raccolta dell\u2019umido (da una a due volte alla settimana) e del vetro plastica lattine (da quindicinale a settimanale). Per garantire una corretta consegna dei nuovi calendari, civico e cassetta postale devono essere ben visibili e sulla cassetta postale deve essere indicato il nominativo dell\u2019intestatario del contratto per il servizio di gestione dei rifiuti. I nuovi utenti, che hanno attivato il contratto da novembre, possono richiedere la consegna allo 0437 1835690 (solo per le utenze del Comune di Sedico) oppure i numeri 0437 640462 \/ 0437 643621 (per le utenze dell\u2019Unione Montana Agordina) oppure dal 4 gennaio a info@valpeambiente.it. In occasione delle prossime festivit\u00e0 natalizie, in alcuni Comuni le raccolte subiscono delle variazioni rispetto alle consuete cadenze chiaramente indicati nell&#8217;ecocalendario 2020.<\/p>\n<p>&nbsp;<\/p>\n<p>&nbsp;<\/p>\n<p>&nbsp;<\/p>\n<p>&nbsp;<\/p>\n<hr \/>\n<p>&nbsp;<\/p>\n<blockquote>\n<h2>SPOSTAMENTO TRA COMUNI QUANDO IL DIALOGO FAVORISCE LE SOLUZIONI.<\/h2>\n<\/blockquote>\n<p><strong><img loading=\"lazy\" decoding=\"async\" class=\"alignleft\" src=\"https:\/\/www.radiopiu.net\/wordpress\/wp-content\/uploads\/2020\/11\/logoUNCEM_no_scritta-wdtr-300x300.jpg\" width=\"151\" height=\"151\" \/>ROMA<\/strong> Marco Bussone presidente dell&#8217;Uncem \u00e8 convinto che sugli spostamenti a Natale, Santo Stefano e Capodanno tra piccoli Comuni, il dialogo possa portare a soluzioni nelle prossime ore. Per dare risposte alle comunit\u00e0, in particolare delle aree montane. Uncem ha sollecitato un intervento per agevolare chi vive nei piccoli centri, diversi dalle grandi citt\u00e0, per gli spostamenti, con massimo buonsenso, anche nelle aree alpine e appenniniche. L&#8217;impegno congiunto dei gruppi politici in Parlamento, con il Governo, con le Associazioni degli Enti locali e delle Regioni, d\u00e0 risultati. &#8220;Cos\u00ec pu\u00f2 essere per gli spostamenti e la mobilit\u00e0 in una stessa valle &#8211; dice Bussone &#8211;\u00a0 ma cos\u00ec deve essere anche per il Piano nazionale Ripresa e Resilienza e per la legge di bilancio. Dialogo, oltre ogni ideologia ed egoismo personalistico. Dialogo prima di tutto, di tutti&#8221;.<\/p>\n<p>&nbsp;<\/p>\n<hr \/>\n<p>&nbsp;<\/p>\n<p>&nbsp;<\/p>\n<blockquote class=\"wp-embedded-content\" data-secret=\"ZJ2PP63Y0i\"><p><a href=\"https:\/\/www.radiopiu.net\/wordpress\/agg-dic10\/\">CORONAVIRUS: AGGIORNAMENTO NAZIONALE 10 DICEMBRE<\/a><\/p><\/blockquote>\n<p><iframe loading=\"lazy\" class=\"wp-embedded-content\" sandbox=\"allow-scripts\" security=\"restricted\" style=\"position: absolute; clip: rect(1px, 1px, 1px, 1px);\" title=\"&#8220;CORONAVIRUS: AGGIORNAMENTO NAZIONALE 10 DICEMBRE&#8221; &#8212; Radio Pi\u00f9\" src=\"https:\/\/www.radiopiu.net\/wordpress\/agg-dic10\/embed\/#?secret=ZJ2PP63Y0i\" data-secret=\"ZJ2PP63Y0i\" width=\"600\" height=\"338\" frameborder=\"0\" marginwidth=\"0\" marginheight=\"0\" scrolling=\"no\"><\/iframe><\/p>\n<blockquote class=\"wp-embedded-content\" data-secret=\"YrXOQb0rWt\"><p><a href=\"https:\/\/www.radiopiu.net\/wordpress\/10dic\/\">MAI COSI&#8217; TANTI: 151 DECESSI IN 24 ORE, 3904 POSITIVI,358 PAZIENTI IN TERAPIA INTENSIVA<\/a><\/p><\/blockquote>\n<p><iframe loading=\"lazy\" class=\"wp-embedded-content\" sandbox=\"allow-scripts\" security=\"restricted\" style=\"position: absolute; clip: rect(1px, 1px, 1px, 1px);\" title=\"&#8220;MAI COSI&#8217; TANTI: 151 DECESSI IN 24 ORE, 3904 POSITIVI,358 PAZIENTI IN TERAPIA INTENSIVA&#8221; &#8212; Radio Pi\u00f9\" src=\"https:\/\/www.radiopiu.net\/wordpress\/10dic\/embed\/#?secret=YrXOQb0rWt\" data-secret=\"YrXOQb0rWt\" width=\"600\" height=\"338\" frameborder=\"0\" marginwidth=\"0\" marginheight=\"0\" scrolling=\"no\"><\/iframe><\/p>\n<h3><\/h3>\n<h3>I GRAFICI DI TIZIANO DE COL<\/h3>\n\n\t\t\t<style type='text\/css'>\n\t\t\t\t#gallery-5 {\n\t\t\t\t\tmargin: auto;\n\t\t\t\t}\n\t\t\t\t#gallery-5 .gallery-item {\n\t\t\t\t\tfloat: left;\n\t\t\t\t\tmargin-top: 10px;\n\t\t\t\t\ttext-align: center;\n\t\t\t\t\twidth: 33%;\n\t\t\t\t}\n\t\t\t\t#gallery-5 img {\n\t\t\t\t\tborder: 2px solid #cfcfcf;\n\t\t\t\t}\n\t\t\t\t#gallery-5 .gallery-caption {\n\t\t\t\t\tmargin-left: 0;\n\t\t\t\t}\n\t\t\t\t\/* see gallery_shortcode() in wp-includes\/media.php *\/\n\t\t\t<\/style>\n\t\t<div id='gallery-5' class='dt-gallery-container gallery galleryid-178465 gallery-columns-3 gallery-size-thumbnail'><dl class='gallery-item'>\n\t\t\t\t<dt class='gallery-icon landscape'>\n\t\t\t\t\t<a class=\"rollover rollover-zoom dt-pswp-item\" title=\"c1c598cc-14cd-40eb-919d-2dfe6e3e2e75\" data-dt-img-description=\"\" data-large_image_width=\"592\" data-large_image_height=\"354\"href='https:\/\/www.radiopiu.net\/wordpress\/wp-content\/uploads\/2020\/12\/c1c598cc-14cd-40eb-919d-2dfe6e3e2e75.jpg'><img loading=\"lazy\" decoding=\"async\" width=\"150\" height=\"150\" src=\"https:\/\/www.radiopiu.net\/wordpress\/wp-content\/uploads\/2020\/12\/c1c598cc-14cd-40eb-919d-2dfe6e3e2e75-150x150.jpg\" class=\"attachment-thumbnail size-thumbnail\" alt=\"\" \/><\/a>\n\t\t\t\t<\/dt><\/dl><dl class='gallery-item'>\n\t\t\t\t<dt class='gallery-icon landscape'>\n\t\t\t\t\t<a class=\"rollover rollover-zoom dt-pswp-item\" title=\"77ced808-6c76-427f-9c4b-5d1725d7b0e4\" data-dt-img-description=\"\" data-large_image_width=\"596\" data-large_image_height=\"356\"href='https:\/\/www.radiopiu.net\/wordpress\/wp-content\/uploads\/2020\/12\/77ced808-6c76-427f-9c4b-5d1725d7b0e4.jpg'><img loading=\"lazy\" decoding=\"async\" width=\"150\" height=\"150\" src=\"https:\/\/www.radiopiu.net\/wordpress\/wp-content\/uploads\/2020\/12\/77ced808-6c76-427f-9c4b-5d1725d7b0e4-150x150.jpg\" class=\"attachment-thumbnail size-thumbnail\" alt=\"\" \/><\/a>\n\t\t\t\t<\/dt><\/dl><dl class='gallery-item'>\n\t\t\t\t<dt class='gallery-icon landscape'>\n\t\t\t\t\t<a class=\"rollover rollover-zoom dt-pswp-item\" title=\"700ad944-1318-44ab-a028-c6efa013c8b0\" data-dt-img-description=\"\" data-large_image_width=\"598\" data-large_image_height=\"353\"href='https:\/\/www.radiopiu.net\/wordpress\/wp-content\/uploads\/2020\/12\/700ad944-1318-44ab-a028-c6efa013c8b0.jpg'><img loading=\"lazy\" decoding=\"async\" width=\"150\" height=\"150\" src=\"https:\/\/www.radiopiu.net\/wordpress\/wp-content\/uploads\/2020\/12\/700ad944-1318-44ab-a028-c6efa013c8b0-150x150.jpg\" class=\"attachment-thumbnail size-thumbnail\" alt=\"\" \/><\/a>\n\t\t\t\t<\/dt><\/dl><br style=\"clear: both\" \/>\n\t\t\t<\/div>\n\n<p>&nbsp;<\/p>\n<p>&nbsp;<\/p>\n<p>&nbsp;<\/p>\n<hr \/>\n<p>&nbsp;<\/p>\n<blockquote>\n<h2>IMPENNATA DI DECESSI: 151 MORTI IN 24 ORE, da VENEZIA PARLA LUCA ZAIA Nuova ordinanza da venerdi dalle 11 consumazioni solo da seduti<\/h2>\n<\/blockquote>\n<p><span style=\"color: #ff0000;\"><strong>PERCENTUALE\u00a0 DEI POSITIVI SUL TOTALE DEI TAMPONI\u00a0 7,27%<\/strong><\/span><\/p>\n<blockquote>\n<h2>LEGGI LA CONFERENZA STAMPA DI LUCA ZAIA<\/h2>\n<p><em>Timida flessione delle curve,\u00a0 l&#8217;Rt del Veneto si sta abbassando ma gli assembramenti fanno la differenza. Se vogliamo bene alle persone andiamo a trovarle con la mascherina e non \u00e8 un atto di violenza. Sacrifichiamoci per Natale e al prossimo giro faremo festa doppia. Questa \u00e8 una pandemia globale diversamente dalla peste di Venezia del 1630 che aveva fatto 80mila morti. <span style=\"color: #0000ff;\">LA NUOVA ORDINANZA<\/span>:\u00a0 da venerdi alla mezzanotte al Bar dalle 11 alle 18 solo seduti, non \u00e8 pi\u00f9 permessa la consumazione in piedi. Per gli over 65 orario consigliato per la spesa in supermercato dalle 10 alle 12.\u00a0<\/em><\/p><\/blockquote>\n<p><strong>CURVE\u00a0 E VACCINI<\/strong> Siamo cresciuti lentamente rispetto alle altre regioni \u00a0ma fino a che non arriviamo in estate non ne usciremo,\u00a0 avremo 3 blocchi: gennaio-marzo, sanitari ed rsa e categorie super a rischio, marzo-giugno sulla popolazione meno a rischio, giugno-settembre dove si dovrebbe chiudere la vaccinazione di tutti i veneti. I vaccini dovranno essere autorizzati ed \u00e8 bene ricordare ai veneti che il Pfizer sar\u00e0 disponibile probabilmente dal 29 dicembre gli altri dal 12 gennaio. C&#8217;\u00e8 una parte del mondo che sta vaccinando come la Cina, i paesi Latino Americani, l&#8217;Africa o gli Emirati Arabi. Se riuscissimo a vaccinare tutti i cittadini volontari entro settembre, allora metteremmo in sicurezza anche chi non si pu\u00f2 vaccinare per particolari patologie<span style=\"color: #ff0000;\">. <span style=\"color: #000000;\">Il virus \u00e8 stato portato dagli aerei. A novembre lo avevamo gi\u00e0,\u00a0 non a gennaio quindi stanno cadendo tutte le teorie degli esperti. Il caso del bambino di Milano \u00e8 la prova provata.<\/span><\/span><\/p>\n<p><span style=\"color: #ff0000;\"><strong>ORDINANZA da venerdi alle mezzanotte a scadenza del DPCM<\/strong><\/span> Sostanzialmente \u00e8 un atto dovuto e riprende i principi dell&#8217;uso della mascherina e assembramenti.\u00a0 Una persona fino a 40 metri quadrati nei negozi oltre ai dipendenti, sopra i 40 metri quadri 1 cliente ogni 20 metri quadrati. Mercati: cercare ove possibile perimetrarli, dove non \u00e8 possibile lo facciano gli ambulanti con paletti e nastro biancorosso per tenere le distanze, creare i varchi e anche a tutela dell&#8217;operatore che non si trovi un muro davanti. <strong>Dalle 11 nei Bar non si consuma pi\u00f9 in piedi solo seduti. Nei supermercati modificati gli orari per gli over 65 dalle 10 alle 12.\u00a0<\/strong>Ristorazione non cambia nulla cos\u00ec come le regole per i Medici di Medicina Generale e i Pediatri.<br \/>\n<strong>OSPEDALE DI PADOVA<\/strong> Stiamo andando avanti con la gara per la progettazione, oltre 481 milioni di lavori. Durata prevista progettazione 150 giorni. Progetto definitivo 120 giorni. In totale 48 mesi per arrivare al pronti e via.<\/p>\n<h2>DOMANDE<\/h2>\n<p><strong>COME VALUTA L&#8217;IMPENNATA DI DECESSI DA 90 (500 A LIVELLO NAZIONALE) OGGI 148 (IERI LA LOMBARDIA 69)<\/strong> Purtroppo la coda dell&#8217;epidemia \u00e8 l&#8217;aumento della mortalit\u00e0. Noi abbiamo un et\u00e0 media superiore agli 80 anni, c&#8217;\u00e8 stato il mancato distanziamento sociale. Molti sono pazienti di RSA. Se fossimo tutti chiusi in casa le cose cambierebbero. Dobbiamo investire in attenzione e distanziamento sociale. Non vorrei si pensasse che il tema sia sempre un problema degli altri.<\/p>\n<p><strong>VACCINO<\/strong> Ipotizzeremo una sorta di passaporto per chi si vacciner\u00e0. Presenter\u00f2 la proposta anche al Governo. E&#8217; anche un fatto etico. Dovremmo ipotizzare una certificazione internazionale per indicare chi si \u00e8 vaccinato e chi no.<\/p>\n<p><strong>NATALE E CAPODANNO OLTRE COMUNE<\/strong> Ad oggi apertura zero ma questa mattina \u00e8 arrivata una lettera struggente per i disabili ricoverati in istituti che non sono nello stesso Comune dei genitori. Ho chiesto all&#8217;avvocato di mettere in piedi delle FAQ per alcuni ricongiungimenti familiari.<\/p>\n<p><strong>OGNI GIORNO IN VENETO SEGNI PIU&#8217; RISPETTO AD ALTRE REGIONI PENTITI DI ESSERE RIMASTI IN GIALLO? <\/strong>La zona gialla il Veneto ce l&#8217;ha per i suoi indicatori, non \u00e8 una colpa gestire bene il contact tracing. La curva da noi \u00e8 cresciuta gradualmente rispetto a Lombardia e Piemonte che hanno iniziato 15-20 giorni prima. Ho l&#8217;impressione che la virata sar\u00e0 graduale e molto pi\u00f9 lenta perch\u00e9 non abbiamo avuto nessuna restrizione. Avessimo fatto un lockdown totale come a marzo le curve punterebbero decisamente verso il basso. Democraticamente i cittadini non la vogliono la chiusura totale anche se qualcuno la chiede, ma non lamentiamoci se siamo rimasti in giallo. La verit\u00e0 \u00e8 che \u00e8 cambiato lo spirito rispetto a marzo quando l&#8217;ignoto ci faceva paura, basta guardare cosa c&#8217;era domenica ad Asiago. Per fortuna arriva al\u00a0 vaccino, gestire sta cosa per un altro anno sarebbe un disastro con un calo della guardia pauroso basta vedere cosa \u00e8 successo in otto mesi, oggi si pensa che il virus sia un problema degli ospedali e non della comunit\u00e0.<\/p>\n<p><strong>QUANTI TAMPONI GIORNALMENTE DAI MEDICI DI BASE?<\/strong> 88 mila nell&#8217;arco di un mese, dal 12 novembre. Ha aderito oltre la met\u00e0 dei medici di base.<\/p>\n<p><strong>TRATTATIVA FARMACISTI E VETERINARI?<\/strong> Stiamo lavorando con i farmacisti e per chiudere la partita con i medici che stiamo finanziando ma non possiamo andare oltre, \u00e8 stata fatta una media di 30 tamponi per medico e i costi ricadono sul bilancio regionale.<\/p>\n<p><strong>QUALCHE RESTRIZIONE ULTERIORE PER RIDURRE I CONTAGI? LO ESCLUDE?<\/strong> La zona gialla \u00e8 attribuita da precisi parametri. Ulteriori restrizioni sono la chiusura dei confini comunali oppure il lockdown.<\/p>\n<p><strong>CANTIERI POST VAIA\u00a0 <\/strong>Stiamo movimentando una mole di legname da Rocca Pietore a Reggio Calabria, abbiamo 1300 cantieri attivi, oltre un centinaio per costruire i paravalanghe, ci mettono in crisi perch\u00e9 abbiamo evitato di spostare gli alberi per fare da paravalanghe, a primavera i cantieri saranno poderosi 1 miliardo di euro in tre annualit\u00e0, spesi un 70%.<\/p>\n<p>&nbsp;<\/p>\n<p><a href=\"https:\/\/www.facebook.com\/zaiaufficiale\/videos\/154385936024462\">https:\/\/www.facebook.com\/zaiaufficiale\/videos\/154385936024462<\/a><\/p>\n<p>&nbsp;<\/p>\n<p>&nbsp;<\/p>\n<p>__________________________________________________________________________________________________<\/p>\n<div class=\"kvgmc6g5 cxmmr5t8 oygrvhab hcukyx3x c1et5uql ii04i59q\">\n<blockquote>\n<h2 dir=\"auto\"><\/h2>\n<h2 dir=\"auto\">CONSEGNATI AI PREFETTI I PIANI PER IL TRASPORTO PUBBLICO LOCALE IN VISTA DELLA RIAPERTURA DELLE SCUOLE<\/h2>\n<\/blockquote>\n<div dir=\"auto\"><\/div>\n<\/div>\n<div class=\"o9v6fnle cxmmr5t8 oygrvhab hcukyx3x c1et5uql ii04i59q\">\n<div dir=\"auto\"><a href=\"https:\/\/www.radiopiu.net\/wordpress\/la-conferenza-stampa-di-luca-zaia-emergenza-covid-19\/131048450_1655865891281986_8105342993659905846_o\/\" rel=\"attachment wp-att-178541\"><img loading=\"lazy\" decoding=\"async\" class=\" wp-image-178541 alignleft\" src=\"https:\/\/www.radiopiu.net\/wordpress\/wp-content\/uploads\/2020\/12\/131048450_1655865891281986_8105342993659905846_o-300x225.jpg\" alt=\"\" width=\"251\" height=\"188\" srcset=\"https:\/\/www.radiopiu.net\/wordpress\/wp-content\/uploads\/2020\/12\/131048450_1655865891281986_8105342993659905846_o-300x225.jpg 300w, https:\/\/www.radiopiu.net\/wordpress\/wp-content\/uploads\/2020\/12\/131048450_1655865891281986_8105342993659905846_o-768x576.jpg 768w, https:\/\/www.radiopiu.net\/wordpress\/wp-content\/uploads\/2020\/12\/131048450_1655865891281986_8105342993659905846_o.jpg 1000w\" sizes=\"auto, (max-width: 251px) 100vw, 251px\" \/><\/a>In vista del rientro in classe del 7 gennaio 2021, abbiamo programmato per tempo le azioni da attuare, per garantire sicurezza ai nostri studenti. Dai tavoli di coordinamento provinciali \u00e8 emersa la necessit\u00e0, per consentire il rientro a scuola del 75% dei ragazzi (160.000 su 213.000 in tutto il Veneto) e un utilizzo non superiore al 50% della capienza dei mezzi, di almeno , dei quali 771 messi a disposizione dai privati che per\u00f2 potranno trasportare solo 25 persone alla volta. Abbiamo indicato in 227 il numero delle nuove assunzioni di personale \u2018antiassembramento\u2019 nelle aree pi\u00f9 critiche, come ad esempio le stazioni e le fermate. Abbiamo quantificato in oltre 31 milioni di euro la spesa complessiva derivante dal potenziamento dei servizi nel Veneto, della quale dovr\u00e0 farsi carico lo Stato, non disponendo le Regioni delle necessarie risorse. Questa cifra deriva dalla moltiplicazione per cinque mesi, vale a dire il periodo residuo dell\u2019anno scolastico da gennaio a maggio 2021, del costo dei mezzi, che \u00e8 di circa 5,8 milioni di euro al mese, e del costo dei nuovi assunti, che ammonta a oltre 480.000 euro al mese.<\/div>\n<\/div>\n<div dir=\"auto\"><\/div>\n<p>&nbsp;<\/p>\n<p>&nbsp;<\/p>\n<hr \/>\n<blockquote>\n<h3><\/h3>\n<p>&nbsp;<\/p>\n<h2>SBLOCCO DEGLI SFRATTI E SI TOCCHERA&#8217; CON MANO IL DRAMMA DELLA DISPERAZIONE<\/h2>\n<\/blockquote>\n<p><strong><img loading=\"lazy\" decoding=\"async\" class=\"alignleft\" src=\"https:\/\/www.radiopiu.net\/wordpress\/wp-content\/uploads\/2020\/12\/woman-3478437_960_720.jpg\" width=\"295\" height=\"196\" \/>VENEZIA<\/strong> Centinaia di famiglie in Veneto corrono il rischio nei primi mesi del 2021 di perdere la casa, al termine del blocco degli sfratti che termina con la fine dell\u2019anno. Moltissime di queste gi\u00e0 non riescono pi\u00f9 a pagare le utenze a causa del Covid-19. Tra i nuovi morosi anche numerose giovani coppie travolte dalla crisi economica generata dalla pandemia. \u00c8 quanto emerge dai dati raccolti\u00a0 dai Sindacati degli inquilini che hanno chiesto un incontro anche alla Regione Veneto per monitorare la situazione e per chiedere che vengano messe a disposizione alloggi, anche temporanei, per queste emergenze abitative, senza dividere le famiglie e nel frattempo rendere usufruibili tutti quegli alloggi dell\u2019Ater attualmente sfitti perch\u00e9 bisognosi di restauri. I contributi una tantum che la Regione Veneto ha messo a disposizione sono poca cosa rispetto alle reali necessit\u00e0, aggravate dall\u2019imperversare della Pandemia. Mesi senza reddito o con redditi gi\u00e0 scarsi falcidiati dalla cassa integrazione hanno\u00a0 &#8220;reso incapaci le famiglie di affrontare la principale voce di costo. <strong>La proposta sindacale:<\/strong> la costituzione di un fondo di garanzia finanziato da Regione, Enti Locali e dagli inquilini attraverso il loro deposito cauzionale che devono versare al momento della sottoscrizione del contratto di locazione. Questo Fondo avrebbe il compito di garantire ai proprietari, il pagamento del canone in caso di morosit\u00e0 incolpevole da parte dell\u2019inquilino. I comuni inoltre dovrebbero aumentare le aliquote IMU per gli alloggi sfitti e dall\u2019altro ridurre le stesse aliquote per chi concede il in locazione immobili a canone concordato.<\/p>\n<p>&nbsp;<\/p>\n<p>&nbsp;<\/p>\n<hr \/>\n<blockquote>\n<h3><\/h3>\n<h3>\u201cINVESTIRE NEL FUTURO. LA SOSTENIBILIT\u00c0 AMBIENTALE\u201d. NUOVO WEBINAR DI CONFARTIGIANATO BELLUNO<\/h3>\n<\/blockquote>\n<p><strong><a href=\"https:\/\/www.radiopiu.net\/wordpress\/giornale-radiopiu-15-02-2017-direttore-mirko-mezzacasa\/confartigianato-imprese-belluno\/\" rel=\"attachment wp-att-28523\"><img loading=\"lazy\" decoding=\"async\" class=\"size-full wp-image-28523 alignleft\" src=\"https:\/\/www.radiopiu.net\/wordpress\/wp-content\/uploads\/2017\/02\/confartigianato-imprese-belluno.jpg\" alt=\"\" width=\"170\" height=\"79\" \/><\/a>BELLUNO<\/strong> Fari puntati sulla sostenibilit\u00e0 ambientale: per Confartigianato Belluno, una necessit\u00e0 impellente, ma anche una grande occasione di lavoro. Per parlarne e sviscerare il tema, l\u2019associazione ha organizzato un webinar, in programma oggi alle 17, dal titolo \u201cInvestire nel futuro. La sostenibilit\u00e0 ambientale\u201d.\u00a0Al webinar interverranno l\u2019assessore all\u2019ambiente della Regione Veneto Gianpaolo Bottacin, e Monica Carlin, dell\u2019ufficio ambiente di Confartigianato Belluno. Con loro anche Susanna Sieff, direttore sostenibilit\u00e0 della Fondazione Cortina 2021. \u00ab<em>Con l\u2019assessore Bottacin, parleremo della gestione ambientale del Veneto, tra prospettive, criticit\u00e0 e opportunit\u00e0 &#8211; spiega il direttore di Confartigianato Belluno, Michele Basso -. Mentre la dottoressa Sieff ragioner\u00e0 dei progetti sostenibili per i grandi eventi. Per la nostra associazione, affrontare questi temi \u00e8 di particolare importanza. E non lo \u00e8 adesso, di fronte agli eventi climatici che ci hanno colpiti, ma da sempre. Perch\u00e9 crediamo che il mondo artigiano sia una sentinella insostituibile per la salvaguardia del territorio<\/em>\u00bb.<\/p>\n<p>&nbsp;<\/p>\n<p>&nbsp;<\/p>\n<hr \/>\n<p>&nbsp;<\/p>\n<blockquote>\n<h3>RIUSCITO IL PROGETTO DI ASSOCIAZIONE MARGHERITA FENICE<\/h3>\n<\/blockquote>\n<p><strong><a href=\"https:\/\/www.radiopiu.net\/wordpress\/aiutare-le-adolescenti-ad-accettare-il-proprio-corpo-riuscito-il-progetto-di-associazione-margherita-fenice\/ass-margherita-un-momento-del-progetto\/\" rel=\"attachment wp-att-178521\"><img loading=\"lazy\" decoding=\"async\" class=\" wp-image-178521 alignleft\" src=\"https:\/\/www.radiopiu.net\/wordpress\/wp-content\/uploads\/2020\/12\/ass.-margherita-un-momento-del-progetto-300x166.jpg\" alt=\"\" width=\"161\" height=\"89\" srcset=\"https:\/\/www.radiopiu.net\/wordpress\/wp-content\/uploads\/2020\/12\/ass.-margherita-un-momento-del-progetto-300x166.jpg 300w, https:\/\/www.radiopiu.net\/wordpress\/wp-content\/uploads\/2020\/12\/ass.-margherita-un-momento-del-progetto-1024x568.jpg 1024w, https:\/\/www.radiopiu.net\/wordpress\/wp-content\/uploads\/2020\/12\/ass.-margherita-un-momento-del-progetto-768x426.jpg 768w, https:\/\/www.radiopiu.net\/wordpress\/wp-content\/uploads\/2020\/12\/ass.-margherita-un-momento-del-progetto-1536x852.jpg 1536w, https:\/\/www.radiopiu.net\/wordpress\/wp-content\/uploads\/2020\/12\/ass.-margherita-un-momento-del-progetto.jpg 2000w\" sizes=\"auto, (max-width: 161px) 100vw, 161px\" \/><\/a>BELLUNO<\/strong> Anche quest&#8217;anno la Scuola di estetica del Centro Consorzi di Sedico ha rinnovato la preziosa collaborazione con l&#8217;associazione Margherita Fenice di Belluno. Le allieve di due classi della scuola sono state coinvolte nel &#8220;Progetto corpo &#8211; la cura di s\u00e9&#8221; articolato in quattro incontri di due ore ciascuno e condotto da una psicologa-psicoterapeuta\u00a0 dell&#8217;associazione. Il corso \u00e8 interamente a carico dell&#8217;associazione e gratuito cos\u00ec come quello rivolto agli insegnanti, gi\u00e0 svolto nei due anni precedenti a Sedico e Feltre.<\/p>\n<p>&nbsp;<\/p>\n<p>&nbsp;<\/p>\n<hr \/>\n<p>&nbsp;<\/p>\n<p>&nbsp;<\/p>\n<blockquote>\n<h2>SCI STRETTI: OGGI A FALCADE APERTURA DI STAGIONE<\/h2>\n<\/blockquote>\n<p><strong><img loading=\"lazy\" decoding=\"async\" class=\"alignleft\" src=\"https:\/\/www.radiopiu.net\/wordpress\/wp-content\/uploads\/2019\/11\/Campionati-regionali-fondo-Falcade-Inseguimento-Sabato-26.01.2019-Ti-Comunicazione-24-1536x1024.jpg\" width=\"158\" height=\"105\" \/>FALCADE<\/strong> Le ultime novit\u00e0 dall&#8217;innevata Piana di Falcade, con il Presidente dello Sci Club Val Biois, Matteo Cagnati<\/p>\n<p>audio<\/p>\n<audio class=\"wp-audio-shortcode\" id=\"audio-178465-6\" preload=\"none\" style=\"width: 100%;\" controls=\"controls\"><source type=\"audio\/mpeg\" src=\"https:\/\/www.radiopiu.net\/wordpress\/wp-content\/uploads\/2020\/10\/matteo-cagnati-apertura.mp3?_=6\" \/><a href=\"https:\/\/www.radiopiu.net\/wordpress\/wp-content\/uploads\/2020\/10\/matteo-cagnati-apertura.mp3\">https:\/\/www.radiopiu.net\/wordpress\/wp-content\/uploads\/2020\/10\/matteo-cagnati-apertura.mp3<\/a><\/audio>\n<p>&nbsp;<\/p>\n<p>&nbsp;<\/p>\n<hr \/>\n<blockquote>\n<h3><\/h3>\n<h3>OGGI CONSIGLIO COMUNALE A FALCADE<\/h3>\n<\/blockquote>\n<p><strong>FALCADE<\/strong> Il sindaco Michele Costa ha convocato in videconferenza il consiglio comunale per oggi alle 18.30. Un unico punto all\u2019ordine del giorno: Acquisto immobile in via degli Artigiani da adibire a sede delle associazioni di volontariato di primo soccorso operanti sul territorio comunale<\/p>\n<p>&nbsp;<\/p>\n<p>&nbsp;<\/p>\n<hr \/>\n<p>&nbsp;<\/p>\n<blockquote>\n<h3>FELTRE CELEBRA I 700 ANNI DALLA MORTE DI DANTE ALIGHIERI<\/h3>\n<\/blockquote>\n<p><strong><a href=\"https:\/\/www.radiopiu.net\/wordpress\/giornale-radiopiu-10-dicembre-2020-direttore-mirko-mezzacasa\/b3ddfe20-c04d-4e3f-b208-b8683b8222d2\/\" rel=\"attachment wp-att-178395\"><img loading=\"lazy\" decoding=\"async\" class=\" wp-image-178395 alignleft\" src=\"https:\/\/www.radiopiu.net\/wordpress\/wp-content\/uploads\/2020\/12\/b3ddfe20-c04d-4e3f-b208-b8683b8222d2-300x169.jpg\" alt=\"\" width=\"209\" height=\"118\" srcset=\"https:\/\/www.radiopiu.net\/wordpress\/wp-content\/uploads\/2020\/12\/b3ddfe20-c04d-4e3f-b208-b8683b8222d2-300x169.jpg 300w, https:\/\/www.radiopiu.net\/wordpress\/wp-content\/uploads\/2020\/12\/b3ddfe20-c04d-4e3f-b208-b8683b8222d2-1024x576.jpg 1024w, https:\/\/www.radiopiu.net\/wordpress\/wp-content\/uploads\/2020\/12\/b3ddfe20-c04d-4e3f-b208-b8683b8222d2-768x432.jpg 768w, https:\/\/www.radiopiu.net\/wordpress\/wp-content\/uploads\/2020\/12\/b3ddfe20-c04d-4e3f-b208-b8683b8222d2-1536x864.jpg 1536w, https:\/\/www.radiopiu.net\/wordpress\/wp-content\/uploads\/2020\/12\/b3ddfe20-c04d-4e3f-b208-b8683b8222d2.jpg 2048w\" sizes=\"auto, (max-width: 209px) 100vw, 209px\" \/><\/a>FELTRE<\/strong> Incontri culturali con illustri storici e letterati, l&#8217;esposizione di un importante codice dantesco del 1350 ora custodito presso la Biblioteca Lolliniana di Belluno, ma anche \u201cescursioni\u201d nel mondo dell&#8217;architettura e del cinema, fino alla pi\u00f9 moderne esperienze musicali, addirittura del mondo rap. Il programma che il Comune di Feltre per celebrare i 700 anni dalla morte di Dante. .<\/p>\n<h3>DI MORENO GIOLI<\/h3>\n<audio class=\"wp-audio-shortcode\" id=\"audio-178465-7\" preload=\"none\" style=\"width: 100%;\" controls=\"controls\"><source type=\"audio\/mpeg\" src=\"https:\/\/www.radiopiu.net\/wordpress\/wp-content\/uploads\/2020\/12\/MORENO-DANTE.mp3?_=7\" \/><a href=\"https:\/\/www.radiopiu.net\/wordpress\/wp-content\/uploads\/2020\/12\/MORENO-DANTE.mp3\">https:\/\/www.radiopiu.net\/wordpress\/wp-content\/uploads\/2020\/12\/MORENO-DANTE.mp3<\/a><\/audio>\n<p>&nbsp;<\/p>\n<p>&nbsp;<\/p>\n<hr \/>\n<p>&nbsp;<\/p>\n<p>&nbsp;<\/p>\n<p>&nbsp;<\/p>\n<blockquote>\n<h2><a href=\"https:\/\/www.radiopiu.net\/wordpress\/fondo-welfare-provinciale-una-bella-realta\/101518a1welfare\/\" rel=\"attachment wp-att-75659\"><img loading=\"lazy\" decoding=\"async\" class=\"size-medium wp-image-75659 alignleft\" src=\"https:\/\/www.radiopiu.net\/wordpress\/wp-content\/uploads\/2019\/02\/101518A1WELFARE-300x169.jpg\" alt=\"\" width=\"300\" height=\"169\" srcset=\"https:\/\/www.radiopiu.net\/wordpress\/wp-content\/uploads\/2019\/02\/101518A1WELFARE-300x169.jpg 300w, https:\/\/www.radiopiu.net\/wordpress\/wp-content\/uploads\/2019\/02\/101518A1WELFARE-768x432.jpg 768w, https:\/\/www.radiopiu.net\/wordpress\/wp-content\/uploads\/2019\/02\/101518A1WELFARE-1024x576.jpg 1024w, https:\/\/www.radiopiu.net\/wordpress\/wp-content\/uploads\/2019\/02\/101518A1WELFARE.jpg 1920w\" sizes=\"auto, (max-width: 300px) 100vw, 300px\" \/><\/a><\/h2>\n<h2><\/h2>\n<h2>UN BANDO PER IL SOSTEGNO DEGLI SPETTACOLI DAL VIVO<\/h2>\n<\/blockquote>\n<p><strong>BELLUNO<\/strong><\/p>\n<p><strong>DI MORENO GIOLI<\/strong><\/p>\n<p>&nbsp;<\/p>\n<audio class=\"wp-audio-shortcode\" id=\"audio-178465-8\" preload=\"none\" style=\"width: 100%;\" controls=\"controls\"><source type=\"audio\/mpeg\" src=\"https:\/\/www.radiopiu.net\/wordpress\/wp-content\/uploads\/2020\/12\/MORENO-WELFARE.mp3?_=8\" \/><a href=\"https:\/\/www.radiopiu.net\/wordpress\/wp-content\/uploads\/2020\/12\/MORENO-WELFARE.mp3\">https:\/\/www.radiopiu.net\/wordpress\/wp-content\/uploads\/2020\/12\/MORENO-WELFARE.mp3<\/a><\/audio>\n<p>&nbsp;<\/p>\n<p>&nbsp;<\/p>\n<p>&nbsp;<\/p>\n<hr \/>\n<p>&nbsp;<\/p>\n<div>\n<div>\n<div>\n<blockquote>\n<h3>AD AGORDO PROLOCO METTE L&#8217;INVERNO DI VETRINA<\/h3>\n<\/blockquote>\n<p><strong>AGORDO<\/strong> La Proloco di Agordo \u00e8 artefice di una nuova iniziativa. La raccolta delle fotografie dell&#8217;inverno nella Conca Agordina (2020-21), da esporre nell&#8217;ufficio di via 27 Aprile. Troveranno spazio in vetrina o nei locali dell&#8217;ufficio su supporto cartaceo o video fino al termine dell&#8217;inverno, la proloco pensa anche ad una pubblicazione sui social. <em>&#8220;Abbiamo approfittato di questo periodo in cui non possiamo esporre i soliti numerosissimi manifesti di eventi ed iniziative &#8211; spiega la proloco &#8211;\u00a0 per promuovere le bellezze della Conca Agordina&#8221;. <\/em>Chi vorr\u00e0 partecipare potr\u00e0 compilare il modulo ed inviare al massimo 2 foto.<\/p>\n<\/div>\n<\/div>\n<\/div>\n<p>&nbsp;<\/p>\n<hr \/>\n<p>&nbsp;<\/p>\n<blockquote>\n<h2>IL RITORNO DELLA PIGOTTA IN PIAZZA LIBERTA&#8217;<\/h2>\n<p><em><strong>Venite a trovarla e&#8230; adottatela<\/strong><\/em><\/p><\/blockquote>\n<p><strong>AGORDO<\/strong> La Pigotta, la bambola dell\u2019UNICEF, torna all\u2019attenzione del buon cuore degli agordini.\u00a0 Unica, diversa da tutte le altre, ogni anno salva la vita a migliaia di bambini, grazie alle adozioni che garantiscono un percorso di vaccinazioni nel terzo mondo, per garantire salute e futuro. Mercoled\u00ec 16 e 23 Dicembre la Pigotta sar\u00e0 proposta nel tradizionale incontro annuale in Piazza della Libert\u00e0\u00a0 dalle 9 alle 12.30.<\/p>\n<p>&nbsp;<\/p>\n<div>\n<div>\n<div>\n<hr \/>\n<\/div>\n<p>&nbsp;<\/p>\n<blockquote>\n<h3>NATALE COVID A BELLUNO TRA LUMINARIE SENZA BACI E ABBRACCI<\/h3>\n<\/blockquote>\n<p><strong>BELLUNO<\/strong>\u00a0 Tempo di luminarie lungo le vie del centro degli alberi di Natale in Piazza Duomo e Piazza delle Erbe, senza cerimonie pubbliche di accensione. Niente assembramenti ma per coinvolgere i bellunesi il Comune ha pensato ad internet con l&#8217;iniziativa del Calendario dell&#8217;avvento online di Belluno Kids, che ha preso il via lo scorso 1 dicembre. Intanto l&#8217;attenzione va anche alla ripartenza e alla promozione turistica, come dimostra anche il periodico \u201cBorghi e citt\u00e0\u201d realizzato dall&#8217;Associazione I borghi pi\u00f9 belli d&#8217;Italia che ha dedicato proprio a Belluno la foto di copertina.<\/p>\n<\/div>\n<\/div>\n\n\t\t\t<style type='text\/css'>\n\t\t\t\t#gallery-6 {\n\t\t\t\t\tmargin: auto;\n\t\t\t\t}\n\t\t\t\t#gallery-6 .gallery-item {\n\t\t\t\t\tfloat: left;\n\t\t\t\t\tmargin-top: 10px;\n\t\t\t\t\ttext-align: center;\n\t\t\t\t\twidth: 50%;\n\t\t\t\t}\n\t\t\t\t#gallery-6 img {\n\t\t\t\t\tborder: 2px solid #cfcfcf;\n\t\t\t\t}\n\t\t\t\t#gallery-6 .gallery-caption {\n\t\t\t\t\tmargin-left: 0;\n\t\t\t\t}\n\t\t\t\t\/* see gallery_shortcode() in wp-includes\/media.php *\/\n\t\t\t<\/style>\n\t\t<div id='gallery-6' class='dt-gallery-container gallery galleryid-178465 gallery-columns-2 gallery-size-medium'><dl class='gallery-item'>\n\t\t\t\t<dt class='gallery-icon landscape'>\n\t\t\t\t\t<a class=\"rollover rollover-zoom dt-pswp-item\" title=\"55121241-c874-43e6-883d-7349ba94b60e\" data-dt-img-description=\"\" data-large_image_width=\"1600\" data-large_image_height=\"1200\"href='https:\/\/www.radiopiu.net\/wordpress\/wp-content\/uploads\/2020\/12\/55121241-c874-43e6-883d-7349ba94b60e.jpg'><img loading=\"lazy\" decoding=\"async\" width=\"300\" height=\"225\" src=\"https:\/\/www.radiopiu.net\/wordpress\/wp-content\/uploads\/2020\/12\/55121241-c874-43e6-883d-7349ba94b60e-300x225.jpg\" class=\"attachment-medium size-medium\" alt=\"\" srcset=\"https:\/\/www.radiopiu.net\/wordpress\/wp-content\/uploads\/2020\/12\/55121241-c874-43e6-883d-7349ba94b60e-300x225.jpg 300w, https:\/\/www.radiopiu.net\/wordpress\/wp-content\/uploads\/2020\/12\/55121241-c874-43e6-883d-7349ba94b60e-1024x768.jpg 1024w, https:\/\/www.radiopiu.net\/wordpress\/wp-content\/uploads\/2020\/12\/55121241-c874-43e6-883d-7349ba94b60e-768x576.jpg 768w, https:\/\/www.radiopiu.net\/wordpress\/wp-content\/uploads\/2020\/12\/55121241-c874-43e6-883d-7349ba94b60e-1536x1152.jpg 1536w, https:\/\/www.radiopiu.net\/wordpress\/wp-content\/uploads\/2020\/12\/55121241-c874-43e6-883d-7349ba94b60e.jpg 1600w\" sizes=\"auto, (max-width: 300px) 100vw, 300px\" \/><\/a>\n\t\t\t\t<\/dt><\/dl><dl class='gallery-item'>\n\t\t\t\t<dt class='gallery-icon portrait'>\n\t\t\t\t\t<a class=\"rollover rollover-zoom dt-pswp-item\" title=\"bee311e0-b25d-4ee7-a89e-8d1ade7f3d6f\" data-dt-img-description=\"\" data-large_image_width=\"1200\" data-large_image_height=\"1600\"href='https:\/\/www.radiopiu.net\/wordpress\/wp-content\/uploads\/2020\/12\/bee311e0-b25d-4ee7-a89e-8d1ade7f3d6f.jpg'><img loading=\"lazy\" decoding=\"async\" width=\"225\" height=\"300\" src=\"https:\/\/www.radiopiu.net\/wordpress\/wp-content\/uploads\/2020\/12\/bee311e0-b25d-4ee7-a89e-8d1ade7f3d6f-225x300.jpg\" class=\"attachment-medium size-medium\" alt=\"\" srcset=\"https:\/\/www.radiopiu.net\/wordpress\/wp-content\/uploads\/2020\/12\/bee311e0-b25d-4ee7-a89e-8d1ade7f3d6f-225x300.jpg 225w, https:\/\/www.radiopiu.net\/wordpress\/wp-content\/uploads\/2020\/12\/bee311e0-b25d-4ee7-a89e-8d1ade7f3d6f-768x1024.jpg 768w, https:\/\/www.radiopiu.net\/wordpress\/wp-content\/uploads\/2020\/12\/bee311e0-b25d-4ee7-a89e-8d1ade7f3d6f-1152x1536.jpg 1152w, https:\/\/www.radiopiu.net\/wordpress\/wp-content\/uploads\/2020\/12\/bee311e0-b25d-4ee7-a89e-8d1ade7f3d6f.jpg 1200w\" sizes=\"auto, (max-width: 225px) 100vw, 225px\" \/><\/a>\n\t\t\t\t<\/dt><\/dl><br style=\"clear: both\" \/>\n\t\t\t<\/div>\n\n<p>&nbsp;<\/p>\n<p>&nbsp;<\/p>\n<p>&nbsp;<\/p>\n<hr \/>\n<p>&nbsp;<\/p>\n<blockquote>\n<h2>PROGETTO ALPS 2030, PRIMO CONFRONTO TRA I PARTECIPANTI<\/h2>\n<\/blockquote>\n<p><em>per accompagnare la pausa caff\u00e8 ogni citt\u00e0 ha spedito alle altre alcuni prodotti tipici: da Belluno sono partiti bustine di infusi di erbe alpine e miele delle Dolomiti, mentre dal Liechtenstein sono arrivate cioccolata e arachidi.<\/em><\/p>\n<p><strong>BELLUNO<\/strong> On line il\u00a0 primo confronto tra tutti i partecipanti del progetto \u201cAlps 2030\u201d, promosso dalla Commissione internazionale per la protezione delle Alpi (CIPRA) e finanziato dall\u2019 Unione Europea. A rappresentare il Comune di Belluno tre giovani studentesse selezionate poche settimane fa: Alice Nicolini, Matilde Ciafarone e Mariachiara Roldo. Le ragazze, stanno lavorando alla promozione delle linee guida per gli \u201ceventi green\u201d che il Comune approver\u00e0 entro fine anno e hanno realizzato una breve clip video in inglese per spiegare cosa \u00e8 e quali sono le caratteristiche di un evento ecosostenibile. Il confronto con gli altri ragazzi \u00e8 stato coinvolgente: \u00abCerto, dispiace di non poter essere andate a Nizza come previsto e non poter essersi trovati in presenza, \u2013 commentano Alice, Matilde e Mariachiara \u2013 ma \u00e8 stata comunque un&#8217;esperienza nuova e interessante. Gli altri studenti sembrano simpatici e non vediamo l&#8217;ora di poterli conoscere di persona, magari gi\u00e0 nel prossimo meeting (programmato per l\u2019estate 2021 a Planken in Liechtenstein, situazione Covid permettendo)&#8221;.<\/p>\n\n\t\t\t<style type='text\/css'>\n\t\t\t\t#gallery-7 {\n\t\t\t\t\tmargin: auto;\n\t\t\t\t}\n\t\t\t\t#gallery-7 .gallery-item {\n\t\t\t\t\tfloat: left;\n\t\t\t\t\tmargin-top: 10px;\n\t\t\t\t\ttext-align: center;\n\t\t\t\t\twidth: 25%;\n\t\t\t\t}\n\t\t\t\t#gallery-7 img {\n\t\t\t\t\tborder: 2px solid #cfcfcf;\n\t\t\t\t}\n\t\t\t\t#gallery-7 .gallery-caption {\n\t\t\t\t\tmargin-left: 0;\n\t\t\t\t}\n\t\t\t\t\/* see gallery_shortcode() in wp-includes\/media.php *\/\n\t\t\t<\/style>\n\t\t<div id='gallery-7' class='dt-gallery-container gallery galleryid-178465 gallery-columns-4 gallery-size-thumbnail'><dl class='gallery-item'>\n\t\t\t\t<dt class='gallery-icon landscape'>\n\t\t\t\t\t<a class=\"rollover rollover-zoom dt-pswp-item\" title=\"Meeting Alps 2030 09-12-2020 (1)\" data-dt-img-description=\"\" data-large_image_width=\"2048\" data-large_image_height=\"1536\"href='https:\/\/www.radiopiu.net\/wordpress\/wp-content\/uploads\/2020\/12\/Meeting-Alps-2030-09-12-2020-1.jpeg'><img loading=\"lazy\" decoding=\"async\" width=\"150\" height=\"150\" src=\"https:\/\/www.radiopiu.net\/wordpress\/wp-content\/uploads\/2020\/12\/Meeting-Alps-2030-09-12-2020-1-150x150.jpeg\" class=\"attachment-thumbnail size-thumbnail\" alt=\"\" \/><\/a>\n\t\t\t\t<\/dt><\/dl><dl class='gallery-item'>\n\t\t\t\t<dt class='gallery-icon landscape'>\n\t\t\t\t\t<a class=\"rollover rollover-zoom dt-pswp-item\" title=\"Meeting Alps 2030 09-12-2020 (2)\" data-dt-img-description=\"\" data-large_image_width=\"1600\" data-large_image_height=\"857\"href='https:\/\/www.radiopiu.net\/wordpress\/wp-content\/uploads\/2020\/12\/Meeting-Alps-2030-09-12-2020-2.jpeg'><img loading=\"lazy\" decoding=\"async\" width=\"150\" height=\"150\" src=\"https:\/\/www.radiopiu.net\/wordpress\/wp-content\/uploads\/2020\/12\/Meeting-Alps-2030-09-12-2020-2-150x150.jpeg\" class=\"attachment-thumbnail size-thumbnail\" alt=\"\" \/><\/a>\n\t\t\t\t<\/dt><\/dl><dl class='gallery-item'>\n\t\t\t\t<dt class='gallery-icon landscape'>\n\t\t\t\t\t<a class=\"rollover rollover-zoom dt-pswp-item\" title=\"Meeting Alps 2030 09-12-2020 (3)\" data-dt-img-description=\"\" data-large_image_width=\"1600\" data-large_image_height=\"1200\"href='https:\/\/www.radiopiu.net\/wordpress\/wp-content\/uploads\/2020\/12\/Meeting-Alps-2030-09-12-2020-3.jpeg'><img loading=\"lazy\" decoding=\"async\" width=\"150\" height=\"150\" src=\"https:\/\/www.radiopiu.net\/wordpress\/wp-content\/uploads\/2020\/12\/Meeting-Alps-2030-09-12-2020-3-150x150.jpeg\" class=\"attachment-thumbnail size-thumbnail\" alt=\"\" \/><\/a>\n\t\t\t\t<\/dt><\/dl><dl class='gallery-item'>\n\t\t\t\t<dt class='gallery-icon landscape'>\n\t\t\t\t\t<a class=\"rollover rollover-zoom dt-pswp-item\" title=\"Meeting Alps 2030 09-12-2020 (4)\" data-dt-img-description=\"\" data-large_image_width=\"2048\" data-large_image_height=\"1536\"href='https:\/\/www.radiopiu.net\/wordpress\/wp-content\/uploads\/2020\/12\/Meeting-Alps-2030-09-12-2020-4.jpeg'><img loading=\"lazy\" decoding=\"async\" width=\"150\" height=\"150\" src=\"https:\/\/www.radiopiu.net\/wordpress\/wp-content\/uploads\/2020\/12\/Meeting-Alps-2030-09-12-2020-4-150x150.jpeg\" class=\"attachment-thumbnail size-thumbnail\" alt=\"\" \/><\/a>\n\t\t\t\t<\/dt><\/dl><br style=\"clear: both\" \/>\n\t\t\t<\/div>\n\n<p>&nbsp;<\/p>\n<p>&nbsp;<\/p>\n<p>&nbsp;<\/p>\n<p>&nbsp;<\/p>\n<div>\n<div>\n<div>\n<hr \/>\n<\/div>\n<\/div>\n<\/div>\n<p>&nbsp;<\/p>\n<blockquote>\n<h3>LA SCUOLA EQUIPE FALCADE ORGANIZZA ESCURSIONI GUIDATE<\/h3>\n<\/blockquote>\n<p><strong>FALCADE\u00a0<\/strong>Per la stagione invernale 2020\/21, la scuola Equipe Falcade organizza delle escursioni con le ciaspe dedicate ai bambini. 4 le escursioni in programma per gruppi di massimo 4 bambini che si possono prenotare al 334 9151617. Necessario l&#8217;abbigliamento da sci, zainetto e la mascherina. A tutti coloro che partecipano all&#8217;iniziativa uno scaldacollo in omaggio.<\/p>\n<p>&nbsp;<\/p>\n<hr \/>\n<p>&nbsp;<\/p>\n<blockquote>\n<h2>NEVE DI QUA&#8230; NEVE DI LA&#8217;&#8230; EPPURE DA QUALCHE PARTE SONO SCESO&#8230;<\/h2>\n<\/blockquote>\n<p><strong>ROCCA PIETORE<\/strong> Capita transitando per le strade dell&#8217;Agordino, capita a Digonera scendendo da Arabba. Ovviamente il selvatico ha trovato presto la via del bosco lasciando l&#8217;asfalto a Michele Zamengo che ringraziamo per gli scatti.<\/p>\n\n\t\t\t<style type='text\/css'>\n\t\t\t\t#gallery-8 {\n\t\t\t\t\tmargin: auto;\n\t\t\t\t}\n\t\t\t\t#gallery-8 .gallery-item {\n\t\t\t\t\tfloat: left;\n\t\t\t\t\tmargin-top: 10px;\n\t\t\t\t\ttext-align: center;\n\t\t\t\t\twidth: 33%;\n\t\t\t\t}\n\t\t\t\t#gallery-8 img {\n\t\t\t\t\tborder: 2px solid #cfcfcf;\n\t\t\t\t}\n\t\t\t\t#gallery-8 .gallery-caption {\n\t\t\t\t\tmargin-left: 0;\n\t\t\t\t}\n\t\t\t\t\/* see gallery_shortcode() in wp-includes\/media.php *\/\n\t\t\t<\/style>\n\t\t<div id='gallery-8' class='dt-gallery-container gallery galleryid-178465 gallery-columns-3 gallery-size-thumbnail'><dl class='gallery-item'>\n\t\t\t\t<dt class='gallery-icon portrait'>\n\t\t\t\t\t<a class=\"rollover rollover-zoom dt-pswp-item\" title=\"632dc91f-e662-44ed-925d-60d707dfbac5\" data-dt-img-description=\"\" data-large_image_width=\"240\" data-large_image_height=\"320\"href='https:\/\/www.radiopiu.net\/wordpress\/wp-content\/uploads\/2020\/12\/632dc91f-e662-44ed-925d-60d707dfbac5.jpg'><img loading=\"lazy\" decoding=\"async\" width=\"150\" height=\"150\" src=\"https:\/\/www.radiopiu.net\/wordpress\/wp-content\/uploads\/2020\/12\/632dc91f-e662-44ed-925d-60d707dfbac5-150x150.jpg\" class=\"attachment-thumbnail size-thumbnail\" alt=\"\" \/><\/a>\n\t\t\t\t<\/dt><\/dl><dl class='gallery-item'>\n\t\t\t\t<dt class='gallery-icon portrait'>\n\t\t\t\t\t<a class=\"rollover rollover-zoom dt-pswp-item\" title=\"8cc8db32-26e2-45de-91c8-4dc5ea01b758\" data-dt-img-description=\"\" data-large_image_width=\"240\" data-large_image_height=\"320\"href='https:\/\/www.radiopiu.net\/wordpress\/wp-content\/uploads\/2020\/12\/8cc8db32-26e2-45de-91c8-4dc5ea01b758.jpg'><img loading=\"lazy\" decoding=\"async\" width=\"150\" height=\"150\" src=\"https:\/\/www.radiopiu.net\/wordpress\/wp-content\/uploads\/2020\/12\/8cc8db32-26e2-45de-91c8-4dc5ea01b758-150x150.jpg\" class=\"attachment-thumbnail size-thumbnail\" alt=\"\" \/><\/a>\n\t\t\t\t<\/dt><\/dl><dl class='gallery-item'>\n\t\t\t\t<dt class='gallery-icon portrait'>\n\t\t\t\t\t<a class=\"rollover rollover-zoom dt-pswp-item\" title=\"2654028c-a5e3-4709-b797-921ac0480d49\" data-dt-img-description=\"\" data-large_image_width=\"240\" data-large_image_height=\"320\"href='https:\/\/www.radiopiu.net\/wordpress\/wp-content\/uploads\/2020\/12\/2654028c-a5e3-4709-b797-921ac0480d49.jpg'><img loading=\"lazy\" decoding=\"async\" width=\"150\" height=\"150\" src=\"https:\/\/www.radiopiu.net\/wordpress\/wp-content\/uploads\/2020\/12\/2654028c-a5e3-4709-b797-921ac0480d49-150x150.jpg\" class=\"attachment-thumbnail size-thumbnail\" alt=\"\" \/><\/a>\n\t\t\t\t<\/dt><\/dl><br style=\"clear: both\" \/><dl class='gallery-item'>\n\t\t\t\t<dt class='gallery-icon portrait'>\n\t\t\t\t\t<a class=\"rollover rollover-zoom dt-pswp-item\" title=\"83b2f26e-3a62-4385-9407-b3ec2c9e5c17\" data-dt-img-description=\"\" data-large_image_width=\"240\" data-large_image_height=\"320\"href='https:\/\/www.radiopiu.net\/wordpress\/wp-content\/uploads\/2020\/12\/83b2f26e-3a62-4385-9407-b3ec2c9e5c17.jpg'><img loading=\"lazy\" decoding=\"async\" width=\"150\" height=\"150\" src=\"https:\/\/www.radiopiu.net\/wordpress\/wp-content\/uploads\/2020\/12\/83b2f26e-3a62-4385-9407-b3ec2c9e5c17-150x150.jpg\" class=\"attachment-thumbnail size-thumbnail\" alt=\"\" \/><\/a>\n\t\t\t\t<\/dt><\/dl><dl class='gallery-item'>\n\t\t\t\t<dt class='gallery-icon portrait'>\n\t\t\t\t\t<a class=\"rollover rollover-zoom dt-pswp-item\" title=\"7cf9a4da-aa48-4fb3-96c6-791aeb7beb45\" data-dt-img-description=\"\" data-large_image_width=\"240\" data-large_image_height=\"320\"href='https:\/\/www.radiopiu.net\/wordpress\/wp-content\/uploads\/2020\/12\/7cf9a4da-aa48-4fb3-96c6-791aeb7beb45.jpg'><img loading=\"lazy\" decoding=\"async\" width=\"150\" height=\"150\" src=\"https:\/\/www.radiopiu.net\/wordpress\/wp-content\/uploads\/2020\/12\/7cf9a4da-aa48-4fb3-96c6-791aeb7beb45-150x150.jpg\" class=\"attachment-thumbnail size-thumbnail\" alt=\"\" \/><\/a>\n\t\t\t\t<\/dt><\/dl><dl class='gallery-item'>\n\t\t\t\t<dt class='gallery-icon portrait'>\n\t\t\t\t\t<a class=\"rollover rollover-zoom dt-pswp-item\" title=\"5422b716-e0d5-429a-8b6d-f12013c991a7\" data-dt-img-description=\"\" data-large_image_width=\"240\" data-large_image_height=\"320\"href='https:\/\/www.radiopiu.net\/wordpress\/wp-content\/uploads\/2020\/12\/5422b716-e0d5-429a-8b6d-f12013c991a7.jpg'><img loading=\"lazy\" decoding=\"async\" width=\"150\" height=\"150\" src=\"https:\/\/www.radiopiu.net\/wordpress\/wp-content\/uploads\/2020\/12\/5422b716-e0d5-429a-8b6d-f12013c991a7-150x150.jpg\" class=\"attachment-thumbnail size-thumbnail\" alt=\"\" \/><\/a>\n\t\t\t\t<\/dt><\/dl><br style=\"clear: both\" \/>\n\t\t\t<\/div>\n\n<p>&nbsp;<\/p>\n<p>&nbsp;<\/p>\n<p>&nbsp;<\/p>\n<hr \/>\n<blockquote>\n<h2><\/h2>\n<h2>LIMANA. AMBIENTE, STORIA E CULTURA (E UN CAPITOLO DEDICATO ALLE VILLE)<\/h2>\n<h2>di RENATO BONA<\/h2>\n<\/blockquote>\n<p><strong>BELLUNO<\/strong>\u00a0 C\u2019\u00e8 un capitolo, nel pregevole volume intitolato \u201cAmbiente, storia e cultura di Limana\u201d che Biblioteca civica (Michele Talo) e Comune (sindaco Renato De Fanti), col contributo della Regione, hanno dato alle stampe con \u201cCastaldi\u201d Feltre nell\u2019aprile del 1995\u201d, che tratta di Limana e le sue ville con l\u2019architetto Mauro Vedana e la collaborazione della stessa Biblioteca. Gli altri autori dei testi: Isidoro Barattin, Giuseppe Tormen-Adriano De Faveri, Carlo Mondini-Aldo Villabruna, Luisa Alpago Novello, Corrado Ghezzo, Paolo Viel, Raffaele Tormen, Claudio Sala, Giuliana Saretta, don Paolo Pescosta e don Aurelio Frezza, Giovanni Melanco, Angela Fattore. Detto del consolidamento dell\u2019identit\u00e0 territoriale del Veneto con l\u2019espandersi in terraferma del dominio della Serenissima, nei primi anni del quindicesimo secolo, ricordando che \u201cNel primo Cinquecento il processo di trasformazione in chiave rinascimentale \u00e8 pressoch\u00e9 concluso e la Villa Veneta ha ormai un suo preciso assetto\u201d Vedana aggiunge: \u201cL\u2019interessamento per l\u2019agricoltura da parte di personalit\u00e0 della cultura, come, tra i molti, l\u2019umanista Pierio Valeriano e il bibliofilo Odorico Piloni, sottolineano appunto lo stretto legame esistente tra la cultura umanistica e la vita in villa, intesa come luogo di tranquillit\u00e0 per attendere ai propri studi e per dirigere la coltivazione dei campi. Infatti mentre nelle campagne vengono abbandonati ed anzi demoliti, secondo le prescrizioni della Repubblica Veneta, i castelli e le residenze fortificate, alla carriera delle armi si sostituisce la pi\u00f9 sottile esperienza della \u2018speculazione\u2019 e degli studi, che viene favorita dalla pace della natura\u201d. Ancora: \u201cE\u2019 abbastanza ovvia la constatazione della stretta interdipendenza del binomio villa-ambiente\u201d. E: \u201cPer questo particolare tipo di insediamento umano, vengono scelte posizioni dominanti e panoramiche, nelle zone collinari o con rilievi\u201d. E la villa &#8211; secondo quanto scriveva a suo tempo A. Alpago Novello &#8211; \u201cdoveva notarsi nel paesaggio, restare come punto di riferimento, e molto spesso anche la natura circostante veniva trasformata dall\u2019opera dell\u2019uomo, nei rigidi schemi del giardino all\u2019italiana\u201d. Ed ecco sintetiche notizie relative alle ville limanesi pi\u00f9 importanti. VILLA PILONI a Cesa: sorge nel paese di Cesa, noto un tempo quale sede di un piccolo porto fluviale per merci e passeggeri. Pare che risalga alla fine del XVIII secolo e che il vasto parco che la circonda sia stato disegnato dall\u2019architetto-giardiniere di Versailles, Alexandre Poiteau, giunto nel Bellunese al seguito delle truppe di Napoleone. L\u2019edificio, che ospita &#8211; all\u2019interno, fra l\u2019altro, opere del Ricci &#8211; \u00e8 tuttora della stessa famiglia. VILLA PILONI a Villa: la costruzione risale probabilmente ai primi del XVIII secolo; la propriet\u00e0 \u00e8 passata successivamente dai Piloni agli Alpago (in occasione del matrimonio nel 1761 della contessa Porzia Piloni con Andrea Alpago) quindi a Matteo Doglioni Dal Mas ed infine ai nobili de Castello, attuali proprietari. Interno ricco di arredi e mobili antichi e impreziosito da due grandi tele settecentesche del Brustolon. VILLA BARCELLONI a Mane: anche questa risale al XVIII secolo ed \u00e8 stata edificata per la nobile famiglia bellunese dei Barcelloni. Nel XIX secolo pass\u00f2 alla famiglia De Mori, poi De Mori e Consorti; fu devastata dalla Grande guerra ed \u00e8 stata praticamente abbandonata prima di essere trasformata con un corpo centrale, porticato a pianterreno su tre piani affiancati da due ali rustiche. VILLA SACELLO di Col di Mezzo: secondo una piccola lapide nella cappellina, risale ai primi del XVIII secolo. Proprietari furono con ogni probabilit\u00e0 i Sacello, nobile famiglia di notai oriunda di Sacile; ora \u00e8 propriet\u00e0 Colle. VILLA SACELLO di Centore: della prima met\u00e0 del XVIII secolo apparteneva alla nobile famiglia dei Doglioni passando quindi ai Pagani, ai De Lago e infine alla famiglia Zadra, attuale proprietaria. Ha due facciate molto simili con un motivo centrale di trifore e poggioli, impreziosita con un porticato a pianterreno e doppio ordine di balconi. VILLA TROIS a Pieve: si presume sia stata l\u2019antica sede del Comune di Limana e deve il nome ai primi proprietari, famiglia nobiliare di Livinallongo, ora estinta. Pure del XVIII secolo, l\u2019edificio ha pianta \u201cad elle\u201d; l\u2019ingresso \u00e8 reso prezioso ed imponente da pilastri. Una cappellina \u00e8 orientata a sera. Ora scomparsa, completava la struttura, benE integrata nel disegno urbanistico della piazza di allora. CANONICA a Pieve: pu\u00f2 essere annoverata tra le ville pi\u00f9 importanti del comune; la costruzione, su due piani, risale verosimilmente al 1670 e secondo Vedana ripete lo schema della casa rurale con portico e logge sovrapposte e scala esterna. La residenza dei canonici della Pieve di Limana \u00e8 sostanzialmente una villa sia per le esigenze pratiche per cui era stata pensata, sia per le caratteristiche architettoniche. L\u2019edificio ha conosciuto in seguito periodi di decadenza IN conseguenza dei passaggi di propriet\u00e0 e varie ristrutturazioni. Villa CROCECALLE a Navasa: risaliva con ogni probabilit\u00e0 al XVI secolo ed \u00e8 andata completamente perduta. Le uniche testimonianze: l\u2019imponente portone d\u2019ingresso, sul fondo di un gran cortile che appare in un disegno di O. Monti del 1882, una massiccia costruzione padronale con arcate e bifore. E\u2019 possibile che la villa o una sua parte sia appartenuta a un Ramo della famiglia Rudio e della famiglia Barcelloni (che gi\u00e0 possedeva la vicina villa di Mane). Villa TASSO a Triches: molto piccola e decisamente alta, con volume cubico sorge in posizione panoramica e dominante; la costruzione dovrebbe essere del XVIII secolo; non sono certi i pi\u00f9 antichi proprietari ma si ricordano le famiglie Tasso, Borgo, Longana. Concludiamo la carrellata con la VILLA PAGANI CESA sede del Municipio, esempio tipico dell\u2019edilizia padronale del periodo che va dalla fine del XVII e l\u2019inizio del XVIII secolo. Il nuclei della villa era la sala centrale passante del piano nobile, marcata esternamente dal motivo delle tre aperture centrali pi\u00f9 allungate. In due stanze (\u201cdella finta tappezzeria\u201d e \u201cdelle cornici\u201d) e una parete del vano scale \u00e8 sopravvissuta parte dell\u2019originaria decorazione ad affreschi mentre permane in un grande ambiente dal piano terra, parte del tavolato dipinto del soffitto.<\/p>\n\n\t\t\t<style type='text\/css'>\n\t\t\t\t#gallery-9 {\n\t\t\t\t\tmargin: auto;\n\t\t\t\t}\n\t\t\t\t#gallery-9 .gallery-item {\n\t\t\t\t\tfloat: left;\n\t\t\t\t\tmargin-top: 10px;\n\t\t\t\t\ttext-align: center;\n\t\t\t\t\twidth: 16%;\n\t\t\t\t}\n\t\t\t\t#gallery-9 img {\n\t\t\t\t\tborder: 2px solid #cfcfcf;\n\t\t\t\t}\n\t\t\t\t#gallery-9 .gallery-caption {\n\t\t\t\t\tmargin-left: 0;\n\t\t\t\t}\n\t\t\t\t\/* see gallery_shortcode() in wp-includes\/media.php *\/\n\t\t\t<\/style>\n\t\t<div id='gallery-9' class='dt-gallery-container gallery galleryid-178465 gallery-columns-6 gallery-size-thumbnail'><dl class='gallery-item'>\n\t\t\t\t<dt class='gallery-icon portrait'>\n\t\t\t\t\t<a class=\"rollover rollover-zoom dt-pswp-item\" title=\"130855684_763045124556323_9041384580512269806_n\" data-dt-img-description=\"\" data-large_image_width=\"1371\" data-large_image_height=\"2048\"href='https:\/\/www.radiopiu.net\/wordpress\/wp-content\/uploads\/2020\/12\/130855684_763045124556323_9041384580512269806_n.jpg'><img loading=\"lazy\" decoding=\"async\" width=\"150\" height=\"150\" src=\"https:\/\/www.radiopiu.net\/wordpress\/wp-content\/uploads\/2020\/12\/130855684_763045124556323_9041384580512269806_n-150x150.jpg\" class=\"attachment-thumbnail size-thumbnail\" alt=\"\" \/><\/a>\n\t\t\t\t<\/dt><\/dl><dl class='gallery-item'>\n\t\t\t\t<dt class='gallery-icon portrait'>\n\t\t\t\t\t<a class=\"rollover rollover-zoom dt-pswp-item\" title=\"130603259_448972119838577_8379063192279623190_n\" data-dt-img-description=\"\" data-large_image_width=\"74\" data-large_image_height=\"113\"href='https:\/\/www.radiopiu.net\/wordpress\/wp-content\/uploads\/2020\/12\/130603259_448972119838577_8379063192279623190_n.jpg'><img loading=\"lazy\" decoding=\"async\" width=\"74\" height=\"113\" src=\"https:\/\/www.radiopiu.net\/wordpress\/wp-content\/uploads\/2020\/12\/130603259_448972119838577_8379063192279623190_n.jpg\" class=\"attachment-thumbnail size-thumbnail\" alt=\"\" \/><\/a>\n\t\t\t\t<\/dt><\/dl><dl class='gallery-item'>\n\t\t\t\t<dt class='gallery-icon landscape'>\n\t\t\t\t\t<a class=\"rollover rollover-zoom dt-pswp-item\" title=\"130782462_721667945431845_18812401327580232_n\" data-dt-img-description=\"\" data-large_image_width=\"2048\" data-large_image_height=\"1349\"href='https:\/\/www.radiopiu.net\/wordpress\/wp-content\/uploads\/2020\/12\/130782462_721667945431845_18812401327580232_n.jpg'><img loading=\"lazy\" decoding=\"async\" width=\"150\" height=\"150\" src=\"https:\/\/www.radiopiu.net\/wordpress\/wp-content\/uploads\/2020\/12\/130782462_721667945431845_18812401327580232_n-150x150.jpg\" class=\"attachment-thumbnail size-thumbnail\" alt=\"\" \/><\/a>\n\t\t\t\t<\/dt><\/dl><dl class='gallery-item'>\n\t\t\t\t<dt class='gallery-icon landscape'>\n\t\t\t\t\t<a class=\"rollover rollover-zoom dt-pswp-item\" title=\"130822168_301558127817186_6073308502950804866_n\" data-dt-img-description=\"\" data-large_image_width=\"2048\" data-large_image_height=\"1312\"href='https:\/\/www.radiopiu.net\/wordpress\/wp-content\/uploads\/2020\/12\/130822168_301558127817186_6073308502950804866_n.jpg'><img loading=\"lazy\" decoding=\"async\" width=\"150\" height=\"150\" src=\"https:\/\/www.radiopiu.net\/wordpress\/wp-content\/uploads\/2020\/12\/130822168_301558127817186_6073308502950804866_n-150x150.jpg\" class=\"attachment-thumbnail size-thumbnail\" alt=\"\" \/><\/a>\n\t\t\t\t<\/dt><\/dl><dl class='gallery-item'>\n\t\t\t\t<dt class='gallery-icon landscape'>\n\t\t\t\t\t<a class=\"rollover rollover-zoom dt-pswp-item\" title=\"130778058_513464842947653_6324101708269009538_n\" data-dt-img-description=\"\" data-large_image_width=\"2048\" data-large_image_height=\"1611\"href='https:\/\/www.radiopiu.net\/wordpress\/wp-content\/uploads\/2020\/12\/130778058_513464842947653_6324101708269009538_n.jpg'><img loading=\"lazy\" decoding=\"async\" width=\"150\" height=\"150\" src=\"https:\/\/www.radiopiu.net\/wordpress\/wp-content\/uploads\/2020\/12\/130778058_513464842947653_6324101708269009538_n-150x150.jpg\" class=\"attachment-thumbnail size-thumbnail\" alt=\"\" \/><\/a>\n\t\t\t\t<\/dt><\/dl><dl class='gallery-item'>\n\t\t\t\t<dt class='gallery-icon landscape'>\n\t\t\t\t\t<a class=\"rollover rollover-zoom dt-pswp-item\" title=\"131057557_760069218052495_2445299117176305519_n\" data-dt-img-description=\"\" data-large_image_width=\"2048\" data-large_image_height=\"1368\"href='https:\/\/www.radiopiu.net\/wordpress\/wp-content\/uploads\/2020\/12\/131057557_760069218052495_2445299117176305519_n.jpg'><img loading=\"lazy\" decoding=\"async\" width=\"150\" height=\"150\" src=\"https:\/\/www.radiopiu.net\/wordpress\/wp-content\/uploads\/2020\/12\/131057557_760069218052495_2445299117176305519_n-150x150.jpg\" class=\"attachment-thumbnail size-thumbnail\" alt=\"\" \/><\/a>\n\t\t\t\t<\/dt><\/dl><br style=\"clear: both\" \/><dl class='gallery-item'>\n\t\t\t\t<dt class='gallery-icon portrait'>\n\t\t\t\t\t<a class=\"rollover rollover-zoom dt-pswp-item\" title=\"130733279_1275923152782376_8832705672887039092_n\" data-dt-img-description=\"\" data-large_image_width=\"1477\" data-large_image_height=\"2048\"href='https:\/\/www.radiopiu.net\/wordpress\/wp-content\/uploads\/2020\/12\/130733279_1275923152782376_8832705672887039092_n.jpg'><img loading=\"lazy\" decoding=\"async\" width=\"150\" height=\"150\" src=\"https:\/\/www.radiopiu.net\/wordpress\/wp-content\/uploads\/2020\/12\/130733279_1275923152782376_8832705672887039092_n-150x150.jpg\" class=\"attachment-thumbnail size-thumbnail\" alt=\"\" \/><\/a>\n\t\t\t\t<\/dt><\/dl><dl class='gallery-item'>\n\t\t\t\t<dt class='gallery-icon landscape'>\n\t\t\t\t\t<a class=\"rollover rollover-zoom dt-pswp-item\" title=\"130738248_205146984419548_7026840821620720072_n\" data-dt-img-description=\"\" data-large_image_width=\"2048\" data-large_image_height=\"1201\"href='https:\/\/www.radiopiu.net\/wordpress\/wp-content\/uploads\/2020\/12\/130738248_205146984419548_7026840821620720072_n.jpg'><img loading=\"lazy\" decoding=\"async\" width=\"150\" height=\"150\" src=\"https:\/\/www.radiopiu.net\/wordpress\/wp-content\/uploads\/2020\/12\/130738248_205146984419548_7026840821620720072_n-150x150.jpg\" class=\"attachment-thumbnail size-thumbnail\" alt=\"\" \/><\/a>\n\t\t\t\t<\/dt><\/dl><dl class='gallery-item'>\n\t\t\t\t<dt class='gallery-icon portrait'>\n\t\t\t\t\t<a class=\"rollover rollover-zoom dt-pswp-item\" title=\"131067538_710666893222093_7562934100393236485_n\" data-dt-img-description=\"\" data-large_image_width=\"1511\" data-large_image_height=\"2048\"href='https:\/\/www.radiopiu.net\/wordpress\/wp-content\/uploads\/2020\/12\/131067538_710666893222093_7562934100393236485_n.jpg'><img loading=\"lazy\" decoding=\"async\" width=\"150\" height=\"150\" src=\"https:\/\/www.radiopiu.net\/wordpress\/wp-content\/uploads\/2020\/12\/131067538_710666893222093_7562934100393236485_n-150x150.jpg\" class=\"attachment-thumbnail size-thumbnail\" alt=\"\" \/><\/a>\n\t\t\t\t<\/dt><\/dl>\n\t\t\t\t<br style='clear: both' \/>\n\t\t\t<\/div>\n\n<p>&nbsp;<\/p>\n<p>NELLE FOTO (wordpress.com e riproduzioni dal libro \u201cAmbiente, storia e cultura di Limana\u201d): la copertina del libro edito da Biblioteca e Comune nel 1995); l\u2019architetto Mauro Vedana curatore, in collaborazione per la parte pittorica di Tiziana Conte, del capitolo dedicato a \u201cLe Ville di Limana\u201d; Villa Piloni; disegno del Monti della Villa Barcelloni a Mane (Museo civico di Belluno); Villa sacello a Col di Mezzo in un disegno del 1870 ancora di Osvaldo Monti (Museo civico di Belluno); Villa Sacello a Centore; esterno della sede municipale; veduta dal palazzo prima del restauro; veduta notturna del Municipio<\/p>\n<p>&nbsp;<\/p>\n<p>&nbsp;<\/p>\n<p>&nbsp;<\/p>\n<p>&nbsp;<\/p>\n<hr \/>\n<p>&nbsp;<\/p>\n<h1><span style=\"color: #ff0000;\">IERI ALLA RADIO<\/span><\/h1>\n<h2><a href=\"https:\/\/www.radiopiu.net\/wordpress\/giornale-radiopiu-06-febbraio-2019-direttore-mirko-mezzacasa\/logo_spi-cgil-800x445\/\" rel=\"attachment wp-att-75538\"><img loading=\"lazy\" decoding=\"async\" class=\"size-medium wp-image-75538 alignleft\" src=\"https:\/\/www.radiopiu.net\/wordpress\/wp-content\/uploads\/2019\/02\/Logo_Spi-CGIL-800x445-300x167.jpg\" alt=\"\" width=\"300\" height=\"167\" srcset=\"https:\/\/www.radiopiu.net\/wordpress\/wp-content\/uploads\/2019\/02\/Logo_Spi-CGIL-800x445-300x167.jpg 300w, https:\/\/www.radiopiu.net\/wordpress\/wp-content\/uploads\/2019\/02\/Logo_Spi-CGIL-800x445-768x427.jpg 768w, https:\/\/www.radiopiu.net\/wordpress\/wp-content\/uploads\/2019\/02\/Logo_Spi-CGIL-800x445.jpg 800w\" sizes=\"auto, (max-width: 300px) 100vw, 300px\" \/><\/a><span style=\"color: #ff0000;\"><strong>SPECIALE SPI CGIL &#8211; 10 DICEMBRE 2020<\/strong><\/span><\/h2>\n<p><strong>di Claudio Fontanive\u00a0<\/strong><\/p>\n<p>Intervista a Maria Rita Gentilin<\/p>\n<audio class=\"wp-audio-shortcode\" id=\"audio-178465-9\" preload=\"none\" style=\"width: 100%;\" controls=\"controls\"><source type=\"audio\/mpeg\" src=\"https:\/\/www.radiopiu.net\/wordpress\/wp-content\/uploads\/2020\/12\/spi-cgil-10-dicembre.mp3?_=9\" \/><a href=\"https:\/\/www.radiopiu.net\/wordpress\/wp-content\/uploads\/2020\/12\/spi-cgil-10-dicembre.mp3\">https:\/\/www.radiopiu.net\/wordpress\/wp-content\/uploads\/2020\/12\/spi-cgil-10-dicembre.mp3<\/a><\/audio>\n<p>&nbsp;<\/p>\n<p>&nbsp;<\/p>\n<hr \/>\n<p>&nbsp;<\/p>\n<div class=\"im_message_wrap clearfix\">\n<div class=\"im_content_message_wrap im_message_out\">\n<h2><span style=\"color: #ff0000;\">IERI ALLA RADIO\u00a0 IN VIVO VERSO 2020-21<\/span><\/h2>\n<p><strong><span style=\"color: #0000ff;\">IN ONDA DAL LUNEDI AL VENERDI ALLE 7.10, 10.10, 18.50 I PROTAGONISTI DI QUESTA SETTIMANA: <\/span><span style=\"color: #0000ff;\"><span style=\"color: #000000;\">Carlo Molinari, Gian Domenico Mazzoccato, Mariano Grossi<\/span><\/span><\/strong><\/p>\n<blockquote class=\"wp-embedded-content\" data-secret=\"aQqQ1jhPWs\"><p><a href=\"https:\/\/www.radiopiu.net\/wordpress\/la-nuda-luna-risplende-sconcia-di-alessandro-chiesurin\/\">LA NUDA LUNA RISPLENDE SCONCIA di ALESSANDRO CHIESURIN<\/a><\/p><\/blockquote>\n<p><iframe loading=\"lazy\" class=\"wp-embedded-content\" sandbox=\"allow-scripts\" security=\"restricted\" style=\"position: absolute; clip: rect(1px, 1px, 1px, 1px);\" title=\"&#8220;LA NUDA LUNA RISPLENDE SCONCIA di ALESSANDRO CHIESURIN&#8221; &#8212; Radio Pi\u00f9\" src=\"https:\/\/www.radiopiu.net\/wordpress\/la-nuda-luna-risplende-sconcia-di-alessandro-chiesurin\/embed\/#?secret=aQqQ1jhPWs\" data-secret=\"aQqQ1jhPWs\" width=\"600\" height=\"338\" frameborder=\"0\" marginwidth=\"0\" marginheight=\"0\" scrolling=\"no\"><\/iframe><\/p>\n<\/div>\n<\/div>\n<h1><strong><span style=\"font-family: Verdana, sans-serif;\"><span style=\"font-size: medium;\">LA RACCOLTA COMPLETA, TUTTE LE COLLEZIONI<\/span><\/span><\/strong><\/h1>\n<blockquote class=\"wp-embedded-content\" data-secret=\"fLjTdVLgLO\"><p><a href=\"https:\/\/www.radiopiu.net\/wordpress\/in-vivo-verso\/\">In Vivo Verso<\/a><\/p><\/blockquote>\n<p><iframe loading=\"lazy\" class=\"wp-embedded-content\" sandbox=\"allow-scripts\" security=\"restricted\" style=\"position: absolute; clip: rect(1px, 1px, 1px, 1px);\" title=\"&#8220;In Vivo Verso&#8221; &#8212; Radio Pi\u00f9\" src=\"https:\/\/www.radiopiu.net\/wordpress\/in-vivo-verso\/embed\/#?secret=fLjTdVLgLO\" data-secret=\"fLjTdVLgLO\" width=\"600\" height=\"338\" frameborder=\"0\" marginwidth=\"0\" marginheight=\"0\" scrolling=\"no\"><\/iframe><\/p>\n<hr \/>\n<p>&nbsp;<\/p>\n<h2>007 IN CONDOTTA CON LA PROF. MARIA ROSA SALMAZO IL LUNEDI ALLE 10,30 E ALLE 19.00 LA DOMENICA ALLE 8 DEL MATTINO. NONA STAGIONE<\/h2>\n<h2>LA RACCOLTA COMPLETA<\/h2>\n<blockquote class=\"wp-embedded-content\" data-secret=\"Ld6l8rCvaK\"><p><a href=\"https:\/\/www.radiopiu.net\/wordpress\/007incondotta-9\/\">007 in condotta<\/a><\/p><\/blockquote>\n<p><iframe loading=\"lazy\" class=\"wp-embedded-content\" sandbox=\"allow-scripts\" security=\"restricted\" style=\"position: absolute; clip: rect(1px, 1px, 1px, 1px);\" title=\"&#8220;007 in condotta&#8221; &#8212; Radio Pi\u00f9\" src=\"https:\/\/www.radiopiu.net\/wordpress\/007incondotta-9\/embed\/#?secret=Ld6l8rCvaK\" data-secret=\"Ld6l8rCvaK\" width=\"600\" height=\"338\" frameborder=\"0\" marginwidth=\"0\" marginheight=\"0\" scrolling=\"no\"><\/iframe><\/p>\n<p>&nbsp;<\/p>\n<hr \/>\n<p>&nbsp;<\/p>\n<blockquote>\n<h2>SALUTE E SOCIETA&#8217; IL LUNEDI ALLE 13.10 E ALLE 20.10, LA DOMENICA ALLE 10.30 A CURA DEL DOTTOR MARCO CARACCIOLO. QUINTA STAGIONE<\/h2>\n<\/blockquote>\n<h3>LA RACCOLTA COMPLETA<\/h3>\n<blockquote class=\"wp-embedded-content\" data-secret=\"4NsdAFWvVB\"><p><a href=\"https:\/\/www.radiopiu.net\/wordpress\/saluteesocieta\/\">Salute e Societ\u00e0<\/a><\/p><\/blockquote>\n<p><iframe loading=\"lazy\" class=\"wp-embedded-content\" sandbox=\"allow-scripts\" security=\"restricted\" style=\"position: absolute; clip: rect(1px, 1px, 1px, 1px);\" title=\"&#8220;Salute e Societ\u00e0&#8221; &#8212; Radio Pi\u00f9\" src=\"https:\/\/www.radiopiu.net\/wordpress\/saluteesocieta\/embed\/#?secret=4NsdAFWvVB\" data-secret=\"4NsdAFWvVB\" width=\"600\" height=\"338\" frameborder=\"0\" marginwidth=\"0\" marginheight=\"0\" scrolling=\"no\"><\/iframe><\/p>\n<hr \/>\n<blockquote>\n<h2><\/h2>\n<h2>FANTASTICHE DOLOMITI, NUOVA STAGIONE. APPUNTAMENTO QUINDICINALE IL GIOVEDI ALLE 10.30 E 1900<\/h2>\n<\/blockquote>\n<h1>LA RACCOLTA COMPLETA<\/h1>\n<blockquote class=\"wp-embedded-content\" data-secret=\"6jD99JHGPS\"><p><a href=\"https:\/\/www.radiopiu.net\/wordpress\/https-wp-me-p63lo7-gyg\/\">FANTASTICHE DOLOMITI: IL QUINDICINALE APPUNTAMENTO ALLA RADIO<\/a><\/p><\/blockquote>\n<p><iframe loading=\"lazy\" class=\"wp-embedded-content\" sandbox=\"allow-scripts\" security=\"restricted\" style=\"position: absolute; clip: rect(1px, 1px, 1px, 1px);\" title=\"&#8220;FANTASTICHE DOLOMITI: IL QUINDICINALE APPUNTAMENTO ALLA RADIO&#8221; &#8212; Radio Pi\u00f9\" src=\"https:\/\/www.radiopiu.net\/wordpress\/https-wp-me-p63lo7-gyg\/embed\/#?secret=6jD99JHGPS\" data-secret=\"6jD99JHGPS\" width=\"600\" height=\"338\" frameborder=\"0\" marginwidth=\"0\" marginheight=\"0\" scrolling=\"no\"><\/iframe><\/p>\n<div class=\"mw-parser-output\">\n<p>&nbsp;<\/p>\n<\/div>\n<p>&nbsp;<\/p>\n<hr \/>\n<p>&nbsp;<\/p>\n<blockquote>\n<h2><a href=\"https:\/\/www.radiopiu.net\/wordpress\/speciale-solidarieta-veneto\/solidarieta-veneto-3\/\" rel=\"attachment wp-att-134366\"><img loading=\"lazy\" decoding=\"async\" class=\"wp-image-134366 alignleft\" src=\"https:\/\/www.radiopiu.net\/wordpress\/wp-content\/uploads\/2020\/05\/solidariet\u00e0-veneto-300x210.jpg\" alt=\"\" width=\"179\" height=\"125\" srcset=\"https:\/\/www.radiopiu.net\/wordpress\/wp-content\/uploads\/2020\/05\/solidariet\u00e0-veneto-300x210.jpg 300w, https:\/\/www.radiopiu.net\/wordpress\/wp-content\/uploads\/2020\/05\/solidariet\u00e0-veneto-1024x717.jpg 1024w, https:\/\/www.radiopiu.net\/wordpress\/wp-content\/uploads\/2020\/05\/solidariet\u00e0-veneto-768x538.jpg 768w, https:\/\/www.radiopiu.net\/wordpress\/wp-content\/uploads\/2020\/05\/solidariet\u00e0-veneto.jpg 1373w\" sizes=\"auto, (max-width: 179px) 100vw, 179px\" \/><\/a>SOLIDARIETA&#8217; VENETO FONDO PENSIONE, IN ONDA IL PRIMO VENERDI DEL MESE ALLE 10.30 E ALLE 19.00 QUINTA STAGIONE<\/h2>\n<h2>RACCOLTA COMPLETA<\/h2>\n<\/blockquote>\n<blockquote class=\"wp-embedded-content\" data-secret=\"jV3rjT0ogs\"><p><a href=\"https:\/\/www.radiopiu.net\/wordpress\/solidarieta-veneto\/\">Solidariet\u00e0 Veneto<\/a><\/p><\/blockquote>\n<p><iframe loading=\"lazy\" class=\"wp-embedded-content\" sandbox=\"allow-scripts\" security=\"restricted\" style=\"position: absolute; clip: rect(1px, 1px, 1px, 1px);\" title=\"&#8220;Solidariet\u00e0 Veneto&#8221; &#8212; Radio Pi\u00f9\" src=\"https:\/\/www.radiopiu.net\/wordpress\/solidarieta-veneto\/embed\/#?secret=jV3rjT0ogs\" data-secret=\"jV3rjT0ogs\" width=\"600\" height=\"338\" frameborder=\"0\" marginwidth=\"0\" marginheight=\"0\" scrolling=\"no\"><\/iframe><\/p>\n<p>&nbsp;<\/p>\n<p>&nbsp;<\/p>\n<hr \/>\n<p>&nbsp;<\/p>\n<h2><span style=\"color: #808000;\">DUE MINUTI UN LIBRO\u00a0 TUTTI I GIORNI ALLA RADIO ALLE 9.30 E ALLE 18. QUINTA STAGIONE\u00a0<\/span><\/h2>\n<blockquote class=\"wp-embedded-content\" data-secret=\"sFwDY9gJ1T\"><p><a href=\"https:\/\/www.radiopiu.net\/wordpress\/il-cuore-di-frankenstein\/\">IL CUORE DI FRANKENSTEIN<\/a><\/p><\/blockquote>\n<p><iframe loading=\"lazy\" class=\"wp-embedded-content\" sandbox=\"allow-scripts\" security=\"restricted\" style=\"position: absolute; clip: rect(1px, 1px, 1px, 1px);\" title=\"&#8220;IL CUORE DI FRANKENSTEIN&#8221; &#8212; Radio Pi\u00f9\" src=\"https:\/\/www.radiopiu.net\/wordpress\/il-cuore-di-frankenstein\/embed\/#?secret=sFwDY9gJ1T\" data-secret=\"sFwDY9gJ1T\" width=\"600\" height=\"338\" frameborder=\"0\" marginwidth=\"0\" marginheight=\"0\" scrolling=\"no\"><\/iframe><\/p>\n<h2>LA RACCOLTA COMPLETA<\/h2>\n<blockquote class=\"wp-embedded-content\" data-secret=\"fezdQpxwPk\"><p><a href=\"https:\/\/www.radiopiu.net\/wordpress\/due-minuti-un-libro\/\">Due minuti un libro<\/a><\/p><\/blockquote>\n<p><iframe loading=\"lazy\" class=\"wp-embedded-content\" sandbox=\"allow-scripts\" security=\"restricted\" style=\"position: absolute; clip: rect(1px, 1px, 1px, 1px);\" title=\"&#8220;Due minuti un libro&#8221; &#8212; Radio Pi\u00f9\" src=\"https:\/\/www.radiopiu.net\/wordpress\/due-minuti-un-libro\/embed\/#?secret=fezdQpxwPk\" data-secret=\"fezdQpxwPk\" width=\"600\" height=\"338\" frameborder=\"0\" marginwidth=\"0\" marginheight=\"0\" scrolling=\"no\"><\/iframe><\/p>\n<p>&nbsp;<\/p>\n<hr \/>\n<p>&nbsp;<\/p>\n<blockquote>\n<h2>CASSA SOLIDARIET\u00c0 LUXOTTICA &#8211; PUNTATA DEL 20 NOVEMBRE 2020<\/h2>\n<h2>RACCOLTA COMPLETA<\/h2>\n<\/blockquote>\n<blockquote class=\"wp-embedded-content\" data-secret=\"EzNlJAKTbF\"><p><a href=\"https:\/\/www.radiopiu.net\/wordpress\/cassa-solidarieta-luxottica-puntata-del-16-ottobre-2020\/\">CASSA SOLIDARIET\u00c0 LUXOTTICA &#8211; PUNTATA DEL 20 NOVEMBRE 2020<\/a><\/p><\/blockquote>\n<p><iframe loading=\"lazy\" class=\"wp-embedded-content\" sandbox=\"allow-scripts\" security=\"restricted\" style=\"position: absolute; clip: rect(1px, 1px, 1px, 1px);\" title=\"&#8220;CASSA SOLIDARIET\u00c0 LUXOTTICA &#8211; PUNTATA DEL 20 NOVEMBRE 2020&#8221; &#8212; Radio Pi\u00f9\" src=\"https:\/\/www.radiopiu.net\/wordpress\/cassa-solidarieta-luxottica-puntata-del-16-ottobre-2020\/embed\/#?secret=EzNlJAKTbF\" data-secret=\"EzNlJAKTbF\" width=\"600\" height=\"338\" frameborder=\"0\" marginwidth=\"0\" marginheight=\"0\" scrolling=\"no\"><\/iframe><\/p>\n<p>&nbsp;<\/p>\n<p>&nbsp;<\/p>\n<div>\n<p>&nbsp;<\/p>\n<hr \/>\n<p>&nbsp;<\/p>\n<div>\n<h2><span style=\"color: #33cccc;\">I RACCONTI DI PAOLO SOPPELSA il lunedi alle 9.30 e 18.30<\/span><\/h2>\n<h2><span style=\"color: #33cccc;\"><strong>RACCOLTA COMPLETA<\/strong><\/span><\/h2>\n<blockquote class=\"wp-embedded-content\" data-secret=\"DMl7jDRZMe\"><p><a href=\"https:\/\/www.radiopiu.net\/wordpress\/i-racconti-di-paolo-soppelsa\/\">I racconti di Paolo Soppelsa<\/a><\/p><\/blockquote>\n<p><iframe loading=\"lazy\" class=\"wp-embedded-content\" sandbox=\"allow-scripts\" security=\"restricted\" style=\"position: absolute; clip: rect(1px, 1px, 1px, 1px);\" title=\"&#8220;I racconti di Paolo Soppelsa&#8221; &#8212; Radio Pi\u00f9\" src=\"https:\/\/www.radiopiu.net\/wordpress\/i-racconti-di-paolo-soppelsa\/embed\/#?secret=DMl7jDRZMe\" data-secret=\"DMl7jDRZMe\" width=\"600\" height=\"338\" frameborder=\"0\" marginwidth=\"0\" marginheight=\"0\" scrolling=\"no\"><\/iframe><\/p>\n<\/div>\n<p>&nbsp;<\/p>\n<hr \/>\n<p>&nbsp;<\/p>\n<div>\n<p>&nbsp;<\/p>\n<h2><strong>LE\u00a0 PUNTATE di Luisa Alchini di Leggermente Bellunesi, la domenica alle 11, il martedi alle 10.30 e alle 19.00<\/strong><\/h2>\n<\/div>\n<h1><span style=\"color: #000000;\">RACCOLTA COMPLETA<\/span><\/h1>\n<blockquote class=\"wp-embedded-content\" data-secret=\"U9rQ6jpF3L\"><p><a href=\"https:\/\/www.radiopiu.net\/wordpress\/leggermente-20\/\">LEGGERmente&#8230;Bellunesi<\/a><\/p><\/blockquote>\n<p><iframe loading=\"lazy\" class=\"wp-embedded-content\" sandbox=\"allow-scripts\" security=\"restricted\" style=\"position: absolute; clip: rect(1px, 1px, 1px, 1px);\" title=\"&#8220;LEGGERmente&#8230;Bellunesi&#8221; &#8212; Radio Pi\u00f9\" src=\"https:\/\/www.radiopiu.net\/wordpress\/leggermente-20\/embed\/#?secret=U9rQ6jpF3L\" data-secret=\"U9rQ6jpF3L\" width=\"600\" height=\"338\" frameborder=\"0\" marginwidth=\"0\" marginheight=\"0\" scrolling=\"no\"><\/iframe><\/p>\n<hr \/>\n<p>&nbsp;<\/p>\n<blockquote>\n<h3>L&#8217;ALMANACCO LADINO CON L&#8217;ISTITUT CESA DE JAN QUINDICINALE APPUNTAMENTO. LA DOMENICA ALLE 9 IL LUNEDI ALLE 8.35 IL MARTEDI ALLE 12.35 IL MERCOLEDI ALLE 18.35. SECONDA STAGIONE.<\/h3>\n<\/blockquote>\n<h2><span style=\"color: #ff0000;\"><strong><img loading=\"lazy\" decoding=\"async\" class=\"alignleft\" src=\"https:\/\/www.radiopiu.net\/wordpress\/wp-content\/uploads\/2020\/12\/beautiful-aerial-shot-forest-enveloped-creepy-mist-fog_181624-2659.jpg\" width=\"185\" height=\"123\" \/><\/strong><\/span><\/h2>\n<h2><\/h2>\n<h2><\/h2>\n<h2><span style=\"color: #ff0000;\"><strong>LA PUNTATA DELLA SETTIMANA<\/strong><\/span><\/h2>\n<audio class=\"wp-audio-shortcode\" id=\"audio-178465-10\" preload=\"none\" style=\"width: 100%;\" controls=\"controls\"><source type=\"audio\/mpeg\" src=\"https:\/\/www.radiopiu.net\/wordpress\/wp-content\/uploads\/2020\/12\/47\u00b0-Almanacco-Ladino_Col.mp3?_=10\" \/><a href=\"https:\/\/www.radiopiu.net\/wordpress\/wp-content\/uploads\/2020\/12\/47\u00b0-Almanacco-Ladino_Col.mp3\">https:\/\/www.radiopiu.net\/wordpress\/wp-content\/uploads\/2020\/12\/47\u00b0-Almanacco-Ladino_Col.mp3<\/a><\/audio>\n<p>&nbsp;<\/p>\n<p><strong>RACCOLTA COMPLETA\u00a0<\/strong><\/p>\n<blockquote class=\"wp-embedded-content\" data-secret=\"Y66BitxevZ\"><p><a href=\"https:\/\/www.radiopiu.net\/wordpress\/almanacco-ladino\/\">Almanacco Ladino<\/a><\/p><\/blockquote>\n<p><iframe loading=\"lazy\" class=\"wp-embedded-content\" sandbox=\"allow-scripts\" security=\"restricted\" style=\"position: absolute; clip: rect(1px, 1px, 1px, 1px);\" title=\"&#8220;Almanacco Ladino&#8221; &#8212; Radio Pi\u00f9\" src=\"https:\/\/www.radiopiu.net\/wordpress\/almanacco-ladino\/embed\/#?secret=Y66BitxevZ\" data-secret=\"Y66BitxevZ\" width=\"600\" height=\"338\" frameborder=\"0\" marginwidth=\"0\" marginheight=\"0\" scrolling=\"no\"><\/iframe><\/p>\n<p>&nbsp;<\/p>\n<\/div>\n<hr \/>\n<div>\n<h2><span style=\"color: #000080;\"><a class=\"dt-pswp-item\" href=\"https:\/\/www.radiopiu.net\/wordpress\/wp-content\/uploads\/2020\/10\/pp.jpg\" data-dt-img-description=\"\" data-large_image_width=\"640\" data-large_image_height=\"640\"><img loading=\"lazy\" decoding=\"async\" class=\"wp-image-163678 alignleft\" src=\"https:\/\/www.radiopiu.net\/wordpress\/wp-content\/uploads\/2020\/10\/pp-300x300.jpg\" alt=\"\" width=\"106\" height=\"106\" srcset=\"https:\/\/www.radiopiu.net\/wordpress\/wp-content\/uploads\/2020\/10\/pp-300x300.jpg 300w, https:\/\/www.radiopiu.net\/wordpress\/wp-content\/uploads\/2020\/10\/pp-150x150.jpg 150w, https:\/\/www.radiopiu.net\/wordpress\/wp-content\/uploads\/2020\/10\/pp-125x125.jpg 125w, https:\/\/www.radiopiu.net\/wordpress\/wp-content\/uploads\/2020\/10\/pp-200x200.jpg 200w, https:\/\/www.radiopiu.net\/wordpress\/wp-content\/uploads\/2020\/10\/pp-80x80.jpg 80w, https:\/\/www.radiopiu.net\/wordpress\/wp-content\/uploads\/2020\/10\/pp-480x480.jpg 480w, https:\/\/www.radiopiu.net\/wordpress\/wp-content\/uploads\/2020\/10\/pp.jpg 640w\" sizes=\"auto, (max-width: 106px) 100vw, 106px\" \/><\/a> <\/span><\/h2>\n<h2><span style=\"color: #000080;\">DON CESARE, IL PENSIERO DEL GIORNO. ALLA RADIO ALLE 7 DEL MATTINO E ALLE 19.30 DELLA SERA.\u00a0\u00a0<\/span><\/h2>\n<\/div>\n<p>&nbsp;<\/p>\n<p>&nbsp;<\/p>\n<p>&nbsp;<\/p>\n<audio class=\"wp-audio-shortcode\" id=\"audio-178465-11\" preload=\"none\" style=\"width: 100%;\" controls=\"controls\"><source type=\"audio\/mpeg\" src=\"https:\/\/www.radiopiu.net\/wordpress\/wp-content\/uploads\/2020\/12\/CESARE-7.mp3?_=11\" \/><a href=\"https:\/\/www.radiopiu.net\/wordpress\/wp-content\/uploads\/2020\/12\/CESARE-7.mp3\">https:\/\/www.radiopiu.net\/wordpress\/wp-content\/uploads\/2020\/12\/CESARE-7.mp3<\/a><\/audio>\n<p>&nbsp;<\/p>\n<hr \/>\n<p>&nbsp;<\/p>\n<div>\n<p class=\"photoswipe-wrapper\"><a class=\"dt-pswp-item pspw-wrap-ready\" href=\"https:\/\/i0.wp.com\/www.radiopiu.net\/wordpress\/wp-content\/uploads\/2018\/09\/viabilita.jpeg?ssl=1\" data-dt-img-description=\"\" data-large_image_width=\"800\" data-large_image_height=\"100\"><img loading=\"lazy\" decoding=\"async\" class=\"aligncenter wp-image-61954 size-full\" src=\"https:\/\/i0.wp.com\/www.radiopiu.net\/wordpress\/wp-content\/uploads\/2018\/09\/viabilita.jpeg?resize=800%2C100&amp;ssl=1\" sizes=\"auto, (max-width: 800px) 100vw, 800px\" srcset=\"https:\/\/i0.wp.com\/www.radiopiu.net\/wordpress\/wp-content\/uploads\/2018\/09\/viabilita.jpeg?w=800&amp;ssl=1 800w, https:\/\/i0.wp.com\/www.radiopiu.net\/wordpress\/wp-content\/uploads\/2018\/09\/viabilita.jpeg?resize=300%2C38&amp;ssl=1 300w, https:\/\/i0.wp.com\/www.radiopiu.net\/wordpress\/wp-content\/uploads\/2018\/09\/viabilita.jpeg?resize=768%2C96&amp;ssl=1 768w\" alt=\"\" width=\"800\" height=\"100\" \/><\/a><\/p>\n<\/div>\n<p>&nbsp;<\/p>\n<p><strong>SP 42 CAVALLERA<\/strong> fino a revoca, chiusura della strada nell&#8217;abitato di Perarolo per attivazione emergenza frana &#8220;Busa del Cristo&#8221;<\/p>\n<p><strong>FELTRE<\/strong> Senso unico alternato regolato da movieri per lavori stradali nel tratto di viale Monte Grappa compreso fra incrocio con via Folli ( accesso supermercato Lidl ) e fine cantiere Altanon ( altezza negozio Kiwi Sport ) fino al 23 dicembre<\/p>\n<p><strong>PROVINCIALE 49 MISURINA CONFINE PROVINCIA DI BOLZANO<\/strong>:\u00a0 fino al 22 dicembre (festivi e prefestivi compresi) senso unico alternato con movieri o semafori<\/p>\n<p><strong>PROVINCIALE 3 VALLE IMPERINA<\/strong>:\u00a0 fino al 12 dicembre senso unico alternato (tutti i giorni nessuno escluso) in locailt\u00e0 Gona per messa in sicurezza della strada.<\/p>\n<p><strong>S.P.2 DELLA VALLE DEL MIS\u00a0<\/strong>Interdizione totale al traffico fino a revoca dal km 14,920 (localit\u00e0 Gona Bassa) al km 20,650 (localit\u00e0 Titele) per cedimento della carreggiata<\/p>\n<p><strong>S.P. 5 DI LAMOSANO<\/strong>\u00a0Interdizione totale fino a revoca per presenza di materiale e alberi in strada.<\/p>\n<p><strong>S.P. 251 DI VAL DI ZOLDO E VAL CELLINA\u00a0<\/strong>dalla localit\u00e0 Soffranco fino all&#8217;imbocco nord della galleria S. Giovanni interdizione totale al transito per cedimento della carreggiata<\/p>\n<p><strong>SP\u00a0423 LAGO DI SANTA CROCE_POIATTE_ALPAGO <\/strong>Fino al 12 dicembre (esclusi festivi e prefestivi) senso unico alternato con movieri o semaforo per esecuzione paramassi a monte della strada<\/p>\n<p><strong>SP 3 DELLA VAL IMPERINA<\/strong> fino a revoca, senso unico alternato regolato a vista in localit\u00e0 Gona di Conedera di Rivamonte per cedimento della carreggiata stradale<\/p>\n<p><strong>REGIONALE 203 AGORDINA<\/strong>\u00a0 Fino\u00a0 al 18 dicembre (esclusi festivi e prefestivi) senso unico alternato tra Peron e Candaten con movieri dalle 7.30 alle 9 e dalle 16.30 alle 18. Con semaforo negli altri orari<\/p>\n<div>\n<p>&nbsp;<\/p>\n<hr \/>\n<p>&nbsp;<\/p>\n<p class=\"photoswipe-wrapper\"><a class=\"dt-pswp-item pspw-wrap-ready\" href=\"https:\/\/i0.wp.com\/www.radiopiu.net\/wordpress\/wp-content\/uploads\/2018\/09\/WhatsApp-Image-2018-09-20-at-16.04.06.jpeg?ssl=1\" data-dt-img-description=\"\" data-large_image_width=\"800\" data-large_image_height=\"100\"><img loading=\"lazy\" decoding=\"async\" class=\"aligncenter wp-image-61378 size-full jetpack-lazy-image jetpack-lazy-image--handled\" src=\"https:\/\/i0.wp.com\/www.radiopiu.net\/wordpress\/wp-content\/uploads\/2018\/09\/WhatsApp-Image-2018-09-20-at-16.04.06.jpeg?resize=800%2C100&amp;ssl=1\" sizes=\"auto, (max-width: 800px) 100vw, 800px\" srcset=\"https:\/\/i0.wp.com\/www.radiopiu.net\/wordpress\/wp-content\/uploads\/2018\/09\/WhatsApp-Image-2018-09-20-at-16.04.06.jpeg?w=800&amp;ssl=1 800w, https:\/\/i0.wp.com\/www.radiopiu.net\/wordpress\/wp-content\/uploads\/2018\/09\/WhatsApp-Image-2018-09-20-at-16.04.06.jpeg?resize=300%2C38&amp;ssl=1 300w, https:\/\/i0.wp.com\/www.radiopiu.net\/wordpress\/wp-content\/uploads\/2018\/09\/WhatsApp-Image-2018-09-20-at-16.04.06.jpeg?resize=768%2C96&amp;ssl=1 768w\" alt=\"\" width=\"800\" height=\"100\" data-lazy-loaded=\"1\" \/><\/a><\/p>\n<p>&nbsp;<\/p>\n<p><center><b>Venerdi 11<\/b><\/center><b>Tempo atteso:\u00a0<\/b>Al mattino cielo sereno, aria tersa ed ottima visibilit\u00e0, eccetto nebbie o nubi basse mattutine in Valbelluna e in alcune depressioni degli altopiani prealpini, in parziale dissolvimento. Al pomeriggio il cielo si coprir\u00e0, dapprima per sottili nubi alte, poi per infittirsi della nuvolosit\u00e0 stratiforme. Alla sera lievissimo peggioramento a partire dalle Prealpi occidentali. Far\u00e0 pi\u00f9 freddo di notte.<br \/>\n<b>Precipitazioni:\u00a0<\/b>Assenti (0%) fino alle prime ore della sera. Poi probabilit\u00e0 medio-bassa (30\/50%) di debolissime precipitazioni, nevose oltre i 700\/800 m sulle Prealpi e perlopi\u00f9 nei fondovalle dolomitici.<br \/>\n<b>Temperature:\u00a0<\/b>Minime in calo con diffuse gelate, anche forti nei posti innevati (-7\/-10\u00b0C a 1000\/1200 m, anche di pi\u00f9 sugli altopiani prealpini alle stesse quote); massime in leggero calo a tutte le quote, specie nei settori in ombra. Su Prealpi a 1500 m min -5\u00b0C max -3\u00b0C, a 2000 m min -7\u00b0C max -5\u00b0C. Su Dolomiti a 2000 m min -8\u00b0C max -6\u00b0C, a 3000 m min -11\u00b0C max -10\u00b0C.<br \/>\n<b>Venti:\u00a0<\/b>Nelle valli, deboli di direzione variabile, in quota deboli o moderati da sud-ovest, anche tesi sulle cime dolomitiche pi\u00f9 alte al pomeriggio, a 5-15 km\/h a 2000 m e 15-35 km\/h a 3000 m.<\/p>\n<hr \/>\n<p><center><b>Sabato 12<\/b><\/center><b>Tempo atteso:\u00a0<\/b>Cielo coperto tra la notte e il mattino, associato a debolissime precipitazioni. Al pomeriggio la copertura nuvolosa rimarr\u00e0 prevalente ed estesa, ma con qualche chance di schiarite a partire dai settori dolomitici settentrionali. Debole escursione termica diurna con atmosfera fresca e umida nelle valli, fredda in alta quota.<br \/>\n<b>Precipitazioni:\u00a0<\/b>Nella notte debolissime precipitazioni (30\/50%) con tracce di neve sopra i 700\/800 m (apporti massimi di 2\/4 cmm specie sulle Prealpi, minori altrove). Al mattino probabilit\u00e0 in diminuzione (20\/30%) per sporadico nevischio in quota, poi fenomeni assenti (0%).<br \/>\n<b>Temperature:\u00a0<\/b>Minime in generale rialzo, specie nelle valli per assenza d&#8217;irraggiamento notturno; massime in lieve ripresa in quota e perlopi\u00f9 stazionarie nelle valli. Su Prealpi a 1500 m min -3\u00b0C max -1\u00b0C, a 2000 m min -5\u00b0C max -2\u00b0C. Su Dolomiti a 2000 m min -5\u00b0C max -2\u00b0C, a 3000 m min -9\u00b0C max -8\u00b0C.<br \/>\n<b>Venti:\u00a0<\/b>Nelle valli, deboli di direzione variabile, in quota perlopi\u00f9 deboli, a tratti moderati, da sud-ovest al mattino e da nord-est al pomeriggio, a 5-10 km\/h a 2000 m e 5-15 km\/h a 3000 m.<\/p>\n<hr \/>\n<p><center><b>Domenica 13<\/b><\/center>Stupenda giornata invernale con sole, cielo sereno, aria tersa ed ottima visibilit\u00e0, eccetto qualche residuo annuvolamento mattutino verso est e rischio nebbie o nubi basse nelle ore pi\u00f9 fredde in alcune depressioni prealpine. Temperature minime in calo; massime in contenuto aumento, eccetto diminuzione nelle valli in ombra o poco assolate. Venti deboli\/moderati da nord-ovest in quota, deboli di direzione variabile nelle valli, eccetto locali rinforzi in alcuni settori prealpini, specie per brezze notturne.<\/p>\n<hr \/>\n<p><center><b>Lunedi 14<\/b><\/center>Sole e cielo generalmente sereno, salvo temporanee velature per nubi alte. Aria tersa ed ottima visibilit\u00e0 su quasi tutta la montagna veneta. Minore insidia nebbie o nubi basse notturne nelle depressioni prealpine, ma non da escludere del tutto. Temperature in generale ripresa in quota, minime in calo e massime senza notevoli variazioni nelle valli. Venti deboli\/moderati da nord-ovest in quota, deboli di direzione variabile nelle valli, eccetto locali rinforzi in alcuni settori prealpini, specie di notte. Previsore: R.L.Th.<\/p>\n<p>&nbsp;<\/p>\n<hr \/>\n<p>&nbsp;<\/p>\n<blockquote class=\"wp-embedded-content\" data-secret=\"rXO2n1mMze\"><p><a href=\"https:\/\/www.radiopiu.net\/wordpress\/neve-al-suolo-aggiornamento-arpav-10-dicembre-2020\/\">NEVE AL SUOLO. AGGIORNAMENTO ARPAV 10 DICEMBRE 2020<\/a><\/p><\/blockquote>\n<p><iframe loading=\"lazy\" class=\"wp-embedded-content\" sandbox=\"allow-scripts\" security=\"restricted\" style=\"position: absolute; clip: rect(1px, 1px, 1px, 1px);\" title=\"&#8220;NEVE AL SUOLO. AGGIORNAMENTO ARPAV 10 DICEMBRE 2020&#8221; &#8212; Radio Pi\u00f9\" src=\"https:\/\/www.radiopiu.net\/wordpress\/neve-al-suolo-aggiornamento-arpav-10-dicembre-2020\/embed\/#?secret=rXO2n1mMze\" data-secret=\"rXO2n1mMze\" width=\"600\" height=\"338\" frameborder=\"0\" marginwidth=\"0\" marginheight=\"0\" scrolling=\"no\"><\/iframe><\/p>\n<p>&nbsp;<\/p>\n<h3><\/h3>\n<p>&nbsp;<\/p>\n<p>&nbsp;<\/p>\n<\/div>\n","protected":false},"excerpt":{"rendered":"<p>PER RICEVERE QUESTO NOTIZIARIO DIRETTAMENTE SUL TUO CELLULARE ISCRIVITI AL CANALE TELEGRAM \u201cRADIO PIU\u00a0 INFORMAZIONE&#8221; &nbsp; ARABBA: Il risveglio dopo giorni di buio, neve e lampeggianti. &nbsp; &nbsp; ATTENZIONE: LA NUOVA APP PER IOS-IPHONE https:\/\/apps.apple.com\/it\/app\/radio-pi%C3%B9-emittente-agordina\/id1515939845 ATTENZIONE: LA NUOVA APP RADIO\u00a0 PER ANDROID https:\/\/play.google.com\/store\/apps\/details?id=net.radiopiu.iniko\u00a0\u00a0 &nbsp; AGGIORNAMENTO VIABILITA&#8217; ANCORA MOLTI I PASSI CHIUSI, VAL ZOLDANA FUORI DALL&#8217;ISOLAMENTO&hellip;<\/p>\n","protected":false},"author":4,"featured_media":178630,"comment_status":"closed","ping_status":"closed","sticky":false,"template":"","format":"standard","meta":{"_monsterinsights_skip_tracking":false,"_monsterinsights_sitenote_active":false,"_monsterinsights_sitenote_note":"","_monsterinsights_sitenote_category":0,"footnotes":""},"categories":[1,51,86,49],"tags":[],"class_list":["post-178465","post","type-post","status-publish","format-standard","has-post-thumbnail","hentry","category-senza-categoria","category-evidenza-top","category-gr","category-news-18","category-1","category-51","category-86","category-49","description-off"],"img_url":"https:\/\/www.radiopiu.net\/wordpress\/wp-content\/uploads\/2020\/12\/977dcb48-c717-4841-8405-e2e21c961076.jpg","_links":{"self":[{"href":"https:\/\/www.radiopiu.net\/wordpress\/wp-json\/wp\/v2\/posts\/178465","targetHints":{"allow":["GET"]}}],"collection":[{"href":"https:\/\/www.radiopiu.net\/wordpress\/wp-json\/wp\/v2\/posts"}],"about":[{"href":"https:\/\/www.radiopiu.net\/wordpress\/wp-json\/wp\/v2\/types\/post"}],"author":[{"embeddable":true,"href":"https:\/\/www.radiopiu.net\/wordpress\/wp-json\/wp\/v2\/users\/4"}],"replies":[{"embeddable":true,"href":"https:\/\/www.radiopiu.net\/wordpress\/wp-json\/wp\/v2\/comments?post=178465"}],"version-history":[{"count":0,"href":"https:\/\/www.radiopiu.net\/wordpress\/wp-json\/wp\/v2\/posts\/178465\/revisions"}],"wp:featuredmedia":[{"embeddable":true,"href":"https:\/\/www.radiopiu.net\/wordpress\/wp-json\/wp\/v2\/media\/178630"}],"wp:attachment":[{"href":"https:\/\/www.radiopiu.net\/wordpress\/wp-json\/wp\/v2\/media?parent=178465"}],"wp:term":[{"taxonomy":"category","embeddable":true,"href":"https:\/\/www.radiopiu.net\/wordpress\/wp-json\/wp\/v2\/categories?post=178465"},{"taxonomy":"post_tag","embeddable":true,"href":"https:\/\/www.radiopiu.net\/wordpress\/wp-json\/wp\/v2\/tags?post=178465"}],"curies":[{"name":"wp","href":"https:\/\/api.w.org\/{rel}","templated":true}]}}