{"id":178524,"date":"2020-12-10T12:05:46","date_gmt":"2020-12-10T11:05:46","guid":{"rendered":"https:\/\/www.radiopiu.net\/wordpress\/?p=178524"},"modified":"2020-12-10T12:05:46","modified_gmt":"2020-12-10T11:05:46","slug":"banda-ultralarga-servizi-attivi-in-92-comuni-veneti-37-collaudati-nel-2020-7-in-provincia-di-belluno","status":"publish","type":"post","link":"https:\/\/www.radiopiu.net\/wordpress\/banda-ultralarga-servizi-attivi-in-92-comuni-veneti-37-collaudati-nel-2020-7-in-provincia-di-belluno\/","title":{"rendered":"BANDA ULTRALARGA. SERVIZI ATTIVI IN 92 COMUNI VENETI, 37 COLLAUDATI NEL 2020 (7 IN PROVINCIA DI BELLUNO)"},"content":{"rendered":"<p><strong><a href=\"https:\/\/www.radiopiu.net\/wordpress\/giornale-radiopiu-27-aprile-2020-direttore-mirko-mezzacasa\/fibra-ottica\/\" rel=\"attachment wp-att-133161\"><img loading=\"lazy\" decoding=\"async\" class=\"size-medium wp-image-133161 alignleft\" src=\"https:\/\/www.radiopiu.net\/wordpress\/wp-content\/uploads\/2020\/04\/fibra-ottica-300x200.jpg\" alt=\"\" width=\"300\" height=\"200\" srcset=\"https:\/\/www.radiopiu.net\/wordpress\/wp-content\/uploads\/2020\/04\/fibra-ottica-300x200.jpg 300w, https:\/\/www.radiopiu.net\/wordpress\/wp-content\/uploads\/2020\/04\/fibra-ottica-1024x683.jpg 1024w, https:\/\/www.radiopiu.net\/wordpress\/wp-content\/uploads\/2020\/04\/fibra-ottica-768x512.jpg 768w, https:\/\/www.radiopiu.net\/wordpress\/wp-content\/uploads\/2020\/04\/fibra-ottica-1536x1024.jpg 1536w, https:\/\/www.radiopiu.net\/wordpress\/wp-content\/uploads\/2020\/04\/fibra-ottica.jpg 1920w\" sizes=\"auto, (max-width: 300px) 100vw, 300px\" \/><\/a>VENEZIA\u00a0<\/strong>\u201c<em>A suon di lettere, solleciti e diffide inviate personalmente a tutti i livelli governativi, registriamo una timida accelerazione sulla realizzazione della rete di banda ultra larga, ma ci aspettiamo che il piano si chiuda al pi\u00f9 presto con un forte e significativo scatto in avanti. Ricordo a tutti che siamo ben lontano dagli obiettivi: la scadenza sarebbe stata la fine del 2020 per tutti i Comuni del Veneto, quindi non c\u2019\u00e8 da gioire troppo<\/em>\u201d. Cos\u00ec l\u2019assessore regionale allo sviluppo economico Roberto Marcato commenta i dati sullo stato di avanzamento del piano regionale per l\u2019estensione della banda ultra larga che risulta in larghissimo ritardo rispetto alla conclusione prevista dal piano nazionale. La struttura tecnica regionale comunica che, ad oggi, i Comuni collaudati positivamente risultano essere 37. Tuttavia, grazie alla deroga concessa da Infratel, il Concessionario ha potuto attivare il servizio anche nei Comuni in cui non \u00e8 stato fatto il collaudo. Pertanto, a novembre 2020 risultano esserci complessivamente 92 Comuni con servizi di connettivit\u00e0 attivi e siamo alle soglie di circa 100.000 unit\u00e0 immobiliari vendibili da parte di Open Fiber. \u201c<em>In un anno disgraziato come questo, in cui la connessione alla rete \u00e8 diventata da un giorno all\u2019altro condizione sine qua non tanto per le scuole quanto per le famiglie e per l\u2019intero sistema produttivo, &#8211; sottolinea ancora Marcato \u2013 il fatto di avere un progetto cos\u00ec importante in cos\u00ec ampio ritardo \u00e8 di una gravit\u00e0 assoluta. Il continuo impegno che abbiamo messo nel portare il tema dei ritardi ai tavoli nazionali, oltre alle lettere a Ministri di tutti i Governi che si sono succeduti, alla Commissione Agenda Digitale, ecc., sta iniziando a produrre risultati\u201d. \u201cLa strada \u00e8 lunga \u2013 conclude &#8211; ma serve tenere accesi i riflettori finch\u00e9 l\u2019ultimo Comune previsto da Piano non sar\u00e0 allacciato. E fino ad allora non smetter\u00f2 di ricordarlo a chi di dovere<\/em>\u201d. 7 i comuni collaudati in provincia di\u00a0Belluno (Alano di Piave, Canale d\u2019Agordo, Lentiai, Rivamonte Agordino, San Gregorio nelle Alpi, Seren del Grappa, Vallada Agordina).<\/p>\n","protected":false},"excerpt":{"rendered":"<p>VENEZIA\u00a0\u201cA suon di lettere, solleciti e diffide inviate personalmente a tutti i livelli governativi, registriamo una timida accelerazione sulla realizzazione della rete di banda ultra larga, ma ci aspettiamo che il piano si chiuda al pi\u00f9 presto con un forte e significativo scatto in avanti. Ricordo a tutti che siamo ben lontano dagli obiettivi: la&hellip;<\/p>\n","protected":false},"author":4,"featured_media":133161,"comment_status":"closed","ping_status":"closed","sticky":false,"template":"","format":"standard","meta":{"_monsterinsights_skip_tracking":false,"_monsterinsights_sitenote_active":false,"_monsterinsights_sitenote_note":"","_monsterinsights_sitenote_category":0,"footnotes":""},"categories":[49],"tags":[],"class_list":["post-178524","post","type-post","status-publish","format-standard","has-post-thumbnail","hentry","category-news-18","category-49","description-off"],"img_url":"https:\/\/www.radiopiu.net\/wordpress\/wp-content\/uploads\/2020\/04\/fibra-ottica.jpg","_links":{"self":[{"href":"https:\/\/www.radiopiu.net\/wordpress\/wp-json\/wp\/v2\/posts\/178524","targetHints":{"allow":["GET"]}}],"collection":[{"href":"https:\/\/www.radiopiu.net\/wordpress\/wp-json\/wp\/v2\/posts"}],"about":[{"href":"https:\/\/www.radiopiu.net\/wordpress\/wp-json\/wp\/v2\/types\/post"}],"author":[{"embeddable":true,"href":"https:\/\/www.radiopiu.net\/wordpress\/wp-json\/wp\/v2\/users\/4"}],"replies":[{"embeddable":true,"href":"https:\/\/www.radiopiu.net\/wordpress\/wp-json\/wp\/v2\/comments?post=178524"}],"version-history":[{"count":0,"href":"https:\/\/www.radiopiu.net\/wordpress\/wp-json\/wp\/v2\/posts\/178524\/revisions"}],"wp:featuredmedia":[{"embeddable":true,"href":"https:\/\/www.radiopiu.net\/wordpress\/wp-json\/wp\/v2\/media\/133161"}],"wp:attachment":[{"href":"https:\/\/www.radiopiu.net\/wordpress\/wp-json\/wp\/v2\/media?parent=178524"}],"wp:term":[{"taxonomy":"category","embeddable":true,"href":"https:\/\/www.radiopiu.net\/wordpress\/wp-json\/wp\/v2\/categories?post=178524"},{"taxonomy":"post_tag","embeddable":true,"href":"https:\/\/www.radiopiu.net\/wordpress\/wp-json\/wp\/v2\/tags?post=178524"}],"curies":[{"name":"wp","href":"https:\/\/api.w.org\/{rel}","templated":true}]}}