{"id":178624,"date":"2020-12-10T23:59:27","date_gmt":"2020-12-10T22:59:27","guid":{"rendered":"https:\/\/www.radiopiu.net\/wordpress\/?p=178624"},"modified":"2020-12-10T16:41:03","modified_gmt":"2020-12-10T15:41:03","slug":"limana-ambiente-storia-e-cultura-e-un-capitolo-dedicato-alle-ville-di-renato-bona","status":"publish","type":"post","link":"https:\/\/www.radiopiu.net\/wordpress\/limana-ambiente-storia-e-cultura-e-un-capitolo-dedicato-alle-ville-di-renato-bona\/","title":{"rendered":"LIMANA. AMBIENTE, STORIA E CULTURA (E UN CAPITOLO DEDICATO ALLE VILLE) di RENATO BONA"},"content":{"rendered":"<p><strong>BELLUNO\u00a0<\/strong> C\u2019\u00e8 un capitolo, nel pregevole volume intitolato \u201cAmbiente, storia e cultura di Limana\u201d che Biblioteca civica (Michele Talo) e Comune (sindaco Renato De Fanti), col contributo della Regione, hanno dato alle stampe con \u201cCastaldi\u201d Feltre nell\u2019aprile del 1995\u201d, che tratta di Limana e le sue ville con l\u2019architetto Mauro Vedana e la collaborazione della stessa Biblioteca. Gli altri autori dei testi: Isidoro Barattin, Giuseppe Tormen-Adriano De Faveri, Carlo Mondini-Aldo Villabruna, Luisa Alpago Novello, Corrado Ghezzo, Paolo Viel, Raffaele Tormen, Claudio Sala, Giuliana Saretta, don Paolo Pescosta e don Aurelio Frezza, Giovanni Melanco, Angela Fattore. Detto del consolidamento dell\u2019identit\u00e0 territoriale del Veneto con l\u2019espandersi in terraferma del dominio della Serenissima, nei primi anni del quindicesimo secolo, ricordando che \u201cNel primo Cinquecento il processo di trasformazione in chiave rinascimentale \u00e8 pressoch\u00e9 concluso e la Villa Veneta ha ormai un suo preciso assetto\u201d Vedana aggiunge: \u201cL\u2019interessamento per l\u2019agricoltura da parte di personalit\u00e0 della cultura, come, tra i molti, l\u2019umanista Pierio Valeriano e il bibliofilo Odorico Piloni, sottolineano appunto lo stretto legame esistente tra la cultura umanistica e la vita in villa, intesa come luogo di tranquillit\u00e0 per attendere ai propri studi e per dirigere la coltivazione dei campi. Infatti mentre nelle campagne vengono abbandonati ed anzi demoliti, secondo le prescrizioni della Repubblica Veneta, i castelli e le residenze fortificate, alla carriera delle armi si sostituisce la pi\u00f9 sottile esperienza della \u2018speculazione\u2019 e degli studi, che viene favorita dalla pace della natura\u201d. Ancora: \u201cE\u2019 abbastanza ovvia la constatazione della stretta interdipendenza del binomio villa-ambiente\u201d. E: \u201cPer questo particolare tipo di insediamento umano, vengono scelte posizioni dominanti e panoramiche, nelle zone collinari o con rilievi\u201d. E la villa &#8211; secondo quanto scriveva a suo tempo A. Alpago Novello &#8211; \u201cdoveva notarsi nel paesaggio, restare come punto di riferimento, e molto spesso anche la natura circostante veniva trasformata dall\u2019opera dell\u2019uomo, nei rigidi schemi del giardino all\u2019italiana\u201d. Ed ecco sintetiche notizie relative alle ville limanesi pi\u00f9 importanti. VILLA PILONI a Cesa: sorge nel paese di Cesa, noto un tempo quale sede di un piccolo porto fluviale per merci e passeggeri. Pare che risalga alla fine del XVIII secolo e che il vasto parco che la circonda sia stato disegnato dall\u2019architetto-giardiniere di Versailles, Alexandre Poiteau, giunto nel Bellunese al seguito delle truppe di Napoleone. L\u2019edificio, che ospita &#8211; all\u2019interno, fra l\u2019altro, opere del Ricci &#8211; \u00e8 tuttora della stessa famiglia. VILLA PILONI a Villa: la costruzione risale probabilmente ai primi del XVIII secolo; la propriet\u00e0 \u00e8 passata successivamente dai Piloni agli Alpago (in occasione del matrimonio nel 1761 della contessa Porzia Piloni con Andrea Alpago) quindi a Matteo Doglioni Dal Mas ed infine ai nobili de Castello, attuali proprietari. Interno ricco di arredi e mobili antichi e impreziosito da due grandi tele settecentesche del Brustolon. VILLA BARCELLONI a Mane: anche questa risale al XVIII secolo ed \u00e8 stata edificata per la nobile famiglia bellunese dei Barcelloni. Nel XIX secolo pass\u00f2 alla famiglia De Mori, poi De Mori e Consorti; fu devastata dalla Grande guerra ed \u00e8 stata praticamente abbandonata prima di essere trasformata con un corpo centrale, porticato a pianterreno su tre piani affiancati da due ali rustiche. VILLA SACELLO di Col di Mezzo: secondo una piccola lapide nella cappellina, risale ai primi del XVIII secolo. Proprietari furono con ogni probabilit\u00e0 i Sacello, nobile famiglia di notai oriunda di Sacile; ora \u00e8 propriet\u00e0 Colle. VILLA SACELLO di Centore: della prima met\u00e0 del XVIII secolo apparteneva alla nobile famiglia dei Doglioni passando quindi ai Pagani, ai De Lago e infine alla famiglia Zadra, attuale proprietaria. Ha due facciate molto simili con un motivo centrale di trifore e poggioli, impreziosita con un porticato a pianterreno e doppio ordine di balconi. VILLA TROIS a Pieve: si presume sia stata l\u2019antica sede del Comune di Limana e deve il nome ai primi proprietari, famiglia nobiliare di Livinallongo, ora estinta. Pure del XVIII secolo, l\u2019edificio ha pianta \u201cad elle\u201d; l\u2019ingresso \u00e8 reso prezioso ed imponente da pilastri. Una cappellina \u00e8 orientata a sera. Ora scomparsa, completava la struttura, benE integrata nel disegno urbanistico della piazza di allora. CANONICA a Pieve: pu\u00f2 essere annoverata tra le ville pi\u00f9 importanti del comune; la costruzione, su due piani, risale verosimilmente al 1670 e secondo Vedana ripete lo schema della casa rurale con portico e logge sovrapposte e scala esterna. La residenza dei canonici della Pieve di Limana \u00e8 sostanzialmente una villa sia per le esigenze pratiche per cui era stata pensata, sia per le caratteristiche architettoniche. L\u2019edificio ha conosciuto in seguito periodi di decadenza IN conseguenza dei passaggi di propriet\u00e0 e varie ristrutturazioni. Villa CROCECALLE a Navasa: risaliva con ogni probabilit\u00e0 al XVI secolo ed \u00e8 andata completamente perduta. Le uniche testimonianze: l\u2019imponente portone d\u2019ingresso, sul fondo di un gran cortile che appare in un disegno di O. Monti del 1882, una massiccia costruzione padronale con arcate e bifore. E\u2019 possibile che la villa o una sua parte sia appartenuta a un Ramo della famiglia Rudio e della famiglia Barcelloni (che gi\u00e0 possedeva la vicina villa di Mane). Villa TASSO a Triches: molto piccola e decisamente alta, con volume cubico sorge in posizione panoramica e dominante; la costruzione dovrebbe essere del XVIII secolo; non sono certi i pi\u00f9 antichi proprietari ma si ricordano le famiglie Tasso, Borgo, Longana. Concludiamo la carrellata con la VILLA PAGANI CESA sede del Municipio, esempio tipico dell\u2019edilizia padronale del periodo che va dalla fine del XVII e l\u2019inizio del XVIII secolo. Il nuclei della villa era la sala centrale passante del piano nobile, marcata esternamente dal motivo delle tre aperture centrali pi\u00f9 allungate. In due stanze (\u201cdella finta tappezzeria\u201d e \u201cdelle cornici\u201d) e una parete del vano scale \u00e8 sopravvissuta parte dell\u2019originaria decorazione ad affreschi mentre permane in un grande ambiente dal piano terra, parte del tavolato dipinto del soffitto.<\/p>\n\n\t\t\t<style type='text\/css'>\n\t\t\t\t#gallery-1 {\n\t\t\t\t\tmargin: auto;\n\t\t\t\t}\n\t\t\t\t#gallery-1 .gallery-item {\n\t\t\t\t\tfloat: left;\n\t\t\t\t\tmargin-top: 10px;\n\t\t\t\t\ttext-align: center;\n\t\t\t\t\twidth: 20%;\n\t\t\t\t}\n\t\t\t\t#gallery-1 img {\n\t\t\t\t\tborder: 2px solid #cfcfcf;\n\t\t\t\t}\n\t\t\t\t#gallery-1 .gallery-caption {\n\t\t\t\t\tmargin-left: 0;\n\t\t\t\t}\n\t\t\t\t\/* see gallery_shortcode() in wp-includes\/media.php *\/\n\t\t\t<\/style>\n\t\t<div id='gallery-1' class='dt-gallery-container gallery galleryid-178624 gallery-columns-5 gallery-size-thumbnail'><dl class='gallery-item'>\n\t\t\t\t<dt class='gallery-icon portrait'>\n\t\t\t\t\t<a class=\"rollover rollover-zoom dt-pswp-item\" title=\"130855684_763045124556323_9041384580512269806_n\" data-dt-img-description=\"\" data-large_image_width=\"1371\" data-large_image_height=\"2048\"href='https:\/\/www.radiopiu.net\/wordpress\/wp-content\/uploads\/2020\/12\/130855684_763045124556323_9041384580512269806_n.jpg'><img loading=\"lazy\" decoding=\"async\" width=\"150\" height=\"150\" src=\"https:\/\/www.radiopiu.net\/wordpress\/wp-content\/uploads\/2020\/12\/130855684_763045124556323_9041384580512269806_n-150x150.jpg\" class=\"attachment-thumbnail size-thumbnail\" alt=\"\" \/><\/a>\n\t\t\t\t<\/dt><\/dl><dl class='gallery-item'>\n\t\t\t\t<dt class='gallery-icon portrait'>\n\t\t\t\t\t<a class=\"rollover rollover-zoom dt-pswp-item\" title=\"130603259_448972119838577_8379063192279623190_n\" data-dt-img-description=\"\" data-large_image_width=\"74\" data-large_image_height=\"113\"href='https:\/\/www.radiopiu.net\/wordpress\/wp-content\/uploads\/2020\/12\/130603259_448972119838577_8379063192279623190_n.jpg'><img loading=\"lazy\" decoding=\"async\" width=\"74\" height=\"113\" src=\"https:\/\/www.radiopiu.net\/wordpress\/wp-content\/uploads\/2020\/12\/130603259_448972119838577_8379063192279623190_n.jpg\" class=\"attachment-thumbnail size-thumbnail\" alt=\"\" \/><\/a>\n\t\t\t\t<\/dt><\/dl><dl class='gallery-item'>\n\t\t\t\t<dt class='gallery-icon landscape'>\n\t\t\t\t\t<a class=\"rollover rollover-zoom dt-pswp-item\" title=\"130782462_721667945431845_18812401327580232_n\" data-dt-img-description=\"\" data-large_image_width=\"2048\" data-large_image_height=\"1349\"href='https:\/\/www.radiopiu.net\/wordpress\/wp-content\/uploads\/2020\/12\/130782462_721667945431845_18812401327580232_n.jpg'><img loading=\"lazy\" decoding=\"async\" width=\"150\" height=\"150\" src=\"https:\/\/www.radiopiu.net\/wordpress\/wp-content\/uploads\/2020\/12\/130782462_721667945431845_18812401327580232_n-150x150.jpg\" class=\"attachment-thumbnail size-thumbnail\" alt=\"\" \/><\/a>\n\t\t\t\t<\/dt><\/dl><dl class='gallery-item'>\n\t\t\t\t<dt class='gallery-icon landscape'>\n\t\t\t\t\t<a class=\"rollover rollover-zoom dt-pswp-item\" title=\"130822168_301558127817186_6073308502950804866_n\" data-dt-img-description=\"\" data-large_image_width=\"2048\" data-large_image_height=\"1312\"href='https:\/\/www.radiopiu.net\/wordpress\/wp-content\/uploads\/2020\/12\/130822168_301558127817186_6073308502950804866_n.jpg'><img loading=\"lazy\" decoding=\"async\" width=\"150\" height=\"150\" src=\"https:\/\/www.radiopiu.net\/wordpress\/wp-content\/uploads\/2020\/12\/130822168_301558127817186_6073308502950804866_n-150x150.jpg\" class=\"attachment-thumbnail size-thumbnail\" alt=\"\" \/><\/a>\n\t\t\t\t<\/dt><\/dl><dl class='gallery-item'>\n\t\t\t\t<dt class='gallery-icon landscape'>\n\t\t\t\t\t<a class=\"rollover rollover-zoom dt-pswp-item\" title=\"130778058_513464842947653_6324101708269009538_n\" data-dt-img-description=\"\" data-large_image_width=\"2048\" data-large_image_height=\"1611\"href='https:\/\/www.radiopiu.net\/wordpress\/wp-content\/uploads\/2020\/12\/130778058_513464842947653_6324101708269009538_n.jpg'><img loading=\"lazy\" decoding=\"async\" width=\"150\" height=\"150\" src=\"https:\/\/www.radiopiu.net\/wordpress\/wp-content\/uploads\/2020\/12\/130778058_513464842947653_6324101708269009538_n-150x150.jpg\" class=\"attachment-thumbnail size-thumbnail\" alt=\"\" \/><\/a>\n\t\t\t\t<\/dt><\/dl><br style=\"clear: both\" \/><dl class='gallery-item'>\n\t\t\t\t<dt class='gallery-icon landscape'>\n\t\t\t\t\t<a class=\"rollover rollover-zoom dt-pswp-item\" title=\"131057557_760069218052495_2445299117176305519_n\" data-dt-img-description=\"\" data-large_image_width=\"2048\" data-large_image_height=\"1368\"href='https:\/\/www.radiopiu.net\/wordpress\/wp-content\/uploads\/2020\/12\/131057557_760069218052495_2445299117176305519_n.jpg'><img loading=\"lazy\" decoding=\"async\" width=\"150\" height=\"150\" src=\"https:\/\/www.radiopiu.net\/wordpress\/wp-content\/uploads\/2020\/12\/131057557_760069218052495_2445299117176305519_n-150x150.jpg\" class=\"attachment-thumbnail size-thumbnail\" alt=\"\" \/><\/a>\n\t\t\t\t<\/dt><\/dl><dl class='gallery-item'>\n\t\t\t\t<dt class='gallery-icon portrait'>\n\t\t\t\t\t<a class=\"rollover rollover-zoom dt-pswp-item\" title=\"130733279_1275923152782376_8832705672887039092_n\" data-dt-img-description=\"\" data-large_image_width=\"1477\" data-large_image_height=\"2048\"href='https:\/\/www.radiopiu.net\/wordpress\/wp-content\/uploads\/2020\/12\/130733279_1275923152782376_8832705672887039092_n.jpg'><img loading=\"lazy\" decoding=\"async\" width=\"150\" height=\"150\" src=\"https:\/\/www.radiopiu.net\/wordpress\/wp-content\/uploads\/2020\/12\/130733279_1275923152782376_8832705672887039092_n-150x150.jpg\" class=\"attachment-thumbnail size-thumbnail\" alt=\"\" \/><\/a>\n\t\t\t\t<\/dt><\/dl><dl class='gallery-item'>\n\t\t\t\t<dt class='gallery-icon landscape'>\n\t\t\t\t\t<a class=\"rollover rollover-zoom dt-pswp-item\" title=\"130738248_205146984419548_7026840821620720072_n\" data-dt-img-description=\"\" data-large_image_width=\"2048\" data-large_image_height=\"1201\"href='https:\/\/www.radiopiu.net\/wordpress\/wp-content\/uploads\/2020\/12\/130738248_205146984419548_7026840821620720072_n.jpg'><img loading=\"lazy\" decoding=\"async\" width=\"150\" height=\"150\" src=\"https:\/\/www.radiopiu.net\/wordpress\/wp-content\/uploads\/2020\/12\/130738248_205146984419548_7026840821620720072_n-150x150.jpg\" class=\"attachment-thumbnail size-thumbnail\" alt=\"\" \/><\/a>\n\t\t\t\t<\/dt><\/dl><dl class='gallery-item'>\n\t\t\t\t<dt class='gallery-icon portrait'>\n\t\t\t\t\t<a class=\"rollover rollover-zoom dt-pswp-item\" title=\"131067538_710666893222093_7562934100393236485_n\" data-dt-img-description=\"\" data-large_image_width=\"1511\" data-large_image_height=\"2048\"href='https:\/\/www.radiopiu.net\/wordpress\/wp-content\/uploads\/2020\/12\/131067538_710666893222093_7562934100393236485_n.jpg'><img loading=\"lazy\" decoding=\"async\" width=\"150\" height=\"150\" src=\"https:\/\/www.radiopiu.net\/wordpress\/wp-content\/uploads\/2020\/12\/131067538_710666893222093_7562934100393236485_n-150x150.jpg\" class=\"attachment-thumbnail size-thumbnail\" alt=\"\" \/><\/a>\n\t\t\t\t<\/dt><\/dl>\n\t\t\t\t<br style='clear: both' \/>\n\t\t\t<\/div>\n\n<p>&nbsp;<\/p>\n<p>NELLE FOTO (wordpress.com e riproduzioni dal libro \u201cAmbiente, storia e cultura di Limana\u201d): la copertina del libro edito da Biblioteca e Comune nel 1995); l\u2019architetto Mauro Vedana curatore, in collaborazione per la parte pittorica di Tiziana Conte, del capitolo dedicato a \u201cLe Ville di Limana\u201d; Villa Piloni; disegno del Monti della Villa Barcelloni a Mane (Museo civico di Belluno); Villa sacello a Col di Mezzo in un disegno del 1870 ancora di Osvaldo Monti (Museo civico di Belluno); Villa Sacello a Centore; esterno della sede municipale; veduta dal palazzo prima del restauro; veduta notturna del Municipio<\/p>\n","protected":false},"excerpt":{"rendered":"<p>BELLUNO\u00a0 C\u2019\u00e8 un capitolo, nel pregevole volume intitolato \u201cAmbiente, storia e cultura di Limana\u201d che Biblioteca civica (Michele Talo) e Comune (sindaco Renato De Fanti), col contributo della Regione, hanno dato alle stampe con \u201cCastaldi\u201d Feltre nell\u2019aprile del 1995\u201d, che tratta di Limana e le sue ville con l\u2019architetto Mauro Vedana e la collaborazione della&hellip;<\/p>\n","protected":false},"author":4,"featured_media":178614,"comment_status":"closed","ping_status":"closed","sticky":false,"template":"","format":"standard","meta":{"_monsterinsights_skip_tracking":false,"_monsterinsights_sitenote_active":false,"_monsterinsights_sitenote_note":"","_monsterinsights_sitenote_category":0,"footnotes":""},"categories":[49],"tags":[],"class_list":["post-178624","post","type-post","status-publish","format-standard","has-post-thumbnail","hentry","category-news-18","category-49","description-off"],"img_url":"https:\/\/www.radiopiu.net\/wordpress\/wp-content\/uploads\/2020\/12\/130778058_513464842947653_6324101708269009538_n.jpg","_links":{"self":[{"href":"https:\/\/www.radiopiu.net\/wordpress\/wp-json\/wp\/v2\/posts\/178624","targetHints":{"allow":["GET"]}}],"collection":[{"href":"https:\/\/www.radiopiu.net\/wordpress\/wp-json\/wp\/v2\/posts"}],"about":[{"href":"https:\/\/www.radiopiu.net\/wordpress\/wp-json\/wp\/v2\/types\/post"}],"author":[{"embeddable":true,"href":"https:\/\/www.radiopiu.net\/wordpress\/wp-json\/wp\/v2\/users\/4"}],"replies":[{"embeddable":true,"href":"https:\/\/www.radiopiu.net\/wordpress\/wp-json\/wp\/v2\/comments?post=178624"}],"version-history":[{"count":0,"href":"https:\/\/www.radiopiu.net\/wordpress\/wp-json\/wp\/v2\/posts\/178624\/revisions"}],"wp:featuredmedia":[{"embeddable":true,"href":"https:\/\/www.radiopiu.net\/wordpress\/wp-json\/wp\/v2\/media\/178614"}],"wp:attachment":[{"href":"https:\/\/www.radiopiu.net\/wordpress\/wp-json\/wp\/v2\/media?parent=178624"}],"wp:term":[{"taxonomy":"category","embeddable":true,"href":"https:\/\/www.radiopiu.net\/wordpress\/wp-json\/wp\/v2\/categories?post=178624"},{"taxonomy":"post_tag","embeddable":true,"href":"https:\/\/www.radiopiu.net\/wordpress\/wp-json\/wp\/v2\/tags?post=178624"}],"curies":[{"name":"wp","href":"https:\/\/api.w.org\/{rel}","templated":true}]}}