{"id":178672,"date":"2020-12-11T05:54:31","date_gmt":"2020-12-11T04:54:31","guid":{"rendered":"https:\/\/www.radiopiu.net\/wordpress\/?p=178672"},"modified":"2020-12-11T06:09:20","modified_gmt":"2020-12-11T05:09:20","slug":"gli-scortati-di-col-di-pra-dove-incombe-il-pericolo-di-valanghe","status":"publish","type":"post","link":"https:\/\/www.radiopiu.net\/wordpress\/gli-scortati-di-col-di-pra-dove-incombe-il-pericolo-di-valanghe\/","title":{"rendered":"GLI &#8220;SCORTATI&#8221;  DI COL DI PRA DOVE INCOMBE IL PERICOLO DI VALANGHE"},"content":{"rendered":"<blockquote>\n<h2><strong style=\"font-size: 14px;\"><a href=\"https:\/\/www.radiopiu.net\/wordpress\/gli-scortati-di-col-di-pra-dove-incombe-il-pericolo-di-valanghe\/img_5453\/\" rel=\"attachment wp-att-178675\"><img loading=\"lazy\" decoding=\"async\" class=\" wp-image-178675 alignleft\" src=\"https:\/\/www.radiopiu.net\/wordpress\/wp-content\/uploads\/2020\/12\/IMG_5453-300x204.jpg\" alt=\"\" width=\"262\" height=\"178\" srcset=\"https:\/\/www.radiopiu.net\/wordpress\/wp-content\/uploads\/2020\/12\/IMG_5453-300x204.jpg 300w, https:\/\/www.radiopiu.net\/wordpress\/wp-content\/uploads\/2020\/12\/IMG_5453.jpg 720w\" sizes=\"auto, (max-width: 262px) 100vw, 262px\" \/><\/a>TAIBON\u00a0<\/strong><span style=\"font-size: 14px; font-weight: normal;\"> Come nei giorni dell&#8217;incendio, come nei giorni di Vaia. Ancora una volta nella paura e con il disagio di doversi spostare solo in determinate ore della giornata e sotto scorta, perch\u00e9 la strada \u00e8 chiusa e le valanghe potrebbero scendere da un momento all&#8217;altro. E&#8217; il triste quotidiano degli sfollati di Col di Pra, la frazione in fondo alla Valle di San Lucano, poche case ma gente radicata al territorio. Zero servizi, soprattutto quando l&#8217;ultimo Bar-Ristorante chiuder\u00e0 definitivamente la porta. La linea telefonica fissa \u00e8 una barzelletta, da due anni il cavo corre a lato strada ad altezza animale. I segnali della telefonia mobile non garantiscono i dati, vivere l\u00ec \u00e8 sempre pi\u00f9 difficile e quando arriva l&#8217;ordinanza di evacuazione tutto peggiora.<\/span><\/h2>\n<\/blockquote>\n<p><strong>GIANNI SANTOMASO<\/strong><\/p>\n<audio class=\"wp-audio-shortcode\" id=\"audio-178672-1\" preload=\"none\" style=\"width: 100%;\" controls=\"controls\"><source type=\"audio\/mpeg\" src=\"https:\/\/www.radiopiu.net\/wordpress\/wp-content\/uploads\/2020\/12\/GIANNI-SFOLLATI.mp3?_=1\" \/><a href=\"https:\/\/www.radiopiu.net\/wordpress\/wp-content\/uploads\/2020\/12\/GIANNI-SFOLLATI.mp3\">https:\/\/www.radiopiu.net\/wordpress\/wp-content\/uploads\/2020\/12\/GIANNI-SFOLLATI.mp3<\/a><\/audio>\n<h3><\/h3>\n<h3>VALLE DI SAN LUCANO COL DI PRA\u00a0<span style=\"color: #0000ff;\"> <a style=\"color: #0000ff;\" href=\"http:\/\/www.valledisanlucano.it\/passeggiate%20enrosadiradacoldipra.html\">CLICCA QUI<\/a><\/span><\/h3>\n<p>&nbsp;<\/p>\n<p>&nbsp;<\/p>\n<p>Dalla Provincia e dalla Protezione Civile Regionale gli evacuati per maltempo:\u00a0 <strong>Cencenighe:<\/strong> 2 sfollati (la prima notte erano 6);\u00a0 <strong>Gosaldo:<\/strong> 9 sfollati (4 nuclei), ospiti in un appartamento della Pro Loco, in canonica, da amici e\/o figli.; <strong>Taibon:<\/strong> 1 sfollato, andato dalla compagna (altri 7 evacuati erano villeggianti delle seconde case, tornati alla residenza). <strong>Perarolo:<\/strong> 15 sfollati, resteranno fuori non meno di 15 giorni (in albergo).<br \/>\n<strong>Alpago<\/strong>: 4 sfollati (2 da domenica + 2 da oggi pomeriggio, per casa dichiarata inagibile a seguito del maltempo)- \u00a0San Tomaso._<strong>Canacede<\/strong> fin dal primo giorno 6 sfollati oggi ci potrebbero essere delle novit\u00e0 assicura il sindaco Moreno De Val.<\/p>\n<p>&nbsp;<\/p>\n","protected":false},"excerpt":{"rendered":"<p>TAIBON\u00a0 Come nei giorni dell&#8217;incendio, come nei giorni di Vaia. Ancora una volta nella paura e con il disagio di doversi spostare solo in determinate ore della giornata e sotto scorta, perch\u00e9 la strada \u00e8 chiusa e le valanghe potrebbero scendere da un momento all&#8217;altro. E&#8217; il triste quotidiano degli sfollati di Col di Pra,&hellip;<\/p>\n","protected":false},"author":4,"featured_media":178675,"comment_status":"closed","ping_status":"closed","sticky":false,"template":"","format":"standard","meta":{"_monsterinsights_skip_tracking":false,"_monsterinsights_sitenote_active":false,"_monsterinsights_sitenote_note":"","_monsterinsights_sitenote_category":0,"footnotes":""},"categories":[1,51,49],"tags":[],"class_list":["post-178672","post","type-post","status-publish","format-standard","has-post-thumbnail","hentry","category-senza-categoria","category-evidenza-top","category-news-18","category-1","category-51","category-49","description-off"],"img_url":"https:\/\/www.radiopiu.net\/wordpress\/wp-content\/uploads\/2020\/12\/IMG_5453.jpg","_links":{"self":[{"href":"https:\/\/www.radiopiu.net\/wordpress\/wp-json\/wp\/v2\/posts\/178672","targetHints":{"allow":["GET"]}}],"collection":[{"href":"https:\/\/www.radiopiu.net\/wordpress\/wp-json\/wp\/v2\/posts"}],"about":[{"href":"https:\/\/www.radiopiu.net\/wordpress\/wp-json\/wp\/v2\/types\/post"}],"author":[{"embeddable":true,"href":"https:\/\/www.radiopiu.net\/wordpress\/wp-json\/wp\/v2\/users\/4"}],"replies":[{"embeddable":true,"href":"https:\/\/www.radiopiu.net\/wordpress\/wp-json\/wp\/v2\/comments?post=178672"}],"version-history":[{"count":0,"href":"https:\/\/www.radiopiu.net\/wordpress\/wp-json\/wp\/v2\/posts\/178672\/revisions"}],"wp:featuredmedia":[{"embeddable":true,"href":"https:\/\/www.radiopiu.net\/wordpress\/wp-json\/wp\/v2\/media\/178675"}],"wp:attachment":[{"href":"https:\/\/www.radiopiu.net\/wordpress\/wp-json\/wp\/v2\/media?parent=178672"}],"wp:term":[{"taxonomy":"category","embeddable":true,"href":"https:\/\/www.radiopiu.net\/wordpress\/wp-json\/wp\/v2\/categories?post=178672"},{"taxonomy":"post_tag","embeddable":true,"href":"https:\/\/www.radiopiu.net\/wordpress\/wp-json\/wp\/v2\/tags?post=178672"}],"curies":[{"name":"wp","href":"https:\/\/api.w.org\/{rel}","templated":true}]}}