{"id":178680,"date":"2020-12-12T05:47:52","date_gmt":"2020-12-12T04:47:52","guid":{"rendered":"https:\/\/www.radiopiu.net\/wordpress\/?p=178680"},"modified":"2020-12-13T07:49:12","modified_gmt":"2020-12-13T06:49:12","slug":"giornale-radiopiu-12-dicembre-2020-direttore-mirko-mezzacasa","status":"publish","type":"post","link":"https:\/\/www.radiopiu.net\/wordpress\/giornale-radiopiu-12-dicembre-2020-direttore-mirko-mezzacasa\/","title":{"rendered":"GIORNALE RADIOPIU 12 DICEMBRE 2020 DIRETTORE MIRKO MEZZACASA"},"content":{"rendered":"<h3>PER<strong> RICEVERE QUESTO NOTIZIARIO DIRETTAMENTE SUL TUO CELLULARE ISCRIVITI AL CANALE TELEGRAM <\/strong><strong>\u201cRADIO PIU\u00a0 INFORMAZIONE&#8221;<\/strong><\/h3>\n<p><em>ATTENZIONE: LA NUOVA APP PER IOS-IPHONE<\/em><\/p>\n<div>\n<div><a href=\"https:\/\/apps.apple.com\/it\/app\/radio-pi%C3%B9-emittente-agordina\/id1515939845\">https:\/\/apps.apple.com\/it\/app\/radio-pi%C3%B9-emittente-agordina\/id1515939845<\/a><\/div>\n<\/div>\n<div><\/div>\n<div>\n<div dir=\"auto\"><em>ATTENZIONE: LA NUOVA APP RADIO\u00a0 PER ANDROID<\/em><\/div>\n<\/div>\n<p><a href=\"https:\/\/play.google.com\/store\/apps\/details?id=net.radiopiu.iniko\" target=\"_blank\" rel=\"noopener noreferrer\">https:\/\/play.google.com\/store\/apps\/details?id=net.radiopiu.iniko\u00a0\u00a0<\/a><\/p>\n<p>&nbsp;<\/p>\n<hr \/>\n<p>&nbsp;<\/p>\n<blockquote><p><strong><span style=\"color: #ff0000;\">Purtroppo Google Maps indica la 346 chiusa per frana a Caviola, e il San Pellegrino ancora chiuso. La frana di Caviola \u00e8 episodio di inizio settimana peraltro risolto in poche ore da Veneto Strade. In realt\u00e0 si transita normalmente tra Canale e Caviola e dalle 18 di ieri\u00a0 anche il San Pellegrino \u00e8 aperto Un bel po&#8217;di auto si stanno infilando sulla strada di Gaer-Carfon (guidati da Google)&#8230;.<\/span><\/strong><\/p><\/blockquote>\n<p><strong><img loading=\"lazy\" decoding=\"async\" class=\"alignleft\" src=\"https:\/\/www.radiopiu.net\/wordpress\/wp-content\/uploads\/2020\/12\/07e91ed8-62c4-4cbf-8624-ad73baca40a5.jpg\" width=\"168\" height=\"224\" \/>REDAZIONE<\/strong> Passo Campolongo \u00e8 stato riaperto, spostati anche gli alberi caduti nel corso della giornata trascinati dalla neve (foto Galvano Jr. Dotta). Riaperto anche Passo San Pellegrino<\/p>\n<p><b>RIAPERTURE:<\/b><\/p>\n<p>&#8211; S.P. 244 \u201cdella Val Badia\u201d\u00a0 Passo Campolongo<br \/>\n&#8211; S.R. 48 \u201cdelle Dolomiti\u201d\u00a0 Col Gallina-Cinque Torri<br \/>\n&#8211; S.P. 346 \u201cdel Passo S. Pellegrino<br \/>\n&#8211; S.P. 6 dir \u201cdi Danta\u201d da\u00a0 Ciampo a Casermette<br \/>\n&#8211; S.P. 148 \u201cCadorna\u201d localit\u00e0 Forcelletto<br \/>\n&#8211; S.P. 49 \u201cdi Misurina\u201d- Carbonin.<\/p>\n<p><strong>ALTRI PASSI<\/strong> gi\u00e0 riaperti: \u00a0Duran,\u00a0 Cibiana, Staulanza, Sant&#8217;Antonio, Tre Croci fino a Misurina<\/p>\n<p>&nbsp;<\/p>\n<hr \/>\n<p>&nbsp;<\/p>\n<h2>A NATALE GIALLO VENETO. CASE DI RIPOSO: 1968 MORTI DAL 21 FEBBRAIO (208 A BELLUNO). A BELLUNO E&#8217; RECORD DI CONTAGI, 340 COME LA SCORSA DOMENICA<\/h2>\n<p>Il Veneto come previsto in considerazione della discesa dell&#8217;indice Rt sotto quota 1, rimane in zona gialla senza ulteriori restrizioni da colorazione arancio-rossa. In Provincia ieri c&#8217;\u00e8 stato un nuovo balzo dei contagi (340) e il decesso di una 71enne ricoverata in pneumologia a Belluno. Il numero delle vittime nelle case di riposo \u00e8 stato reso noto ieri: 208 in provincia di Belluno su un totale di 299 morti dal 21 febbraio.<\/p>\n<p>Nelle case di riposo del Veneto (332) ci sono 3662 ospiti positivi su 28.714 (12,8%), di loro 160 sono ricoverati, 1968 sono deceduti da inizio epidemia. Dei 34.790\u00a0 operatori sono 1291 i contagiati (3,7%).\u00a0 Nelle 28 strutture bellunese che ospitano 1895 anziani si contano 173 positivi attualmente positivi (9,1%) di loro 22 sono ricoverati, 208 i decessi dal 21 febbraio. Dei 2527 operatori 34 sono positivi (1,3%). La novit\u00e0: in casa di riposo saranno fatti i test al personale ogni quattro giorni.<\/p>\n<p>&nbsp;<\/p>\n<blockquote>\n<h2>SONO 14 LE PERSONE IN TERAPIA INTENSIVA, UN DECESSO E 340 POSITIVI<\/h2>\n<\/blockquote>\n<div dir=\"auto\"><\/div>\n<div dir=\"auto\">\n<p align=\"JUSTIFY\"><span style=\"font-size: medium;\"><strong>BELLUNO<\/strong> Un decesso nella giornata di ieri,\u00a0 \u00e8 deceduta una donna covid positiva di 71 anni ricoverata in Pneumologia a Belluno. <\/span><strong>POSITIVI ALLE 17 DI IERI 340<\/strong><\/p>\n<p align=\"JUSTIFY\">\n<\/div>\n<div class=\"o9v6fnle cxmmr5t8 oygrvhab hcukyx3x c1et5uql ii04i59q\">\n<div dir=\"auto\"><strong>AURONZO<\/strong> Il sindaco Tatiana Pais Becher cos\u00ec ieri si \u00e8 rivolta ai suoi citttadini: <em>&#8220;I dati del contagio in costante diminuzione confermano il processo di spegnimento del focolaio di Auronzo di Cadore: 66 le persone positive,\u00a0 22\u00a0 in isolamento, in quando contatto stretto dei positivi. \u00a0Anche la situazione della Residenza per Anziani va lentamente normalizzandosi, con il rientro in servizio di tutti gli operatori ora negativizzati. Tutti gli ospiti sono rientrati dalla struttura di Cortina e quasi tutti dall\u2019ospedale di comunit\u00e0 di Auronzo. Nella struttura attualmente permangono 5 anziani positivi. Sono ripresi i contatti quotidiani tra gli ospiti e i loro familiari attraverso le videochiamate&#8221;.<\/em><\/div>\n<div dir=\"auto\"><strong>TAIBON<\/strong> Numeri ancora in aumento\u00a0 ieri 88 positivi e 48 isolati. Il giorno prima: 73 positivi e 41 isolati.<\/div>\n<div dir=\"auto\"><strong>ROCCA PIETORE<\/strong>\u00a0 7 positivi, 12 quarantene <em>&#8220;Le persone a rischio, ammalati, anziani e anche giovani con patologie devono stare attente, troppa rilassatezza&#8221; dice il sindaco Andrea De Bernardin.<\/em><\/div>\n<div dir=\"auto\">\n<p><strong>CORTINA<\/strong> in questi due giorni il numero di positivi al Covid-19 nel territorio di Cortina d\u2019Ampezzo \u00e8 passato da 48 a 47 casi (-1). Le persone in quarantena (isolamento domiciliare), che hanno avuto un contatto stretto con i positivi, sono 25 (+3). <em>&#8220;La curva del contagio continua la sua discesa anche se pi\u00f9 lentamente rispetto la settimana scorsa&#8221;<\/em>\u00a0 dice il sindaco Gianpietro Ghedina.<\/p>\n<div class=\"o9v6fnle cxmmr5t8 oygrvhab hcukyx3x c1et5uql ii04i59q\">\n<div dir=\"auto\"><\/div>\n<\/div>\n<\/div>\n<\/div>\n<div dir=\"auto\">\n<h1 align=\"JUSTIFY\">IN OSPEDALE 174 RICOVERATI<\/h1>\n<table border=\"1\" width=\"652\" frame=\"HSIDES\" rules=\"GROUPS\" cellspacing=\"0\" cellpadding=\"7\">\n<tbody>\n<tr valign=\"TOP\">\n<td width=\"203\"><\/td>\n<td width=\"203\">\n<p align=\"JUSTIFY\"><span style=\"color: #365f91;\"><span style=\"font-size: medium;\"><b>Area NON CRITICA<\/b><\/span><\/span><\/p>\n<\/td>\n<td width=\"203\">\n<p align=\"JUSTIFY\"><span style=\"color: #365f91;\"><span style=\"font-size: medium;\"><b>Terapia Intensiva<\/b><\/span><\/span><\/p>\n<\/td>\n<\/tr>\n<\/tbody>\n<tbody>\n<tr valign=\"TOP\">\n<td bgcolor=\"#d3dfee\" width=\"203\">\n<p align=\"JUSTIFY\"><span style=\"color: #365f91;\"><span style=\"font-size: medium;\"><b>Ospedale di Belluno <\/b><\/span><\/span><\/p>\n<\/td>\n<td bgcolor=\"#d3dfee\" width=\"203\">\n<p align=\"CENTER\"><span style=\"color: #365f91;\"><span style=\"font-size: medium;\">56<\/span><\/span><\/p>\n<\/td>\n<td bgcolor=\"#d3dfee\" width=\"203\">\n<p align=\"CENTER\"><span style=\"color: #365f91;\"><span style=\"font-size: medium;\">6<\/span><\/span><\/p>\n<\/td>\n<\/tr>\n<tr valign=\"TOP\">\n<td bgcolor=\"#d3dfee\" width=\"203\">\n<p align=\"JUSTIFY\"><span style=\"color: #365f91;\"><span style=\"font-size: medium;\"><b>Ospedale di Feltre<\/b><\/span><\/span><\/p>\n<p align=\"JUSTIFY\"><span style=\"color: #365f91;\"><span style=\"font-size: medium;\"><b>Ospedale di Agordo<\/b><\/span><\/span><\/p>\n<\/td>\n<td bgcolor=\"#d3dfee\" width=\"203\">\n<p align=\"CENTER\"><span style=\"color: #365f91;\"><span style=\"font-size: medium;\">53<\/span><\/span><\/p>\n<p align=\"CENTER\"><span style=\"color: #365f91;\"><span style=\"font-size: medium;\">8<\/span><\/span><\/p>\n<\/td>\n<td bgcolor=\"#d3dfee\" width=\"203\">\n<p align=\"CENTER\"><span style=\"color: #365f91;\"><span style=\"font-size: medium;\">8<\/span><\/span><\/p>\n<\/td>\n<\/tr>\n<\/tbody>\n<\/table>\n<p align=\"JUSTIFY\"><span style=\"font-size: medium;\">Le persone attualmente POSITIVE <\/span>ricoverate in Ospedale di Comunit\u00e0 sono:<\/p>\n<table border=\"1\" width=\"652\" frame=\"HSIDES\" rules=\"GROUPS\" cellspacing=\"0\" cellpadding=\"7\">\n<tbody>\n<tr valign=\"TOP\">\n<td width=\"312\"><\/td>\n<td width=\"312\">\n<p align=\"JUSTIFY\"><span style=\"color: #76923c;\"><span style=\"font-size: medium;\"><b>pazienti attualmente positivi<\/b><\/span><\/span><\/p>\n<\/td>\n<\/tr>\n<\/tbody>\n<tbody>\n<tr valign=\"TOP\">\n<td bgcolor=\"#e6eed5\" width=\"312\">\n<p align=\"JUSTIFY\"><span style=\"color: #76923c;\"><span style=\"font-size: medium;\"><b>Ospedale di Comunit\u00e0 AGORDO<\/b><\/span><\/span><\/p>\n<\/td>\n<td bgcolor=\"#e6eed5\" width=\"312\">\n<p align=\"CENTER\"><span style=\"color: #76923c;\"><span style=\"font-size: medium;\">5<\/span><\/span><\/p>\n<\/td>\n<\/tr>\n<tr valign=\"TOP\">\n<td bgcolor=\"#e6eed5\" width=\"312\" height=\"5\">\n<p align=\"JUSTIFY\"><span style=\"color: #76923c;\"><span style=\"font-size: medium;\"><b>Ospedale di Comunit\u00e0 ALANO<\/b><\/span><\/span><\/p>\n<\/td>\n<td bgcolor=\"#e6eed5\" width=\"312\">\n<p align=\"CENTER\"><span style=\"color: #76923c;\"><span style=\"font-size: medium;\">3<\/span><\/span><\/p>\n<\/td>\n<\/tr>\n<tr valign=\"TOP\">\n<td bgcolor=\"#e6eed5\" width=\"312\">\n<p align=\"JUSTIFY\"><span style=\"color: #76923c;\"><span style=\"font-size: medium;\"><b>Ospedale di Comunit\u00e0 AURONZO<\/b><\/span><\/span><\/p>\n<p align=\"JUSTIFY\"><span style=\"color: #76923c;\"><span style=\"font-size: medium;\"><b>Ospedale di Comunit\u00e0 di BELLUNO <\/b><\/span><\/span><\/p>\n<\/td>\n<td bgcolor=\"#e6eed5\" width=\"312\">\n<p align=\"CENTER\"><span style=\"color: #76923c;\"><span style=\"font-size: medium;\">9<\/span><\/span><\/p>\n<p align=\"CENTER\"><span style=\"color: #76923c;\"><span style=\"font-size: medium;\">21<\/span><\/span><\/p>\n<\/td>\n<\/tr>\n<tr valign=\"TOP\">\n<td bgcolor=\"#e6eed5\" width=\"312\">\n<p align=\"JUSTIFY\"><span style=\"color: #76923c;\"><span style=\"font-size: medium;\"><b>Ospedale di Comunit\u00e0 di FELTRE<\/b><\/span><\/span><\/p>\n<\/td>\n<td bgcolor=\"#e6eed5\" width=\"312\">\n<p align=\"CENTER\"><span style=\"color: #76923c;\"><span style=\"font-size: medium;\">13<\/span><\/span><\/p>\n<\/td>\n<\/tr>\n<\/tbody>\n<\/table>\n<p>&nbsp;<\/p>\n<\/div>\n<div class=\"o9v6fnle cxmmr5t8 oygrvhab hcukyx3x c1et5uql ii04i59q\"><\/div>\n<p>&nbsp;<\/p>\n<p>&nbsp;<\/p>\n<hr \/>\n<blockquote>\n<h3><\/h3>\n<h3>LO SPACCIATORE DEL BOSCARIZ ARRESTATO IN GERMANIA, LA GIUSTIZIA ITALIANA LO RECLAMA<\/h3>\n<\/blockquote>\n<p><strong><a href=\"https:\/\/www.radiopiu.net\/wordpress\/lo-spacciatore-di-feltre-arrestato-in-germania-atteso-per-la-fase-processuale-in-procura-a-belluno\/kinteh-omar-ok-1\/\" rel=\"attachment wp-att-178820\"><img loading=\"lazy\" decoding=\"async\" class=\" wp-image-178820 alignleft\" src=\"https:\/\/www.radiopiu.net\/wordpress\/wp-content\/uploads\/2020\/12\/KINTEH-Omar-OK-1-230x300.jpg\" alt=\"\" width=\"131\" height=\"171\" srcset=\"https:\/\/www.radiopiu.net\/wordpress\/wp-content\/uploads\/2020\/12\/KINTEH-Omar-OK-1-230x300.jpg 230w, https:\/\/www.radiopiu.net\/wordpress\/wp-content\/uploads\/2020\/12\/KINTEH-Omar-OK-1-785x1024.jpg 785w, https:\/\/www.radiopiu.net\/wordpress\/wp-content\/uploads\/2020\/12\/KINTEH-Omar-OK-1-768x1002.jpg 768w, https:\/\/www.radiopiu.net\/wordpress\/wp-content\/uploads\/2020\/12\/KINTEH-Omar-OK-1-1178x1536.jpg 1178w, https:\/\/www.radiopiu.net\/wordpress\/wp-content\/uploads\/2020\/12\/KINTEH-Omar-OK-1-1570x2048.jpg 1570w, https:\/\/www.radiopiu.net\/wordpress\/wp-content\/uploads\/2020\/12\/KINTEH-Omar-OK-1.jpg 1772w\" sizes=\"auto, (max-width: 131px) 100vw, 131px\" \/><\/a>BELLUNO<\/strong> Quattro anni fa ai primi di dicembre gli uomini della Questura di Belluno in accordo con la Procura si erano fiondati a Feltre per arrestare\u00a0 Omar Kinteh,\u00a0 gambiano di\u00a0 25 anni indagato per spaccio di stupefacenti anche e soprattutto a minorenni. Ma quel giorno l&#8217;extracomunitario aveva lasciato la Cooperativa Dumia dove era ospite richiedente asilo, scomparso verso una destinazione sconosciuta, almeno\u00a0 fino a pochi giorni fa. Infatti la Polizia Tedesca lo scorso 2 dicembre lo ha arrestato. Oggi la Procura di Belluno chiede venga riportato in Italia per rispondere alla legge. Il soggetto \u00e8 arrivato in Italia a Lampedusa nel maggio del 2015. Da Lampedusa\u00a0 a Belluno e quindi a Feltre dove nel parco Boscariz con altri connazionali nell&#8217;estate del 2016 si \u00e8 dedicato allo spaccio di marijuana e hashis per clienti minorenni che pagavano lo stupefacente dai 10 ai 15 euro a grammo. Le segnalazioni arrivate in Questura\u00a0 hanno dato il l\u00e0 all&#8217;attivit\u00e0 investigativa. All&#8217;inizio Kinteh vendeva al dettaglio poi\u00a0 \u00e8 per\u00f2 salito di livello creando una rete di &#8220;cavalli&#8221; per le consegne. L&#8217;attivit\u00e0 \u00a0si interrompe nell&#8217;autunno del 2016. Il primo dicembre 2016 alle 17 \u00e8 ancora alla Dumia ma il giorno dopo quando arriva la Polizia riesce a far perdere le sue tracce dopo essersi incontrato con una persona, lo confermano alcuni testimoni. Questa \u00e8 l&#8217;ultima traccia dell&#8217;uomo sul territorio italiano. Nel febbraio 2017 vengono emesse le misure cautelari per gli spacciatori, lui compreso. <span lang=\"it-IT\">L\u2019indagine, coordinata dalla Procura della Repubblica di Belluno, aveva portato all\u2019emissione di un\u2019ordinanza cautelare che disponeva la custodia in carcere a carico del gambiano e degli altri connazionali nel febbraio 2017. <\/span>Viene ipotizzato possa essersi trasferito all&#8217;estero e infatti il progetto Wanted III finalizzato alla ricerca dei latitanti. La Squadra Mobile di Belluno ha <span lang=\"it-IT\">iniziato a consultare la rete al fine di reperire informazioni, <\/span>\u00a0trovando i profili sui social con tanto di nome, cognome e fotografie. Il profilo tra l&#8217;altro lo legava ad una donna di Francoforte oggi cinquantenne arrestata nel 2010 a Fiumicino con quasi 5 chilogrammi di cocaina. Tra l&#8217;altro Kinteh aveva postato una serie di fotografie tra supermercati, palestra, autobus che lo riconducevano ad un&#8217;area vicino all&#8217;aeroporto di Stoccarda. Con questo sospetto la PM in Procura ha convinto dil GIP ad emettere un mandato d&#8217;arresto europeo. La Questura ha sollecitato l&#8217;Interpool e alla fine i tedeschi hanno inviato le attese risposte: il 2 dicembre l&#8217;uomo \u00e8 stato individuato, fermato e riconosciuto con tanto di impronte digitali. Ora \u00e8 in carcere in Germania in attesa di essere consegnato alla Giustizia Italiana voli e covid permettendo<\/p>\n<p>&nbsp;<\/p>\n<hr \/>\n<p>&nbsp;<\/p>\n<p>&nbsp;<\/p>\n<blockquote>\n<h2>SI PERDONO NELLA NEVE<\/h2>\n<\/blockquote>\n<p><strong><a class=\"dt-pswp-item\" href=\"https:\/\/www.radiopiu.net\/wordpress\/wp-content\/uploads\/2020\/12\/salt_20201211_172947_111.jpg\" data-dt-img-description=\"\" data-large_image_width=\"2364\" data-large_image_height=\"1773\"><img loading=\"lazy\" decoding=\"async\" class=\" wp-image-178918 alignleft\" src=\"https:\/\/www.radiopiu.net\/wordpress\/wp-content\/uploads\/2020\/12\/salt_20201211_172947_111-300x225.jpg\" alt=\"\" width=\"259\" height=\"194\" srcset=\"https:\/\/www.radiopiu.net\/wordpress\/wp-content\/uploads\/2020\/12\/salt_20201211_172947_111-300x225.jpg 300w, https:\/\/www.radiopiu.net\/wordpress\/wp-content\/uploads\/2020\/12\/salt_20201211_172947_111-1024x768.jpg 1024w, https:\/\/www.radiopiu.net\/wordpress\/wp-content\/uploads\/2020\/12\/salt_20201211_172947_111-768x576.jpg 768w, https:\/\/www.radiopiu.net\/wordpress\/wp-content\/uploads\/2020\/12\/salt_20201211_172947_111-1536x1152.jpg 1536w, https:\/\/www.radiopiu.net\/wordpress\/wp-content\/uploads\/2020\/12\/salt_20201211_172947_111-2048x1536.jpg 2048w\" sizes=\"auto, (max-width: 259px) 100vw, 259px\" \/><\/a>PIEVE DI CADORE\u00a0<\/strong> Ieri pomeriggio\u00a0 la Centrale del 118 \u00e8 stata allertata da due uomini bloccati dalla neve ghiacciata, che dicevano di trovarsi poco sopra il Bivacco Scalon sul Monte Dolada e di vedere l&#8217;abitato di Soccher, da dove erano partiti la mattina alle 10. L&#8217;elicottero del Suem di Pieve di Cadore \u00e8 subito decollato, ma durante la ricognizione sopra il bivacco non li ha visti. Mentre otto tecnici del Soccorso alpino di Longarone e Alpago si preparavano per avviare a piedi la ricerca, in contatto telefonico con i due la Centrale \u00e8 riuscita a dare qualche indicazione in pi\u00f9 all&#8217;equipaggio quando gli escursionisti hanno finalmente visto l&#8217;elicottero. Molto distante, dal momento che erano in un&#8217;altra valle rispetto a quella dove credevano di trovarsi. Saliti da Soccher con racchette, scarpe da trail e tuta da corsa. I due amici bellunesi, R.P., 61 anni, e V.V., 71 anni, avevano mancato il bivacco, che sorge a 1.150 metri, proseguendo a sinistra erano arrivati sotto la Cresta di Campigol in Valpora, nel versante che d\u00e0 su Longarone, e l&#8217;abitato che vedevano era Soverzene e non Soccher. Si erano fermati, completamente fuori dal sentiero, quando avevano iniziato a scivolare, uno per una cinquantina di metri fermato da una pianta. Individuati dall&#8217;eliambulanza nella boscaglia, a quota 1.300, i due sono stati recuperati dal tecnico di elisoccorso con due verricelli da 50 metri e sono stati trasportati fino al campo sportivo di Soccher, dove le squadre di soccorritori erano pronte a partire, qualora l&#8217;elicottero non fosse riuscito a completare il recupero.<\/p>\n<p>&nbsp;<\/p>\n<p>&nbsp;<\/p>\n<p>&nbsp;<\/p>\n<p>&nbsp;<\/p>\n<hr \/>\n<blockquote>\n<h2><\/h2>\n<h2>ENEL E SOCCORSO ALPINO PER IL RIPRISTINO DELLA CABINA DI ARABBA<\/h2>\n<\/blockquote>\n<p><strong>LIVINALLONGO<\/strong> Intervento dei tecnici dell&#8217;Enel dopo che il Soccorso Alpino ha individuato nella neve alta un percorso al sicuro dalle valanghe. Ieri a Passo Campolongo, a 2000 metri di quota e con oltre 2 metri neve, dove la &#8220;cordata&#8221; Soccorso Alpino &#8211; E-Distribuzione ha permesso di completare con successo la messa in servizio della linea di Media Tensione tra Arabba e Passo Campolongo, che alimenta un importante nodo di rete che rifornisce tra gli altri anche il Centro Meteorologico di Arabba e numerosi ripetitori telefonici. L\u2019ondata di neve e gelo dei giorni scorsi aveva\u00a0 provocato la rottura di uno dei cavi della linea, appesantito da grossi manicotti di ghiaccio. L\u2019operazione \u00e8 iniziata all\u2019alba da Agordo, al Passo impegnativa camminata di oltre un&#8217;ora e mezza. Prima del buio, alle 16 conclusione delle operazioni.<\/p>\n\n\t\t\t<style type='text\/css'>\n\t\t\t\t#gallery-1 {\n\t\t\t\t\tmargin: auto;\n\t\t\t\t}\n\t\t\t\t#gallery-1 .gallery-item {\n\t\t\t\t\tfloat: left;\n\t\t\t\t\tmargin-top: 10px;\n\t\t\t\t\ttext-align: center;\n\t\t\t\t\twidth: 33%;\n\t\t\t\t}\n\t\t\t\t#gallery-1 img {\n\t\t\t\t\tborder: 2px solid #cfcfcf;\n\t\t\t\t}\n\t\t\t\t#gallery-1 .gallery-caption {\n\t\t\t\t\tmargin-left: 0;\n\t\t\t\t}\n\t\t\t\t\/* see gallery_shortcode() in wp-includes\/media.php *\/\n\t\t\t<\/style>\n\t\t<div id='gallery-1' class='dt-gallery-container gallery galleryid-178680 gallery-columns-3 gallery-size-thumbnail'><dl class='gallery-item'>\n\t\t\t\t<dt class='gallery-icon portrait'>\n\t\t\t\t\t<a class=\"rollover rollover-zoom dt-pswp-item\" title=\"IMG-20201210-WA0024\" data-dt-img-description=\"\" data-large_image_width=\"980\" data-large_image_height=\"2016\"href='https:\/\/www.radiopiu.net\/wordpress\/wp-content\/uploads\/2020\/12\/IMG-20201210-WA0024.jpg'><img loading=\"lazy\" decoding=\"async\" width=\"150\" height=\"150\" src=\"https:\/\/www.radiopiu.net\/wordpress\/wp-content\/uploads\/2020\/12\/IMG-20201210-WA0024-150x150.jpg\" class=\"attachment-thumbnail size-thumbnail\" alt=\"\" \/><\/a>\n\t\t\t\t<\/dt><\/dl><dl class='gallery-item'>\n\t\t\t\t<dt class='gallery-icon portrait'>\n\t\t\t\t\t<a class=\"rollover rollover-zoom dt-pswp-item\" title=\"IMG-20201210-WA0022\" data-dt-img-description=\"\" data-large_image_width=\"980\" data-large_image_height=\"2016\"href='https:\/\/www.radiopiu.net\/wordpress\/wp-content\/uploads\/2020\/12\/IMG-20201210-WA0022.jpg'><img loading=\"lazy\" decoding=\"async\" width=\"150\" height=\"150\" src=\"https:\/\/www.radiopiu.net\/wordpress\/wp-content\/uploads\/2020\/12\/IMG-20201210-WA0022-150x150.jpg\" class=\"attachment-thumbnail size-thumbnail\" alt=\"\" \/><\/a>\n\t\t\t\t<\/dt><\/dl><dl class='gallery-item'>\n\t\t\t\t<dt class='gallery-icon portrait'>\n\t\t\t\t\t<a class=\"rollover rollover-zoom dt-pswp-item\" title=\"IMG-20201210-WA0019\" data-dt-img-description=\"\" data-large_image_width=\"980\" data-large_image_height=\"2016\"href='https:\/\/www.radiopiu.net\/wordpress\/wp-content\/uploads\/2020\/12\/IMG-20201210-WA0019.jpg'><img loading=\"lazy\" decoding=\"async\" width=\"150\" height=\"150\" src=\"https:\/\/www.radiopiu.net\/wordpress\/wp-content\/uploads\/2020\/12\/IMG-20201210-WA0019-150x150.jpg\" class=\"attachment-thumbnail size-thumbnail\" alt=\"\" \/><\/a>\n\t\t\t\t<\/dt><\/dl><br style=\"clear: both\" \/><dl class='gallery-item'>\n\t\t\t\t<dt class='gallery-icon portrait'>\n\t\t\t\t\t<a class=\"rollover rollover-zoom dt-pswp-item\" title=\"IMG-20201210-WA0018\" data-dt-img-description=\"\" data-large_image_width=\"980\" data-large_image_height=\"2016\"href='https:\/\/www.radiopiu.net\/wordpress\/wp-content\/uploads\/2020\/12\/IMG-20201210-WA0018.jpg'><img loading=\"lazy\" decoding=\"async\" width=\"150\" height=\"150\" src=\"https:\/\/www.radiopiu.net\/wordpress\/wp-content\/uploads\/2020\/12\/IMG-20201210-WA0018-150x150.jpg\" class=\"attachment-thumbnail size-thumbnail\" alt=\"\" \/><\/a>\n\t\t\t\t<\/dt><\/dl><dl class='gallery-item'>\n\t\t\t\t<dt class='gallery-icon portrait'>\n\t\t\t\t\t<a class=\"rollover rollover-zoom dt-pswp-item\" title=\"IMG-20201210-WA0015\" data-dt-img-description=\"\" data-large_image_width=\"980\" data-large_image_height=\"2016\"href='https:\/\/www.radiopiu.net\/wordpress\/wp-content\/uploads\/2020\/12\/IMG-20201210-WA0015.jpg'><img loading=\"lazy\" decoding=\"async\" width=\"150\" height=\"150\" src=\"https:\/\/www.radiopiu.net\/wordpress\/wp-content\/uploads\/2020\/12\/IMG-20201210-WA0015-150x150.jpg\" class=\"attachment-thumbnail size-thumbnail\" alt=\"\" \/><\/a>\n\t\t\t\t<\/dt><\/dl><dl class='gallery-item'>\n\t\t\t\t<dt class='gallery-icon landscape'>\n\t\t\t\t\t<a class=\"rollover rollover-zoom dt-pswp-item\" title=\"IMG-20201210-WA0010\" data-dt-img-description=\"\" data-large_image_width=\"1600\" data-large_image_height=\"900\"href='https:\/\/www.radiopiu.net\/wordpress\/wp-content\/uploads\/2020\/12\/IMG-20201210-WA0010.jpg'><img loading=\"lazy\" decoding=\"async\" width=\"150\" height=\"150\" src=\"https:\/\/www.radiopiu.net\/wordpress\/wp-content\/uploads\/2020\/12\/IMG-20201210-WA0010-150x150.jpg\" class=\"attachment-thumbnail size-thumbnail\" alt=\"\" \/><\/a>\n\t\t\t\t<\/dt><\/dl><br style=\"clear: both\" \/>\n\t\t\t<\/div>\n\n<p>&nbsp;<\/p>\n<p>&nbsp;<\/p>\n<p>&nbsp;<\/p>\n<hr \/>\n<blockquote>\n<h3>ANCORA NELL&#8217;EMERGENZA DOPO SEI GIORNI<\/h3>\n<\/blockquote>\n<p><strong>BELLUNO<\/strong> Anche ieri sono proseguite le operazioni dei vigili del fuoco. Eseguiti oltre una 30 di interventi soprattutto per rimozione neve dalle strade e dai tetti, principalmente in Cadore. In Alpago ultimi interventi di pulizia strada e allagamenti residui.<\/p>\n\n\t\t\t<style type='text\/css'>\n\t\t\t\t#gallery-2 {\n\t\t\t\t\tmargin: auto;\n\t\t\t\t}\n\t\t\t\t#gallery-2 .gallery-item {\n\t\t\t\t\tfloat: left;\n\t\t\t\t\tmargin-top: 10px;\n\t\t\t\t\ttext-align: center;\n\t\t\t\t\twidth: 33%;\n\t\t\t\t}\n\t\t\t\t#gallery-2 img {\n\t\t\t\t\tborder: 2px solid #cfcfcf;\n\t\t\t\t}\n\t\t\t\t#gallery-2 .gallery-caption {\n\t\t\t\t\tmargin-left: 0;\n\t\t\t\t}\n\t\t\t\t\/* see gallery_shortcode() in wp-includes\/media.php *\/\n\t\t\t<\/style>\n\t\t<div id='gallery-2' class='dt-gallery-container gallery galleryid-178680 gallery-columns-3 gallery-size-thumbnail'><dl class='gallery-item'>\n\t\t\t\t<dt class='gallery-icon landscape'>\n\t\t\t\t\t<a class=\"rollover\" href='https:\/\/www.radiopiu.net\/wordpress\/ancora-nellemergenza-dopo-sei-giorni\/5d02ac52-adc3-41e3-b04d-f1e03904be65\/'><img loading=\"lazy\" decoding=\"async\" width=\"150\" height=\"150\" src=\"https:\/\/www.radiopiu.net\/wordpress\/wp-content\/uploads\/2020\/12\/5d02ac52-adc3-41e3-b04d-f1e03904be65-150x150.jpg\" class=\"attachment-thumbnail size-thumbnail\" alt=\"\" \/><\/a>\n\t\t\t\t<\/dt><\/dl><dl class='gallery-item'>\n\t\t\t\t<dt class='gallery-icon landscape'>\n\t\t\t\t\t<a class=\"rollover\" href='https:\/\/www.radiopiu.net\/wordpress\/ancora-nellemergenza-dopo-sei-giorni\/44858ae3-ea8e-4f14-b62e-619a1ac21616\/'><img loading=\"lazy\" decoding=\"async\" width=\"150\" height=\"150\" src=\"https:\/\/www.radiopiu.net\/wordpress\/wp-content\/uploads\/2020\/12\/44858ae3-ea8e-4f14-b62e-619a1ac21616-150x150.jpg\" class=\"attachment-thumbnail size-thumbnail\" alt=\"\" \/><\/a>\n\t\t\t\t<\/dt><\/dl><dl class='gallery-item'>\n\t\t\t\t<dt class='gallery-icon landscape'>\n\t\t\t\t\t<a class=\"rollover\" href='https:\/\/www.radiopiu.net\/wordpress\/ancora-nellemergenza-dopo-sei-giorni\/a9268a81-de62-49c7-bcee-2e177d6e7b2c\/'><img loading=\"lazy\" decoding=\"async\" width=\"150\" height=\"150\" src=\"https:\/\/www.radiopiu.net\/wordpress\/wp-content\/uploads\/2020\/12\/a9268a81-de62-49c7-bcee-2e177d6e7b2c-150x150.jpg\" class=\"attachment-thumbnail size-thumbnail\" alt=\"\" \/><\/a>\n\t\t\t\t<\/dt><\/dl><br style=\"clear: both\" \/>\n\t\t\t<\/div>\n\n<h3><\/h3>\n<p>&nbsp;<\/p>\n<p>&nbsp;<\/p>\n<hr \/>\n<p>&nbsp;<\/p>\n<h2><strong><span style=\"color: #cc99ff;\">L&#8217;ULTIMO SALUTO&#8230;<\/span><\/strong><\/h2>\n<p><strong>DI GIANNI SANTOMASO<\/strong><\/p>\n<audio class=\"wp-audio-shortcode\" id=\"audio-178680-1\" preload=\"none\" style=\"width: 100%;\" controls=\"controls\"><source type=\"audio\/mpeg\" src=\"https:\/\/www.radiopiu.net\/wordpress\/wp-content\/uploads\/2020\/12\/GIANNI-MOSCA.mp3?_=1\" \/><a href=\"https:\/\/www.radiopiu.net\/wordpress\/wp-content\/uploads\/2020\/12\/GIANNI-MOSCA.mp3\">https:\/\/www.radiopiu.net\/wordpress\/wp-content\/uploads\/2020\/12\/GIANNI-MOSCA.mp3<\/a><\/audio>\n<p>&nbsp;<\/p>\n<blockquote class=\"wp-embedded-content\" data-secret=\"a5zCXVyZDF\"><p><a href=\"https:\/\/www.radiopiu.net\/wordpress\/178867-2\/\"><\/a><\/p><\/blockquote>\n<p><iframe loading=\"lazy\" class=\"wp-embedded-content\" sandbox=\"allow-scripts\" security=\"restricted\" style=\"position: absolute; clip: rect(1px, 1px, 1px, 1px);\" title=\"&#8220;&#8221; &#8212; Radio Pi\u00f9\" src=\"https:\/\/www.radiopiu.net\/wordpress\/178867-2\/embed\/#?secret=a5zCXVyZDF\" data-secret=\"a5zCXVyZDF\" width=\"600\" height=\"338\" frameborder=\"0\" marginwidth=\"0\" marginheight=\"0\" scrolling=\"no\"><\/iframe><\/p>\n<p>&nbsp;<\/p>\n<p>&nbsp;<\/p>\n<p>&nbsp;<\/p>\n<p>&nbsp;<\/p>\n<hr \/>\n<blockquote>\n<h3><\/h3>\n<h3>IL COMUNE DI ROCCA PIETORE E RADIO PIU&#8217; IN VIDEOCONFERENZA CON I BAMBINI PER SPIEGARE IL PERCHE&#8217; DELLA CHIUSURA DELLA SCUOLA<\/h3>\n<\/blockquote>\n<p><strong><a href=\"https:\/\/www.radiopiu.net\/wordpress\/giornale-radio-piu-29-10-direttore-mirko-mezzacasa\/andrea-de-bernardin-tuttacronaca\/\" rel=\"attachment wp-att-12402\"><img loading=\"lazy\" decoding=\"async\" class=\"size-medium wp-image-12402 alignleft\" src=\"https:\/\/www.radiopiu.net\/wordpress\/wp-content\/uploads\/2015\/10\/andrea-de-bernardin-tuttacronaca-300x177.jpg\" alt=\"\" width=\"300\" height=\"177\" \/><\/a>ROCCA PIETORE\u00a0<\/strong>Nella mattinata di ieri videoconferenza tra il comune di Rocca Pietore, Radio Pi\u00f9 e i bambini delle scuole di Rocca Pietore per spiegare le motivazioni della chiusura delle scuole in questi giorni e per parlare anche dell&#8217;emergenza Covid-19.<\/p>\n<p><strong>IL SINDACO DI ROCCA PIETORE ANDREA DE BERNARDIN<\/strong><\/p>\n<audio class=\"wp-audio-shortcode\" id=\"audio-178680-2\" preload=\"none\" style=\"width: 100%;\" controls=\"controls\"><source type=\"audio\/mpeg\" src=\"https:\/\/www.radiopiu.net\/wordpress\/wp-content\/uploads\/2020\/12\/DE-BERNARDIN-VIDEOCONFERENZA-BAMBINI-SCUOLE.mp3?_=2\" \/><a href=\"https:\/\/www.radiopiu.net\/wordpress\/wp-content\/uploads\/2020\/12\/DE-BERNARDIN-VIDEOCONFERENZA-BAMBINI-SCUOLE.mp3\">https:\/\/www.radiopiu.net\/wordpress\/wp-content\/uploads\/2020\/12\/DE-BERNARDIN-VIDEOCONFERENZA-BAMBINI-SCUOLE.mp3<\/a><\/audio>\n<p>&nbsp;<\/p>\n<hr \/>\n<p>&nbsp;<\/p>\n<p>&nbsp;<\/p>\n<blockquote>\n<h2>SI ALL&#8217;ACQUISTO DELLA NUOVA SEDE PER LA CROCE VERDE VAL BIOIS<\/h2>\n<\/blockquote>\n<p><strong>FALCADE\u00a0 Un unico punto all\u2019ordine del giorno: Acquisto immobile in via degli Artigiani da adibire a sede delle associazioni di volontariato di primo soccorso operanti sul territorio comunale<\/strong><\/p>\n<p>&nbsp;<\/p>\n<p><strong>DAL CORRIERE DELLE ALPI, GIANNI SANTOMASO<\/strong><\/p>\n<audio class=\"wp-audio-shortcode\" id=\"audio-178680-3\" preload=\"none\" style=\"width: 100%;\" controls=\"controls\"><source type=\"audio\/mpeg\" src=\"https:\/\/www.radiopiu.net\/wordpress\/wp-content\/uploads\/2020\/12\/GIANNI-FALCADE.mp3?_=3\" \/><a href=\"https:\/\/www.radiopiu.net\/wordpress\/wp-content\/uploads\/2020\/12\/GIANNI-FALCADE.mp3\">https:\/\/www.radiopiu.net\/wordpress\/wp-content\/uploads\/2020\/12\/GIANNI-FALCADE.mp3<\/a><\/audio>\n<p>&nbsp;<\/p>\n<p>https:\/\/www.facebook.com\/mirko.mezzacasa\/videos\/10225141520711974<\/p>\n<p>&nbsp;<\/p>\n<p>&nbsp;<\/p>\n<hr \/>\n<p>&nbsp;<\/p>\n<blockquote>\n<h3>DALLA PROPOSTA AL PROGETTO. CONTRO LO SPOPOLAMENTO UN POLO PER LO STUDIO<\/h3>\n<\/blockquote>\n<p><em><span style=\"font-family: Times New Roman, serif;\"><span style=\"font-size: medium;\">La missione di Belluno Alpina \u00e8 quella di riportare l&#8217;attenzione sulle Prealpi, cercando di avvicinare i giovani all&#8217;ambiente, alla natura, alle opportunit\u00e0 che questi offrono anche sotto l&#8217;aspetto lavorativo, come la gestione forestale e l&#8221;accoglienza turistica.<\/span><\/span><\/em><\/p>\n<p><strong>DI DAMIANO TORMEN<\/strong><\/p>\n<audio class=\"wp-audio-shortcode\" id=\"audio-178680-4\" preload=\"none\" style=\"width: 100%;\" controls=\"controls\"><source type=\"audio\/mpeg\" src=\"https:\/\/www.radiopiu.net\/wordpress\/wp-content\/uploads\/2020\/12\/DAMIANO.mp3?_=4\" \/><a href=\"https:\/\/www.radiopiu.net\/wordpress\/wp-content\/uploads\/2020\/12\/DAMIANO.mp3\">https:\/\/www.radiopiu.net\/wordpress\/wp-content\/uploads\/2020\/12\/DAMIANO.mp3<\/a><\/audio>\n<p>&nbsp;<\/p>\n<p><span style=\"color: #0000ff;\">IL PRESIDENTE DI BELLUNO ALPINA GIMMY DAL FARRA<\/span><\/p>\n<p><em>\u201c<span style=\"font-family: 'Times New Roman', serif;\"><span style=\"font-size: medium;\">I danni causati dal maltempo in questi giorni, pensiamo solo ad esempio alle tre frane che si sono mosse a Piandelmonte, rischiano di incentivare l&#8217;abbandono della montagna\u201d, spiega il presidente Gimmy Dal Farra. \u201cPer questo, \u00e8 necessario avere in montagna uno spazio di studio delle popolazioni montane e delle politiche antispopolamento, che non possono essere disgiunte da una continua e attenta manutenzione del territorio. <span style=\"font-family: Times New Roman, serif;\">Belluno Alpina accoglie con soddisfazione la parole di questi giorni del Presidente della Provincia Padrin e del consigliere Bortoluzzi: \u201cPer\u00f2 alle parole devono seguire i fatti: bisogna dare occasioni alla gente di restare in montagna e curare il territorio.<\/span><\/span><\/span><\/em><span style=\"font-family: Times New Roman, serif;\"><span style=\"font-size: medium;\"><em> Perr noi \u00e8 fondamentale che una realt\u00e0 come il Consorzio Forestale abbia sede, punto logistico e di ritrovo direttamente \u201cnel bosco\u201d e non in citt\u00e0, cos\u00ec da avvicinare l&#8217;istituzione al territorio e far crescere nei residenti la consapevolezza delle potenzialit\u00e0 e peculiarit\u00e0 del posto&#8221;<\/em><\/span><\/span><\/p>\n\n\t\t\t<style type='text\/css'>\n\t\t\t\t#gallery-3 {\n\t\t\t\t\tmargin: auto;\n\t\t\t\t}\n\t\t\t\t#gallery-3 .gallery-item {\n\t\t\t\t\tfloat: left;\n\t\t\t\t\tmargin-top: 10px;\n\t\t\t\t\ttext-align: center;\n\t\t\t\t\twidth: 25%;\n\t\t\t\t}\n\t\t\t\t#gallery-3 img {\n\t\t\t\t\tborder: 2px solid #cfcfcf;\n\t\t\t\t}\n\t\t\t\t#gallery-3 .gallery-caption {\n\t\t\t\t\tmargin-left: 0;\n\t\t\t\t}\n\t\t\t\t\/* see gallery_shortcode() in wp-includes\/media.php *\/\n\t\t\t<\/style>\n\t\t<div id='gallery-3' class='dt-gallery-container gallery galleryid-178680 gallery-columns-4 gallery-size-thumbnail'><dl class='gallery-item'>\n\t\t\t\t<dt class='gallery-icon landscape'>\n\t\t\t\t\t<a class=\"rollover rollover-zoom dt-pswp-item\" title=\"a4227934-98d3-421b-aa2a-b4cc00b4c35d\" data-dt-img-description=\"\" data-large_image_width=\"1600\" data-large_image_height=\"900\"href='https:\/\/www.radiopiu.net\/wordpress\/wp-content\/uploads\/2020\/12\/a4227934-98d3-421b-aa2a-b4cc00b4c35d.jpg'><img loading=\"lazy\" decoding=\"async\" width=\"150\" height=\"150\" src=\"https:\/\/www.radiopiu.net\/wordpress\/wp-content\/uploads\/2020\/12\/a4227934-98d3-421b-aa2a-b4cc00b4c35d-150x150.jpg\" class=\"attachment-thumbnail size-thumbnail\" alt=\"\" \/><\/a>\n\t\t\t\t<\/dt><\/dl><dl class='gallery-item'>\n\t\t\t\t<dt class='gallery-icon landscape'>\n\t\t\t\t\t<a class=\"rollover rollover-zoom dt-pswp-item\" title=\"bac2314f-4951-482e-bdad-262c9c05390e\" data-dt-img-description=\"\" data-large_image_width=\"1600\" data-large_image_height=\"900\"href='https:\/\/www.radiopiu.net\/wordpress\/wp-content\/uploads\/2020\/12\/bac2314f-4951-482e-bdad-262c9c05390e.jpg'><img loading=\"lazy\" decoding=\"async\" width=\"150\" height=\"150\" src=\"https:\/\/www.radiopiu.net\/wordpress\/wp-content\/uploads\/2020\/12\/bac2314f-4951-482e-bdad-262c9c05390e-150x150.jpg\" class=\"attachment-thumbnail size-thumbnail\" alt=\"\" \/><\/a>\n\t\t\t\t<\/dt><\/dl><dl class='gallery-item'>\n\t\t\t\t<dt class='gallery-icon landscape'>\n\t\t\t\t\t<a class=\"rollover rollover-zoom dt-pswp-item\" title=\"9949b974-1f8a-47be-839e-861203ffc97e\" data-dt-img-description=\"\" data-large_image_width=\"1600\" data-large_image_height=\"900\"href='https:\/\/www.radiopiu.net\/wordpress\/wp-content\/uploads\/2020\/12\/9949b974-1f8a-47be-839e-861203ffc97e.jpg'><img loading=\"lazy\" decoding=\"async\" width=\"150\" height=\"150\" src=\"https:\/\/www.radiopiu.net\/wordpress\/wp-content\/uploads\/2020\/12\/9949b974-1f8a-47be-839e-861203ffc97e-150x150.jpg\" class=\"attachment-thumbnail size-thumbnail\" alt=\"\" \/><\/a>\n\t\t\t\t<\/dt><\/dl><dl class='gallery-item'>\n\t\t\t\t<dt class='gallery-icon landscape'>\n\t\t\t\t\t<a class=\"rollover rollover-zoom dt-pswp-item\" title=\"0e363c1b-4004-4841-96da-d711349380af\" data-dt-img-description=\"\" data-large_image_width=\"1416\" data-large_image_height=\"1062\"href='https:\/\/www.radiopiu.net\/wordpress\/wp-content\/uploads\/2020\/12\/0e363c1b-4004-4841-96da-d711349380af.jpg'><img loading=\"lazy\" decoding=\"async\" width=\"150\" height=\"150\" src=\"https:\/\/www.radiopiu.net\/wordpress\/wp-content\/uploads\/2020\/12\/0e363c1b-4004-4841-96da-d711349380af-150x150.jpg\" class=\"attachment-thumbnail size-thumbnail\" alt=\"\" \/><\/a>\n\t\t\t\t<\/dt><\/dl><br style=\"clear: both\" \/><dl class='gallery-item'>\n\t\t\t\t<dt class='gallery-icon landscape'>\n\t\t\t\t\t<a class=\"rollover rollover-zoom dt-pswp-item\" title=\"719e6f37-99fe-4207-b6fd-01872ca33dc1\" data-dt-img-description=\"\" data-large_image_width=\"1600\" data-large_image_height=\"900\"href='https:\/\/www.radiopiu.net\/wordpress\/wp-content\/uploads\/2020\/12\/719e6f37-99fe-4207-b6fd-01872ca33dc1.jpg'><img loading=\"lazy\" decoding=\"async\" width=\"150\" height=\"150\" src=\"https:\/\/www.radiopiu.net\/wordpress\/wp-content\/uploads\/2020\/12\/719e6f37-99fe-4207-b6fd-01872ca33dc1-150x150.jpg\" class=\"attachment-thumbnail size-thumbnail\" alt=\"\" \/><\/a>\n\t\t\t\t<\/dt><\/dl><dl class='gallery-item'>\n\t\t\t\t<dt class='gallery-icon landscape'>\n\t\t\t\t\t<a class=\"rollover rollover-zoom dt-pswp-item\" title=\"f42f102a-e75e-46d7-8667-634c16752d3b\" data-dt-img-description=\"\" data-large_image_width=\"1600\" data-large_image_height=\"900\"href='https:\/\/www.radiopiu.net\/wordpress\/wp-content\/uploads\/2020\/12\/f42f102a-e75e-46d7-8667-634c16752d3b.jpg'><img loading=\"lazy\" decoding=\"async\" width=\"150\" height=\"150\" src=\"https:\/\/www.radiopiu.net\/wordpress\/wp-content\/uploads\/2020\/12\/f42f102a-e75e-46d7-8667-634c16752d3b-150x150.jpg\" class=\"attachment-thumbnail size-thumbnail\" alt=\"\" \/><\/a>\n\t\t\t\t<\/dt><\/dl><dl class='gallery-item'>\n\t\t\t\t<dt class='gallery-icon landscape'>\n\t\t\t\t\t<a class=\"rollover rollover-zoom dt-pswp-item\" title=\"d7417a5e-360a-4d0f-9d79-902d36823c9f\" data-dt-img-description=\"\" data-large_image_width=\"1600\" data-large_image_height=\"900\"href='https:\/\/www.radiopiu.net\/wordpress\/wp-content\/uploads\/2020\/12\/d7417a5e-360a-4d0f-9d79-902d36823c9f.jpg'><img loading=\"lazy\" decoding=\"async\" width=\"150\" height=\"150\" src=\"https:\/\/www.radiopiu.net\/wordpress\/wp-content\/uploads\/2020\/12\/d7417a5e-360a-4d0f-9d79-902d36823c9f-150x150.jpg\" class=\"attachment-thumbnail size-thumbnail\" alt=\"\" \/><\/a>\n\t\t\t\t<\/dt><\/dl><dl class='gallery-item'>\n\t\t\t\t<dt class='gallery-icon landscape'>\n\t\t\t\t\t<a class=\"rollover rollover-zoom dt-pswp-item\" title=\"a86b228e-9ec6-4b4c-9e14-79365d643f10\" data-dt-img-description=\"\" data-large_image_width=\"1600\" data-large_image_height=\"900\"href='https:\/\/www.radiopiu.net\/wordpress\/wp-content\/uploads\/2020\/12\/a86b228e-9ec6-4b4c-9e14-79365d643f10.jpg'><img loading=\"lazy\" decoding=\"async\" width=\"150\" height=\"150\" src=\"https:\/\/www.radiopiu.net\/wordpress\/wp-content\/uploads\/2020\/12\/a86b228e-9ec6-4b4c-9e14-79365d643f10-150x150.jpg\" class=\"attachment-thumbnail size-thumbnail\" alt=\"\" \/><\/a>\n\t\t\t\t<\/dt><\/dl><br style=\"clear: both\" \/>\n\t\t\t<\/div>\n\n<p>&nbsp;<\/p>\n<p>&nbsp;<\/p>\n<p>&nbsp;<\/p>\n<p>&nbsp;<\/p>\n<hr \/>\n<p>&nbsp;<\/p>\n<p>&nbsp;<\/p>\n<blockquote>\n<h3>COVID 19, LE CURVE DEI RICOVERI OSPEDALIERI E I RAFFRONTI CON\u00a0 I DATI STORICI.<\/h3>\n<\/blockquote>\n<p>Nei report dell\u2019andamento dell\u2019occupazione: linea rossa terapia intensiva (area critica) linea azzurra area medica non critica, linea verde strutture territoriali. Le altre tre linee formate da punti sono le curve polinominali (poli), mettono in evidenza il possibile andamento in relazione ai dati storici. Per Belluno si evince un\u2019impennata verso l\u2019alto nel momento in cui la curva polinominale inizia la discesa verso il basso.<\/p>\n<blockquote class=\"wp-embedded-content\" data-secret=\"DGe0AX6fAc\"><p><a href=\"https:\/\/www.radiopiu.net\/wordpress\/report-andamento-occupazionale-covid19-provincia-per-provincia\/\">REPORT ANDAMENTO OCCUPAZIONALE COVID19 PROVINCIA PER PROVINCIA<\/a><\/p><\/blockquote>\n<p><iframe loading=\"lazy\" class=\"wp-embedded-content\" sandbox=\"allow-scripts\" security=\"restricted\" style=\"position: absolute; clip: rect(1px, 1px, 1px, 1px);\" title=\"&#8220;REPORT ANDAMENTO OCCUPAZIONALE COVID19 PROVINCIA PER PROVINCIA&#8221; &#8212; Radio Pi\u00f9\" src=\"https:\/\/www.radiopiu.net\/wordpress\/report-andamento-occupazionale-covid19-provincia-per-provincia\/embed\/#?secret=DGe0AX6fAc\" data-secret=\"DGe0AX6fAc\" width=\"600\" height=\"338\" frameborder=\"0\" marginwidth=\"0\" marginheight=\"0\" scrolling=\"no\"><\/iframe><\/p>\n<p>&nbsp;<\/p>\n<p>&nbsp;<\/p>\n<blockquote class=\"wp-embedded-content\" data-secret=\"7zr2iCw4jR\"><p><a href=\"https:\/\/www.radiopiu.net\/wordpress\/agg-dic11\/\">CORONAVIRUS: AGGIORNAMENTO NAZIONALE 10 DICEMBRE<\/a><\/p><\/blockquote>\n<p><iframe loading=\"lazy\" class=\"wp-embedded-content\" sandbox=\"allow-scripts\" security=\"restricted\" style=\"position: absolute; clip: rect(1px, 1px, 1px, 1px);\" title=\"&#8220;CORONAVIRUS: AGGIORNAMENTO NAZIONALE 10 DICEMBRE&#8221; &#8212; Radio Pi\u00f9\" src=\"https:\/\/www.radiopiu.net\/wordpress\/agg-dic11\/embed\/#?secret=7zr2iCw4jR\" data-secret=\"7zr2iCw4jR\" width=\"600\" height=\"338\" frameborder=\"0\" marginwidth=\"0\" marginheight=\"0\" scrolling=\"no\"><\/iframe><\/p>\n<p>&nbsp;<\/p>\n<blockquote class=\"wp-embedded-content\" data-secret=\"oUVWaOgNqq\"><p><a href=\"https:\/\/www.radiopiu.net\/wordpress\/11dic\/\">SI AGGRAVANO ALTRI 14 PAZIENTI, 66 DECESSI E ALTRA IMPENNATI DI POSITIVI: OLTRE 4400<\/a><\/p><\/blockquote>\n<p><iframe loading=\"lazy\" class=\"wp-embedded-content\" sandbox=\"allow-scripts\" security=\"restricted\" style=\"position: absolute; clip: rect(1px, 1px, 1px, 1px);\" title=\"&#8220;SI AGGRAVANO ALTRI 14 PAZIENTI, 66 DECESSI E ALTRA IMPENNATI DI POSITIVI: OLTRE 4400&#8221; &#8212; Radio Pi\u00f9\" src=\"https:\/\/www.radiopiu.net\/wordpress\/11dic\/embed\/#?secret=oUVWaOgNqq\" data-secret=\"oUVWaOgNqq\" width=\"600\" height=\"338\" frameborder=\"0\" marginwidth=\"0\" marginheight=\"0\" scrolling=\"no\"><\/iframe><\/p>\n<p>&nbsp;<\/p>\n<h2>\u00a0I GRAFICI DI TIZIANO DE COL<\/h2>\n<p><a href=\"https:\/\/www.radiopiu.net\/wordpress\/dalla-proposta-al-progetto-contro-lo-spopolamento-un-polo-per-lo-studio\/6435f1c4-8bce-4a29-9315-b88eb29fe0e3\/\" rel=\"attachment wp-att-178935\"><img loading=\"lazy\" decoding=\"async\" class=\"alignnone size-medium wp-image-178935\" src=\"https:\/\/www.radiopiu.net\/wordpress\/wp-content\/uploads\/2020\/12\/6435f1c4-8bce-4a29-9315-b88eb29fe0e3-300x179.jpg\" alt=\"\" width=\"300\" height=\"179\" srcset=\"https:\/\/www.radiopiu.net\/wordpress\/wp-content\/uploads\/2020\/12\/6435f1c4-8bce-4a29-9315-b88eb29fe0e3-300x179.jpg 300w, https:\/\/www.radiopiu.net\/wordpress\/wp-content\/uploads\/2020\/12\/6435f1c4-8bce-4a29-9315-b88eb29fe0e3.jpg 596w\" sizes=\"auto, (max-width: 300px) 100vw, 300px\" \/><\/a><a href=\"https:\/\/www.radiopiu.net\/wordpress\/dalla-proposta-al-progetto-contro-lo-spopolamento-un-polo-per-lo-studio\/6ba5955b-99d1-49de-8a53-b37d6d251389\/\" rel=\"attachment wp-att-178934\"><img loading=\"lazy\" decoding=\"async\" class=\"alignnone size-medium wp-image-178934\" src=\"https:\/\/www.radiopiu.net\/wordpress\/wp-content\/uploads\/2020\/12\/6ba5955b-99d1-49de-8a53-b37d6d251389-300x187.jpg\" alt=\"\" width=\"300\" height=\"187\" srcset=\"https:\/\/www.radiopiu.net\/wordpress\/wp-content\/uploads\/2020\/12\/6ba5955b-99d1-49de-8a53-b37d6d251389-300x187.jpg 300w, https:\/\/www.radiopiu.net\/wordpress\/wp-content\/uploads\/2020\/12\/6ba5955b-99d1-49de-8a53-b37d6d251389.jpg 604w\" sizes=\"auto, (max-width: 300px) 100vw, 300px\" \/><\/a><a href=\"https:\/\/www.radiopiu.net\/wordpress\/dalla-proposta-al-progetto-contro-lo-spopolamento-un-polo-per-lo-studio\/3c3cb852-d743-49f6-971c-bce6313d498a\/\" rel=\"attachment wp-att-178939\"><img loading=\"lazy\" decoding=\"async\" class=\"alignnone size-medium wp-image-178939\" src=\"https:\/\/www.radiopiu.net\/wordpress\/wp-content\/uploads\/2020\/12\/3c3cb852-d743-49f6-971c-bce6313d498a-300x180.jpg\" alt=\"\" width=\"300\" height=\"180\" srcset=\"https:\/\/www.radiopiu.net\/wordpress\/wp-content\/uploads\/2020\/12\/3c3cb852-d743-49f6-971c-bce6313d498a-300x180.jpg 300w, https:\/\/www.radiopiu.net\/wordpress\/wp-content\/uploads\/2020\/12\/3c3cb852-d743-49f6-971c-bce6313d498a.jpg 596w\" sizes=\"auto, (max-width: 300px) 100vw, 300px\" \/><\/a><\/p>\n<p>&nbsp;<\/p>\n<hr \/>\n<blockquote>\n<h2><\/h2>\n<h2>VENETO SEMPRE GIALLO. LA NUOVA ORDINANZA REGIONALE, IN PIEDI AL BAR FINO ALLE 11<\/h2>\n<\/blockquote>\n<p><strong>VENEZIA<\/strong> il Presidente Luca Zaia fa il punto sull&#8217;emergenza Covid-19<\/p>\n<p>&nbsp;<\/p>\n<p>I NUMERI TAMPONI MOLECOLARI\u00a0 2957445 (+16300) TEST RAPIDI 1282120 (+40130)\u00a0 POSITIVI DA INIZIO PANDEMIA 181451 (+3883)\u00a0 \u00a0percentuale positivi su tampone 6,88%\u00a0 POSITIVI OGGI 85093\u00a0 \u00a0RICOVERATI 3176 (-46)\u00a0 IN AREA CRITICA\u00a0 \u00a02801 (-64)\u00a0 IN TERAPIA INTENSIVA 375 (+18)\u00a0 \u00a0DECESSI 4659 (+108)\u00a0 \u00a0DIMESSI 8339.<\/p>\n<blockquote>\n<h2>LEGGI LA CONFERENZA STAMPA DI LUCA ZAIA<\/h2>\n<\/blockquote>\n<p><em>Oggi nel giorno del verdetto: con un Rt che scende (0,92 per la Regione, 1.01 per il Cts) la Regione rimarr\u00e0 in giallo. Chi ha meno di 1.25 di Rt \u00e8 fuori sia dalla zona arancione che rossa.Oggi si parler\u00e0 di decessi con la dottoressa Francesca Russo &#8220;come si conteggiano tamponi&#8230; ed epidemia<\/em><\/p>\n<p>. I temi da affrontare, di sanit\u00e0 pubblica cio\u00e8 la situazione della pressione ospedaliera, i decessi e l&#8217;evoluzione sanitaria epidemiologica in corso cio\u00e8 la ricerca dei positivi. Oggi la dottoressa Russo ha inviato la lettera al Ministero sottolineando i tanti test rapidi e molecolari (ieri 56430), e il numero di positivi che corrisponde al 6,88%. Scrive bene la dottoressa Russo: vorremo avere un quadra standardizzato di tutte le regioni italiani, non si pu\u00f2 ragionare in numeri assoluti, cos\u00ec non dicono nulla. Vogliamo evidenziare la virtuosit\u00e0 di questa Regione che fa i test ai contatti stretti dei positivi, aspetti che in altre regioni non vengono considerati o vengono trattati diversamente, quindi servono i dati omogenei <strong>RT E CURVA NEL GIORNO DELLE VALUTAZIONI PER LA NUOVA COLORAZIONE<\/strong> Non minimizzo, siamo preoccupati anche perch\u00e9 il tema della terapia intensiva pesa. I timidi segnali che abbiamo da qualche giorno speriamo si consolidino e si trasformino in tendenza. Oggi ci sar\u00e0 il verdetto ma annuncio che il nostro RT si abbassa, ora \u00e8 sotto l&#8217;uno. L&#8217;RT legato alla valutazione \u00e8 0,92 (rapporto sintomatici-asintomatici e calcolato sulla ospedalizzazione), 1,01 quello aggiustato dal CTS,\u00a0 pi\u00f9 stabile e calcolato su due settimane comunque in discesa rispetto al dato precedente (1.11). Questo \u00e8 positivo, la zona arancione scatta a 1.25. La curva dei ricoveri si presenta con un pianoro sulla fase apicale. <strong>IL BACINO DEL NORDEST\u00a0<\/strong>\u00a0 va anche oltre confine, \u00e8 un bacino ma non si conosce l&#8217;orgine e il perch\u00e9 di questo andamento. Va studiato se si tratta o meno di ceppi diversi. In alcune realt\u00e0, nella stessa comunit\u00e0 epidemiologica il virus aveva sequenzialit\u00e0 diverse.<\/p>\n<h2><span style=\"color: #ff0000;\">LA DOTTORESSA RUSSO<\/span><\/h2>\n<p>Puntiamo sui test rapidi per la velocit\u00e0 di utilizzo, e la capacit\u00e0 di aver subito il risultato. Nella lettera ho chiesto omogenit\u00e0 in tutte le regioni\u00a0 per il numero di test rapidi e molecolari.\u00a0Ci sono discrepanze fra dati\u00a0che considerano solo i molecolari senza considerare i rapidi. Lavoreremo sul territorio che presenta situazioni di contagio, ci sono Comuni nel bellunese e vicentino dove ci sono stati incrementi.<\/p>\n<p>Nelle RSA dove viene fatta una valutazione epidemiologica, abbiamo previsto di fare il test agli operatori ogni quattro giorni.<\/p>\n<p>Un soggetto al 21esimo giorno di positivit\u00e0, se asintomatico da almeno 3 giorni (anche se il test molecolare dovesse essere positivo) pu\u00f2 risultare non pi\u00f9 contagioso pronto per la vita in pubblico. Gli ultimi Dpcm non si sono allineati alla circolare,\u00a0 segnalata la discrepanza il Ministero si \u00e8 impegnato ad allineare il Dpcm.<\/p>\n<p>&nbsp;<\/p>\n<p>&nbsp;<\/p>\n<p><a href=\"https:\/\/www.facebook.com\/zaiaufficiale\/videos\/452425442417876\">https:\/\/www.facebook.com\/zaiaufficiale\/videos\/452425442417876<\/a><\/p>\n<p>&nbsp;<\/p>\n<p>&nbsp;<\/p>\n<hr \/>\n<blockquote>\n<h3><\/h3>\n<h3>COVID. ULSS 1 DOLOMITI: IL PUNTO SULLE SCUOLE<\/h3>\n<\/blockquote>\n<p><strong><a href=\"https:\/\/www.radiopiu.net\/wordpress\/si-ritorna-finalmente-a-scuola\/bambini-a-scuola-con-le-maschere_23-2148601410\/\" rel=\"attachment wp-att-160517\"><img loading=\"lazy\" decoding=\"async\" class=\"size-medium wp-image-160517 alignleft\" src=\"https:\/\/www.radiopiu.net\/wordpress\/wp-content\/uploads\/2020\/09\/bambini-a-scuola-con-le-maschere_23-2148601410-300x200.jpg\" alt=\"\" width=\"300\" height=\"200\" srcset=\"https:\/\/www.radiopiu.net\/wordpress\/wp-content\/uploads\/2020\/09\/bambini-a-scuola-con-le-maschere_23-2148601410-300x200.jpg 300w, https:\/\/www.radiopiu.net\/wordpress\/wp-content\/uploads\/2020\/09\/bambini-a-scuola-con-le-maschere_23-2148601410.jpg 626w\" sizes=\"auto, (max-width: 300px) 100vw, 300px\" \/><\/a>BELLUNO\u00a0<\/strong>Sono attualmente in carico al \u201cteam scuola\u201d del Dipartimento di Prevenzione 65 (-11 rispetto alla scorsa settimana) classi della provincia cos\u00ec distribuite: 9 infanzia (-2), 24 primaria (-8), 26 secondaria di primo grado (-1), 5 secondaria di secondo grado ,\u00a01 classe di studenti di una scuola media che fa un laboratorio pomeridiano. Attualmente sono in isolamento domiciliare fiduciario 39 classi (+9), il 60% delle classi in carico, cos\u00ec distribuite: 9 infanzia, 15 primaria, 16 secondaria di primo grado. Circa 20 classi su 39 finiranno il loro isolamento luned\u00ec 14: la chiusure delle scuole per l\u2019allerta meteo e il ponte dell\u2019immacolata hanno fatto registrare come ultimo contatto di molte classi il 4 dicembre. Sono state organizzate, quindi, per luned\u00ec 14 diverse sedute di tamponi aggiuntive per le classi interessate dal tampone di uscita dall\u2019isolamento da parte del team scuola. Dal 14 settembre ad oggi sono state prese in carico ad oggi 433 classi, di cui 39 nell\u2019ultima settimana.<\/p>\n<p>&nbsp;<\/p>\n<p>&nbsp;<\/p>\n<hr \/>\n<p>&nbsp;<\/p>\n<blockquote>\n<h3>DA LUNEDI&#8217; PARTE LA SEDE USCA IN CADORE<\/h3>\n<\/blockquote>\n<p><strong><a href=\"https:\/\/www.radiopiu.net\/wordpress\/aggiornamenti-organizzativi-ulss-1-dolomiti-del-9-marzo-2020-la-situazione-dei-servizi-rimane-invariata\/ulss-1-dolomiti-logo\/\" rel=\"attachment wp-att-121256\"><img loading=\"lazy\" decoding=\"async\" class=\" wp-image-121256 alignleft\" src=\"https:\/\/www.radiopiu.net\/wordpress\/wp-content\/uploads\/2020\/03\/ULSS-1-DOLOMITI-LOGO.jpg\" alt=\"\" width=\"140\" height=\"103\" \/><\/a>BELLUNO\u00a0<\/strong>Luned\u00ec 14 dicembre diventa operativa, con 4 medici assegnati, l\u2019USCA\u00a0 (Unit\u00e0 Speciali Continuit\u00e0 Assistenziali) della Sede Distrettuale di Pieve di Cadore. Le USCA si occupano, in particolare, della gestione dei pazienti affetti da COVID-19 che non necessitano di ricovero ospedaliero e sono attive 7 giorni su 7 dalle \u00a08.00 alle 20.00 e possono essere attivate per casi segnalati dai Medici di Medicina Generale, Pediatri o medici di Continuit\u00e0 assistenziale.<\/p>\n<p>&nbsp;<\/p>\n<p>&nbsp;<\/p>\n<hr \/>\n<p>&nbsp;<\/p>\n<blockquote>\n<h3>CAMBIO MEDICO AD ARSI\u00c8 DAL 1 GENNAIO. IN PENSIONE POLIZZI, ARRIVA TUCCI<\/h3>\n<\/blockquote>\n<p><strong><a href=\"https:\/\/www.radiopiu.net\/wordpress\/solidarieta-umana-a-chi-vive-lesperienza-negativa-covid-ma-le-regole-devono-essere-rispettate\/medicodimedicinagenerale\/\" rel=\"attachment wp-att-167000\"><img loading=\"lazy\" decoding=\"async\" class=\"size-medium wp-image-167000 alignleft\" src=\"https:\/\/www.radiopiu.net\/wordpress\/wp-content\/uploads\/2020\/10\/Medicodimedicinagenerale-300x198.jpg\" alt=\"\" width=\"300\" height=\"198\" srcset=\"https:\/\/www.radiopiu.net\/wordpress\/wp-content\/uploads\/2020\/10\/Medicodimedicinagenerale-300x198.jpg 300w, https:\/\/www.radiopiu.net\/wordpress\/wp-content\/uploads\/2020\/10\/Medicodimedicinagenerale-1024x674.jpg 1024w, https:\/\/www.radiopiu.net\/wordpress\/wp-content\/uploads\/2020\/10\/Medicodimedicinagenerale-768x506.jpg 768w, https:\/\/www.radiopiu.net\/wordpress\/wp-content\/uploads\/2020\/10\/Medicodimedicinagenerale.jpg 1200w\" sizes=\"auto, (max-width: 300px) 100vw, 300px\" \/><\/a>BELLUNO<\/strong>\u00a0Dal 1\u00b0 gennaio 2021, a seguito della cessazione della dr. Giuseppe\u00a0 Polizzi , l\u2019attivit\u00e0 di Medico di assistenza primaria nell\u2019ambito territoriale dei comuni di Arsi\u00e8, Fonzaso, Lamon E Sovramonte sar\u00e0 svolta con incarico provvisorio, dalla dr.ssa Eleonora Tucci. La dottoressa Tucci svolger\u00e0 l\u2019attivit\u00e0 ambulatoriale ad Arsi\u00e9, in via I Maggio n.16. Dal 1\u00b0 gennaio 2021, gli assistiti del dottor Polizzi verranno assegnati d\u2019ufficio alla dr.ssa Eleonora Tucci &#8211; fermo restando il diritto degli stessi di effettuare un\u2019eventuale scelta diversa &#8211; e potranno continuare ad utilizzare la tessera sanitaria cartacea attualmente in possesso. Per qualsiasi informazione contattare il 0439.883680 (il lunedi, martedi, giovedi e venerdi dalle ore 8.30 alle ore 12.00) oppure inviare una mail a: convenzioni.anagrafe@aulss1.veneto.it<\/p>\n<p>&nbsp;<\/p>\n<p>&nbsp;<\/p>\n<hr \/>\n<p>&nbsp;<\/p>\n<p><strong>STANZIAMENTI REGIONALI PER VENETO STRADE. DE BERTI: \u201cCONSOLIDIAMO L\u2019ATTIVIT\u00c0 DI UNA SOCIET\u00c0 DI IMPORTANZA STRATEGICA\u201d<\/strong><\/p>\n<p><strong><a href=\"https:\/\/www.radiopiu.net\/wordpress\/il-punto-sui-trasporti-dellassessore-regionale-elisa-de-berti\/elisa-de-berti\/\" rel=\"attachment wp-att-141960\"><img loading=\"lazy\" decoding=\"async\" class=\"wp-image-141960 alignleft\" src=\"https:\/\/www.radiopiu.net\/wordpress\/wp-content\/uploads\/2020\/06\/ELISA-DE-BERTI-300x300.jpg\" alt=\"\" width=\"161\" height=\"161\" srcset=\"https:\/\/www.radiopiu.net\/wordpress\/wp-content\/uploads\/2020\/06\/ELISA-DE-BERTI-300x300.jpg 300w, https:\/\/www.radiopiu.net\/wordpress\/wp-content\/uploads\/2020\/06\/ELISA-DE-BERTI-150x150.jpg 150w, https:\/\/www.radiopiu.net\/wordpress\/wp-content\/uploads\/2020\/06\/ELISA-DE-BERTI-768x767.jpg 768w, https:\/\/www.radiopiu.net\/wordpress\/wp-content\/uploads\/2020\/06\/ELISA-DE-BERTI.jpg 960w\" sizes=\"auto, (max-width: 161px) 100vw, 161px\" \/><\/a>VENEZIA<\/strong>\u00a0A seguito dell\u2019approvazione dell\u2019assestamento del bilancio regionale, la Giunta veneta, su proposta della vicepresidente e assessore alle infrastrutture e trasporti, Elisa De Berti, ha confermato l\u2019impegno di spesa integrativo di complessivi 9 milioni di euro per finanziare nel 2020 l\u2019attivit\u00e0 della societ\u00e0 Veneto Strade: 500 mila euro per le spese di funzionamento, 8,5 milioni di euro per le spese di manutenzione ordinaria della rete viaria affidata in gestione alla societ\u00e0 stessa. \u201c<em>Con questo stanziamento e con quello che proponiamo nel bilancio di previsione 2021-2023, in discussione in Consiglio \u2013 spiega De Berti \u2013, puntiamo a mettere in assoluta sicurezza il futuro di Veneto Strade, uno dei bracci operativi strategici\u00a0della\u00a0Regione, alla quale sono affidate funzioni di estrema importanza come la progettazione, la manutenzione, la gestione e la vigilanza della viabilit\u00e0 di competenza regionale<\/em>\u201d.<\/p>\n<p>&nbsp;<\/p>\n<p>&nbsp;<\/p>\n<hr \/>\n<p>&nbsp;<\/p>\n<p>&nbsp;<\/p>\n<blockquote class=\"wp-embedded-content\" data-secret=\"Fkb1ewIY5d\"><p><a href=\"https:\/\/www.radiopiu.net\/wordpress\/in-inghilterra-il-premio-internazionale-dante-moro\/\">IN INGHILTERRA IL PREMIO INTERNAZIONALE &#8220;DANTE MORO&#8221;<\/a><\/p><\/blockquote>\n<p><iframe loading=\"lazy\" class=\"wp-embedded-content\" sandbox=\"allow-scripts\" security=\"restricted\" style=\"position: absolute; clip: rect(1px, 1px, 1px, 1px);\" title=\"&#8220;IN INGHILTERRA IL PREMIO INTERNAZIONALE &#8220;DANTE MORO&#8221;&#8221; &#8212; Radio Pi\u00f9\" src=\"https:\/\/www.radiopiu.net\/wordpress\/in-inghilterra-il-premio-internazionale-dante-moro\/embed\/#?secret=Fkb1ewIY5d\" data-secret=\"Fkb1ewIY5d\" width=\"600\" height=\"338\" frameborder=\"0\" marginwidth=\"0\" marginheight=\"0\" scrolling=\"no\"><\/iframe><\/p>\n<p>&nbsp;<\/p>\n<p>&nbsp;<\/p>\n<hr \/>\n<p>&nbsp;<\/p>\n<blockquote>\n<h3>GIORNATA INTERNAZIONALE DELLA MONTAGNA<\/h3>\n<\/blockquote>\n<p><strong>BELLUNO<\/strong> <em>\u00abLa sostenibilit\u00e0 della montagna passa dalla permanenza degli abitanti nelle \u201cterre alte\u201d\u00bb<\/em>. \u00c8 quanto afferma il presidente della Provincia di Belluno, Roberto Padrin, in occasione della Giornata internazionale della montagna, istituita dall\u2019Assemblea generale delle Nazioni Unite. <em>\u00ab\u00c8\u00a0 necessario avviare uno sviluppo, per evitare che gli abitanti se ne vadano, verso i grandi centri urbani e i servizi. Ma \u00e8 altrettanto necessario che lo sviluppo sia compatibile con l\u2019ambiente e il paesaggio, come sanno bene i bellunesi, che hanno sempre avuto a cuore la loro terra. Come Provincia &#8211; prosegue il presidente Padrin &#8211; abbiamo avviato ancora lo scorso anno un piano anti-spopolamento, basato su alcuni principi cardine che contemperano lo sviluppo economico e lo sguardo sostenibile. Poche azioni concrete che abbiamo sottoposto al ministro Boccia&#8221;<\/em><\/p>\n<p>&nbsp;<\/p>\n<hr \/>\n<blockquote>\n<h3><\/h3>\n<h3>BOND INSISTE &#8220;IL GOVERNO CI RIPENSI SIAMO ANCORA IN TEMPO&#8221;<\/h3>\n<\/blockquote>\n<p>Siamo ancora in tempo dice Bond, ma mentre lo dice sa che sar\u00e0 molto difficile un ripensamento sull&#8217;apertura degli impianti di risalita. Per questo anticipa che il Governo dovrebbe dare un segnale concreto acquistando skipass stagionali.<\/p>\n<p>AUDIO<\/p>\n<audio class=\"wp-audio-shortcode\" id=\"audio-178680-5\" preload=\"none\" style=\"width: 100%;\" controls=\"controls\"><source type=\"audio\/mpeg\" src=\"https:\/\/www.radiopiu.net\/wordpress\/wp-content\/uploads\/2020\/12\/BOND.mp3?_=5\" \/><a href=\"https:\/\/www.radiopiu.net\/wordpress\/wp-content\/uploads\/2020\/12\/BOND.mp3\">https:\/\/www.radiopiu.net\/wordpress\/wp-content\/uploads\/2020\/12\/BOND.mp3<\/a><\/audio>\n<p>&nbsp;<\/p>\n<p><strong>ROMA<\/strong> &#8220;Siamo ancora in tempo per salvare la montagna. Le nevicate degli ultimi giorni sono l\u00ec a dircelo e la montagna ci implora un aiuto. Conte si metta una mano sulla coscienza e lasci avviare lo sci durante le vacanze di Natale&#8221;. \u00c8 quanto afferma il deputato di Forza Italia Dario Bond. <em>\u00abIl governo sta facendo dietrofront sugli spostamenti a Natale e Capodanno. Bene. Allora lancio la proposta: faccia dietrofront anche sul blocco allo sci. La montagna in questo momento ha pi\u00f9 bisogno che mai di ripartire. E il periodo delle vacanze natalizie, peraltro baciate dalle abbondanti nevicate, \u00e8 il momento migliore, che da sempre costituisce il grosso del fatturato per le localit\u00e0 sciistiche. Le linee guida fissate dagli impiantisti ci sono, con tanto di garanzia delle misure di sicurezza e anti-contagio. Non si lasci morire la montagna\u00bb.<\/em> Infine visto come stanno andando le cose e che una retromarcia fino alla partenza della funivia \u00e8 se non impensabile difficile il deputato Bond suggerisce un segnale concreto<em> &#8220;\u201cIl Governo vuol dare un segnale concreto di sostegno al settore sciistico? Compri gli skipass giornalieri del mese di dicembre e gennaio e quelli stagionali dell\u2019intera stagione 2019\/2020&#8221;.<\/em><\/p>\n<blockquote><p>&nbsp;<\/p><\/blockquote>\n<hr \/>\n<blockquote>\n<h3><\/h3>\n<h3>LORELLA BENVEGNU&#8217; ELETTA SEGRETARIA GENERALE DELLA CISL SCUOLA BELLUNO TREVISO<\/h3>\n<\/blockquote>\n<p><strong><a href=\"https:\/\/www.radiopiu.net\/wordpress\/lorella-benvegnu-eletta-segretaria-generale-della-cisl-scuola-belluno-treviso\/lorella-benvegnu-consiglio\/\" rel=\"attachment wp-att-178762\"><img loading=\"lazy\" decoding=\"async\" class=\" wp-image-178762 alignleft\" src=\"https:\/\/www.radiopiu.net\/wordpress\/wp-content\/uploads\/2020\/12\/Lorella-Benvegnu-Consiglio-300x225.jpeg\" alt=\"\" width=\"203\" height=\"152\" srcset=\"https:\/\/www.radiopiu.net\/wordpress\/wp-content\/uploads\/2020\/12\/Lorella-Benvegnu-Consiglio-300x225.jpeg 300w, https:\/\/www.radiopiu.net\/wordpress\/wp-content\/uploads\/2020\/12\/Lorella-Benvegnu-Consiglio-1024x768.jpeg 1024w, https:\/\/www.radiopiu.net\/wordpress\/wp-content\/uploads\/2020\/12\/Lorella-Benvegnu-Consiglio-768x576.jpeg 768w, https:\/\/www.radiopiu.net\/wordpress\/wp-content\/uploads\/2020\/12\/Lorella-Benvegnu-Consiglio-1536x1152.jpeg 1536w, https:\/\/www.radiopiu.net\/wordpress\/wp-content\/uploads\/2020\/12\/Lorella-Benvegnu-Consiglio.jpeg 1600w\" sizes=\"auto, (max-width: 203px) 100vw, 203px\" \/><\/a>BELLUNO<\/strong> Lorella Benvegn\u00f9 \u00e8 la nuova Segretaria della Cisl Scuola Belluno Treviso.\u00a0<em>\u201cLascio una squadra ben rodata &#8211; <\/em>afferma la Segretaria uscente Teresa Merotto &#8211;<em> e passo il testimone a una collega con grande competenza e professionalit\u00e0, che sapr\u00e0 proseguire lungo il percorso tracciato in questi 12 anni, dando risposte agli iscritti che sono cresciuti in questi anni nonostante i tantissimi pensionamenti degli insegnanti: abbiamo avuto tanti nuovi associati giovani e precari, rimanendo punto di riferimento soprattutto per i docenti della scuola dell\u2019infanzia e della primaria\u201d.\u00a0<\/em><\/p>\n<p>&nbsp;<\/p>\n<p><strong>DAL NOTIZIARIO DELLE 12.30<\/strong><\/p>\n<audio class=\"wp-audio-shortcode\" id=\"audio-178680-6\" preload=\"none\" style=\"width: 100%;\" controls=\"controls\"><source type=\"audio\/mpeg\" src=\"https:\/\/www.radiopiu.net\/wordpress\/wp-content\/uploads\/2020\/12\/BENVENGU.mp3?_=6\" \/><a href=\"https:\/\/www.radiopiu.net\/wordpress\/wp-content\/uploads\/2020\/12\/BENVENGU.mp3\">https:\/\/www.radiopiu.net\/wordpress\/wp-content\/uploads\/2020\/12\/BENVENGU.mp3<\/a><\/audio>\n<p>&nbsp;<\/p>\n<hr \/>\n<p>&nbsp;<\/p>\n<blockquote>\n<h3>PIAN DELLE VETTE OMAGGIA IL COORDINAMENTO FELTRINO DI PROTEZIONE CIVILE<\/h3>\n<\/blockquote>\n<p><strong><a href=\"https:\/\/www.radiopiu.net\/wordpress\/pian-delle-vette-omaggia-il-coordinamento-feltrino-di-protezione-civile\/pdv_protciv\/\" rel=\"attachment wp-att-178807\"><img loading=\"lazy\" decoding=\"async\" class=\"size-medium wp-image-178807 alignleft\" src=\"https:\/\/www.radiopiu.net\/wordpress\/wp-content\/uploads\/2020\/12\/pdv_protciv-300x200.jpg\" alt=\"\" width=\"300\" height=\"200\" srcset=\"https:\/\/www.radiopiu.net\/wordpress\/wp-content\/uploads\/2020\/12\/pdv_protciv-300x200.jpg 300w, https:\/\/www.radiopiu.net\/wordpress\/wp-content\/uploads\/2020\/12\/pdv_protciv-1024x683.jpg 1024w, https:\/\/www.radiopiu.net\/wordpress\/wp-content\/uploads\/2020\/12\/pdv_protciv-768x512.jpg 768w, https:\/\/www.radiopiu.net\/wordpress\/wp-content\/uploads\/2020\/12\/pdv_protciv-1536x1024.jpg 1536w, https:\/\/www.radiopiu.net\/wordpress\/wp-content\/uploads\/2020\/12\/pdv_protciv-2048x1365.jpg 2048w\" sizes=\"auto, (max-width: 300px) 100vw, 300px\" \/><\/a>FELTRE<\/strong> Un Natale inedito, in cui riscoprirsi comunit\u00e0 sar\u00e0 ancora pi\u00f9 importante. Per questo motivo Walter Lira ed Egidio D\u2019Inc\u00e0, titolari della cantina Pian delle Vette hanno deciso di donare un frizzante omaggio al Coordinamento delle Associazioni di Volontariato di Protezione Civile della Comunit\u00e0 Montana Feltrina. \u201c<i>Abbiamo deciso, in questo strano Natale, di rendere onore e merito al loro prezioso e silenzioso servizio, che offrono con passione alla nostra comunit\u00e0, spesso sottraendo tempo alle loro famiglie e a loro stessi. Vogliamo idealmente trascorrere con loro le prossime festivit\u00e0 natalizie e trasmettere la nostra gratitudine con quello che ci riesce meglio: il nostro vino&#8221;. <\/i>Parole di ringraziamento da parte di Sergio Battistella, Presidente del Coordinamento che<i> conta su undici associazioni che dispongono di diverse centinaia di volontari.<\/i><\/p>\n<p>&nbsp;<\/p>\n<hr \/>\n<p>&nbsp;<\/p>\n<p>&nbsp;<\/p>\n<blockquote>\n<h3>UNIONE PRO LOCO, ELETTA LA NUOVA GIUNTA ESECUTIVA NAZIONALE<\/h3>\n<\/blockquote>\n<p><strong><a href=\"https:\/\/www.radiopiu.net\/wordpress\/giornale-radiopiu-12-dicembre-2020-direttore-mirko-mezzacasa\/unpli\/\" rel=\"attachment wp-att-178779\"><img loading=\"lazy\" decoding=\"async\" class=\"size-medium wp-image-178779 alignleft\" src=\"https:\/\/www.radiopiu.net\/wordpress\/wp-content\/uploads\/2020\/12\/UNPLI-300x122.png\" alt=\"\" width=\"300\" height=\"122\" srcset=\"https:\/\/www.radiopiu.net\/wordpress\/wp-content\/uploads\/2020\/12\/UNPLI-300x122.png 300w, https:\/\/www.radiopiu.net\/wordpress\/wp-content\/uploads\/2020\/12\/UNPLI-1024x415.png 1024w, https:\/\/www.radiopiu.net\/wordpress\/wp-content\/uploads\/2020\/12\/UNPLI-768x311.png 768w, https:\/\/www.radiopiu.net\/wordpress\/wp-content\/uploads\/2020\/12\/UNPLI.png 1066w\" sizes=\"auto, (max-width: 300px) 100vw, 300px\" \/><\/a>ROMA<\/strong> Eletta la nuova giunta esecutiva dell\u2019Unione Nazionale delle Pro Loco d\u2019Italia. Ad un mese dell\u2019assemblea nazionale che ha confermato, con ampia maggioranza, la guida del presidente Antonino La Spina. Confermati il vice presidente Fernando Tomasello (Veneto), Valter Pezzarini (Friuli-Venezia Giulia), Bernardina Tavella (Lombardia), Sandro di Addezio (Abruzzo) e Sebastiano Sechi (Sardegna). Entrano in giunta per la prima volta Luca Parrini (Toscana), Stefano Raso (Piemonte) e Massimiliano Falerni (Emilia-Romagna) . Ricopre il ruolo di segretario generale dell\u2019Unpli, \u00a0Ignazio Di Giovanna.<\/p>\n<p>&nbsp;<\/p>\n<p>&nbsp;<\/p>\n<hr \/>\n<blockquote>\n<h3>AD AGORDO PROLOCO METTE L&#8217;INVERNO DI VETRINA<\/h3>\n<\/blockquote>\n<p><strong>AGORDO<\/strong> La Proloco di Agordo \u00e8 artefice di una nuova iniziativa. La raccolta delle fotografie dell&#8217;inverno nella Conca Agordina (2020-21), da esporre nell&#8217;ufficio di via 27 Aprile. Troveranno spazio in vetrina o nei locali dell&#8217;ufficio su supporto cartaceo o video fino al termine dell&#8217;inverno, la proloco pensa anche ad una pubblicazione sui social. <em>&#8220;Abbiamo approfittato di questo periodo in cui non possiamo esporre i soliti numerosissimi manifesti di eventi ed iniziative &#8211; spiega la proloco &#8211;\u00a0 per promuovere le bellezze della Conca Agordina&#8221;. <\/em>Chi vorr\u00e0 partecipare potr\u00e0 compilare il modulo ed inviare al massimo 2 foto.<\/p>\n<p>&nbsp;<\/p>\n<p>&nbsp;<\/p>\n<hr \/>\n<p>&nbsp;<\/p>\n<blockquote>\n<h3>LA SCUOLA EQUIPE FALCADE ORGANIZZA ESCURSIONI GUIDATE<\/h3>\n<\/blockquote>\n<p><strong>FALCADE\u00a0<\/strong>Per la stagione invernale 2020\/21, la scuola Equipe Falcade organizza delle escursioni con le ciaspe dedicate ai bambini. 4 le escursioni in programma per gruppi di massimo 4 bambini che si possono prenotare al 334 9151617. Necessario l&#8217;abbigliamento da sci, zainetto e la mascherina. A tutti coloro che partecipano all&#8217;iniziativa uno scaldacollo in omaggio.<\/p>\n<p>&nbsp;<\/p>\n<hr \/>\n<p>&nbsp;<\/p>\n<blockquote>\n<h2>IL CAPITOLO \u201cGENTE DI QUASS\u00d9\u201d NEL LIBRO DI QUANDO A FALCADE\u2026<\/h2>\n<h2>di RENATO BONA<\/h2>\n<\/blockquote>\n<p><strong>FALCADE<\/strong>\u00a0 Soffermandoci sul capitolo \u201cGente di quass\u00f9\u201d concludiamo la lettura-visione di \u201cQuando a Falcade la meridiana segnava il tempo\u201d, prezioso album di immagini del 1890-1930, del quale \u00e8 stato autore l\u2019editore-scrittore falcadino Bepi Pellegrinon che lo ha dato alle stampe (Litografia Antiga di Crocetta del Montello) a cura del Comune di Falcade e con il contributo della Cassa di risparmio di Verona, Vicenza e Belluno, nell\u2019estate del 1982, in occasione della mostra fotografica \u201cFalcade com\u2019era\u201d. Ricordato che l\u2019autore ha dedicato il suo lavoro \u201calla mia gente\u201d nella consapevolezza, evidenziata dall\u2019allora sindaco Girolamo Serafini, che sia indispensabile \u201cconoscere il passato per comprendere meglio il presente\u201d non trascuriamo certo di ripetere quanto ha scritto Pellegrinon, fra l\u2019altro, in presentazione del libro: \u201cVa dato merito, altissimo merito a questa gente, che si \u00e8 scrollata di dosso le vecchie antiche abitudini ed i vecchi antichi bisogni. Si \u00e8 creata una nuova mentalit\u00e0, si \u00e8 migliorato il tenore di vita proprio e dei propri figli ed ora si guarda al futuro con minore ansia e con maggiore sicurezza\u201d. Ed ecco la carrellata di immagini (autori delle foto pubblicate sul libro dopo una selezione di quelle esposte nell\u2019allora vetusta sala della Cada del Popolo:Arturo Andreoletti, De Marchi, Eugenio Ganz, Ispettore delle Poste di Vicenza e Belluno nel 1890, Giovanni Luciani, Giuseppe Pietrobelli, Vincenzo Piatti, Antonio Sanmarchi, Giovanni Battista Unterweger ed un artista rimasto sconosciuto). La prima \u00e8 cos\u00ec commentata da Pellegrinon: \u201c1908. La coralit\u00e0 della nostra gente unita di fronte al dolore. Quando moriva un bambino si dice va che \u2018se fa n\u00f2za\u2019. Come ha ben scritto Livia Tognetti Cagnati, il morticino, coperto dei suoi abiti pi\u00f9 belli, veniva adagiato sopra un tavolo opportunamente allestito nella \u2018stua\u2019. Ai bambini che andavano a salutarlo (\u2018s\u00e8gn\u00e0) veniva appuntata sul vestito una coccarda intrecciata di nastrini di tanti colori. Nel tragitto per il funerale, mentre la campana suonava a \u2018campan\u00f2t\u2019 con tocchi veloci e festosi, la madrina portava sulle braccia la piccola bara scoperta che veniva chiusa in cimitero prima della sepoltura. A funerali finito la famiglia invitava parenti ed amici in casa o in qualche osteria dove veniva di consueto offerto pane e vino. L\u2019immagine mostra la dignit\u00e0 e la composta rassegnazione per il dolore, proprie delle nostre genti. Siamo nel 1908 ai funerali di Valt Santa. Attorno ai \u2018santoi\u2019 si stringono i parenti stretti: la zia Carolina, la zia Orsola e la mamma Caterina a destra, attorniate dai loro figlioli. In alto a sinistra la sagoma inconfondibile della Orsola Scursora, vedova di Francesco Zand\u00f2, morto sepolto da una valanga di neve assieme ad altre 7 persone, il 14 marzo 1892 in localit\u00e0 Crepa Granda a Cencenighe\u201d. Di seguito: \u201c1912. Operai falcadini a \u2018leizinp\u00f2n\u2019 che vuol dire posto di lavoro. I nostri muratori si sono fatti onore in tutti i paesi d\u2019Europa e d\u2019America, contribuendo con la loro maestria ed il fervore operoso, a rinnovare, abbellendolo, questo nostro mondo. In questa immagine si riconoscono Anselmo Bulf, Bastian Moneghin, Guido Fanina, Gigio Zucot ed altri, durante una pausa\u201d. Altra dicitura: \u201c1923. Tredici lavandaie della Valle del Biois a Venezia, fra le quali, assieme a giovani di Canale, Gar\u00e9s e Vallada, anche la Mansueta Mor\u00e8la e la Giuditta Luzzina. Era Bortola Tancon Luciani, madre di Giovanni Paolo I a preoccuparsi della sistemazione delle giovani presso il Convento delle Elisabettine. Sono lontane dai loro paesi, ma unite dalla comune origine valligiana\u201d. Questa la descrizione della foto successiva: \u201c1913. Giungeva in paese due volte all\u2019anno, in primavera e d\u2019autunno. Lo stagnino, originario del Cadore, rattoppava paiuoli, secchie, pignatte, pentole e \u2018stagnade\u2019. Il lavoro non mancava di certo, per un artigiano cos\u00ec prezioso ed originale per i bisogni delle case del tempo\u201d. Ancora: \u201c1925. C\u2019\u00e8 un po\u2019 di posa nell\u2019atteggiamento delle due contadine nostrane, ma gli arnesi rustici confermano il legame con le nostre origini bucoliche. Falcade, da falce, luogo adatto alla falciatura dell\u2019erba. Il lavoro delle donne era in gran parte indirizzato all\u2019agricoltura, dedicandosi gli uomini ad altre attivit\u00e0. C\u2019\u00e8 in queste due paesane la coscienza del lavoro che si riflette nella rigidezza, forse un po\u2019 statica della foto. Ma la testimonianza \u00e8 autentica\u201d. Altra descrizione: \u201c1906. Evviva san Marco! Il 25 aprile di ogni anno per festeggiare S. Marco e quindi rendere omaggio alla Repubblica Veneta, i fanciulli di Falcade, muniti di vessilli sventolanti drappi e fazzoletti da testa, rossi o vistosi per lo pi\u00f9. Percorrevano in gruppo le strade dei villaggi per radunarsi a La Foca. Quindi salivano ai Zei o a La Mandra ove avveniva una battaglia non tanto simulata; il capoluogo contro quelli di Pedefalcade e Molin. Sembra che i pi\u00f9 bellicosi fossero quelli di Somor detti \u2018ors\u2019 per via della loro fierezza. Al grido frequente di viva S. Marco i duelli iniziavano e si rinnovavano per tutta la giornata, a conclusione della quale i giovani guerrieri ritornavano alle famiglie, tutti vincitori\u201d. Altro gruppo: \u201c1907. Falcadini nel primo decennio del secolo. Si noti la presenza di donne e bambini. Le forze valide (uomini e giovani) sono al lavoro, magari emigrate oltre oceano in cerca di fortuna. In questo gruppo c\u2019\u00e8 il dramma di chi \u00e8 rimasto solo e indifeso. I padri e i mariti sono lontani\u201d. E un altro gruppo ancora: \u201c1911. Davanti al Tabi\u00e0 dei Scola a Molin si \u00e8 radunato mezzo paese. Anche qui solo donne e bambini, con l\u2019eccezione del Betab\u00e8la, ormai in et\u00e0 avanzata. Certo l\u2019Eugenio Orsolin avr\u00e0 avuto il suo bel daffare a far entrare tutti nell\u2019obiettivo. Mi sia consentita una nota personale: con ogni probabilit\u00e0, il \u2018bocia\u2019 a sinistra in primo piano \u00e8 mio padre Valentino\u201d. Ora le donne: \u201c1908. Ancora a Molin le giovani grazie locali in una foto di gruppo. Le 15 sono nell\u2019ordine da sinistra in alto: Virginia Scola, Graziosa Scola, Lucia Scola, Angela Scola, tutte dei Foss\u00e0i; Giuseppina e Maria Scola dei Mondi, Maria Piccolin P\u00e9tola, Maria Fol dei Tei, Amabile Piccolin Ciauz\u00e9ta, Rosa Scola dei Marta, Giovanna Piccolin dei Remigi. Quindi i bambini: \u201c1920. L\u2019arcigno maestro Lorenzo Parissenti di Frassen\u00e8, \u00e8 famoso presso gli anziani per aver insegnato per molti anni ai nostri giovani a leggere e scrivere. Eccolo \u2018presentare\u2019 gli scolari, affatto intimoriti, delle classi 1908-1911. Si riconoscono Giacomo Serafini, Giuseppe Scola Cr\u00f2ntol, Piero Cagnati Fas\u00e0n, Giuseppe Ganz Pascalin, Ferruccio Cagnati, Liberale De Valliere Mal\u00f2ra, Giuseppe Strim Z\u00e8gol, Albino Costa Gambar\u00e8la, Espedito Costa Menegazzo, Mansueto De Pellegrin, Stefano Stgrim Z\u00e8gol, Giovanni Scola Mastel\u00e8r, Dante Nart, Riccardo Murer, Cherubino Genuin, Valentino Micheluzzi Duca, Attilio Piccolin General, Rodolfo Scola Mastel\u00e8r, Vittorino Pellegrinon Boldo e Gino Strim Z\u00e8gol\u201d. Tocca ai cacciatori: \u201c1910: Conoscitori di ogni \u2018posta\u2019 e di ogni passaggio della fauna avicola e selvatica e quindi cacciatori e bracconieri appassionati e valenti, Piere Cristin, Eustacchio ed Emilio Costa Gata posano con il loro trofeo, questa volta un capriolo. La caccia era allora pi\u00f9 che uno sport dei danarosi, una lotta per l\u2019esistenza\u201d. Di nuovo le giovani: \u201cSi intravvede in queste giovani falcadine di Azione cattolica di sessant\u2019anni fa una notevole forza interiore che le aiuter\u00e0 lungo gli aspri sentieri della vita: la fede\u201d. E quindi i preti: \u201c1925.Val Biois terra fertile anche di sacerdoti e di vocazioni religiose. Davanti alla canonica di Falcade Alto sono schierati: don Domenico Andrich, don Casagrande, don Giosu\u00e8 Fagherazzi, Padre De Grandis conventuale di Padova, don Augusto Bramezza, Giuseppe Strim, un non identificato, Saba De Rocco, Angelo Strim, Giacomo Viezzer, Bernardo e Sebastiano Tomaselli, Giovanni Murer, Albino Luciani, Igino Tomaselli, Felice Tomaselli e Erminio Scola\u201d. Per concludere: \u201c1925. Ai Giosafat, fa bella mostra di s\u00e9 una Torpedo Spa Spider dei fratelli Da Pian di Alleghe. Si apre un nuovo avvenire che pare lasciare indifferente il maestro Emilio Cagnati che continuer\u00e0 ad andare a piedi!\u201d e, sempre del 1925: \u201cGiovani falcadini dell\u2019Azione cattolica. Il sentimento religioso \u00e8 molto radicato fra la nostra gente ed \u00e8 parte integrante di un modo di vivere sereno e laborioso\u201d.<\/p>\n\n\t\t\t<style type='text\/css'>\n\t\t\t\t#gallery-4 {\n\t\t\t\t\tmargin: auto;\n\t\t\t\t}\n\t\t\t\t#gallery-4 .gallery-item {\n\t\t\t\t\tfloat: left;\n\t\t\t\t\tmargin-top: 10px;\n\t\t\t\t\ttext-align: center;\n\t\t\t\t\twidth: 12%;\n\t\t\t\t}\n\t\t\t\t#gallery-4 img {\n\t\t\t\t\tborder: 2px solid #cfcfcf;\n\t\t\t\t}\n\t\t\t\t#gallery-4 .gallery-caption {\n\t\t\t\t\tmargin-left: 0;\n\t\t\t\t}\n\t\t\t\t\/* see gallery_shortcode() in wp-includes\/media.php *\/\n\t\t\t<\/style>\n\t\t<div id='gallery-4' class='dt-gallery-container gallery galleryid-178680 gallery-columns-8 gallery-size-thumbnail'><dl class='gallery-item'>\n\t\t\t\t<dt class='gallery-icon landscape'>\n\t\t\t\t\t<a class=\"rollover rollover-zoom dt-pswp-item\" title=\"130957158_734512667453154_5715418919138034517_n\" data-dt-img-description=\"\" data-large_image_width=\"2048\" data-large_image_height=\"1272\"href='https:\/\/www.radiopiu.net\/wordpress\/wp-content\/uploads\/2020\/12\/130957158_734512667453154_5715418919138034517_n.jpg'><img loading=\"lazy\" decoding=\"async\" width=\"150\" height=\"150\" src=\"https:\/\/www.radiopiu.net\/wordpress\/wp-content\/uploads\/2020\/12\/130957158_734512667453154_5715418919138034517_n-150x150.jpg\" class=\"attachment-thumbnail size-thumbnail\" alt=\"\" \/><\/a>\n\t\t\t\t<\/dt><\/dl><dl class='gallery-item'>\n\t\t\t\t<dt class='gallery-icon portrait'>\n\t\t\t\t\t<a class=\"rollover rollover-zoom dt-pswp-item\" title=\"131116088_142615500685437_4035944099531208566_n\" data-dt-img-description=\"\" data-large_image_width=\"1746\" data-large_image_height=\"2048\"href='https:\/\/www.radiopiu.net\/wordpress\/wp-content\/uploads\/2020\/12\/131116088_142615500685437_4035944099531208566_n.jpg'><img loading=\"lazy\" decoding=\"async\" width=\"150\" height=\"150\" src=\"https:\/\/www.radiopiu.net\/wordpress\/wp-content\/uploads\/2020\/12\/131116088_142615500685437_4035944099531208566_n-150x150.jpg\" class=\"attachment-thumbnail size-thumbnail\" alt=\"\" \/><\/a>\n\t\t\t\t<\/dt><\/dl><dl class='gallery-item'>\n\t\t\t\t<dt class='gallery-icon landscape'>\n\t\t\t\t\t<a class=\"rollover rollover-zoom dt-pswp-item\" title=\"131262183_724465121835234_4786948034883946729_n\" data-dt-img-description=\"\" data-large_image_width=\"2048\" data-large_image_height=\"1644\"href='https:\/\/www.radiopiu.net\/wordpress\/wp-content\/uploads\/2020\/12\/131262183_724465121835234_4786948034883946729_n.jpg'><img loading=\"lazy\" decoding=\"async\" width=\"150\" height=\"150\" src=\"https:\/\/www.radiopiu.net\/wordpress\/wp-content\/uploads\/2020\/12\/131262183_724465121835234_4786948034883946729_n-150x150.jpg\" class=\"attachment-thumbnail size-thumbnail\" alt=\"\" \/><\/a>\n\t\t\t\t<\/dt><\/dl><dl class='gallery-item'>\n\t\t\t\t<dt class='gallery-icon portrait'>\n\t\t\t\t\t<a class=\"rollover rollover-zoom dt-pswp-item\" title=\"131215888_188412316251860_2963438498271256302_n\" data-dt-img-description=\"\" data-large_image_width=\"1551\" data-large_image_height=\"2048\"href='https:\/\/www.radiopiu.net\/wordpress\/wp-content\/uploads\/2020\/12\/131215888_188412316251860_2963438498271256302_n.jpg'><img loading=\"lazy\" decoding=\"async\" width=\"150\" height=\"150\" src=\"https:\/\/www.radiopiu.net\/wordpress\/wp-content\/uploads\/2020\/12\/131215888_188412316251860_2963438498271256302_n-150x150.jpg\" class=\"attachment-thumbnail size-thumbnail\" alt=\"\" \/><\/a>\n\t\t\t\t<\/dt><\/dl><dl class='gallery-item'>\n\t\t\t\t<dt class='gallery-icon landscape'>\n\t\t\t\t\t<a class=\"rollover rollover-zoom dt-pswp-item\" title=\"131113022_217379119973763_3213099818070143769_n\" data-dt-img-description=\"\" data-large_image_width=\"2048\" data-large_image_height=\"1499\"href='https:\/\/www.radiopiu.net\/wordpress\/wp-content\/uploads\/2020\/12\/131113022_217379119973763_3213099818070143769_n.jpg'><img loading=\"lazy\" decoding=\"async\" width=\"150\" height=\"150\" src=\"https:\/\/www.radiopiu.net\/wordpress\/wp-content\/uploads\/2020\/12\/131113022_217379119973763_3213099818070143769_n-150x150.jpg\" class=\"attachment-thumbnail size-thumbnail\" alt=\"\" \/><\/a>\n\t\t\t\t<\/dt><\/dl><dl class='gallery-item'>\n\t\t\t\t<dt class='gallery-icon landscape'>\n\t\t\t\t\t<a class=\"rollover rollover-zoom dt-pswp-item\" title=\"131349751_302953784345642_6278041755037865300_n\" data-dt-img-description=\"\" data-large_image_width=\"2048\" data-large_image_height=\"1377\"href='https:\/\/www.radiopiu.net\/wordpress\/wp-content\/uploads\/2020\/12\/131349751_302953784345642_6278041755037865300_n.jpg'><img loading=\"lazy\" decoding=\"async\" width=\"150\" height=\"150\" src=\"https:\/\/www.radiopiu.net\/wordpress\/wp-content\/uploads\/2020\/12\/131349751_302953784345642_6278041755037865300_n-150x150.jpg\" class=\"attachment-thumbnail size-thumbnail\" alt=\"\" \/><\/a>\n\t\t\t\t<\/dt><\/dl><dl class='gallery-item'>\n\t\t\t\t<dt class='gallery-icon landscape'>\n\t\t\t\t\t<a class=\"rollover rollover-zoom dt-pswp-item\" title=\"131262180_2529831613981626_5645239777538108164_n\" data-dt-img-description=\"\" data-large_image_width=\"2048\" data-large_image_height=\"1607\"href='https:\/\/www.radiopiu.net\/wordpress\/wp-content\/uploads\/2020\/12\/131262180_2529831613981626_5645239777538108164_n.jpg'><img loading=\"lazy\" decoding=\"async\" width=\"150\" height=\"150\" src=\"https:\/\/www.radiopiu.net\/wordpress\/wp-content\/uploads\/2020\/12\/131262180_2529831613981626_5645239777538108164_n-150x150.jpg\" class=\"attachment-thumbnail size-thumbnail\" alt=\"\" \/><\/a>\n\t\t\t\t<\/dt><\/dl><dl class='gallery-item'>\n\t\t\t\t<dt class='gallery-icon landscape'>\n\t\t\t\t\t<a class=\"rollover rollover-zoom dt-pswp-item\" title=\"131318112_3795117880534459_5563083254696789368_n\" data-dt-img-description=\"\" data-large_image_width=\"2048\" data-large_image_height=\"1177\"href='https:\/\/www.radiopiu.net\/wordpress\/wp-content\/uploads\/2020\/12\/131318112_3795117880534459_5563083254696789368_n.jpg'><img loading=\"lazy\" decoding=\"async\" width=\"150\" height=\"150\" src=\"https:\/\/www.radiopiu.net\/wordpress\/wp-content\/uploads\/2020\/12\/131318112_3795117880534459_5563083254696789368_n-150x150.jpg\" class=\"attachment-thumbnail size-thumbnail\" alt=\"\" \/><\/a>\n\t\t\t\t<\/dt><\/dl><br style=\"clear: both\" \/><dl class='gallery-item'>\n\t\t\t\t<dt class='gallery-icon landscape'>\n\t\t\t\t\t<a class=\"rollover rollover-zoom dt-pswp-item\" title=\"131261814_3795928323791868_5042686762493932850_n\" data-dt-img-description=\"\" data-large_image_width=\"2048\" data-large_image_height=\"1353\"href='https:\/\/www.radiopiu.net\/wordpress\/wp-content\/uploads\/2020\/12\/131261814_3795928323791868_5042686762493932850_n.jpg'><img loading=\"lazy\" decoding=\"async\" width=\"150\" height=\"150\" src=\"https:\/\/www.radiopiu.net\/wordpress\/wp-content\/uploads\/2020\/12\/131261814_3795928323791868_5042686762493932850_n-150x150.jpg\" class=\"attachment-thumbnail size-thumbnail\" alt=\"\" \/><\/a>\n\t\t\t\t<\/dt><\/dl><dl class='gallery-item'>\n\t\t\t\t<dt class='gallery-icon landscape'>\n\t\t\t\t\t<a class=\"rollover rollover-zoom dt-pswp-item\" title=\"131098180_405246187348835_2252193652886768535_n\" data-dt-img-description=\"\" data-large_image_width=\"2048\" data-large_image_height=\"1328\"href='https:\/\/www.radiopiu.net\/wordpress\/wp-content\/uploads\/2020\/12\/131098180_405246187348835_2252193652886768535_n.jpg'><img loading=\"lazy\" decoding=\"async\" width=\"150\" height=\"150\" src=\"https:\/\/www.radiopiu.net\/wordpress\/wp-content\/uploads\/2020\/12\/131098180_405246187348835_2252193652886768535_n-150x150.jpg\" class=\"attachment-thumbnail size-thumbnail\" alt=\"\" \/><\/a>\n\t\t\t\t<\/dt><\/dl><dl class='gallery-item'>\n\t\t\t\t<dt class='gallery-icon landscape'>\n\t\t\t\t\t<a class=\"rollover rollover-zoom dt-pswp-item\" title=\"131131868_188681399647884_8890750666952901716_n\" data-dt-img-description=\"\" data-large_image_width=\"2048\" data-large_image_height=\"1662\"href='https:\/\/www.radiopiu.net\/wordpress\/wp-content\/uploads\/2020\/12\/131131868_188681399647884_8890750666952901716_n.jpg'><img loading=\"lazy\" decoding=\"async\" width=\"150\" height=\"150\" src=\"https:\/\/www.radiopiu.net\/wordpress\/wp-content\/uploads\/2020\/12\/131131868_188681399647884_8890750666952901716_n-150x150.jpg\" class=\"attachment-thumbnail size-thumbnail\" alt=\"\" \/><\/a>\n\t\t\t\t<\/dt><\/dl><dl class='gallery-item'>\n\t\t\t\t<dt class='gallery-icon landscape'>\n\t\t\t\t\t<a class=\"rollover rollover-zoom dt-pswp-item\" title=\"131307076_426830758679547_269621496285173694_n\" data-dt-img-description=\"\" data-large_image_width=\"2048\" data-large_image_height=\"1417\"href='https:\/\/www.radiopiu.net\/wordpress\/wp-content\/uploads\/2020\/12\/131307076_426830758679547_269621496285173694_n.jpg'><img loading=\"lazy\" decoding=\"async\" width=\"150\" height=\"150\" src=\"https:\/\/www.radiopiu.net\/wordpress\/wp-content\/uploads\/2020\/12\/131307076_426830758679547_269621496285173694_n-150x150.jpg\" class=\"attachment-thumbnail size-thumbnail\" alt=\"\" \/><\/a>\n\t\t\t\t<\/dt><\/dl><dl class='gallery-item'>\n\t\t\t\t<dt class='gallery-icon landscape'>\n\t\t\t\t\t<a class=\"rollover rollover-zoom dt-pswp-item\" title=\"131257773_438074584248803_8798189640463783134_n\" data-dt-img-description=\"\" data-large_image_width=\"2048\" data-large_image_height=\"1444\"href='https:\/\/www.radiopiu.net\/wordpress\/wp-content\/uploads\/2020\/12\/131257773_438074584248803_8798189640463783134_n.jpg'><img loading=\"lazy\" decoding=\"async\" width=\"150\" height=\"150\" src=\"https:\/\/www.radiopiu.net\/wordpress\/wp-content\/uploads\/2020\/12\/131257773_438074584248803_8798189640463783134_n-150x150.jpg\" class=\"attachment-thumbnail size-thumbnail\" alt=\"\" \/><\/a>\n\t\t\t\t<\/dt><\/dl><dl class='gallery-item'>\n\t\t\t\t<dt class='gallery-icon landscape'>\n\t\t\t\t\t<a class=\"rollover rollover-zoom dt-pswp-item\" title=\"131131198_475147736795045_2092455552894474931_n\" data-dt-img-description=\"\" data-large_image_width=\"2048\" data-large_image_height=\"1405\"href='https:\/\/www.radiopiu.net\/wordpress\/wp-content\/uploads\/2020\/12\/131131198_475147736795045_2092455552894474931_n.jpg'><img loading=\"lazy\" decoding=\"async\" width=\"150\" height=\"150\" src=\"https:\/\/www.radiopiu.net\/wordpress\/wp-content\/uploads\/2020\/12\/131131198_475147736795045_2092455552894474931_n-150x150.jpg\" class=\"attachment-thumbnail size-thumbnail\" alt=\"\" \/><\/a>\n\t\t\t\t<\/dt><\/dl><dl class='gallery-item'>\n\t\t\t\t<dt class='gallery-icon landscape'>\n\t\t\t\t\t<a class=\"rollover rollover-zoom dt-pswp-item\" title=\"131145129_215289056846693_8205760501218102220_n\" data-dt-img-description=\"\" data-large_image_width=\"2048\" data-large_image_height=\"1373\"href='https:\/\/www.radiopiu.net\/wordpress\/wp-content\/uploads\/2020\/12\/131145129_215289056846693_8205760501218102220_n.jpg'><img loading=\"lazy\" decoding=\"async\" width=\"150\" height=\"150\" src=\"https:\/\/www.radiopiu.net\/wordpress\/wp-content\/uploads\/2020\/12\/131145129_215289056846693_8205760501218102220_n-150x150.jpg\" class=\"attachment-thumbnail size-thumbnail\" alt=\"\" \/><\/a>\n\t\t\t\t<\/dt><\/dl><dl class='gallery-item'>\n\t\t\t\t<dt class='gallery-icon landscape'>\n\t\t\t\t\t<a class=\"rollover rollover-zoom dt-pswp-item\" title=\"131111985_733777964218720_4232065794954084692_n\" data-dt-img-description=\"\" data-large_image_width=\"2048\" data-large_image_height=\"1424\"href='https:\/\/www.radiopiu.net\/wordpress\/wp-content\/uploads\/2020\/12\/131111985_733777964218720_4232065794954084692_n.jpg'><img loading=\"lazy\" decoding=\"async\" width=\"150\" height=\"150\" src=\"https:\/\/www.radiopiu.net\/wordpress\/wp-content\/uploads\/2020\/12\/131111985_733777964218720_4232065794954084692_n-150x150.jpg\" class=\"attachment-thumbnail size-thumbnail\" alt=\"\" \/><\/a>\n\t\t\t\t<\/dt><\/dl><br style=\"clear: both\" \/>\n\t\t\t<\/div>\n\n<p>&nbsp;<\/p>\n<p>&nbsp;<\/p>\n<p>&nbsp;<\/p>\n<p>&nbsp;<\/p>\n<p>&nbsp;<\/p>\n<p>&nbsp;<\/p>\n<hr \/>\n<p>&nbsp;<\/p>\n<h1><span style=\"color: #ff0000;\">IERI ALLA RADIO<\/span><\/h1>\n<h2><a href=\"https:\/\/www.radiopiu.net\/wordpress\/giornale-radiopiu-20-dicembre-2019-direttore-mirko-mezzacasa\/audi-fis-ski-world-cup-alta-badia-la-villa-1\/\" rel=\"attachment wp-att-110405\"><img loading=\"lazy\" decoding=\"async\" class=\"size-medium wp-image-110405 alignleft\" src=\"https:\/\/www.radiopiu.net\/wordpress\/wp-content\/uploads\/2019\/12\/audi-fis-ski-world-cup-alta-badia-la-villa-1-300x200.jpg\" alt=\"\" width=\"300\" height=\"200\" srcset=\"https:\/\/www.radiopiu.net\/wordpress\/wp-content\/uploads\/2019\/12\/audi-fis-ski-world-cup-alta-badia-la-villa-1-300x200.jpg 300w, https:\/\/www.radiopiu.net\/wordpress\/wp-content\/uploads\/2019\/12\/audi-fis-ski-world-cup-alta-badia-la-villa-1-768x513.jpg 768w, https:\/\/www.radiopiu.net\/wordpress\/wp-content\/uploads\/2019\/12\/audi-fis-ski-world-cup-alta-badia-la-villa-1.jpg 899w\" sizes=\"auto, (max-width: 300px) 100vw, 300px\" \/><\/a><span style=\"color: #00ccff;\">ROBERTO HUBER, DIRETTORE MARKETING ALTA BADIA<\/span><\/h2>\n<p><strong>di Claudio Fontanive\u00a0<\/strong><\/p>\n<p>&nbsp;<\/p>\n<audio class=\"wp-audio-shortcode\" id=\"audio-178680-7\" preload=\"none\" style=\"width: 100%;\" controls=\"controls\"><source type=\"audio\/mpeg\" src=\"https:\/\/www.radiopiu.net\/wordpress\/wp-content\/uploads\/2020\/10\/roberto-huber.mp3?_=7\" \/><a href=\"https:\/\/www.radiopiu.net\/wordpress\/wp-content\/uploads\/2020\/10\/roberto-huber.mp3\">https:\/\/www.radiopiu.net\/wordpress\/wp-content\/uploads\/2020\/10\/roberto-huber.mp3<\/a><\/audio>\n<p>&nbsp;<\/p>\n<p>&nbsp;<\/p>\n<p>&nbsp;<\/p>\n<hr \/>\n<p>&nbsp;<\/p>\n<h2><a href=\"https:\/\/www.radiopiu.net\/wordpress\/dal-passo-campolongo-silvia-de-dorigo-delmonego-le-prospettive-per-il-natale\/silvia-de-dorigo-delmonego\/\" rel=\"attachment wp-att-178722\"><img loading=\"lazy\" decoding=\"async\" class=\"size-medium wp-image-178722 alignleft\" src=\"https:\/\/www.radiopiu.net\/wordpress\/wp-content\/uploads\/2020\/12\/SILVIA-DE-DORIGO-DELMONEGO-300x300.jpg\" alt=\"\" width=\"300\" height=\"300\" srcset=\"https:\/\/www.radiopiu.net\/wordpress\/wp-content\/uploads\/2020\/12\/SILVIA-DE-DORIGO-DELMONEGO-300x300.jpg 300w, https:\/\/www.radiopiu.net\/wordpress\/wp-content\/uploads\/2020\/12\/SILVIA-DE-DORIGO-DELMONEGO-150x150.jpg 150w, https:\/\/www.radiopiu.net\/wordpress\/wp-content\/uploads\/2020\/12\/SILVIA-DE-DORIGO-DELMONEGO.jpg 549w\" sizes=\"auto, (max-width: 300px) 100vw, 300px\" \/><\/a><span style=\"color: #ff00ff;\">DAL PASSO CAMPOLONGO SILVIA DE DORIGO DELMONEGO, LE PROSPETTIVE PER IL NATALE<\/span><\/h2>\n<p><strong>di Claudio Fontanive\u00a0<\/strong><\/p>\n<audio class=\"wp-audio-shortcode\" id=\"audio-178680-8\" preload=\"none\" style=\"width: 100%;\" controls=\"controls\"><source type=\"audio\/mpeg\" src=\"https:\/\/www.radiopiu.net\/wordpress\/wp-content\/uploads\/2020\/12\/silvia-de-dorigo-del-monego.mp3?_=8\" \/><a href=\"https:\/\/www.radiopiu.net\/wordpress\/wp-content\/uploads\/2020\/12\/silvia-de-dorigo-del-monego.mp3\">https:\/\/www.radiopiu.net\/wordpress\/wp-content\/uploads\/2020\/12\/silvia-de-dorigo-del-monego.mp3<\/a><\/audio>\n<p>&nbsp;<\/p>\n<p>&nbsp;<\/p>\n<hr \/>\n<p>&nbsp;<\/p>\n<p>&nbsp;<\/p>\n<blockquote class=\"wp-embedded-content\" data-secret=\"rFi8XPSIv6\"><p><a href=\"https:\/\/www.radiopiu.net\/wordpress\/linverno-ad-arabba-la-raccolta-fotografica\/\">L&#8217;INVERNO AD ARABBA &#8211; LA RACCOLTA FOTOGRAFICA<\/a><\/p><\/blockquote>\n<p><iframe loading=\"lazy\" class=\"wp-embedded-content\" sandbox=\"allow-scripts\" security=\"restricted\" style=\"position: absolute; clip: rect(1px, 1px, 1px, 1px);\" title=\"&#8220;L&#8217;INVERNO AD ARABBA &#8211; LA RACCOLTA FOTOGRAFICA&#8221; &#8212; Radio Pi\u00f9\" src=\"https:\/\/www.radiopiu.net\/wordpress\/linverno-ad-arabba-la-raccolta-fotografica\/embed\/#?secret=rFi8XPSIv6\" data-secret=\"rFi8XPSIv6\" width=\"600\" height=\"338\" frameborder=\"0\" marginwidth=\"0\" marginheight=\"0\" scrolling=\"no\"><\/iframe><\/p>\n<p>&nbsp;<\/p>\n<p>&nbsp;<\/p>\n<hr \/>\n<p>&nbsp;<\/p>\n<div class=\"im_message_wrap clearfix\">\n<div class=\"im_content_message_wrap im_message_out\">\n<h2><span style=\"color: #ff0000;\">IERI ALLA RADIO\u00a0 IN VIVO VERSO 2020-21<\/span><\/h2>\n<p><strong><span style=\"color: #0000ff;\">IN ONDA DAL LUNEDI AL VENERDI ALLE 7.10, 10.10, 18.50 I PROTAGONISTI DI QUESTA SETTIMANA: <\/span><span style=\"color: #0000ff;\"><span style=\"color: #000000;\">Carlo Molinari, Gian Domenico Mazzoccato, Mariano Grossi<\/span><\/span><\/strong><\/p>\n<blockquote class=\"wp-embedded-content\" data-secret=\"AB9KC9to2D\"><p><a href=\"https:\/\/www.radiopiu.net\/wordpress\/donna-di-antonietta-crepaz\/\">DONNA di ANTONIETTA CREPAZ<\/a><\/p><\/blockquote>\n<p><iframe loading=\"lazy\" class=\"wp-embedded-content\" sandbox=\"allow-scripts\" security=\"restricted\" style=\"position: absolute; clip: rect(1px, 1px, 1px, 1px);\" title=\"&#8220;DONNA di ANTONIETTA CREPAZ&#8221; &#8212; Radio Pi\u00f9\" src=\"https:\/\/www.radiopiu.net\/wordpress\/donna-di-antonietta-crepaz\/embed\/#?secret=AB9KC9to2D\" data-secret=\"AB9KC9to2D\" width=\"600\" height=\"338\" frameborder=\"0\" marginwidth=\"0\" marginheight=\"0\" scrolling=\"no\"><\/iframe><\/p>\n<\/div>\n<\/div>\n<h1><strong><span style=\"font-family: Verdana, sans-serif;\"><span style=\"font-size: medium;\">LA RACCOLTA COMPLETA, TUTTE LE COLLEZIONI<\/span><\/span><\/strong><\/h1>\n<blockquote class=\"wp-embedded-content\" data-secret=\"HCevFE2DBo\"><p><a href=\"https:\/\/www.radiopiu.net\/wordpress\/in-vivo-verso\/\">In Vivo Verso<\/a><\/p><\/blockquote>\n<p><iframe loading=\"lazy\" class=\"wp-embedded-content\" sandbox=\"allow-scripts\" security=\"restricted\" style=\"position: absolute; clip: rect(1px, 1px, 1px, 1px);\" title=\"&#8220;In Vivo Verso&#8221; &#8212; Radio Pi\u00f9\" src=\"https:\/\/www.radiopiu.net\/wordpress\/in-vivo-verso\/embed\/#?secret=HCevFE2DBo\" data-secret=\"HCevFE2DBo\" width=\"600\" height=\"338\" frameborder=\"0\" marginwidth=\"0\" marginheight=\"0\" scrolling=\"no\"><\/iframe><\/p>\n<hr \/>\n<p>&nbsp;<\/p>\n<h2>007 IN CONDOTTA CON LA PROF. MARIA ROSA SALMAZO IL LUNEDI ALLE 10,30 E ALLE 19.00 LA DOMENICA ALLE 8 DEL MATTINO. NONA STAGIONE<\/h2>\n<h2>LA RACCOLTA COMPLETA<\/h2>\n<blockquote class=\"wp-embedded-content\" data-secret=\"HAnzjXqVM3\"><p><a href=\"https:\/\/www.radiopiu.net\/wordpress\/007incondotta-9\/\">007 in condotta<\/a><\/p><\/blockquote>\n<p><iframe loading=\"lazy\" class=\"wp-embedded-content\" sandbox=\"allow-scripts\" security=\"restricted\" style=\"position: absolute; clip: rect(1px, 1px, 1px, 1px);\" title=\"&#8220;007 in condotta&#8221; &#8212; Radio Pi\u00f9\" src=\"https:\/\/www.radiopiu.net\/wordpress\/007incondotta-9\/embed\/#?secret=HAnzjXqVM3\" data-secret=\"HAnzjXqVM3\" width=\"600\" height=\"338\" frameborder=\"0\" marginwidth=\"0\" marginheight=\"0\" scrolling=\"no\"><\/iframe><\/p>\n<p>&nbsp;<\/p>\n<hr \/>\n<p>&nbsp;<\/p>\n<blockquote>\n<h2>SALUTE E SOCIETA&#8217; IL LUNEDI ALLE 13.10 E ALLE 20.10, LA DOMENICA ALLE 10.30 A CURA DEL DOTTOR MARCO CARACCIOLO. QUINTA STAGIONE<\/h2>\n<\/blockquote>\n<h3>LA RACCOLTA COMPLETA<\/h3>\n<blockquote class=\"wp-embedded-content\" data-secret=\"5dT4C1UvIh\"><p><a href=\"https:\/\/www.radiopiu.net\/wordpress\/saluteesocieta\/\">Salute e Societ\u00e0<\/a><\/p><\/blockquote>\n<p><iframe loading=\"lazy\" class=\"wp-embedded-content\" sandbox=\"allow-scripts\" security=\"restricted\" style=\"position: absolute; clip: rect(1px, 1px, 1px, 1px);\" title=\"&#8220;Salute e Societ\u00e0&#8221; &#8212; Radio Pi\u00f9\" src=\"https:\/\/www.radiopiu.net\/wordpress\/saluteesocieta\/embed\/#?secret=5dT4C1UvIh\" data-secret=\"5dT4C1UvIh\" width=\"600\" height=\"338\" frameborder=\"0\" marginwidth=\"0\" marginheight=\"0\" scrolling=\"no\"><\/iframe><\/p>\n<hr \/>\n<blockquote>\n<h2><\/h2>\n<h2>FANTASTICHE DOLOMITI, NUOVA STAGIONE. APPUNTAMENTO QUINDICINALE IL GIOVEDI ALLE 10.30 E 1900<\/h2>\n<\/blockquote>\n<h1>LA RACCOLTA COMPLETA<\/h1>\n<blockquote class=\"wp-embedded-content\" data-secret=\"0p63y1s5VU\"><p><a href=\"https:\/\/www.radiopiu.net\/wordpress\/https-wp-me-p63lo7-gyg\/\">FANTASTICHE DOLOMITI: IL QUINDICINALE APPUNTAMENTO ALLA RADIO<\/a><\/p><\/blockquote>\n<p><iframe loading=\"lazy\" class=\"wp-embedded-content\" sandbox=\"allow-scripts\" security=\"restricted\" style=\"position: absolute; clip: rect(1px, 1px, 1px, 1px);\" title=\"&#8220;FANTASTICHE DOLOMITI: IL QUINDICINALE APPUNTAMENTO ALLA RADIO&#8221; &#8212; Radio Pi\u00f9\" src=\"https:\/\/www.radiopiu.net\/wordpress\/https-wp-me-p63lo7-gyg\/embed\/#?secret=0p63y1s5VU\" data-secret=\"0p63y1s5VU\" width=\"600\" height=\"338\" frameborder=\"0\" marginwidth=\"0\" marginheight=\"0\" scrolling=\"no\"><\/iframe><\/p>\n<div class=\"mw-parser-output\">\n<p>&nbsp;<\/p>\n<\/div>\n<p>&nbsp;<\/p>\n<hr \/>\n<p>&nbsp;<\/p>\n<blockquote>\n<h2><a href=\"https:\/\/www.radiopiu.net\/wordpress\/speciale-solidarieta-veneto\/solidarieta-veneto-3\/\" rel=\"attachment wp-att-134366\"><img loading=\"lazy\" decoding=\"async\" class=\"wp-image-134366 alignleft\" src=\"https:\/\/www.radiopiu.net\/wordpress\/wp-content\/uploads\/2020\/05\/solidariet\u00e0-veneto-300x210.jpg\" alt=\"\" width=\"179\" height=\"125\" srcset=\"https:\/\/www.radiopiu.net\/wordpress\/wp-content\/uploads\/2020\/05\/solidariet\u00e0-veneto-300x210.jpg 300w, https:\/\/www.radiopiu.net\/wordpress\/wp-content\/uploads\/2020\/05\/solidariet\u00e0-veneto-1024x717.jpg 1024w, https:\/\/www.radiopiu.net\/wordpress\/wp-content\/uploads\/2020\/05\/solidariet\u00e0-veneto-768x538.jpg 768w, https:\/\/www.radiopiu.net\/wordpress\/wp-content\/uploads\/2020\/05\/solidariet\u00e0-veneto.jpg 1373w\" sizes=\"auto, (max-width: 179px) 100vw, 179px\" \/><\/a>SOLIDARIETA&#8217; VENETO FONDO PENSIONE, IN ONDA IL PRIMO VENERDI DEL MESE ALLE 10.30 E ALLE 19.00 QUINTA STAGIONE<\/h2>\n<h2>RACCOLTA COMPLETA<\/h2>\n<\/blockquote>\n<blockquote class=\"wp-embedded-content\" data-secret=\"wxHiBWoX03\"><p><a href=\"https:\/\/www.radiopiu.net\/wordpress\/solidarieta-veneto\/\">Solidariet\u00e0 Veneto<\/a><\/p><\/blockquote>\n<p><iframe loading=\"lazy\" class=\"wp-embedded-content\" sandbox=\"allow-scripts\" security=\"restricted\" style=\"position: absolute; clip: rect(1px, 1px, 1px, 1px);\" title=\"&#8220;Solidariet\u00e0 Veneto&#8221; &#8212; Radio Pi\u00f9\" src=\"https:\/\/www.radiopiu.net\/wordpress\/solidarieta-veneto\/embed\/#?secret=wxHiBWoX03\" data-secret=\"wxHiBWoX03\" width=\"600\" height=\"338\" frameborder=\"0\" marginwidth=\"0\" marginheight=\"0\" scrolling=\"no\"><\/iframe><\/p>\n<p>&nbsp;<\/p>\n<p>&nbsp;<\/p>\n<hr \/>\n<p>&nbsp;<\/p>\n<h2><span style=\"color: #808000;\">DUE MINUTI UN LIBRO\u00a0 TUTTI I GIORNI ALLA RADIO ALLE 9.30 E ALLE 18. QUINTA STAGIONE\u00a0<\/span><\/h2>\n<blockquote class=\"wp-embedded-content\" data-secret=\"jcTiV4HEAu\"><p><a href=\"https:\/\/www.radiopiu.net\/wordpress\/la-spada-di-pilter-2\/\">LA SPADA DI PILTER<\/a><\/p><\/blockquote>\n<p><iframe loading=\"lazy\" class=\"wp-embedded-content\" sandbox=\"allow-scripts\" security=\"restricted\" style=\"position: absolute; clip: rect(1px, 1px, 1px, 1px);\" title=\"&#8220;LA SPADA DI PILTER&#8221; &#8212; Radio Pi\u00f9\" src=\"https:\/\/www.radiopiu.net\/wordpress\/la-spada-di-pilter-2\/embed\/#?secret=jcTiV4HEAu\" data-secret=\"jcTiV4HEAu\" width=\"600\" height=\"338\" frameborder=\"0\" marginwidth=\"0\" marginheight=\"0\" scrolling=\"no\"><\/iframe><\/p>\n<h2>LA RACCOLTA COMPLETA<\/h2>\n<blockquote class=\"wp-embedded-content\" data-secret=\"EmeL2zdf8O\"><p><a href=\"https:\/\/www.radiopiu.net\/wordpress\/due-minuti-un-libro\/\">Due minuti un libro<\/a><\/p><\/blockquote>\n<p><iframe loading=\"lazy\" class=\"wp-embedded-content\" sandbox=\"allow-scripts\" security=\"restricted\" style=\"position: absolute; clip: rect(1px, 1px, 1px, 1px);\" title=\"&#8220;Due minuti un libro&#8221; &#8212; Radio Pi\u00f9\" src=\"https:\/\/www.radiopiu.net\/wordpress\/due-minuti-un-libro\/embed\/#?secret=EmeL2zdf8O\" data-secret=\"EmeL2zdf8O\" width=\"600\" height=\"338\" frameborder=\"0\" marginwidth=\"0\" marginheight=\"0\" scrolling=\"no\"><\/iframe><\/p>\n<p>&nbsp;<\/p>\n<hr \/>\n<p>&nbsp;<\/p>\n<blockquote>\n<h2>CASSA SOLIDARIET\u00c0 LUXOTTICA &#8211; PUNTATA DEL 20 NOVEMBRE 2020<\/h2>\n<h2>RACCOLTA COMPLETA<\/h2>\n<\/blockquote>\n<blockquote class=\"wp-embedded-content\" data-secret=\"2Lg6aK0byi\"><p><a href=\"https:\/\/www.radiopiu.net\/wordpress\/cassa-solidarieta-luxottica-puntata-del-16-ottobre-2020\/\">CASSA SOLIDARIET\u00c0 LUXOTTICA &#8211; PUNTATA DEL 20 NOVEMBRE 2020<\/a><\/p><\/blockquote>\n<p><iframe loading=\"lazy\" class=\"wp-embedded-content\" sandbox=\"allow-scripts\" security=\"restricted\" style=\"position: absolute; clip: rect(1px, 1px, 1px, 1px);\" title=\"&#8220;CASSA SOLIDARIET\u00c0 LUXOTTICA &#8211; PUNTATA DEL 20 NOVEMBRE 2020&#8221; &#8212; Radio Pi\u00f9\" src=\"https:\/\/www.radiopiu.net\/wordpress\/cassa-solidarieta-luxottica-puntata-del-16-ottobre-2020\/embed\/#?secret=2Lg6aK0byi\" data-secret=\"2Lg6aK0byi\" width=\"600\" height=\"338\" frameborder=\"0\" marginwidth=\"0\" marginheight=\"0\" scrolling=\"no\"><\/iframe><\/p>\n<p>&nbsp;<\/p>\n<p>&nbsp;<\/p>\n<div>\n<p>&nbsp;<\/p>\n<hr \/>\n<p>&nbsp;<\/p>\n<div>\n<h2><span style=\"color: #33cccc;\">I RACCONTI DI PAOLO SOPPELSA il lunedi alle 9.30 e 18.30<\/span><\/h2>\n<h2><span style=\"color: #33cccc;\"><strong>RACCOLTA COMPLETA<\/strong><\/span><\/h2>\n<blockquote class=\"wp-embedded-content\" data-secret=\"mI3GF99QId\"><p><a href=\"https:\/\/www.radiopiu.net\/wordpress\/i-racconti-di-paolo-soppelsa\/\">I racconti di Paolo Soppelsa<\/a><\/p><\/blockquote>\n<p><iframe loading=\"lazy\" class=\"wp-embedded-content\" sandbox=\"allow-scripts\" security=\"restricted\" style=\"position: absolute; clip: rect(1px, 1px, 1px, 1px);\" title=\"&#8220;I racconti di Paolo Soppelsa&#8221; &#8212; Radio Pi\u00f9\" src=\"https:\/\/www.radiopiu.net\/wordpress\/i-racconti-di-paolo-soppelsa\/embed\/#?secret=mI3GF99QId\" data-secret=\"mI3GF99QId\" width=\"600\" height=\"338\" frameborder=\"0\" marginwidth=\"0\" marginheight=\"0\" scrolling=\"no\"><\/iframe><\/p>\n<\/div>\n<p>&nbsp;<\/p>\n<hr \/>\n<p>&nbsp;<\/p>\n<div>\n<p>&nbsp;<\/p>\n<h2><strong>LE\u00a0 PUNTATE di Luisa Alchini di Leggermente Bellunesi, la domenica alle 11, il martedi alle 10.30 e alle 19.00<\/strong><\/h2>\n<\/div>\n<h1><span style=\"color: #000000;\">RACCOLTA COMPLETA<\/span><\/h1>\n<blockquote class=\"wp-embedded-content\" data-secret=\"vdVd3teqxE\"><p><a href=\"https:\/\/www.radiopiu.net\/wordpress\/leggermente-20\/\">LEGGERmente&#8230;Bellunesi<\/a><\/p><\/blockquote>\n<p><iframe loading=\"lazy\" class=\"wp-embedded-content\" sandbox=\"allow-scripts\" security=\"restricted\" style=\"position: absolute; clip: rect(1px, 1px, 1px, 1px);\" title=\"&#8220;LEGGERmente&#8230;Bellunesi&#8221; &#8212; Radio Pi\u00f9\" src=\"https:\/\/www.radiopiu.net\/wordpress\/leggermente-20\/embed\/#?secret=vdVd3teqxE\" data-secret=\"vdVd3teqxE\" width=\"600\" height=\"338\" frameborder=\"0\" marginwidth=\"0\" marginheight=\"0\" scrolling=\"no\"><\/iframe><\/p>\n<hr \/>\n<p>&nbsp;<\/p>\n<blockquote>\n<h3>L&#8217;ALMANACCO LADINO CON L&#8217;ISTITUT CESA DE JAN QUINDICINALE APPUNTAMENTO. LA DOMENICA ALLE 9 IL LUNEDI ALLE 8.35 IL MARTEDI ALLE 12.35 IL MERCOLEDI ALLE 18.35. SECONDA STAGIONE.<\/h3>\n<\/blockquote>\n<h2><span style=\"color: #ff0000;\"><strong><img loading=\"lazy\" decoding=\"async\" class=\"alignleft\" src=\"https:\/\/www.radiopiu.net\/wordpress\/wp-content\/uploads\/2020\/12\/beautiful-aerial-shot-forest-enveloped-creepy-mist-fog_181624-2659.jpg\" width=\"185\" height=\"123\" \/><\/strong><\/span><\/h2>\n<h2><\/h2>\n<h2><\/h2>\n<h2><span style=\"color: #ff0000;\"><strong>LA PUNTATA DELLA SETTIMANA<\/strong><\/span><\/h2>\n<audio class=\"wp-audio-shortcode\" id=\"audio-178680-9\" preload=\"none\" style=\"width: 100%;\" controls=\"controls\"><source type=\"audio\/mpeg\" src=\"https:\/\/www.radiopiu.net\/wordpress\/wp-content\/uploads\/2020\/12\/47\u00b0-Almanacco-Ladino_Col.mp3?_=9\" \/><a href=\"https:\/\/www.radiopiu.net\/wordpress\/wp-content\/uploads\/2020\/12\/47\u00b0-Almanacco-Ladino_Col.mp3\">https:\/\/www.radiopiu.net\/wordpress\/wp-content\/uploads\/2020\/12\/47\u00b0-Almanacco-Ladino_Col.mp3<\/a><\/audio>\n<p>&nbsp;<\/p>\n<p><strong>RACCOLTA COMPLETA\u00a0<\/strong><\/p>\n<blockquote class=\"wp-embedded-content\" data-secret=\"5IelbWCvMT\"><p><a href=\"https:\/\/www.radiopiu.net\/wordpress\/almanacco-ladino\/\">Almanacco Ladino<\/a><\/p><\/blockquote>\n<p><iframe loading=\"lazy\" class=\"wp-embedded-content\" sandbox=\"allow-scripts\" security=\"restricted\" style=\"position: absolute; clip: rect(1px, 1px, 1px, 1px);\" title=\"&#8220;Almanacco Ladino&#8221; &#8212; Radio Pi\u00f9\" src=\"https:\/\/www.radiopiu.net\/wordpress\/almanacco-ladino\/embed\/#?secret=5IelbWCvMT\" data-secret=\"5IelbWCvMT\" width=\"600\" height=\"338\" frameborder=\"0\" marginwidth=\"0\" marginheight=\"0\" scrolling=\"no\"><\/iframe><\/p>\n<p>&nbsp;<\/p>\n<\/div>\n<hr \/>\n<div>\n<h2><span style=\"color: #000080;\"><a class=\"dt-pswp-item\" href=\"https:\/\/www.radiopiu.net\/wordpress\/wp-content\/uploads\/2020\/10\/pp.jpg\" data-dt-img-description=\"\" data-large_image_width=\"640\" data-large_image_height=\"640\"><img loading=\"lazy\" decoding=\"async\" class=\"wp-image-163678 alignleft\" src=\"https:\/\/www.radiopiu.net\/wordpress\/wp-content\/uploads\/2020\/10\/pp-300x300.jpg\" alt=\"\" width=\"106\" height=\"106\" srcset=\"https:\/\/www.radiopiu.net\/wordpress\/wp-content\/uploads\/2020\/10\/pp-300x300.jpg 300w, https:\/\/www.radiopiu.net\/wordpress\/wp-content\/uploads\/2020\/10\/pp-150x150.jpg 150w, https:\/\/www.radiopiu.net\/wordpress\/wp-content\/uploads\/2020\/10\/pp-125x125.jpg 125w, https:\/\/www.radiopiu.net\/wordpress\/wp-content\/uploads\/2020\/10\/pp-200x200.jpg 200w, https:\/\/www.radiopiu.net\/wordpress\/wp-content\/uploads\/2020\/10\/pp-80x80.jpg 80w, https:\/\/www.radiopiu.net\/wordpress\/wp-content\/uploads\/2020\/10\/pp-480x480.jpg 480w, https:\/\/www.radiopiu.net\/wordpress\/wp-content\/uploads\/2020\/10\/pp.jpg 640w\" sizes=\"auto, (max-width: 106px) 100vw, 106px\" \/><\/a> <\/span><\/h2>\n<h2><span style=\"color: #000080;\">DON CESARE, IL PENSIERO DEL GIORNO. ALLA RADIO ALLE 7 DEL MATTINO E ALLE 19.30 DELLA SERA.\u00a0\u00a0<\/span><\/h2>\n<\/div>\n<p>&nbsp;<\/p>\n<p>&nbsp;<\/p>\n<p>&nbsp;<\/p>\n<audio class=\"wp-audio-shortcode\" id=\"audio-178680-10\" preload=\"none\" style=\"width: 100%;\" controls=\"controls\"><source type=\"audio\/mpeg\" src=\"https:\/\/www.radiopiu.net\/wordpress\/wp-content\/uploads\/2020\/12\/CESARE-8.mp3?_=10\" \/><a href=\"https:\/\/www.radiopiu.net\/wordpress\/wp-content\/uploads\/2020\/12\/CESARE-8.mp3\">https:\/\/www.radiopiu.net\/wordpress\/wp-content\/uploads\/2020\/12\/CESARE-8.mp3<\/a><\/audio>\n<hr \/>\n<p>&nbsp;<\/p>\n<div>\n<p class=\"photoswipe-wrapper\"><a class=\"dt-pswp-item pspw-wrap-ready\" href=\"https:\/\/i0.wp.com\/www.radiopiu.net\/wordpress\/wp-content\/uploads\/2018\/09\/viabilita.jpeg?ssl=1\" data-dt-img-description=\"\" data-large_image_width=\"800\" data-large_image_height=\"100\"><img loading=\"lazy\" decoding=\"async\" class=\"aligncenter wp-image-61954 size-full\" src=\"https:\/\/i0.wp.com\/www.radiopiu.net\/wordpress\/wp-content\/uploads\/2018\/09\/viabilita.jpeg?resize=800%2C100&amp;ssl=1\" sizes=\"auto, (max-width: 800px) 100vw, 800px\" srcset=\"https:\/\/i0.wp.com\/www.radiopiu.net\/wordpress\/wp-content\/uploads\/2018\/09\/viabilita.jpeg?w=800&amp;ssl=1 800w, https:\/\/i0.wp.com\/www.radiopiu.net\/wordpress\/wp-content\/uploads\/2018\/09\/viabilita.jpeg?resize=300%2C38&amp;ssl=1 300w, https:\/\/i0.wp.com\/www.radiopiu.net\/wordpress\/wp-content\/uploads\/2018\/09\/viabilita.jpeg?resize=768%2C96&amp;ssl=1 768w\" alt=\"\" width=\"800\" height=\"100\" \/><\/a><\/p>\n<\/div>\n<p>&nbsp;<\/p>\n<p><strong>SP 422 DELL&#8217;ALPAGO E DEL CANSIGLIO<\/strong> senso unico alternato regolato da semaforo o movieri tra Bastia e Puos e tra Puos e Cornei dalle 8 alle 19 fino al 23 dicembre esclusi sabato e domenica per posa fibre ottiche<\/p>\n<p><strong>SP 42 CAVALLERA<\/strong> fino a revoca, chiusura della strada nell&#8217;abitato di Perarolo per attivazione emergenza frana &#8220;Busa del Cristo&#8221;<\/p>\n<p><strong>FELTRE<\/strong> Senso unico alternato regolato da movieri per lavori stradali nel tratto di viale Monte Grappa compreso fra incrocio con via Folli ( accesso supermercato Lidl ) e fine cantiere Altanon ( altezza negozio Kiwi Sport ) fino al 23 dicembre<\/p>\n<p><strong>PROVINCIALE 49 MISURINA CONFINE PROVINCIA DI BOLZANO<\/strong>:\u00a0 fino al 22 dicembre (festivi e prefestivi compresi) senso unico alternato con movieri o semafori<\/p>\n<p><strong>PROVINCIALE 3 VALLE IMPERINA<\/strong>:\u00a0 fino al 12 dicembre senso unico alternato (tutti i giorni nessuno escluso) in locailt\u00e0 Gona per messa in sicurezza della strada.<\/p>\n<p><strong>S.P.2 DELLA VALLE DEL MIS\u00a0<\/strong>Interdizione totale al traffico fino a revoca dal km 14,920 (localit\u00e0 Gona Bassa) al km 20,650 (localit\u00e0 Titele) per cedimento della carreggiata<\/p>\n<p><strong>S.P. 5 DI LAMOSANO<\/strong>\u00a0Interdizione totale fino a revoca per presenza di materiale e alberi in strada.<\/p>\n<p><strong>S.P. 251 DI VAL DI ZOLDO E VAL CELLINA\u00a0<\/strong>dalla localit\u00e0 Soffranco fino all&#8217;imbocco nord della galleria S. Giovanni interdizione totale al transito per cedimento della carreggiata<\/p>\n<p><strong>SP\u00a0423 LAGO DI SANTA CROCE_POIATTE_ALPAGO <\/strong>Fino al 12 dicembre (esclusi festivi e prefestivi) senso unico alternato con movieri o semaforo per esecuzione paramassi a monte della strada<\/p>\n<p><strong>SP 3 DELLA VAL IMPERINA<\/strong> fino a revoca, senso unico alternato regolato a vista in localit\u00e0 Gona di Conedera di Rivamonte per cedimento della carreggiata stradale<\/p>\n<p><strong>REGIONALE 203 AGORDINA<\/strong>\u00a0 Fino\u00a0 al 23 dicembre (esclusi festivi e prefestivi) senso unico alternato tra Peron e Candaten con movieri dalle 7.30 alle 9 e dalle 16.30 alle 18. Con semaforo negli altri orari<\/p>\n<div>\n<p>&nbsp;<\/p>\n<hr \/>\n<p>&nbsp;<\/p>\n<p class=\"photoswipe-wrapper\"><a class=\"dt-pswp-item pspw-wrap-ready\" href=\"https:\/\/i0.wp.com\/www.radiopiu.net\/wordpress\/wp-content\/uploads\/2018\/09\/WhatsApp-Image-2018-09-20-at-16.04.06.jpeg?ssl=1\" data-dt-img-description=\"\" data-large_image_width=\"800\" data-large_image_height=\"100\"><img loading=\"lazy\" decoding=\"async\" class=\"aligncenter wp-image-61378 size-full jetpack-lazy-image jetpack-lazy-image--handled\" src=\"https:\/\/i0.wp.com\/www.radiopiu.net\/wordpress\/wp-content\/uploads\/2018\/09\/WhatsApp-Image-2018-09-20-at-16.04.06.jpeg?resize=800%2C100&amp;ssl=1\" sizes=\"auto, (max-width: 800px) 100vw, 800px\" srcset=\"https:\/\/i0.wp.com\/www.radiopiu.net\/wordpress\/wp-content\/uploads\/2018\/09\/WhatsApp-Image-2018-09-20-at-16.04.06.jpeg?w=800&amp;ssl=1 800w, https:\/\/i0.wp.com\/www.radiopiu.net\/wordpress\/wp-content\/uploads\/2018\/09\/WhatsApp-Image-2018-09-20-at-16.04.06.jpeg?resize=300%2C38&amp;ssl=1 300w, https:\/\/i0.wp.com\/www.radiopiu.net\/wordpress\/wp-content\/uploads\/2018\/09\/WhatsApp-Image-2018-09-20-at-16.04.06.jpeg?resize=768%2C96&amp;ssl=1 768w\" alt=\"\" width=\"800\" height=\"100\" data-lazy-loaded=\"1\" \/><\/a><\/p>\n<p>&nbsp;<\/p>\n<p><center><b>Sabato 12<\/b><\/center><b>Tempo atteso:\u00a0<\/b>Cielo coperto tra la notte e il mattino, associato a debolissime e sporadiche precipitazioni. Al pomeriggio la copertura nuvolosa rimarr\u00e0 prevalente, meno compatta anche se estesa, ma con qualche chance di schiarite a partire dalle Dolomiti nel tardo pomeriggio\/sera. Debole escursione termica diurna con atmosfera fresca e umida nelle valli, fredda in alta quota.<br \/>\n<b>Precipitazioni:\u00a0<\/b>Nella notte debolissime precipitazioni (30\/50%) con tracce di neve sopra i 600\/800 m (apporti massimi di 2\/4 cm, specie sulle Prealpi, minori altrove). Al mattino probabilit\u00e0 in diminuzione (10\/20%) per sporadico nevischio in quota, poi fenomeni assenti (0%).<br \/>\n<b>Temperature:\u00a0<\/b>Minime stazionarie in alta quota e in rialzo sotto i 1800\/2000 m; massime in ripresa in alta quota e leggera flessione nelle valli. Sono previste punte di 4\/5\u00b0C nei fondovalle Prealpini e di 1\/2\u00b0C a 1000\/1200 m. Su Prealpi a 1500 m min -4\u00b0C max -1\u00b0C, a 2000 m min -6\u00b0C max -2\u00b0C. Su Dolomiti a 2000 m min -7\u00b0C max -3\u00b0C, a 3000 m min -9\u00b0C max -8\u00b0C.<br \/>\n<b>Venti:\u00a0<\/b>Nelle valli, deboli di direzione variabile, in quota perlopi\u00f9 deboli, a tratti moderati, da ovest tra notte e primo mattino, poi da nord-est, a 5-10 km\/h a 2000 m e 5-15 km\/h a 3000 m.<\/p>\n<hr \/>\n<p><center><b>Domenica 13<\/b><\/center><b>Tempo atteso:\u00a0<\/b>Stupenda giornata con sole, cielo sereno, aria tersa ed ottima visibilit\u00e0, eccetto residui annuvolamenti mattutini verso est e rischio di nebbie o nubi basse nelle ore pi\u00f9 fredde in alcune depressioni prealpine. Il freddo si accentuer\u00e0 sensibilmente nelle valli per irraggiamento notturne, mentre l&#8217;arrivo d&#8217;aria meno fredda in quota mitigher\u00e0 un po&#8217; l&#8217;ambiente termico diurno in alta montagna.<br \/>\n<b>Precipitazioni:\u00a0<\/b>Assenti (0%).<br \/>\n<b>Temperature:\u00a0<\/b>Minime in aumento in quota e in calo nelle valli con diffuse gelate, anche forti nei posti innevati (punte minime di -8\/-11\u00b0C a 1000\/1200 m, anche pi\u00f9 basse sugli altopiani prealpini alle stesse quote); massime in rialzo in quota e nelle valli pi\u00f9 assolate, in calo nei settori in ombra. Su Prealpi a 1500 m min -2\u00b0C max 1\u00b0C, a 2000 m min -4\u00b0C max -1\u00b0C. Su Dolomiti a 2000 m min -5\u00b0C max -1\u00b0C, a 3000 m min -9\u00b0C max -6\u00b0C.<br \/>\n<b>Venti:\u00a0<\/b>Nelle valli deboli di direzione variabile, eccetto locali rinforzi in alcuni settori prealpini per brezze notturne; in quota deboli\/moderati da nord nord-ovest, a tratti tesi sulle cime dolomitiche pi\u00f9 alte al mattino, a 5-15 km\/h a 2000 m e 20-30 km\/h a 3000 m.<\/p>\n<hr \/>\n<p><center><b>Lunedi 14<\/b><\/center>Sole e cielo sereno al mattino e velature per nubi alte al pomeriggio. Aria tersa ed ottima visibilit\u00e0 su quasi tutta la montagna veneta. Non esclusa l&#8217;insidia nebbie o nubi basse notturne nelle depressioni prealpine. Temperature in generale ripresa in quota e senza notevoli variazioni nelle valli, con inversione termica. Venti deboli\/moderati da nord in quota, deboli di direzione variabile nelle valli, eccetto locali rinforzi in alcuni settori prealpini per brezze notturne.<\/p>\n<hr \/>\n<p><center><b>Martedi 15<\/b><\/center>Sole velato da nubi alte, a tratti coperto al pomeriggio per infittirsi della nuvolosit\u00e0 alta stratiforme. Probabili nebbie notturne nei fondovalle e nelle depressioni prealpine. Temperature senza notevoli variazioni, eccetto rialzo delle minime nelle valli. Venti deboli\/moderati da sud-ovest in quota, deboli di direzione variabile nelle valli, eccetto locali rinforzi in alcuni settori prealpini per brezze notturne. Previsore: R.L.Th.<\/p>\n<\/div>\n","protected":false},"excerpt":{"rendered":"<p>PER RICEVERE QUESTO NOTIZIARIO DIRETTAMENTE SUL TUO CELLULARE ISCRIVITI AL CANALE TELEGRAM \u201cRADIO PIU\u00a0 INFORMAZIONE&#8221; ATTENZIONE: LA NUOVA APP PER IOS-IPHONE https:\/\/apps.apple.com\/it\/app\/radio-pi%C3%B9-emittente-agordina\/id1515939845 ATTENZIONE: LA NUOVA APP RADIO\u00a0 PER ANDROID https:\/\/play.google.com\/store\/apps\/details?id=net.radiopiu.iniko\u00a0\u00a0 &nbsp; &nbsp; Purtroppo Google Maps indica la 346 chiusa per frana a Caviola, e il San Pellegrino ancora chiuso. La frana di Caviola \u00e8 episodio&hellip;<\/p>\n","protected":false},"author":4,"featured_media":178863,"comment_status":"closed","ping_status":"closed","sticky":false,"template":"","format":"standard","meta":{"_monsterinsights_skip_tracking":false,"_monsterinsights_sitenote_active":false,"_monsterinsights_sitenote_note":"","_monsterinsights_sitenote_category":0,"footnotes":""},"categories":[1,86],"tags":[],"class_list":["post-178680","post","type-post","status-publish","format-standard","has-post-thumbnail","hentry","category-senza-categoria","category-gr","category-1","category-86","description-off"],"img_url":"https:\/\/www.radiopiu.net\/wordpress\/wp-content\/uploads\/2020\/12\/IMG-20201210-WA0010.jpg","_links":{"self":[{"href":"https:\/\/www.radiopiu.net\/wordpress\/wp-json\/wp\/v2\/posts\/178680","targetHints":{"allow":["GET"]}}],"collection":[{"href":"https:\/\/www.radiopiu.net\/wordpress\/wp-json\/wp\/v2\/posts"}],"about":[{"href":"https:\/\/www.radiopiu.net\/wordpress\/wp-json\/wp\/v2\/types\/post"}],"author":[{"embeddable":true,"href":"https:\/\/www.radiopiu.net\/wordpress\/wp-json\/wp\/v2\/users\/4"}],"replies":[{"embeddable":true,"href":"https:\/\/www.radiopiu.net\/wordpress\/wp-json\/wp\/v2\/comments?post=178680"}],"version-history":[{"count":0,"href":"https:\/\/www.radiopiu.net\/wordpress\/wp-json\/wp\/v2\/posts\/178680\/revisions"}],"wp:featuredmedia":[{"embeddable":true,"href":"https:\/\/www.radiopiu.net\/wordpress\/wp-json\/wp\/v2\/media\/178863"}],"wp:attachment":[{"href":"https:\/\/www.radiopiu.net\/wordpress\/wp-json\/wp\/v2\/media?parent=178680"}],"wp:term":[{"taxonomy":"category","embeddable":true,"href":"https:\/\/www.radiopiu.net\/wordpress\/wp-json\/wp\/v2\/categories?post=178680"},{"taxonomy":"post_tag","embeddable":true,"href":"https:\/\/www.radiopiu.net\/wordpress\/wp-json\/wp\/v2\/tags?post=178680"}],"curies":[{"name":"wp","href":"https:\/\/api.w.org\/{rel}","templated":true}]}}