{"id":178788,"date":"2020-12-11T12:07:42","date_gmt":"2020-12-11T11:07:42","guid":{"rendered":"https:\/\/www.radiopiu.net\/wordpress\/?p=178788"},"modified":"2020-12-11T12:07:42","modified_gmt":"2020-12-11T11:07:42","slug":"cambio-medico-ad-arsie-dal-1-gennaio-in-pensione-polizzi-arriva-tucci","status":"publish","type":"post","link":"https:\/\/www.radiopiu.net\/wordpress\/cambio-medico-ad-arsie-dal-1-gennaio-in-pensione-polizzi-arriva-tucci\/","title":{"rendered":"CAMBIO MEDICO AD ARSI\u00c8 DAL 1 GENNAIO. IN PENSIONE POLIZZI, ARRIVA TUCCI"},"content":{"rendered":"<p><strong><a href=\"https:\/\/www.radiopiu.net\/wordpress\/solidarieta-umana-a-chi-vive-lesperienza-negativa-covid-ma-le-regole-devono-essere-rispettate\/medicodimedicinagenerale\/\" rel=\"attachment wp-att-167000\"><img loading=\"lazy\" decoding=\"async\" class=\"size-medium wp-image-167000 alignleft\" src=\"https:\/\/www.radiopiu.net\/wordpress\/wp-content\/uploads\/2020\/10\/Medicodimedicinagenerale-300x198.jpg\" alt=\"\" width=\"300\" height=\"198\" srcset=\"https:\/\/www.radiopiu.net\/wordpress\/wp-content\/uploads\/2020\/10\/Medicodimedicinagenerale-300x198.jpg 300w, https:\/\/www.radiopiu.net\/wordpress\/wp-content\/uploads\/2020\/10\/Medicodimedicinagenerale-1024x674.jpg 1024w, https:\/\/www.radiopiu.net\/wordpress\/wp-content\/uploads\/2020\/10\/Medicodimedicinagenerale-768x506.jpg 768w, https:\/\/www.radiopiu.net\/wordpress\/wp-content\/uploads\/2020\/10\/Medicodimedicinagenerale.jpg 1200w\" sizes=\"auto, (max-width: 300px) 100vw, 300px\" \/><\/a>BELLUNO<\/strong>\u00a0Dal 1\u00b0 gennaio 2021, a seguito della cessazione della dr. Giuseppe\u00a0 Polizzi , l\u2019attivit\u00e0 di Medico di assistenza primaria nell\u2019ambito territoriale dei comuni di Arsi\u00e8, Fonzaso, Lamon E Sovramonte sar\u00e0 svolta con incarico provvisorio, dalla dr.ssa Eleonora Tucci. La dottoressa Tucci svolger\u00e0 l\u2019attivit\u00e0 ambulatoriale ad Arsi\u00e9, in via I Maggio n.16. Dal 1\u00b0 gennaio 2021, gli assistiti del dottor Polizzi verranno assegnati d\u2019ufficio alla dr.ssa Eleonora Tucci &#8211; fermo restando il diritto degli stessi di effettuare un\u2019eventuale scelta diversa &#8211; e potranno continuare ad utilizzare la tessera sanitaria cartacea attualmente in possesso. Per qualsiasi informazione contattare il 0439.883680 (il lunedi, martedi, giovedi e venerdi dalle ore 8.30 alle ore 12.00) oppure inviare una mail a: convenzioni.anagrafe@aulss1.veneto.it<\/p>\n","protected":false},"excerpt":{"rendered":"<p>BELLUNO\u00a0Dal 1\u00b0 gennaio 2021, a seguito della cessazione della dr. Giuseppe\u00a0 Polizzi , l\u2019attivit\u00e0 di Medico di assistenza primaria nell\u2019ambito territoriale dei comuni di Arsi\u00e8, Fonzaso, Lamon E Sovramonte sar\u00e0 svolta con incarico provvisorio, dalla dr.ssa Eleonora Tucci. La dottoressa Tucci svolger\u00e0 l\u2019attivit\u00e0 ambulatoriale ad Arsi\u00e9, in via I Maggio n.16. Dal 1\u00b0 gennaio 2021,&hellip;<\/p>\n","protected":false},"author":4,"featured_media":167000,"comment_status":"closed","ping_status":"closed","sticky":false,"template":"","format":"standard","meta":{"_monsterinsights_skip_tracking":false,"_monsterinsights_sitenote_active":false,"_monsterinsights_sitenote_note":"","_monsterinsights_sitenote_category":0,"footnotes":""},"categories":[49],"tags":[],"class_list":["post-178788","post","type-post","status-publish","format-standard","has-post-thumbnail","hentry","category-news-18","category-49","description-off"],"img_url":"https:\/\/www.radiopiu.net\/wordpress\/wp-content\/uploads\/2020\/10\/Medicodimedicinagenerale.jpg","_links":{"self":[{"href":"https:\/\/www.radiopiu.net\/wordpress\/wp-json\/wp\/v2\/posts\/178788","targetHints":{"allow":["GET"]}}],"collection":[{"href":"https:\/\/www.radiopiu.net\/wordpress\/wp-json\/wp\/v2\/posts"}],"about":[{"href":"https:\/\/www.radiopiu.net\/wordpress\/wp-json\/wp\/v2\/types\/post"}],"author":[{"embeddable":true,"href":"https:\/\/www.radiopiu.net\/wordpress\/wp-json\/wp\/v2\/users\/4"}],"replies":[{"embeddable":true,"href":"https:\/\/www.radiopiu.net\/wordpress\/wp-json\/wp\/v2\/comments?post=178788"}],"version-history":[{"count":0,"href":"https:\/\/www.radiopiu.net\/wordpress\/wp-json\/wp\/v2\/posts\/178788\/revisions"}],"wp:featuredmedia":[{"embeddable":true,"href":"https:\/\/www.radiopiu.net\/wordpress\/wp-json\/wp\/v2\/media\/167000"}],"wp:attachment":[{"href":"https:\/\/www.radiopiu.net\/wordpress\/wp-json\/wp\/v2\/media?parent=178788"}],"wp:term":[{"taxonomy":"category","embeddable":true,"href":"https:\/\/www.radiopiu.net\/wordpress\/wp-json\/wp\/v2\/categories?post=178788"},{"taxonomy":"post_tag","embeddable":true,"href":"https:\/\/www.radiopiu.net\/wordpress\/wp-json\/wp\/v2\/tags?post=178788"}],"curies":[{"name":"wp","href":"https:\/\/api.w.org\/{rel}","templated":true}]}}