{"id":178867,"date":"2020-12-12T05:35:54","date_gmt":"2020-12-12T04:35:54","guid":{"rendered":"https:\/\/www.radiopiu.net\/wordpress\/?p=178867"},"modified":"2020-12-12T06:24:16","modified_gmt":"2020-12-12T05:24:16","slug":"178867-2","status":"publish","type":"post","link":"https:\/\/www.radiopiu.net\/wordpress\/178867-2\/","title":{"rendered":"L&#8217;ULTIMO SALUTO&#8230;SOTTO AL SUO AGNER"},"content":{"rendered":"<p class=\"default-style\"><strong>VOLTAGO\u00a0<\/strong>Celebrazione partecipata, pur con tutte le attenzione legate al momento. Volti e storie dalle varie realt\u00e0 associative e di montagna della Conca agordina. Commosso il ricordo che ha voluto far arrivare l&#8217;amico di scalate Ivo, cos\u00ec come la lettura del testo riportato da Radiopi\u00f9, il pensiero di Giorgio Fontanive.<\/p>\n<h2><\/h2>\n<p><strong>DI GIANNI SANTOMASO<\/strong><\/p>\n<audio class=\"wp-audio-shortcode\" id=\"audio-178867-1\" preload=\"none\" style=\"width: 100%;\" controls=\"controls\"><source type=\"audio\/mpeg\" src=\"https:\/\/www.radiopiu.net\/wordpress\/wp-content\/uploads\/2020\/12\/GIANNI-MOSCA.mp3?_=1\" \/><a href=\"https:\/\/www.radiopiu.net\/wordpress\/wp-content\/uploads\/2020\/12\/GIANNI-MOSCA.mp3\">https:\/\/www.radiopiu.net\/wordpress\/wp-content\/uploads\/2020\/12\/GIANNI-MOSCA.mp3<\/a><\/audio>\n<p>&nbsp;<\/p>\n<p>&nbsp;<\/p>\n<p class=\"default-style\"><strong>L&#8217;Omelia di Don Fabiano Del Favero<\/strong><\/p>\n\n\t\t\t<style type='text\/css'>\n\t\t\t\t#gallery-1 {\n\t\t\t\t\tmargin: auto;\n\t\t\t\t}\n\t\t\t\t#gallery-1 .gallery-item {\n\t\t\t\t\tfloat: left;\n\t\t\t\t\tmargin-top: 10px;\n\t\t\t\t\ttext-align: center;\n\t\t\t\t\twidth: 20%;\n\t\t\t\t}\n\t\t\t\t#gallery-1 img {\n\t\t\t\t\tborder: 2px solid #cfcfcf;\n\t\t\t\t}\n\t\t\t\t#gallery-1 .gallery-caption {\n\t\t\t\t\tmargin-left: 0;\n\t\t\t\t}\n\t\t\t\t\/* see gallery_shortcode() in wp-includes\/media.php *\/\n\t\t\t<\/style>\n\t\t<div id='gallery-1' class='dt-gallery-container gallery galleryid-178867 gallery-columns-5 gallery-size-thumbnail'><dl class='gallery-item'>\n\t\t\t\t<dt class='gallery-icon landscape'>\n\t\t\t\t\t<a class=\"rollover\" href='https:\/\/www.radiopiu.net\/wordpress\/178867-2\/60e6443c-926a-4d00-9341-e57af38fc287\/'><img loading=\"lazy\" decoding=\"async\" width=\"150\" height=\"150\" src=\"https:\/\/www.radiopiu.net\/wordpress\/wp-content\/uploads\/2020\/12\/60e6443c-926a-4d00-9341-e57af38fc287-150x150.jpg\" class=\"attachment-thumbnail size-thumbnail\" alt=\"\" \/><\/a>\n\t\t\t\t<\/dt><\/dl><dl class='gallery-item'>\n\t\t\t\t<dt class='gallery-icon landscape'>\n\t\t\t\t\t<a class=\"rollover\" href='https:\/\/www.radiopiu.net\/wordpress\/178867-2\/4c90dda6-51d3-489a-9822-40219caff001\/'><img loading=\"lazy\" decoding=\"async\" width=\"150\" height=\"150\" src=\"https:\/\/www.radiopiu.net\/wordpress\/wp-content\/uploads\/2020\/12\/4c90dda6-51d3-489a-9822-40219caff001-150x150.jpg\" class=\"attachment-thumbnail size-thumbnail\" alt=\"\" \/><\/a>\n\t\t\t\t<\/dt><\/dl><dl class='gallery-item'>\n\t\t\t\t<dt class='gallery-icon landscape'>\n\t\t\t\t\t<a class=\"rollover\" href='https:\/\/www.radiopiu.net\/wordpress\/178867-2\/cc49533a-b356-4392-942d-7b860da6ee7e\/'><img loading=\"lazy\" decoding=\"async\" width=\"150\" height=\"150\" src=\"https:\/\/www.radiopiu.net\/wordpress\/wp-content\/uploads\/2020\/12\/cc49533a-b356-4392-942d-7b860da6ee7e-150x150.jpg\" class=\"attachment-thumbnail size-thumbnail\" alt=\"\" \/><\/a>\n\t\t\t\t<\/dt><\/dl><dl class='gallery-item'>\n\t\t\t\t<dt class='gallery-icon landscape'>\n\t\t\t\t\t<a class=\"rollover\" href='https:\/\/www.radiopiu.net\/wordpress\/178867-2\/a4f3ef5b-351b-432c-bb51-e4c8a4e4ea34\/'><img loading=\"lazy\" decoding=\"async\" width=\"150\" height=\"150\" src=\"https:\/\/www.radiopiu.net\/wordpress\/wp-content\/uploads\/2020\/12\/a4f3ef5b-351b-432c-bb51-e4c8a4e4ea34-150x150.jpg\" class=\"attachment-thumbnail size-thumbnail\" alt=\"\" \/><\/a>\n\t\t\t\t<\/dt><\/dl><dl class='gallery-item'>\n\t\t\t\t<dt class='gallery-icon landscape'>\n\t\t\t\t\t<a class=\"rollover\" href='https:\/\/www.radiopiu.net\/wordpress\/178867-2\/03f29a1e-4ae1-47d5-b7a2-ff6eda913f52\/'><img loading=\"lazy\" decoding=\"async\" width=\"150\" height=\"150\" src=\"https:\/\/www.radiopiu.net\/wordpress\/wp-content\/uploads\/2020\/12\/03f29a1e-4ae1-47d5-b7a2-ff6eda913f52-150x150.jpg\" class=\"attachment-thumbnail size-thumbnail\" alt=\"\" \/><\/a>\n\t\t\t\t<\/dt><\/dl><br style=\"clear: both\" \/>\n\t\t\t<\/div>\n\n<p align=\"JUSTIFY\"><span style=\"font-family: Bookman Old Style, serif;\"><span style=\"font-size: medium;\">Carissimo Paolo,<\/span><\/span><\/p>\n<p align=\"JUSTIFY\"><span style=\"font-family: Bookman Old Style, serif;\"><span style=\"font-size: medium;\"> nel brevissimo spazio di un respiro, ci hai convocati qui oggi in questa nostra bella ed imponente chiesa. In modo inaspettato viviamo questa nostra liturgia di commiato, che vorremmo potesse diventare in modo vero e comunitario anche atto sincero di affidamento. Molti sono i sentimenti e gli atteggiamenti che ci portano qui, diversi i modi con i quali viviamo il lutto ed anche il momento delle esequie; ciascuno di noi con quel singolare ed intimo rapporto col buon Dio, con i passi che viviamo e compiamo giorno dopo giorno, con le nostre battute d\u2019arresto e quella certezza nel riprendere il cammino dopo il tempo della sosta e, se vuoi, anche della perplessit\u00e0.\u00a0<\/span><\/span><span style=\"font-family: Bookman Old Style, serif;\"><span style=\"font-size: medium;\"> La nostra umanit\u00e0 ancora una volta cerca i tratti della presenza del Signore Ges\u00f9: egli lo ha promesso ai suoi discepoli e quindi a noi! Eppure spesso facciamo cos\u00ec tanta fatica a scorgerli\u2026provo ad immaginare in modo assai limitato tutta quella sofferenza che avrai sperimentato quando la tua esistenza ha sperimentato quella svolta cos\u00ec impegnativa, negli anni \u201980, con l\u2019incidente. <\/span><\/span><span style=\"font-size: medium; font-family: 'Bookman Old Style', serif;\">Siamo qui come comunit\u00e0, che anche in questi giorni ha fatto i conti con il distacco da una persona \u201cdi casa\u201d, un nostro compaesano che si \u00e8 fatto eco della molteplicit\u00e0 dei volti e delle passioni di questo nostro amato, tanto amato e sempre pi\u00f9 fragile territorio.\u00a0<\/span><span style=\"font-family: Bookman Old Style, serif;\"><span style=\"font-size: medium;\"> Siamo qui, per stringerci ai tuoi fratelli ed ai tuoi cari, in quel misterioso intreccio delle nostre vicende terrene capaci di \u201cfare famiglia\u201d.\u00a0<\/span><\/span><span style=\"font-family: Bookman Old Style, serif;\"><span style=\"font-size: medium;\"> Tu lo sai, perch\u00e9 te l\u2019ho richiamato in pi\u00f9 di un\u2019occasione e mi rispondevi col sorriso: una tua Madonna addolorata mi accompagna da quando sono prete. E\u2019 stato il dono proprio di amici di Frassen\u00e8 nel giorno della mia prima Messa. Ma <\/span><\/span><span style=\"font-family: Bookman Old Style, serif;\"><span style=\"font-size: medium;\"><i>varda ti<\/i><\/span><\/span><span style=\"font-family: Bookman Old Style, serif;\"><span style=\"font-size: medium;\"> come si intrecciano le vicende terrene, fino a farmi arrivare proprio a questa cara comunit\u00e0 e ad affidarti oggi all\u2019abbraccio del Cristo Risorto.\u00a0<\/span><\/span><span style=\"font-family: Bookman Old Style, serif;\"><span style=\"font-size: medium;\"> L\u2019ho guardata, la tua Madonna, anche nello scrivere queste poche righe. I colori sono scuri, in un\u2019alternanza fra blu e nero con tratti di celeste. <\/span><\/span><span style=\"font-size: medium; font-family: 'Bookman Old Style', serif;\">Mi hanno sempre colpito i suoi occhi\u2026sono tristi e rivolti verso il basso. Una pennellata di rosso risalta, richiamando la dolcezza delle labbra. <\/span><span style=\"font-family: Bookman Old Style, serif;\"><span style=\"font-size: medium;\">Le immagino cos\u00ec perch\u00e9 Maria non \u00e8 donna soltanto, \u00e8 mamma.\u00a0<\/span><\/span><span style=\"font-family: Bookman Old Style, serif;\"><span style=\"font-size: medium;\"> Ho considerato spesso come probabilmente questa Madonna sia stata in grado di esprimere ci\u00f2 che tu hai vissuto nel profondo del tuo intimo, in questi anni dove hai intessuto molteplici e svariate relazioni.\u00a0<\/span><\/span><span style=\"font-family: Bookman Old Style, serif;\"><span style=\"font-size: medium;\"> Il vissuto del credente \u00e8 e rimane questo: un essere umano col coraggio di cercare, ma invitato prima di tutto a tessere relazioni di vita.\u00a0<\/span><\/span><span style=\"font-family: Bookman Old Style, serif;\"><span style=\"font-size: medium;\"> Il nostro trovarci qui oggi ne \u00e8 il segno concreto\u2026come concreto desidereremmo fosse questo nostro affidarti.\u00a0<\/span><\/span><span style=\"font-family: Bookman Old Style, serif;\"><span style=\"font-size: medium;\"> Ho trovato una significativa preghiera scritta da uno scalatore\u2026penso possa essere il nostro modo di affidarti, sentendoci piccoli di fronte alla maestosit\u00e0 del Creato che qui da noi \u00e8 autentico inno alla bellezza, capace di diventare anelito al Cielo: <\/span><\/span><i style=\"font-size: medium; font-family: 'Bookman Old Style', serif;\">Signore, non ti chiedo la forza nelle mie braccia perch\u00e9 \u00e8 il cuore che mi aiuta a resistere.\u00a0<\/i><span style=\"font-family: Bookman Old Style, serif;\"><span style=\"font-size: medium;\"><i> Non ti chiedo il sole caldo e rassicurante, perch\u00e9 nella vita occorre imparare a convivere anche con il brutto.\u00a0<\/i><\/span><\/span><span style=\"font-family: Bookman Old Style, serif;\"><span style=\"font-size: medium;\"><i> Non ti chiedo sentieri facili, perch\u00e9 nelle difficolt\u00e0 mi sento pi\u00f9 forte e vivo la vita fino in fondo. <\/i><\/span><\/span><i style=\"font-size: medium; font-family: 'Bookman Old Style', serif;\">Quello che chiedo a te, che mi hai regalato la passione di questi monti \u00e8 la capacit\u00e0 di essere l\u2019immagine di te, Signore, che mi aspetti come sempre col tuo amore, simile a quello di una madre per un figlio, eterno e dolcemente indissolubile.<\/i><\/p>\n","protected":false},"excerpt":{"rendered":"<p>VOLTAGO\u00a0Celebrazione partecipata, pur con tutte le attenzione legate al momento. Volti e storie dalle varie realt\u00e0 associative e di montagna della Conca agordina. Commosso il ricordo che ha voluto far arrivare l&#8217;amico di scalate Ivo, cos\u00ec come la lettura del testo riportato da Radiopi\u00f9, il pensiero di Giorgio Fontanive. DI GIANNI SANTOMASO &nbsp; &nbsp; L&#8217;Omelia&hellip;<\/p>\n","protected":false},"author":4,"featured_media":178875,"comment_status":"closed","ping_status":"closed","sticky":false,"template":"","format":"standard","meta":{"_monsterinsights_skip_tracking":false,"_monsterinsights_sitenote_active":false,"_monsterinsights_sitenote_note":"","_monsterinsights_sitenote_category":0,"footnotes":""},"categories":[104,49],"tags":[],"class_list":["post-178867","post","type-post","status-publish","format-standard","has-post-thumbnail","hentry","category-evidenza_3","category-news-18","category-104","category-49","description-off"],"img_url":"https:\/\/www.radiopiu.net\/wordpress\/wp-content\/uploads\/2020\/12\/2bc3f967-0014-493c-88e4-b2acfe6e8ac8.jpg","_links":{"self":[{"href":"https:\/\/www.radiopiu.net\/wordpress\/wp-json\/wp\/v2\/posts\/178867","targetHints":{"allow":["GET"]}}],"collection":[{"href":"https:\/\/www.radiopiu.net\/wordpress\/wp-json\/wp\/v2\/posts"}],"about":[{"href":"https:\/\/www.radiopiu.net\/wordpress\/wp-json\/wp\/v2\/types\/post"}],"author":[{"embeddable":true,"href":"https:\/\/www.radiopiu.net\/wordpress\/wp-json\/wp\/v2\/users\/4"}],"replies":[{"embeddable":true,"href":"https:\/\/www.radiopiu.net\/wordpress\/wp-json\/wp\/v2\/comments?post=178867"}],"version-history":[{"count":0,"href":"https:\/\/www.radiopiu.net\/wordpress\/wp-json\/wp\/v2\/posts\/178867\/revisions"}],"wp:featuredmedia":[{"embeddable":true,"href":"https:\/\/www.radiopiu.net\/wordpress\/wp-json\/wp\/v2\/media\/178875"}],"wp:attachment":[{"href":"https:\/\/www.radiopiu.net\/wordpress\/wp-json\/wp\/v2\/media?parent=178867"}],"wp:term":[{"taxonomy":"category","embeddable":true,"href":"https:\/\/www.radiopiu.net\/wordpress\/wp-json\/wp\/v2\/categories?post=178867"},{"taxonomy":"post_tag","embeddable":true,"href":"https:\/\/www.radiopiu.net\/wordpress\/wp-json\/wp\/v2\/tags?post=178867"}],"curies":[{"name":"wp","href":"https:\/\/api.w.org\/{rel}","templated":true}]}}