{"id":178931,"date":"2020-12-12T05:14:57","date_gmt":"2020-12-12T04:14:57","guid":{"rendered":"https:\/\/www.radiopiu.net\/wordpress\/?p=178931"},"modified":"2020-12-12T06:28:17","modified_gmt":"2020-12-12T05:28:17","slug":"dalla-proposta-al-progetto-contro-lo-spopolamento-un-polo-per-lo-studio","status":"publish","type":"post","link":"https:\/\/www.radiopiu.net\/wordpress\/dalla-proposta-al-progetto-contro-lo-spopolamento-un-polo-per-lo-studio\/","title":{"rendered":"DALLA PROPOSTA AL PROGETTO. CONTRO LO SPOPOLAMENTO UN POLO PER LO STUDIO"},"content":{"rendered":"<p><em><span style=\"font-family: Times New Roman, serif;\"><span style=\"font-size: medium;\">La missione di Belluno Alpina \u00e8 quella di riportare l&#8217;attenzione sulle Prealpi, cercando di avvicinare i giovani all&#8217;ambiente, alla natura, alle opportunit\u00e0 che questi offrono anche sotto l&#8217;aspetto lavorativo, come la gestione forestale e l&#8221;accoglienza turistica.<\/span><\/span><\/em><\/p>\n<p><strong>DI DAMIANO TORMEN<\/strong><\/p>\n<audio class=\"wp-audio-shortcode\" id=\"audio-178931-1\" preload=\"none\" style=\"width: 100%;\" controls=\"controls\"><source type=\"audio\/mpeg\" src=\"https:\/\/www.radiopiu.net\/wordpress\/wp-content\/uploads\/2020\/12\/DAMIANO.mp3?_=1\" \/><a href=\"https:\/\/www.radiopiu.net\/wordpress\/wp-content\/uploads\/2020\/12\/DAMIANO.mp3\">https:\/\/www.radiopiu.net\/wordpress\/wp-content\/uploads\/2020\/12\/DAMIANO.mp3<\/a><\/audio>\n<p>&nbsp;<\/p>\n<p><span style=\"color: #0000ff;\">IL PRESIDENTE DI BELLUNO ALPINA GIMMY DAL FARRA<\/span><\/p>\n<p><em>\u201c<span style=\"font-family: 'Times New Roman', serif;\"><span style=\"font-size: medium;\">I danni causati dal maltempo in questi giorni, pensiamo solo ad esempio alle tre frane che si sono mosse a Piandelmonte, rischiano di incentivare l&#8217;abbandono della montagna\u201d, spiega il presidente Gimmy Dal Farra. \u201cPer questo, \u00e8 necessario avere in montagna uno spazio di studio delle popolazioni montane e delle politiche antispopolamento, che non possono essere disgiunte da una continua e attenta manutenzione del territorio. <span style=\"font-family: Times New Roman, serif;\">Belluno Alpina accoglie con soddisfazione la parole di questi giorni del Presidente della Provincia Padrin e del consigliere Bortoluzzi: \u201cPer\u00f2 alle parole devono seguire i fatti: bisogna dare occasioni alla gente di restare in montagna e curare il territorio.<\/span><\/span><\/span><\/em><span style=\"font-family: Times New Roman, serif;\"><span style=\"font-size: medium;\"><em> Perr noi \u00e8 fondamentale che una realt\u00e0 come il Consorzio Forestale abbia sede, punto logistico e di ritrovo direttamente \u201cnel bosco\u201d e non in citt\u00e0, cos\u00ec da avvicinare l&#8217;istituzione al territorio e far crescere nei residenti la consapevolezza delle potenzialit\u00e0 e peculiarit\u00e0 del posto&#8221;<\/em><\/span><\/span><\/p>\n\n\t\t\t<style type='text\/css'>\n\t\t\t\t#gallery-1 {\n\t\t\t\t\tmargin: auto;\n\t\t\t\t}\n\t\t\t\t#gallery-1 .gallery-item {\n\t\t\t\t\tfloat: left;\n\t\t\t\t\tmargin-top: 10px;\n\t\t\t\t\ttext-align: center;\n\t\t\t\t\twidth: 25%;\n\t\t\t\t}\n\t\t\t\t#gallery-1 img {\n\t\t\t\t\tborder: 2px solid #cfcfcf;\n\t\t\t\t}\n\t\t\t\t#gallery-1 .gallery-caption {\n\t\t\t\t\tmargin-left: 0;\n\t\t\t\t}\n\t\t\t\t\/* see gallery_shortcode() in wp-includes\/media.php *\/\n\t\t\t<\/style>\n\t\t<div id='gallery-1' class='dt-gallery-container gallery galleryid-178931 gallery-columns-4 gallery-size-thumbnail'><dl class='gallery-item'>\n\t\t\t\t<dt class='gallery-icon landscape'>\n\t\t\t\t\t<a class=\"rollover rollover-zoom dt-pswp-item\" title=\"a4227934-98d3-421b-aa2a-b4cc00b4c35d\" data-dt-img-description=\"\" data-large_image_width=\"1600\" data-large_image_height=\"900\"href='https:\/\/www.radiopiu.net\/wordpress\/wp-content\/uploads\/2020\/12\/a4227934-98d3-421b-aa2a-b4cc00b4c35d.jpg'><img loading=\"lazy\" decoding=\"async\" width=\"150\" height=\"150\" src=\"https:\/\/www.radiopiu.net\/wordpress\/wp-content\/uploads\/2020\/12\/a4227934-98d3-421b-aa2a-b4cc00b4c35d-150x150.jpg\" class=\"attachment-thumbnail size-thumbnail\" alt=\"\" \/><\/a>\n\t\t\t\t<\/dt><\/dl><dl class='gallery-item'>\n\t\t\t\t<dt class='gallery-icon landscape'>\n\t\t\t\t\t<a class=\"rollover rollover-zoom dt-pswp-item\" title=\"bac2314f-4951-482e-bdad-262c9c05390e\" data-dt-img-description=\"\" data-large_image_width=\"1600\" data-large_image_height=\"900\"href='https:\/\/www.radiopiu.net\/wordpress\/wp-content\/uploads\/2020\/12\/bac2314f-4951-482e-bdad-262c9c05390e.jpg'><img loading=\"lazy\" decoding=\"async\" width=\"150\" height=\"150\" src=\"https:\/\/www.radiopiu.net\/wordpress\/wp-content\/uploads\/2020\/12\/bac2314f-4951-482e-bdad-262c9c05390e-150x150.jpg\" class=\"attachment-thumbnail size-thumbnail\" alt=\"\" \/><\/a>\n\t\t\t\t<\/dt><\/dl><dl class='gallery-item'>\n\t\t\t\t<dt class='gallery-icon landscape'>\n\t\t\t\t\t<a class=\"rollover rollover-zoom dt-pswp-item\" title=\"9949b974-1f8a-47be-839e-861203ffc97e\" data-dt-img-description=\"\" data-large_image_width=\"1600\" data-large_image_height=\"900\"href='https:\/\/www.radiopiu.net\/wordpress\/wp-content\/uploads\/2020\/12\/9949b974-1f8a-47be-839e-861203ffc97e.jpg'><img loading=\"lazy\" decoding=\"async\" width=\"150\" height=\"150\" src=\"https:\/\/www.radiopiu.net\/wordpress\/wp-content\/uploads\/2020\/12\/9949b974-1f8a-47be-839e-861203ffc97e-150x150.jpg\" class=\"attachment-thumbnail size-thumbnail\" alt=\"\" \/><\/a>\n\t\t\t\t<\/dt><\/dl><dl class='gallery-item'>\n\t\t\t\t<dt class='gallery-icon landscape'>\n\t\t\t\t\t<a class=\"rollover rollover-zoom dt-pswp-item\" title=\"0e363c1b-4004-4841-96da-d711349380af\" data-dt-img-description=\"\" data-large_image_width=\"1416\" data-large_image_height=\"1062\"href='https:\/\/www.radiopiu.net\/wordpress\/wp-content\/uploads\/2020\/12\/0e363c1b-4004-4841-96da-d711349380af.jpg'><img loading=\"lazy\" decoding=\"async\" width=\"150\" height=\"150\" src=\"https:\/\/www.radiopiu.net\/wordpress\/wp-content\/uploads\/2020\/12\/0e363c1b-4004-4841-96da-d711349380af-150x150.jpg\" class=\"attachment-thumbnail size-thumbnail\" alt=\"\" \/><\/a>\n\t\t\t\t<\/dt><\/dl><br style=\"clear: both\" \/><dl class='gallery-item'>\n\t\t\t\t<dt class='gallery-icon landscape'>\n\t\t\t\t\t<a class=\"rollover rollover-zoom dt-pswp-item\" title=\"719e6f37-99fe-4207-b6fd-01872ca33dc1\" data-dt-img-description=\"\" data-large_image_width=\"1600\" data-large_image_height=\"900\"href='https:\/\/www.radiopiu.net\/wordpress\/wp-content\/uploads\/2020\/12\/719e6f37-99fe-4207-b6fd-01872ca33dc1.jpg'><img loading=\"lazy\" decoding=\"async\" width=\"150\" height=\"150\" src=\"https:\/\/www.radiopiu.net\/wordpress\/wp-content\/uploads\/2020\/12\/719e6f37-99fe-4207-b6fd-01872ca33dc1-150x150.jpg\" class=\"attachment-thumbnail size-thumbnail\" alt=\"\" \/><\/a>\n\t\t\t\t<\/dt><\/dl><dl class='gallery-item'>\n\t\t\t\t<dt class='gallery-icon landscape'>\n\t\t\t\t\t<a class=\"rollover rollover-zoom dt-pswp-item\" title=\"f42f102a-e75e-46d7-8667-634c16752d3b\" data-dt-img-description=\"\" data-large_image_width=\"1600\" data-large_image_height=\"900\"href='https:\/\/www.radiopiu.net\/wordpress\/wp-content\/uploads\/2020\/12\/f42f102a-e75e-46d7-8667-634c16752d3b.jpg'><img loading=\"lazy\" decoding=\"async\" width=\"150\" height=\"150\" src=\"https:\/\/www.radiopiu.net\/wordpress\/wp-content\/uploads\/2020\/12\/f42f102a-e75e-46d7-8667-634c16752d3b-150x150.jpg\" class=\"attachment-thumbnail size-thumbnail\" alt=\"\" \/><\/a>\n\t\t\t\t<\/dt><\/dl><dl class='gallery-item'>\n\t\t\t\t<dt class='gallery-icon landscape'>\n\t\t\t\t\t<a class=\"rollover rollover-zoom dt-pswp-item\" title=\"d7417a5e-360a-4d0f-9d79-902d36823c9f\" data-dt-img-description=\"\" data-large_image_width=\"1600\" data-large_image_height=\"900\"href='https:\/\/www.radiopiu.net\/wordpress\/wp-content\/uploads\/2020\/12\/d7417a5e-360a-4d0f-9d79-902d36823c9f.jpg'><img loading=\"lazy\" decoding=\"async\" width=\"150\" height=\"150\" src=\"https:\/\/www.radiopiu.net\/wordpress\/wp-content\/uploads\/2020\/12\/d7417a5e-360a-4d0f-9d79-902d36823c9f-150x150.jpg\" class=\"attachment-thumbnail size-thumbnail\" alt=\"\" \/><\/a>\n\t\t\t\t<\/dt><\/dl><dl class='gallery-item'>\n\t\t\t\t<dt class='gallery-icon landscape'>\n\t\t\t\t\t<a class=\"rollover rollover-zoom dt-pswp-item\" title=\"a86b228e-9ec6-4b4c-9e14-79365d643f10\" data-dt-img-description=\"\" data-large_image_width=\"1600\" data-large_image_height=\"900\"href='https:\/\/www.radiopiu.net\/wordpress\/wp-content\/uploads\/2020\/12\/a86b228e-9ec6-4b4c-9e14-79365d643f10.jpg'><img loading=\"lazy\" decoding=\"async\" width=\"150\" height=\"150\" src=\"https:\/\/www.radiopiu.net\/wordpress\/wp-content\/uploads\/2020\/12\/a86b228e-9ec6-4b4c-9e14-79365d643f10-150x150.jpg\" class=\"attachment-thumbnail size-thumbnail\" alt=\"\" \/><\/a>\n\t\t\t\t<\/dt><\/dl><br style=\"clear: both\" \/>\n\t\t\t<\/div>\n\n<p>&nbsp;<\/p>\n","protected":false},"excerpt":{"rendered":"<p>La missione di Belluno Alpina \u00e8 quella di riportare l&#8217;attenzione sulle Prealpi, cercando di avvicinare i giovani all&#8217;ambiente, alla natura, alle opportunit\u00e0 che questi offrono anche sotto l&#8217;aspetto lavorativo, come la gestione forestale e l&#8221;accoglienza turistica. DI DAMIANO TORMEN &nbsp; IL PRESIDENTE DI BELLUNO ALPINA GIMMY DAL FARRA \u201cI danni causati dal maltempo in questi&hellip;<\/p>\n","protected":false},"author":4,"featured_media":178938,"comment_status":"closed","ping_status":"closed","sticky":false,"template":"","format":"standard","meta":{"_monsterinsights_skip_tracking":false,"_monsterinsights_sitenote_active":false,"_monsterinsights_sitenote_note":"","_monsterinsights_sitenote_category":0,"footnotes":""},"categories":[104,49],"tags":[],"class_list":["post-178931","post","type-post","status-publish","format-standard","has-post-thumbnail","hentry","category-evidenza_3","category-news-18","category-104","category-49","description-off"],"img_url":"https:\/\/www.radiopiu.net\/wordpress\/wp-content\/uploads\/2020\/12\/9949b974-1f8a-47be-839e-861203ffc97e.jpg","_links":{"self":[{"href":"https:\/\/www.radiopiu.net\/wordpress\/wp-json\/wp\/v2\/posts\/178931","targetHints":{"allow":["GET"]}}],"collection":[{"href":"https:\/\/www.radiopiu.net\/wordpress\/wp-json\/wp\/v2\/posts"}],"about":[{"href":"https:\/\/www.radiopiu.net\/wordpress\/wp-json\/wp\/v2\/types\/post"}],"author":[{"embeddable":true,"href":"https:\/\/www.radiopiu.net\/wordpress\/wp-json\/wp\/v2\/users\/4"}],"replies":[{"embeddable":true,"href":"https:\/\/www.radiopiu.net\/wordpress\/wp-json\/wp\/v2\/comments?post=178931"}],"version-history":[{"count":0,"href":"https:\/\/www.radiopiu.net\/wordpress\/wp-json\/wp\/v2\/posts\/178931\/revisions"}],"wp:featuredmedia":[{"embeddable":true,"href":"https:\/\/www.radiopiu.net\/wordpress\/wp-json\/wp\/v2\/media\/178938"}],"wp:attachment":[{"href":"https:\/\/www.radiopiu.net\/wordpress\/wp-json\/wp\/v2\/media?parent=178931"}],"wp:term":[{"taxonomy":"category","embeddable":true,"href":"https:\/\/www.radiopiu.net\/wordpress\/wp-json\/wp\/v2\/categories?post=178931"},{"taxonomy":"post_tag","embeddable":true,"href":"https:\/\/www.radiopiu.net\/wordpress\/wp-json\/wp\/v2\/tags?post=178931"}],"curies":[{"name":"wp","href":"https:\/\/api.w.org\/{rel}","templated":true}]}}