{"id":179018,"date":"2020-12-12T13:25:06","date_gmt":"2020-12-12T12:25:06","guid":{"rendered":"https:\/\/www.radiopiu.net\/wordpress\/?p=179018"},"modified":"2020-12-13T07:43:53","modified_gmt":"2020-12-13T06:43:53","slug":"dolomitibus-attivato-il-servizio-provvisorio-per-la-tratta-belluno-pecol","status":"publish","type":"post","link":"https:\/\/www.radiopiu.net\/wordpress\/dolomitibus-attivato-il-servizio-provvisorio-per-la-tratta-belluno-pecol\/","title":{"rendered":"DOLOMITIBUS: ATTIVATO IL SERVIZIO PROVVISORIO PER LA TRATTA BELLUNO &#8211; PECOL"},"content":{"rendered":"<p><strong>BELLUNO <\/strong>Vista la chiusura per frana della Sp 251 della Val di Zoldo e la conseguente interruzione della transitabilit\u00e0, la Provincia ha approvato l\u2019attivazione di un servizio provvisorio Dolomitibus sulla linea 25 Belluno-Pecol, nelle localit\u00e0 rimaste fuori dalla frana tra Soffranco e Fagar\u00e8.\u00a0Le corse della tratta provvisoria Igne-Belluno partiranno luned\u00ec 14 dicembre e resteranno attive finch\u00e9 sar\u00e0 necessario, vale a dire fino alla riapertura al transito della strada provinciale.<\/p>\n<a href=\"https:\/\/www.radiopiu.net\/wordpress\/wp-content\/uploads\/2020\/12\/allegato-a-determina.pdf\" class=\"pdfemb-viewer\" style=\"\" data-width=\"max\" data-height=\"max\" data-toolbar=\"top\" data-toolbar-fixed=\"on\">allegato a determina<\/a>\n","protected":false},"excerpt":{"rendered":"<p>BELLUNO Vista la chiusura per frana della Sp 251 della Val di Zoldo e la conseguente interruzione della transitabilit\u00e0, la Provincia ha approvato l\u2019attivazione di un servizio provvisorio Dolomitibus sulla linea 25 Belluno-Pecol, nelle localit\u00e0 rimaste fuori dalla frana tra Soffranco e Fagar\u00e8.\u00a0Le corse della tratta provvisoria Igne-Belluno partiranno luned\u00ec 14 dicembre e resteranno attive&hellip;<\/p>\n","protected":false},"author":4,"featured_media":145520,"comment_status":"closed","ping_status":"closed","sticky":false,"template":"","format":"standard","meta":{"_monsterinsights_skip_tracking":false,"_monsterinsights_sitenote_active":false,"_monsterinsights_sitenote_note":"","_monsterinsights_sitenote_category":0,"footnotes":""},"categories":[51,104,49],"tags":[],"class_list":["post-179018","post","type-post","status-publish","format-standard","has-post-thumbnail","hentry","category-evidenza-top","category-evidenza_3","category-news-18","category-51","category-104","category-49","description-off"],"img_url":"https:\/\/www.radiopiu.net\/wordpress\/wp-content\/uploads\/2020\/06\/80c303ed-9a2e-49f0-8b20-3dd5e061bbf3.jpg","_links":{"self":[{"href":"https:\/\/www.radiopiu.net\/wordpress\/wp-json\/wp\/v2\/posts\/179018","targetHints":{"allow":["GET"]}}],"collection":[{"href":"https:\/\/www.radiopiu.net\/wordpress\/wp-json\/wp\/v2\/posts"}],"about":[{"href":"https:\/\/www.radiopiu.net\/wordpress\/wp-json\/wp\/v2\/types\/post"}],"author":[{"embeddable":true,"href":"https:\/\/www.radiopiu.net\/wordpress\/wp-json\/wp\/v2\/users\/4"}],"replies":[{"embeddable":true,"href":"https:\/\/www.radiopiu.net\/wordpress\/wp-json\/wp\/v2\/comments?post=179018"}],"version-history":[{"count":0,"href":"https:\/\/www.radiopiu.net\/wordpress\/wp-json\/wp\/v2\/posts\/179018\/revisions"}],"wp:featuredmedia":[{"embeddable":true,"href":"https:\/\/www.radiopiu.net\/wordpress\/wp-json\/wp\/v2\/media\/145520"}],"wp:attachment":[{"href":"https:\/\/www.radiopiu.net\/wordpress\/wp-json\/wp\/v2\/media?parent=179018"}],"wp:term":[{"taxonomy":"category","embeddable":true,"href":"https:\/\/www.radiopiu.net\/wordpress\/wp-json\/wp\/v2\/categories?post=179018"},{"taxonomy":"post_tag","embeddable":true,"href":"https:\/\/www.radiopiu.net\/wordpress\/wp-json\/wp\/v2\/tags?post=179018"}],"curies":[{"name":"wp","href":"https:\/\/api.w.org\/{rel}","templated":true}]}}